{"id":11710,"date":"2025-12-05T21:18:04","date_gmt":"2025-12-05T20:18:04","guid":{"rendered":"https:\/\/vieassociative.be\/actualites\/coupe-du-monde-la-belgique-contre-liran-legypte-et-la-nouvelle-zelande\/"},"modified":"2025-12-05T21:18:04","modified_gmt":"2025-12-05T20:18:04","slug":"coupe-du-monde-la-belgique-contre-liran-legypte-et-la-nouvelle-zelande","status":"publish","type":"post","link":"https:\/\/vieassociative.be\/actualites\/coupe-du-monde-la-belgique-contre-liran-legypte-et-la-nouvelle-zelande\/","title":{"rendered":"Coupe du monde : la Belgique contre l&rsquo;Iran, l&rsquo;Egypte et la Nouvelle-Z\u00e9lande"},"content":{"rendered":"<p><strong>L&rsquo;\u00e9quipe nationale belge de football a eu de la chance lors du tirage au sort des matches de groupe de la Coupe du monde 2026 aux \u00c9tats-Unis, au Mexique et au Canada. Les Diables Rouges \u00e9taient confront\u00e9s \u00e0 des adversaires viables : l&rsquo;Iran, l&rsquo;\u00c9gypte et la Nouvelle-Z\u00e9lande.<\/strong><\/p>\n<p><span id=\"more-431116\"><\/span>Apr\u00e8s une longue c\u00e9r\u00e9monie au cours de laquelle le pr\u00e9sident am\u00e9ricain Donald Trump a notamment re\u00e7u le \u00ab Prix de la paix \u00bb, le r\u00e9sultat du tirage au sort de la Coupe du monde 2026 \u00e9tait clair. Les Diables Rouges auraient de la chance : la Belgique, qui faisait partie des t\u00eates de s\u00e9rie du pot 1, affrontera l&rsquo;Iran (pot 2), l&rsquo;Egypte (pot 3) et la Nouvelle-Z\u00e9lande (pot 4).<\/p>\n<p>Tous les matchs se d\u00e9roulent dans le groupe G, ce qui signifie que les Red Devils joueront probablement \u00e0 Los Angeles, Vancouver et Seattle les 15, 21 et 26 juin. Le calendrier d\u00e9finitif et les stades o\u00f9 se joueront les matchs ne seront annonc\u00e9s que samedi \u00e0 18 heures.<\/p>\n<div id=\"attachment_431120\" class=\"wp-caption alignleft\" style=\"max-width: 300px\"><img fetchpriority=\"high\" decoding=\"async\" class=\"wp-image-431120 size-medium\" src=\"https:\/\/vieassociative.be\/actualites\/wp-content\/uploads\/2025\/12\/Coupe-du-monde-la-Belgique-contre-lIran-lEgypte-et.jpg\" alt=\"\" width=\"300\" height=\"200\"><\/div>\n<p>Dans les autres groupes, \u00e0 noter que la France affrontera la Norv\u00e8ge, le S\u00e9n\u00e9gal et un participant aux barrages intercontinentaux. Le Br\u00e9sil, l&rsquo;\u00c9cosse et le Maroc rencontrent Ha\u00efti dans le groupe C. L&rsquo;Argentine, championne en titre, affrontera quant \u00e0 elle l&rsquo;Alg\u00e9rie, l&rsquo;Autriche et la Jordanie. L&rsquo;Allemagne jouera au tour pr\u00e9liminaire contre l&rsquo;\u00c9quateur, la C\u00f4te d&rsquo;Ivoire et le nouveau Cura\u00e7ao. <\/p>\n<p>Le match d&rsquo;ouverture sera disput\u00e9 par le Mexique et l&rsquo;Afrique du Sud sous la direction de l&rsquo;entra\u00eeneur belge Hugo Broos, qui a termin\u00e9 quatri\u00e8me en tant que joueur avec les Diables Rouges lors de la Coupe du Monde 1986 au Mexique.<\/p>\n<p>Comme les Diables Rouges joueront certainement sur la c\u00f4te Ouest, ils pourront g\u00e9n\u00e9ralement \u00e9viter la chaleur intense et les longs d\u00e9placements en terminant premiers de leur groupe, puisqu&rsquo;ils disputeront ensuite les huiti\u00e8mes de finale (contre un groupe class\u00e9 troisi\u00e8me) et les quarts de finale \u00e0 Seattle. Cela leur permettrait de maintenir leur camp de base pendant cinq matchs.<\/p>\n<p>C\u2019est cependant une moins bonne nouvelle pour les fans. D&rsquo;une part, pour ceux qui veulent y \u00eatre : les vols seront plus longs et plus chers. Mais aussi pour ceux qui se contentent de regarder la t\u00e9l\u00e9, car les horaires des \u00e9missions peuvent \u00eatre assez tardifs. Mais nous ne le saurons exactement que samedi. (cr\u00e9er)<\/p>\n<\/p>\n<h3>Tous les groupes en un coup d&rsquo;\u0153il<\/h3>\n<p>Groupe A au Mexique\/USA :<br \/>\n1. Mexique<br \/>\n2. Afrique du Sud<br \/>\n3. Cor\u00e9e du Sud<br \/>\n4. *Europe 4<\/p>\n<p>Stades\u00a0: Guadalajara, Mexico, Monterrey, Atlanta<\/p>\n<p>Groupe B aux USA\/Canada :<br \/>\n1. Canada<br \/>\n2. *Europe 1<br \/>\n3. Qatar<br \/>\n4. Suisse<\/p>\n<p>Stades\u00a0: Toronto, r\u00e9gion de la baie de San Francisco, BC Place Vancouver, Seattle, Los Angeles<\/p>\n<p>Groupe C aux USA :<br \/>\n1. Br\u00e9sil<br \/>\n2. Maroc<br \/>\n3. Ha\u00efti<br \/>\n4. Ecosse<\/p>\n<p>Stades\u00a0: Boston, New York-New Jersey, Philadelphie, Atlanta, Miami<\/p>\n<p>Groupe D aux USA\/Canada :<br \/>\n1. \u00c9tats-Unis<br \/>\n2. Paraguay<br \/>\n3. Australie<br \/>\n4. *Europe 3<\/p>\n<p>Stades\u00a0: Los Angeles, BC Place Vancouver, r\u00e9gion de la baie de San Francisco, Seattle<\/p>\n<p>Groupe E aux USA\/Canada :<br \/>\n1. Allemagne<br \/>\n2. Cura\u00e7ao<br \/>\n3. C\u00f4te d&rsquo;Ivoire<br \/>\n4.\u00c9quateur<\/p>\n<p>Stades\u00a0: Houston, Philadelphie, Kansas City, Toronto, New York-New Jersey<\/p>\n<p>Groupe F au Mexique\/USA :<br \/>\n1. Pays-Bas<br \/>\n2.Japon<br \/>\n3. *Europe 2<br \/>\n4. Tunisie<\/p>\n<p>Stades : Monterrey, Dallas, Houston, Kansas City<\/p>\n<p>Groupe G aux USA\/Canada :<br \/>\n1. Belgique<br \/>\n2. \u00c9gypte<br \/>\n3.Iran<br \/>\n4. Nouvelle-Z\u00e9lande<\/p>\n<p>Stades\u00a0: Seattle, Los Angeles, BC Place Vancouver<\/p>\n<p>Groupe H au Mexique\/USA :<br \/>\n1. Espagne<br \/>\n2. Cap-Vert<br \/>\n3. Arabie Saoudite<br \/>\n4. Uruguay<\/p>\n<p>Stades : Atlanta, Miami, Guadalajara, Houston<\/p>\n<p>Groupe I aux USA\/Canada :<br \/>\n1.France<br \/>\n2. S\u00e9n\u00e9gal<br \/>\n3. *Monde 2<br \/>\n4. Norv\u00e8ge<\/p>\n<p>Stades\u00a0: Boston, New York-New Jersey, Toronto, Philadelphie<\/p>\n<p>Groupe J aux USA :<br \/>\n1. Argentine<br \/>\n2. Alg\u00e9rie<br \/>\n3. Autriche<br \/>\n4. Jordanie<\/p>\n<p>Stades\u00a0: R\u00e9gion de la baie de San Francisco, Kansas City, Dallas<\/p>\n<p>Groupe K au Mexique\/USA :<br \/>\n1.Portugal<br \/>\n2. *Monde 1<br \/>\n3. Ouzb\u00e9kistan<br \/>\n4. Colombie<\/p>\n<p>Stades : Mexico, Houston, Guadalajara, Atlanta, Miami<\/p>\n<p>Groupe L aux USA\/Canada :<br \/>\n1.Angleterre<br \/>\n2. Croatie<br \/>\n3. Ghana<br \/>\n4. Panam\u00e1<\/p>\n<p>Stades : Dallas, Toronto, Boston, New York-New Jersey, Philadelphie<\/p>\n<p>*<br \/>\nEurope 1 : Italie, Irlande du Nord, Pays de Galles, Bosnie-Herz\u00e9govine<br \/>\nEurope 2 : Ukraine, Su\u00e8de, Pologne, Albanie<br \/>\nEurope 3 : Turquie, Roumanie, Slovaquie, Kosovo<br \/>\nEurope 4 : Danemark, Mac\u00e9doine du Nord, R\u00e9publique tch\u00e8que, Irlande<br \/>\nMonde 1 : Nouvelle-Cal\u00e9donie, Jama\u00efque, R\u00e9publique D\u00e9mocratique du Congo<br \/>\nMonde 2 : Bolivie, Suriname, Irak<\/p>\n","protected":false},"excerpt":{"rendered":"<p>L&rsquo;\u00e9quipe nationale belge de football a eu de la chance lors du tirage au sort des matches de groupe de la Coupe du monde 2026<\/p>\n","protected":false},"author":1,"featured_media":11711,"comment_status":"","ping_status":"","sticky":false,"template":"","format":"standard","meta":{"footnotes":""},"categories":[298],"tags":[383,796,2472,9465,7426,237,9466],"class_list":["post-11710","post","type-post","status-publish","format-standard","has-post-thumbnail","hentry","category-belgique","tag-belgique","tag-contre","tag-coupe","tag-legypte","tag-liran","tag-monde","tag-nouvellezelande","generate-columns","tablet-grid-50","mobile-grid-100","grid-parent","grid-33"],"yoast_head":"<!-- This site is optimized with the Yoast SEO plugin v24.0 - https:\/\/yoast.com\/wordpress\/plugins\/seo\/ -->\n<title>Coupe du monde : la Belgique contre l&#039;Iran, l&#039;Egypte et la Nouvelle-Z\u00e9lande | Vie Associative<\/title>\n<meta name=\"robots\" content=\"index, follow, max-snippet:-1, max-image-preview:large, max-video-preview:-1\" \/>\n<link rel=\"canonical\" href=\"https:\/\/vieassociative.be\/actualites\/coupe-du-monde-la-belgique-contre-liran-legypte-et-la-nouvelle-zelande\/\" \/>\n<meta property=\"og:locale\" content=\"fr_FR\" \/>\n<meta property=\"og:type\" content=\"article\" \/>\n<meta property=\"og:title\" content=\"Coupe du monde : la Belgique contre l&#039;Iran, l&#039;Egypte et la Nouvelle-Z\u00e9lande | Vie Associative\" \/>\n<meta property=\"og:description\" content=\"L&rsquo;\u00e9quipe nationale belge de football a eu de la chance lors du tirage au sort des matches de groupe de la Coupe du monde 2026\" \/>\n<meta property=\"og:url\" content=\"https:\/\/vieassociative.be\/actualites\/coupe-du-monde-la-belgique-contre-liran-legypte-et-la-nouvelle-zelande\/\" \/>\n<meta property=\"og:site_name\" content=\"Vie Associative\" \/>\n<meta property=\"article:published_time\" content=\"2025-12-05T20:18:04+00:00\" \/>\n<meta property=\"og:image\" content=\"https:\/\/vieassociative.be\/actualites\/wp-content\/uploads\/2024\/09\/header_backgroundk-01-e1726694325946.png\" \/>\n\t<meta property=\"og:image:width\" content=\"279\" \/>\n\t<meta property=\"og:image:height\" content=\"92\" \/>\n\t<meta property=\"og:image:type\" content=\"image\/png\" \/>\n<meta name=\"author\" content=\"Julien\" \/>\n<meta name=\"twitter:card\" content=\"summary_large_image\" \/>\n<meta name=\"twitter:label1\" content=\"\u00c9crit par\" \/>\n\t<meta name=\"twitter:data1\" content=\"Julien\" \/>\n\t<meta name=\"twitter:label2\" content=\"Dur\u00e9e de lecture est.\" \/>\n\t<meta name=\"twitter:data2\" content=\"3 minutes\" \/>\n<script type=\"application\/ld+json\" class=\"yoast-schema-graph\">{\"@context\":\"https:\/\/schema.org\",\"@graph\":[{\"@type\":\"Article\",\"@id\":\"https:\/\/vieassociative.be\/actualites\/coupe-du-monde-la-belgique-contre-liran-legypte-et-la-nouvelle-zelande\/#article\",\"isPartOf\":{\"@id\":\"https:\/\/vieassociative.be\/actualites\/coupe-du-monde-la-belgique-contre-liran-legypte-et-la-nouvelle-zelande\/\"},\"author\":{\"name\":\"Julien\",\"@id\":\"https:\/\/vieassociative.be\/actualites\/#\/schema\/person\/b87ac4f82f9d4e7b7cec7395b679edc4\"},\"headline\":\"Coupe du monde : la Belgique contre l&rsquo;Iran, l&rsquo;Egypte et la Nouvelle-Z\u00e9lande\",\"datePublished\":\"2025-12-05T20:18:04+00:00\",\"dateModified\":\"2025-12-05T20:18:04+00:00\",\"mainEntityOfPage\":{\"@id\":\"https:\/\/vieassociative.be\/actualites\/coupe-du-monde-la-belgique-contre-liran-legypte-et-la-nouvelle-zelande\/\"},\"wordCount\":705,\"publisher\":{\"@id\":\"https:\/\/vieassociative.be\/actualites\/#organization\"},\"image\":{\"@id\":\"https:\/\/vieassociative.be\/actualites\/coupe-du-monde-la-belgique-contre-liran-legypte-et-la-nouvelle-zelande\/#primaryimage\"},\"thumbnailUrl\":\"https:\/\/vieassociative.be\/actualites\/wp-content\/uploads\/2025\/12\/1764965885_Coupe-du-monde-la-Belgique-contre-lIran-lEgypte-et.jpg\",\"keywords\":[\"Belgique\",\"contre\",\"Coupe\",\"lEgypte\",\"lIran\",\"monde\",\"NouvelleZ\u00e9lande\"],\"articleSection\":[\"Belgique\"],\"inLanguage\":\"fr-BE\"},{\"@type\":\"WebPage\",\"@id\":\"https:\/\/vieassociative.be\/actualites\/coupe-du-monde-la-belgique-contre-liran-legypte-et-la-nouvelle-zelande\/\",\"url\":\"https:\/\/vieassociative.be\/actualites\/coupe-du-monde-la-belgique-contre-liran-legypte-et-la-nouvelle-zelande\/\",\"name\":\"Coupe du monde : la Belgique contre l'Iran, l'Egypte et la Nouvelle-Z\u00e9lande | Vie Associative\",\"isPartOf\":{\"@id\":\"https:\/\/vieassociative.be\/actualites\/#website\"},\"primaryImageOfPage\":{\"@id\":\"https:\/\/vieassociative.be\/actualites\/coupe-du-monde-la-belgique-contre-liran-legypte-et-la-nouvelle-zelande\/#primaryimage\"},\"image\":{\"@id\":\"https:\/\/vieassociative.be\/actualites\/coupe-du-monde-la-belgique-contre-liran-legypte-et-la-nouvelle-zelande\/#primaryimage\"},\"thumbnailUrl\":\"https:\/\/vieassociative.be\/actualites\/wp-content\/uploads\/2025\/12\/1764965885_Coupe-du-monde-la-Belgique-contre-lIran-lEgypte-et.jpg\",\"datePublished\":\"2025-12-05T20:18:04+00:00\",\"dateModified\":\"2025-12-05T20:18:04+00:00\",\"breadcrumb\":{\"@id\":\"https:\/\/vieassociative.be\/actualites\/coupe-du-monde-la-belgique-contre-liran-legypte-et-la-nouvelle-zelande\/#breadcrumb\"},\"inLanguage\":\"fr-BE\",\"potentialAction\":[{\"@type\":\"ReadAction\",\"target\":[\"https:\/\/vieassociative.be\/actualites\/coupe-du-monde-la-belgique-contre-liran-legypte-et-la-nouvelle-zelande\/\"]}]},{\"@type\":\"ImageObject\",\"inLanguage\":\"fr-BE\",\"@id\":\"https:\/\/vieassociative.be\/actualites\/coupe-du-monde-la-belgique-contre-liran-legypte-et-la-nouvelle-zelande\/#primaryimage\",\"url\":\"https:\/\/vieassociative.be\/actualites\/wp-content\/uploads\/2025\/12\/1764965885_Coupe-du-monde-la-Belgique-contre-lIran-lEgypte-et.jpg\",\"contentUrl\":\"https:\/\/vieassociative.be\/actualites\/wp-content\/uploads\/2025\/12\/1764965885_Coupe-du-monde-la-Belgique-contre-lIran-lEgypte-et.jpg\",\"width\":1200,\"height\":800,\"caption\":\"Coupe du monde : la Belgique contre l'Iran, l'Egypte et la Nouvelle-Z\u00e9lande\"},{\"@type\":\"BreadcrumbList\",\"@id\":\"https:\/\/vieassociative.be\/actualites\/coupe-du-monde-la-belgique-contre-liran-legypte-et-la-nouvelle-zelande\/#breadcrumb\",\"itemListElement\":[{\"@type\":\"ListItem\",\"position\":1,\"name\":\"Accueil\",\"item\":\"https:\/\/vieassociative.be\/actualites\/\"},{\"@type\":\"ListItem\",\"position\":2,\"name\":\"Coupe du monde : la Belgique contre l&rsquo;Iran, l&rsquo;Egypte et la Nouvelle-Z\u00e9lande\"}]},{\"@type\":\"WebSite\",\"@id\":\"https:\/\/vieassociative.be\/actualites\/#website\",\"url\":\"https:\/\/vieassociative.be\/actualites\/\",\"name\":\"Vie Associative\",\"description\":\"\",\"publisher\":{\"@id\":\"https:\/\/vieassociative.be\/actualites\/#organization\"},\"potentialAction\":[{\"@type\":\"SearchAction\",\"target\":{\"@type\":\"EntryPoint\",\"urlTemplate\":\"https:\/\/vieassociative.be\/actualites\/?s={search_term_string}\"},\"query-input\":{\"@type\":\"PropertyValueSpecification\",\"valueRequired\":true,\"valueName\":\"search_term_string\"}}],\"inLanguage\":\"fr-BE\"},{\"@type\":\"Organization\",\"@id\":\"https:\/\/vieassociative.be\/actualites\/#organization\",\"name\":\"Vie Associative\",\"url\":\"https:\/\/vieassociative.be\/actualites\/\",\"logo\":{\"@type\":\"ImageObject\",\"inLanguage\":\"fr-BE\",\"@id\":\"https:\/\/vieassociative.be\/actualites\/#\/schema\/logo\/image\/\",\"url\":\"https:\/\/vieassociative.be\/actualites\/wp-content\/uploads\/2024\/09\/cropped-vieassociative_favicon.ico.png\",\"contentUrl\":\"https:\/\/vieassociative.be\/actualites\/wp-content\/uploads\/2024\/09\/cropped-vieassociative_favicon.ico.png\",\"width\":512,\"height\":512,\"caption\":\"Vie Associative\"},\"image\":{\"@id\":\"https:\/\/vieassociative.be\/actualites\/#\/schema\/logo\/image\/\"}},{\"@type\":\"Person\",\"@id\":\"https:\/\/vieassociative.be\/actualites\/#\/schema\/person\/b87ac4f82f9d4e7b7cec7395b679edc4\",\"name\":\"Julien\",\"image\":{\"@type\":\"ImageObject\",\"inLanguage\":\"fr-BE\",\"@id\":\"https:\/\/vieassociative.be\/actualites\/#\/schema\/person\/image\/\",\"url\":\"https:\/\/vieassociative.be\/actualites\/wp-content\/uploads\/2024\/09\/vie-associative-1-150x150.jpg\",\"contentUrl\":\"https:\/\/vieassociative.be\/actualites\/wp-content\/uploads\/2024\/09\/vie-associative-1-150x150.jpg\",\"caption\":\"Julien\"},\"description\":\"Je suis Julien, r\u00e9dacteur pour Vie Associative. Passionn\u00e9 par le monde associatif depuis plus de 10 ans, j'ai \u00e0 c\u0153ur de partager des histoires inspirantes et de mettre en lumi\u00e8re les initiatives locales. Mon objectif est de sensibiliser et d'encourager l'engagement communautaire \u00e0 travers mes articles.\",\"sameAs\":[\"https:\/\/vieassociative.be\/\"]}]}<\/script>\n<!-- \/ Yoast SEO plugin. -->","yoast_head_json":{"title":"Coupe du monde : la Belgique contre l'Iran, l'Egypte et la Nouvelle-Z\u00e9lande | Vie Associative","robots":{"index":"index","follow":"follow","max-snippet":"max-snippet:-1","max-image-preview":"max-image-preview:large","max-video-preview":"max-video-preview:-1"},"canonical":"https:\/\/vieassociative.be\/actualites\/coupe-du-monde-la-belgique-contre-liran-legypte-et-la-nouvelle-zelande\/","og_locale":"fr_FR","og_type":"article","og_title":"Coupe du monde : la Belgique contre l'Iran, l'Egypte et la Nouvelle-Z\u00e9lande | Vie Associative","og_description":"L&rsquo;\u00e9quipe nationale belge de football a eu de la chance lors du tirage au sort des matches de groupe de la Coupe du monde 2026","og_url":"https:\/\/vieassociative.be\/actualites\/coupe-du-monde-la-belgique-contre-liran-legypte-et-la-nouvelle-zelande\/","og_site_name":"Vie Associative","article_published_time":"2025-12-05T20:18:04+00:00","og_image":[{"width":279,"height":92,"url":"https:\/\/vieassociative.be\/actualites\/wp-content\/uploads\/2024\/09\/header_backgroundk-01-e1726694325946.png","type":"image\/png"}],"author":"Julien","twitter_card":"summary_large_image","twitter_misc":{"\u00c9crit par":"Julien","Dur\u00e9e de lecture est.":"3 minutes"},"schema":{"@context":"https:\/\/schema.org","@graph":[{"@type":"Article","@id":"https:\/\/vieassociative.be\/actualites\/coupe-du-monde-la-belgique-contre-liran-legypte-et-la-nouvelle-zelande\/#article","isPartOf":{"@id":"https:\/\/vieassociative.be\/actualites\/coupe-du-monde-la-belgique-contre-liran-legypte-et-la-nouvelle-zelande\/"},"author":{"name":"Julien","@id":"https:\/\/vieassociative.be\/actualites\/#\/schema\/person\/b87ac4f82f9d4e7b7cec7395b679edc4"},"headline":"Coupe du monde : la Belgique contre l&rsquo;Iran, l&rsquo;Egypte et la Nouvelle-Z\u00e9lande","datePublished":"2025-12-05T20:18:04+00:00","dateModified":"2025-12-05T20:18:04+00:00","mainEntityOfPage":{"@id":"https:\/\/vieassociative.be\/actualites\/coupe-du-monde-la-belgique-contre-liran-legypte-et-la-nouvelle-zelande\/"},"wordCount":705,"publisher":{"@id":"https:\/\/vieassociative.be\/actualites\/#organization"},"image":{"@id":"https:\/\/vieassociative.be\/actualites\/coupe-du-monde-la-belgique-contre-liran-legypte-et-la-nouvelle-zelande\/#primaryimage"},"thumbnailUrl":"https:\/\/vieassociative.be\/actualites\/wp-content\/uploads\/2025\/12\/1764965885_Coupe-du-monde-la-Belgique-contre-lIran-lEgypte-et.jpg","keywords":["Belgique","contre","Coupe","lEgypte","lIran","monde","NouvelleZ\u00e9lande"],"articleSection":["Belgique"],"inLanguage":"fr-BE"},{"@type":"WebPage","@id":"https:\/\/vieassociative.be\/actualites\/coupe-du-monde-la-belgique-contre-liran-legypte-et-la-nouvelle-zelande\/","url":"https:\/\/vieassociative.be\/actualites\/coupe-du-monde-la-belgique-contre-liran-legypte-et-la-nouvelle-zelande\/","name":"Coupe du monde : la Belgique contre l'Iran, l'Egypte et la Nouvelle-Z\u00e9lande | Vie Associative","isPartOf":{"@id":"https:\/\/vieassociative.be\/actualites\/#website"},"primaryImageOfPage":{"@id":"https:\/\/vieassociative.be\/actualites\/coupe-du-monde-la-belgique-contre-liran-legypte-et-la-nouvelle-zelande\/#primaryimage"},"image":{"@id":"https:\/\/vieassociative.be\/actualites\/coupe-du-monde-la-belgique-contre-liran-legypte-et-la-nouvelle-zelande\/#primaryimage"},"thumbnailUrl":"https:\/\/vieassociative.be\/actualites\/wp-content\/uploads\/2025\/12\/1764965885_Coupe-du-monde-la-Belgique-contre-lIran-lEgypte-et.jpg","datePublished":"2025-12-05T20:18:04+00:00","dateModified":"2025-12-05T20:18:04+00:00","breadcrumb":{"@id":"https:\/\/vieassociative.be\/actualites\/coupe-du-monde-la-belgique-contre-liran-legypte-et-la-nouvelle-zelande\/#breadcrumb"},"inLanguage":"fr-BE","potentialAction":[{"@type":"ReadAction","target":["https:\/\/vieassociative.be\/actualites\/coupe-du-monde-la-belgique-contre-liran-legypte-et-la-nouvelle-zelande\/"]}]},{"@type":"ImageObject","inLanguage":"fr-BE","@id":"https:\/\/vieassociative.be\/actualites\/coupe-du-monde-la-belgique-contre-liran-legypte-et-la-nouvelle-zelande\/#primaryimage","url":"https:\/\/vieassociative.be\/actualites\/wp-content\/uploads\/2025\/12\/1764965885_Coupe-du-monde-la-Belgique-contre-lIran-lEgypte-et.jpg","contentUrl":"https:\/\/vieassociative.be\/actualites\/wp-content\/uploads\/2025\/12\/1764965885_Coupe-du-monde-la-Belgique-contre-lIran-lEgypte-et.jpg","width":1200,"height":800,"caption":"Coupe du monde : la Belgique contre l'Iran, l'Egypte et la Nouvelle-Z\u00e9lande"},{"@type":"BreadcrumbList","@id":"https:\/\/vieassociative.be\/actualites\/coupe-du-monde-la-belgique-contre-liran-legypte-et-la-nouvelle-zelande\/#breadcrumb","itemListElement":[{"@type":"ListItem","position":1,"name":"Accueil","item":"https:\/\/vieassociative.be\/actualites\/"},{"@type":"ListItem","position":2,"name":"Coupe du monde : la Belgique contre l&rsquo;Iran, l&rsquo;Egypte et la Nouvelle-Z\u00e9lande"}]},{"@type":"WebSite","@id":"https:\/\/vieassociative.be\/actualites\/#website","url":"https:\/\/vieassociative.be\/actualites\/","name":"Vie Associative","description":"","publisher":{"@id":"https:\/\/vieassociative.be\/actualites\/#organization"},"potentialAction":[{"@type":"SearchAction","target":{"@type":"EntryPoint","urlTemplate":"https:\/\/vieassociative.be\/actualites\/?s={search_term_string}"},"query-input":{"@type":"PropertyValueSpecification","valueRequired":true,"valueName":"search_term_string"}}],"inLanguage":"fr-BE"},{"@type":"Organization","@id":"https:\/\/vieassociative.be\/actualites\/#organization","name":"Vie Associative","url":"https:\/\/vieassociative.be\/actualites\/","logo":{"@type":"ImageObject","inLanguage":"fr-BE","@id":"https:\/\/vieassociative.be\/actualites\/#\/schema\/logo\/image\/","url":"https:\/\/vieassociative.be\/actualites\/wp-content\/uploads\/2024\/09\/cropped-vieassociative_favicon.ico.png","contentUrl":"https:\/\/vieassociative.be\/actualites\/wp-content\/uploads\/2024\/09\/cropped-vieassociative_favicon.ico.png","width":512,"height":512,"caption":"Vie Associative"},"image":{"@id":"https:\/\/vieassociative.be\/actualites\/#\/schema\/logo\/image\/"}},{"@type":"Person","@id":"https:\/\/vieassociative.be\/actualites\/#\/schema\/person\/b87ac4f82f9d4e7b7cec7395b679edc4","name":"Julien","image":{"@type":"ImageObject","inLanguage":"fr-BE","@id":"https:\/\/vieassociative.be\/actualites\/#\/schema\/person\/image\/","url":"https:\/\/vieassociative.be\/actualites\/wp-content\/uploads\/2024\/09\/vie-associative-1-150x150.jpg","contentUrl":"https:\/\/vieassociative.be\/actualites\/wp-content\/uploads\/2024\/09\/vie-associative-1-150x150.jpg","caption":"Julien"},"description":"Je suis Julien, r\u00e9dacteur pour Vie Associative. Passionn\u00e9 par le monde associatif depuis plus de 10 ans, j'ai \u00e0 c\u0153ur de partager des histoires inspirantes et de mettre en lumi\u00e8re les initiatives locales. Mon objectif est de sensibiliser et d'encourager l'engagement communautaire \u00e0 travers mes articles.","sameAs":["https:\/\/vieassociative.be\/"]}]}},"_links":{"self":[{"href":"https:\/\/vieassociative.be\/actualites\/wp-json\/wp\/v2\/posts\/11710"}],"collection":[{"href":"https:\/\/vieassociative.be\/actualites\/wp-json\/wp\/v2\/posts"}],"about":[{"href":"https:\/\/vieassociative.be\/actualites\/wp-json\/wp\/v2\/types\/post"}],"author":[{"embeddable":true,"href":"https:\/\/vieassociative.be\/actualites\/wp-json\/wp\/v2\/users\/1"}],"replies":[{"embeddable":true,"href":"https:\/\/vieassociative.be\/actualites\/wp-json\/wp\/v2\/comments?post=11710"}],"version-history":[{"count":0,"href":"https:\/\/vieassociative.be\/actualites\/wp-json\/wp\/v2\/posts\/11710\/revisions"}],"wp:featuredmedia":[{"embeddable":true,"href":"https:\/\/vieassociative.be\/actualites\/wp-json\/wp\/v2\/media\/11711"}],"wp:attachment":[{"href":"https:\/\/vieassociative.be\/actualites\/wp-json\/wp\/v2\/media?parent=11710"}],"wp:term":[{"taxonomy":"category","embeddable":true,"href":"https:\/\/vieassociative.be\/actualites\/wp-json\/wp\/v2\/categories?post=11710"},{"taxonomy":"post_tag","embeddable":true,"href":"https:\/\/vieassociative.be\/actualites\/wp-json\/wp\/v2\/tags?post=11710"}],"curies":[{"name":"wp","href":"https:\/\/api.w.org\/{rel}","templated":true}]}}