{"id":11706,"date":"2025-12-05T15:17:25","date_gmt":"2025-12-05T14:17:25","guid":{"rendered":"https:\/\/vieassociative.be\/actualites\/le-rfc-seraing-est-reste-sans-defaite-depuis-cinq-matches-et-las-eupen-na-plus-gagne-depuis-quatre-matches\/"},"modified":"2025-12-05T15:17:25","modified_gmt":"2025-12-05T14:17:25","slug":"le-rfc-seraing-est-reste-sans-defaite-depuis-cinq-matches-et-las-eupen-na-plus-gagne-depuis-quatre-matches","status":"publish","type":"post","link":"https:\/\/vieassociative.be\/actualites\/le-rfc-seraing-est-reste-sans-defaite-depuis-cinq-matches-et-las-eupen-na-plus-gagne-depuis-quatre-matches\/","title":{"rendered":"Le RFC Seraing est rest\u00e9 sans d\u00e9faite depuis cinq matches et l&rsquo;AS Eupen n&rsquo;a plus gagn\u00e9 depuis quatre matches."},"content":{"rendered":"<p><strong>L&rsquo;\u00e9quipe de football de deuxi\u00e8me division, l&rsquo;AS Eupen, est l&rsquo;invit\u00e9 du RFC Seraing ce vendredi soir.<\/strong><\/p>\n<p><span id=\"more-431090\"><\/span>Au classement de la Challenger Pro League, Eupen occupe la 7\u00e8me place malgr\u00e9 la d\u00e9faite \u00e0 domicile contre le SK Lommel, tandis que Seraing occupe la 15\u00e8me place. Cependant, les Li\u00e8ge Vorst\u00e4dter sont rest\u00e9s sans d\u00e9faite depuis cinq matchs et l&rsquo;AS n&rsquo;a plus gagn\u00e9 depuis quatre matchs (dont celui de coupe \u00e0 Anvers).<\/p>\n<p>Si AS veut rester dans la course au top 6, une victoire dans le derby (20h \/ en direct sur l&rsquo;application DAZN) serait certainement tr\u00e8s utile. L&rsquo;AS a remport\u00e9 les trois derniers matchs contre Seraing.<\/p>\n<p>A l&rsquo;exception d&rsquo;Hendrickx et Wedingo, tous les joueurs sont en forme et \u00e9ligibles pour l&rsquo;\u00e9quipe de Seraing. C\u00f4t\u00e9 ambiance, les joueurs de l&rsquo;AS n&rsquo;ont pas grand-chose \u00e0 craindre. Comme le stade Eupener Kehrweg, le stade Pairay est g\u00e9n\u00e9ralement peu occup\u00e9. <\/p>\n<p>Pendant ce temps, les supporters noirs et blancs esp\u00e8rent que, contrairement au match contre le SK Lommel, l&rsquo;AS sera \u00e9pargn\u00e9e par les mauvaises d\u00e9cisions de l&rsquo;arbitre. (cr\u00e9er)<\/p>\n","protected":false},"excerpt":{"rendered":"<p>L&rsquo;\u00e9quipe de football de deuxi\u00e8me division, l&rsquo;AS Eupen, est l&rsquo;invit\u00e9 du RFC Seraing ce vendredi soir. Au classement de la Challenger Pro League, Eupen occupe<\/p>\n","protected":false},"author":1,"featured_media":11707,"comment_status":"","ping_status":"","sticky":false,"template":"","format":"standard","meta":{"footnotes":""},"categories":[298],"tags":[317,2350,1824,76,2329,2299,2353,9460,1435,1856,6359,130,6360],"class_list":["post-11706","post","type-post","status-publish","format-standard","has-post-thumbnail","hentry","category-belgique","tag-cinq","tag-defaite","tag-depuis","tag-est","tag-eupen","tag-gagne","tag-las","tag-matches","tag-quatre","tag-reste","tag-rfc","tag-sans","tag-seraing","generate-columns","tablet-grid-50","mobile-grid-100","grid-parent","grid-33"],"yoast_head":"<!-- This site is optimized with the Yoast SEO plugin v24.0 - https:\/\/yoast.com\/wordpress\/plugins\/seo\/ -->\n<title>Le RFC Seraing est rest\u00e9 sans d\u00e9faite depuis cinq matches et l&#039;AS Eupen n&#039;a plus gagn\u00e9 depuis quatre matches. | Vie Associative<\/title>\n<meta name=\"robots\" content=\"index, follow, max-snippet:-1, max-image-preview:large, max-video-preview:-1\" \/>\n<link rel=\"canonical\" href=\"https:\/\/vieassociative.be\/actualites\/le-rfc-seraing-est-reste-sans-defaite-depuis-cinq-matches-et-las-eupen-na-plus-gagne-depuis-quatre-matches\/\" \/>\n<meta property=\"og:locale\" content=\"fr_FR\" \/>\n<meta property=\"og:type\" content=\"article\" \/>\n<meta property=\"og:title\" content=\"Le RFC Seraing est rest\u00e9 sans d\u00e9faite depuis cinq matches et l&#039;AS Eupen n&#039;a plus gagn\u00e9 depuis quatre matches. | Vie Associative\" \/>\n<meta property=\"og:description\" content=\"L&rsquo;\u00e9quipe de football de deuxi\u00e8me division, l&rsquo;AS Eupen, est l&rsquo;invit\u00e9 du RFC Seraing ce vendredi soir. Au classement de la Challenger Pro League, Eupen occupe\" \/>\n<meta property=\"og:url\" content=\"https:\/\/vieassociative.be\/actualites\/le-rfc-seraing-est-reste-sans-defaite-depuis-cinq-matches-et-las-eupen-na-plus-gagne-depuis-quatre-matches\/\" \/>\n<meta property=\"og:site_name\" content=\"Vie Associative\" \/>\n<meta property=\"article:published_time\" content=\"2025-12-05T14:17:25+00:00\" \/>\n<meta property=\"og:image\" content=\"https:\/\/vieassociative.be\/actualites\/wp-content\/uploads\/2024\/09\/header_backgroundk-01-e1726694325946.png\" \/>\n\t<meta property=\"og:image:width\" content=\"279\" \/>\n\t<meta property=\"og:image:height\" content=\"92\" \/>\n\t<meta property=\"og:image:type\" content=\"image\/png\" \/>\n<meta name=\"author\" content=\"Julien\" \/>\n<meta name=\"twitter:card\" content=\"summary_large_image\" \/>\n<meta name=\"twitter:label1\" content=\"\u00c9crit par\" \/>\n\t<meta name=\"twitter:data1\" content=\"Julien\" \/>\n\t<meta name=\"twitter:label2\" content=\"Dur\u00e9e de lecture est.\" \/>\n\t<meta name=\"twitter:data2\" content=\"1 minute\" \/>\n<script type=\"application\/ld+json\" class=\"yoast-schema-graph\">{\"@context\":\"https:\/\/schema.org\",\"@graph\":[{\"@type\":\"Article\",\"@id\":\"https:\/\/vieassociative.be\/actualites\/le-rfc-seraing-est-reste-sans-defaite-depuis-cinq-matches-et-las-eupen-na-plus-gagne-depuis-quatre-matches\/#article\",\"isPartOf\":{\"@id\":\"https:\/\/vieassociative.be\/actualites\/le-rfc-seraing-est-reste-sans-defaite-depuis-cinq-matches-et-las-eupen-na-plus-gagne-depuis-quatre-matches\/\"},\"author\":{\"name\":\"Julien\",\"@id\":\"https:\/\/vieassociative.be\/actualites\/#\/schema\/person\/b87ac4f82f9d4e7b7cec7395b679edc4\"},\"headline\":\"Le RFC Seraing est rest\u00e9 sans d\u00e9faite depuis cinq matches et l&rsquo;AS Eupen n&rsquo;a plus gagn\u00e9 depuis quatre matches.\",\"datePublished\":\"2025-12-05T14:17:25+00:00\",\"dateModified\":\"2025-12-05T14:17:25+00:00\",\"mainEntityOfPage\":{\"@id\":\"https:\/\/vieassociative.be\/actualites\/le-rfc-seraing-est-reste-sans-defaite-depuis-cinq-matches-et-las-eupen-na-plus-gagne-depuis-quatre-matches\/\"},\"wordCount\":216,\"publisher\":{\"@id\":\"https:\/\/vieassociative.be\/actualites\/#organization\"},\"image\":{\"@id\":\"https:\/\/vieassociative.be\/actualites\/le-rfc-seraing-est-reste-sans-defaite-depuis-cinq-matches-et-las-eupen-na-plus-gagne-depuis-quatre-matches\/#primaryimage\"},\"thumbnailUrl\":\"https:\/\/vieassociative.be\/actualites\/wp-content\/uploads\/2025\/12\/Le-RFC-Seraing-est-reste-sans-defaite-depuis-cinq-matches.jpg\",\"keywords\":[\"Cinq\",\"D\u00e9faite\",\"depuis\",\"est\",\"Eupen\",\"gagn\u00e9\",\"lAS\",\"matches\",\"Quatre\",\"reste\",\"RFC\",\"sans\",\"SerAing\"],\"articleSection\":[\"Belgique\"],\"inLanguage\":\"fr-BE\"},{\"@type\":\"WebPage\",\"@id\":\"https:\/\/vieassociative.be\/actualites\/le-rfc-seraing-est-reste-sans-defaite-depuis-cinq-matches-et-las-eupen-na-plus-gagne-depuis-quatre-matches\/\",\"url\":\"https:\/\/vieassociative.be\/actualites\/le-rfc-seraing-est-reste-sans-defaite-depuis-cinq-matches-et-las-eupen-na-plus-gagne-depuis-quatre-matches\/\",\"name\":\"Le RFC Seraing est rest\u00e9 sans d\u00e9faite depuis cinq matches et l'AS Eupen n'a plus gagn\u00e9 depuis quatre matches. | Vie Associative\",\"isPartOf\":{\"@id\":\"https:\/\/vieassociative.be\/actualites\/#website\"},\"primaryImageOfPage\":{\"@id\":\"https:\/\/vieassociative.be\/actualites\/le-rfc-seraing-est-reste-sans-defaite-depuis-cinq-matches-et-las-eupen-na-plus-gagne-depuis-quatre-matches\/#primaryimage\"},\"image\":{\"@id\":\"https:\/\/vieassociative.be\/actualites\/le-rfc-seraing-est-reste-sans-defaite-depuis-cinq-matches-et-las-eupen-na-plus-gagne-depuis-quatre-matches\/#primaryimage\"},\"thumbnailUrl\":\"https:\/\/vieassociative.be\/actualites\/wp-content\/uploads\/2025\/12\/Le-RFC-Seraing-est-reste-sans-defaite-depuis-cinq-matches.jpg\",\"datePublished\":\"2025-12-05T14:17:25+00:00\",\"dateModified\":\"2025-12-05T14:17:25+00:00\",\"breadcrumb\":{\"@id\":\"https:\/\/vieassociative.be\/actualites\/le-rfc-seraing-est-reste-sans-defaite-depuis-cinq-matches-et-las-eupen-na-plus-gagne-depuis-quatre-matches\/#breadcrumb\"},\"inLanguage\":\"fr-BE\",\"potentialAction\":[{\"@type\":\"ReadAction\",\"target\":[\"https:\/\/vieassociative.be\/actualites\/le-rfc-seraing-est-reste-sans-defaite-depuis-cinq-matches-et-las-eupen-na-plus-gagne-depuis-quatre-matches\/\"]}]},{\"@type\":\"ImageObject\",\"inLanguage\":\"fr-BE\",\"@id\":\"https:\/\/vieassociative.be\/actualites\/le-rfc-seraing-est-reste-sans-defaite-depuis-cinq-matches-et-las-eupen-na-plus-gagne-depuis-quatre-matches\/#primaryimage\",\"url\":\"https:\/\/vieassociative.be\/actualites\/wp-content\/uploads\/2025\/12\/Le-RFC-Seraing-est-reste-sans-defaite-depuis-cinq-matches.jpg\",\"contentUrl\":\"https:\/\/vieassociative.be\/actualites\/wp-content\/uploads\/2025\/12\/Le-RFC-Seraing-est-reste-sans-defaite-depuis-cinq-matches.jpg\",\"width\":1200,\"height\":800,\"caption\":\"Le RFC Seraing est rest\u00e9 sans d\u00e9faite depuis cinq matches et l'AS Eupen n'a plus gagn\u00e9 depuis quatre matches.\"},{\"@type\":\"BreadcrumbList\",\"@id\":\"https:\/\/vieassociative.be\/actualites\/le-rfc-seraing-est-reste-sans-defaite-depuis-cinq-matches-et-las-eupen-na-plus-gagne-depuis-quatre-matches\/#breadcrumb\",\"itemListElement\":[{\"@type\":\"ListItem\",\"position\":1,\"name\":\"Accueil\",\"item\":\"https:\/\/vieassociative.be\/actualites\/\"},{\"@type\":\"ListItem\",\"position\":2,\"name\":\"Le RFC Seraing est rest\u00e9 sans d\u00e9faite depuis cinq matches et l&rsquo;AS Eupen n&rsquo;a plus gagn\u00e9 depuis quatre matches.\"}]},{\"@type\":\"WebSite\",\"@id\":\"https:\/\/vieassociative.be\/actualites\/#website\",\"url\":\"https:\/\/vieassociative.be\/actualites\/\",\"name\":\"Vie Associative\",\"description\":\"\",\"publisher\":{\"@id\":\"https:\/\/vieassociative.be\/actualites\/#organization\"},\"potentialAction\":[{\"@type\":\"SearchAction\",\"target\":{\"@type\":\"EntryPoint\",\"urlTemplate\":\"https:\/\/vieassociative.be\/actualites\/?s={search_term_string}\"},\"query-input\":{\"@type\":\"PropertyValueSpecification\",\"valueRequired\":true,\"valueName\":\"search_term_string\"}}],\"inLanguage\":\"fr-BE\"},{\"@type\":\"Organization\",\"@id\":\"https:\/\/vieassociative.be\/actualites\/#organization\",\"name\":\"Vie Associative\",\"url\":\"https:\/\/vieassociative.be\/actualites\/\",\"logo\":{\"@type\":\"ImageObject\",\"inLanguage\":\"fr-BE\",\"@id\":\"https:\/\/vieassociative.be\/actualites\/#\/schema\/logo\/image\/\",\"url\":\"https:\/\/vieassociative.be\/actualites\/wp-content\/uploads\/2024\/09\/cropped-vieassociative_favicon.ico.png\",\"contentUrl\":\"https:\/\/vieassociative.be\/actualites\/wp-content\/uploads\/2024\/09\/cropped-vieassociative_favicon.ico.png\",\"width\":512,\"height\":512,\"caption\":\"Vie Associative\"},\"image\":{\"@id\":\"https:\/\/vieassociative.be\/actualites\/#\/schema\/logo\/image\/\"}},{\"@type\":\"Person\",\"@id\":\"https:\/\/vieassociative.be\/actualites\/#\/schema\/person\/b87ac4f82f9d4e7b7cec7395b679edc4\",\"name\":\"Julien\",\"image\":{\"@type\":\"ImageObject\",\"inLanguage\":\"fr-BE\",\"@id\":\"https:\/\/vieassociative.be\/actualites\/#\/schema\/person\/image\/\",\"url\":\"https:\/\/vieassociative.be\/actualites\/wp-content\/uploads\/2024\/09\/vie-associative-1-150x150.jpg\",\"contentUrl\":\"https:\/\/vieassociative.be\/actualites\/wp-content\/uploads\/2024\/09\/vie-associative-1-150x150.jpg\",\"caption\":\"Julien\"},\"description\":\"Je suis Julien, r\u00e9dacteur pour Vie Associative. Passionn\u00e9 par le monde associatif depuis plus de 10 ans, j'ai \u00e0 c\u0153ur de partager des histoires inspirantes et de mettre en lumi\u00e8re les initiatives locales. Mon objectif est de sensibiliser et d'encourager l'engagement communautaire \u00e0 travers mes articles.\",\"sameAs\":[\"https:\/\/vieassociative.be\/\"]}]}<\/script>\n<!-- \/ Yoast SEO plugin. -->","yoast_head_json":{"title":"Le RFC Seraing est rest\u00e9 sans d\u00e9faite depuis cinq matches et l'AS Eupen n'a plus gagn\u00e9 depuis quatre matches. | Vie Associative","robots":{"index":"index","follow":"follow","max-snippet":"max-snippet:-1","max-image-preview":"max-image-preview:large","max-video-preview":"max-video-preview:-1"},"canonical":"https:\/\/vieassociative.be\/actualites\/le-rfc-seraing-est-reste-sans-defaite-depuis-cinq-matches-et-las-eupen-na-plus-gagne-depuis-quatre-matches\/","og_locale":"fr_FR","og_type":"article","og_title":"Le RFC Seraing est rest\u00e9 sans d\u00e9faite depuis cinq matches et l'AS Eupen n'a plus gagn\u00e9 depuis quatre matches. | Vie Associative","og_description":"L&rsquo;\u00e9quipe de football de deuxi\u00e8me division, l&rsquo;AS Eupen, est l&rsquo;invit\u00e9 du RFC Seraing ce vendredi soir. Au classement de la Challenger Pro League, Eupen occupe","og_url":"https:\/\/vieassociative.be\/actualites\/le-rfc-seraing-est-reste-sans-defaite-depuis-cinq-matches-et-las-eupen-na-plus-gagne-depuis-quatre-matches\/","og_site_name":"Vie Associative","article_published_time":"2025-12-05T14:17:25+00:00","og_image":[{"width":279,"height":92,"url":"https:\/\/vieassociative.be\/actualites\/wp-content\/uploads\/2024\/09\/header_backgroundk-01-e1726694325946.png","type":"image\/png"}],"author":"Julien","twitter_card":"summary_large_image","twitter_misc":{"\u00c9crit par":"Julien","Dur\u00e9e de lecture est.":"1 minute"},"schema":{"@context":"https:\/\/schema.org","@graph":[{"@type":"Article","@id":"https:\/\/vieassociative.be\/actualites\/le-rfc-seraing-est-reste-sans-defaite-depuis-cinq-matches-et-las-eupen-na-plus-gagne-depuis-quatre-matches\/#article","isPartOf":{"@id":"https:\/\/vieassociative.be\/actualites\/le-rfc-seraing-est-reste-sans-defaite-depuis-cinq-matches-et-las-eupen-na-plus-gagne-depuis-quatre-matches\/"},"author":{"name":"Julien","@id":"https:\/\/vieassociative.be\/actualites\/#\/schema\/person\/b87ac4f82f9d4e7b7cec7395b679edc4"},"headline":"Le RFC Seraing est rest\u00e9 sans d\u00e9faite depuis cinq matches et l&rsquo;AS Eupen n&rsquo;a plus gagn\u00e9 depuis quatre matches.","datePublished":"2025-12-05T14:17:25+00:00","dateModified":"2025-12-05T14:17:25+00:00","mainEntityOfPage":{"@id":"https:\/\/vieassociative.be\/actualites\/le-rfc-seraing-est-reste-sans-defaite-depuis-cinq-matches-et-las-eupen-na-plus-gagne-depuis-quatre-matches\/"},"wordCount":216,"publisher":{"@id":"https:\/\/vieassociative.be\/actualites\/#organization"},"image":{"@id":"https:\/\/vieassociative.be\/actualites\/le-rfc-seraing-est-reste-sans-defaite-depuis-cinq-matches-et-las-eupen-na-plus-gagne-depuis-quatre-matches\/#primaryimage"},"thumbnailUrl":"https:\/\/vieassociative.be\/actualites\/wp-content\/uploads\/2025\/12\/Le-RFC-Seraing-est-reste-sans-defaite-depuis-cinq-matches.jpg","keywords":["Cinq","D\u00e9faite","depuis","est","Eupen","gagn\u00e9","lAS","matches","Quatre","reste","RFC","sans","SerAing"],"articleSection":["Belgique"],"inLanguage":"fr-BE"},{"@type":"WebPage","@id":"https:\/\/vieassociative.be\/actualites\/le-rfc-seraing-est-reste-sans-defaite-depuis-cinq-matches-et-las-eupen-na-plus-gagne-depuis-quatre-matches\/","url":"https:\/\/vieassociative.be\/actualites\/le-rfc-seraing-est-reste-sans-defaite-depuis-cinq-matches-et-las-eupen-na-plus-gagne-depuis-quatre-matches\/","name":"Le RFC Seraing est rest\u00e9 sans d\u00e9faite depuis cinq matches et l'AS Eupen n'a plus gagn\u00e9 depuis quatre matches. | Vie Associative","isPartOf":{"@id":"https:\/\/vieassociative.be\/actualites\/#website"},"primaryImageOfPage":{"@id":"https:\/\/vieassociative.be\/actualites\/le-rfc-seraing-est-reste-sans-defaite-depuis-cinq-matches-et-las-eupen-na-plus-gagne-depuis-quatre-matches\/#primaryimage"},"image":{"@id":"https:\/\/vieassociative.be\/actualites\/le-rfc-seraing-est-reste-sans-defaite-depuis-cinq-matches-et-las-eupen-na-plus-gagne-depuis-quatre-matches\/#primaryimage"},"thumbnailUrl":"https:\/\/vieassociative.be\/actualites\/wp-content\/uploads\/2025\/12\/Le-RFC-Seraing-est-reste-sans-defaite-depuis-cinq-matches.jpg","datePublished":"2025-12-05T14:17:25+00:00","dateModified":"2025-12-05T14:17:25+00:00","breadcrumb":{"@id":"https:\/\/vieassociative.be\/actualites\/le-rfc-seraing-est-reste-sans-defaite-depuis-cinq-matches-et-las-eupen-na-plus-gagne-depuis-quatre-matches\/#breadcrumb"},"inLanguage":"fr-BE","potentialAction":[{"@type":"ReadAction","target":["https:\/\/vieassociative.be\/actualites\/le-rfc-seraing-est-reste-sans-defaite-depuis-cinq-matches-et-las-eupen-na-plus-gagne-depuis-quatre-matches\/"]}]},{"@type":"ImageObject","inLanguage":"fr-BE","@id":"https:\/\/vieassociative.be\/actualites\/le-rfc-seraing-est-reste-sans-defaite-depuis-cinq-matches-et-las-eupen-na-plus-gagne-depuis-quatre-matches\/#primaryimage","url":"https:\/\/vieassociative.be\/actualites\/wp-content\/uploads\/2025\/12\/Le-RFC-Seraing-est-reste-sans-defaite-depuis-cinq-matches.jpg","contentUrl":"https:\/\/vieassociative.be\/actualites\/wp-content\/uploads\/2025\/12\/Le-RFC-Seraing-est-reste-sans-defaite-depuis-cinq-matches.jpg","width":1200,"height":800,"caption":"Le RFC Seraing est rest\u00e9 sans d\u00e9faite depuis cinq matches et l'AS Eupen n'a plus gagn\u00e9 depuis quatre matches."},{"@type":"BreadcrumbList","@id":"https:\/\/vieassociative.be\/actualites\/le-rfc-seraing-est-reste-sans-defaite-depuis-cinq-matches-et-las-eupen-na-plus-gagne-depuis-quatre-matches\/#breadcrumb","itemListElement":[{"@type":"ListItem","position":1,"name":"Accueil","item":"https:\/\/vieassociative.be\/actualites\/"},{"@type":"ListItem","position":2,"name":"Le RFC Seraing est rest\u00e9 sans d\u00e9faite depuis cinq matches et l&rsquo;AS Eupen n&rsquo;a plus gagn\u00e9 depuis quatre matches."}]},{"@type":"WebSite","@id":"https:\/\/vieassociative.be\/actualites\/#website","url":"https:\/\/vieassociative.be\/actualites\/","name":"Vie Associative","description":"","publisher":{"@id":"https:\/\/vieassociative.be\/actualites\/#organization"},"potentialAction":[{"@type":"SearchAction","target":{"@type":"EntryPoint","urlTemplate":"https:\/\/vieassociative.be\/actualites\/?s={search_term_string}"},"query-input":{"@type":"PropertyValueSpecification","valueRequired":true,"valueName":"search_term_string"}}],"inLanguage":"fr-BE"},{"@type":"Organization","@id":"https:\/\/vieassociative.be\/actualites\/#organization","name":"Vie Associative","url":"https:\/\/vieassociative.be\/actualites\/","logo":{"@type":"ImageObject","inLanguage":"fr-BE","@id":"https:\/\/vieassociative.be\/actualites\/#\/schema\/logo\/image\/","url":"https:\/\/vieassociative.be\/actualites\/wp-content\/uploads\/2024\/09\/cropped-vieassociative_favicon.ico.png","contentUrl":"https:\/\/vieassociative.be\/actualites\/wp-content\/uploads\/2024\/09\/cropped-vieassociative_favicon.ico.png","width":512,"height":512,"caption":"Vie Associative"},"image":{"@id":"https:\/\/vieassociative.be\/actualites\/#\/schema\/logo\/image\/"}},{"@type":"Person","@id":"https:\/\/vieassociative.be\/actualites\/#\/schema\/person\/b87ac4f82f9d4e7b7cec7395b679edc4","name":"Julien","image":{"@type":"ImageObject","inLanguage":"fr-BE","@id":"https:\/\/vieassociative.be\/actualites\/#\/schema\/person\/image\/","url":"https:\/\/vieassociative.be\/actualites\/wp-content\/uploads\/2024\/09\/vie-associative-1-150x150.jpg","contentUrl":"https:\/\/vieassociative.be\/actualites\/wp-content\/uploads\/2024\/09\/vie-associative-1-150x150.jpg","caption":"Julien"},"description":"Je suis Julien, r\u00e9dacteur pour Vie Associative. Passionn\u00e9 par le monde associatif depuis plus de 10 ans, j'ai \u00e0 c\u0153ur de partager des histoires inspirantes et de mettre en lumi\u00e8re les initiatives locales. Mon objectif est de sensibiliser et d'encourager l'engagement communautaire \u00e0 travers mes articles.","sameAs":["https:\/\/vieassociative.be\/"]}]}},"_links":{"self":[{"href":"https:\/\/vieassociative.be\/actualites\/wp-json\/wp\/v2\/posts\/11706"}],"collection":[{"href":"https:\/\/vieassociative.be\/actualites\/wp-json\/wp\/v2\/posts"}],"about":[{"href":"https:\/\/vieassociative.be\/actualites\/wp-json\/wp\/v2\/types\/post"}],"author":[{"embeddable":true,"href":"https:\/\/vieassociative.be\/actualites\/wp-json\/wp\/v2\/users\/1"}],"replies":[{"embeddable":true,"href":"https:\/\/vieassociative.be\/actualites\/wp-json\/wp\/v2\/comments?post=11706"}],"version-history":[{"count":0,"href":"https:\/\/vieassociative.be\/actualites\/wp-json\/wp\/v2\/posts\/11706\/revisions"}],"wp:featuredmedia":[{"embeddable":true,"href":"https:\/\/vieassociative.be\/actualites\/wp-json\/wp\/v2\/media\/11707"}],"wp:attachment":[{"href":"https:\/\/vieassociative.be\/actualites\/wp-json\/wp\/v2\/media?parent=11706"}],"wp:term":[{"taxonomy":"category","embeddable":true,"href":"https:\/\/vieassociative.be\/actualites\/wp-json\/wp\/v2\/categories?post=11706"},{"taxonomy":"post_tag","embeddable":true,"href":"https:\/\/vieassociative.be\/actualites\/wp-json\/wp\/v2\/tags?post=11706"}],"curies":[{"name":"wp","href":"https:\/\/api.w.org\/{rel}","templated":true}]}}