{"id":11702,"date":"2025-12-05T09:17:23","date_gmt":"2025-12-05T08:17:23","guid":{"rendered":"https:\/\/vieassociative.be\/actualites\/un-homme-arrete-avec-une-fille-disparue-sur-un-ice-a-destination-daix-la-chapelle\/"},"modified":"2025-12-05T09:17:23","modified_gmt":"2025-12-05T08:17:23","slug":"un-homme-arrete-avec-une-fille-disparue-sur-un-ice-a-destination-daix-la-chapelle","status":"publish","type":"post","link":"https:\/\/vieassociative.be\/actualites\/un-homme-arrete-avec-une-fille-disparue-sur-un-ice-a-destination-daix-la-chapelle\/","title":{"rendered":"Un homme arr\u00eat\u00e9 avec une fille disparue sur un ICE \u00e0 destination d&rsquo;Aix-la-Chapelle"},"content":{"rendered":"<p><strong>Un homme a \u00e9t\u00e9 arr\u00eat\u00e9 avec un jeune de 13 ans disparu dans un train ICE reliant Cologne \u00e0 Aix-la-Chapelle. La police a d\u00e9clar\u00e9 que l&rsquo;homme de 24 ans faisait l&rsquo;objet d&rsquo;une enqu\u00eate parce qu&rsquo;il \u00e9tait soup\u00e7onn\u00e9 d&rsquo;enl\u00e8vement de mineurs.<\/strong><\/p>\n<p><span id=\"more-431001\"><\/span>Le jeune homme de 24 ans a \u00e9t\u00e9 d\u00e9couvert avec le mineur dans le train mercredi alors qu&rsquo;il s&rsquo;\u00e9chappait. Les fonctionnaires ont donc enregistr\u00e9 les donn\u00e9es personnelles des deux hommes ; le Danois s&rsquo;est fait passer pour un jeune de 18 ans et a donn\u00e9 un faux nom. Une demande adress\u00e9e aux autorit\u00e9s danoises a r\u00e9v\u00e9l\u00e9 qu&rsquo;il s&rsquo;agissait d&rsquo;un jeune de 13 ans port\u00e9 disparu.<\/p>\n<p>La police f\u00e9d\u00e9rale a arr\u00eat\u00e9 temporairement le Danois et la jeune fille. En Allemagne, des enqu\u00eates sont en cours sur des soup\u00e7ons d&rsquo;enl\u00e8vement de mineurs, a indiqu\u00e9 le porte-parole. Selon la police f\u00e9d\u00e9rale, l&rsquo;homme fait \u00e9galement l&rsquo;objet d&rsquo;une enqu\u00eate au Danemark.<\/p>\n<p>Ce qu&rsquo;il faut clarifier, c&rsquo;est si la jeune fille est partie volontairement avec la jeune femme de 24 ans et si l&rsquo;homme l&rsquo;a emmen\u00e9e \u00e0 l&rsquo;\u00e9tranger, a d\u00e9clar\u00e9 le porte-parole. Afin de v\u00e9rifier si le jeune de 13 ans avait \u00e9t\u00e9 drogu\u00e9 ou anesth\u00e9si\u00e9, une prise de sang a \u00e9galement \u00e9t\u00e9 r\u00e9alis\u00e9e, a indiqu\u00e9 la police f\u00e9d\u00e9rale. (dpa)<\/p>\n","protected":false},"excerpt":{"rendered":"<p>Un homme a \u00e9t\u00e9 arr\u00eat\u00e9 avec un jeune de 13 ans disparu dans un train ICE reliant Cologne \u00e0 Aix-la-Chapelle. La police a d\u00e9clar\u00e9 que<\/p>\n","protected":false},"author":1,"featured_media":11703,"comment_status":"","ping_status":"","sticky":false,"template":"","format":"standard","meta":{"footnotes":""},"categories":[298],"tags":[3276,61,2742,7536,9457,3917,4555,5230,33,110],"class_list":["post-11702","post","type-post","status-publish","format-standard","has-post-thumbnail","hentry","category-belgique","tag-arrete","tag-avec","tag-daixlachapelle","tag-destination","tag-disparue","tag-fille","tag-homme","tag-ice","tag-sur","tag-une","generate-columns","tablet-grid-50","mobile-grid-100","grid-parent","grid-33"],"yoast_head":"<!-- This site is optimized with the Yoast SEO plugin v24.0 - https:\/\/yoast.com\/wordpress\/plugins\/seo\/ -->\n<title>Un homme arr\u00eat\u00e9 avec une fille disparue sur un ICE \u00e0 destination d&#039;Aix-la-Chapelle | Vie Associative<\/title>\n<meta name=\"robots\" content=\"index, follow, max-snippet:-1, max-image-preview:large, max-video-preview:-1\" \/>\n<link rel=\"canonical\" href=\"https:\/\/vieassociative.be\/actualites\/un-homme-arrete-avec-une-fille-disparue-sur-un-ice-a-destination-daix-la-chapelle\/\" \/>\n<meta property=\"og:locale\" content=\"fr_FR\" \/>\n<meta property=\"og:type\" content=\"article\" \/>\n<meta property=\"og:title\" content=\"Un homme arr\u00eat\u00e9 avec une fille disparue sur un ICE \u00e0 destination d&#039;Aix-la-Chapelle | Vie Associative\" \/>\n<meta property=\"og:description\" content=\"Un homme a \u00e9t\u00e9 arr\u00eat\u00e9 avec un jeune de 13 ans disparu dans un train ICE reliant Cologne \u00e0 Aix-la-Chapelle. La police a d\u00e9clar\u00e9 que\" \/>\n<meta property=\"og:url\" content=\"https:\/\/vieassociative.be\/actualites\/un-homme-arrete-avec-une-fille-disparue-sur-un-ice-a-destination-daix-la-chapelle\/\" \/>\n<meta property=\"og:site_name\" content=\"Vie Associative\" \/>\n<meta property=\"article:published_time\" content=\"2025-12-05T08:17:23+00:00\" \/>\n<meta property=\"og:image\" content=\"https:\/\/vieassociative.be\/actualites\/wp-content\/uploads\/2024\/09\/header_backgroundk-01-e1726694325946.png\" \/>\n\t<meta property=\"og:image:width\" content=\"279\" \/>\n\t<meta property=\"og:image:height\" content=\"92\" \/>\n\t<meta property=\"og:image:type\" content=\"image\/png\" \/>\n<meta name=\"author\" content=\"Julien\" \/>\n<meta name=\"twitter:card\" content=\"summary_large_image\" \/>\n<meta name=\"twitter:label1\" content=\"\u00c9crit par\" \/>\n\t<meta name=\"twitter:data1\" content=\"Julien\" \/>\n\t<meta name=\"twitter:label2\" content=\"Dur\u00e9e de lecture est.\" \/>\n\t<meta name=\"twitter:data2\" content=\"1 minute\" \/>\n<script type=\"application\/ld+json\" class=\"yoast-schema-graph\">{\"@context\":\"https:\/\/schema.org\",\"@graph\":[{\"@type\":\"Article\",\"@id\":\"https:\/\/vieassociative.be\/actualites\/un-homme-arrete-avec-une-fille-disparue-sur-un-ice-a-destination-daix-la-chapelle\/#article\",\"isPartOf\":{\"@id\":\"https:\/\/vieassociative.be\/actualites\/un-homme-arrete-avec-une-fille-disparue-sur-un-ice-a-destination-daix-la-chapelle\/\"},\"author\":{\"name\":\"Julien\",\"@id\":\"https:\/\/vieassociative.be\/actualites\/#\/schema\/person\/b87ac4f82f9d4e7b7cec7395b679edc4\"},\"headline\":\"Un homme arr\u00eat\u00e9 avec une fille disparue sur un ICE \u00e0 destination d&rsquo;Aix-la-Chapelle\",\"datePublished\":\"2025-12-05T08:17:23+00:00\",\"dateModified\":\"2025-12-05T08:17:23+00:00\",\"mainEntityOfPage\":{\"@id\":\"https:\/\/vieassociative.be\/actualites\/un-homme-arrete-avec-une-fille-disparue-sur-un-ice-a-destination-daix-la-chapelle\/\"},\"wordCount\":256,\"publisher\":{\"@id\":\"https:\/\/vieassociative.be\/actualites\/#organization\"},\"image\":{\"@id\":\"https:\/\/vieassociative.be\/actualites\/un-homme-arrete-avec-une-fille-disparue-sur-un-ice-a-destination-daix-la-chapelle\/#primaryimage\"},\"thumbnailUrl\":\"https:\/\/vieassociative.be\/actualites\/wp-content\/uploads\/2025\/12\/Un-homme-arrete-avec-une-fille-disparue-sur-un-ICE.jpeg\",\"keywords\":[\"arr\u00eate\",\"avec\",\"dAixlaChapelle\",\"destination\",\"disparue\",\"fille\",\"homme\",\"Ice\",\"sur\",\"une\"],\"articleSection\":[\"Belgique\"],\"inLanguage\":\"fr-BE\"},{\"@type\":\"WebPage\",\"@id\":\"https:\/\/vieassociative.be\/actualites\/un-homme-arrete-avec-une-fille-disparue-sur-un-ice-a-destination-daix-la-chapelle\/\",\"url\":\"https:\/\/vieassociative.be\/actualites\/un-homme-arrete-avec-une-fille-disparue-sur-un-ice-a-destination-daix-la-chapelle\/\",\"name\":\"Un homme arr\u00eat\u00e9 avec une fille disparue sur un ICE \u00e0 destination d'Aix-la-Chapelle | Vie Associative\",\"isPartOf\":{\"@id\":\"https:\/\/vieassociative.be\/actualites\/#website\"},\"primaryImageOfPage\":{\"@id\":\"https:\/\/vieassociative.be\/actualites\/un-homme-arrete-avec-une-fille-disparue-sur-un-ice-a-destination-daix-la-chapelle\/#primaryimage\"},\"image\":{\"@id\":\"https:\/\/vieassociative.be\/actualites\/un-homme-arrete-avec-une-fille-disparue-sur-un-ice-a-destination-daix-la-chapelle\/#primaryimage\"},\"thumbnailUrl\":\"https:\/\/vieassociative.be\/actualites\/wp-content\/uploads\/2025\/12\/Un-homme-arrete-avec-une-fille-disparue-sur-un-ICE.jpeg\",\"datePublished\":\"2025-12-05T08:17:23+00:00\",\"dateModified\":\"2025-12-05T08:17:23+00:00\",\"breadcrumb\":{\"@id\":\"https:\/\/vieassociative.be\/actualites\/un-homme-arrete-avec-une-fille-disparue-sur-un-ice-a-destination-daix-la-chapelle\/#breadcrumb\"},\"inLanguage\":\"fr-BE\",\"potentialAction\":[{\"@type\":\"ReadAction\",\"target\":[\"https:\/\/vieassociative.be\/actualites\/un-homme-arrete-avec-une-fille-disparue-sur-un-ice-a-destination-daix-la-chapelle\/\"]}]},{\"@type\":\"ImageObject\",\"inLanguage\":\"fr-BE\",\"@id\":\"https:\/\/vieassociative.be\/actualites\/un-homme-arrete-avec-une-fille-disparue-sur-un-ice-a-destination-daix-la-chapelle\/#primaryimage\",\"url\":\"https:\/\/vieassociative.be\/actualites\/wp-content\/uploads\/2025\/12\/Un-homme-arrete-avec-une-fille-disparue-sur-un-ICE.jpeg\",\"contentUrl\":\"https:\/\/vieassociative.be\/actualites\/wp-content\/uploads\/2025\/12\/Un-homme-arrete-avec-une-fille-disparue-sur-un-ICE.jpeg\",\"width\":1199,\"height\":692,\"caption\":\"Un homme arr\u00eat\u00e9 avec une fille disparue sur un ICE \u00e0 destination d'Aix-la-Chapelle\"},{\"@type\":\"BreadcrumbList\",\"@id\":\"https:\/\/vieassociative.be\/actualites\/un-homme-arrete-avec-une-fille-disparue-sur-un-ice-a-destination-daix-la-chapelle\/#breadcrumb\",\"itemListElement\":[{\"@type\":\"ListItem\",\"position\":1,\"name\":\"Accueil\",\"item\":\"https:\/\/vieassociative.be\/actualites\/\"},{\"@type\":\"ListItem\",\"position\":2,\"name\":\"Un homme arr\u00eat\u00e9 avec une fille disparue sur un ICE \u00e0 destination d&rsquo;Aix-la-Chapelle\"}]},{\"@type\":\"WebSite\",\"@id\":\"https:\/\/vieassociative.be\/actualites\/#website\",\"url\":\"https:\/\/vieassociative.be\/actualites\/\",\"name\":\"Vie Associative\",\"description\":\"\",\"publisher\":{\"@id\":\"https:\/\/vieassociative.be\/actualites\/#organization\"},\"potentialAction\":[{\"@type\":\"SearchAction\",\"target\":{\"@type\":\"EntryPoint\",\"urlTemplate\":\"https:\/\/vieassociative.be\/actualites\/?s={search_term_string}\"},\"query-input\":{\"@type\":\"PropertyValueSpecification\",\"valueRequired\":true,\"valueName\":\"search_term_string\"}}],\"inLanguage\":\"fr-BE\"},{\"@type\":\"Organization\",\"@id\":\"https:\/\/vieassociative.be\/actualites\/#organization\",\"name\":\"Vie Associative\",\"url\":\"https:\/\/vieassociative.be\/actualites\/\",\"logo\":{\"@type\":\"ImageObject\",\"inLanguage\":\"fr-BE\",\"@id\":\"https:\/\/vieassociative.be\/actualites\/#\/schema\/logo\/image\/\",\"url\":\"https:\/\/vieassociative.be\/actualites\/wp-content\/uploads\/2024\/09\/cropped-vieassociative_favicon.ico.png\",\"contentUrl\":\"https:\/\/vieassociative.be\/actualites\/wp-content\/uploads\/2024\/09\/cropped-vieassociative_favicon.ico.png\",\"width\":512,\"height\":512,\"caption\":\"Vie Associative\"},\"image\":{\"@id\":\"https:\/\/vieassociative.be\/actualites\/#\/schema\/logo\/image\/\"}},{\"@type\":\"Person\",\"@id\":\"https:\/\/vieassociative.be\/actualites\/#\/schema\/person\/b87ac4f82f9d4e7b7cec7395b679edc4\",\"name\":\"Julien\",\"image\":{\"@type\":\"ImageObject\",\"inLanguage\":\"fr-BE\",\"@id\":\"https:\/\/vieassociative.be\/actualites\/#\/schema\/person\/image\/\",\"url\":\"https:\/\/vieassociative.be\/actualites\/wp-content\/uploads\/2024\/09\/vie-associative-1-150x150.jpg\",\"contentUrl\":\"https:\/\/vieassociative.be\/actualites\/wp-content\/uploads\/2024\/09\/vie-associative-1-150x150.jpg\",\"caption\":\"Julien\"},\"description\":\"Je suis Julien, r\u00e9dacteur pour Vie Associative. Passionn\u00e9 par le monde associatif depuis plus de 10 ans, j'ai \u00e0 c\u0153ur de partager des histoires inspirantes et de mettre en lumi\u00e8re les initiatives locales. Mon objectif est de sensibiliser et d'encourager l'engagement communautaire \u00e0 travers mes articles.\",\"sameAs\":[\"https:\/\/vieassociative.be\/\"]}]}<\/script>\n<!-- \/ Yoast SEO plugin. -->","yoast_head_json":{"title":"Un homme arr\u00eat\u00e9 avec une fille disparue sur un ICE \u00e0 destination d'Aix-la-Chapelle | Vie Associative","robots":{"index":"index","follow":"follow","max-snippet":"max-snippet:-1","max-image-preview":"max-image-preview:large","max-video-preview":"max-video-preview:-1"},"canonical":"https:\/\/vieassociative.be\/actualites\/un-homme-arrete-avec-une-fille-disparue-sur-un-ice-a-destination-daix-la-chapelle\/","og_locale":"fr_FR","og_type":"article","og_title":"Un homme arr\u00eat\u00e9 avec une fille disparue sur un ICE \u00e0 destination d'Aix-la-Chapelle | Vie Associative","og_description":"Un homme a \u00e9t\u00e9 arr\u00eat\u00e9 avec un jeune de 13 ans disparu dans un train ICE reliant Cologne \u00e0 Aix-la-Chapelle. La police a d\u00e9clar\u00e9 que","og_url":"https:\/\/vieassociative.be\/actualites\/un-homme-arrete-avec-une-fille-disparue-sur-un-ice-a-destination-daix-la-chapelle\/","og_site_name":"Vie Associative","article_published_time":"2025-12-05T08:17:23+00:00","og_image":[{"width":279,"height":92,"url":"https:\/\/vieassociative.be\/actualites\/wp-content\/uploads\/2024\/09\/header_backgroundk-01-e1726694325946.png","type":"image\/png"}],"author":"Julien","twitter_card":"summary_large_image","twitter_misc":{"\u00c9crit par":"Julien","Dur\u00e9e de lecture est.":"1 minute"},"schema":{"@context":"https:\/\/schema.org","@graph":[{"@type":"Article","@id":"https:\/\/vieassociative.be\/actualites\/un-homme-arrete-avec-une-fille-disparue-sur-un-ice-a-destination-daix-la-chapelle\/#article","isPartOf":{"@id":"https:\/\/vieassociative.be\/actualites\/un-homme-arrete-avec-une-fille-disparue-sur-un-ice-a-destination-daix-la-chapelle\/"},"author":{"name":"Julien","@id":"https:\/\/vieassociative.be\/actualites\/#\/schema\/person\/b87ac4f82f9d4e7b7cec7395b679edc4"},"headline":"Un homme arr\u00eat\u00e9 avec une fille disparue sur un ICE \u00e0 destination d&rsquo;Aix-la-Chapelle","datePublished":"2025-12-05T08:17:23+00:00","dateModified":"2025-12-05T08:17:23+00:00","mainEntityOfPage":{"@id":"https:\/\/vieassociative.be\/actualites\/un-homme-arrete-avec-une-fille-disparue-sur-un-ice-a-destination-daix-la-chapelle\/"},"wordCount":256,"publisher":{"@id":"https:\/\/vieassociative.be\/actualites\/#organization"},"image":{"@id":"https:\/\/vieassociative.be\/actualites\/un-homme-arrete-avec-une-fille-disparue-sur-un-ice-a-destination-daix-la-chapelle\/#primaryimage"},"thumbnailUrl":"https:\/\/vieassociative.be\/actualites\/wp-content\/uploads\/2025\/12\/Un-homme-arrete-avec-une-fille-disparue-sur-un-ICE.jpeg","keywords":["arr\u00eate","avec","dAixlaChapelle","destination","disparue","fille","homme","Ice","sur","une"],"articleSection":["Belgique"],"inLanguage":"fr-BE"},{"@type":"WebPage","@id":"https:\/\/vieassociative.be\/actualites\/un-homme-arrete-avec-une-fille-disparue-sur-un-ice-a-destination-daix-la-chapelle\/","url":"https:\/\/vieassociative.be\/actualites\/un-homme-arrete-avec-une-fille-disparue-sur-un-ice-a-destination-daix-la-chapelle\/","name":"Un homme arr\u00eat\u00e9 avec une fille disparue sur un ICE \u00e0 destination d'Aix-la-Chapelle | Vie Associative","isPartOf":{"@id":"https:\/\/vieassociative.be\/actualites\/#website"},"primaryImageOfPage":{"@id":"https:\/\/vieassociative.be\/actualites\/un-homme-arrete-avec-une-fille-disparue-sur-un-ice-a-destination-daix-la-chapelle\/#primaryimage"},"image":{"@id":"https:\/\/vieassociative.be\/actualites\/un-homme-arrete-avec-une-fille-disparue-sur-un-ice-a-destination-daix-la-chapelle\/#primaryimage"},"thumbnailUrl":"https:\/\/vieassociative.be\/actualites\/wp-content\/uploads\/2025\/12\/Un-homme-arrete-avec-une-fille-disparue-sur-un-ICE.jpeg","datePublished":"2025-12-05T08:17:23+00:00","dateModified":"2025-12-05T08:17:23+00:00","breadcrumb":{"@id":"https:\/\/vieassociative.be\/actualites\/un-homme-arrete-avec-une-fille-disparue-sur-un-ice-a-destination-daix-la-chapelle\/#breadcrumb"},"inLanguage":"fr-BE","potentialAction":[{"@type":"ReadAction","target":["https:\/\/vieassociative.be\/actualites\/un-homme-arrete-avec-une-fille-disparue-sur-un-ice-a-destination-daix-la-chapelle\/"]}]},{"@type":"ImageObject","inLanguage":"fr-BE","@id":"https:\/\/vieassociative.be\/actualites\/un-homme-arrete-avec-une-fille-disparue-sur-un-ice-a-destination-daix-la-chapelle\/#primaryimage","url":"https:\/\/vieassociative.be\/actualites\/wp-content\/uploads\/2025\/12\/Un-homme-arrete-avec-une-fille-disparue-sur-un-ICE.jpeg","contentUrl":"https:\/\/vieassociative.be\/actualites\/wp-content\/uploads\/2025\/12\/Un-homme-arrete-avec-une-fille-disparue-sur-un-ICE.jpeg","width":1199,"height":692,"caption":"Un homme arr\u00eat\u00e9 avec une fille disparue sur un ICE \u00e0 destination d'Aix-la-Chapelle"},{"@type":"BreadcrumbList","@id":"https:\/\/vieassociative.be\/actualites\/un-homme-arrete-avec-une-fille-disparue-sur-un-ice-a-destination-daix-la-chapelle\/#breadcrumb","itemListElement":[{"@type":"ListItem","position":1,"name":"Accueil","item":"https:\/\/vieassociative.be\/actualites\/"},{"@type":"ListItem","position":2,"name":"Un homme arr\u00eat\u00e9 avec une fille disparue sur un ICE \u00e0 destination d&rsquo;Aix-la-Chapelle"}]},{"@type":"WebSite","@id":"https:\/\/vieassociative.be\/actualites\/#website","url":"https:\/\/vieassociative.be\/actualites\/","name":"Vie Associative","description":"","publisher":{"@id":"https:\/\/vieassociative.be\/actualites\/#organization"},"potentialAction":[{"@type":"SearchAction","target":{"@type":"EntryPoint","urlTemplate":"https:\/\/vieassociative.be\/actualites\/?s={search_term_string}"},"query-input":{"@type":"PropertyValueSpecification","valueRequired":true,"valueName":"search_term_string"}}],"inLanguage":"fr-BE"},{"@type":"Organization","@id":"https:\/\/vieassociative.be\/actualites\/#organization","name":"Vie Associative","url":"https:\/\/vieassociative.be\/actualites\/","logo":{"@type":"ImageObject","inLanguage":"fr-BE","@id":"https:\/\/vieassociative.be\/actualites\/#\/schema\/logo\/image\/","url":"https:\/\/vieassociative.be\/actualites\/wp-content\/uploads\/2024\/09\/cropped-vieassociative_favicon.ico.png","contentUrl":"https:\/\/vieassociative.be\/actualites\/wp-content\/uploads\/2024\/09\/cropped-vieassociative_favicon.ico.png","width":512,"height":512,"caption":"Vie Associative"},"image":{"@id":"https:\/\/vieassociative.be\/actualites\/#\/schema\/logo\/image\/"}},{"@type":"Person","@id":"https:\/\/vieassociative.be\/actualites\/#\/schema\/person\/b87ac4f82f9d4e7b7cec7395b679edc4","name":"Julien","image":{"@type":"ImageObject","inLanguage":"fr-BE","@id":"https:\/\/vieassociative.be\/actualites\/#\/schema\/person\/image\/","url":"https:\/\/vieassociative.be\/actualites\/wp-content\/uploads\/2024\/09\/vie-associative-1-150x150.jpg","contentUrl":"https:\/\/vieassociative.be\/actualites\/wp-content\/uploads\/2024\/09\/vie-associative-1-150x150.jpg","caption":"Julien"},"description":"Je suis Julien, r\u00e9dacteur pour Vie Associative. Passionn\u00e9 par le monde associatif depuis plus de 10 ans, j'ai \u00e0 c\u0153ur de partager des histoires inspirantes et de mettre en lumi\u00e8re les initiatives locales. Mon objectif est de sensibiliser et d'encourager l'engagement communautaire \u00e0 travers mes articles.","sameAs":["https:\/\/vieassociative.be\/"]}]}},"_links":{"self":[{"href":"https:\/\/vieassociative.be\/actualites\/wp-json\/wp\/v2\/posts\/11702"}],"collection":[{"href":"https:\/\/vieassociative.be\/actualites\/wp-json\/wp\/v2\/posts"}],"about":[{"href":"https:\/\/vieassociative.be\/actualites\/wp-json\/wp\/v2\/types\/post"}],"author":[{"embeddable":true,"href":"https:\/\/vieassociative.be\/actualites\/wp-json\/wp\/v2\/users\/1"}],"replies":[{"embeddable":true,"href":"https:\/\/vieassociative.be\/actualites\/wp-json\/wp\/v2\/comments?post=11702"}],"version-history":[{"count":0,"href":"https:\/\/vieassociative.be\/actualites\/wp-json\/wp\/v2\/posts\/11702\/revisions"}],"wp:featuredmedia":[{"embeddable":true,"href":"https:\/\/vieassociative.be\/actualites\/wp-json\/wp\/v2\/media\/11703"}],"wp:attachment":[{"href":"https:\/\/vieassociative.be\/actualites\/wp-json\/wp\/v2\/media?parent=11702"}],"wp:term":[{"taxonomy":"category","embeddable":true,"href":"https:\/\/vieassociative.be\/actualites\/wp-json\/wp\/v2\/categories?post=11702"},{"taxonomy":"post_tag","embeddable":true,"href":"https:\/\/vieassociative.be\/actualites\/wp-json\/wp\/v2\/tags?post=11702"}],"curies":[{"name":"wp","href":"https:\/\/api.w.org\/{rel}","templated":true}]}}