{"id":11700,"date":"2025-12-05T08:17:59","date_gmt":"2025-12-05T07:17:59","guid":{"rendered":"https:\/\/vieassociative.be\/actualites\/trois-changements-a-venir-sur-votre-apple-watch-avec-watchos-26-2\/"},"modified":"2025-12-05T08:17:59","modified_gmt":"2025-12-05T07:17:59","slug":"trois-changements-a-venir-sur-votre-apple-watch-avec-watchos-26-2","status":"publish","type":"post","link":"https:\/\/vieassociative.be\/actualites\/trois-changements-a-venir-sur-votre-apple-watch-avec-watchos-26-2\/","title":{"rendered":"Trois changements \u00e0 venir sur votre Apple Watch avec watchOS 26.2"},"content":{"rendered":"<p>Hier, Apple a d\u00e9voil\u00e9 les versions candidates (RC) pour sa liste de mises \u00e0 jour \u00e0 venir. Une RC, comme son nom l&rsquo;indique, est la version d&rsquo;une mise \u00e0 jour logicielle qu&rsquo;Apple a l&rsquo;intention de publier au grand public. Cependant, avant son d\u00e9ploiement, Apple envoie la mise \u00e0 jour aux b\u00eata-testeurs pour voir s&rsquo;il y a des bugs ou des probl\u00e8mes \u00e0 r\u00e9soudre. Sinon, voici les mises \u00e0 jour qui arriveront sur vos appareils Apple ce mois-ci. <\/p>\n<p>Cela inclut watchOS 26.2, le dernier syst\u00e8me d&rsquo;exploitation d&rsquo;Apple pour sa gamme de montres intelligentes. Bien qu&rsquo;il n&rsquo;y ait pas autant de nouvelles fonctionnalit\u00e9s et de changements dans cette mise \u00e0 jour que dans watchOS 26 proprement dit, il y a encore quelques \u00e9l\u00e9ments cl\u00e9s \u00e0 souligner dans cette RC. En fait, comme le note 9to5Mac, il y en a trois\u00a0:<\/p>\n<h2 id=\"updates-to-sleep-score\">Mises \u00e0 jour du score de sommeil<\/h2>\n<p>watchOS 26 a introduit Sleep Score, une fonctionnalit\u00e9 qui manquait cruellement sur l&rsquo;Apple Watch. Sleep Score analyse une multitude de donn\u00e9es collect\u00e9es pendant votre sommeil, y compris la dur\u00e9e du sommeil, l&rsquo;heure \u00e0 laquelle vous vous \u00eates r\u00e9ellement couch\u00e9 et les r\u00e9veils que vous avez pu avoir pendant la nuit, et vous donne un score global. L&rsquo;id\u00e9e est de jeter un coup d&rsquo;\u0153il au score et de voir comment vous avez dormi cette nuit-l\u00e0, afin que vous puissiez soit prendre des mesures pour am\u00e9liorer votre sommeil \u00e0 l&rsquo;avenir, soit savoir que vous \u00eates sur la bonne voie. Le score total est sur 100\u00a0: la dur\u00e9e vous rapporte jusqu&rsquo;\u00e0 50 points, l&rsquo;heure du coucher jusqu&rsquo;\u00e0 30 et les interruptions du sommeil jusqu&rsquo;\u00e0 20.  <\/p>\n<p>watchOS 26.2 affine la fonctionnalit\u00e9 en ajustant les mesures finales du Sleep Score. La fonctionnalit\u00e9 avait tendance \u00e0 vous donner des scores plus \u00e9lev\u00e9s que ce que vous auriez pu penser autrement\u00a0: une nuit de sommeil m\u00e9diocre aurait pu obtenir un score \u00ab\u00a0\u00c9lev\u00e9\u00a0\u00bb sur votre graphique, ce qui n&rsquo;aurait pas eu beaucoup de sens pour vous. <\/p>\n<p>\u00c0 l\u2019avenir, le score est un peu plus conservateur. Voici \u00e0 quoi vous pouvez vous attendre et comment les scores ont chang\u00e9 depuis la derni\u00e8re mise \u00e0 jour\u00a0:<\/p>\n<ul>\n<li>\n<p><strong>Tr\u00e8s faible<\/strong>: 0\u201340 (auparavant 0\u201329)<\/p>\n<\/li>\n<li>\n<p><strong>Faible<\/strong>: 41-60 (auparavant 30-49)<\/p>\n<\/li>\n<li>\n<p><strong>D&rsquo;ACCORD<\/strong>: 61-80 (auparavant 50-69)<\/p>\n<\/li>\n<li>\n<p><strong>Haut<\/strong>: 81-95 (auparavant 70-89)<\/p>\n<\/li>\n<li>\n<p><strong>Tr\u00e8s \u00e9lev\u00e9<\/strong>: 96-100 (auparavant 90-100) <\/p>\n<\/li>\n<\/ul>\n<p>Vous remarquerez \u00e9galement qu&rsquo;Apple a modifi\u00e9 le score \u00ab Excellent \u00bb en \u00ab Tr\u00e8s \u00e9lev\u00e9 \u00bb, ce qui permet de conserver la d\u00e9nomination un peu plus coh\u00e9rente.<\/p>\n<h2 id=\"music-app-glitch-fix\">Correction d&rsquo;un probl\u00e8me dans l&rsquo;application musicale<\/h2>\n<p>Si vous avez utilis\u00e9 l&rsquo;application Musique sur votre Apple Watch, mais que vous avez du mal \u00e0 faire jouer vos chansons, bonne nouvelle : Apple indique dans les notes de version de watchOS 26.2 RC qu&rsquo;il existe d\u00e9sormais un correctif pour un probl\u00e8me o\u00f9 l&rsquo;application Musique ne passe pas \u00e0 la chanson suivante.<\/p>\n<h2 id=\"enhanced-safety-alerts\">Alertes de s\u00e9curit\u00e9 am\u00e9lior\u00e9es<\/h2>\n<p>Enfin, watchOS 26.2, ainsi que d\u2019autres mises \u00e0 jour Apple, introduit des alertes de s\u00e9curit\u00e9 am\u00e9lior\u00e9es. Selon Apple, cette fonctionnalit\u00e9 vous avertira des \u00ab menaces imminentes \u00bb, notamment les inondations, les catastrophes naturelles et autres situations d&rsquo;urgence. La fonctionnalit\u00e9 comprendra \u00e9galement des donn\u00e9es telles que des cartes et des liens vers des conseils de s\u00e9curit\u00e9 officiels. <\/p>\n<p>Apple a positionn\u00e9 l&rsquo;Apple Watch comme un appareil global de sant\u00e9 et de s\u00e9curit\u00e9, et cette fonctionnalit\u00e9 ne semble que compl\u00e9ter cela. Les montres Apple r\u00e9centes disposent d&rsquo;alertes d&rsquo;hypertension, qui peuvent vous aider \u00e0 identifier passivement l&rsquo;hypertension art\u00e9rielle, tandis que la protection contre les chutes et les accidents peut automatiquement appeler \u00e0 l&rsquo;aide en cas d&rsquo;urgence lorsque vous ne pouvez pas atteindre le t\u00e9l\u00e9phone. <\/p>\n<h2 id=\"when-does-watchos-262-come-out\">Quand sort watchOS 26.2 ?<\/h2>\n<p>Apple n&rsquo;a pas de date fixe pour watchOS 26.2, ni pour iOS 26.2 et macOS 26.2 d&rsquo;ailleurs. Cependant, maintenant que les RC sont disponibles, ces mises \u00e0 jour arriveront probablement bient\u00f4t. Tant qu&rsquo;il n&rsquo;y a pas de bugs ou de probl\u00e8mes flagrants dans ces RC, Apple publiera probablement les mises \u00e0 jour ce mois-ci.  <\/p>\n","protected":false},"excerpt":{"rendered":"<p>Hier, Apple a d\u00e9voil\u00e9 les versions candidates (RC) pour sa liste de mises \u00e0 jour \u00e0 venir. Une RC, comme son nom l&rsquo;indique, est la<\/p>\n","protected":false},"author":1,"featured_media":11701,"comment_status":"","ping_status":"","sticky":false,"template":"","format":"standard","meta":{"footnotes":""},"categories":[1],"tags":[54,61,6797,33,771,593,8,55,8568],"class_list":["post-11700","post","type-post","status-publish","format-standard","has-post-thumbnail","hentry","category-non-classe","tag-apple","tag-avec","tag-changements","tag-sur","tag-trois","tag-venir","tag-votre","tag-watch","tag-watchos","generate-columns","tablet-grid-50","mobile-grid-100","grid-parent","grid-33"],"yoast_head":"<!-- This site is optimized with the Yoast SEO plugin v24.0 - https:\/\/yoast.com\/wordpress\/plugins\/seo\/ -->\n<title>Trois changements \u00e0 venir sur votre Apple Watch avec watchOS 26.2 | Vie Associative<\/title>\n<meta name=\"robots\" content=\"index, follow, max-snippet:-1, max-image-preview:large, max-video-preview:-1\" \/>\n<link rel=\"canonical\" href=\"https:\/\/vieassociative.be\/actualites\/trois-changements-a-venir-sur-votre-apple-watch-avec-watchos-26-2\/\" \/>\n<meta property=\"og:locale\" content=\"fr_FR\" \/>\n<meta property=\"og:type\" content=\"article\" \/>\n<meta property=\"og:title\" content=\"Trois changements \u00e0 venir sur votre Apple Watch avec watchOS 26.2 | Vie Associative\" \/>\n<meta property=\"og:description\" content=\"Hier, Apple a d\u00e9voil\u00e9 les versions candidates (RC) pour sa liste de mises \u00e0 jour \u00e0 venir. Une RC, comme son nom l&rsquo;indique, est la\" \/>\n<meta property=\"og:url\" content=\"https:\/\/vieassociative.be\/actualites\/trois-changements-a-venir-sur-votre-apple-watch-avec-watchos-26-2\/\" \/>\n<meta property=\"og:site_name\" content=\"Vie Associative\" \/>\n<meta property=\"article:published_time\" content=\"2025-12-05T07:17:59+00:00\" \/>\n<meta property=\"og:image\" content=\"https:\/\/vieassociative.be\/actualites\/wp-content\/uploads\/2024\/09\/header_backgroundk-01-e1726694325946.png\" \/>\n\t<meta property=\"og:image:width\" content=\"279\" \/>\n\t<meta property=\"og:image:height\" content=\"92\" \/>\n\t<meta property=\"og:image:type\" content=\"image\/png\" \/>\n<meta name=\"author\" content=\"Julien\" \/>\n<meta name=\"twitter:card\" content=\"summary_large_image\" \/>\n<meta name=\"twitter:label1\" content=\"\u00c9crit par\" \/>\n\t<meta name=\"twitter:data1\" content=\"Julien\" \/>\n\t<meta name=\"twitter:label2\" content=\"Dur\u00e9e de lecture est.\" \/>\n\t<meta name=\"twitter:data2\" content=\"3 minutes\" \/>\n<script type=\"application\/ld+json\" class=\"yoast-schema-graph\">{\"@context\":\"https:\/\/schema.org\",\"@graph\":[{\"@type\":\"Article\",\"@id\":\"https:\/\/vieassociative.be\/actualites\/trois-changements-a-venir-sur-votre-apple-watch-avec-watchos-26-2\/#article\",\"isPartOf\":{\"@id\":\"https:\/\/vieassociative.be\/actualites\/trois-changements-a-venir-sur-votre-apple-watch-avec-watchos-26-2\/\"},\"author\":{\"name\":\"Julien\",\"@id\":\"https:\/\/vieassociative.be\/actualites\/#\/schema\/person\/b87ac4f82f9d4e7b7cec7395b679edc4\"},\"headline\":\"Trois changements \u00e0 venir sur votre Apple Watch avec watchOS 26.2\",\"datePublished\":\"2025-12-05T07:17:59+00:00\",\"dateModified\":\"2025-12-05T07:17:59+00:00\",\"mainEntityOfPage\":{\"@id\":\"https:\/\/vieassociative.be\/actualites\/trois-changements-a-venir-sur-votre-apple-watch-avec-watchos-26-2\/\"},\"wordCount\":686,\"publisher\":{\"@id\":\"https:\/\/vieassociative.be\/actualites\/#organization\"},\"image\":{\"@id\":\"https:\/\/vieassociative.be\/actualites\/trois-changements-a-venir-sur-votre-apple-watch-avec-watchos-26-2\/#primaryimage\"},\"thumbnailUrl\":\"https:\/\/vieassociative.be\/actualites\/wp-content\/uploads\/2025\/12\/Trois-changements-a-venir-sur-votre-Apple-Watch-avec-watchOS.jpg\",\"keywords\":[\"Apple\",\"avec\",\"changements\",\"sur\",\"trois\",\"venir\",\"votre\",\"Watch\",\"Watchos\"],\"inLanguage\":\"fr-BE\"},{\"@type\":\"WebPage\",\"@id\":\"https:\/\/vieassociative.be\/actualites\/trois-changements-a-venir-sur-votre-apple-watch-avec-watchos-26-2\/\",\"url\":\"https:\/\/vieassociative.be\/actualites\/trois-changements-a-venir-sur-votre-apple-watch-avec-watchos-26-2\/\",\"name\":\"Trois changements \u00e0 venir sur votre Apple Watch avec watchOS 26.2 | Vie Associative\",\"isPartOf\":{\"@id\":\"https:\/\/vieassociative.be\/actualites\/#website\"},\"primaryImageOfPage\":{\"@id\":\"https:\/\/vieassociative.be\/actualites\/trois-changements-a-venir-sur-votre-apple-watch-avec-watchos-26-2\/#primaryimage\"},\"image\":{\"@id\":\"https:\/\/vieassociative.be\/actualites\/trois-changements-a-venir-sur-votre-apple-watch-avec-watchos-26-2\/#primaryimage\"},\"thumbnailUrl\":\"https:\/\/vieassociative.be\/actualites\/wp-content\/uploads\/2025\/12\/Trois-changements-a-venir-sur-votre-Apple-Watch-avec-watchOS.jpg\",\"datePublished\":\"2025-12-05T07:17:59+00:00\",\"dateModified\":\"2025-12-05T07:17:59+00:00\",\"breadcrumb\":{\"@id\":\"https:\/\/vieassociative.be\/actualites\/trois-changements-a-venir-sur-votre-apple-watch-avec-watchos-26-2\/#breadcrumb\"},\"inLanguage\":\"fr-BE\",\"potentialAction\":[{\"@type\":\"ReadAction\",\"target\":[\"https:\/\/vieassociative.be\/actualites\/trois-changements-a-venir-sur-votre-apple-watch-avec-watchos-26-2\/\"]}]},{\"@type\":\"ImageObject\",\"inLanguage\":\"fr-BE\",\"@id\":\"https:\/\/vieassociative.be\/actualites\/trois-changements-a-venir-sur-votre-apple-watch-avec-watchos-26-2\/#primaryimage\",\"url\":\"https:\/\/vieassociative.be\/actualites\/wp-content\/uploads\/2025\/12\/Trois-changements-a-venir-sur-votre-Apple-Watch-avec-watchOS.jpg\",\"contentUrl\":\"https:\/\/vieassociative.be\/actualites\/wp-content\/uploads\/2025\/12\/Trois-changements-a-venir-sur-votre-Apple-Watch-avec-watchOS.jpg\",\"width\":1200,\"height\":675,\"caption\":\"Trois changements \u00e0 venir sur votre Apple Watch avec watchOS 26.2\"},{\"@type\":\"BreadcrumbList\",\"@id\":\"https:\/\/vieassociative.be\/actualites\/trois-changements-a-venir-sur-votre-apple-watch-avec-watchos-26-2\/#breadcrumb\",\"itemListElement\":[{\"@type\":\"ListItem\",\"position\":1,\"name\":\"Accueil\",\"item\":\"https:\/\/vieassociative.be\/actualites\/\"},{\"@type\":\"ListItem\",\"position\":2,\"name\":\"Trois changements \u00e0 venir sur votre Apple Watch avec watchOS 26.2\"}]},{\"@type\":\"WebSite\",\"@id\":\"https:\/\/vieassociative.be\/actualites\/#website\",\"url\":\"https:\/\/vieassociative.be\/actualites\/\",\"name\":\"Vie Associative\",\"description\":\"\",\"publisher\":{\"@id\":\"https:\/\/vieassociative.be\/actualites\/#organization\"},\"potentialAction\":[{\"@type\":\"SearchAction\",\"target\":{\"@type\":\"EntryPoint\",\"urlTemplate\":\"https:\/\/vieassociative.be\/actualites\/?s={search_term_string}\"},\"query-input\":{\"@type\":\"PropertyValueSpecification\",\"valueRequired\":true,\"valueName\":\"search_term_string\"}}],\"inLanguage\":\"fr-BE\"},{\"@type\":\"Organization\",\"@id\":\"https:\/\/vieassociative.be\/actualites\/#organization\",\"name\":\"Vie Associative\",\"url\":\"https:\/\/vieassociative.be\/actualites\/\",\"logo\":{\"@type\":\"ImageObject\",\"inLanguage\":\"fr-BE\",\"@id\":\"https:\/\/vieassociative.be\/actualites\/#\/schema\/logo\/image\/\",\"url\":\"https:\/\/vieassociative.be\/actualites\/wp-content\/uploads\/2024\/09\/cropped-vieassociative_favicon.ico.png\",\"contentUrl\":\"https:\/\/vieassociative.be\/actualites\/wp-content\/uploads\/2024\/09\/cropped-vieassociative_favicon.ico.png\",\"width\":512,\"height\":512,\"caption\":\"Vie Associative\"},\"image\":{\"@id\":\"https:\/\/vieassociative.be\/actualites\/#\/schema\/logo\/image\/\"}},{\"@type\":\"Person\",\"@id\":\"https:\/\/vieassociative.be\/actualites\/#\/schema\/person\/b87ac4f82f9d4e7b7cec7395b679edc4\",\"name\":\"Julien\",\"image\":{\"@type\":\"ImageObject\",\"inLanguage\":\"fr-BE\",\"@id\":\"https:\/\/vieassociative.be\/actualites\/#\/schema\/person\/image\/\",\"url\":\"https:\/\/vieassociative.be\/actualites\/wp-content\/uploads\/2024\/09\/vie-associative-1-150x150.jpg\",\"contentUrl\":\"https:\/\/vieassociative.be\/actualites\/wp-content\/uploads\/2024\/09\/vie-associative-1-150x150.jpg\",\"caption\":\"Julien\"},\"description\":\"Je suis Julien, r\u00e9dacteur pour Vie Associative. Passionn\u00e9 par le monde associatif depuis plus de 10 ans, j'ai \u00e0 c\u0153ur de partager des histoires inspirantes et de mettre en lumi\u00e8re les initiatives locales. Mon objectif est de sensibiliser et d'encourager l'engagement communautaire \u00e0 travers mes articles.\",\"sameAs\":[\"https:\/\/vieassociative.be\/\"]}]}<\/script>\n<!-- \/ Yoast SEO plugin. -->","yoast_head_json":{"title":"Trois changements \u00e0 venir sur votre Apple Watch avec watchOS 26.2 | Vie Associative","robots":{"index":"index","follow":"follow","max-snippet":"max-snippet:-1","max-image-preview":"max-image-preview:large","max-video-preview":"max-video-preview:-1"},"canonical":"https:\/\/vieassociative.be\/actualites\/trois-changements-a-venir-sur-votre-apple-watch-avec-watchos-26-2\/","og_locale":"fr_FR","og_type":"article","og_title":"Trois changements \u00e0 venir sur votre Apple Watch avec watchOS 26.2 | Vie Associative","og_description":"Hier, Apple a d\u00e9voil\u00e9 les versions candidates (RC) pour sa liste de mises \u00e0 jour \u00e0 venir. Une RC, comme son nom l&rsquo;indique, est la","og_url":"https:\/\/vieassociative.be\/actualites\/trois-changements-a-venir-sur-votre-apple-watch-avec-watchos-26-2\/","og_site_name":"Vie Associative","article_published_time":"2025-12-05T07:17:59+00:00","og_image":[{"width":279,"height":92,"url":"https:\/\/vieassociative.be\/actualites\/wp-content\/uploads\/2024\/09\/header_backgroundk-01-e1726694325946.png","type":"image\/png"}],"author":"Julien","twitter_card":"summary_large_image","twitter_misc":{"\u00c9crit par":"Julien","Dur\u00e9e de lecture est.":"3 minutes"},"schema":{"@context":"https:\/\/schema.org","@graph":[{"@type":"Article","@id":"https:\/\/vieassociative.be\/actualites\/trois-changements-a-venir-sur-votre-apple-watch-avec-watchos-26-2\/#article","isPartOf":{"@id":"https:\/\/vieassociative.be\/actualites\/trois-changements-a-venir-sur-votre-apple-watch-avec-watchos-26-2\/"},"author":{"name":"Julien","@id":"https:\/\/vieassociative.be\/actualites\/#\/schema\/person\/b87ac4f82f9d4e7b7cec7395b679edc4"},"headline":"Trois changements \u00e0 venir sur votre Apple Watch avec watchOS 26.2","datePublished":"2025-12-05T07:17:59+00:00","dateModified":"2025-12-05T07:17:59+00:00","mainEntityOfPage":{"@id":"https:\/\/vieassociative.be\/actualites\/trois-changements-a-venir-sur-votre-apple-watch-avec-watchos-26-2\/"},"wordCount":686,"publisher":{"@id":"https:\/\/vieassociative.be\/actualites\/#organization"},"image":{"@id":"https:\/\/vieassociative.be\/actualites\/trois-changements-a-venir-sur-votre-apple-watch-avec-watchos-26-2\/#primaryimage"},"thumbnailUrl":"https:\/\/vieassociative.be\/actualites\/wp-content\/uploads\/2025\/12\/Trois-changements-a-venir-sur-votre-Apple-Watch-avec-watchOS.jpg","keywords":["Apple","avec","changements","sur","trois","venir","votre","Watch","Watchos"],"inLanguage":"fr-BE"},{"@type":"WebPage","@id":"https:\/\/vieassociative.be\/actualites\/trois-changements-a-venir-sur-votre-apple-watch-avec-watchos-26-2\/","url":"https:\/\/vieassociative.be\/actualites\/trois-changements-a-venir-sur-votre-apple-watch-avec-watchos-26-2\/","name":"Trois changements \u00e0 venir sur votre Apple Watch avec watchOS 26.2 | Vie Associative","isPartOf":{"@id":"https:\/\/vieassociative.be\/actualites\/#website"},"primaryImageOfPage":{"@id":"https:\/\/vieassociative.be\/actualites\/trois-changements-a-venir-sur-votre-apple-watch-avec-watchos-26-2\/#primaryimage"},"image":{"@id":"https:\/\/vieassociative.be\/actualites\/trois-changements-a-venir-sur-votre-apple-watch-avec-watchos-26-2\/#primaryimage"},"thumbnailUrl":"https:\/\/vieassociative.be\/actualites\/wp-content\/uploads\/2025\/12\/Trois-changements-a-venir-sur-votre-Apple-Watch-avec-watchOS.jpg","datePublished":"2025-12-05T07:17:59+00:00","dateModified":"2025-12-05T07:17:59+00:00","breadcrumb":{"@id":"https:\/\/vieassociative.be\/actualites\/trois-changements-a-venir-sur-votre-apple-watch-avec-watchos-26-2\/#breadcrumb"},"inLanguage":"fr-BE","potentialAction":[{"@type":"ReadAction","target":["https:\/\/vieassociative.be\/actualites\/trois-changements-a-venir-sur-votre-apple-watch-avec-watchos-26-2\/"]}]},{"@type":"ImageObject","inLanguage":"fr-BE","@id":"https:\/\/vieassociative.be\/actualites\/trois-changements-a-venir-sur-votre-apple-watch-avec-watchos-26-2\/#primaryimage","url":"https:\/\/vieassociative.be\/actualites\/wp-content\/uploads\/2025\/12\/Trois-changements-a-venir-sur-votre-Apple-Watch-avec-watchOS.jpg","contentUrl":"https:\/\/vieassociative.be\/actualites\/wp-content\/uploads\/2025\/12\/Trois-changements-a-venir-sur-votre-Apple-Watch-avec-watchOS.jpg","width":1200,"height":675,"caption":"Trois changements \u00e0 venir sur votre Apple Watch avec watchOS 26.2"},{"@type":"BreadcrumbList","@id":"https:\/\/vieassociative.be\/actualites\/trois-changements-a-venir-sur-votre-apple-watch-avec-watchos-26-2\/#breadcrumb","itemListElement":[{"@type":"ListItem","position":1,"name":"Accueil","item":"https:\/\/vieassociative.be\/actualites\/"},{"@type":"ListItem","position":2,"name":"Trois changements \u00e0 venir sur votre Apple Watch avec watchOS 26.2"}]},{"@type":"WebSite","@id":"https:\/\/vieassociative.be\/actualites\/#website","url":"https:\/\/vieassociative.be\/actualites\/","name":"Vie Associative","description":"","publisher":{"@id":"https:\/\/vieassociative.be\/actualites\/#organization"},"potentialAction":[{"@type":"SearchAction","target":{"@type":"EntryPoint","urlTemplate":"https:\/\/vieassociative.be\/actualites\/?s={search_term_string}"},"query-input":{"@type":"PropertyValueSpecification","valueRequired":true,"valueName":"search_term_string"}}],"inLanguage":"fr-BE"},{"@type":"Organization","@id":"https:\/\/vieassociative.be\/actualites\/#organization","name":"Vie Associative","url":"https:\/\/vieassociative.be\/actualites\/","logo":{"@type":"ImageObject","inLanguage":"fr-BE","@id":"https:\/\/vieassociative.be\/actualites\/#\/schema\/logo\/image\/","url":"https:\/\/vieassociative.be\/actualites\/wp-content\/uploads\/2024\/09\/cropped-vieassociative_favicon.ico.png","contentUrl":"https:\/\/vieassociative.be\/actualites\/wp-content\/uploads\/2024\/09\/cropped-vieassociative_favicon.ico.png","width":512,"height":512,"caption":"Vie Associative"},"image":{"@id":"https:\/\/vieassociative.be\/actualites\/#\/schema\/logo\/image\/"}},{"@type":"Person","@id":"https:\/\/vieassociative.be\/actualites\/#\/schema\/person\/b87ac4f82f9d4e7b7cec7395b679edc4","name":"Julien","image":{"@type":"ImageObject","inLanguage":"fr-BE","@id":"https:\/\/vieassociative.be\/actualites\/#\/schema\/person\/image\/","url":"https:\/\/vieassociative.be\/actualites\/wp-content\/uploads\/2024\/09\/vie-associative-1-150x150.jpg","contentUrl":"https:\/\/vieassociative.be\/actualites\/wp-content\/uploads\/2024\/09\/vie-associative-1-150x150.jpg","caption":"Julien"},"description":"Je suis Julien, r\u00e9dacteur pour Vie Associative. Passionn\u00e9 par le monde associatif depuis plus de 10 ans, j'ai \u00e0 c\u0153ur de partager des histoires inspirantes et de mettre en lumi\u00e8re les initiatives locales. Mon objectif est de sensibiliser et d'encourager l'engagement communautaire \u00e0 travers mes articles.","sameAs":["https:\/\/vieassociative.be\/"]}]}},"_links":{"self":[{"href":"https:\/\/vieassociative.be\/actualites\/wp-json\/wp\/v2\/posts\/11700"}],"collection":[{"href":"https:\/\/vieassociative.be\/actualites\/wp-json\/wp\/v2\/posts"}],"about":[{"href":"https:\/\/vieassociative.be\/actualites\/wp-json\/wp\/v2\/types\/post"}],"author":[{"embeddable":true,"href":"https:\/\/vieassociative.be\/actualites\/wp-json\/wp\/v2\/users\/1"}],"replies":[{"embeddable":true,"href":"https:\/\/vieassociative.be\/actualites\/wp-json\/wp\/v2\/comments?post=11700"}],"version-history":[{"count":0,"href":"https:\/\/vieassociative.be\/actualites\/wp-json\/wp\/v2\/posts\/11700\/revisions"}],"wp:featuredmedia":[{"embeddable":true,"href":"https:\/\/vieassociative.be\/actualites\/wp-json\/wp\/v2\/media\/11701"}],"wp:attachment":[{"href":"https:\/\/vieassociative.be\/actualites\/wp-json\/wp\/v2\/media?parent=11700"}],"wp:term":[{"taxonomy":"category","embeddable":true,"href":"https:\/\/vieassociative.be\/actualites\/wp-json\/wp\/v2\/categories?post=11700"},{"taxonomy":"post_tag","embeddable":true,"href":"https:\/\/vieassociative.be\/actualites\/wp-json\/wp\/v2\/tags?post=11700"}],"curies":[{"name":"wp","href":"https:\/\/api.w.org\/{rel}","templated":true}]}}