{"id":11698,"date":"2025-12-05T03:17:22","date_gmt":"2025-12-05T02:17:22","guid":{"rendered":"https:\/\/vieassociative.be\/actualites\/le-ministre-qui-na-pas-peur-de-la-russie-theo-francken-visite-le-rsi-et-la-caserne-de-lirmep\/"},"modified":"2025-12-05T03:17:22","modified_gmt":"2025-12-05T02:17:22","slug":"le-ministre-qui-na-pas-peur-de-la-russie-theo-francken-visite-le-rsi-et-la-caserne-de-lirmep","status":"publish","type":"post","link":"https:\/\/vieassociative.be\/actualites\/le-ministre-qui-na-pas-peur-de-la-russie-theo-francken-visite-le-rsi-et-la-caserne-de-lirmep\/","title":{"rendered":"Le ministre qui n&rsquo;a pas peur de la Russie : Th\u00e9o Francken visite le RSI et la caserne de l&rsquo;Irmep"},"content":{"rendered":"<p><strong>Le ministre de la D\u00e9fense Theo Francken (N-VA) \u00e9tait \u00e0 Eupen jeudi. Au programme, des visites de l&rsquo;Institut Robert Schuman (RSI) et de la caserne de l&rsquo;Irmep.<\/strong><\/p>\n<p><span id=\"more-431017\"><\/span>Depuis cette ann\u00e9e scolaire, le RSI propose pour la premi\u00e8re fois la fili\u00e8re \u00ab D\u00e9fense, Pr\u00e9vention et S\u00e9curit\u00e9 \u00bb, qui pr\u00e9pare sp\u00e9cifiquement les jeunes \u00e0 une carri\u00e8re professionnelle dans le secteur de la s\u00e9curit\u00e9 &#8211; par exemple dans l&rsquo;arm\u00e9e, la police, les pompiers ou dans les services de s\u00e9curit\u00e9 priv\u00e9s.<\/p>\n<p>Le ministre Francken a d\u00e9couvert sur place le contenu du nouveau programme, qui comprend des \u00e9l\u00e9ments pratiques tels que les principes op\u00e9rationnels, le travail d&rsquo;\u00e9quipe, la r\u00e9solution des conflits et la pr\u00e9paration physique. Lors d&rsquo;entretiens avec des enseignants et des \u00e9tudiants, le ministre de la D\u00e9fense a exprim\u00e9 son int\u00e9r\u00eat pour la mani\u00e8re dont les jeunes acqui\u00e8rent un aper\u00e7u pr\u00e9coce des m\u00e9tiers li\u00e9s \u00e0 la s\u00e9curit\u00e9 et pour le r\u00f4le que les \u00e9coles peuvent jouer dans le recrutement de jeunes talents.<\/p>\n<div id=\"attachment_431032\" class=\"wp-caption alignleft\" style=\"max-width: 300px\"><img fetchpriority=\"high\" decoding=\"async\" class=\"wp-image-431032 size-medium\" src=\"https:\/\/vieassociative.be\/actualites\/wp-content\/uploads\/2025\/12\/Le-ministre-qui-na-pas-peur-de-la-Russie.jpg\" alt=\"\" width=\"300\" height=\"200\"><\/div>\n<p>Le ministre a soulign\u00e9 que la d\u00e9fense belge est confront\u00e9e \u00e0 des d\u00e9fis majeurs &#8211; du manque de personnel aux nouvelles exigences techniques en passant par les menaces croissantes des drones, des cyberattaques et de la guerre hybride. Dans ce contexte, le minist\u00e8re de la D\u00e9fense attache une importance croissante aux parcours de formation qui transmettent des comp\u00e9tences li\u00e9es \u00e0 la s\u00e9curit\u00e9. Le nouveau domaine d&rsquo;\u00e9tudes \u00e0 Eupen s&rsquo;inscrit bien dans la r\u00e9forme en cours des forces arm\u00e9es, qui met l&rsquo;accent sur davantage de personnel, un recrutement plus large et un ancrage r\u00e9gional plus fort.<\/p>\n<p>Apr\u00e8s ses \u00e9tudes, Francken poursuit son s\u00e9jour \u00e0 Eupen par une visite de la caserne de l&rsquo;Irmep, dans la ville basse, o\u00f9 il s&rsquo;entretient avec des militaires et s&rsquo;informe de l&rsquo;\u00e9tat des infrastructures.<\/p>\n<p>La caserne Irmep joue traditionnellement un r\u00f4le dans la formation et la logistique de l&rsquo;arm\u00e9e et reste un site important pour l&rsquo;Est de la Belgique. Bien qu&rsquo;aucun projet concret n&rsquo;ait \u00e9t\u00e9 annonc\u00e9, la visite de Francken sugg\u00e8re qu&rsquo;\u00e0 l&rsquo;avenir, tant la pr\u00e9sence militaire que les fili\u00e8res de formation li\u00e9es \u00e0 la s\u00e9curit\u00e9 dans la Communaut\u00e9 germanophone soient davantage int\u00e9gr\u00e9es dans la strat\u00e9gie de d\u00e9fense nationale.<\/p>\n<div id=\"attachment_431040\" class=\"wp-caption alignleft\" style=\"max-width: 300px\"><img decoding=\"async\" class=\"wp-image-431040 size-medium\" src=\"https:\/\/vieassociative.be\/actualites\/wp-content\/uploads\/2025\/12\/1764901042_84_Le-ministre-qui-na-pas-peur-de-la-Russie.jpg\" alt=\"\" width=\"300\" height=\"200\"><\/div>\n<p>Theo Francken est depuis de nombreuses ann\u00e9es l&rsquo;un des hommes politiques les plus polarisants de Belgique. Tout comme son parti, la N-VA, et son leader Bart De Wever, d\u00e9sormais Premier ministre, Francken a d&rsquo;abord \u00e9t\u00e9 un signal d&rsquo;alarme pour de nombreux hommes politiques de l&rsquo;Est de la Belgique. Les nationalistes flamands \u00e9taient accus\u00e9s de vouloir diviser la Belgique.<\/p>\n<p>Francken a acquis une renomm\u00e9e nationale principalement lorsqu&rsquo;il \u00e9tait secr\u00e9taire d&rsquo;\u00c9tat \u00e0 l&rsquo;asile et \u00e0 la migration au sein du gouvernement f\u00e9d\u00e9ral de Charles Michel (MR) entre 2014 et 2018. \u00c0 ce titre, il a adopt\u00e9 une ligne particuli\u00e8rement dure en mati\u00e8re de politique migratoire et a ainsi fa\u00e7onn\u00e9 l&rsquo;une des politiques d&rsquo;asile les plus strictes que la Belgique ait connues jusqu&rsquo;\u00e0 pr\u00e9sent. Ses partisans l&rsquo;ont d\u00e9crit comme d\u00e9cisif et efficace, tandis que ses critiques l&rsquo;ont accus\u00e9 d&rsquo;avoir suivi une ligne populiste et froide destin\u00e9e \u00e0 dissuader syst\u00e9matiquement les r\u00e9fugi\u00e9s.<\/p>\n<p>Ces derniers mois, le ministre de la D\u00e9fense a fait l&rsquo;objet de nouvelles critiques apr\u00e8s avoir \u00e9t\u00e9 accus\u00e9 de provoquer d\u00e9lib\u00e9r\u00e9ment la Russie. L&rsquo;\u00e9l\u00e9ment d\u00e9clencheur a \u00e9t\u00e9 les d\u00e9clarations extr\u00eamement dures du ministre concernant la situation s\u00e9curitaire en Europe.<\/p>\n<p>Dans une interview, Francken a soulign\u00e9 qu&rsquo;une attaque russe contre Bruxelles &#8211; en particulier contre le si\u00e8ge de l&rsquo;OTAN &#8211; aurait de graves cons\u00e9quences, et il a exprim\u00e9 cela dans des termes inhabituellement drastiques. Les observateurs ont interpr\u00e9t\u00e9 sa d\u00e9claration selon laquelle Moscou serait \u00ab ray\u00e9e de la surface de la terre \u00bb comme une menace nucl\u00e9aire flagrante.<\/p>\n<div id=\"attachment_269091\" class=\"wp-caption alignleft\" style=\"max-width: 300px\"><img decoding=\"async\" class=\"wp-image-269091 size-medium\" src=\"https:\/\/vieassociative.be\/actualites\/wp-content\/uploads\/2025\/02\/La-conscription-en-Belgique-est-elle-reintroduite.jpeg\" alt=\"\" width=\"300\" height=\"200\"  ><\/div>\n<p>La pr\u00e9d\u00e9cesseure de Francken au poste de ministre de la D\u00e9fense, la socialiste francophone Ludivine Dedonder (PS), n&rsquo;a pas h\u00e9sit\u00e9 \u00e0 critiquer Francken : \u00ab\u00a0Bien s\u00fbr, nous aurions volontiers \u00e9vit\u00e9 sa d\u00e9claration selon laquelle il raserait Moscou. Si je pouvais lui donner un conseil, ce serait certainement qu&rsquo;il fasse preuve de la mesure et de la retenue n\u00e9cessaires dans le poste sensible qu&rsquo;il occupe.\u00a0\u00bb L&rsquo;ancien ministre de la D\u00e9fense a d\u00e9nonc\u00e9 le danger d&rsquo;un tel comportement : \u00ab\u00a0En tant que ministre de la D\u00e9fense, vous ne provoquez pas. Vous \u00eates l\u00e0 pour prot\u00e9ger la population et pour agir.\u00a0\u00bb<\/p>\n<p>Le ministre lui-m\u00eame a rejet\u00e9 ces critiques et a soulign\u00e9 qu&rsquo;il souhaitait utiliser des mots clairs pour \u00e9viter que la Belgique ou l&rsquo;OTAN ne deviennent la cible de tentatives d&rsquo;intimidation. N\u00e9anmoins, sa d\u00e9claration reste un exemple de la fa\u00e7on dont la communication en mati\u00e8re de politique de s\u00e9curit\u00e9 doit trouver un \u00e9quilibre entre la dissuasion et le risque d&rsquo;escalade dans la situation actuelle &#8211; et de la facilit\u00e9 avec laquelle une formulation irr\u00e9fl\u00e9chie peut provoquer des vagues internationales. (cr\u00e9er)<\/p>\n","protected":false},"excerpt":{"rendered":"<p>Le ministre de la D\u00e9fense Theo Francken (N-VA) \u00e9tait \u00e0 Eupen jeudi. Au programme, des visites de l&rsquo;Institut Robert Schuman (RSI) et de la caserne<\/p>\n","protected":false},"author":1,"featured_media":11699,"comment_status":"","ping_status":"","sticky":false,"template":"","format":"standard","meta":{"footnotes":""},"categories":[298],"tags":[9455,9454,9456,1245,126,1923,99,4883,2636,9453,4452],"class_list":["post-11698","post","type-post","status-publish","format-standard","has-post-thumbnail","hentry","category-belgique","tag-caserne","tag-francken","tag-lirmep","tag-ministre","tag-pas","tag-peur","tag-qui","tag-rsi","tag-russie","tag-theo","tag-visite","generate-columns","tablet-grid-50","mobile-grid-100","grid-parent","grid-33"],"yoast_head":"<!-- This site is optimized with the Yoast SEO plugin v24.0 - https:\/\/yoast.com\/wordpress\/plugins\/seo\/ -->\n<title>Le ministre qui n&#039;a pas peur de la Russie : Th\u00e9o Francken visite le RSI et la caserne de l&#039;Irmep | Vie Associative<\/title>\n<meta name=\"robots\" content=\"index, follow, max-snippet:-1, max-image-preview:large, max-video-preview:-1\" \/>\n<link rel=\"canonical\" href=\"https:\/\/vieassociative.be\/actualites\/le-ministre-qui-na-pas-peur-de-la-russie-theo-francken-visite-le-rsi-et-la-caserne-de-lirmep\/\" \/>\n<meta property=\"og:locale\" content=\"fr_FR\" \/>\n<meta property=\"og:type\" content=\"article\" \/>\n<meta property=\"og:title\" content=\"Le ministre qui n&#039;a pas peur de la Russie : Th\u00e9o Francken visite le RSI et la caserne de l&#039;Irmep | Vie Associative\" \/>\n<meta property=\"og:description\" content=\"Le ministre de la D\u00e9fense Theo Francken (N-VA) \u00e9tait \u00e0 Eupen jeudi. Au programme, des visites de l&rsquo;Institut Robert Schuman (RSI) et de la caserne\" \/>\n<meta property=\"og:url\" content=\"https:\/\/vieassociative.be\/actualites\/le-ministre-qui-na-pas-peur-de-la-russie-theo-francken-visite-le-rsi-et-la-caserne-de-lirmep\/\" \/>\n<meta property=\"og:site_name\" content=\"Vie Associative\" \/>\n<meta property=\"article:published_time\" content=\"2025-12-05T02:17:22+00:00\" \/>\n<meta property=\"og:image\" content=\"https:\/\/vieassociative.be\/actualites\/wp-content\/uploads\/2024\/09\/header_backgroundk-01-e1726694325946.png\" \/>\n\t<meta property=\"og:image:width\" content=\"279\" \/>\n\t<meta property=\"og:image:height\" content=\"92\" \/>\n\t<meta property=\"og:image:type\" content=\"image\/png\" \/>\n<meta name=\"author\" content=\"Julien\" \/>\n<meta name=\"twitter:card\" content=\"summary_large_image\" \/>\n<meta name=\"twitter:label1\" content=\"\u00c9crit par\" \/>\n\t<meta name=\"twitter:data1\" content=\"Julien\" \/>\n\t<meta name=\"twitter:label2\" content=\"Dur\u00e9e de lecture est.\" \/>\n\t<meta name=\"twitter:data2\" content=\"4 minutes\" \/>\n<script type=\"application\/ld+json\" class=\"yoast-schema-graph\">{\"@context\":\"https:\/\/schema.org\",\"@graph\":[{\"@type\":\"Article\",\"@id\":\"https:\/\/vieassociative.be\/actualites\/le-ministre-qui-na-pas-peur-de-la-russie-theo-francken-visite-le-rsi-et-la-caserne-de-lirmep\/#article\",\"isPartOf\":{\"@id\":\"https:\/\/vieassociative.be\/actualites\/le-ministre-qui-na-pas-peur-de-la-russie-theo-francken-visite-le-rsi-et-la-caserne-de-lirmep\/\"},\"author\":{\"name\":\"Julien\",\"@id\":\"https:\/\/vieassociative.be\/actualites\/#\/schema\/person\/b87ac4f82f9d4e7b7cec7395b679edc4\"},\"headline\":\"Le ministre qui n&rsquo;a pas peur de la Russie : Th\u00e9o Francken visite le RSI et la caserne de l&rsquo;Irmep\",\"datePublished\":\"2025-12-05T02:17:22+00:00\",\"dateModified\":\"2025-12-05T02:17:22+00:00\",\"mainEntityOfPage\":{\"@id\":\"https:\/\/vieassociative.be\/actualites\/le-ministre-qui-na-pas-peur-de-la-russie-theo-francken-visite-le-rsi-et-la-caserne-de-lirmep\/\"},\"wordCount\":923,\"publisher\":{\"@id\":\"https:\/\/vieassociative.be\/actualites\/#organization\"},\"image\":{\"@id\":\"https:\/\/vieassociative.be\/actualites\/le-ministre-qui-na-pas-peur-de-la-russie-theo-francken-visite-le-rsi-et-la-caserne-de-lirmep\/#primaryimage\"},\"thumbnailUrl\":\"https:\/\/vieassociative.be\/actualites\/wp-content\/uploads\/2025\/12\/1764901042_Le-ministre-qui-na-pas-peur-de-la-Russie.jpg\",\"keywords\":[\"caserne\",\"Francken\",\"lIrmep\",\"ministre\",\"pas\",\"peur\",\"qui\",\"RSI\",\"Russie\",\"Th\u00e9o\",\"visite\"],\"articleSection\":[\"Belgique\"],\"inLanguage\":\"fr-BE\"},{\"@type\":\"WebPage\",\"@id\":\"https:\/\/vieassociative.be\/actualites\/le-ministre-qui-na-pas-peur-de-la-russie-theo-francken-visite-le-rsi-et-la-caserne-de-lirmep\/\",\"url\":\"https:\/\/vieassociative.be\/actualites\/le-ministre-qui-na-pas-peur-de-la-russie-theo-francken-visite-le-rsi-et-la-caserne-de-lirmep\/\",\"name\":\"Le ministre qui n'a pas peur de la Russie : Th\u00e9o Francken visite le RSI et la caserne de l'Irmep | Vie Associative\",\"isPartOf\":{\"@id\":\"https:\/\/vieassociative.be\/actualites\/#website\"},\"primaryImageOfPage\":{\"@id\":\"https:\/\/vieassociative.be\/actualites\/le-ministre-qui-na-pas-peur-de-la-russie-theo-francken-visite-le-rsi-et-la-caserne-de-lirmep\/#primaryimage\"},\"image\":{\"@id\":\"https:\/\/vieassociative.be\/actualites\/le-ministre-qui-na-pas-peur-de-la-russie-theo-francken-visite-le-rsi-et-la-caserne-de-lirmep\/#primaryimage\"},\"thumbnailUrl\":\"https:\/\/vieassociative.be\/actualites\/wp-content\/uploads\/2025\/12\/1764901042_Le-ministre-qui-na-pas-peur-de-la-Russie.jpg\",\"datePublished\":\"2025-12-05T02:17:22+00:00\",\"dateModified\":\"2025-12-05T02:17:22+00:00\",\"breadcrumb\":{\"@id\":\"https:\/\/vieassociative.be\/actualites\/le-ministre-qui-na-pas-peur-de-la-russie-theo-francken-visite-le-rsi-et-la-caserne-de-lirmep\/#breadcrumb\"},\"inLanguage\":\"fr-BE\",\"potentialAction\":[{\"@type\":\"ReadAction\",\"target\":[\"https:\/\/vieassociative.be\/actualites\/le-ministre-qui-na-pas-peur-de-la-russie-theo-francken-visite-le-rsi-et-la-caserne-de-lirmep\/\"]}]},{\"@type\":\"ImageObject\",\"inLanguage\":\"fr-BE\",\"@id\":\"https:\/\/vieassociative.be\/actualites\/le-ministre-qui-na-pas-peur-de-la-russie-theo-francken-visite-le-rsi-et-la-caserne-de-lirmep\/#primaryimage\",\"url\":\"https:\/\/vieassociative.be\/actualites\/wp-content\/uploads\/2025\/12\/1764901042_Le-ministre-qui-na-pas-peur-de-la-Russie.jpg\",\"contentUrl\":\"https:\/\/vieassociative.be\/actualites\/wp-content\/uploads\/2025\/12\/1764901042_Le-ministre-qui-na-pas-peur-de-la-Russie.jpg\",\"width\":1200,\"height\":800,\"caption\":\"Le ministre qui n'a pas peur de la Russie : Th\u00e9o Francken visite le RSI et la caserne de l'Irmep\"},{\"@type\":\"BreadcrumbList\",\"@id\":\"https:\/\/vieassociative.be\/actualites\/le-ministre-qui-na-pas-peur-de-la-russie-theo-francken-visite-le-rsi-et-la-caserne-de-lirmep\/#breadcrumb\",\"itemListElement\":[{\"@type\":\"ListItem\",\"position\":1,\"name\":\"Accueil\",\"item\":\"https:\/\/vieassociative.be\/actualites\/\"},{\"@type\":\"ListItem\",\"position\":2,\"name\":\"Le ministre qui n&rsquo;a pas peur de la Russie : Th\u00e9o Francken visite le RSI et la caserne de l&rsquo;Irmep\"}]},{\"@type\":\"WebSite\",\"@id\":\"https:\/\/vieassociative.be\/actualites\/#website\",\"url\":\"https:\/\/vieassociative.be\/actualites\/\",\"name\":\"Vie Associative\",\"description\":\"\",\"publisher\":{\"@id\":\"https:\/\/vieassociative.be\/actualites\/#organization\"},\"potentialAction\":[{\"@type\":\"SearchAction\",\"target\":{\"@type\":\"EntryPoint\",\"urlTemplate\":\"https:\/\/vieassociative.be\/actualites\/?s={search_term_string}\"},\"query-input\":{\"@type\":\"PropertyValueSpecification\",\"valueRequired\":true,\"valueName\":\"search_term_string\"}}],\"inLanguage\":\"fr-BE\"},{\"@type\":\"Organization\",\"@id\":\"https:\/\/vieassociative.be\/actualites\/#organization\",\"name\":\"Vie Associative\",\"url\":\"https:\/\/vieassociative.be\/actualites\/\",\"logo\":{\"@type\":\"ImageObject\",\"inLanguage\":\"fr-BE\",\"@id\":\"https:\/\/vieassociative.be\/actualites\/#\/schema\/logo\/image\/\",\"url\":\"https:\/\/vieassociative.be\/actualites\/wp-content\/uploads\/2024\/09\/cropped-vieassociative_favicon.ico.png\",\"contentUrl\":\"https:\/\/vieassociative.be\/actualites\/wp-content\/uploads\/2024\/09\/cropped-vieassociative_favicon.ico.png\",\"width\":512,\"height\":512,\"caption\":\"Vie Associative\"},\"image\":{\"@id\":\"https:\/\/vieassociative.be\/actualites\/#\/schema\/logo\/image\/\"}},{\"@type\":\"Person\",\"@id\":\"https:\/\/vieassociative.be\/actualites\/#\/schema\/person\/b87ac4f82f9d4e7b7cec7395b679edc4\",\"name\":\"Julien\",\"image\":{\"@type\":\"ImageObject\",\"inLanguage\":\"fr-BE\",\"@id\":\"https:\/\/vieassociative.be\/actualites\/#\/schema\/person\/image\/\",\"url\":\"https:\/\/vieassociative.be\/actualites\/wp-content\/uploads\/2024\/09\/vie-associative-1-150x150.jpg\",\"contentUrl\":\"https:\/\/vieassociative.be\/actualites\/wp-content\/uploads\/2024\/09\/vie-associative-1-150x150.jpg\",\"caption\":\"Julien\"},\"description\":\"Je suis Julien, r\u00e9dacteur pour Vie Associative. Passionn\u00e9 par le monde associatif depuis plus de 10 ans, j'ai \u00e0 c\u0153ur de partager des histoires inspirantes et de mettre en lumi\u00e8re les initiatives locales. Mon objectif est de sensibiliser et d'encourager l'engagement communautaire \u00e0 travers mes articles.\",\"sameAs\":[\"https:\/\/vieassociative.be\/\"]}]}<\/script>\n<!-- \/ Yoast SEO plugin. -->","yoast_head_json":{"title":"Le ministre qui n'a pas peur de la Russie : Th\u00e9o Francken visite le RSI et la caserne de l'Irmep | Vie Associative","robots":{"index":"index","follow":"follow","max-snippet":"max-snippet:-1","max-image-preview":"max-image-preview:large","max-video-preview":"max-video-preview:-1"},"canonical":"https:\/\/vieassociative.be\/actualites\/le-ministre-qui-na-pas-peur-de-la-russie-theo-francken-visite-le-rsi-et-la-caserne-de-lirmep\/","og_locale":"fr_FR","og_type":"article","og_title":"Le ministre qui n'a pas peur de la Russie : Th\u00e9o Francken visite le RSI et la caserne de l'Irmep | Vie Associative","og_description":"Le ministre de la D\u00e9fense Theo Francken (N-VA) \u00e9tait \u00e0 Eupen jeudi. Au programme, des visites de l&rsquo;Institut Robert Schuman (RSI) et de la caserne","og_url":"https:\/\/vieassociative.be\/actualites\/le-ministre-qui-na-pas-peur-de-la-russie-theo-francken-visite-le-rsi-et-la-caserne-de-lirmep\/","og_site_name":"Vie Associative","article_published_time":"2025-12-05T02:17:22+00:00","og_image":[{"width":279,"height":92,"url":"https:\/\/vieassociative.be\/actualites\/wp-content\/uploads\/2024\/09\/header_backgroundk-01-e1726694325946.png","type":"image\/png"}],"author":"Julien","twitter_card":"summary_large_image","twitter_misc":{"\u00c9crit par":"Julien","Dur\u00e9e de lecture est.":"4 minutes"},"schema":{"@context":"https:\/\/schema.org","@graph":[{"@type":"Article","@id":"https:\/\/vieassociative.be\/actualites\/le-ministre-qui-na-pas-peur-de-la-russie-theo-francken-visite-le-rsi-et-la-caserne-de-lirmep\/#article","isPartOf":{"@id":"https:\/\/vieassociative.be\/actualites\/le-ministre-qui-na-pas-peur-de-la-russie-theo-francken-visite-le-rsi-et-la-caserne-de-lirmep\/"},"author":{"name":"Julien","@id":"https:\/\/vieassociative.be\/actualites\/#\/schema\/person\/b87ac4f82f9d4e7b7cec7395b679edc4"},"headline":"Le ministre qui n&rsquo;a pas peur de la Russie : Th\u00e9o Francken visite le RSI et la caserne de l&rsquo;Irmep","datePublished":"2025-12-05T02:17:22+00:00","dateModified":"2025-12-05T02:17:22+00:00","mainEntityOfPage":{"@id":"https:\/\/vieassociative.be\/actualites\/le-ministre-qui-na-pas-peur-de-la-russie-theo-francken-visite-le-rsi-et-la-caserne-de-lirmep\/"},"wordCount":923,"publisher":{"@id":"https:\/\/vieassociative.be\/actualites\/#organization"},"image":{"@id":"https:\/\/vieassociative.be\/actualites\/le-ministre-qui-na-pas-peur-de-la-russie-theo-francken-visite-le-rsi-et-la-caserne-de-lirmep\/#primaryimage"},"thumbnailUrl":"https:\/\/vieassociative.be\/actualites\/wp-content\/uploads\/2025\/12\/1764901042_Le-ministre-qui-na-pas-peur-de-la-Russie.jpg","keywords":["caserne","Francken","lIrmep","ministre","pas","peur","qui","RSI","Russie","Th\u00e9o","visite"],"articleSection":["Belgique"],"inLanguage":"fr-BE"},{"@type":"WebPage","@id":"https:\/\/vieassociative.be\/actualites\/le-ministre-qui-na-pas-peur-de-la-russie-theo-francken-visite-le-rsi-et-la-caserne-de-lirmep\/","url":"https:\/\/vieassociative.be\/actualites\/le-ministre-qui-na-pas-peur-de-la-russie-theo-francken-visite-le-rsi-et-la-caserne-de-lirmep\/","name":"Le ministre qui n'a pas peur de la Russie : Th\u00e9o Francken visite le RSI et la caserne de l'Irmep | Vie Associative","isPartOf":{"@id":"https:\/\/vieassociative.be\/actualites\/#website"},"primaryImageOfPage":{"@id":"https:\/\/vieassociative.be\/actualites\/le-ministre-qui-na-pas-peur-de-la-russie-theo-francken-visite-le-rsi-et-la-caserne-de-lirmep\/#primaryimage"},"image":{"@id":"https:\/\/vieassociative.be\/actualites\/le-ministre-qui-na-pas-peur-de-la-russie-theo-francken-visite-le-rsi-et-la-caserne-de-lirmep\/#primaryimage"},"thumbnailUrl":"https:\/\/vieassociative.be\/actualites\/wp-content\/uploads\/2025\/12\/1764901042_Le-ministre-qui-na-pas-peur-de-la-Russie.jpg","datePublished":"2025-12-05T02:17:22+00:00","dateModified":"2025-12-05T02:17:22+00:00","breadcrumb":{"@id":"https:\/\/vieassociative.be\/actualites\/le-ministre-qui-na-pas-peur-de-la-russie-theo-francken-visite-le-rsi-et-la-caserne-de-lirmep\/#breadcrumb"},"inLanguage":"fr-BE","potentialAction":[{"@type":"ReadAction","target":["https:\/\/vieassociative.be\/actualites\/le-ministre-qui-na-pas-peur-de-la-russie-theo-francken-visite-le-rsi-et-la-caserne-de-lirmep\/"]}]},{"@type":"ImageObject","inLanguage":"fr-BE","@id":"https:\/\/vieassociative.be\/actualites\/le-ministre-qui-na-pas-peur-de-la-russie-theo-francken-visite-le-rsi-et-la-caserne-de-lirmep\/#primaryimage","url":"https:\/\/vieassociative.be\/actualites\/wp-content\/uploads\/2025\/12\/1764901042_Le-ministre-qui-na-pas-peur-de-la-Russie.jpg","contentUrl":"https:\/\/vieassociative.be\/actualites\/wp-content\/uploads\/2025\/12\/1764901042_Le-ministre-qui-na-pas-peur-de-la-Russie.jpg","width":1200,"height":800,"caption":"Le ministre qui n'a pas peur de la Russie : Th\u00e9o Francken visite le RSI et la caserne de l'Irmep"},{"@type":"BreadcrumbList","@id":"https:\/\/vieassociative.be\/actualites\/le-ministre-qui-na-pas-peur-de-la-russie-theo-francken-visite-le-rsi-et-la-caserne-de-lirmep\/#breadcrumb","itemListElement":[{"@type":"ListItem","position":1,"name":"Accueil","item":"https:\/\/vieassociative.be\/actualites\/"},{"@type":"ListItem","position":2,"name":"Le ministre qui n&rsquo;a pas peur de la Russie : Th\u00e9o Francken visite le RSI et la caserne de l&rsquo;Irmep"}]},{"@type":"WebSite","@id":"https:\/\/vieassociative.be\/actualites\/#website","url":"https:\/\/vieassociative.be\/actualites\/","name":"Vie Associative","description":"","publisher":{"@id":"https:\/\/vieassociative.be\/actualites\/#organization"},"potentialAction":[{"@type":"SearchAction","target":{"@type":"EntryPoint","urlTemplate":"https:\/\/vieassociative.be\/actualites\/?s={search_term_string}"},"query-input":{"@type":"PropertyValueSpecification","valueRequired":true,"valueName":"search_term_string"}}],"inLanguage":"fr-BE"},{"@type":"Organization","@id":"https:\/\/vieassociative.be\/actualites\/#organization","name":"Vie Associative","url":"https:\/\/vieassociative.be\/actualites\/","logo":{"@type":"ImageObject","inLanguage":"fr-BE","@id":"https:\/\/vieassociative.be\/actualites\/#\/schema\/logo\/image\/","url":"https:\/\/vieassociative.be\/actualites\/wp-content\/uploads\/2024\/09\/cropped-vieassociative_favicon.ico.png","contentUrl":"https:\/\/vieassociative.be\/actualites\/wp-content\/uploads\/2024\/09\/cropped-vieassociative_favicon.ico.png","width":512,"height":512,"caption":"Vie Associative"},"image":{"@id":"https:\/\/vieassociative.be\/actualites\/#\/schema\/logo\/image\/"}},{"@type":"Person","@id":"https:\/\/vieassociative.be\/actualites\/#\/schema\/person\/b87ac4f82f9d4e7b7cec7395b679edc4","name":"Julien","image":{"@type":"ImageObject","inLanguage":"fr-BE","@id":"https:\/\/vieassociative.be\/actualites\/#\/schema\/person\/image\/","url":"https:\/\/vieassociative.be\/actualites\/wp-content\/uploads\/2024\/09\/vie-associative-1-150x150.jpg","contentUrl":"https:\/\/vieassociative.be\/actualites\/wp-content\/uploads\/2024\/09\/vie-associative-1-150x150.jpg","caption":"Julien"},"description":"Je suis Julien, r\u00e9dacteur pour Vie Associative. Passionn\u00e9 par le monde associatif depuis plus de 10 ans, j'ai \u00e0 c\u0153ur de partager des histoires inspirantes et de mettre en lumi\u00e8re les initiatives locales. Mon objectif est de sensibiliser et d'encourager l'engagement communautaire \u00e0 travers mes articles.","sameAs":["https:\/\/vieassociative.be\/"]}]}},"_links":{"self":[{"href":"https:\/\/vieassociative.be\/actualites\/wp-json\/wp\/v2\/posts\/11698"}],"collection":[{"href":"https:\/\/vieassociative.be\/actualites\/wp-json\/wp\/v2\/posts"}],"about":[{"href":"https:\/\/vieassociative.be\/actualites\/wp-json\/wp\/v2\/types\/post"}],"author":[{"embeddable":true,"href":"https:\/\/vieassociative.be\/actualites\/wp-json\/wp\/v2\/users\/1"}],"replies":[{"embeddable":true,"href":"https:\/\/vieassociative.be\/actualites\/wp-json\/wp\/v2\/comments?post=11698"}],"version-history":[{"count":0,"href":"https:\/\/vieassociative.be\/actualites\/wp-json\/wp\/v2\/posts\/11698\/revisions"}],"wp:featuredmedia":[{"embeddable":true,"href":"https:\/\/vieassociative.be\/actualites\/wp-json\/wp\/v2\/media\/11699"}],"wp:attachment":[{"href":"https:\/\/vieassociative.be\/actualites\/wp-json\/wp\/v2\/media?parent=11698"}],"wp:term":[{"taxonomy":"category","embeddable":true,"href":"https:\/\/vieassociative.be\/actualites\/wp-json\/wp\/v2\/categories?post=11698"},{"taxonomy":"post_tag","embeddable":true,"href":"https:\/\/vieassociative.be\/actualites\/wp-json\/wp\/v2\/tags?post=11698"}],"curies":[{"name":"wp","href":"https:\/\/api.w.org\/{rel}","templated":true}]}}