{"id":11688,"date":"2025-12-04T14:17:26","date_gmt":"2025-12-04T13:17:26","guid":{"rendered":"https:\/\/vieassociative.be\/actualites\/comment-choisir-le-meilleur-arbre-de-noel-pour-votre-maison\/"},"modified":"2025-12-04T14:17:26","modified_gmt":"2025-12-04T13:17:26","slug":"comment-choisir-le-meilleur-arbre-de-noel-pour-votre-maison","status":"publish","type":"post","link":"https:\/\/vieassociative.be\/actualites\/comment-choisir-le-meilleur-arbre-de-noel-pour-votre-maison\/","title":{"rendered":"Comment choisir le meilleur arbre de No\u00ebl pour votre maison"},"content":{"rendered":"<p>Consid\u00e9rant que l\u2019Am\u00e9rique a \u00e9t\u00e9 relativement tardive dans le domaine de l\u2019arbre de No\u00ebl \u2013 la pratique n\u2019est vraiment devenue populaire ici qu\u2019au milieu du 19e si\u00e8cle \u2013 nous en sommes certainement venus \u00e0 les aimer. Alors que de nombreuses traditions de No\u00ebl sont tomb\u00e9es dans les poubelles de l\u2019histoire, le puissant sapin de No\u00ebl a surv\u00e9cu aux ann\u00e9es ; environ 25 \u00e0 30 millions de vrais arbres sont achet\u00e9s chaque ann\u00e9e. \u00c0 moins que vous n&rsquo;ayez aucun projet de c\u00e9l\u00e9brer la f\u00eate, il y a de fortes chances que vous fassiez partie de ces personnes.<\/p>\n<p>Si vous pensez que trouver un sapin de No\u00ebl consiste simplement \u00e0 se rendre sur un terrain vague ou \u00e0 la ferme arboricole en bas de la route et \u00e0 en attraper un qui ressemble vaguement \u00e0 la forme d&rsquo;un arbre, vous vous trompez. Si vous souhaitez vivre la meilleure exp\u00e9rience possible avec un arbre de No\u00ebl, vous devez prendre en compte quelques aspects fondamentaux de l&rsquo;arbre et de votre maison. Voici comment vous assurer de trouver le meilleur sapin de No\u00ebl.<\/p>\n<h2 id=\"how-to-pick-the-best-spot-for-a-christmas-tree\">Comment choisir le meilleur endroit pour un sapin de No\u00ebl<\/h2>\n<p>Votre premier arr\u00eat vers le meilleur sapin de No\u00ebl possible consiste \u00e0 d\u00e9cider o\u00f9 l\u2019installer. Vous voudrez choisir un endroit o\u00f9 l&rsquo;arbre sera la pi\u00e8ce ma\u00eetresse de votre c\u00e9l\u00e9bration et o\u00f9 les gens pourront r\u00e9ellement en profiter, que ce soit dans le salon, dans un coin de votre petit studio ou dans la salle de vacances sp\u00e9ciale que vous avez construite dans l&rsquo;aile ouest du manoir familial. Une fois que vous avez choisi le bon emplacement g\u00e9n\u00e9ral, vous voudrez \u00e9viter de placer l&rsquo;arbre \u00e0 c\u00f4t\u00e9 d&rsquo;une source de chaleur (ce qui le dess\u00e8cherait), et vous voudrez qu&rsquo;il soit pr\u00e8s d&rsquo;une prise de courant (vous n&rsquo;aurez donc pas de rallonges qui font tr\u00e9bucher les gens et\/ou qui pourraient br\u00fbler votre maison).<\/p>\n<p>Une fois que vous aurez s\u00e9lectionn\u00e9 le bon endroit, vous souhaiterez mesurer. Tout d\u2019abord, mesurez la hauteur de vos plafonds. Enlevez un pied pour accueillir un support et une d\u00e9coration, si vous en utilisez un, et c&rsquo;est la hauteur maximale de l&rsquo;arbre que vous recherchez. Mesurez \u00e0 partir du centre de l&rsquo;endroit o\u00f9 se dressera l&rsquo;arbre et obtenez une circonf\u00e9rence approximative qui garantira que les branches ne rayent pas les murs et ne bloquent pas non plus la circulation pi\u00e9tonni\u00e8re. Vous disposez d\u00e9sormais des dimensions de base du meilleur arbre pour <em>ton<\/em> espace. N&rsquo;oubliez pas d&rsquo;apporter le ruban \u00e0 mesurer au parc \u00e0 arbres.<\/p>\n<h2 id=\"how-to-pick-the-best-type-of-christmas-tree\">Comment choisir le meilleur type d&rsquo;arbre de No\u00ebl<\/h2>\n<p>Bien que le sapin de No\u00ebl soit devenu un symbole g\u00e9n\u00e9rique de la p\u00e9riode des f\u00eates, il en existe un nombre surprenant de vari\u00e9t\u00e9s. Le choix du meilleur d\u00e9pend de l\u2019apparence et de la sensation dont vous avez besoin\u00a0:<\/p>\n<ul>\n<li>\n<p><strong>Traditionnel.<\/strong> Si vous voulez ce look \u00ab carte de No\u00ebl \u00bb, optez pour un sapin baumier. Ces arbres ont tendance \u00e0 avoir la forme triangulaire classique et la couleur vert fonc\u00e9 que vous recherchez, et ils ont tendance \u00e0 durer longtemps \u00e0 l&rsquo;int\u00e9rieur. C&rsquo;est en quelque sorte l&rsquo;arbre de No\u00ebl par d\u00e9faut, et il remplira votre maison de cette odeur classique d&rsquo;arbre de No\u00ebl. Si vous voulez quelque chose d&rsquo;un peu diff\u00e9rent mais toujours classique, le sapin Fraser a plut\u00f4t une teinte bleue et durera longtemps.<\/p>\n<\/li>\n<li>\n<p><strong>Adapt\u00e9 aux enfants.<\/strong> Si vous avez des enfants qui courent partout, les aiguilles raides et \u00e9tonnamment pointues de certains arbres pourraient \u00eatre un probl\u00e8me. Le sapin de Douglas a un look classique mais arbore des aiguilles douces et courb\u00e9es qui ne piqueront pas les petits yeux, tout comme le pin \u00e9cossais (ou sylvestre).<\/p>\n<\/li>\n<li>\n<p><strong>Grande pi\u00e8ce.<\/strong> Si vous placez l&rsquo;arbre dans un endroit qui pourrait raisonnablement \u00eatre d\u00e9crit comme une \u00ab grande pi\u00e8ce \u00bb ou un espace de taille similaire, vous aurez besoin d&rsquo;un arbre grand et cors\u00e9 comme le sapin de Douglas pour remplir l&rsquo;espace. Vous pouvez \u00e9galement opter pour le majestueux \u00e9pic\u00e9a de Norv\u00e8ge (l&rsquo;arbre traditionnellement choisi pour se dresser au Rockefeller Center de New York), mais attention : l&rsquo;\u00e9pic\u00e9a de Norv\u00e8ge est un arbre d\u00e9licat qui ne durera pas tr\u00e8s longtemps dans votre maison.<\/p>\n<\/li>\n<li>\n<p><strong>Minimaliste.<\/strong> Si votre id\u00e9e de d\u00e9corer une maison et un arbre pour les vacances est de placer quelques objets subtils autour de cela <em>indice<\/em> \u00e0 No\u00ebl, le grand sapin se d\u00e9marque avec ses aiguilles exceptionnellement longues et s&rsquo;accorde bien avec une simple touche de d\u00e9coration. Un autre excellent choix est le sapin noble, qui ajoute des c\u00f4nes au m\u00e9lange, lui donnant ainsi une d\u00e9coration toute faite.<\/p>\n<\/li>\n<li>\n<p><strong>Moderne.<\/strong> Si vous optez pour un look moins classique, un cypr\u00e8s d&rsquo;Arizona est un bon choix. Il est g\u00e9n\u00e9ralement vert p\u00e2le avec des branches brun rouge\u00e2tre, ce qui donne une histoire de couleurs luxuriantes qui reste dans le domaine traditionnel tout en ajoutant une touche dramatique que les autres arbres n&rsquo;auront pas.<\/p>\n<\/li>\n<\/ul>\n<h2 id=\"inspect-the-tree\">Inspecter l&rsquo;arbre<\/h2>\n<p>Une fois que vous savez quel arbre vous voulez et o\u00f9 il va aller, inspectez-le minutieusement pour vous assurer que vous obtenez le meilleur sp\u00e9cimen possible. Cela signifie v\u00e9rifier la pr\u00e9sence d&rsquo;insectes et m\u00eame d&rsquo;animaux ou d&rsquo;oiseaux, s&rsquo;assurer que les aiguilles sont fra\u00eeches et ne tombent pas facilement, et sentir r\u00e9ellement l&rsquo;arbre &#8211; il doit avoir un parfum l\u00e9ger et frais, pas une odeur de moisi ou de moisi.<\/p>\n<p>Vous avez d\u00e9sormais le meilleur sapin de No\u00ebl possible et il ne vous reste plus qu&rsquo;\u00e0 en prendre soin correctement pour qu&rsquo;il dure toute la p\u00e9riode des f\u00eates.<\/p>\n","protected":false},"excerpt":{"rendered":"<p>Consid\u00e9rant que l\u2019Am\u00e9rique a \u00e9t\u00e9 relativement tardive dans le domaine de l\u2019arbre de No\u00ebl \u2013 la pratique n\u2019est vraiment devenue populaire ici qu\u2019au milieu du<\/p>\n","protected":false},"author":1,"featured_media":11689,"comment_status":"","ping_status":"","sticky":false,"template":"","format":"standard","meta":{"footnotes":""},"categories":[40],"tags":[3800,440,44,560,579,1557,81,8],"class_list":["post-11688","post","type-post","status-publish","format-standard","has-post-thumbnail","hentry","category-maison","tag-arbre","tag-choisir","tag-comment","tag-maison","tag-meilleur","tag-noel","tag-pour","tag-votre","generate-columns","tablet-grid-50","mobile-grid-100","grid-parent","grid-33"],"yoast_head":"<!-- This site is optimized with the Yoast SEO plugin v24.0 - https:\/\/yoast.com\/wordpress\/plugins\/seo\/ -->\n<title>Comment choisir le meilleur arbre de No\u00ebl pour votre maison | Vie Associative<\/title>\n<meta name=\"robots\" content=\"index, follow, max-snippet:-1, max-image-preview:large, max-video-preview:-1\" \/>\n<link rel=\"canonical\" href=\"https:\/\/vieassociative.be\/actualites\/comment-choisir-le-meilleur-arbre-de-noel-pour-votre-maison\/\" \/>\n<meta property=\"og:locale\" content=\"fr_FR\" \/>\n<meta property=\"og:type\" content=\"article\" \/>\n<meta property=\"og:title\" content=\"Comment choisir le meilleur arbre de No\u00ebl pour votre maison | Vie Associative\" \/>\n<meta property=\"og:description\" content=\"Consid\u00e9rant que l\u2019Am\u00e9rique a \u00e9t\u00e9 relativement tardive dans le domaine de l\u2019arbre de No\u00ebl \u2013 la pratique n\u2019est vraiment devenue populaire ici qu\u2019au milieu du\" \/>\n<meta property=\"og:url\" content=\"https:\/\/vieassociative.be\/actualites\/comment-choisir-le-meilleur-arbre-de-noel-pour-votre-maison\/\" \/>\n<meta property=\"og:site_name\" content=\"Vie Associative\" \/>\n<meta property=\"article:published_time\" content=\"2025-12-04T13:17:26+00:00\" \/>\n<meta property=\"og:image\" content=\"https:\/\/vieassociative.be\/actualites\/wp-content\/uploads\/2024\/09\/header_backgroundk-01-e1726694325946.png\" \/>\n\t<meta property=\"og:image:width\" content=\"279\" \/>\n\t<meta property=\"og:image:height\" content=\"92\" \/>\n\t<meta property=\"og:image:type\" content=\"image\/png\" \/>\n<meta name=\"author\" content=\"Julien\" \/>\n<meta name=\"twitter:card\" content=\"summary_large_image\" \/>\n<meta name=\"twitter:label1\" content=\"\u00c9crit par\" \/>\n\t<meta name=\"twitter:data1\" content=\"Julien\" \/>\n\t<meta name=\"twitter:label2\" content=\"Dur\u00e9e de lecture est.\" \/>\n\t<meta name=\"twitter:data2\" content=\"5 minutes\" \/>\n<script type=\"application\/ld+json\" class=\"yoast-schema-graph\">{\"@context\":\"https:\/\/schema.org\",\"@graph\":[{\"@type\":\"Article\",\"@id\":\"https:\/\/vieassociative.be\/actualites\/comment-choisir-le-meilleur-arbre-de-noel-pour-votre-maison\/#article\",\"isPartOf\":{\"@id\":\"https:\/\/vieassociative.be\/actualites\/comment-choisir-le-meilleur-arbre-de-noel-pour-votre-maison\/\"},\"author\":{\"name\":\"Julien\",\"@id\":\"https:\/\/vieassociative.be\/actualites\/#\/schema\/person\/b87ac4f82f9d4e7b7cec7395b679edc4\"},\"headline\":\"Comment choisir le meilleur arbre de No\u00ebl pour votre maison\",\"datePublished\":\"2025-12-04T13:17:26+00:00\",\"dateModified\":\"2025-12-04T13:17:26+00:00\",\"mainEntityOfPage\":{\"@id\":\"https:\/\/vieassociative.be\/actualites\/comment-choisir-le-meilleur-arbre-de-noel-pour-votre-maison\/\"},\"wordCount\":1021,\"publisher\":{\"@id\":\"https:\/\/vieassociative.be\/actualites\/#organization\"},\"image\":{\"@id\":\"https:\/\/vieassociative.be\/actualites\/comment-choisir-le-meilleur-arbre-de-noel-pour-votre-maison\/#primaryimage\"},\"thumbnailUrl\":\"https:\/\/vieassociative.be\/actualites\/wp-content\/uploads\/2025\/12\/Comment-choisir-le-meilleur-arbre-de-Noel-pour-votre-maison.jpg\",\"keywords\":[\"arbre\",\"choisir\",\"Comment\",\"maison\",\"meilleur\",\"No\u00ebl\",\"pour\",\"votre\"],\"articleSection\":[\"Maison\"],\"inLanguage\":\"fr-BE\"},{\"@type\":\"WebPage\",\"@id\":\"https:\/\/vieassociative.be\/actualites\/comment-choisir-le-meilleur-arbre-de-noel-pour-votre-maison\/\",\"url\":\"https:\/\/vieassociative.be\/actualites\/comment-choisir-le-meilleur-arbre-de-noel-pour-votre-maison\/\",\"name\":\"Comment choisir le meilleur arbre de No\u00ebl pour votre maison | Vie Associative\",\"isPartOf\":{\"@id\":\"https:\/\/vieassociative.be\/actualites\/#website\"},\"primaryImageOfPage\":{\"@id\":\"https:\/\/vieassociative.be\/actualites\/comment-choisir-le-meilleur-arbre-de-noel-pour-votre-maison\/#primaryimage\"},\"image\":{\"@id\":\"https:\/\/vieassociative.be\/actualites\/comment-choisir-le-meilleur-arbre-de-noel-pour-votre-maison\/#primaryimage\"},\"thumbnailUrl\":\"https:\/\/vieassociative.be\/actualites\/wp-content\/uploads\/2025\/12\/Comment-choisir-le-meilleur-arbre-de-Noel-pour-votre-maison.jpg\",\"datePublished\":\"2025-12-04T13:17:26+00:00\",\"dateModified\":\"2025-12-04T13:17:26+00:00\",\"breadcrumb\":{\"@id\":\"https:\/\/vieassociative.be\/actualites\/comment-choisir-le-meilleur-arbre-de-noel-pour-votre-maison\/#breadcrumb\"},\"inLanguage\":\"fr-BE\",\"potentialAction\":[{\"@type\":\"ReadAction\",\"target\":[\"https:\/\/vieassociative.be\/actualites\/comment-choisir-le-meilleur-arbre-de-noel-pour-votre-maison\/\"]}]},{\"@type\":\"ImageObject\",\"inLanguage\":\"fr-BE\",\"@id\":\"https:\/\/vieassociative.be\/actualites\/comment-choisir-le-meilleur-arbre-de-noel-pour-votre-maison\/#primaryimage\",\"url\":\"https:\/\/vieassociative.be\/actualites\/wp-content\/uploads\/2025\/12\/Comment-choisir-le-meilleur-arbre-de-Noel-pour-votre-maison.jpg\",\"contentUrl\":\"https:\/\/vieassociative.be\/actualites\/wp-content\/uploads\/2025\/12\/Comment-choisir-le-meilleur-arbre-de-Noel-pour-votre-maison.jpg\",\"width\":1200,\"height\":675,\"caption\":\"Comment choisir le meilleur arbre de No\u00ebl pour votre maison\"},{\"@type\":\"BreadcrumbList\",\"@id\":\"https:\/\/vieassociative.be\/actualites\/comment-choisir-le-meilleur-arbre-de-noel-pour-votre-maison\/#breadcrumb\",\"itemListElement\":[{\"@type\":\"ListItem\",\"position\":1,\"name\":\"Accueil\",\"item\":\"https:\/\/vieassociative.be\/actualites\/\"},{\"@type\":\"ListItem\",\"position\":2,\"name\":\"Comment choisir le meilleur arbre de No\u00ebl pour votre maison\"}]},{\"@type\":\"WebSite\",\"@id\":\"https:\/\/vieassociative.be\/actualites\/#website\",\"url\":\"https:\/\/vieassociative.be\/actualites\/\",\"name\":\"Vie Associative\",\"description\":\"\",\"publisher\":{\"@id\":\"https:\/\/vieassociative.be\/actualites\/#organization\"},\"potentialAction\":[{\"@type\":\"SearchAction\",\"target\":{\"@type\":\"EntryPoint\",\"urlTemplate\":\"https:\/\/vieassociative.be\/actualites\/?s={search_term_string}\"},\"query-input\":{\"@type\":\"PropertyValueSpecification\",\"valueRequired\":true,\"valueName\":\"search_term_string\"}}],\"inLanguage\":\"fr-BE\"},{\"@type\":\"Organization\",\"@id\":\"https:\/\/vieassociative.be\/actualites\/#organization\",\"name\":\"Vie Associative\",\"url\":\"https:\/\/vieassociative.be\/actualites\/\",\"logo\":{\"@type\":\"ImageObject\",\"inLanguage\":\"fr-BE\",\"@id\":\"https:\/\/vieassociative.be\/actualites\/#\/schema\/logo\/image\/\",\"url\":\"https:\/\/vieassociative.be\/actualites\/wp-content\/uploads\/2024\/09\/cropped-vieassociative_favicon.ico.png\",\"contentUrl\":\"https:\/\/vieassociative.be\/actualites\/wp-content\/uploads\/2024\/09\/cropped-vieassociative_favicon.ico.png\",\"width\":512,\"height\":512,\"caption\":\"Vie Associative\"},\"image\":{\"@id\":\"https:\/\/vieassociative.be\/actualites\/#\/schema\/logo\/image\/\"}},{\"@type\":\"Person\",\"@id\":\"https:\/\/vieassociative.be\/actualites\/#\/schema\/person\/b87ac4f82f9d4e7b7cec7395b679edc4\",\"name\":\"Julien\",\"image\":{\"@type\":\"ImageObject\",\"inLanguage\":\"fr-BE\",\"@id\":\"https:\/\/vieassociative.be\/actualites\/#\/schema\/person\/image\/\",\"url\":\"https:\/\/vieassociative.be\/actualites\/wp-content\/uploads\/2024\/09\/vie-associative-1-150x150.jpg\",\"contentUrl\":\"https:\/\/vieassociative.be\/actualites\/wp-content\/uploads\/2024\/09\/vie-associative-1-150x150.jpg\",\"caption\":\"Julien\"},\"description\":\"Je suis Julien, r\u00e9dacteur pour Vie Associative. Passionn\u00e9 par le monde associatif depuis plus de 10 ans, j'ai \u00e0 c\u0153ur de partager des histoires inspirantes et de mettre en lumi\u00e8re les initiatives locales. Mon objectif est de sensibiliser et d'encourager l'engagement communautaire \u00e0 travers mes articles.\",\"sameAs\":[\"https:\/\/vieassociative.be\/\"]}]}<\/script>\n<!-- \/ Yoast SEO plugin. -->","yoast_head_json":{"title":"Comment choisir le meilleur arbre de No\u00ebl pour votre maison | Vie Associative","robots":{"index":"index","follow":"follow","max-snippet":"max-snippet:-1","max-image-preview":"max-image-preview:large","max-video-preview":"max-video-preview:-1"},"canonical":"https:\/\/vieassociative.be\/actualites\/comment-choisir-le-meilleur-arbre-de-noel-pour-votre-maison\/","og_locale":"fr_FR","og_type":"article","og_title":"Comment choisir le meilleur arbre de No\u00ebl pour votre maison | Vie Associative","og_description":"Consid\u00e9rant que l\u2019Am\u00e9rique a \u00e9t\u00e9 relativement tardive dans le domaine de l\u2019arbre de No\u00ebl \u2013 la pratique n\u2019est vraiment devenue populaire ici qu\u2019au milieu du","og_url":"https:\/\/vieassociative.be\/actualites\/comment-choisir-le-meilleur-arbre-de-noel-pour-votre-maison\/","og_site_name":"Vie Associative","article_published_time":"2025-12-04T13:17:26+00:00","og_image":[{"width":279,"height":92,"url":"https:\/\/vieassociative.be\/actualites\/wp-content\/uploads\/2024\/09\/header_backgroundk-01-e1726694325946.png","type":"image\/png"}],"author":"Julien","twitter_card":"summary_large_image","twitter_misc":{"\u00c9crit par":"Julien","Dur\u00e9e de lecture est.":"5 minutes"},"schema":{"@context":"https:\/\/schema.org","@graph":[{"@type":"Article","@id":"https:\/\/vieassociative.be\/actualites\/comment-choisir-le-meilleur-arbre-de-noel-pour-votre-maison\/#article","isPartOf":{"@id":"https:\/\/vieassociative.be\/actualites\/comment-choisir-le-meilleur-arbre-de-noel-pour-votre-maison\/"},"author":{"name":"Julien","@id":"https:\/\/vieassociative.be\/actualites\/#\/schema\/person\/b87ac4f82f9d4e7b7cec7395b679edc4"},"headline":"Comment choisir le meilleur arbre de No\u00ebl pour votre maison","datePublished":"2025-12-04T13:17:26+00:00","dateModified":"2025-12-04T13:17:26+00:00","mainEntityOfPage":{"@id":"https:\/\/vieassociative.be\/actualites\/comment-choisir-le-meilleur-arbre-de-noel-pour-votre-maison\/"},"wordCount":1021,"publisher":{"@id":"https:\/\/vieassociative.be\/actualites\/#organization"},"image":{"@id":"https:\/\/vieassociative.be\/actualites\/comment-choisir-le-meilleur-arbre-de-noel-pour-votre-maison\/#primaryimage"},"thumbnailUrl":"https:\/\/vieassociative.be\/actualites\/wp-content\/uploads\/2025\/12\/Comment-choisir-le-meilleur-arbre-de-Noel-pour-votre-maison.jpg","keywords":["arbre","choisir","Comment","maison","meilleur","No\u00ebl","pour","votre"],"articleSection":["Maison"],"inLanguage":"fr-BE"},{"@type":"WebPage","@id":"https:\/\/vieassociative.be\/actualites\/comment-choisir-le-meilleur-arbre-de-noel-pour-votre-maison\/","url":"https:\/\/vieassociative.be\/actualites\/comment-choisir-le-meilleur-arbre-de-noel-pour-votre-maison\/","name":"Comment choisir le meilleur arbre de No\u00ebl pour votre maison | Vie Associative","isPartOf":{"@id":"https:\/\/vieassociative.be\/actualites\/#website"},"primaryImageOfPage":{"@id":"https:\/\/vieassociative.be\/actualites\/comment-choisir-le-meilleur-arbre-de-noel-pour-votre-maison\/#primaryimage"},"image":{"@id":"https:\/\/vieassociative.be\/actualites\/comment-choisir-le-meilleur-arbre-de-noel-pour-votre-maison\/#primaryimage"},"thumbnailUrl":"https:\/\/vieassociative.be\/actualites\/wp-content\/uploads\/2025\/12\/Comment-choisir-le-meilleur-arbre-de-Noel-pour-votre-maison.jpg","datePublished":"2025-12-04T13:17:26+00:00","dateModified":"2025-12-04T13:17:26+00:00","breadcrumb":{"@id":"https:\/\/vieassociative.be\/actualites\/comment-choisir-le-meilleur-arbre-de-noel-pour-votre-maison\/#breadcrumb"},"inLanguage":"fr-BE","potentialAction":[{"@type":"ReadAction","target":["https:\/\/vieassociative.be\/actualites\/comment-choisir-le-meilleur-arbre-de-noel-pour-votre-maison\/"]}]},{"@type":"ImageObject","inLanguage":"fr-BE","@id":"https:\/\/vieassociative.be\/actualites\/comment-choisir-le-meilleur-arbre-de-noel-pour-votre-maison\/#primaryimage","url":"https:\/\/vieassociative.be\/actualites\/wp-content\/uploads\/2025\/12\/Comment-choisir-le-meilleur-arbre-de-Noel-pour-votre-maison.jpg","contentUrl":"https:\/\/vieassociative.be\/actualites\/wp-content\/uploads\/2025\/12\/Comment-choisir-le-meilleur-arbre-de-Noel-pour-votre-maison.jpg","width":1200,"height":675,"caption":"Comment choisir le meilleur arbre de No\u00ebl pour votre maison"},{"@type":"BreadcrumbList","@id":"https:\/\/vieassociative.be\/actualites\/comment-choisir-le-meilleur-arbre-de-noel-pour-votre-maison\/#breadcrumb","itemListElement":[{"@type":"ListItem","position":1,"name":"Accueil","item":"https:\/\/vieassociative.be\/actualites\/"},{"@type":"ListItem","position":2,"name":"Comment choisir le meilleur arbre de No\u00ebl pour votre maison"}]},{"@type":"WebSite","@id":"https:\/\/vieassociative.be\/actualites\/#website","url":"https:\/\/vieassociative.be\/actualites\/","name":"Vie Associative","description":"","publisher":{"@id":"https:\/\/vieassociative.be\/actualites\/#organization"},"potentialAction":[{"@type":"SearchAction","target":{"@type":"EntryPoint","urlTemplate":"https:\/\/vieassociative.be\/actualites\/?s={search_term_string}"},"query-input":{"@type":"PropertyValueSpecification","valueRequired":true,"valueName":"search_term_string"}}],"inLanguage":"fr-BE"},{"@type":"Organization","@id":"https:\/\/vieassociative.be\/actualites\/#organization","name":"Vie Associative","url":"https:\/\/vieassociative.be\/actualites\/","logo":{"@type":"ImageObject","inLanguage":"fr-BE","@id":"https:\/\/vieassociative.be\/actualites\/#\/schema\/logo\/image\/","url":"https:\/\/vieassociative.be\/actualites\/wp-content\/uploads\/2024\/09\/cropped-vieassociative_favicon.ico.png","contentUrl":"https:\/\/vieassociative.be\/actualites\/wp-content\/uploads\/2024\/09\/cropped-vieassociative_favicon.ico.png","width":512,"height":512,"caption":"Vie Associative"},"image":{"@id":"https:\/\/vieassociative.be\/actualites\/#\/schema\/logo\/image\/"}},{"@type":"Person","@id":"https:\/\/vieassociative.be\/actualites\/#\/schema\/person\/b87ac4f82f9d4e7b7cec7395b679edc4","name":"Julien","image":{"@type":"ImageObject","inLanguage":"fr-BE","@id":"https:\/\/vieassociative.be\/actualites\/#\/schema\/person\/image\/","url":"https:\/\/vieassociative.be\/actualites\/wp-content\/uploads\/2024\/09\/vie-associative-1-150x150.jpg","contentUrl":"https:\/\/vieassociative.be\/actualites\/wp-content\/uploads\/2024\/09\/vie-associative-1-150x150.jpg","caption":"Julien"},"description":"Je suis Julien, r\u00e9dacteur pour Vie Associative. Passionn\u00e9 par le monde associatif depuis plus de 10 ans, j'ai \u00e0 c\u0153ur de partager des histoires inspirantes et de mettre en lumi\u00e8re les initiatives locales. Mon objectif est de sensibiliser et d'encourager l'engagement communautaire \u00e0 travers mes articles.","sameAs":["https:\/\/vieassociative.be\/"]}]}},"_links":{"self":[{"href":"https:\/\/vieassociative.be\/actualites\/wp-json\/wp\/v2\/posts\/11688"}],"collection":[{"href":"https:\/\/vieassociative.be\/actualites\/wp-json\/wp\/v2\/posts"}],"about":[{"href":"https:\/\/vieassociative.be\/actualites\/wp-json\/wp\/v2\/types\/post"}],"author":[{"embeddable":true,"href":"https:\/\/vieassociative.be\/actualites\/wp-json\/wp\/v2\/users\/1"}],"replies":[{"embeddable":true,"href":"https:\/\/vieassociative.be\/actualites\/wp-json\/wp\/v2\/comments?post=11688"}],"version-history":[{"count":0,"href":"https:\/\/vieassociative.be\/actualites\/wp-json\/wp\/v2\/posts\/11688\/revisions"}],"wp:featuredmedia":[{"embeddable":true,"href":"https:\/\/vieassociative.be\/actualites\/wp-json\/wp\/v2\/media\/11689"}],"wp:attachment":[{"href":"https:\/\/vieassociative.be\/actualites\/wp-json\/wp\/v2\/media?parent=11688"}],"wp:term":[{"taxonomy":"category","embeddable":true,"href":"https:\/\/vieassociative.be\/actualites\/wp-json\/wp\/v2\/categories?post=11688"},{"taxonomy":"post_tag","embeddable":true,"href":"https:\/\/vieassociative.be\/actualites\/wp-json\/wp\/v2\/tags?post=11688"}],"curies":[{"name":"wp","href":"https:\/\/api.w.org\/{rel}","templated":true}]}}