{"id":11684,"date":"2025-12-04T03:17:21","date_gmt":"2025-12-04T02:17:21","guid":{"rendered":"https:\/\/vieassociative.be\/actualites\/obtention-frauduleuse-de-primes-energetiques-questions-de-balter-au-premier-ministre-paasch\/"},"modified":"2025-12-04T03:17:21","modified_gmt":"2025-12-04T02:17:21","slug":"obtention-frauduleuse-de-primes-energetiques-questions-de-balter-au-premier-ministre-paasch","status":"publish","type":"post","link":"https:\/\/vieassociative.be\/actualites\/obtention-frauduleuse-de-primes-energetiques-questions-de-balter-au-premier-ministre-paasch\/","title":{"rendered":"Obtention frauduleuse de primes \u00e9nerg\u00e9tiques : questions de Balter au Premier ministre Paasch"},"content":{"rendered":"<p><strong>Dans une question \u00e9crite au Premier ministre Oliver Paasch (ProDG), le porte-parole du groupe parlementaire Vivant, Michael Balter, a \u00e9voqu\u00e9 des cas d&rsquo;obtention frauduleuse de primes \u00e9nerg\u00e9tiques. De faux contrats et factures fictives ont \u00e9t\u00e9 utilis\u00e9s pour obtenir des financements non autoris\u00e9s.<\/strong><\/p>\n<p><span id=\"more-430917\"><\/span>Selon Balter, les m\u00e9canismes de contr\u00f4le ant\u00e9rieurs n&rsquo;ont pas fonctionn\u00e9 ou sont entr\u00e9s en vigueur trop tard, en particulier lorsque les factures et les contrats fictifs n&rsquo;\u00e9taient pas imm\u00e9diatement visibles. Un concept de commande fiable est n\u00e9cessaire pour l&rsquo;avenir.<\/p>\n<p>Le porte-parole du groupe parlementaire Vivant a demand\u00e9 au Premier ministre combien de cas confirm\u00e9s de fraude aux primes de la DG \u00e9nergie avaient \u00e9t\u00e9 connus depuis l&rsquo;introduction du syst\u00e8me et quel plan d&rsquo;action contraignant avec des d\u00e9lais pr\u00e9cis il pourrait pr\u00e9senter pour pr\u00e9venir les cas de fraude aux subventions.<\/p>\n<div id=\"attachment_318303\" class=\"wp-caption alignleft\" style=\"max-width: 300px\"><img fetchpriority=\"high\" decoding=\"async\" class=\"wp-image-318303 size-medium\" src=\"https:\/\/vieassociative.be\/actualites\/wp-content\/uploads\/2025\/12\/Obtention-frauduleuse-de-primes-energetiques-questions-de-Balter-au.jpeg\" alt=\"\" width=\"300\" height=\"200\"><\/div>\n<p>Dans sa r\u00e9ponse, Paasch a expliqu\u00e9 que sur plus de 3 300 demandes et 1 595 paiements approuv\u00e9s (\u00e0 fin octobre 2025), deux dossiers avaient donn\u00e9 lieu \u00e0 des rapports au parquet. \u00ab Dans le deuxi\u00e8me cas, une facture a \u00e9t\u00e9 \u00e9mise et un certificat technique a \u00e9t\u00e9 rempli, bien que<br \/>\naucun travail n&rsquo;a \u00e9t\u00e9 r\u00e9alis\u00e9. Il y avait aussi de nombreux autres facteurs suspects.<\/p>\n<p>Paasch : \u00ab En principe, une fois les documents re\u00e7us, ils sont v\u00e9rifi\u00e9s et un calcul interne des valeurs \u00e9nerg\u00e9tiques atteintes est effectu\u00e9. Si des \u00e9carts sont constat\u00e9s lors de ce contr\u00f4le ou lorsque des questions sont envoy\u00e9es au demandeur, une inspection sur place est effectu\u00e9e. Dans les cas mentionn\u00e9s, les irr\u00e9gularit\u00e9s ont \u00e9t\u00e9 constat\u00e9es \u00e0 temps, de sorte qu&rsquo;aucune prime n&rsquo;a \u00e9t\u00e9 vers\u00e9e et aucun pr\u00e9judice financier n&rsquo;a \u00e9t\u00e9 caus\u00e9. la proc\u00e9dure dans la deuxi\u00e8me affaire est toujours ouverte et aucune autre n\u2019a \u00e9t\u00e9 prononc\u00e9e \u00e0 ce jour. Informations transmises par le parquet.<\/p>\n<p>Selon Paasch, il est important de souligner que pendant le traitement des demandes, de nombreuses&#8230;<br \/>\nDes anomalies sont identifi\u00e9es et corrig\u00e9es qui sont difficiles \u00e0 d\u00e9tecter statistiquement (en raison, entre autres, d&rsquo;un manque de logiciel). Il s\u2019agit souvent de fausses d\u00e9clarations \u00ab accidentelles \u00bb. Ceux-ci seraient corrig\u00e9s au cours du processus, ce qui par ex. B. pourrait conduire \u00e0 ce que certains travaux mentionn\u00e9s dans la demande ne soient pas pris en compte pour le paiement d&rsquo;une prime. De cette mani\u00e8re, des efforts sont faits \u00e0 l&rsquo;avance pour \u00e9viter les abus et emp\u00eacher les paiements injustifi\u00e9s, ce qui permettrait \u00e9galement d&rsquo;\u00e9viter des poursuites p\u00e9nales.<\/p>\n<div id=\"attachment_417670\" class=\"wp-caption alignleft\" style=\"max-width: 300px\"><img decoding=\"async\" class=\"wp-image-417670 size-medium\" src=\"https:\/\/vieassociative.be\/actualites\/wp-content\/uploads\/2025\/10\/Paasch-sur-le-theme-dEyneburg-Preserve-le-memorial-remarquable-de.jpg\" alt=\"\" width=\"300\" height=\"200\"  ><\/div>\n<p>Le Premier ministre a poursuivi : \u00ab Dans les cas douteux, des contr\u00f4les ont \u00e9t\u00e9 effectu\u00e9s. Il s&rsquo;est av\u00e9r\u00e9 que dans environ 60 pour cent des cas, une r\u00e9duction de la prime \u00e9tait n\u00e9cessaire, voire une perte totale du sinistre. valeurs, utilisation de mat\u00e9riaux non autoris\u00e9s, d\u00e9lais non respect\u00e9s ou entreprises non reconnues.<\/p>\n<p>Dans des cas individuels, a poursuivi Paasch, les soci\u00e9t\u00e9s d&rsquo;ex\u00e9cution ont \u00e9galement \u00e9mis des factures et rempli des annexes techniques qui ne correspondaient pas \u00e0 la prestation r\u00e9ellement fournie. Toutefois, aucune prime \u00e9nerg\u00e9tique n\u2019a jusqu\u2019\u00e0 pr\u00e9sent \u00e9t\u00e9 vers\u00e9e et aurait d\u00fb \u00eatre r\u00e9cup\u00e9r\u00e9e ult\u00e9rieurement.<\/p>\n<p>\u00ab\u00a0Tous les cas remarquables ont \u00e9t\u00e9 v\u00e9rifi\u00e9s avant le paiement et, si n\u00e9cessaire, corrig\u00e9s ou rejet\u00e9s. Aucune prime n&rsquo;a \u00e9t\u00e9 vers\u00e9e pour les cas mentionn\u00e9s qui ont \u00e9t\u00e9 signal\u00e9s. Afin d&rsquo;\u00e9viter de nouveaux cas ou tentatives d&rsquo;abus, le d\u00e9cret sur les primes \u00e9nerg\u00e9tiques est actuellement en cours de r\u00e9vision. Il a d\u00e9j\u00e0 \u00e9t\u00e9 adopt\u00e9 en deuxi\u00e8me lecture. \u00c0 partir du 1er janvier 2026, les re\u00e7us de paiement et les documents photographiques des travaux effectu\u00e9s doivent \u00e9galement \u00eatre pr\u00e9sent\u00e9s avec les factures soumises. En outre, l&rsquo;ensemble du syst\u00e8me de primes sera enti\u00e8rement r\u00e9form\u00e9. L&rsquo;objectif est d&rsquo;utiliser les bonus le plus efficacement possible et pour exclure toute utilisation abusive. (cr\u00e9er)<\/p>\n","protected":false},"excerpt":{"rendered":"<p>Dans une question \u00e9crite au Premier ministre Oliver Paasch (ProDG), le porte-parole du groupe parlementaire Vivant, Michael Balter, a \u00e9voqu\u00e9 des cas d&rsquo;obtention frauduleuse de<\/p>\n","protected":false},"author":1,"featured_media":11685,"comment_status":"","ping_status":"","sticky":false,"template":"","format":"standard","meta":{"footnotes":""},"categories":[298],"tags":[3527,9442,9441,1245,9440,2553,443,7872,481],"class_list":["post-11684","post","type-post","status-publish","format-standard","has-post-thumbnail","hentry","category-belgique","tag-balter","tag-energetiques","tag-frauduleuse","tag-ministre","tag-obtention","tag-paasch","tag-premier","tag-primes","tag-questions","generate-columns","tablet-grid-50","mobile-grid-100","grid-parent","grid-33"],"yoast_head":"<!-- This site is optimized with the Yoast SEO plugin v24.0 - https:\/\/yoast.com\/wordpress\/plugins\/seo\/ -->\n<title>Obtention frauduleuse de primes \u00e9nerg\u00e9tiques : questions de Balter au Premier ministre Paasch | Vie Associative<\/title>\n<meta name=\"robots\" content=\"index, follow, max-snippet:-1, max-image-preview:large, max-video-preview:-1\" \/>\n<link rel=\"canonical\" href=\"https:\/\/vieassociative.be\/actualites\/obtention-frauduleuse-de-primes-energetiques-questions-de-balter-au-premier-ministre-paasch\/\" \/>\n<meta property=\"og:locale\" content=\"fr_FR\" \/>\n<meta property=\"og:type\" content=\"article\" \/>\n<meta property=\"og:title\" content=\"Obtention frauduleuse de primes \u00e9nerg\u00e9tiques : questions de Balter au Premier ministre Paasch | Vie Associative\" \/>\n<meta property=\"og:description\" content=\"Dans une question \u00e9crite au Premier ministre Oliver Paasch (ProDG), le porte-parole du groupe parlementaire Vivant, Michael Balter, a \u00e9voqu\u00e9 des cas d&rsquo;obtention frauduleuse de\" \/>\n<meta property=\"og:url\" content=\"https:\/\/vieassociative.be\/actualites\/obtention-frauduleuse-de-primes-energetiques-questions-de-balter-au-premier-ministre-paasch\/\" \/>\n<meta property=\"og:site_name\" content=\"Vie Associative\" \/>\n<meta property=\"article:published_time\" content=\"2025-12-04T02:17:21+00:00\" \/>\n<meta property=\"og:image\" content=\"https:\/\/vieassociative.be\/actualites\/wp-content\/uploads\/2024\/09\/header_backgroundk-01-e1726694325946.png\" \/>\n\t<meta property=\"og:image:width\" content=\"279\" \/>\n\t<meta property=\"og:image:height\" content=\"92\" \/>\n\t<meta property=\"og:image:type\" content=\"image\/png\" \/>\n<meta name=\"author\" content=\"Julien\" \/>\n<meta name=\"twitter:card\" content=\"summary_large_image\" \/>\n<meta name=\"twitter:label1\" content=\"\u00c9crit par\" \/>\n\t<meta name=\"twitter:data1\" content=\"Julien\" \/>\n\t<meta name=\"twitter:label2\" content=\"Dur\u00e9e de lecture est.\" \/>\n\t<meta name=\"twitter:data2\" content=\"3 minutes\" \/>\n<script type=\"application\/ld+json\" class=\"yoast-schema-graph\">{\"@context\":\"https:\/\/schema.org\",\"@graph\":[{\"@type\":\"Article\",\"@id\":\"https:\/\/vieassociative.be\/actualites\/obtention-frauduleuse-de-primes-energetiques-questions-de-balter-au-premier-ministre-paasch\/#article\",\"isPartOf\":{\"@id\":\"https:\/\/vieassociative.be\/actualites\/obtention-frauduleuse-de-primes-energetiques-questions-de-balter-au-premier-ministre-paasch\/\"},\"author\":{\"name\":\"Julien\",\"@id\":\"https:\/\/vieassociative.be\/actualites\/#\/schema\/person\/b87ac4f82f9d4e7b7cec7395b679edc4\"},\"headline\":\"Obtention frauduleuse de primes \u00e9nerg\u00e9tiques : questions de Balter au Premier ministre Paasch\",\"datePublished\":\"2025-12-04T02:17:21+00:00\",\"dateModified\":\"2025-12-04T02:17:21+00:00\",\"mainEntityOfPage\":{\"@id\":\"https:\/\/vieassociative.be\/actualites\/obtention-frauduleuse-de-primes-energetiques-questions-de-balter-au-premier-ministre-paasch\/\"},\"wordCount\":701,\"publisher\":{\"@id\":\"https:\/\/vieassociative.be\/actualites\/#organization\"},\"image\":{\"@id\":\"https:\/\/vieassociative.be\/actualites\/obtention-frauduleuse-de-primes-energetiques-questions-de-balter-au-premier-ministre-paasch\/#primaryimage\"},\"thumbnailUrl\":\"https:\/\/vieassociative.be\/actualites\/wp-content\/uploads\/2025\/12\/1764814642_Obtention-frauduleuse-de-primes-energetiques-questions-de-Balter-au.jpeg\",\"keywords\":[\"Balter\",\"\u00e9nerg\u00e9tiques\",\"frauduleuse\",\"ministre\",\"Obtention\",\"Paasch\",\"premier\",\"primes\",\"questions\"],\"articleSection\":[\"Belgique\"],\"inLanguage\":\"fr-BE\"},{\"@type\":\"WebPage\",\"@id\":\"https:\/\/vieassociative.be\/actualites\/obtention-frauduleuse-de-primes-energetiques-questions-de-balter-au-premier-ministre-paasch\/\",\"url\":\"https:\/\/vieassociative.be\/actualites\/obtention-frauduleuse-de-primes-energetiques-questions-de-balter-au-premier-ministre-paasch\/\",\"name\":\"Obtention frauduleuse de primes \u00e9nerg\u00e9tiques : questions de Balter au Premier ministre Paasch | Vie Associative\",\"isPartOf\":{\"@id\":\"https:\/\/vieassociative.be\/actualites\/#website\"},\"primaryImageOfPage\":{\"@id\":\"https:\/\/vieassociative.be\/actualites\/obtention-frauduleuse-de-primes-energetiques-questions-de-balter-au-premier-ministre-paasch\/#primaryimage\"},\"image\":{\"@id\":\"https:\/\/vieassociative.be\/actualites\/obtention-frauduleuse-de-primes-energetiques-questions-de-balter-au-premier-ministre-paasch\/#primaryimage\"},\"thumbnailUrl\":\"https:\/\/vieassociative.be\/actualites\/wp-content\/uploads\/2025\/12\/1764814642_Obtention-frauduleuse-de-primes-energetiques-questions-de-Balter-au.jpeg\",\"datePublished\":\"2025-12-04T02:17:21+00:00\",\"dateModified\":\"2025-12-04T02:17:21+00:00\",\"breadcrumb\":{\"@id\":\"https:\/\/vieassociative.be\/actualites\/obtention-frauduleuse-de-primes-energetiques-questions-de-balter-au-premier-ministre-paasch\/#breadcrumb\"},\"inLanguage\":\"fr-BE\",\"potentialAction\":[{\"@type\":\"ReadAction\",\"target\":[\"https:\/\/vieassociative.be\/actualites\/obtention-frauduleuse-de-primes-energetiques-questions-de-balter-au-premier-ministre-paasch\/\"]}]},{\"@type\":\"ImageObject\",\"inLanguage\":\"fr-BE\",\"@id\":\"https:\/\/vieassociative.be\/actualites\/obtention-frauduleuse-de-primes-energetiques-questions-de-balter-au-premier-ministre-paasch\/#primaryimage\",\"url\":\"https:\/\/vieassociative.be\/actualites\/wp-content\/uploads\/2025\/12\/1764814642_Obtention-frauduleuse-de-primes-energetiques-questions-de-Balter-au.jpeg\",\"contentUrl\":\"https:\/\/vieassociative.be\/actualites\/wp-content\/uploads\/2025\/12\/1764814642_Obtention-frauduleuse-de-primes-energetiques-questions-de-Balter-au.jpeg\",\"width\":1000,\"height\":667,\"caption\":\"Obtention frauduleuse de primes \u00e9nerg\u00e9tiques : questions de Balter au Premier ministre Paasch\"},{\"@type\":\"BreadcrumbList\",\"@id\":\"https:\/\/vieassociative.be\/actualites\/obtention-frauduleuse-de-primes-energetiques-questions-de-balter-au-premier-ministre-paasch\/#breadcrumb\",\"itemListElement\":[{\"@type\":\"ListItem\",\"position\":1,\"name\":\"Accueil\",\"item\":\"https:\/\/vieassociative.be\/actualites\/\"},{\"@type\":\"ListItem\",\"position\":2,\"name\":\"Obtention frauduleuse de primes \u00e9nerg\u00e9tiques : questions de Balter au Premier ministre Paasch\"}]},{\"@type\":\"WebSite\",\"@id\":\"https:\/\/vieassociative.be\/actualites\/#website\",\"url\":\"https:\/\/vieassociative.be\/actualites\/\",\"name\":\"Vie Associative\",\"description\":\"\",\"publisher\":{\"@id\":\"https:\/\/vieassociative.be\/actualites\/#organization\"},\"potentialAction\":[{\"@type\":\"SearchAction\",\"target\":{\"@type\":\"EntryPoint\",\"urlTemplate\":\"https:\/\/vieassociative.be\/actualites\/?s={search_term_string}\"},\"query-input\":{\"@type\":\"PropertyValueSpecification\",\"valueRequired\":true,\"valueName\":\"search_term_string\"}}],\"inLanguage\":\"fr-BE\"},{\"@type\":\"Organization\",\"@id\":\"https:\/\/vieassociative.be\/actualites\/#organization\",\"name\":\"Vie Associative\",\"url\":\"https:\/\/vieassociative.be\/actualites\/\",\"logo\":{\"@type\":\"ImageObject\",\"inLanguage\":\"fr-BE\",\"@id\":\"https:\/\/vieassociative.be\/actualites\/#\/schema\/logo\/image\/\",\"url\":\"https:\/\/vieassociative.be\/actualites\/wp-content\/uploads\/2024\/09\/cropped-vieassociative_favicon.ico.png\",\"contentUrl\":\"https:\/\/vieassociative.be\/actualites\/wp-content\/uploads\/2024\/09\/cropped-vieassociative_favicon.ico.png\",\"width\":512,\"height\":512,\"caption\":\"Vie Associative\"},\"image\":{\"@id\":\"https:\/\/vieassociative.be\/actualites\/#\/schema\/logo\/image\/\"}},{\"@type\":\"Person\",\"@id\":\"https:\/\/vieassociative.be\/actualites\/#\/schema\/person\/b87ac4f82f9d4e7b7cec7395b679edc4\",\"name\":\"Julien\",\"image\":{\"@type\":\"ImageObject\",\"inLanguage\":\"fr-BE\",\"@id\":\"https:\/\/vieassociative.be\/actualites\/#\/schema\/person\/image\/\",\"url\":\"https:\/\/vieassociative.be\/actualites\/wp-content\/uploads\/2024\/09\/vie-associative-1-150x150.jpg\",\"contentUrl\":\"https:\/\/vieassociative.be\/actualites\/wp-content\/uploads\/2024\/09\/vie-associative-1-150x150.jpg\",\"caption\":\"Julien\"},\"description\":\"Je suis Julien, r\u00e9dacteur pour Vie Associative. Passionn\u00e9 par le monde associatif depuis plus de 10 ans, j'ai \u00e0 c\u0153ur de partager des histoires inspirantes et de mettre en lumi\u00e8re les initiatives locales. Mon objectif est de sensibiliser et d'encourager l'engagement communautaire \u00e0 travers mes articles.\",\"sameAs\":[\"https:\/\/vieassociative.be\/\"]}]}<\/script>\n<!-- \/ Yoast SEO plugin. -->","yoast_head_json":{"title":"Obtention frauduleuse de primes \u00e9nerg\u00e9tiques : questions de Balter au Premier ministre Paasch | Vie Associative","robots":{"index":"index","follow":"follow","max-snippet":"max-snippet:-1","max-image-preview":"max-image-preview:large","max-video-preview":"max-video-preview:-1"},"canonical":"https:\/\/vieassociative.be\/actualites\/obtention-frauduleuse-de-primes-energetiques-questions-de-balter-au-premier-ministre-paasch\/","og_locale":"fr_FR","og_type":"article","og_title":"Obtention frauduleuse de primes \u00e9nerg\u00e9tiques : questions de Balter au Premier ministre Paasch | Vie Associative","og_description":"Dans une question \u00e9crite au Premier ministre Oliver Paasch (ProDG), le porte-parole du groupe parlementaire Vivant, Michael Balter, a \u00e9voqu\u00e9 des cas d&rsquo;obtention frauduleuse de","og_url":"https:\/\/vieassociative.be\/actualites\/obtention-frauduleuse-de-primes-energetiques-questions-de-balter-au-premier-ministre-paasch\/","og_site_name":"Vie Associative","article_published_time":"2025-12-04T02:17:21+00:00","og_image":[{"width":279,"height":92,"url":"https:\/\/vieassociative.be\/actualites\/wp-content\/uploads\/2024\/09\/header_backgroundk-01-e1726694325946.png","type":"image\/png"}],"author":"Julien","twitter_card":"summary_large_image","twitter_misc":{"\u00c9crit par":"Julien","Dur\u00e9e de lecture est.":"3 minutes"},"schema":{"@context":"https:\/\/schema.org","@graph":[{"@type":"Article","@id":"https:\/\/vieassociative.be\/actualites\/obtention-frauduleuse-de-primes-energetiques-questions-de-balter-au-premier-ministre-paasch\/#article","isPartOf":{"@id":"https:\/\/vieassociative.be\/actualites\/obtention-frauduleuse-de-primes-energetiques-questions-de-balter-au-premier-ministre-paasch\/"},"author":{"name":"Julien","@id":"https:\/\/vieassociative.be\/actualites\/#\/schema\/person\/b87ac4f82f9d4e7b7cec7395b679edc4"},"headline":"Obtention frauduleuse de primes \u00e9nerg\u00e9tiques : questions de Balter au Premier ministre Paasch","datePublished":"2025-12-04T02:17:21+00:00","dateModified":"2025-12-04T02:17:21+00:00","mainEntityOfPage":{"@id":"https:\/\/vieassociative.be\/actualites\/obtention-frauduleuse-de-primes-energetiques-questions-de-balter-au-premier-ministre-paasch\/"},"wordCount":701,"publisher":{"@id":"https:\/\/vieassociative.be\/actualites\/#organization"},"image":{"@id":"https:\/\/vieassociative.be\/actualites\/obtention-frauduleuse-de-primes-energetiques-questions-de-balter-au-premier-ministre-paasch\/#primaryimage"},"thumbnailUrl":"https:\/\/vieassociative.be\/actualites\/wp-content\/uploads\/2025\/12\/1764814642_Obtention-frauduleuse-de-primes-energetiques-questions-de-Balter-au.jpeg","keywords":["Balter","\u00e9nerg\u00e9tiques","frauduleuse","ministre","Obtention","Paasch","premier","primes","questions"],"articleSection":["Belgique"],"inLanguage":"fr-BE"},{"@type":"WebPage","@id":"https:\/\/vieassociative.be\/actualites\/obtention-frauduleuse-de-primes-energetiques-questions-de-balter-au-premier-ministre-paasch\/","url":"https:\/\/vieassociative.be\/actualites\/obtention-frauduleuse-de-primes-energetiques-questions-de-balter-au-premier-ministre-paasch\/","name":"Obtention frauduleuse de primes \u00e9nerg\u00e9tiques : questions de Balter au Premier ministre Paasch | Vie Associative","isPartOf":{"@id":"https:\/\/vieassociative.be\/actualites\/#website"},"primaryImageOfPage":{"@id":"https:\/\/vieassociative.be\/actualites\/obtention-frauduleuse-de-primes-energetiques-questions-de-balter-au-premier-ministre-paasch\/#primaryimage"},"image":{"@id":"https:\/\/vieassociative.be\/actualites\/obtention-frauduleuse-de-primes-energetiques-questions-de-balter-au-premier-ministre-paasch\/#primaryimage"},"thumbnailUrl":"https:\/\/vieassociative.be\/actualites\/wp-content\/uploads\/2025\/12\/1764814642_Obtention-frauduleuse-de-primes-energetiques-questions-de-Balter-au.jpeg","datePublished":"2025-12-04T02:17:21+00:00","dateModified":"2025-12-04T02:17:21+00:00","breadcrumb":{"@id":"https:\/\/vieassociative.be\/actualites\/obtention-frauduleuse-de-primes-energetiques-questions-de-balter-au-premier-ministre-paasch\/#breadcrumb"},"inLanguage":"fr-BE","potentialAction":[{"@type":"ReadAction","target":["https:\/\/vieassociative.be\/actualites\/obtention-frauduleuse-de-primes-energetiques-questions-de-balter-au-premier-ministre-paasch\/"]}]},{"@type":"ImageObject","inLanguage":"fr-BE","@id":"https:\/\/vieassociative.be\/actualites\/obtention-frauduleuse-de-primes-energetiques-questions-de-balter-au-premier-ministre-paasch\/#primaryimage","url":"https:\/\/vieassociative.be\/actualites\/wp-content\/uploads\/2025\/12\/1764814642_Obtention-frauduleuse-de-primes-energetiques-questions-de-Balter-au.jpeg","contentUrl":"https:\/\/vieassociative.be\/actualites\/wp-content\/uploads\/2025\/12\/1764814642_Obtention-frauduleuse-de-primes-energetiques-questions-de-Balter-au.jpeg","width":1000,"height":667,"caption":"Obtention frauduleuse de primes \u00e9nerg\u00e9tiques : questions de Balter au Premier ministre Paasch"},{"@type":"BreadcrumbList","@id":"https:\/\/vieassociative.be\/actualites\/obtention-frauduleuse-de-primes-energetiques-questions-de-balter-au-premier-ministre-paasch\/#breadcrumb","itemListElement":[{"@type":"ListItem","position":1,"name":"Accueil","item":"https:\/\/vieassociative.be\/actualites\/"},{"@type":"ListItem","position":2,"name":"Obtention frauduleuse de primes \u00e9nerg\u00e9tiques : questions de Balter au Premier ministre Paasch"}]},{"@type":"WebSite","@id":"https:\/\/vieassociative.be\/actualites\/#website","url":"https:\/\/vieassociative.be\/actualites\/","name":"Vie Associative","description":"","publisher":{"@id":"https:\/\/vieassociative.be\/actualites\/#organization"},"potentialAction":[{"@type":"SearchAction","target":{"@type":"EntryPoint","urlTemplate":"https:\/\/vieassociative.be\/actualites\/?s={search_term_string}"},"query-input":{"@type":"PropertyValueSpecification","valueRequired":true,"valueName":"search_term_string"}}],"inLanguage":"fr-BE"},{"@type":"Organization","@id":"https:\/\/vieassociative.be\/actualites\/#organization","name":"Vie Associative","url":"https:\/\/vieassociative.be\/actualites\/","logo":{"@type":"ImageObject","inLanguage":"fr-BE","@id":"https:\/\/vieassociative.be\/actualites\/#\/schema\/logo\/image\/","url":"https:\/\/vieassociative.be\/actualites\/wp-content\/uploads\/2024\/09\/cropped-vieassociative_favicon.ico.png","contentUrl":"https:\/\/vieassociative.be\/actualites\/wp-content\/uploads\/2024\/09\/cropped-vieassociative_favicon.ico.png","width":512,"height":512,"caption":"Vie Associative"},"image":{"@id":"https:\/\/vieassociative.be\/actualites\/#\/schema\/logo\/image\/"}},{"@type":"Person","@id":"https:\/\/vieassociative.be\/actualites\/#\/schema\/person\/b87ac4f82f9d4e7b7cec7395b679edc4","name":"Julien","image":{"@type":"ImageObject","inLanguage":"fr-BE","@id":"https:\/\/vieassociative.be\/actualites\/#\/schema\/person\/image\/","url":"https:\/\/vieassociative.be\/actualites\/wp-content\/uploads\/2024\/09\/vie-associative-1-150x150.jpg","contentUrl":"https:\/\/vieassociative.be\/actualites\/wp-content\/uploads\/2024\/09\/vie-associative-1-150x150.jpg","caption":"Julien"},"description":"Je suis Julien, r\u00e9dacteur pour Vie Associative. Passionn\u00e9 par le monde associatif depuis plus de 10 ans, j'ai \u00e0 c\u0153ur de partager des histoires inspirantes et de mettre en lumi\u00e8re les initiatives locales. Mon objectif est de sensibiliser et d'encourager l'engagement communautaire \u00e0 travers mes articles.","sameAs":["https:\/\/vieassociative.be\/"]}]}},"_links":{"self":[{"href":"https:\/\/vieassociative.be\/actualites\/wp-json\/wp\/v2\/posts\/11684"}],"collection":[{"href":"https:\/\/vieassociative.be\/actualites\/wp-json\/wp\/v2\/posts"}],"about":[{"href":"https:\/\/vieassociative.be\/actualites\/wp-json\/wp\/v2\/types\/post"}],"author":[{"embeddable":true,"href":"https:\/\/vieassociative.be\/actualites\/wp-json\/wp\/v2\/users\/1"}],"replies":[{"embeddable":true,"href":"https:\/\/vieassociative.be\/actualites\/wp-json\/wp\/v2\/comments?post=11684"}],"version-history":[{"count":0,"href":"https:\/\/vieassociative.be\/actualites\/wp-json\/wp\/v2\/posts\/11684\/revisions"}],"wp:featuredmedia":[{"embeddable":true,"href":"https:\/\/vieassociative.be\/actualites\/wp-json\/wp\/v2\/media\/11685"}],"wp:attachment":[{"href":"https:\/\/vieassociative.be\/actualites\/wp-json\/wp\/v2\/media?parent=11684"}],"wp:term":[{"taxonomy":"category","embeddable":true,"href":"https:\/\/vieassociative.be\/actualites\/wp-json\/wp\/v2\/categories?post=11684"},{"taxonomy":"post_tag","embeddable":true,"href":"https:\/\/vieassociative.be\/actualites\/wp-json\/wp\/v2\/tags?post=11684"}],"curies":[{"name":"wp","href":"https:\/\/api.w.org\/{rel}","templated":true}]}}