{"id":11680,"date":"2025-12-03T21:17:26","date_gmt":"2025-12-03T20:17:26","guid":{"rendered":"https:\/\/vieassociative.be\/actualites\/grippe-aviaire-la-dg-ministere-fournit-des-informations-importantes-la-transmission-a-lhomme-ne-peut-etre-exclue\/"},"modified":"2025-12-03T21:17:26","modified_gmt":"2025-12-03T20:17:26","slug":"grippe-aviaire-la-dg-ministere-fournit-des-informations-importantes-la-transmission-a-lhomme-ne-peut-etre-exclue","status":"publish","type":"post","link":"https:\/\/vieassociative.be\/actualites\/grippe-aviaire-la-dg-ministere-fournit-des-informations-importantes-la-transmission-a-lhomme-ne-peut-etre-exclue\/","title":{"rendered":"Grippe aviaire : la DG Minist\u00e8re fournit des informations importantes \u2013 la transmission \u00e0 l\u2019homme ne peut \u00eatre exclue"},"content":{"rendered":"<p><strong>En Belgique, un nombre croissant de cas de grippe aviaire hautement contagieuse (grippe aviaire) ont \u00e9t\u00e9 signal\u00e9s ces derni\u00e8res semaines dans des \u00e9levages de volailles. Elle se propage principalement par des oiseaux sauvages infect\u00e9s, qui en meurent souvent. <\/strong><\/p>\n<p><span id=\"more-430989\"><\/span>Dans un communiqu\u00e9, la DG Minist\u00e8re souligne que la grippe aviaire est une maladie animale grave qui ne met pas seulement en danger les populations de volailles.<\/p>\n<p>Selon le minist\u00e8re, la maladie a d\u00e9j\u00e0 \u00e9t\u00e9 confirm\u00e9e en Belgique chez des mammif\u00e8res comme les renards et les chats. La transmission \u00e0 l&rsquo;homme a d\u00e9j\u00e0 eu lieu dans d&rsquo;autres pays, mais n&rsquo;a pas encore \u00e9t\u00e9 prouv\u00e9e en Europe.<\/p>\n<div id=\"attachment_429407\" class=\"wp-caption alignleft\" style=\"max-width: 300px\"><img fetchpriority=\"high\" decoding=\"async\" class=\"wp-image-429407 size-medium\" src=\"https:\/\/vieassociative.be\/actualites\/wp-content\/uploads\/2025\/11\/Mauel-MR-et-Spies-PS-exigent-des-informations-claires-et.jpg\" alt=\"\" width=\"300\" height=\"200\"><\/div>\n<p>Le communiqu\u00e9 pr\u00e9cise que la transmission \u00e0 l\u2019homme ne peut \u00eatre exclue. Le virus peut \u00eatre transmis par contact direct avec des animaux infect\u00e9s ou leurs excr\u00e9tions. Une manipulation inappropri\u00e9e pr\u00e9sente un risque d&rsquo;infection des personnes ou de propagation du virus, par exemple par les v\u00eatements, les chaussures ou les animaux domestiques. \u00ab\u00a0Tout le monde peut contribuer \u00e0 pr\u00e9venir la propagation de la grippe aviaire.\u00a0\u00bb<\/p>\n<p>Selon le minist\u00e8re, toucher des oiseaux sauvages malades ou morts est particuli\u00e8rement risqu\u00e9. D&rsquo;autres animaux sauvages comme les renards, les blaireaux ou les chats errants pourraient \u00e9galement \u00eatre porteurs du virus s&rsquo;ils \u00e9taient en contact avec des oiseaux infect\u00e9s.<\/p>\n<p><strong>R\u00e8gles de conduite importantes pour la population :<\/strong><\/p>\n<ul>\n<li>Assurez-vous de garder les chiens en laisse.<\/li>\n<li>Ne touchez pas \u00e0 mains nues les animaux sauvages malades ou morts, ainsi que les oiseaux sauvages morts amen\u00e9s par des animaux de compagnie (chiens, chats).<\/li>\n<li>Si un tel animal doit n\u00e9anmoins \u00eatre d\u00e9plac\u00e9 (par exemple pour le signaler \u00e0 l&rsquo;autorit\u00e9 comp\u00e9tente), portez toujours des gants de protection et id\u00e9alement un masque buccal et nasal. Lavez-vous ou d\u00e9sinfectez-vous soigneusement les mains apr\u00e8s chaque contact, m\u00eame avec des gants.<\/li>\n<\/ul>\n<p><strong>\u2013 D\u00e9couverte d\u2019animaux sauvages malades ou morts :<\/strong> Si vous voulez savoir quoi faire si vous trouvez des animaux sauvages malades ou morts qui n&rsquo;ont pas \u00e9t\u00e9 clairement tu\u00e9s dans un accident, vous pouvez trouver toutes les informations ici. <u>www.ostbelgienlive.be<\/u><\/p>\n","protected":false},"excerpt":{"rendered":"<p>En Belgique, un nombre croissant de cas de grippe aviaire hautement contagieuse (grippe aviaire) ont \u00e9t\u00e9 signal\u00e9s ces derni\u00e8res semaines dans des \u00e9levages de volailles.<\/p>\n","protected":false},"author":1,"featured_media":11681,"comment_status":"","ping_status":"","sticky":false,"template":"","format":"standard","meta":{"footnotes":""},"categories":[298],"tags":[4324,29,23,9439,9437,758,2146,86,4475,9436,22,9438],"class_list":["post-11680","post","type-post","status-publish","format-standard","has-post-thumbnail","hentry","category-belgique","tag-aviaire","tag-des","tag-etre","tag-exclue","tag-fournit","tag-grippe","tag-importantes","tag-informations","tag-lhomme","tag-ministere","tag-peut","tag-transmission","generate-columns","tablet-grid-50","mobile-grid-100","grid-parent","grid-33"],"yoast_head":"<!-- This site is optimized with the Yoast SEO plugin v24.0 - https:\/\/yoast.com\/wordpress\/plugins\/seo\/ -->\n<title>Grippe aviaire : la DG Minist\u00e8re fournit des informations importantes \u2013 la transmission \u00e0 l\u2019homme ne peut \u00eatre exclue | Vie Associative<\/title>\n<meta name=\"robots\" content=\"index, follow, max-snippet:-1, max-image-preview:large, max-video-preview:-1\" \/>\n<link rel=\"canonical\" href=\"https:\/\/vieassociative.be\/actualites\/grippe-aviaire-la-dg-ministere-fournit-des-informations-importantes-la-transmission-a-lhomme-ne-peut-etre-exclue\/\" \/>\n<meta property=\"og:locale\" content=\"fr_FR\" \/>\n<meta property=\"og:type\" content=\"article\" \/>\n<meta property=\"og:title\" content=\"Grippe aviaire : la DG Minist\u00e8re fournit des informations importantes \u2013 la transmission \u00e0 l\u2019homme ne peut \u00eatre exclue | Vie Associative\" \/>\n<meta property=\"og:description\" content=\"En Belgique, un nombre croissant de cas de grippe aviaire hautement contagieuse (grippe aviaire) ont \u00e9t\u00e9 signal\u00e9s ces derni\u00e8res semaines dans des \u00e9levages de volailles.\" \/>\n<meta property=\"og:url\" content=\"https:\/\/vieassociative.be\/actualites\/grippe-aviaire-la-dg-ministere-fournit-des-informations-importantes-la-transmission-a-lhomme-ne-peut-etre-exclue\/\" \/>\n<meta property=\"og:site_name\" content=\"Vie Associative\" \/>\n<meta property=\"article:published_time\" content=\"2025-12-03T20:17:26+00:00\" \/>\n<meta property=\"og:image\" content=\"https:\/\/vieassociative.be\/actualites\/wp-content\/uploads\/2024\/09\/header_backgroundk-01-e1726694325946.png\" \/>\n\t<meta property=\"og:image:width\" content=\"279\" \/>\n\t<meta property=\"og:image:height\" content=\"92\" \/>\n\t<meta property=\"og:image:type\" content=\"image\/png\" \/>\n<meta name=\"author\" content=\"Julien\" \/>\n<meta name=\"twitter:card\" content=\"summary_large_image\" \/>\n<meta name=\"twitter:label1\" content=\"\u00c9crit par\" \/>\n\t<meta name=\"twitter:data1\" content=\"Julien\" \/>\n\t<meta name=\"twitter:label2\" content=\"Dur\u00e9e de lecture est.\" \/>\n\t<meta name=\"twitter:data2\" content=\"2 minutes\" \/>\n<script type=\"application\/ld+json\" class=\"yoast-schema-graph\">{\"@context\":\"https:\/\/schema.org\",\"@graph\":[{\"@type\":\"Article\",\"@id\":\"https:\/\/vieassociative.be\/actualites\/grippe-aviaire-la-dg-ministere-fournit-des-informations-importantes-la-transmission-a-lhomme-ne-peut-etre-exclue\/#article\",\"isPartOf\":{\"@id\":\"https:\/\/vieassociative.be\/actualites\/grippe-aviaire-la-dg-ministere-fournit-des-informations-importantes-la-transmission-a-lhomme-ne-peut-etre-exclue\/\"},\"author\":{\"name\":\"Julien\",\"@id\":\"https:\/\/vieassociative.be\/actualites\/#\/schema\/person\/b87ac4f82f9d4e7b7cec7395b679edc4\"},\"headline\":\"Grippe aviaire : la DG Minist\u00e8re fournit des informations importantes \u2013 la transmission \u00e0 l\u2019homme ne peut \u00eatre exclue\",\"datePublished\":\"2025-12-03T20:17:26+00:00\",\"dateModified\":\"2025-12-03T20:17:26+00:00\",\"mainEntityOfPage\":{\"@id\":\"https:\/\/vieassociative.be\/actualites\/grippe-aviaire-la-dg-ministere-fournit-des-informations-importantes-la-transmission-a-lhomme-ne-peut-etre-exclue\/\"},\"wordCount\":384,\"publisher\":{\"@id\":\"https:\/\/vieassociative.be\/actualites\/#organization\"},\"image\":{\"@id\":\"https:\/\/vieassociative.be\/actualites\/grippe-aviaire-la-dg-ministere-fournit-des-informations-importantes-la-transmission-a-lhomme-ne-peut-etre-exclue\/#primaryimage\"},\"thumbnailUrl\":\"https:\/\/vieassociative.be\/actualites\/wp-content\/uploads\/2025\/12\/Grippe-aviaire-la-DG-Ministere-fournit-des-informations-importantes.jpg\",\"keywords\":[\"aviaire\",\"Des\",\"\u00eatre\",\"exclue\",\"fournit\",\"grippe\",\"importantes\",\"informations\",\"Lhomme\",\"Minist\u00e8re\",\"peut\",\"transmission\"],\"articleSection\":[\"Belgique\"],\"inLanguage\":\"fr-BE\"},{\"@type\":\"WebPage\",\"@id\":\"https:\/\/vieassociative.be\/actualites\/grippe-aviaire-la-dg-ministere-fournit-des-informations-importantes-la-transmission-a-lhomme-ne-peut-etre-exclue\/\",\"url\":\"https:\/\/vieassociative.be\/actualites\/grippe-aviaire-la-dg-ministere-fournit-des-informations-importantes-la-transmission-a-lhomme-ne-peut-etre-exclue\/\",\"name\":\"Grippe aviaire : la DG Minist\u00e8re fournit des informations importantes \u2013 la transmission \u00e0 l\u2019homme ne peut \u00eatre exclue | Vie Associative\",\"isPartOf\":{\"@id\":\"https:\/\/vieassociative.be\/actualites\/#website\"},\"primaryImageOfPage\":{\"@id\":\"https:\/\/vieassociative.be\/actualites\/grippe-aviaire-la-dg-ministere-fournit-des-informations-importantes-la-transmission-a-lhomme-ne-peut-etre-exclue\/#primaryimage\"},\"image\":{\"@id\":\"https:\/\/vieassociative.be\/actualites\/grippe-aviaire-la-dg-ministere-fournit-des-informations-importantes-la-transmission-a-lhomme-ne-peut-etre-exclue\/#primaryimage\"},\"thumbnailUrl\":\"https:\/\/vieassociative.be\/actualites\/wp-content\/uploads\/2025\/12\/Grippe-aviaire-la-DG-Ministere-fournit-des-informations-importantes.jpg\",\"datePublished\":\"2025-12-03T20:17:26+00:00\",\"dateModified\":\"2025-12-03T20:17:26+00:00\",\"breadcrumb\":{\"@id\":\"https:\/\/vieassociative.be\/actualites\/grippe-aviaire-la-dg-ministere-fournit-des-informations-importantes-la-transmission-a-lhomme-ne-peut-etre-exclue\/#breadcrumb\"},\"inLanguage\":\"fr-BE\",\"potentialAction\":[{\"@type\":\"ReadAction\",\"target\":[\"https:\/\/vieassociative.be\/actualites\/grippe-aviaire-la-dg-ministere-fournit-des-informations-importantes-la-transmission-a-lhomme-ne-peut-etre-exclue\/\"]}]},{\"@type\":\"ImageObject\",\"inLanguage\":\"fr-BE\",\"@id\":\"https:\/\/vieassociative.be\/actualites\/grippe-aviaire-la-dg-ministere-fournit-des-informations-importantes-la-transmission-a-lhomme-ne-peut-etre-exclue\/#primaryimage\",\"url\":\"https:\/\/vieassociative.be\/actualites\/wp-content\/uploads\/2025\/12\/Grippe-aviaire-la-DG-Ministere-fournit-des-informations-importantes.jpg\",\"contentUrl\":\"https:\/\/vieassociative.be\/actualites\/wp-content\/uploads\/2025\/12\/Grippe-aviaire-la-DG-Ministere-fournit-des-informations-importantes.jpg\",\"width\":1200,\"height\":788,\"caption\":\"Grippe aviaire : la DG Minist\u00e8re fournit des informations importantes \u2013 la transmission \u00e0 l\u2019homme ne peut \u00eatre exclue\"},{\"@type\":\"BreadcrumbList\",\"@id\":\"https:\/\/vieassociative.be\/actualites\/grippe-aviaire-la-dg-ministere-fournit-des-informations-importantes-la-transmission-a-lhomme-ne-peut-etre-exclue\/#breadcrumb\",\"itemListElement\":[{\"@type\":\"ListItem\",\"position\":1,\"name\":\"Accueil\",\"item\":\"https:\/\/vieassociative.be\/actualites\/\"},{\"@type\":\"ListItem\",\"position\":2,\"name\":\"Grippe aviaire : la DG Minist\u00e8re fournit des informations importantes \u2013 la transmission \u00e0 l\u2019homme ne peut \u00eatre exclue\"}]},{\"@type\":\"WebSite\",\"@id\":\"https:\/\/vieassociative.be\/actualites\/#website\",\"url\":\"https:\/\/vieassociative.be\/actualites\/\",\"name\":\"Vie Associative\",\"description\":\"\",\"publisher\":{\"@id\":\"https:\/\/vieassociative.be\/actualites\/#organization\"},\"potentialAction\":[{\"@type\":\"SearchAction\",\"target\":{\"@type\":\"EntryPoint\",\"urlTemplate\":\"https:\/\/vieassociative.be\/actualites\/?s={search_term_string}\"},\"query-input\":{\"@type\":\"PropertyValueSpecification\",\"valueRequired\":true,\"valueName\":\"search_term_string\"}}],\"inLanguage\":\"fr-BE\"},{\"@type\":\"Organization\",\"@id\":\"https:\/\/vieassociative.be\/actualites\/#organization\",\"name\":\"Vie Associative\",\"url\":\"https:\/\/vieassociative.be\/actualites\/\",\"logo\":{\"@type\":\"ImageObject\",\"inLanguage\":\"fr-BE\",\"@id\":\"https:\/\/vieassociative.be\/actualites\/#\/schema\/logo\/image\/\",\"url\":\"https:\/\/vieassociative.be\/actualites\/wp-content\/uploads\/2024\/09\/cropped-vieassociative_favicon.ico.png\",\"contentUrl\":\"https:\/\/vieassociative.be\/actualites\/wp-content\/uploads\/2024\/09\/cropped-vieassociative_favicon.ico.png\",\"width\":512,\"height\":512,\"caption\":\"Vie Associative\"},\"image\":{\"@id\":\"https:\/\/vieassociative.be\/actualites\/#\/schema\/logo\/image\/\"}},{\"@type\":\"Person\",\"@id\":\"https:\/\/vieassociative.be\/actualites\/#\/schema\/person\/b87ac4f82f9d4e7b7cec7395b679edc4\",\"name\":\"Julien\",\"image\":{\"@type\":\"ImageObject\",\"inLanguage\":\"fr-BE\",\"@id\":\"https:\/\/vieassociative.be\/actualites\/#\/schema\/person\/image\/\",\"url\":\"https:\/\/vieassociative.be\/actualites\/wp-content\/uploads\/2024\/09\/vie-associative-1-150x150.jpg\",\"contentUrl\":\"https:\/\/vieassociative.be\/actualites\/wp-content\/uploads\/2024\/09\/vie-associative-1-150x150.jpg\",\"caption\":\"Julien\"},\"description\":\"Je suis Julien, r\u00e9dacteur pour Vie Associative. Passionn\u00e9 par le monde associatif depuis plus de 10 ans, j'ai \u00e0 c\u0153ur de partager des histoires inspirantes et de mettre en lumi\u00e8re les initiatives locales. Mon objectif est de sensibiliser et d'encourager l'engagement communautaire \u00e0 travers mes articles.\",\"sameAs\":[\"https:\/\/vieassociative.be\/\"]}]}<\/script>\n<!-- \/ Yoast SEO plugin. -->","yoast_head_json":{"title":"Grippe aviaire : la DG Minist\u00e8re fournit des informations importantes \u2013 la transmission \u00e0 l\u2019homme ne peut \u00eatre exclue | Vie Associative","robots":{"index":"index","follow":"follow","max-snippet":"max-snippet:-1","max-image-preview":"max-image-preview:large","max-video-preview":"max-video-preview:-1"},"canonical":"https:\/\/vieassociative.be\/actualites\/grippe-aviaire-la-dg-ministere-fournit-des-informations-importantes-la-transmission-a-lhomme-ne-peut-etre-exclue\/","og_locale":"fr_FR","og_type":"article","og_title":"Grippe aviaire : la DG Minist\u00e8re fournit des informations importantes \u2013 la transmission \u00e0 l\u2019homme ne peut \u00eatre exclue | Vie Associative","og_description":"En Belgique, un nombre croissant de cas de grippe aviaire hautement contagieuse (grippe aviaire) ont \u00e9t\u00e9 signal\u00e9s ces derni\u00e8res semaines dans des \u00e9levages de volailles.","og_url":"https:\/\/vieassociative.be\/actualites\/grippe-aviaire-la-dg-ministere-fournit-des-informations-importantes-la-transmission-a-lhomme-ne-peut-etre-exclue\/","og_site_name":"Vie Associative","article_published_time":"2025-12-03T20:17:26+00:00","og_image":[{"width":279,"height":92,"url":"https:\/\/vieassociative.be\/actualites\/wp-content\/uploads\/2024\/09\/header_backgroundk-01-e1726694325946.png","type":"image\/png"}],"author":"Julien","twitter_card":"summary_large_image","twitter_misc":{"\u00c9crit par":"Julien","Dur\u00e9e de lecture est.":"2 minutes"},"schema":{"@context":"https:\/\/schema.org","@graph":[{"@type":"Article","@id":"https:\/\/vieassociative.be\/actualites\/grippe-aviaire-la-dg-ministere-fournit-des-informations-importantes-la-transmission-a-lhomme-ne-peut-etre-exclue\/#article","isPartOf":{"@id":"https:\/\/vieassociative.be\/actualites\/grippe-aviaire-la-dg-ministere-fournit-des-informations-importantes-la-transmission-a-lhomme-ne-peut-etre-exclue\/"},"author":{"name":"Julien","@id":"https:\/\/vieassociative.be\/actualites\/#\/schema\/person\/b87ac4f82f9d4e7b7cec7395b679edc4"},"headline":"Grippe aviaire : la DG Minist\u00e8re fournit des informations importantes \u2013 la transmission \u00e0 l\u2019homme ne peut \u00eatre exclue","datePublished":"2025-12-03T20:17:26+00:00","dateModified":"2025-12-03T20:17:26+00:00","mainEntityOfPage":{"@id":"https:\/\/vieassociative.be\/actualites\/grippe-aviaire-la-dg-ministere-fournit-des-informations-importantes-la-transmission-a-lhomme-ne-peut-etre-exclue\/"},"wordCount":384,"publisher":{"@id":"https:\/\/vieassociative.be\/actualites\/#organization"},"image":{"@id":"https:\/\/vieassociative.be\/actualites\/grippe-aviaire-la-dg-ministere-fournit-des-informations-importantes-la-transmission-a-lhomme-ne-peut-etre-exclue\/#primaryimage"},"thumbnailUrl":"https:\/\/vieassociative.be\/actualites\/wp-content\/uploads\/2025\/12\/Grippe-aviaire-la-DG-Ministere-fournit-des-informations-importantes.jpg","keywords":["aviaire","Des","\u00eatre","exclue","fournit","grippe","importantes","informations","Lhomme","Minist\u00e8re","peut","transmission"],"articleSection":["Belgique"],"inLanguage":"fr-BE"},{"@type":"WebPage","@id":"https:\/\/vieassociative.be\/actualites\/grippe-aviaire-la-dg-ministere-fournit-des-informations-importantes-la-transmission-a-lhomme-ne-peut-etre-exclue\/","url":"https:\/\/vieassociative.be\/actualites\/grippe-aviaire-la-dg-ministere-fournit-des-informations-importantes-la-transmission-a-lhomme-ne-peut-etre-exclue\/","name":"Grippe aviaire : la DG Minist\u00e8re fournit des informations importantes \u2013 la transmission \u00e0 l\u2019homme ne peut \u00eatre exclue | Vie Associative","isPartOf":{"@id":"https:\/\/vieassociative.be\/actualites\/#website"},"primaryImageOfPage":{"@id":"https:\/\/vieassociative.be\/actualites\/grippe-aviaire-la-dg-ministere-fournit-des-informations-importantes-la-transmission-a-lhomme-ne-peut-etre-exclue\/#primaryimage"},"image":{"@id":"https:\/\/vieassociative.be\/actualites\/grippe-aviaire-la-dg-ministere-fournit-des-informations-importantes-la-transmission-a-lhomme-ne-peut-etre-exclue\/#primaryimage"},"thumbnailUrl":"https:\/\/vieassociative.be\/actualites\/wp-content\/uploads\/2025\/12\/Grippe-aviaire-la-DG-Ministere-fournit-des-informations-importantes.jpg","datePublished":"2025-12-03T20:17:26+00:00","dateModified":"2025-12-03T20:17:26+00:00","breadcrumb":{"@id":"https:\/\/vieassociative.be\/actualites\/grippe-aviaire-la-dg-ministere-fournit-des-informations-importantes-la-transmission-a-lhomme-ne-peut-etre-exclue\/#breadcrumb"},"inLanguage":"fr-BE","potentialAction":[{"@type":"ReadAction","target":["https:\/\/vieassociative.be\/actualites\/grippe-aviaire-la-dg-ministere-fournit-des-informations-importantes-la-transmission-a-lhomme-ne-peut-etre-exclue\/"]}]},{"@type":"ImageObject","inLanguage":"fr-BE","@id":"https:\/\/vieassociative.be\/actualites\/grippe-aviaire-la-dg-ministere-fournit-des-informations-importantes-la-transmission-a-lhomme-ne-peut-etre-exclue\/#primaryimage","url":"https:\/\/vieassociative.be\/actualites\/wp-content\/uploads\/2025\/12\/Grippe-aviaire-la-DG-Ministere-fournit-des-informations-importantes.jpg","contentUrl":"https:\/\/vieassociative.be\/actualites\/wp-content\/uploads\/2025\/12\/Grippe-aviaire-la-DG-Ministere-fournit-des-informations-importantes.jpg","width":1200,"height":788,"caption":"Grippe aviaire : la DG Minist\u00e8re fournit des informations importantes \u2013 la transmission \u00e0 l\u2019homme ne peut \u00eatre exclue"},{"@type":"BreadcrumbList","@id":"https:\/\/vieassociative.be\/actualites\/grippe-aviaire-la-dg-ministere-fournit-des-informations-importantes-la-transmission-a-lhomme-ne-peut-etre-exclue\/#breadcrumb","itemListElement":[{"@type":"ListItem","position":1,"name":"Accueil","item":"https:\/\/vieassociative.be\/actualites\/"},{"@type":"ListItem","position":2,"name":"Grippe aviaire : la DG Minist\u00e8re fournit des informations importantes \u2013 la transmission \u00e0 l\u2019homme ne peut \u00eatre exclue"}]},{"@type":"WebSite","@id":"https:\/\/vieassociative.be\/actualites\/#website","url":"https:\/\/vieassociative.be\/actualites\/","name":"Vie Associative","description":"","publisher":{"@id":"https:\/\/vieassociative.be\/actualites\/#organization"},"potentialAction":[{"@type":"SearchAction","target":{"@type":"EntryPoint","urlTemplate":"https:\/\/vieassociative.be\/actualites\/?s={search_term_string}"},"query-input":{"@type":"PropertyValueSpecification","valueRequired":true,"valueName":"search_term_string"}}],"inLanguage":"fr-BE"},{"@type":"Organization","@id":"https:\/\/vieassociative.be\/actualites\/#organization","name":"Vie Associative","url":"https:\/\/vieassociative.be\/actualites\/","logo":{"@type":"ImageObject","inLanguage":"fr-BE","@id":"https:\/\/vieassociative.be\/actualites\/#\/schema\/logo\/image\/","url":"https:\/\/vieassociative.be\/actualites\/wp-content\/uploads\/2024\/09\/cropped-vieassociative_favicon.ico.png","contentUrl":"https:\/\/vieassociative.be\/actualites\/wp-content\/uploads\/2024\/09\/cropped-vieassociative_favicon.ico.png","width":512,"height":512,"caption":"Vie Associative"},"image":{"@id":"https:\/\/vieassociative.be\/actualites\/#\/schema\/logo\/image\/"}},{"@type":"Person","@id":"https:\/\/vieassociative.be\/actualites\/#\/schema\/person\/b87ac4f82f9d4e7b7cec7395b679edc4","name":"Julien","image":{"@type":"ImageObject","inLanguage":"fr-BE","@id":"https:\/\/vieassociative.be\/actualites\/#\/schema\/person\/image\/","url":"https:\/\/vieassociative.be\/actualites\/wp-content\/uploads\/2024\/09\/vie-associative-1-150x150.jpg","contentUrl":"https:\/\/vieassociative.be\/actualites\/wp-content\/uploads\/2024\/09\/vie-associative-1-150x150.jpg","caption":"Julien"},"description":"Je suis Julien, r\u00e9dacteur pour Vie Associative. Passionn\u00e9 par le monde associatif depuis plus de 10 ans, j'ai \u00e0 c\u0153ur de partager des histoires inspirantes et de mettre en lumi\u00e8re les initiatives locales. Mon objectif est de sensibiliser et d'encourager l'engagement communautaire \u00e0 travers mes articles.","sameAs":["https:\/\/vieassociative.be\/"]}]}},"_links":{"self":[{"href":"https:\/\/vieassociative.be\/actualites\/wp-json\/wp\/v2\/posts\/11680"}],"collection":[{"href":"https:\/\/vieassociative.be\/actualites\/wp-json\/wp\/v2\/posts"}],"about":[{"href":"https:\/\/vieassociative.be\/actualites\/wp-json\/wp\/v2\/types\/post"}],"author":[{"embeddable":true,"href":"https:\/\/vieassociative.be\/actualites\/wp-json\/wp\/v2\/users\/1"}],"replies":[{"embeddable":true,"href":"https:\/\/vieassociative.be\/actualites\/wp-json\/wp\/v2\/comments?post=11680"}],"version-history":[{"count":0,"href":"https:\/\/vieassociative.be\/actualites\/wp-json\/wp\/v2\/posts\/11680\/revisions"}],"wp:featuredmedia":[{"embeddable":true,"href":"https:\/\/vieassociative.be\/actualites\/wp-json\/wp\/v2\/media\/11681"}],"wp:attachment":[{"href":"https:\/\/vieassociative.be\/actualites\/wp-json\/wp\/v2\/media?parent=11680"}],"wp:term":[{"taxonomy":"category","embeddable":true,"href":"https:\/\/vieassociative.be\/actualites\/wp-json\/wp\/v2\/categories?post=11680"},{"taxonomy":"post_tag","embeddable":true,"href":"https:\/\/vieassociative.be\/actualites\/wp-json\/wp\/v2\/tags?post=11680"}],"curies":[{"name":"wp","href":"https:\/\/api.w.org\/{rel}","templated":true}]}}