{"id":11676,"date":"2025-12-03T15:18:10","date_gmt":"2025-12-03T14:18:10","guid":{"rendered":"https:\/\/vieassociative.be\/actualites\/heidi-klum-52-ans-modere-le-tirage-au-sort-de-la-coupe-du-monde-a-washington-donald-trump-est-egalement-la\/"},"modified":"2025-12-03T15:18:10","modified_gmt":"2025-12-03T14:18:10","slug":"heidi-klum-52-ans-modere-le-tirage-au-sort-de-la-coupe-du-monde-a-washington-donald-trump-est-egalement-la","status":"publish","type":"post","link":"https:\/\/vieassociative.be\/actualites\/heidi-klum-52-ans-modere-le-tirage-au-sort-de-la-coupe-du-monde-a-washington-donald-trump-est-egalement-la\/","title":{"rendered":"Heidi Klum (52 \u200b\u200bans) mod\u00e8re le tirage au sort de la Coupe du monde \u00e0 Washington \u2013 Donald Trump est \u00e9galement l\u00e0"},"content":{"rendered":"<p><strong>Heidi Klum (52 \u200b\u200bans) jouera un r\u00f4le de premier plan lors du tirage au sort final de la Coupe du monde 2026. Le mannequin allemand animera l&rsquo;\u00e9v\u00e9nement vendredi (18h00\/CET) \u00e0 Washington.<\/strong><\/p>\n<p><span id=\"more-430968\"><\/span>Heidi Klum dirigera le programme avec l&rsquo;acteur et star de la com\u00e9die am\u00e9ricaine Kevin Hart et l&rsquo;acteur Danny Ramirez, a annonc\u00e9 l&rsquo;association mondiale FIFA.<\/p>\n<p>\u00ab\u00a0Ayant particip\u00e9 \u00e0 ce spectacle il y a vingt ans dans mon pays natal, c&rsquo;est tr\u00e8s sp\u00e9cial d&rsquo;organiser \u00e0 nouveau le tirage au sort\u00a0\u00bb, a d\u00e9clar\u00e9 Klum, qui a \u00e9galement particip\u00e9 au tirage au sort de la Coupe du monde 2006 en Allemagne. \u00ab\u00a0La Coupe du Monde unit le monde comme aucune autre, et c&rsquo;est un honneur incroyable de faire \u00e0 nouveau partie de la magie &#8211; cette fois sur une sc\u00e8ne bien plus grande avec trois pays h\u00f4tes et 48 \u00e9quipes.\u00a0\u00bb<\/p>\n<p><strong>\u2013 Actes musicaux internationaux :<\/strong> Outre Klum et ses co-pr\u00e9sentateurs, la F\u00e9d\u00e9ration mondiale de football mise sur le divertissement avec des stars mondiales : des performances du t\u00e9nor italien Andrea Bocelli et de la pop star Robbie Williams, accompagn\u00e9es de Nicole Scherzinger, sont pr\u00e9vues. Une fois le tirage au sort termin\u00e9, le groupe Village People divertira \u00e9galement des millions de spectateurs mondiaux avec leur tube mondial \u00ab YMCA \u00bb.<\/p>\n<\/p>\n<div id=\"attachment_417734\" class=\"wp-caption alignleft\" style=\"max-width: 300px\"><img fetchpriority=\"high\" decoding=\"async\" class=\"wp-image-417734 size-medium\" src=\"https:\/\/vieassociative.be\/actualites\/wp-content\/uploads\/2025\/06\/1749932246_69_63-Jeux-et-1-milliard-de-dollars-la-chose-la.jpg\" alt=\"\" width=\"300\" height=\"200\"><\/div>\n<p>La Coupe du monde aura lieu du 11 juin au 19 juillet 2026 aux \u00c9tats-Unis, au Mexique et au Canada. Pour la premi\u00e8re fois, le tour pr\u00e9liminaire de la Coupe du monde se d\u00e9roulera avec 48 \u00e9quipes.<\/p>\n<p><strong>\u2013 Trump arrive aussi :<\/strong> Le pr\u00e9sident am\u00e9ricain Donald Trump participera \u00e9galement au tirage au sort des groupes de la Coupe du monde \u00e0 Washington. La porte-parole du gouvernement, Karoline Leavitt, l&rsquo;a annonc\u00e9 \u00e0 la Maison Blanche. \u00ab\u00a0Vendredi, le pr\u00e9sident Trump assistera au tirage au sort final de la Coupe du monde au Kennedy Center\u00a0\u00bb, a d\u00e9clar\u00e9 la porte-parole aux journalistes.<\/p>\n<p>On ne sait pas encore si Trump sera seulement un invit\u00e9 ou s\u2019il jouera \u00e9galement un r\u00f4le actif dans l\u2019\u00e9mission de deux heures. R\u00e9cemment, des rumeurs ont circul\u00e9 selon lesquelles le r\u00e9publicain de 79 ans pourrait recevoir le nouveau prix de la paix d\u00e9cern\u00e9 par l&rsquo;association mondiale FIFA.<\/p>\n<p>Trump a r\u00e9cemment accueilli le pr\u00e9sident de la FIFA, Gianni Infantino, \u00e0 la Maison Blanche \u00e0 la mi-novembre et a pr\u00e9sent\u00e9 le soi-disant \u00ab Fifa Pass \u00bb, qui offrirait aux fans poss\u00e9dant des billets pour la Coupe du monde un traitement pr\u00e9f\u00e9rentiel pour les visas am\u00e9ricains. Dans le m\u00eame temps, le pr\u00e9sident am\u00e9ricain a une fois de plus menac\u00e9 les villes d\u00e9mocratiquement g\u00e9r\u00e9es de retirer les matchs de la Coupe du monde, invoquant des probl\u00e8mes de s\u00e9curit\u00e9. Il a notamment cibl\u00e9 Los Angeles et Seattle.<\/p>\n<p>Les \u00c9tats-Unis accueilleront l&rsquo;\u00e9t\u00e9 prochain la plus grande Coupe du monde de l&rsquo;histoire avec onze villes, aux c\u00f4t\u00e9s du Mexique et du Canada, avec 48 pays participants. (dpa)<\/p>\n","protected":false},"excerpt":{"rendered":"<p>Heidi Klum (52 \u200b\u200bans) jouera un r\u00f4le de premier plan lors du tirage au sort final de la Coupe du monde 2026. Le mannequin allemand<\/p>\n","protected":false},"author":1,"featured_media":11677,"comment_status":"","ping_status":"","sticky":false,"template":"","format":"standard","meta":{"footnotes":""},"categories":[298],"tags":[584,2472,2424,172,76,7278,9435,1293,8992,237,5503,8189,2425,5056],"class_list":["post-11676","post","type-post","status-publish","format-standard","has-post-thumbnail","hentry","category-belgique","tag-ans","tag-coupe","tag-donald","tag-egalement","tag-est","tag-heidi","tag-klum","tag-la","tag-modere","tag-monde","tag-sort","tag-tirage","tag-trump","tag-washington","generate-columns","tablet-grid-50","mobile-grid-100","grid-parent","grid-33"],"yoast_head":"<!-- This site is optimized with the Yoast SEO plugin v24.0 - https:\/\/yoast.com\/wordpress\/plugins\/seo\/ -->\n<title>Heidi Klum (52 \u200b\u200bans) mod\u00e8re le tirage au sort de la Coupe du monde \u00e0 Washington \u2013 Donald Trump est \u00e9galement l\u00e0 | Vie Associative<\/title>\n<meta name=\"robots\" content=\"index, follow, max-snippet:-1, max-image-preview:large, max-video-preview:-1\" \/>\n<link rel=\"canonical\" href=\"https:\/\/vieassociative.be\/actualites\/heidi-klum-52-ans-modere-le-tirage-au-sort-de-la-coupe-du-monde-a-washington-donald-trump-est-egalement-la\/\" \/>\n<meta property=\"og:locale\" content=\"fr_FR\" \/>\n<meta property=\"og:type\" content=\"article\" \/>\n<meta property=\"og:title\" content=\"Heidi Klum (52 \u200b\u200bans) mod\u00e8re le tirage au sort de la Coupe du monde \u00e0 Washington \u2013 Donald Trump est \u00e9galement l\u00e0 | Vie Associative\" \/>\n<meta property=\"og:description\" content=\"Heidi Klum (52 \u200b\u200bans) jouera un r\u00f4le de premier plan lors du tirage au sort final de la Coupe du monde 2026. Le mannequin allemand\" \/>\n<meta property=\"og:url\" content=\"https:\/\/vieassociative.be\/actualites\/heidi-klum-52-ans-modere-le-tirage-au-sort-de-la-coupe-du-monde-a-washington-donald-trump-est-egalement-la\/\" \/>\n<meta property=\"og:site_name\" content=\"Vie Associative\" \/>\n<meta property=\"article:published_time\" content=\"2025-12-03T14:18:10+00:00\" \/>\n<meta property=\"og:image\" content=\"https:\/\/vieassociative.be\/actualites\/wp-content\/uploads\/2024\/09\/header_backgroundk-01-e1726694325946.png\" \/>\n\t<meta property=\"og:image:width\" content=\"279\" \/>\n\t<meta property=\"og:image:height\" content=\"92\" \/>\n\t<meta property=\"og:image:type\" content=\"image\/png\" \/>\n<meta name=\"author\" content=\"Julien\" \/>\n<meta name=\"twitter:card\" content=\"summary_large_image\" \/>\n<meta name=\"twitter:label1\" content=\"\u00c9crit par\" \/>\n\t<meta name=\"twitter:data1\" content=\"Julien\" \/>\n\t<meta name=\"twitter:label2\" content=\"Dur\u00e9e de lecture est.\" \/>\n\t<meta name=\"twitter:data2\" content=\"2 minutes\" \/>\n<script type=\"application\/ld+json\" class=\"yoast-schema-graph\">{\"@context\":\"https:\/\/schema.org\",\"@graph\":[{\"@type\":\"Article\",\"@id\":\"https:\/\/vieassociative.be\/actualites\/heidi-klum-52-ans-modere-le-tirage-au-sort-de-la-coupe-du-monde-a-washington-donald-trump-est-egalement-la\/#article\",\"isPartOf\":{\"@id\":\"https:\/\/vieassociative.be\/actualites\/heidi-klum-52-ans-modere-le-tirage-au-sort-de-la-coupe-du-monde-a-washington-donald-trump-est-egalement-la\/\"},\"author\":{\"name\":\"Julien\",\"@id\":\"https:\/\/vieassociative.be\/actualites\/#\/schema\/person\/b87ac4f82f9d4e7b7cec7395b679edc4\"},\"headline\":\"Heidi Klum (52 \u200b\u200bans) mod\u00e8re le tirage au sort de la Coupe du monde \u00e0 Washington \u2013 Donald Trump est \u00e9galement l\u00e0\",\"datePublished\":\"2025-12-03T14:18:10+00:00\",\"dateModified\":\"2025-12-03T14:18:10+00:00\",\"mainEntityOfPage\":{\"@id\":\"https:\/\/vieassociative.be\/actualites\/heidi-klum-52-ans-modere-le-tirage-au-sort-de-la-coupe-du-monde-a-washington-donald-trump-est-egalement-la\/\"},\"wordCount\":515,\"publisher\":{\"@id\":\"https:\/\/vieassociative.be\/actualites\/#organization\"},\"image\":{\"@id\":\"https:\/\/vieassociative.be\/actualites\/heidi-klum-52-ans-modere-le-tirage-au-sort-de-la-coupe-du-monde-a-washington-donald-trump-est-egalement-la\/#primaryimage\"},\"thumbnailUrl\":\"https:\/\/vieassociative.be\/actualites\/wp-content\/uploads\/2025\/12\/Heidi-Klum-52-\u200b\u200bans-modere-le-tirage-au-sort-de.jpg\",\"keywords\":[\"ans\",\"Coupe\",\"Donald\",\"\u00e9galement\",\"est\",\"Heidi\",\"Klum\",\"l\u00e0\",\"mod\u00e9r\u00e9\",\"monde\",\"sort\",\"tirage\",\"Trump\",\"Washington\"],\"articleSection\":[\"Belgique\"],\"inLanguage\":\"fr-BE\"},{\"@type\":\"WebPage\",\"@id\":\"https:\/\/vieassociative.be\/actualites\/heidi-klum-52-ans-modere-le-tirage-au-sort-de-la-coupe-du-monde-a-washington-donald-trump-est-egalement-la\/\",\"url\":\"https:\/\/vieassociative.be\/actualites\/heidi-klum-52-ans-modere-le-tirage-au-sort-de-la-coupe-du-monde-a-washington-donald-trump-est-egalement-la\/\",\"name\":\"Heidi Klum (52 \u200b\u200bans) mod\u00e8re le tirage au sort de la Coupe du monde \u00e0 Washington \u2013 Donald Trump est \u00e9galement l\u00e0 | Vie Associative\",\"isPartOf\":{\"@id\":\"https:\/\/vieassociative.be\/actualites\/#website\"},\"primaryImageOfPage\":{\"@id\":\"https:\/\/vieassociative.be\/actualites\/heidi-klum-52-ans-modere-le-tirage-au-sort-de-la-coupe-du-monde-a-washington-donald-trump-est-egalement-la\/#primaryimage\"},\"image\":{\"@id\":\"https:\/\/vieassociative.be\/actualites\/heidi-klum-52-ans-modere-le-tirage-au-sort-de-la-coupe-du-monde-a-washington-donald-trump-est-egalement-la\/#primaryimage\"},\"thumbnailUrl\":\"https:\/\/vieassociative.be\/actualites\/wp-content\/uploads\/2025\/12\/Heidi-Klum-52-\u200b\u200bans-modere-le-tirage-au-sort-de.jpg\",\"datePublished\":\"2025-12-03T14:18:10+00:00\",\"dateModified\":\"2025-12-03T14:18:10+00:00\",\"breadcrumb\":{\"@id\":\"https:\/\/vieassociative.be\/actualites\/heidi-klum-52-ans-modere-le-tirage-au-sort-de-la-coupe-du-monde-a-washington-donald-trump-est-egalement-la\/#breadcrumb\"},\"inLanguage\":\"fr-BE\",\"potentialAction\":[{\"@type\":\"ReadAction\",\"target\":[\"https:\/\/vieassociative.be\/actualites\/heidi-klum-52-ans-modere-le-tirage-au-sort-de-la-coupe-du-monde-a-washington-donald-trump-est-egalement-la\/\"]}]},{\"@type\":\"ImageObject\",\"inLanguage\":\"fr-BE\",\"@id\":\"https:\/\/vieassociative.be\/actualites\/heidi-klum-52-ans-modere-le-tirage-au-sort-de-la-coupe-du-monde-a-washington-donald-trump-est-egalement-la\/#primaryimage\",\"url\":\"https:\/\/vieassociative.be\/actualites\/wp-content\/uploads\/2025\/12\/Heidi-Klum-52-\u200b\u200bans-modere-le-tirage-au-sort-de.jpg\",\"contentUrl\":\"https:\/\/vieassociative.be\/actualites\/wp-content\/uploads\/2025\/12\/Heidi-Klum-52-\u200b\u200bans-modere-le-tirage-au-sort-de.jpg\",\"width\":1200,\"height\":800,\"caption\":\"Heidi Klum (52 \u200b\u200bans) mod\u00e8re le tirage au sort de la Coupe du monde \u00e0 Washington \u2013 Donald Trump est \u00e9galement l\u00e0\"},{\"@type\":\"BreadcrumbList\",\"@id\":\"https:\/\/vieassociative.be\/actualites\/heidi-klum-52-ans-modere-le-tirage-au-sort-de-la-coupe-du-monde-a-washington-donald-trump-est-egalement-la\/#breadcrumb\",\"itemListElement\":[{\"@type\":\"ListItem\",\"position\":1,\"name\":\"Accueil\",\"item\":\"https:\/\/vieassociative.be\/actualites\/\"},{\"@type\":\"ListItem\",\"position\":2,\"name\":\"Heidi Klum (52 \u200b\u200bans) mod\u00e8re le tirage au sort de la Coupe du monde \u00e0 Washington \u2013 Donald Trump est \u00e9galement l\u00e0\"}]},{\"@type\":\"WebSite\",\"@id\":\"https:\/\/vieassociative.be\/actualites\/#website\",\"url\":\"https:\/\/vieassociative.be\/actualites\/\",\"name\":\"Vie Associative\",\"description\":\"\",\"publisher\":{\"@id\":\"https:\/\/vieassociative.be\/actualites\/#organization\"},\"potentialAction\":[{\"@type\":\"SearchAction\",\"target\":{\"@type\":\"EntryPoint\",\"urlTemplate\":\"https:\/\/vieassociative.be\/actualites\/?s={search_term_string}\"},\"query-input\":{\"@type\":\"PropertyValueSpecification\",\"valueRequired\":true,\"valueName\":\"search_term_string\"}}],\"inLanguage\":\"fr-BE\"},{\"@type\":\"Organization\",\"@id\":\"https:\/\/vieassociative.be\/actualites\/#organization\",\"name\":\"Vie Associative\",\"url\":\"https:\/\/vieassociative.be\/actualites\/\",\"logo\":{\"@type\":\"ImageObject\",\"inLanguage\":\"fr-BE\",\"@id\":\"https:\/\/vieassociative.be\/actualites\/#\/schema\/logo\/image\/\",\"url\":\"https:\/\/vieassociative.be\/actualites\/wp-content\/uploads\/2024\/09\/cropped-vieassociative_favicon.ico.png\",\"contentUrl\":\"https:\/\/vieassociative.be\/actualites\/wp-content\/uploads\/2024\/09\/cropped-vieassociative_favicon.ico.png\",\"width\":512,\"height\":512,\"caption\":\"Vie Associative\"},\"image\":{\"@id\":\"https:\/\/vieassociative.be\/actualites\/#\/schema\/logo\/image\/\"}},{\"@type\":\"Person\",\"@id\":\"https:\/\/vieassociative.be\/actualites\/#\/schema\/person\/b87ac4f82f9d4e7b7cec7395b679edc4\",\"name\":\"Julien\",\"image\":{\"@type\":\"ImageObject\",\"inLanguage\":\"fr-BE\",\"@id\":\"https:\/\/vieassociative.be\/actualites\/#\/schema\/person\/image\/\",\"url\":\"https:\/\/vieassociative.be\/actualites\/wp-content\/uploads\/2024\/09\/vie-associative-1-150x150.jpg\",\"contentUrl\":\"https:\/\/vieassociative.be\/actualites\/wp-content\/uploads\/2024\/09\/vie-associative-1-150x150.jpg\",\"caption\":\"Julien\"},\"description\":\"Je suis Julien, r\u00e9dacteur pour Vie Associative. Passionn\u00e9 par le monde associatif depuis plus de 10 ans, j'ai \u00e0 c\u0153ur de partager des histoires inspirantes et de mettre en lumi\u00e8re les initiatives locales. Mon objectif est de sensibiliser et d'encourager l'engagement communautaire \u00e0 travers mes articles.\",\"sameAs\":[\"https:\/\/vieassociative.be\/\"]}]}<\/script>\n<!-- \/ Yoast SEO plugin. -->","yoast_head_json":{"title":"Heidi Klum (52 \u200b\u200bans) mod\u00e8re le tirage au sort de la Coupe du monde \u00e0 Washington \u2013 Donald Trump est \u00e9galement l\u00e0 | Vie Associative","robots":{"index":"index","follow":"follow","max-snippet":"max-snippet:-1","max-image-preview":"max-image-preview:large","max-video-preview":"max-video-preview:-1"},"canonical":"https:\/\/vieassociative.be\/actualites\/heidi-klum-52-ans-modere-le-tirage-au-sort-de-la-coupe-du-monde-a-washington-donald-trump-est-egalement-la\/","og_locale":"fr_FR","og_type":"article","og_title":"Heidi Klum (52 \u200b\u200bans) mod\u00e8re le tirage au sort de la Coupe du monde \u00e0 Washington \u2013 Donald Trump est \u00e9galement l\u00e0 | Vie Associative","og_description":"Heidi Klum (52 \u200b\u200bans) jouera un r\u00f4le de premier plan lors du tirage au sort final de la Coupe du monde 2026. Le mannequin allemand","og_url":"https:\/\/vieassociative.be\/actualites\/heidi-klum-52-ans-modere-le-tirage-au-sort-de-la-coupe-du-monde-a-washington-donald-trump-est-egalement-la\/","og_site_name":"Vie Associative","article_published_time":"2025-12-03T14:18:10+00:00","og_image":[{"width":279,"height":92,"url":"https:\/\/vieassociative.be\/actualites\/wp-content\/uploads\/2024\/09\/header_backgroundk-01-e1726694325946.png","type":"image\/png"}],"author":"Julien","twitter_card":"summary_large_image","twitter_misc":{"\u00c9crit par":"Julien","Dur\u00e9e de lecture est.":"2 minutes"},"schema":{"@context":"https:\/\/schema.org","@graph":[{"@type":"Article","@id":"https:\/\/vieassociative.be\/actualites\/heidi-klum-52-ans-modere-le-tirage-au-sort-de-la-coupe-du-monde-a-washington-donald-trump-est-egalement-la\/#article","isPartOf":{"@id":"https:\/\/vieassociative.be\/actualites\/heidi-klum-52-ans-modere-le-tirage-au-sort-de-la-coupe-du-monde-a-washington-donald-trump-est-egalement-la\/"},"author":{"name":"Julien","@id":"https:\/\/vieassociative.be\/actualites\/#\/schema\/person\/b87ac4f82f9d4e7b7cec7395b679edc4"},"headline":"Heidi Klum (52 \u200b\u200bans) mod\u00e8re le tirage au sort de la Coupe du monde \u00e0 Washington \u2013 Donald Trump est \u00e9galement l\u00e0","datePublished":"2025-12-03T14:18:10+00:00","dateModified":"2025-12-03T14:18:10+00:00","mainEntityOfPage":{"@id":"https:\/\/vieassociative.be\/actualites\/heidi-klum-52-ans-modere-le-tirage-au-sort-de-la-coupe-du-monde-a-washington-donald-trump-est-egalement-la\/"},"wordCount":515,"publisher":{"@id":"https:\/\/vieassociative.be\/actualites\/#organization"},"image":{"@id":"https:\/\/vieassociative.be\/actualites\/heidi-klum-52-ans-modere-le-tirage-au-sort-de-la-coupe-du-monde-a-washington-donald-trump-est-egalement-la\/#primaryimage"},"thumbnailUrl":"https:\/\/vieassociative.be\/actualites\/wp-content\/uploads\/2025\/12\/Heidi-Klum-52-\u200b\u200bans-modere-le-tirage-au-sort-de.jpg","keywords":["ans","Coupe","Donald","\u00e9galement","est","Heidi","Klum","l\u00e0","mod\u00e9r\u00e9","monde","sort","tirage","Trump","Washington"],"articleSection":["Belgique"],"inLanguage":"fr-BE"},{"@type":"WebPage","@id":"https:\/\/vieassociative.be\/actualites\/heidi-klum-52-ans-modere-le-tirage-au-sort-de-la-coupe-du-monde-a-washington-donald-trump-est-egalement-la\/","url":"https:\/\/vieassociative.be\/actualites\/heidi-klum-52-ans-modere-le-tirage-au-sort-de-la-coupe-du-monde-a-washington-donald-trump-est-egalement-la\/","name":"Heidi Klum (52 \u200b\u200bans) mod\u00e8re le tirage au sort de la Coupe du monde \u00e0 Washington \u2013 Donald Trump est \u00e9galement l\u00e0 | Vie Associative","isPartOf":{"@id":"https:\/\/vieassociative.be\/actualites\/#website"},"primaryImageOfPage":{"@id":"https:\/\/vieassociative.be\/actualites\/heidi-klum-52-ans-modere-le-tirage-au-sort-de-la-coupe-du-monde-a-washington-donald-trump-est-egalement-la\/#primaryimage"},"image":{"@id":"https:\/\/vieassociative.be\/actualites\/heidi-klum-52-ans-modere-le-tirage-au-sort-de-la-coupe-du-monde-a-washington-donald-trump-est-egalement-la\/#primaryimage"},"thumbnailUrl":"https:\/\/vieassociative.be\/actualites\/wp-content\/uploads\/2025\/12\/Heidi-Klum-52-\u200b\u200bans-modere-le-tirage-au-sort-de.jpg","datePublished":"2025-12-03T14:18:10+00:00","dateModified":"2025-12-03T14:18:10+00:00","breadcrumb":{"@id":"https:\/\/vieassociative.be\/actualites\/heidi-klum-52-ans-modere-le-tirage-au-sort-de-la-coupe-du-monde-a-washington-donald-trump-est-egalement-la\/#breadcrumb"},"inLanguage":"fr-BE","potentialAction":[{"@type":"ReadAction","target":["https:\/\/vieassociative.be\/actualites\/heidi-klum-52-ans-modere-le-tirage-au-sort-de-la-coupe-du-monde-a-washington-donald-trump-est-egalement-la\/"]}]},{"@type":"ImageObject","inLanguage":"fr-BE","@id":"https:\/\/vieassociative.be\/actualites\/heidi-klum-52-ans-modere-le-tirage-au-sort-de-la-coupe-du-monde-a-washington-donald-trump-est-egalement-la\/#primaryimage","url":"https:\/\/vieassociative.be\/actualites\/wp-content\/uploads\/2025\/12\/Heidi-Klum-52-\u200b\u200bans-modere-le-tirage-au-sort-de.jpg","contentUrl":"https:\/\/vieassociative.be\/actualites\/wp-content\/uploads\/2025\/12\/Heidi-Klum-52-\u200b\u200bans-modere-le-tirage-au-sort-de.jpg","width":1200,"height":800,"caption":"Heidi Klum (52 \u200b\u200bans) mod\u00e8re le tirage au sort de la Coupe du monde \u00e0 Washington \u2013 Donald Trump est \u00e9galement l\u00e0"},{"@type":"BreadcrumbList","@id":"https:\/\/vieassociative.be\/actualites\/heidi-klum-52-ans-modere-le-tirage-au-sort-de-la-coupe-du-monde-a-washington-donald-trump-est-egalement-la\/#breadcrumb","itemListElement":[{"@type":"ListItem","position":1,"name":"Accueil","item":"https:\/\/vieassociative.be\/actualites\/"},{"@type":"ListItem","position":2,"name":"Heidi Klum (52 \u200b\u200bans) mod\u00e8re le tirage au sort de la Coupe du monde \u00e0 Washington \u2013 Donald Trump est \u00e9galement l\u00e0"}]},{"@type":"WebSite","@id":"https:\/\/vieassociative.be\/actualites\/#website","url":"https:\/\/vieassociative.be\/actualites\/","name":"Vie Associative","description":"","publisher":{"@id":"https:\/\/vieassociative.be\/actualites\/#organization"},"potentialAction":[{"@type":"SearchAction","target":{"@type":"EntryPoint","urlTemplate":"https:\/\/vieassociative.be\/actualites\/?s={search_term_string}"},"query-input":{"@type":"PropertyValueSpecification","valueRequired":true,"valueName":"search_term_string"}}],"inLanguage":"fr-BE"},{"@type":"Organization","@id":"https:\/\/vieassociative.be\/actualites\/#organization","name":"Vie Associative","url":"https:\/\/vieassociative.be\/actualites\/","logo":{"@type":"ImageObject","inLanguage":"fr-BE","@id":"https:\/\/vieassociative.be\/actualites\/#\/schema\/logo\/image\/","url":"https:\/\/vieassociative.be\/actualites\/wp-content\/uploads\/2024\/09\/cropped-vieassociative_favicon.ico.png","contentUrl":"https:\/\/vieassociative.be\/actualites\/wp-content\/uploads\/2024\/09\/cropped-vieassociative_favicon.ico.png","width":512,"height":512,"caption":"Vie Associative"},"image":{"@id":"https:\/\/vieassociative.be\/actualites\/#\/schema\/logo\/image\/"}},{"@type":"Person","@id":"https:\/\/vieassociative.be\/actualites\/#\/schema\/person\/b87ac4f82f9d4e7b7cec7395b679edc4","name":"Julien","image":{"@type":"ImageObject","inLanguage":"fr-BE","@id":"https:\/\/vieassociative.be\/actualites\/#\/schema\/person\/image\/","url":"https:\/\/vieassociative.be\/actualites\/wp-content\/uploads\/2024\/09\/vie-associative-1-150x150.jpg","contentUrl":"https:\/\/vieassociative.be\/actualites\/wp-content\/uploads\/2024\/09\/vie-associative-1-150x150.jpg","caption":"Julien"},"description":"Je suis Julien, r\u00e9dacteur pour Vie Associative. Passionn\u00e9 par le monde associatif depuis plus de 10 ans, j'ai \u00e0 c\u0153ur de partager des histoires inspirantes et de mettre en lumi\u00e8re les initiatives locales. Mon objectif est de sensibiliser et d'encourager l'engagement communautaire \u00e0 travers mes articles.","sameAs":["https:\/\/vieassociative.be\/"]}]}},"_links":{"self":[{"href":"https:\/\/vieassociative.be\/actualites\/wp-json\/wp\/v2\/posts\/11676"}],"collection":[{"href":"https:\/\/vieassociative.be\/actualites\/wp-json\/wp\/v2\/posts"}],"about":[{"href":"https:\/\/vieassociative.be\/actualites\/wp-json\/wp\/v2\/types\/post"}],"author":[{"embeddable":true,"href":"https:\/\/vieassociative.be\/actualites\/wp-json\/wp\/v2\/users\/1"}],"replies":[{"embeddable":true,"href":"https:\/\/vieassociative.be\/actualites\/wp-json\/wp\/v2\/comments?post=11676"}],"version-history":[{"count":0,"href":"https:\/\/vieassociative.be\/actualites\/wp-json\/wp\/v2\/posts\/11676\/revisions"}],"wp:featuredmedia":[{"embeddable":true,"href":"https:\/\/vieassociative.be\/actualites\/wp-json\/wp\/v2\/media\/11677"}],"wp:attachment":[{"href":"https:\/\/vieassociative.be\/actualites\/wp-json\/wp\/v2\/media?parent=11676"}],"wp:term":[{"taxonomy":"category","embeddable":true,"href":"https:\/\/vieassociative.be\/actualites\/wp-json\/wp\/v2\/categories?post=11676"},{"taxonomy":"post_tag","embeddable":true,"href":"https:\/\/vieassociative.be\/actualites\/wp-json\/wp\/v2\/tags?post=11676"}],"curies":[{"name":"wp","href":"https:\/\/api.w.org\/{rel}","templated":true}]}}