{"id":11670,"date":"2025-12-03T03:18:05","date_gmt":"2025-12-03T02:18:05","guid":{"rendered":"https:\/\/vieassociative.be\/actualites\/stromberg-retour-apres-plus-dune-decennie-son-nouveau-film-en-salles-a-partir-de-jeudi\/"},"modified":"2025-12-03T03:18:05","modified_gmt":"2025-12-03T02:18:05","slug":"stromberg-retour-apres-plus-dune-decennie-son-nouveau-film-en-salles-a-partir-de-jeudi","status":"publish","type":"post","link":"https:\/\/vieassociative.be\/actualites\/stromberg-retour-apres-plus-dune-decennie-son-nouveau-film-en-salles-a-partir-de-jeudi\/","title":{"rendered":"Stromberg : retour apr\u00e8s plus d&rsquo;une d\u00e9cennie &#8211; Son nouveau film en salles \u00e0 partir de jeudi"},"content":{"rendered":"<p><strong>Christoph Maria Herbst a repris son r\u00f4le vedette de patron d\u00e9go\u00fbtant Bernd Stromberg pour un long m\u00e9trage. Dans sa vie priv\u00e9e, l&rsquo;antif\u00e9ministe Stromberg n&rsquo;a pas d\u00e9teint sur lui, souligne l&rsquo;humoriste.<\/strong><\/p>\n<p><span id=\"more-430833\"><\/span>Il se consid\u00e8re comme le meilleur et continue de prononcer des propos politiquement incorrects qui font honte aux autres &#8211; le chef de bureau, Bernd Stromberg, misogyne et raciste latent. Mais m\u00eame si Christoph Maria Herbst (59 ans) incarne \u00e0 nouveau brillamment Stromberg lors de son retour au cin\u00e9ma, il ne voit gu\u00e8re de similitudes : \u00ab\u00a0Stromberg n&rsquo;a pas vraiment d\u00e9teint sur moi\u00a0\u00bb, a d\u00e9clar\u00e9 Herbst \u00e0 l&rsquo;agence de presse allemande sur le tapis rouge de la premi\u00e8re du film \u00e0 Berlin.<\/p>\n<div id=\"attachment_430836\" class=\"wp-caption alignleft\" style=\"max-width: 300px\"><img fetchpriority=\"high\" decoding=\"async\" class=\"wp-image-430836 size-medium\" src=\"https:\/\/vieassociative.be\/actualites\/wp-content\/uploads\/2025\/12\/Stromberg-retour-apres-plus-dune-decennie-Son-nouveau.jpg\" alt=\"\" width=\"300\" height=\"208\"><\/div>\n<p>\u00ab\u00a0Il est d\u00e9finitivement antif\u00e9ministe. Et j&rsquo;ai grandi avec deux s\u0153urs a\u00een\u00e9es. Le f\u00e9minisme est donc pratiquement n\u00e9 dans mon berceau\u00a0\u00bb, a expliqu\u00e9 l&rsquo;acteur. \u00ab\u00a0\u00c0 cet \u00e9gard, Stromberg a toujours \u00e9t\u00e9 pour moi un personnage si \u00e9loign\u00e9 de moi que je n&rsquo;ai rien eu \u00e0 apprendre de lui.\u00a0\u00bb<\/p>\n<p>La s\u00e9rie Stromberg sur ProSieben et le premier film (2014) appartiennent d\u00e9sormais \u00e0 l&rsquo;histoire depuis plus d&rsquo;une d\u00e9cennie. Maintenant, la suite \u00ab Stromberg \u2013 Everything as Always \u00bb a \u00e9t\u00e9 cr\u00e9\u00e9e lundi soir \u00e0 Berlin (sortie au cin\u00e9ma le 4 d\u00e9cembre). Alors, les temps d\u2019aujourd\u2019hui sont-ils plus propices aux m\u00e9chants patrons ? \u00ab\u00a0Esp\u00e9rons que non\u00a0\u00bb, a d\u00e9clar\u00e9 Herbst.<\/p>\n<p>\u00ab\u00a0Mais j&rsquo;ai entendu parler d&rsquo;un sondage aujourd&rsquo;hui selon lequel 63 pour cent de tous les employ\u00e9s aimeraient avoir un patron comme Stromberg. Je ne sais pas de quel genre de personnes il s&rsquo;agit et peut-\u00eatre que vous pouvez les embaucher \u00e0 nouveau avec des m\u00e9dicaments ou quelque chose comme \u00e7a ? J&rsquo;ai peine \u00e0 le croire\u00a0\u00bb, a d\u00e9clar\u00e9 le com\u00e9dien.<\/p>\n<div id=\"attachment_430838\" class=\"wp-caption alignleft\" style=\"max-width: 300px\"><img decoding=\"async\" class=\"wp-image-430838 size-medium\" src=\"https:\/\/vieassociative.be\/actualites\/wp-content\/uploads\/2025\/12\/1764728285_120_Stromberg-retour-apres-plus-dune-decennie-Son-nouveau.jpg\" alt=\"\" width=\"300\" height=\"177\"><\/div>\n<p>La co-vedette Bjarne M\u00e4del, devenue c\u00e9l\u00e8bre dans le r\u00f4le d&rsquo;Ernie, victime d&rsquo;intimidation dans la s\u00e9rie Stromberg, voit une \u00e9volution pire en ce qui concerne les patrons : \u00ab\u00a0Oui, j&rsquo;ai le sentiment que la tendance va \u00e0 nouveau vers des patrons incomp\u00e9tents\u00a0\u00bb, a d\u00e9clar\u00e9 M\u00e4del \u00e0 la dpa. \u00ab \u00c0 cet \u00e9gard, Stromberg est exactement dans la tendance. \u00bb<\/p>\n<p>D&rsquo;un point de vue \u00e9conomique, les patrons col\u00e9riques et stricts ne sont pas un mod\u00e8le de r\u00e9ussite pour les filles. \u00ab\u00a0Je veux dire, Stromberg est avant tout simplement paresseux, incomp\u00e9tent et \u00e9go\u00efste. Et non, je ne crois pas que l&rsquo;on puisse n\u00e9cessairement obtenir de bonnes choses de ses employ\u00e9s avec un comportement aussi n\u00e9gatif. C&rsquo;est donc une mauvaise id\u00e9e\u00a0\u00bb, a d\u00e9clar\u00e9 M\u00e4del.<\/p>\n<p>Cependant, le directeur de Stromberg, Arne Feldhusen, estime qu&rsquo;il ne s&rsquo;agit probablement pas d&rsquo;un ph\u00e9nom\u00e8ne rare : \u00ab\u00a0Ce genre de patrons existe-t-il encore ? Je pense que oui. Ils sont partout. S&rsquo;il \u00e9tait compl\u00e8tement hors du temps, notre histoire ne serait pas du tout authentique, et je pense que cela se remarquerait.\u00a0\u00bb<\/p>\n<p>Et qu\u2019est-ce qui fait un bon patron de nos jours ? Pour Bjarne M\u00e4del, la r\u00e9ponse peut \u00eatre tr\u00e8s simple : \u00ab Avant tout, un bon salaire. Donc un salaire juste \u00bb. (dpa)<\/p>\n<p><em><strong>Ci-dessous la bande-annonce du nouveau film de Stromberg :<\/strong><\/em><\/p>\n<div class=\"responsive-embed widescreen\">\n<div class=\"rll-youtube-player\" data-src=\"https:\/\/www.youtube.com\/embed\/DOou_Al-2Q0\" data-id=\"DOou_Al-2Q0\" data-query=\"feature=oembed\" data-alt=\"STROMBERG: Wieder alles wie immer Trailer German Deutsch (2025) Christoph Maria Herbst\"><\/div>\n<p><noscript><iframe title=\"STROMBERG: Wieder alles wie immer Trailer German Deutsch (2025) Christoph Maria Herbst\" width=\"1200\" height=\"675\" src=\"https:\/\/www.youtube.com\/embed\/DOou_Al-2Q0?feature=oembed\" frameborder=\"0\" allow=\"accelerometer; autoplay; clipboard-write; encrypted-media; gyroscope; picture-in-picture; web-share\" referrerpolicy=\"strict-origin-when-cross-origin\" allowfullscreen><\/iframe><\/noscript><\/div>\n","protected":false},"excerpt":{"rendered":"<p>Christoph Maria Herbst a repris son r\u00f4le vedette de patron d\u00e9go\u00fbtant Bernd Stromberg pour un long m\u00e9trage. Dans sa vie priv\u00e9e, l&rsquo;antif\u00e9ministe Stromberg n&rsquo;a pas<\/p>\n","protected":false},"author":1,"featured_media":11671,"comment_status":"","ping_status":"","sticky":false,"template":"","format":"standard","meta":{"footnotes":""},"categories":[298],"tags":[472,9434,698,4195,136,553,1591,787,5454,800,7912],"class_list":["post-11670","post","type-post","status-publish","format-standard","has-post-thumbnail","hentry","category-belgique","tag-apres","tag-decennie","tag-dune","tag-film","tag-jeudi","tag-nouveau","tag-partir","tag-retour","tag-salles","tag-son","tag-stromberg","generate-columns","tablet-grid-50","mobile-grid-100","grid-parent","grid-33"],"yoast_head":"<!-- This site is optimized with the Yoast SEO plugin v24.0 - https:\/\/yoast.com\/wordpress\/plugins\/seo\/ -->\n<title>Stromberg : retour apr\u00e8s plus d&#039;une d\u00e9cennie - Son nouveau film en salles \u00e0 partir de jeudi | Vie Associative<\/title>\n<meta name=\"robots\" content=\"index, follow, max-snippet:-1, max-image-preview:large, max-video-preview:-1\" \/>\n<link rel=\"canonical\" href=\"https:\/\/vieassociative.be\/actualites\/stromberg-retour-apres-plus-dune-decennie-son-nouveau-film-en-salles-a-partir-de-jeudi\/\" \/>\n<meta property=\"og:locale\" content=\"fr_FR\" \/>\n<meta property=\"og:type\" content=\"article\" \/>\n<meta property=\"og:title\" content=\"Stromberg : retour apr\u00e8s plus d&#039;une d\u00e9cennie - Son nouveau film en salles \u00e0 partir de jeudi | Vie Associative\" \/>\n<meta property=\"og:description\" content=\"Christoph Maria Herbst a repris son r\u00f4le vedette de patron d\u00e9go\u00fbtant Bernd Stromberg pour un long m\u00e9trage. Dans sa vie priv\u00e9e, l&rsquo;antif\u00e9ministe Stromberg n&rsquo;a pas\" \/>\n<meta property=\"og:url\" content=\"https:\/\/vieassociative.be\/actualites\/stromberg-retour-apres-plus-dune-decennie-son-nouveau-film-en-salles-a-partir-de-jeudi\/\" \/>\n<meta property=\"og:site_name\" content=\"Vie Associative\" \/>\n<meta property=\"article:published_time\" content=\"2025-12-03T02:18:05+00:00\" \/>\n<meta property=\"og:image\" content=\"https:\/\/vieassociative.be\/actualites\/wp-content\/uploads\/2024\/09\/header_backgroundk-01-e1726694325946.png\" \/>\n\t<meta property=\"og:image:width\" content=\"279\" \/>\n\t<meta property=\"og:image:height\" content=\"92\" \/>\n\t<meta property=\"og:image:type\" content=\"image\/png\" \/>\n<meta name=\"author\" content=\"Julien\" \/>\n<meta name=\"twitter:card\" content=\"summary_large_image\" \/>\n<meta name=\"twitter:label1\" content=\"\u00c9crit par\" \/>\n\t<meta name=\"twitter:data1\" content=\"Julien\" \/>\n\t<meta name=\"twitter:label2\" content=\"Dur\u00e9e de lecture est.\" \/>\n\t<meta name=\"twitter:data2\" content=\"3 minutes\" \/>\n<script type=\"application\/ld+json\" class=\"yoast-schema-graph\">{\"@context\":\"https:\/\/schema.org\",\"@graph\":[{\"@type\":\"Article\",\"@id\":\"https:\/\/vieassociative.be\/actualites\/stromberg-retour-apres-plus-dune-decennie-son-nouveau-film-en-salles-a-partir-de-jeudi\/#article\",\"isPartOf\":{\"@id\":\"https:\/\/vieassociative.be\/actualites\/stromberg-retour-apres-plus-dune-decennie-son-nouveau-film-en-salles-a-partir-de-jeudi\/\"},\"author\":{\"name\":\"Julien\",\"@id\":\"https:\/\/vieassociative.be\/actualites\/#\/schema\/person\/b87ac4f82f9d4e7b7cec7395b679edc4\"},\"headline\":\"Stromberg : retour apr\u00e8s plus d&rsquo;une d\u00e9cennie &#8211; Son nouveau film en salles \u00e0 partir de jeudi\",\"datePublished\":\"2025-12-03T02:18:05+00:00\",\"dateModified\":\"2025-12-03T02:18:05+00:00\",\"mainEntityOfPage\":{\"@id\":\"https:\/\/vieassociative.be\/actualites\/stromberg-retour-apres-plus-dune-decennie-son-nouveau-film-en-salles-a-partir-de-jeudi\/\"},\"wordCount\":575,\"publisher\":{\"@id\":\"https:\/\/vieassociative.be\/actualites\/#organization\"},\"image\":{\"@id\":\"https:\/\/vieassociative.be\/actualites\/stromberg-retour-apres-plus-dune-decennie-son-nouveau-film-en-salles-a-partir-de-jeudi\/#primaryimage\"},\"thumbnailUrl\":\"https:\/\/vieassociative.be\/actualites\/wp-content\/uploads\/2025\/12\/1764728285_Stromberg-retour-apres-plus-dune-decennie-Son-nouveau.jpg\",\"keywords\":[\"Apr\u00e8s\",\"d\u00e9cennie\",\"dune\",\"film\",\"jeudi\",\"nouveau\",\"partir\",\"retour\",\"salles\",\"son\",\"Stromberg\"],\"articleSection\":[\"Belgique\"],\"inLanguage\":\"fr-BE\"},{\"@type\":\"WebPage\",\"@id\":\"https:\/\/vieassociative.be\/actualites\/stromberg-retour-apres-plus-dune-decennie-son-nouveau-film-en-salles-a-partir-de-jeudi\/\",\"url\":\"https:\/\/vieassociative.be\/actualites\/stromberg-retour-apres-plus-dune-decennie-son-nouveau-film-en-salles-a-partir-de-jeudi\/\",\"name\":\"Stromberg : retour apr\u00e8s plus d'une d\u00e9cennie - Son nouveau film en salles \u00e0 partir de jeudi | Vie Associative\",\"isPartOf\":{\"@id\":\"https:\/\/vieassociative.be\/actualites\/#website\"},\"primaryImageOfPage\":{\"@id\":\"https:\/\/vieassociative.be\/actualites\/stromberg-retour-apres-plus-dune-decennie-son-nouveau-film-en-salles-a-partir-de-jeudi\/#primaryimage\"},\"image\":{\"@id\":\"https:\/\/vieassociative.be\/actualites\/stromberg-retour-apres-plus-dune-decennie-son-nouveau-film-en-salles-a-partir-de-jeudi\/#primaryimage\"},\"thumbnailUrl\":\"https:\/\/vieassociative.be\/actualites\/wp-content\/uploads\/2025\/12\/1764728285_Stromberg-retour-apres-plus-dune-decennie-Son-nouveau.jpg\",\"datePublished\":\"2025-12-03T02:18:05+00:00\",\"dateModified\":\"2025-12-03T02:18:05+00:00\",\"breadcrumb\":{\"@id\":\"https:\/\/vieassociative.be\/actualites\/stromberg-retour-apres-plus-dune-decennie-son-nouveau-film-en-salles-a-partir-de-jeudi\/#breadcrumb\"},\"inLanguage\":\"fr-BE\",\"potentialAction\":[{\"@type\":\"ReadAction\",\"target\":[\"https:\/\/vieassociative.be\/actualites\/stromberg-retour-apres-plus-dune-decennie-son-nouveau-film-en-salles-a-partir-de-jeudi\/\"]}]},{\"@type\":\"ImageObject\",\"inLanguage\":\"fr-BE\",\"@id\":\"https:\/\/vieassociative.be\/actualites\/stromberg-retour-apres-plus-dune-decennie-son-nouveau-film-en-salles-a-partir-de-jeudi\/#primaryimage\",\"url\":\"https:\/\/vieassociative.be\/actualites\/wp-content\/uploads\/2025\/12\/1764728285_Stromberg-retour-apres-plus-dune-decennie-Son-nouveau.jpg\",\"contentUrl\":\"https:\/\/vieassociative.be\/actualites\/wp-content\/uploads\/2025\/12\/1764728285_Stromberg-retour-apres-plus-dune-decennie-Son-nouveau.jpg\",\"width\":1200,\"height\":893,\"caption\":\"Stromberg : retour apr\u00e8s plus d'une d\u00e9cennie - Son nouveau film en salles \u00e0 partir de jeudi\"},{\"@type\":\"BreadcrumbList\",\"@id\":\"https:\/\/vieassociative.be\/actualites\/stromberg-retour-apres-plus-dune-decennie-son-nouveau-film-en-salles-a-partir-de-jeudi\/#breadcrumb\",\"itemListElement\":[{\"@type\":\"ListItem\",\"position\":1,\"name\":\"Accueil\",\"item\":\"https:\/\/vieassociative.be\/actualites\/\"},{\"@type\":\"ListItem\",\"position\":2,\"name\":\"Stromberg : retour apr\u00e8s plus d&rsquo;une d\u00e9cennie &#8211; Son nouveau film en salles \u00e0 partir de jeudi\"}]},{\"@type\":\"WebSite\",\"@id\":\"https:\/\/vieassociative.be\/actualites\/#website\",\"url\":\"https:\/\/vieassociative.be\/actualites\/\",\"name\":\"Vie Associative\",\"description\":\"\",\"publisher\":{\"@id\":\"https:\/\/vieassociative.be\/actualites\/#organization\"},\"potentialAction\":[{\"@type\":\"SearchAction\",\"target\":{\"@type\":\"EntryPoint\",\"urlTemplate\":\"https:\/\/vieassociative.be\/actualites\/?s={search_term_string}\"},\"query-input\":{\"@type\":\"PropertyValueSpecification\",\"valueRequired\":true,\"valueName\":\"search_term_string\"}}],\"inLanguage\":\"fr-BE\"},{\"@type\":\"Organization\",\"@id\":\"https:\/\/vieassociative.be\/actualites\/#organization\",\"name\":\"Vie Associative\",\"url\":\"https:\/\/vieassociative.be\/actualites\/\",\"logo\":{\"@type\":\"ImageObject\",\"inLanguage\":\"fr-BE\",\"@id\":\"https:\/\/vieassociative.be\/actualites\/#\/schema\/logo\/image\/\",\"url\":\"https:\/\/vieassociative.be\/actualites\/wp-content\/uploads\/2024\/09\/cropped-vieassociative_favicon.ico.png\",\"contentUrl\":\"https:\/\/vieassociative.be\/actualites\/wp-content\/uploads\/2024\/09\/cropped-vieassociative_favicon.ico.png\",\"width\":512,\"height\":512,\"caption\":\"Vie Associative\"},\"image\":{\"@id\":\"https:\/\/vieassociative.be\/actualites\/#\/schema\/logo\/image\/\"}},{\"@type\":\"Person\",\"@id\":\"https:\/\/vieassociative.be\/actualites\/#\/schema\/person\/b87ac4f82f9d4e7b7cec7395b679edc4\",\"name\":\"Julien\",\"image\":{\"@type\":\"ImageObject\",\"inLanguage\":\"fr-BE\",\"@id\":\"https:\/\/vieassociative.be\/actualites\/#\/schema\/person\/image\/\",\"url\":\"https:\/\/vieassociative.be\/actualites\/wp-content\/uploads\/2024\/09\/vie-associative-1-150x150.jpg\",\"contentUrl\":\"https:\/\/vieassociative.be\/actualites\/wp-content\/uploads\/2024\/09\/vie-associative-1-150x150.jpg\",\"caption\":\"Julien\"},\"description\":\"Je suis Julien, r\u00e9dacteur pour Vie Associative. Passionn\u00e9 par le monde associatif depuis plus de 10 ans, j'ai \u00e0 c\u0153ur de partager des histoires inspirantes et de mettre en lumi\u00e8re les initiatives locales. Mon objectif est de sensibiliser et d'encourager l'engagement communautaire \u00e0 travers mes articles.\",\"sameAs\":[\"https:\/\/vieassociative.be\/\"]}]}<\/script>\n<!-- \/ Yoast SEO plugin. -->","yoast_head_json":{"title":"Stromberg : retour apr\u00e8s plus d'une d\u00e9cennie - Son nouveau film en salles \u00e0 partir de jeudi | Vie Associative","robots":{"index":"index","follow":"follow","max-snippet":"max-snippet:-1","max-image-preview":"max-image-preview:large","max-video-preview":"max-video-preview:-1"},"canonical":"https:\/\/vieassociative.be\/actualites\/stromberg-retour-apres-plus-dune-decennie-son-nouveau-film-en-salles-a-partir-de-jeudi\/","og_locale":"fr_FR","og_type":"article","og_title":"Stromberg : retour apr\u00e8s plus d'une d\u00e9cennie - Son nouveau film en salles \u00e0 partir de jeudi | Vie Associative","og_description":"Christoph Maria Herbst a repris son r\u00f4le vedette de patron d\u00e9go\u00fbtant Bernd Stromberg pour un long m\u00e9trage. Dans sa vie priv\u00e9e, l&rsquo;antif\u00e9ministe Stromberg n&rsquo;a pas","og_url":"https:\/\/vieassociative.be\/actualites\/stromberg-retour-apres-plus-dune-decennie-son-nouveau-film-en-salles-a-partir-de-jeudi\/","og_site_name":"Vie Associative","article_published_time":"2025-12-03T02:18:05+00:00","og_image":[{"width":279,"height":92,"url":"https:\/\/vieassociative.be\/actualites\/wp-content\/uploads\/2024\/09\/header_backgroundk-01-e1726694325946.png","type":"image\/png"}],"author":"Julien","twitter_card":"summary_large_image","twitter_misc":{"\u00c9crit par":"Julien","Dur\u00e9e de lecture est.":"3 minutes"},"schema":{"@context":"https:\/\/schema.org","@graph":[{"@type":"Article","@id":"https:\/\/vieassociative.be\/actualites\/stromberg-retour-apres-plus-dune-decennie-son-nouveau-film-en-salles-a-partir-de-jeudi\/#article","isPartOf":{"@id":"https:\/\/vieassociative.be\/actualites\/stromberg-retour-apres-plus-dune-decennie-son-nouveau-film-en-salles-a-partir-de-jeudi\/"},"author":{"name":"Julien","@id":"https:\/\/vieassociative.be\/actualites\/#\/schema\/person\/b87ac4f82f9d4e7b7cec7395b679edc4"},"headline":"Stromberg : retour apr\u00e8s plus d&rsquo;une d\u00e9cennie &#8211; Son nouveau film en salles \u00e0 partir de jeudi","datePublished":"2025-12-03T02:18:05+00:00","dateModified":"2025-12-03T02:18:05+00:00","mainEntityOfPage":{"@id":"https:\/\/vieassociative.be\/actualites\/stromberg-retour-apres-plus-dune-decennie-son-nouveau-film-en-salles-a-partir-de-jeudi\/"},"wordCount":575,"publisher":{"@id":"https:\/\/vieassociative.be\/actualites\/#organization"},"image":{"@id":"https:\/\/vieassociative.be\/actualites\/stromberg-retour-apres-plus-dune-decennie-son-nouveau-film-en-salles-a-partir-de-jeudi\/#primaryimage"},"thumbnailUrl":"https:\/\/vieassociative.be\/actualites\/wp-content\/uploads\/2025\/12\/1764728285_Stromberg-retour-apres-plus-dune-decennie-Son-nouveau.jpg","keywords":["Apr\u00e8s","d\u00e9cennie","dune","film","jeudi","nouveau","partir","retour","salles","son","Stromberg"],"articleSection":["Belgique"],"inLanguage":"fr-BE"},{"@type":"WebPage","@id":"https:\/\/vieassociative.be\/actualites\/stromberg-retour-apres-plus-dune-decennie-son-nouveau-film-en-salles-a-partir-de-jeudi\/","url":"https:\/\/vieassociative.be\/actualites\/stromberg-retour-apres-plus-dune-decennie-son-nouveau-film-en-salles-a-partir-de-jeudi\/","name":"Stromberg : retour apr\u00e8s plus d'une d\u00e9cennie - Son nouveau film en salles \u00e0 partir de jeudi | Vie Associative","isPartOf":{"@id":"https:\/\/vieassociative.be\/actualites\/#website"},"primaryImageOfPage":{"@id":"https:\/\/vieassociative.be\/actualites\/stromberg-retour-apres-plus-dune-decennie-son-nouveau-film-en-salles-a-partir-de-jeudi\/#primaryimage"},"image":{"@id":"https:\/\/vieassociative.be\/actualites\/stromberg-retour-apres-plus-dune-decennie-son-nouveau-film-en-salles-a-partir-de-jeudi\/#primaryimage"},"thumbnailUrl":"https:\/\/vieassociative.be\/actualites\/wp-content\/uploads\/2025\/12\/1764728285_Stromberg-retour-apres-plus-dune-decennie-Son-nouveau.jpg","datePublished":"2025-12-03T02:18:05+00:00","dateModified":"2025-12-03T02:18:05+00:00","breadcrumb":{"@id":"https:\/\/vieassociative.be\/actualites\/stromberg-retour-apres-plus-dune-decennie-son-nouveau-film-en-salles-a-partir-de-jeudi\/#breadcrumb"},"inLanguage":"fr-BE","potentialAction":[{"@type":"ReadAction","target":["https:\/\/vieassociative.be\/actualites\/stromberg-retour-apres-plus-dune-decennie-son-nouveau-film-en-salles-a-partir-de-jeudi\/"]}]},{"@type":"ImageObject","inLanguage":"fr-BE","@id":"https:\/\/vieassociative.be\/actualites\/stromberg-retour-apres-plus-dune-decennie-son-nouveau-film-en-salles-a-partir-de-jeudi\/#primaryimage","url":"https:\/\/vieassociative.be\/actualites\/wp-content\/uploads\/2025\/12\/1764728285_Stromberg-retour-apres-plus-dune-decennie-Son-nouveau.jpg","contentUrl":"https:\/\/vieassociative.be\/actualites\/wp-content\/uploads\/2025\/12\/1764728285_Stromberg-retour-apres-plus-dune-decennie-Son-nouveau.jpg","width":1200,"height":893,"caption":"Stromberg : retour apr\u00e8s plus d'une d\u00e9cennie - Son nouveau film en salles \u00e0 partir de jeudi"},{"@type":"BreadcrumbList","@id":"https:\/\/vieassociative.be\/actualites\/stromberg-retour-apres-plus-dune-decennie-son-nouveau-film-en-salles-a-partir-de-jeudi\/#breadcrumb","itemListElement":[{"@type":"ListItem","position":1,"name":"Accueil","item":"https:\/\/vieassociative.be\/actualites\/"},{"@type":"ListItem","position":2,"name":"Stromberg : retour apr\u00e8s plus d&rsquo;une d\u00e9cennie &#8211; Son nouveau film en salles \u00e0 partir de jeudi"}]},{"@type":"WebSite","@id":"https:\/\/vieassociative.be\/actualites\/#website","url":"https:\/\/vieassociative.be\/actualites\/","name":"Vie Associative","description":"","publisher":{"@id":"https:\/\/vieassociative.be\/actualites\/#organization"},"potentialAction":[{"@type":"SearchAction","target":{"@type":"EntryPoint","urlTemplate":"https:\/\/vieassociative.be\/actualites\/?s={search_term_string}"},"query-input":{"@type":"PropertyValueSpecification","valueRequired":true,"valueName":"search_term_string"}}],"inLanguage":"fr-BE"},{"@type":"Organization","@id":"https:\/\/vieassociative.be\/actualites\/#organization","name":"Vie Associative","url":"https:\/\/vieassociative.be\/actualites\/","logo":{"@type":"ImageObject","inLanguage":"fr-BE","@id":"https:\/\/vieassociative.be\/actualites\/#\/schema\/logo\/image\/","url":"https:\/\/vieassociative.be\/actualites\/wp-content\/uploads\/2024\/09\/cropped-vieassociative_favicon.ico.png","contentUrl":"https:\/\/vieassociative.be\/actualites\/wp-content\/uploads\/2024\/09\/cropped-vieassociative_favicon.ico.png","width":512,"height":512,"caption":"Vie Associative"},"image":{"@id":"https:\/\/vieassociative.be\/actualites\/#\/schema\/logo\/image\/"}},{"@type":"Person","@id":"https:\/\/vieassociative.be\/actualites\/#\/schema\/person\/b87ac4f82f9d4e7b7cec7395b679edc4","name":"Julien","image":{"@type":"ImageObject","inLanguage":"fr-BE","@id":"https:\/\/vieassociative.be\/actualites\/#\/schema\/person\/image\/","url":"https:\/\/vieassociative.be\/actualites\/wp-content\/uploads\/2024\/09\/vie-associative-1-150x150.jpg","contentUrl":"https:\/\/vieassociative.be\/actualites\/wp-content\/uploads\/2024\/09\/vie-associative-1-150x150.jpg","caption":"Julien"},"description":"Je suis Julien, r\u00e9dacteur pour Vie Associative. Passionn\u00e9 par le monde associatif depuis plus de 10 ans, j'ai \u00e0 c\u0153ur de partager des histoires inspirantes et de mettre en lumi\u00e8re les initiatives locales. Mon objectif est de sensibiliser et d'encourager l'engagement communautaire \u00e0 travers mes articles.","sameAs":["https:\/\/vieassociative.be\/"]}]}},"_links":{"self":[{"href":"https:\/\/vieassociative.be\/actualites\/wp-json\/wp\/v2\/posts\/11670"}],"collection":[{"href":"https:\/\/vieassociative.be\/actualites\/wp-json\/wp\/v2\/posts"}],"about":[{"href":"https:\/\/vieassociative.be\/actualites\/wp-json\/wp\/v2\/types\/post"}],"author":[{"embeddable":true,"href":"https:\/\/vieassociative.be\/actualites\/wp-json\/wp\/v2\/users\/1"}],"replies":[{"embeddable":true,"href":"https:\/\/vieassociative.be\/actualites\/wp-json\/wp\/v2\/comments?post=11670"}],"version-history":[{"count":0,"href":"https:\/\/vieassociative.be\/actualites\/wp-json\/wp\/v2\/posts\/11670\/revisions"}],"wp:featuredmedia":[{"embeddable":true,"href":"https:\/\/vieassociative.be\/actualites\/wp-json\/wp\/v2\/media\/11671"}],"wp:attachment":[{"href":"https:\/\/vieassociative.be\/actualites\/wp-json\/wp\/v2\/media?parent=11670"}],"wp:term":[{"taxonomy":"category","embeddable":true,"href":"https:\/\/vieassociative.be\/actualites\/wp-json\/wp\/v2\/categories?post=11670"},{"taxonomy":"post_tag","embeddable":true,"href":"https:\/\/vieassociative.be\/actualites\/wp-json\/wp\/v2\/tags?post=11670"}],"curies":[{"name":"wp","href":"https:\/\/api.w.org\/{rel}","templated":true}]}}