{"id":11666,"date":"2025-12-02T21:17:24","date_gmt":"2025-12-02T20:17:24","guid":{"rendered":"https:\/\/vieassociative.be\/actualites\/soupcons-de-fraude-un-ancien-chef-de-la-diplomatie-europeenne-arrete\/"},"modified":"2025-12-02T21:17:24","modified_gmt":"2025-12-02T20:17:24","slug":"soupcons-de-fraude-un-ancien-chef-de-la-diplomatie-europeenne-arrete","status":"publish","type":"post","link":"https:\/\/vieassociative.be\/actualites\/soupcons-de-fraude-un-ancien-chef-de-la-diplomatie-europeenne-arrete\/","title":{"rendered":"Soup\u00e7ons de fraude : un ancien chef de la diplomatie europ\u00e9enne arr\u00eat\u00e9"},"content":{"rendered":"<p><strong>Perquisitions dans les bureaux de l&rsquo;UE et dans une universit\u00e9 d&rsquo;\u00e9lite en Belgique : il s&rsquo;agit de fraude et d&rsquo;un programme de formation. Un ancien haut diplomate et un haut responsable de l&rsquo;UE sont vis\u00e9s par les autorit\u00e9s.<\/strong><\/p>\n<p><span id=\"more-430926\"><\/span>L&rsquo;ancienne chef de la diplomatie europ\u00e9enne et ministre italienne des Affaires \u00e9trang\u00e8res Federica Mogherini a \u00e9t\u00e9 arr\u00eat\u00e9e en Belgique pour suspicion de corruption. Les enqu\u00eateurs ont \u00e9galement arr\u00eat\u00e9 le haut responsable italien de l&rsquo;UE, Stefano Sannino, ainsi qu&rsquo;une autre personne, comme l&rsquo;a rapport\u00e9 l&rsquo;agence de presse Belga, citant des milieux judiciaires. Tous trois sont accus\u00e9s de fraude dans l\u2019utilisation des fonds europ\u00e9ens.<\/p>\n<p>Selon le Parquet europ\u00e9en (OEPP), des locaux du Service europ\u00e9en pour l&rsquo;action ext\u00e9rieure (SEAE) \u00e0 Bruxelles et plusieurs b\u00e2timents du Coll\u00e8ge d&rsquo;Europe \u00e0 Bruges ont \u00e9t\u00e9 perquisitionn\u00e9s dans la matin\u00e9e. <\/p>\n<p>L&rsquo;ancien chef de la politique \u00e9trang\u00e8re de l&rsquo;UE est aujourd&rsquo;hui recteur du Coll\u00e8ge d&rsquo;Europe, consid\u00e9r\u00e9 comme un terrain de formation pour les fonctionnaires et diplomates de l&rsquo;UE. L&rsquo;OEPP a confirm\u00e9 trois arrestations, mais n&rsquo;a pas souhait\u00e9 pour l&rsquo;instant commenter l&rsquo;identit\u00e9 des personnes concern\u00e9es.<\/p>\n<div id=\"attachment_430932\" class=\"wp-caption alignleft\" style=\"max-width: 300px\"><img fetchpriority=\"high\" decoding=\"async\" class=\"wp-image-430932 size-medium\" src=\"https:\/\/vieassociative.be\/actualites\/wp-content\/uploads\/2025\/12\/Soupcons-de-fraude-un-ancien-chef-de-la-diplomatie.jpg\" alt=\"\" width=\"300\" height=\"200\"><\/div>\n<p>Le minist\u00e8re public enqu\u00eate sur des soup\u00e7ons de n\u00e9potisme concernant l&rsquo;attribution d&rsquo;un programme de formation de neuf mois destin\u00e9 aux futurs diplomates de l&rsquo;UE. Selon l&rsquo;OEPP, le service ext\u00e9rieur de l&rsquo;UE a charg\u00e9 le Coll\u00e8ge d&rsquo;Europe de mettre en \u0153uvre le programme \u00e0 la suite d&rsquo;un processus d&rsquo;appel d&rsquo;offres.<\/p>\n<p><strong>\u2013 Inform\u00e9 \u00e0 l\u2019avance des crit\u00e8res de s\u00e9lection ?<\/strong> L&rsquo;enqu\u00eate en cours vise \u00e0 d\u00e9terminer si l&rsquo;universit\u00e9 ou ses repr\u00e9sentants ont \u00e9t\u00e9 inform\u00e9s \u00e0 l&rsquo;avance des crit\u00e8res de s\u00e9lection ou s&rsquo;ils savaient avant la publication de l&rsquo;appel d&rsquo;offres qu&rsquo;ils remporteraient le projet, a indiqu\u00e9 l&rsquo;OEPP. Il existe de \u00ab forts soup\u00e7ons \u00bb que des informations confidentielles aient \u00e9t\u00e9 transmises \u00e0 un demandeur.<\/p>\n<p>Le Coll\u00e8ge d&rsquo;Europe a annonc\u00e9 dans la soir\u00e9e qu&rsquo;il coop\u00e9rerait pleinement avec les autorit\u00e9s. Le Coll\u00e8ge reste attach\u00e9 \u00e0 des normes \u00e9lev\u00e9es d\u2019int\u00e9grit\u00e9 et d\u2019\u00e9quit\u00e9. Interrog\u00e9e, l&rsquo;universit\u00e9 n&rsquo;a pas comment\u00e9 l&rsquo;arrestation du recteur Mogherini.<\/p>\n<p>Les all\u00e9gations portent sur la p\u00e9riode 2021-2022. Mogherini a dirig\u00e9 le SEAE de 2014 \u00e0 2019 et a \u00e9galement \u00e9t\u00e9 vice-pr\u00e9sident de la Commission europ\u00e9enne. Les d\u00e9lits possibles comprennent la fraude dans l&rsquo;attribution de march\u00e9s publics, la corruption, les conflits d&rsquo;int\u00e9r\u00eats et la violation du secret professionnel, selon le Parquet europ\u00e9en.<\/p>\n<p>Le Parquet europ\u00e9en, officiellement cr\u00e9\u00e9 en 2021, est une autorit\u00e9 ind\u00e9pendante de l&rsquo;UE charg\u00e9e de lutter contre la fraude impliquant les fonds de l&rsquo;UE. Pour les perquisitions, l&rsquo;autorit\u00e9 avait demand\u00e9 la lev\u00e9e de l&rsquo;immunit\u00e9 de plusieurs suspects, ce qui a \u00e9t\u00e9 accord\u00e9. L&rsquo;enqu\u00eate est men\u00e9e en collaboration avec un juge d&rsquo;instruction de Flandre occidentale, Belgique. L\u2019Office antifraude de l\u2019UE soutient \u00e9galement cette d\u00e9marche.<\/p>\n<p><strong>\u2013 Les repr\u00e9sentants de l\u2019UE ont d\u00e9j\u00e0 fait l\u2019objet d\u2019enqu\u00eates \u00e0 plusieurs reprises :<\/strong> Ce n\u2019est pas la premi\u00e8re fois que les repr\u00e9sentants de l\u2019UE sont au centre des pr\u00e9occupations des autorit\u00e9s charg\u00e9es de l\u2019enqu\u00eate. Peu de temps apr\u00e8s avoir quitt\u00e9 ses fonctions de commissaire europ\u00e9en \u00e0 la Justice il y a un an, Didier Reynders a fait l&rsquo;objet d&rsquo;une enqu\u00eate pour soup\u00e7on de blanchiment d&rsquo;argent.<\/p>\n<p>En 2022, des enqu\u00eates sur corruption, blanchiment d\u2019argent et tentative d\u2019influence d\u2019un \u00c9tat du Golfe ont choqu\u00e9 le Parlement europ\u00e9en. Cette ann\u00e9e, les bureaux du Parlement europ\u00e9en \u00e0 Bruxelles ont de nouveau \u00e9t\u00e9 perquisitionn\u00e9s. L&rsquo;enqu\u00eate \u00e9tait li\u00e9e \u00e0 des all\u00e9gations selon lesquelles le groupe technologique chinois Huawei aurait tent\u00e9 d&rsquo;exercer une influence non autoris\u00e9e sur les processus d\u00e9cisionnels. (dpa)<\/p>\n","protected":false},"excerpt":{"rendered":"<p>Perquisitions dans les bureaux de l&rsquo;UE et dans une universit\u00e9 d&rsquo;\u00e9lite en Belgique : il s&rsquo;agit de fraude et d&rsquo;un programme de formation. Un ancien<\/p>\n","protected":false},"author":1,"featured_media":11667,"comment_status":"","ping_status":"","sticky":false,"template":"","format":"standard","meta":{"footnotes":""},"categories":[298],"tags":[2252,3276,4619,9433,3561,1577,9432],"class_list":["post-11666","post","type-post","status-publish","format-standard","has-post-thumbnail","hentry","category-belgique","tag-ancien","tag-arrete","tag-chef","tag-diplomatie","tag-europeenne","tag-fraude","tag-soupcons","generate-columns","tablet-grid-50","mobile-grid-100","grid-parent","grid-33"],"yoast_head":"<!-- This site is optimized with the Yoast SEO plugin v24.0 - https:\/\/yoast.com\/wordpress\/plugins\/seo\/ -->\n<title>Soup\u00e7ons de fraude : un ancien chef de la diplomatie europ\u00e9enne arr\u00eat\u00e9 | Vie Associative<\/title>\n<meta name=\"robots\" content=\"index, follow, max-snippet:-1, max-image-preview:large, max-video-preview:-1\" \/>\n<link rel=\"canonical\" href=\"https:\/\/vieassociative.be\/actualites\/soupcons-de-fraude-un-ancien-chef-de-la-diplomatie-europeenne-arrete\/\" \/>\n<meta property=\"og:locale\" content=\"fr_FR\" \/>\n<meta property=\"og:type\" content=\"article\" \/>\n<meta property=\"og:title\" content=\"Soup\u00e7ons de fraude : un ancien chef de la diplomatie europ\u00e9enne arr\u00eat\u00e9 | Vie Associative\" \/>\n<meta property=\"og:description\" content=\"Perquisitions dans les bureaux de l&rsquo;UE et dans une universit\u00e9 d&rsquo;\u00e9lite en Belgique : il s&rsquo;agit de fraude et d&rsquo;un programme de formation. Un ancien\" \/>\n<meta property=\"og:url\" content=\"https:\/\/vieassociative.be\/actualites\/soupcons-de-fraude-un-ancien-chef-de-la-diplomatie-europeenne-arrete\/\" \/>\n<meta property=\"og:site_name\" content=\"Vie Associative\" \/>\n<meta property=\"article:published_time\" content=\"2025-12-02T20:17:24+00:00\" \/>\n<meta property=\"og:image\" content=\"https:\/\/vieassociative.be\/actualites\/wp-content\/uploads\/2024\/09\/header_backgroundk-01-e1726694325946.png\" \/>\n\t<meta property=\"og:image:width\" content=\"279\" \/>\n\t<meta property=\"og:image:height\" content=\"92\" \/>\n\t<meta property=\"og:image:type\" content=\"image\/png\" \/>\n<meta name=\"author\" content=\"Julien\" \/>\n<meta name=\"twitter:card\" content=\"summary_large_image\" \/>\n<meta name=\"twitter:label1\" content=\"\u00c9crit par\" \/>\n\t<meta name=\"twitter:data1\" content=\"Julien\" \/>\n\t<meta name=\"twitter:label2\" content=\"Dur\u00e9e de lecture est.\" \/>\n\t<meta name=\"twitter:data2\" content=\"3 minutes\" \/>\n<script type=\"application\/ld+json\" class=\"yoast-schema-graph\">{\"@context\":\"https:\/\/schema.org\",\"@graph\":[{\"@type\":\"Article\",\"@id\":\"https:\/\/vieassociative.be\/actualites\/soupcons-de-fraude-un-ancien-chef-de-la-diplomatie-europeenne-arrete\/#article\",\"isPartOf\":{\"@id\":\"https:\/\/vieassociative.be\/actualites\/soupcons-de-fraude-un-ancien-chef-de-la-diplomatie-europeenne-arrete\/\"},\"author\":{\"name\":\"Julien\",\"@id\":\"https:\/\/vieassociative.be\/actualites\/#\/schema\/person\/b87ac4f82f9d4e7b7cec7395b679edc4\"},\"headline\":\"Soup\u00e7ons de fraude : un ancien chef de la diplomatie europ\u00e9enne arr\u00eat\u00e9\",\"datePublished\":\"2025-12-02T20:17:24+00:00\",\"dateModified\":\"2025-12-02T20:17:24+00:00\",\"mainEntityOfPage\":{\"@id\":\"https:\/\/vieassociative.be\/actualites\/soupcons-de-fraude-un-ancien-chef-de-la-diplomatie-europeenne-arrete\/\"},\"wordCount\":701,\"publisher\":{\"@id\":\"https:\/\/vieassociative.be\/actualites\/#organization\"},\"image\":{\"@id\":\"https:\/\/vieassociative.be\/actualites\/soupcons-de-fraude-un-ancien-chef-de-la-diplomatie-europeenne-arrete\/#primaryimage\"},\"thumbnailUrl\":\"https:\/\/vieassociative.be\/actualites\/wp-content\/uploads\/2025\/12\/Soupcons-de-fraude-un-ancien-chef-de-la-diplomatie.jpeg\",\"keywords\":[\"ancien\",\"arr\u00eate\",\"chef\",\"diplomatie\",\"europ\u00e9enne\",\"fraude\",\"Soup\u00e7ons\"],\"articleSection\":[\"Belgique\"],\"inLanguage\":\"fr-BE\"},{\"@type\":\"WebPage\",\"@id\":\"https:\/\/vieassociative.be\/actualites\/soupcons-de-fraude-un-ancien-chef-de-la-diplomatie-europeenne-arrete\/\",\"url\":\"https:\/\/vieassociative.be\/actualites\/soupcons-de-fraude-un-ancien-chef-de-la-diplomatie-europeenne-arrete\/\",\"name\":\"Soup\u00e7ons de fraude : un ancien chef de la diplomatie europ\u00e9enne arr\u00eat\u00e9 | Vie Associative\",\"isPartOf\":{\"@id\":\"https:\/\/vieassociative.be\/actualites\/#website\"},\"primaryImageOfPage\":{\"@id\":\"https:\/\/vieassociative.be\/actualites\/soupcons-de-fraude-un-ancien-chef-de-la-diplomatie-europeenne-arrete\/#primaryimage\"},\"image\":{\"@id\":\"https:\/\/vieassociative.be\/actualites\/soupcons-de-fraude-un-ancien-chef-de-la-diplomatie-europeenne-arrete\/#primaryimage\"},\"thumbnailUrl\":\"https:\/\/vieassociative.be\/actualites\/wp-content\/uploads\/2025\/12\/Soupcons-de-fraude-un-ancien-chef-de-la-diplomatie.jpeg\",\"datePublished\":\"2025-12-02T20:17:24+00:00\",\"dateModified\":\"2025-12-02T20:17:24+00:00\",\"breadcrumb\":{\"@id\":\"https:\/\/vieassociative.be\/actualites\/soupcons-de-fraude-un-ancien-chef-de-la-diplomatie-europeenne-arrete\/#breadcrumb\"},\"inLanguage\":\"fr-BE\",\"potentialAction\":[{\"@type\":\"ReadAction\",\"target\":[\"https:\/\/vieassociative.be\/actualites\/soupcons-de-fraude-un-ancien-chef-de-la-diplomatie-europeenne-arrete\/\"]}]},{\"@type\":\"ImageObject\",\"inLanguage\":\"fr-BE\",\"@id\":\"https:\/\/vieassociative.be\/actualites\/soupcons-de-fraude-un-ancien-chef-de-la-diplomatie-europeenne-arrete\/#primaryimage\",\"url\":\"https:\/\/vieassociative.be\/actualites\/wp-content\/uploads\/2025\/12\/Soupcons-de-fraude-un-ancien-chef-de-la-diplomatie.jpeg\",\"contentUrl\":\"https:\/\/vieassociative.be\/actualites\/wp-content\/uploads\/2025\/12\/Soupcons-de-fraude-un-ancien-chef-de-la-diplomatie.jpeg\",\"width\":1200,\"height\":854,\"caption\":\"Soup\u00e7ons de fraude : un ancien chef de la diplomatie europ\u00e9enne arr\u00eat\u00e9\"},{\"@type\":\"BreadcrumbList\",\"@id\":\"https:\/\/vieassociative.be\/actualites\/soupcons-de-fraude-un-ancien-chef-de-la-diplomatie-europeenne-arrete\/#breadcrumb\",\"itemListElement\":[{\"@type\":\"ListItem\",\"position\":1,\"name\":\"Accueil\",\"item\":\"https:\/\/vieassociative.be\/actualites\/\"},{\"@type\":\"ListItem\",\"position\":2,\"name\":\"Soup\u00e7ons de fraude : un ancien chef de la diplomatie europ\u00e9enne arr\u00eat\u00e9\"}]},{\"@type\":\"WebSite\",\"@id\":\"https:\/\/vieassociative.be\/actualites\/#website\",\"url\":\"https:\/\/vieassociative.be\/actualites\/\",\"name\":\"Vie Associative\",\"description\":\"\",\"publisher\":{\"@id\":\"https:\/\/vieassociative.be\/actualites\/#organization\"},\"potentialAction\":[{\"@type\":\"SearchAction\",\"target\":{\"@type\":\"EntryPoint\",\"urlTemplate\":\"https:\/\/vieassociative.be\/actualites\/?s={search_term_string}\"},\"query-input\":{\"@type\":\"PropertyValueSpecification\",\"valueRequired\":true,\"valueName\":\"search_term_string\"}}],\"inLanguage\":\"fr-BE\"},{\"@type\":\"Organization\",\"@id\":\"https:\/\/vieassociative.be\/actualites\/#organization\",\"name\":\"Vie Associative\",\"url\":\"https:\/\/vieassociative.be\/actualites\/\",\"logo\":{\"@type\":\"ImageObject\",\"inLanguage\":\"fr-BE\",\"@id\":\"https:\/\/vieassociative.be\/actualites\/#\/schema\/logo\/image\/\",\"url\":\"https:\/\/vieassociative.be\/actualites\/wp-content\/uploads\/2024\/09\/cropped-vieassociative_favicon.ico.png\",\"contentUrl\":\"https:\/\/vieassociative.be\/actualites\/wp-content\/uploads\/2024\/09\/cropped-vieassociative_favicon.ico.png\",\"width\":512,\"height\":512,\"caption\":\"Vie Associative\"},\"image\":{\"@id\":\"https:\/\/vieassociative.be\/actualites\/#\/schema\/logo\/image\/\"}},{\"@type\":\"Person\",\"@id\":\"https:\/\/vieassociative.be\/actualites\/#\/schema\/person\/b87ac4f82f9d4e7b7cec7395b679edc4\",\"name\":\"Julien\",\"image\":{\"@type\":\"ImageObject\",\"inLanguage\":\"fr-BE\",\"@id\":\"https:\/\/vieassociative.be\/actualites\/#\/schema\/person\/image\/\",\"url\":\"https:\/\/vieassociative.be\/actualites\/wp-content\/uploads\/2024\/09\/vie-associative-1-150x150.jpg\",\"contentUrl\":\"https:\/\/vieassociative.be\/actualites\/wp-content\/uploads\/2024\/09\/vie-associative-1-150x150.jpg\",\"caption\":\"Julien\"},\"description\":\"Je suis Julien, r\u00e9dacteur pour Vie Associative. Passionn\u00e9 par le monde associatif depuis plus de 10 ans, j'ai \u00e0 c\u0153ur de partager des histoires inspirantes et de mettre en lumi\u00e8re les initiatives locales. Mon objectif est de sensibiliser et d'encourager l'engagement communautaire \u00e0 travers mes articles.\",\"sameAs\":[\"https:\/\/vieassociative.be\/\"]}]}<\/script>\n<!-- \/ Yoast SEO plugin. -->","yoast_head_json":{"title":"Soup\u00e7ons de fraude : un ancien chef de la diplomatie europ\u00e9enne arr\u00eat\u00e9 | Vie Associative","robots":{"index":"index","follow":"follow","max-snippet":"max-snippet:-1","max-image-preview":"max-image-preview:large","max-video-preview":"max-video-preview:-1"},"canonical":"https:\/\/vieassociative.be\/actualites\/soupcons-de-fraude-un-ancien-chef-de-la-diplomatie-europeenne-arrete\/","og_locale":"fr_FR","og_type":"article","og_title":"Soup\u00e7ons de fraude : un ancien chef de la diplomatie europ\u00e9enne arr\u00eat\u00e9 | Vie Associative","og_description":"Perquisitions dans les bureaux de l&rsquo;UE et dans une universit\u00e9 d&rsquo;\u00e9lite en Belgique : il s&rsquo;agit de fraude et d&rsquo;un programme de formation. Un ancien","og_url":"https:\/\/vieassociative.be\/actualites\/soupcons-de-fraude-un-ancien-chef-de-la-diplomatie-europeenne-arrete\/","og_site_name":"Vie Associative","article_published_time":"2025-12-02T20:17:24+00:00","og_image":[{"width":279,"height":92,"url":"https:\/\/vieassociative.be\/actualites\/wp-content\/uploads\/2024\/09\/header_backgroundk-01-e1726694325946.png","type":"image\/png"}],"author":"Julien","twitter_card":"summary_large_image","twitter_misc":{"\u00c9crit par":"Julien","Dur\u00e9e de lecture est.":"3 minutes"},"schema":{"@context":"https:\/\/schema.org","@graph":[{"@type":"Article","@id":"https:\/\/vieassociative.be\/actualites\/soupcons-de-fraude-un-ancien-chef-de-la-diplomatie-europeenne-arrete\/#article","isPartOf":{"@id":"https:\/\/vieassociative.be\/actualites\/soupcons-de-fraude-un-ancien-chef-de-la-diplomatie-europeenne-arrete\/"},"author":{"name":"Julien","@id":"https:\/\/vieassociative.be\/actualites\/#\/schema\/person\/b87ac4f82f9d4e7b7cec7395b679edc4"},"headline":"Soup\u00e7ons de fraude : un ancien chef de la diplomatie europ\u00e9enne arr\u00eat\u00e9","datePublished":"2025-12-02T20:17:24+00:00","dateModified":"2025-12-02T20:17:24+00:00","mainEntityOfPage":{"@id":"https:\/\/vieassociative.be\/actualites\/soupcons-de-fraude-un-ancien-chef-de-la-diplomatie-europeenne-arrete\/"},"wordCount":701,"publisher":{"@id":"https:\/\/vieassociative.be\/actualites\/#organization"},"image":{"@id":"https:\/\/vieassociative.be\/actualites\/soupcons-de-fraude-un-ancien-chef-de-la-diplomatie-europeenne-arrete\/#primaryimage"},"thumbnailUrl":"https:\/\/vieassociative.be\/actualites\/wp-content\/uploads\/2025\/12\/Soupcons-de-fraude-un-ancien-chef-de-la-diplomatie.jpeg","keywords":["ancien","arr\u00eate","chef","diplomatie","europ\u00e9enne","fraude","Soup\u00e7ons"],"articleSection":["Belgique"],"inLanguage":"fr-BE"},{"@type":"WebPage","@id":"https:\/\/vieassociative.be\/actualites\/soupcons-de-fraude-un-ancien-chef-de-la-diplomatie-europeenne-arrete\/","url":"https:\/\/vieassociative.be\/actualites\/soupcons-de-fraude-un-ancien-chef-de-la-diplomatie-europeenne-arrete\/","name":"Soup\u00e7ons de fraude : un ancien chef de la diplomatie europ\u00e9enne arr\u00eat\u00e9 | Vie Associative","isPartOf":{"@id":"https:\/\/vieassociative.be\/actualites\/#website"},"primaryImageOfPage":{"@id":"https:\/\/vieassociative.be\/actualites\/soupcons-de-fraude-un-ancien-chef-de-la-diplomatie-europeenne-arrete\/#primaryimage"},"image":{"@id":"https:\/\/vieassociative.be\/actualites\/soupcons-de-fraude-un-ancien-chef-de-la-diplomatie-europeenne-arrete\/#primaryimage"},"thumbnailUrl":"https:\/\/vieassociative.be\/actualites\/wp-content\/uploads\/2025\/12\/Soupcons-de-fraude-un-ancien-chef-de-la-diplomatie.jpeg","datePublished":"2025-12-02T20:17:24+00:00","dateModified":"2025-12-02T20:17:24+00:00","breadcrumb":{"@id":"https:\/\/vieassociative.be\/actualites\/soupcons-de-fraude-un-ancien-chef-de-la-diplomatie-europeenne-arrete\/#breadcrumb"},"inLanguage":"fr-BE","potentialAction":[{"@type":"ReadAction","target":["https:\/\/vieassociative.be\/actualites\/soupcons-de-fraude-un-ancien-chef-de-la-diplomatie-europeenne-arrete\/"]}]},{"@type":"ImageObject","inLanguage":"fr-BE","@id":"https:\/\/vieassociative.be\/actualites\/soupcons-de-fraude-un-ancien-chef-de-la-diplomatie-europeenne-arrete\/#primaryimage","url":"https:\/\/vieassociative.be\/actualites\/wp-content\/uploads\/2025\/12\/Soupcons-de-fraude-un-ancien-chef-de-la-diplomatie.jpeg","contentUrl":"https:\/\/vieassociative.be\/actualites\/wp-content\/uploads\/2025\/12\/Soupcons-de-fraude-un-ancien-chef-de-la-diplomatie.jpeg","width":1200,"height":854,"caption":"Soup\u00e7ons de fraude : un ancien chef de la diplomatie europ\u00e9enne arr\u00eat\u00e9"},{"@type":"BreadcrumbList","@id":"https:\/\/vieassociative.be\/actualites\/soupcons-de-fraude-un-ancien-chef-de-la-diplomatie-europeenne-arrete\/#breadcrumb","itemListElement":[{"@type":"ListItem","position":1,"name":"Accueil","item":"https:\/\/vieassociative.be\/actualites\/"},{"@type":"ListItem","position":2,"name":"Soup\u00e7ons de fraude : un ancien chef de la diplomatie europ\u00e9enne arr\u00eat\u00e9"}]},{"@type":"WebSite","@id":"https:\/\/vieassociative.be\/actualites\/#website","url":"https:\/\/vieassociative.be\/actualites\/","name":"Vie Associative","description":"","publisher":{"@id":"https:\/\/vieassociative.be\/actualites\/#organization"},"potentialAction":[{"@type":"SearchAction","target":{"@type":"EntryPoint","urlTemplate":"https:\/\/vieassociative.be\/actualites\/?s={search_term_string}"},"query-input":{"@type":"PropertyValueSpecification","valueRequired":true,"valueName":"search_term_string"}}],"inLanguage":"fr-BE"},{"@type":"Organization","@id":"https:\/\/vieassociative.be\/actualites\/#organization","name":"Vie Associative","url":"https:\/\/vieassociative.be\/actualites\/","logo":{"@type":"ImageObject","inLanguage":"fr-BE","@id":"https:\/\/vieassociative.be\/actualites\/#\/schema\/logo\/image\/","url":"https:\/\/vieassociative.be\/actualites\/wp-content\/uploads\/2024\/09\/cropped-vieassociative_favicon.ico.png","contentUrl":"https:\/\/vieassociative.be\/actualites\/wp-content\/uploads\/2024\/09\/cropped-vieassociative_favicon.ico.png","width":512,"height":512,"caption":"Vie Associative"},"image":{"@id":"https:\/\/vieassociative.be\/actualites\/#\/schema\/logo\/image\/"}},{"@type":"Person","@id":"https:\/\/vieassociative.be\/actualites\/#\/schema\/person\/b87ac4f82f9d4e7b7cec7395b679edc4","name":"Julien","image":{"@type":"ImageObject","inLanguage":"fr-BE","@id":"https:\/\/vieassociative.be\/actualites\/#\/schema\/person\/image\/","url":"https:\/\/vieassociative.be\/actualites\/wp-content\/uploads\/2024\/09\/vie-associative-1-150x150.jpg","contentUrl":"https:\/\/vieassociative.be\/actualites\/wp-content\/uploads\/2024\/09\/vie-associative-1-150x150.jpg","caption":"Julien"},"description":"Je suis Julien, r\u00e9dacteur pour Vie Associative. Passionn\u00e9 par le monde associatif depuis plus de 10 ans, j'ai \u00e0 c\u0153ur de partager des histoires inspirantes et de mettre en lumi\u00e8re les initiatives locales. Mon objectif est de sensibiliser et d'encourager l'engagement communautaire \u00e0 travers mes articles.","sameAs":["https:\/\/vieassociative.be\/"]}]}},"_links":{"self":[{"href":"https:\/\/vieassociative.be\/actualites\/wp-json\/wp\/v2\/posts\/11666"}],"collection":[{"href":"https:\/\/vieassociative.be\/actualites\/wp-json\/wp\/v2\/posts"}],"about":[{"href":"https:\/\/vieassociative.be\/actualites\/wp-json\/wp\/v2\/types\/post"}],"author":[{"embeddable":true,"href":"https:\/\/vieassociative.be\/actualites\/wp-json\/wp\/v2\/users\/1"}],"replies":[{"embeddable":true,"href":"https:\/\/vieassociative.be\/actualites\/wp-json\/wp\/v2\/comments?post=11666"}],"version-history":[{"count":0,"href":"https:\/\/vieassociative.be\/actualites\/wp-json\/wp\/v2\/posts\/11666\/revisions"}],"wp:featuredmedia":[{"embeddable":true,"href":"https:\/\/vieassociative.be\/actualites\/wp-json\/wp\/v2\/media\/11667"}],"wp:attachment":[{"href":"https:\/\/vieassociative.be\/actualites\/wp-json\/wp\/v2\/media?parent=11666"}],"wp:term":[{"taxonomy":"category","embeddable":true,"href":"https:\/\/vieassociative.be\/actualites\/wp-json\/wp\/v2\/categories?post=11666"},{"taxonomy":"post_tag","embeddable":true,"href":"https:\/\/vieassociative.be\/actualites\/wp-json\/wp\/v2\/tags?post=11666"}],"curies":[{"name":"wp","href":"https:\/\/api.w.org\/{rel}","templated":true}]}}