{"id":11660,"date":"2025-12-02T14:18:16","date_gmt":"2025-12-02T13:18:16","guid":{"rendered":"https:\/\/vieassociative.be\/actualites\/ce-support-de-rangement-pour-salle-de-sport-a-domicile-est-a-38-de-reduction-pour-le-cyber-monday\/"},"modified":"2025-12-02T14:18:16","modified_gmt":"2025-12-02T13:18:16","slug":"ce-support-de-rangement-pour-salle-de-sport-a-domicile-est-a-38-de-reduction-pour-le-cyber-monday","status":"publish","type":"post","link":"https:\/\/vieassociative.be\/actualites\/ce-support-de-rangement-pour-salle-de-sport-a-domicile-est-a-38-de-reduction-pour-le-cyber-monday\/","title":{"rendered":"Ce support de rangement pour salle de sport \u00e0 domicile est \u00e0 38 % de r\u00e9duction pour le Cyber \u200b\u200b\u200b\u200bMonday"},"content":{"rendered":"<p>Nous pouvons gagner une commission sur les liens sur cette page. Les prix et la disponibilit\u00e9 de l&rsquo;offre sont sujets \u00e0 changement apr\u00e8s la publication.<\/p>\n<p><em>C&rsquo;est le Cyber \u200b\u200b\u200b\u200bMonday et Vie Associative partage les meilleures ventes bas\u00e9es sur des critiques de produits, des comparaisons et des outils de suivi des prix avant la fin des ventes.<\/em><\/p>\n<ul>\n<li>\n<p><em>Suivez notre blog en direct<\/em><em>  pour rester au courant des meilleures ventes que nous trouvons.<\/em><\/p>\n<\/li>\n<li>\n<p><em>Parcourez les choix de nos r\u00e9dacteurs<\/em><em>  pour une liste organis\u00e9e de nos ventes pr\u00e9f\u00e9r\u00e9es sur les ordinateurs portables, les technologies de fitness, les appareils \u00e9lectrom\u00e9nagers et plus encore.<\/em><\/p>\n<\/li>\n<li>\n<p><em>Abonnez-vous \u00e0 notre newsletter shopping<\/em><em>Ajoutez au panier, pour les meilleures ventes envoy\u00e9es dans votre bo\u00eete de r\u00e9ception.<\/em><\/p>\n<\/li>\n<li>\n<p><em>Les ventes sont exactes au moment de la publication, mais les prix et les stocks sont toujours sujets \u00e0 changement.<\/em><\/p>\n<\/li>\n<\/ul>\n<hr>\n<p>Il reste encore quelques heures pour conclure des offres du Cyber \u200b\u200b\u200b\u200bMonday et mettre de l&rsquo;ordre dans votre salle de sport \u00e0 domicile. Normalement 129,99 $, ce support de rangement pour salle de gym \u00e0 domicile est actuellement en vente au prix de 79,98 $. Si vous avez tr\u00e9buch\u00e9 sur des halt\u00e8res \u00e9parpill\u00e9s ou perdu du temps \u00e0 chercher les bons poids en cours d&rsquo;entra\u00eenement, cette offre r\u00e9sout les deux probl\u00e8mes pour moins de 80 $.<\/p>\n<div class=\"pogoClear mb-12 mt-10 rounded-md border-2 border-gray-100 py-7 shadow-xl md:py-6\">\n<div class=\"flex flex-wrap justify-between px-7 text-black no-underline md:flex-nowrap md:px-8\">\n<div class=\"order-1 mx-auto flex flex-col justify-center md:order-2 md:ml-4 md:w-full md:grow\">\n<div class=\"block cursor-pointer text-center font-akshar text-2xl font-medium leading-7 text-brand-green duration-200 ease-in-out hover:text-brand-green-700 md:text-left md:text-xl md:leading-6\">PLKOW Support d&rsquo;halt\u00e8res\n                <\/div>\n<div class=\"mt-4 hidden md:flex md:justify-between\">\n<div class=\"self-end\">\n<div class=\"mb-0 h-11 md:flex md:flex-col md:justify-center\">\n<div class=\" font-sans leading-4 text-black\">\n<div class=\"flex flex-wrap items-center justify-center gap-1 md:justify-start\">\n        <span class=\"font-bold\"><\/p>\n<p>            89,99\u00a0$<br \/>\n                            <span class=\"font-medium\">chez Amazon<\/span><br \/>\n                    <\/span>\n            <\/div>\n<div class=\"flex items-center justify-center gap-x-1 font-bold md:justify-start\">\n            <span class=\"text-sm line-through\">129,99\u00a0$<\/span><br \/>\n            <span class=\"text-sm text-brand-green\">\u00c9conomisez 40,00\u00a0$<\/span>\n        <\/div>\n<\/p><\/div>\n<\/p><\/div>\n<\/p><\/div>\n<div class=\"w-44 self-end\">\n                            <button class=\"flex justify-center items-center w-full bg-brand-green text-white text-base font-sans font-medium rounded-md hover:bg-brand-green-700 hover:cursor-pointer md:text-sm h-11\"><\/p>\n<p>    Obtenez une offre<br \/>\n<\/button>\n                        <\/div>\n<\/p><\/div>\n<\/p><\/div>\n<div class=\"order-2 mt-5 h-auto w-full md:order-1 md:mt-0 md:hidden\">\n<div class=\"flex aspect-video items-center justify-center\">\n                                            <img decoding=\"async\" class=\"m-0 max-h-full max-w-full rounded-md\" src=\"https:\/\/vieassociative.be\/actualites\/wp-content\/uploads\/2025\/12\/Ce-support-de-rangement-pour-salle-de-sport-a-domicile.jpg\" alt=\"PLKOW Support de poids pour halt\u00e8res, rangement de salle de sport \u00e0 domicile pour tapis et balles de yoga Kettlebells, rangement d'entra\u00eenement tout-en-un avec roues et crochets, acier finition rev\u00eatement en poudre\" width=\"auto\" height=\"auto\" loading=\"lazy\">\n                                    <\/div>\n<\/p><\/div>\n<div class=\"order-2 ml-2 hidden w-32 shrink-0 items-center md:order-1 md:ml-0 md:flex\">\n<div class=\"flex aspect-video items-center justify-center\">\n                                            <img decoding=\"async\" class=\"m-0 max-h-full max-w-full rounded-md\" src=\"https:\/\/vieassociative.be\/actualites\/wp-content\/uploads\/2025\/12\/Ce-support-de-rangement-pour-salle-de-sport-a-domicile.jpg\" alt=\"PLKOW Support de poids pour halt\u00e8res, rangement de salle de sport \u00e0 domicile pour tapis et balles de yoga Kettlebells, rangement d'entra\u00eenement tout-en-un avec roues et crochets, acier finition rev\u00eatement en poudre\" width=\"auto\" height=\"auto\" loading=\"lazy\">\n                                    <\/div>\n<\/p><\/div>\n<div class=\"order-3 flex grow flex-wrap md:hidden md:grow-0\">\n<div class=\"mt-4 w-full\">\n                        <button class=\"flex justify-center items-center w-full bg-brand-green text-white text-base font-sans font-medium rounded-md hover:bg-brand-green-700 hover:cursor-pointer md:text-sm h-11\"><\/p>\n<p>    Obtenez une offre<br \/>\n<\/button>\n                    <\/div>\n<div class=\"mx-2 mt-4 w-full\">\n<div class=\" font-sans leading-4 text-black\">\n<div class=\"flex flex-wrap items-center justify-center gap-1 md:justify-start\">\n        <span class=\"font-bold\"><\/p>\n<p>            89,99\u00a0$<br \/>\n                            <span class=\"font-medium\">chez Amazon<\/span><br \/>\n                    <\/span>\n            <\/div>\n<div class=\"flex items-center justify-center gap-x-1 font-bold md:justify-start\">\n            <span class=\"text-sm line-through\">129,99\u00a0$<\/span><br \/>\n            <span class=\"text-sm text-brand-green\">\u00c9conomisez 40,00\u00a0$<\/span>\n        <\/div>\n<\/p><\/div>\n<\/p><\/div>\n<\/p><\/div>\n<\/p><\/div>\n<\/div>\n<p>Ce support de musculation est sp\u00e9cialement con\u00e7u pour une salle de sport \u00e0 domicile. Il y a des espaces d\u00e9sign\u00e9s pour les halt\u00e8res, les kettlebells, les blocs de yoga, les bandes de r\u00e9sistance, les m\u00e9decine-balls et plus encore \u2013 essentiellement tous les petits \u00e9quipements qui ont tendance \u00e0 s\u2019entasser dans les coins ou \u00e0 se faire botter sous les meubles. Avoir tout organis\u00e9 dans un seul support de stockage signifie que vous pouvez r\u00e9ellement trouver ce dont vous avez besoin quand vous en avez besoin.<\/p>\n<p>Je recommande un support de stockage d\u00e9di\u00e9 comme celui-ci afin que vous puissiez vraiment vous concentrer sur vos objectifs de remise en forme sans \u00eatre distrait par un espace encombr\u00e9. En d\u2019autres termes\u00a0: plus besoin de fouiller dans un tas d\u2019\u00e9quipement ou de faire plusieurs voyages dans votre garage pour r\u00e9cup\u00e9rer diff\u00e9rents halt\u00e8res entre les s\u00e9ries. Chaque chose a sa place, vous pouvez r\u00e9cup\u00e9rer ce dont vous avez besoin et reprendre l&rsquo;entra\u00eenement.<\/p>\n<hr>\n<h2 id=\"what-stores-have-the-best-sales-on-cyber-monday\">Quels magasins proposent les meilleures ventes le Cyber \u200b\u200bMonday ?<\/h2>\n<p>De nos jours, les grands d\u00e9taillants et les petites entreprises se font concurrence pour attirer les acheteurs du Cyber \u200b\u200bMonday, vous pouvez donc vous attendre \u00e0 ce que pratiquement tous les magasins r\u00e9alisent des soldes jusqu&rsquo;au lundi 1er d\u00e9cembre 2025. Les \u00ab meilleures \u00bb ventes d\u00e9pendent de vos besoins, mais en g\u00e9n\u00e9ral, les remises les plus importantes ont tendance \u00e0 provenir de grands d\u00e9taillants qui peuvent se permettre des prix plus bas : pensez \u00e0 des endroits comme Amazon, Walmart, Target, Best Buy et Home Depot. Vous pouvez retrouver toutes les meilleures ventes des grands d\u00e9taillants sur notre blog en direct.<\/p>\n<h2 id=\"are-cyber-monday-deals-worth-it\">Les offres du Cyber \u200b\u200bMonday en valent-elles la peine ?<\/h2>\n<p>Bref, oui, le Cyber \u200b\u200bMonday propose toujours des r\u00e9ductions qui peuvent \u00eatre rares tout au long de l&rsquo;ann\u00e9e. Si vous souhaitez acheter quelque chose ou si vous achetez des cadeaux, c&rsquo;est le bon moment pour rechercher des r\u00e9ductions sur ce dont vous avez besoin, en particulier les ventes de technologies, de fournitures de r\u00e9novation domiciliaire et de technologies de fitness. Bien s\u00fbr, si vous avez besoin d\u2019\u00e9conomiser de l\u2019argent, la meilleure fa\u00e7on d\u2019\u00e9conomiser est de ne rien acheter.<\/p>\n<h2 id=\"are-cyber-monday-deals-better-than-black-friday\">Les offres du Cyber \u200b\u200bMonday sont-elles meilleures que le Black Friday ?<\/h2>\n<p>Le Black Friday \u00e9tait autrefois r\u00e9serv\u00e9 aux grands d\u00e9taillants et aux technologies et appareils \u00e9lectrom\u00e9nagers plus chers, tandis que le Cyber \u200b\u200b\u200b\u200bMonday \u00e9tait destin\u00e9 aux technologies moins ch\u00e8res et donnait aux petites entreprises une chance de rivaliser en ligne. Mais aujourd\u2019hui, cette distinction n\u2019a presque plus de sens. Tous les grands d\u00e9taillants proposeront des soldes les deux jours, et la meilleure chose \u00e0 faire est de savoir ce que vous voulez, d&rsquo;utiliser des outils de suivi des prix ou de vous r\u00e9f\u00e9rer \u00e0 des guides comme notre blog en direct qui utilisent des outils de suivi des prix pour vous, et de ne pas vous soucier de trouver le moment id\u00e9al.<\/p>\n<div class=\" relative flex justify-center py-16 md:left-1\/2 md:w-(780px) md:max-w-max md:-translate-x-1\/2\">\n<div class=\"w-max text-center sm:text-left\">\n<div class=\"custom-gradient-background mb-6 rounded-md p-(2px) sm:rounded-tl-none\">\n<div class=\"flex flex-col rounded bg-white sm:rounded-tl-none\">\n                    <span class=\"-mt-4 block w-fit max-w-(calc(100%-1rem)) self-center bg-white px-3 text-center font-akshar text-xl font-medium capitalize text-gray-800 sm:max-w-(calc(100%-2.5rem)) sm:self-start sm:px-10 sm:text-left sm:text-2xl\">Nos meilleures offres du Cyber \u200b\u200b\u200b\u200bMonday approuv\u00e9es par les \u00e9diteurs en ce moment<\/span><\/p>\n<div class=\"flex flex-col gap-3 p-3 pb-4 text-sm sm:p-10 sm:pt-6 sm:text-justify sm:text-base\">\n<div>\n<p>    Tablette Wi-Fi Apple iPad Air 11 po M3 128 Go (gris sid\u00e9ral)<\/p>\n<p>                                <span class=\"text-black\"><br \/>\n                                    \u2014<br \/>\n                                    <span class=\"font-bold\">499,99\u00a0$<\/span><br \/>\n                                    <span class=\"!text-xs italic sm:!text-sm\"><\/p>\n<p>                                        (Prix catalogue 599,00 $)<br \/>\n                                    <\/span><br \/>\n                                <\/span>\n                            <\/div>\n<div>\n<p>    Dell 14 Premium DA14250 (Intel Core Ultra 7 255H, SSD 512 Go, RAM 16 Go, \u00e9cran 2K)<\/p>\n<p>                                <span class=\"text-black\"><br \/>\n                                    \u2014<br \/>\n                                    <span class=\"font-bold\">999,99\u00a0$<\/span><br \/>\n                                    <span class=\"!text-xs italic sm:!text-sm\"><\/p>\n<p>                                        (Prix catalogue 1\u00a0549,99\u00a0$)<br \/>\n                                    <\/span><br \/>\n                                <\/span>\n                            <\/div>\n<div>\n<p>    Sony WH-1000XM5<\/p>\n<p>                                <span class=\"text-black\"><br \/>\n                                    \u2014<br \/>\n                                    <span class=\"font-bold\">248,00\u00a0$<\/span><br \/>\n                                    <span class=\"!text-xs italic sm:!text-sm\"><\/p>\n<p>                                        (Prix catalogue 399,99\u00a0$)<br \/>\n                                    <\/span><br \/>\n                                <\/span>\n                            <\/div>\n<div>\n<p>    Disque dur externe portable WD My Passport USB 3.0 de 6 To<\/p>\n<p>                                <span class=\"text-black\"><br \/>\n                                    \u2014<br \/>\n                                    <span class=\"font-bold\">139,99\u00a0$<\/span><br \/>\n                                    <span class=\"!text-xs italic sm:!text-sm\"><\/p>\n<p>                                        (Prix catalogue 179,99 $)<br \/>\n                                    <\/span><br \/>\n                                <\/span>\n                            <\/div>\n<div>\n<p>    Tablette Wi-Fi Samsung Galaxy Tab A9+ 10,9 po 64 Go (graphite)<\/p>\n<p>                                <span class=\"text-black\"><br \/>\n                                    \u2014<br \/>\n                                    <span class=\"font-bold\">149,99\u00a0$<\/span><br \/>\n                                    <span class=\"!text-xs italic sm:!text-sm\"><\/p>\n<p>                                        (Prix catalogue 219,99 $)<br \/>\n                                    <\/span><br \/>\n                                <\/span>\n                            <\/div>\n<\/p><\/div>\n<\/p><\/div>\n<\/p><\/div>\n<div class=\"flex flex-col items-center justify-between text-black sm:flex-row sm:px-6\">\n                <span class=\"text-xs italic sm:ml-7 sm:text-sm\">Les offres sont s\u00e9lectionn\u00e9es par notre \u00e9quipe commerciale<\/span><\/p><\/div>\n<\/p><\/div>\n<\/p><\/div>\n","protected":false},"excerpt":{"rendered":"<p>Nous pouvons gagner une commission sur les liens sur cette page. Les prix et la disponibilit\u00e9 de l&rsquo;offre sont sujets \u00e0 changement apr\u00e8s la publication.<\/p>\n","protected":false},"author":1,"featured_media":11661,"comment_status":"","ping_status":"","sticky":false,"template":"","format":"standard","meta":{"footnotes":""},"categories":[1],"tags":[2624,2351,76,2625,81,9427,308,194,47,4533],"class_list":["post-11660","post","type-post","status-publish","format-standard","has-post-thumbnail","hentry","category-non-classe","tag-cyber","tag-domicile","tag-est","tag-monday","tag-pour","tag-rangement","tag-reduction","tag-salle","tag-sport","tag-support","generate-columns","tablet-grid-50","mobile-grid-100","grid-parent","grid-33"],"yoast_head":"<!-- This site is optimized with the Yoast SEO plugin v24.0 - https:\/\/yoast.com\/wordpress\/plugins\/seo\/ -->\n<title>Ce support de rangement pour salle de sport \u00e0 domicile est \u00e0 38 % de r\u00e9duction pour le Cyber \u200b\u200b\u200b\u200bMonday | Vie Associative<\/title>\n<meta name=\"robots\" content=\"index, follow, max-snippet:-1, max-image-preview:large, max-video-preview:-1\" \/>\n<link rel=\"canonical\" href=\"https:\/\/vieassociative.be\/actualites\/ce-support-de-rangement-pour-salle-de-sport-a-domicile-est-a-38-de-reduction-pour-le-cyber-monday\/\" \/>\n<meta property=\"og:locale\" content=\"fr_FR\" \/>\n<meta property=\"og:type\" content=\"article\" \/>\n<meta property=\"og:title\" content=\"Ce support de rangement pour salle de sport \u00e0 domicile est \u00e0 38 % de r\u00e9duction pour le Cyber \u200b\u200b\u200b\u200bMonday | Vie Associative\" \/>\n<meta property=\"og:description\" content=\"Nous pouvons gagner une commission sur les liens sur cette page. Les prix et la disponibilit\u00e9 de l&rsquo;offre sont sujets \u00e0 changement apr\u00e8s la publication.\" \/>\n<meta property=\"og:url\" content=\"https:\/\/vieassociative.be\/actualites\/ce-support-de-rangement-pour-salle-de-sport-a-domicile-est-a-38-de-reduction-pour-le-cyber-monday\/\" \/>\n<meta property=\"og:site_name\" content=\"Vie Associative\" \/>\n<meta property=\"article:published_time\" content=\"2025-12-02T13:18:16+00:00\" \/>\n<meta property=\"og:image\" content=\"https:\/\/vieassociative.be\/actualites\/wp-content\/uploads\/2025\/12\/Ce-support-de-rangement-pour-salle-de-sport-a-domicile.jpg\" \/>\n<meta name=\"author\" content=\"Julien\" \/>\n<meta name=\"twitter:card\" content=\"summary_large_image\" \/>\n<meta name=\"twitter:label1\" content=\"\u00c9crit par\" \/>\n\t<meta name=\"twitter:data1\" content=\"Julien\" \/>\n\t<meta name=\"twitter:label2\" content=\"Dur\u00e9e de lecture est.\" \/>\n\t<meta name=\"twitter:data2\" content=\"4 minutes\" \/>\n<script type=\"application\/ld+json\" class=\"yoast-schema-graph\">{\"@context\":\"https:\/\/schema.org\",\"@graph\":[{\"@type\":\"Article\",\"@id\":\"https:\/\/vieassociative.be\/actualites\/ce-support-de-rangement-pour-salle-de-sport-a-domicile-est-a-38-de-reduction-pour-le-cyber-monday\/#article\",\"isPartOf\":{\"@id\":\"https:\/\/vieassociative.be\/actualites\/ce-support-de-rangement-pour-salle-de-sport-a-domicile-est-a-38-de-reduction-pour-le-cyber-monday\/\"},\"author\":{\"name\":\"Julien\",\"@id\":\"https:\/\/vieassociative.be\/actualites\/#\/schema\/person\/b87ac4f82f9d4e7b7cec7395b679edc4\"},\"headline\":\"Ce support de rangement pour salle de sport \u00e0 domicile est \u00e0 38 % de r\u00e9duction pour le Cyber \u200b\u200b\u200b\u200bMonday\",\"datePublished\":\"2025-12-02T13:18:16+00:00\",\"dateModified\":\"2025-12-02T13:18:16+00:00\",\"mainEntityOfPage\":{\"@id\":\"https:\/\/vieassociative.be\/actualites\/ce-support-de-rangement-pour-salle-de-sport-a-domicile-est-a-38-de-reduction-pour-le-cyber-monday\/\"},\"wordCount\":851,\"publisher\":{\"@id\":\"https:\/\/vieassociative.be\/actualites\/#organization\"},\"image\":{\"@id\":\"https:\/\/vieassociative.be\/actualites\/ce-support-de-rangement-pour-salle-de-sport-a-domicile-est-a-38-de-reduction-pour-le-cyber-monday\/#primaryimage\"},\"thumbnailUrl\":\"https:\/\/vieassociative.be\/actualites\/wp-content\/uploads\/2025\/12\/Ce-support-de-rangement-pour-salle-de-sport-a-domicile.png\",\"keywords\":[\"Cyber\",\"domicile\",\"est\",\"Monday\",\"pour\",\"rangement\",\"r\u00e9duction\",\"salle\",\"sport\",\"support\"],\"inLanguage\":\"fr-BE\"},{\"@type\":\"WebPage\",\"@id\":\"https:\/\/vieassociative.be\/actualites\/ce-support-de-rangement-pour-salle-de-sport-a-domicile-est-a-38-de-reduction-pour-le-cyber-monday\/\",\"url\":\"https:\/\/vieassociative.be\/actualites\/ce-support-de-rangement-pour-salle-de-sport-a-domicile-est-a-38-de-reduction-pour-le-cyber-monday\/\",\"name\":\"Ce support de rangement pour salle de sport \u00e0 domicile est \u00e0 38 % de r\u00e9duction pour le Cyber \u200b\u200b\u200b\u200bMonday | Vie Associative\",\"isPartOf\":{\"@id\":\"https:\/\/vieassociative.be\/actualites\/#website\"},\"primaryImageOfPage\":{\"@id\":\"https:\/\/vieassociative.be\/actualites\/ce-support-de-rangement-pour-salle-de-sport-a-domicile-est-a-38-de-reduction-pour-le-cyber-monday\/#primaryimage\"},\"image\":{\"@id\":\"https:\/\/vieassociative.be\/actualites\/ce-support-de-rangement-pour-salle-de-sport-a-domicile-est-a-38-de-reduction-pour-le-cyber-monday\/#primaryimage\"},\"thumbnailUrl\":\"https:\/\/vieassociative.be\/actualites\/wp-content\/uploads\/2025\/12\/Ce-support-de-rangement-pour-salle-de-sport-a-domicile.png\",\"datePublished\":\"2025-12-02T13:18:16+00:00\",\"dateModified\":\"2025-12-02T13:18:16+00:00\",\"breadcrumb\":{\"@id\":\"https:\/\/vieassociative.be\/actualites\/ce-support-de-rangement-pour-salle-de-sport-a-domicile-est-a-38-de-reduction-pour-le-cyber-monday\/#breadcrumb\"},\"inLanguage\":\"fr-BE\",\"potentialAction\":[{\"@type\":\"ReadAction\",\"target\":[\"https:\/\/vieassociative.be\/actualites\/ce-support-de-rangement-pour-salle-de-sport-a-domicile-est-a-38-de-reduction-pour-le-cyber-monday\/\"]}]},{\"@type\":\"ImageObject\",\"inLanguage\":\"fr-BE\",\"@id\":\"https:\/\/vieassociative.be\/actualites\/ce-support-de-rangement-pour-salle-de-sport-a-domicile-est-a-38-de-reduction-pour-le-cyber-monday\/#primaryimage\",\"url\":\"https:\/\/vieassociative.be\/actualites\/wp-content\/uploads\/2025\/12\/Ce-support-de-rangement-pour-salle-de-sport-a-domicile.png\",\"contentUrl\":\"https:\/\/vieassociative.be\/actualites\/wp-content\/uploads\/2025\/12\/Ce-support-de-rangement-pour-salle-de-sport-a-domicile.png\",\"width\":1200,\"height\":675,\"caption\":\"Ce support de rangement pour salle de sport \u00e0 domicile est \u00e0 38 % de r\u00e9duction pour le Cyber \u200b\u200b\u200b\u200bMonday\"},{\"@type\":\"BreadcrumbList\",\"@id\":\"https:\/\/vieassociative.be\/actualites\/ce-support-de-rangement-pour-salle-de-sport-a-domicile-est-a-38-de-reduction-pour-le-cyber-monday\/#breadcrumb\",\"itemListElement\":[{\"@type\":\"ListItem\",\"position\":1,\"name\":\"Accueil\",\"item\":\"https:\/\/vieassociative.be\/actualites\/\"},{\"@type\":\"ListItem\",\"position\":2,\"name\":\"Ce support de rangement pour salle de sport \u00e0 domicile est \u00e0 38 % de r\u00e9duction pour le Cyber \u200b\u200b\u200b\u200bMonday\"}]},{\"@type\":\"WebSite\",\"@id\":\"https:\/\/vieassociative.be\/actualites\/#website\",\"url\":\"https:\/\/vieassociative.be\/actualites\/\",\"name\":\"Vie Associative\",\"description\":\"\",\"publisher\":{\"@id\":\"https:\/\/vieassociative.be\/actualites\/#organization\"},\"potentialAction\":[{\"@type\":\"SearchAction\",\"target\":{\"@type\":\"EntryPoint\",\"urlTemplate\":\"https:\/\/vieassociative.be\/actualites\/?s={search_term_string}\"},\"query-input\":{\"@type\":\"PropertyValueSpecification\",\"valueRequired\":true,\"valueName\":\"search_term_string\"}}],\"inLanguage\":\"fr-BE\"},{\"@type\":\"Organization\",\"@id\":\"https:\/\/vieassociative.be\/actualites\/#organization\",\"name\":\"Vie Associative\",\"url\":\"https:\/\/vieassociative.be\/actualites\/\",\"logo\":{\"@type\":\"ImageObject\",\"inLanguage\":\"fr-BE\",\"@id\":\"https:\/\/vieassociative.be\/actualites\/#\/schema\/logo\/image\/\",\"url\":\"https:\/\/vieassociative.be\/actualites\/wp-content\/uploads\/2024\/09\/cropped-vieassociative_favicon.ico.png\",\"contentUrl\":\"https:\/\/vieassociative.be\/actualites\/wp-content\/uploads\/2024\/09\/cropped-vieassociative_favicon.ico.png\",\"width\":512,\"height\":512,\"caption\":\"Vie Associative\"},\"image\":{\"@id\":\"https:\/\/vieassociative.be\/actualites\/#\/schema\/logo\/image\/\"}},{\"@type\":\"Person\",\"@id\":\"https:\/\/vieassociative.be\/actualites\/#\/schema\/person\/b87ac4f82f9d4e7b7cec7395b679edc4\",\"name\":\"Julien\",\"image\":{\"@type\":\"ImageObject\",\"inLanguage\":\"fr-BE\",\"@id\":\"https:\/\/vieassociative.be\/actualites\/#\/schema\/person\/image\/\",\"url\":\"https:\/\/vieassociative.be\/actualites\/wp-content\/uploads\/2024\/09\/vie-associative-1-150x150.jpg\",\"contentUrl\":\"https:\/\/vieassociative.be\/actualites\/wp-content\/uploads\/2024\/09\/vie-associative-1-150x150.jpg\",\"caption\":\"Julien\"},\"description\":\"Je suis Julien, r\u00e9dacteur pour Vie Associative. Passionn\u00e9 par le monde associatif depuis plus de 10 ans, j'ai \u00e0 c\u0153ur de partager des histoires inspirantes et de mettre en lumi\u00e8re les initiatives locales. Mon objectif est de sensibiliser et d'encourager l'engagement communautaire \u00e0 travers mes articles.\",\"sameAs\":[\"https:\/\/vieassociative.be\/\"]}]}<\/script>\n<!-- \/ Yoast SEO plugin. -->","yoast_head_json":{"title":"Ce support de rangement pour salle de sport \u00e0 domicile est \u00e0 38 % de r\u00e9duction pour le Cyber \u200b\u200b\u200b\u200bMonday | Vie Associative","robots":{"index":"index","follow":"follow","max-snippet":"max-snippet:-1","max-image-preview":"max-image-preview:large","max-video-preview":"max-video-preview:-1"},"canonical":"https:\/\/vieassociative.be\/actualites\/ce-support-de-rangement-pour-salle-de-sport-a-domicile-est-a-38-de-reduction-pour-le-cyber-monday\/","og_locale":"fr_FR","og_type":"article","og_title":"Ce support de rangement pour salle de sport \u00e0 domicile est \u00e0 38 % de r\u00e9duction pour le Cyber \u200b\u200b\u200b\u200bMonday | Vie Associative","og_description":"Nous pouvons gagner une commission sur les liens sur cette page. Les prix et la disponibilit\u00e9 de l&rsquo;offre sont sujets \u00e0 changement apr\u00e8s la publication.","og_url":"https:\/\/vieassociative.be\/actualites\/ce-support-de-rangement-pour-salle-de-sport-a-domicile-est-a-38-de-reduction-pour-le-cyber-monday\/","og_site_name":"Vie Associative","article_published_time":"2025-12-02T13:18:16+00:00","og_image":[{"url":"https:\/\/vieassociative.be\/actualites\/wp-content\/uploads\/2025\/12\/Ce-support-de-rangement-pour-salle-de-sport-a-domicile.jpg","type":"","width":"","height":""}],"author":"Julien","twitter_card":"summary_large_image","twitter_misc":{"\u00c9crit par":"Julien","Dur\u00e9e de lecture est.":"4 minutes"},"schema":{"@context":"https:\/\/schema.org","@graph":[{"@type":"Article","@id":"https:\/\/vieassociative.be\/actualites\/ce-support-de-rangement-pour-salle-de-sport-a-domicile-est-a-38-de-reduction-pour-le-cyber-monday\/#article","isPartOf":{"@id":"https:\/\/vieassociative.be\/actualites\/ce-support-de-rangement-pour-salle-de-sport-a-domicile-est-a-38-de-reduction-pour-le-cyber-monday\/"},"author":{"name":"Julien","@id":"https:\/\/vieassociative.be\/actualites\/#\/schema\/person\/b87ac4f82f9d4e7b7cec7395b679edc4"},"headline":"Ce support de rangement pour salle de sport \u00e0 domicile est \u00e0 38 % de r\u00e9duction pour le Cyber \u200b\u200b\u200b\u200bMonday","datePublished":"2025-12-02T13:18:16+00:00","dateModified":"2025-12-02T13:18:16+00:00","mainEntityOfPage":{"@id":"https:\/\/vieassociative.be\/actualites\/ce-support-de-rangement-pour-salle-de-sport-a-domicile-est-a-38-de-reduction-pour-le-cyber-monday\/"},"wordCount":851,"publisher":{"@id":"https:\/\/vieassociative.be\/actualites\/#organization"},"image":{"@id":"https:\/\/vieassociative.be\/actualites\/ce-support-de-rangement-pour-salle-de-sport-a-domicile-est-a-38-de-reduction-pour-le-cyber-monday\/#primaryimage"},"thumbnailUrl":"https:\/\/vieassociative.be\/actualites\/wp-content\/uploads\/2025\/12\/Ce-support-de-rangement-pour-salle-de-sport-a-domicile.png","keywords":["Cyber","domicile","est","Monday","pour","rangement","r\u00e9duction","salle","sport","support"],"inLanguage":"fr-BE"},{"@type":"WebPage","@id":"https:\/\/vieassociative.be\/actualites\/ce-support-de-rangement-pour-salle-de-sport-a-domicile-est-a-38-de-reduction-pour-le-cyber-monday\/","url":"https:\/\/vieassociative.be\/actualites\/ce-support-de-rangement-pour-salle-de-sport-a-domicile-est-a-38-de-reduction-pour-le-cyber-monday\/","name":"Ce support de rangement pour salle de sport \u00e0 domicile est \u00e0 38 % de r\u00e9duction pour le Cyber \u200b\u200b\u200b\u200bMonday | Vie Associative","isPartOf":{"@id":"https:\/\/vieassociative.be\/actualites\/#website"},"primaryImageOfPage":{"@id":"https:\/\/vieassociative.be\/actualites\/ce-support-de-rangement-pour-salle-de-sport-a-domicile-est-a-38-de-reduction-pour-le-cyber-monday\/#primaryimage"},"image":{"@id":"https:\/\/vieassociative.be\/actualites\/ce-support-de-rangement-pour-salle-de-sport-a-domicile-est-a-38-de-reduction-pour-le-cyber-monday\/#primaryimage"},"thumbnailUrl":"https:\/\/vieassociative.be\/actualites\/wp-content\/uploads\/2025\/12\/Ce-support-de-rangement-pour-salle-de-sport-a-domicile.png","datePublished":"2025-12-02T13:18:16+00:00","dateModified":"2025-12-02T13:18:16+00:00","breadcrumb":{"@id":"https:\/\/vieassociative.be\/actualites\/ce-support-de-rangement-pour-salle-de-sport-a-domicile-est-a-38-de-reduction-pour-le-cyber-monday\/#breadcrumb"},"inLanguage":"fr-BE","potentialAction":[{"@type":"ReadAction","target":["https:\/\/vieassociative.be\/actualites\/ce-support-de-rangement-pour-salle-de-sport-a-domicile-est-a-38-de-reduction-pour-le-cyber-monday\/"]}]},{"@type":"ImageObject","inLanguage":"fr-BE","@id":"https:\/\/vieassociative.be\/actualites\/ce-support-de-rangement-pour-salle-de-sport-a-domicile-est-a-38-de-reduction-pour-le-cyber-monday\/#primaryimage","url":"https:\/\/vieassociative.be\/actualites\/wp-content\/uploads\/2025\/12\/Ce-support-de-rangement-pour-salle-de-sport-a-domicile.png","contentUrl":"https:\/\/vieassociative.be\/actualites\/wp-content\/uploads\/2025\/12\/Ce-support-de-rangement-pour-salle-de-sport-a-domicile.png","width":1200,"height":675,"caption":"Ce support de rangement pour salle de sport \u00e0 domicile est \u00e0 38 % de r\u00e9duction pour le Cyber \u200b\u200b\u200b\u200bMonday"},{"@type":"BreadcrumbList","@id":"https:\/\/vieassociative.be\/actualites\/ce-support-de-rangement-pour-salle-de-sport-a-domicile-est-a-38-de-reduction-pour-le-cyber-monday\/#breadcrumb","itemListElement":[{"@type":"ListItem","position":1,"name":"Accueil","item":"https:\/\/vieassociative.be\/actualites\/"},{"@type":"ListItem","position":2,"name":"Ce support de rangement pour salle de sport \u00e0 domicile est \u00e0 38 % de r\u00e9duction pour le Cyber \u200b\u200b\u200b\u200bMonday"}]},{"@type":"WebSite","@id":"https:\/\/vieassociative.be\/actualites\/#website","url":"https:\/\/vieassociative.be\/actualites\/","name":"Vie Associative","description":"","publisher":{"@id":"https:\/\/vieassociative.be\/actualites\/#organization"},"potentialAction":[{"@type":"SearchAction","target":{"@type":"EntryPoint","urlTemplate":"https:\/\/vieassociative.be\/actualites\/?s={search_term_string}"},"query-input":{"@type":"PropertyValueSpecification","valueRequired":true,"valueName":"search_term_string"}}],"inLanguage":"fr-BE"},{"@type":"Organization","@id":"https:\/\/vieassociative.be\/actualites\/#organization","name":"Vie Associative","url":"https:\/\/vieassociative.be\/actualites\/","logo":{"@type":"ImageObject","inLanguage":"fr-BE","@id":"https:\/\/vieassociative.be\/actualites\/#\/schema\/logo\/image\/","url":"https:\/\/vieassociative.be\/actualites\/wp-content\/uploads\/2024\/09\/cropped-vieassociative_favicon.ico.png","contentUrl":"https:\/\/vieassociative.be\/actualites\/wp-content\/uploads\/2024\/09\/cropped-vieassociative_favicon.ico.png","width":512,"height":512,"caption":"Vie Associative"},"image":{"@id":"https:\/\/vieassociative.be\/actualites\/#\/schema\/logo\/image\/"}},{"@type":"Person","@id":"https:\/\/vieassociative.be\/actualites\/#\/schema\/person\/b87ac4f82f9d4e7b7cec7395b679edc4","name":"Julien","image":{"@type":"ImageObject","inLanguage":"fr-BE","@id":"https:\/\/vieassociative.be\/actualites\/#\/schema\/person\/image\/","url":"https:\/\/vieassociative.be\/actualites\/wp-content\/uploads\/2024\/09\/vie-associative-1-150x150.jpg","contentUrl":"https:\/\/vieassociative.be\/actualites\/wp-content\/uploads\/2024\/09\/vie-associative-1-150x150.jpg","caption":"Julien"},"description":"Je suis Julien, r\u00e9dacteur pour Vie Associative. Passionn\u00e9 par le monde associatif depuis plus de 10 ans, j'ai \u00e0 c\u0153ur de partager des histoires inspirantes et de mettre en lumi\u00e8re les initiatives locales. Mon objectif est de sensibiliser et d'encourager l'engagement communautaire \u00e0 travers mes articles.","sameAs":["https:\/\/vieassociative.be\/"]}]}},"_links":{"self":[{"href":"https:\/\/vieassociative.be\/actualites\/wp-json\/wp\/v2\/posts\/11660"}],"collection":[{"href":"https:\/\/vieassociative.be\/actualites\/wp-json\/wp\/v2\/posts"}],"about":[{"href":"https:\/\/vieassociative.be\/actualites\/wp-json\/wp\/v2\/types\/post"}],"author":[{"embeddable":true,"href":"https:\/\/vieassociative.be\/actualites\/wp-json\/wp\/v2\/users\/1"}],"replies":[{"embeddable":true,"href":"https:\/\/vieassociative.be\/actualites\/wp-json\/wp\/v2\/comments?post=11660"}],"version-history":[{"count":0,"href":"https:\/\/vieassociative.be\/actualites\/wp-json\/wp\/v2\/posts\/11660\/revisions"}],"wp:featuredmedia":[{"embeddable":true,"href":"https:\/\/vieassociative.be\/actualites\/wp-json\/wp\/v2\/media\/11661"}],"wp:attachment":[{"href":"https:\/\/vieassociative.be\/actualites\/wp-json\/wp\/v2\/media?parent=11660"}],"wp:term":[{"taxonomy":"category","embeddable":true,"href":"https:\/\/vieassociative.be\/actualites\/wp-json\/wp\/v2\/categories?post=11660"},{"taxonomy":"post_tag","embeddable":true,"href":"https:\/\/vieassociative.be\/actualites\/wp-json\/wp\/v2\/tags?post=11660"}],"curies":[{"name":"wp","href":"https:\/\/api.w.org\/{rel}","templated":true}]}}