{"id":11658,"date":"2025-12-02T09:17:35","date_gmt":"2025-12-02T08:17:35","guid":{"rendered":"https:\/\/vieassociative.be\/actualites\/fonds-russes-geles-de-wever-envoie-une-lettre-incendiaire-prevot-epee-de-damocles-sur-la-belgique\/"},"modified":"2025-12-02T09:17:35","modified_gmt":"2025-12-02T08:17:35","slug":"fonds-russes-geles-de-wever-envoie-une-lettre-incendiaire-prevot-epee-de-damocles-sur-la-belgique","status":"publish","type":"post","link":"https:\/\/vieassociative.be\/actualites\/fonds-russes-geles-de-wever-envoie-une-lettre-incendiaire-prevot-epee-de-damocles-sur-la-belgique\/","title":{"rendered":"Fonds russes gel\u00e9s : De Wever envoie une lettre incendiaire \u2013 Pr\u00e9vot : \u00ab \u00c9p\u00e9e de Damocl\u00e8s sur la Belgique \u00bb"},"content":{"rendered":"<p><strong>La Commission europ\u00e9enne souhaite utiliser les actifs immobilis\u00e9s russes pour couvrir les besoins financiers de l&rsquo;Ukraine. Cependant, un acteur central reste sur les barricades : le Premier ministre belge Bart De Wever (N-VA).<\/strong><\/p>\n<p><span id=\"more-430780\"><\/span>Dans une lettre incendiaire adress\u00e9e \u00e0 la pr\u00e9sidente de la Commission europ\u00e9enne, Ursula von der Leyen, le Premier ministre belge Bart De Wever met en garde contre toute poursuite des projets russes visant \u00e0 utiliser les fonds bloqu\u00e9s dans l&rsquo;UE. Outre les risques juridiques et financiers, le Premier ministre a \u00e9galement \u00e9voqu\u00e9 les cons\u00e9quences possibles de l&rsquo;actuelle initiative am\u00e9ricaine visant \u00e0 mettre fin \u00e0 la guerre d&rsquo;agression russe. La lettre indique que l\u2019UE compromet par ses actions la possibilit\u00e9 d\u2019un accord de paix.<\/p>\n<p>Les n\u00e9gociations en cours montrent d\u00e9j\u00e0 que les actifs de l\u2019\u00c9tat russe joueront un r\u00f4le central, souligne De Wever. \u00ab\u00a0Ces actifs devront \u00eatre enti\u00e8rement disponibles.\u00a0\u00bb<\/p>\n<div id=\"attachment_430788\" class=\"wp-caption alignleft\" style=\"max-width: 200px\"><img fetchpriority=\"high\" decoding=\"async\" class=\"wp-image-430788 size-medium\" src=\"https:\/\/vieassociative.be\/actualites\/wp-content\/uploads\/2025\/12\/Fonds-russes-geles-De-Wever-envoie-une-lettre-incendiaire.jpg\" alt=\"\" width=\"200\" height=\"300\"><\/div>\n<p>Du point de vue de De Wever, l&rsquo;UE devrait lever des fonds sur les march\u00e9s des capitaux pour couvrir les besoins financiers de l&rsquo;Ukraine. Si l&rsquo;on prend en compte tous les risques, cette option est finalement moins ch\u00e8re, affirme-t-il dans la lettre dont dispose l&rsquo;agence de presse allemande.<\/p>\n<p>De Wever \u00e9voque une fois de plus la possibilit\u00e9 qu&rsquo;un tribunal arbitral juge l&rsquo;utilisation des fonds russes comme une expropriation ill\u00e9gale et que les investisseurs internationaux perdent confiance dans le march\u00e9 financier europ\u00e9en. En outre, selon lui, il existe un risque que la Russie exerce des repr\u00e9sailles et exproprie des particuliers et des entreprises europ\u00e9ennes en Russie.<\/p>\n<p>Une porte-parole de la Commission europ\u00e9enne a confirm\u00e9 la r\u00e9ception de la lettre \u00e0 Bruxelles, mais n&rsquo;a pas souhait\u00e9 commenter son contenu. Elle a simplement soulign\u00e9 que tout \u00e9tait fait pour prendre en compte les pr\u00e9occupations de la Belgique.<\/p>\n<p>La pr\u00e9sidente von der Leyen avait pr\u00e9c\u00e9demment indiqu\u00e9 clairement que, quelle que soit la nouvelle initiative am\u00e9ricaine visant \u00e0 mettre fin \u00e0 la guerre en Ukraine, elle pr\u00e9senterait bient\u00f4t les textes juridiques n\u00e9cessaires \u00e0 l&rsquo;utilisation des moyens russes. Elle a \u00e9galement d\u00e9clar\u00e9 au Parlement europ\u00e9en \u00e0 Strasbourg qu&rsquo;elle ne pouvait pas imaginer un sc\u00e9nario dans lequel seuls les contribuables europ\u00e9ens paieraient la facture du soutien continu n\u00e9cessaire \u00e0 l&rsquo;Ukraine.<\/p>\n<p>Les plans actuels pr\u00e9voient d&rsquo;accorder \u00e0 l&rsquo;Ukraine des pr\u00eats pouvant atteindre 140 milliards d&rsquo;euros avec des fonds russes. La Russie ne devrait r\u00e9cup\u00e9rer cet argent que si elle verse des r\u00e9parations apr\u00e8s la fin de sa guerre d\u2019agression contre l\u2019Ukraine. Dans le cas o\u00f9 l\u2019argent russe gel\u00e9 devait \u00eatre \u00e0 nouveau d\u00e9bloqu\u00e9 de mani\u00e8re inattendue, par exemple \u00e0 la suite de jugements ou d\u2019accords internationaux, les \u00c9tats de l\u2019UE n\u2019auraient qu\u2019\u00e0 fournir des garanties. Les besoins financiers de l&rsquo;Ukraine sont estim\u00e9s \u00e0 135,7 milliards d&rsquo;euros d&rsquo;ici fin 2027.<\/p>\n<p><strong>\u2013 Affrontement dans trois semaines ?<\/strong> Cependant, sans le soutien du gouvernement belge, le plan est jug\u00e9 irr\u00e9alisable. La raison en est qu&rsquo;une grande partie des fonds russes sont actuellement g\u00e9r\u00e9s par la soci\u00e9t\u00e9 Euroclear.<\/p>\n<p>Dans sa lettre, De Wever a clairement indiqu\u00e9 qu&rsquo;il n&rsquo;accepterait l&rsquo;utilisation des actifs que si toutes ses pr\u00e9occupations \u00e9taient pleinement et ad\u00e9quatement prises en compte. Cela inclut \u00e9galement la garantie des \u00c9tats membres qu&rsquo;ils supporteront tous les risques de mani\u00e8re proportionnelle, souligne-t-il.<\/p>\n<p>Une confrontation pourrait avoir lieu dans environ trois semaines lors du dernier sommet europ\u00e9en r\u00e9gulier de l\u2019ann\u00e9e. Il d\u00e9cidera comment les besoins financiers de l&rsquo;Ukraine seront couverts l&rsquo;ann\u00e9e prochaine. D\u2019ici l\u00e0, la pression sur la Belgique pourrait continuer \u00e0 s\u2019accentuer. Les critiques de De Wever l&rsquo;accusent de se laisser intimider par les menaces russes. Certains sp\u00e9culent \u00e9galement que sa principale pr\u00e9occupation pourrait \u00eatre d&rsquo;obtenir des recettes fiscales via l&rsquo;institution financi\u00e8re Euroclear.<\/p>\n<div id=\"attachment_420584\" class=\"wp-caption alignleft\" style=\"max-width: 300px\"><img decoding=\"async\" class=\"wp-image-420584 size-medium\" src=\"https:\/\/vieassociative.be\/actualites\/wp-content\/uploads\/2025\/12\/1764663455_553_Fonds-russes-geles-De-Wever-envoie-une-lettre-incendiaire.jpg\" alt=\"\" width=\"300\" height=\"200\"  ><\/div>\n<p>Derri\u00e8re De Wever se trouve le ministre des Affaires \u00e9trang\u00e8res Maxime Pr\u00e9vot (Les Engag\u00e9s), qui a \u00e9galement tir\u00e9 la sonnette d&rsquo;alarme sur les risques encourus par la Belgique si l&rsquo;Europe veut forcer le pays \u00e0 remettre \u00e0 l&rsquo;Ukraine les milliards de dollars d&rsquo;actifs russes bloqu\u00e9s chez Euroclear \u00e0 Bruxelles.<\/p>\n<p>\u00ab\u00a0Comme il s&rsquo;agit d&rsquo;une man\u0153uvre ill\u00e9gale, outre les repr\u00e9sailles, les Russes auraient toutes les chances de gagner en justice et de r\u00e9cup\u00e9rer leur argent&#8230; ce qui ruinerait notre pays\u00a0\u00bb, a d\u00e9clar\u00e9 Pr\u00e9vot.<\/p>\n<p>Le si\u00e8ge d&rsquo;Euroclear est \u00e0 Bruxelles. Il s\u2019agit d\u2019une grande entreprise, une sorte de banque, avec 180 milliards de dollars d\u2019actifs russes gel\u00e9s. Notre Premier ministre Bart De Wever refuse de donner cet argent \u00e0 l&rsquo;Ukraine, et le ministre des Affaires \u00e9trang\u00e8res Maxime Pr\u00e9vot est d&rsquo;accord \u00e0 \u00ab 3 000 pour cent avec lui \u00bb, comme il l&rsquo;a expliqu\u00e9 dimanche soir dans l&rsquo;\u00e9mission \u00ab Face \u00e0 Buxant \u00bb.<\/p>\n<p>Pr\u00e9vot : \u00ab\u00a0Je ne pense pas que les gens r\u00e9alisent que c&rsquo;est l\u00e0 le plus grand risque aujourd&rsquo;hui, l&rsquo;\u00e9p\u00e9e de Damocl\u00e8s qui p\u00e8se sur notre pays. Le but est bien s\u00fbr d&rsquo;aider financi\u00e8rement l&rsquo;Ukraine, et la Belgique l&rsquo;a toujours fait et continuera de le faire. Mais nous voulons \u00e9viter de violer le droit international, non pas \u00e0 cause d&rsquo;une d\u00e9cision judiciaire, mais \u00e0 cause d&rsquo;une volont\u00e9 politique : saisir ces avoirs russes, ce qui n&rsquo;est jamais arriv\u00e9 auparavant.\u00a0\u00bb<\/p>\n<p>Le ministre belge des Affaires \u00e9trang\u00e8res a en outre expliqu\u00e9 : \u00ab\u00a0Si la Russie nous poursuit, elle a toutes les chances de gagner en justice, et nous, Belgique, ne pouvons pas rembourser ces 200 milliards car cela correspond \u00e0 l&rsquo;\u00e9quivalent d&rsquo;un budget annuel de l&rsquo;Etat f\u00e9d\u00e9ral. Ce serait la faillite de la Belgique.\u00a0\u00bb (dpa\/cr\u00e9)<\/p>\n","protected":false},"excerpt":{"rendered":"<p>La Commission europ\u00e9enne souhaite utiliser les actifs immobilis\u00e9s russes pour couvrir les besoins financiers de l&rsquo;Ukraine. Cependant, un acteur central reste sur les barricades :<\/p>\n","protected":false},"author":1,"featured_media":11659,"comment_status":"","ping_status":"","sticky":false,"template":"","format":"standard","meta":{"footnotes":""},"categories":[298],"tags":[383,9426,9422,9425,366,6668,9423,2628,9424,8786,33,110,2755],"class_list":["post-11658","post","type-post","status-publish","format-standard","has-post-thumbnail","hentry","category-belgique","tag-belgique","tag-damocles","tag-envoie","tag-epee","tag-fonds","tag-geles","tag-incendiaire","tag-lettre","tag-prevot","tag-russes","tag-sur","tag-une","tag-wever","generate-columns","tablet-grid-50","mobile-grid-100","grid-parent","grid-33"],"yoast_head":"<!-- This site is optimized with the Yoast SEO plugin v24.0 - https:\/\/yoast.com\/wordpress\/plugins\/seo\/ -->\n<title>Fonds russes gel\u00e9s : De Wever envoie une lettre incendiaire \u2013 Pr\u00e9vot : \u00ab \u00c9p\u00e9e de Damocl\u00e8s sur la Belgique \u00bb | Vie Associative<\/title>\n<meta name=\"robots\" content=\"index, follow, max-snippet:-1, max-image-preview:large, max-video-preview:-1\" \/>\n<link rel=\"canonical\" href=\"https:\/\/vieassociative.be\/actualites\/fonds-russes-geles-de-wever-envoie-une-lettre-incendiaire-prevot-epee-de-damocles-sur-la-belgique\/\" \/>\n<meta property=\"og:locale\" content=\"fr_FR\" \/>\n<meta property=\"og:type\" content=\"article\" \/>\n<meta property=\"og:title\" content=\"Fonds russes gel\u00e9s : De Wever envoie une lettre incendiaire \u2013 Pr\u00e9vot : \u00ab \u00c9p\u00e9e de Damocl\u00e8s sur la Belgique \u00bb | Vie Associative\" \/>\n<meta property=\"og:description\" content=\"La Commission europ\u00e9enne souhaite utiliser les actifs immobilis\u00e9s russes pour couvrir les besoins financiers de l&rsquo;Ukraine. Cependant, un acteur central reste sur les barricades :\" \/>\n<meta property=\"og:url\" content=\"https:\/\/vieassociative.be\/actualites\/fonds-russes-geles-de-wever-envoie-une-lettre-incendiaire-prevot-epee-de-damocles-sur-la-belgique\/\" \/>\n<meta property=\"og:site_name\" content=\"Vie Associative\" \/>\n<meta property=\"article:published_time\" content=\"2025-12-02T08:17:35+00:00\" \/>\n<meta property=\"og:image\" content=\"https:\/\/vieassociative.be\/actualites\/wp-content\/uploads\/2024\/09\/header_backgroundk-01-e1726694325946.png\" \/>\n\t<meta property=\"og:image:width\" content=\"279\" \/>\n\t<meta property=\"og:image:height\" content=\"92\" \/>\n\t<meta property=\"og:image:type\" content=\"image\/png\" \/>\n<meta name=\"author\" content=\"Julien\" \/>\n<meta name=\"twitter:card\" content=\"summary_large_image\" \/>\n<meta name=\"twitter:label1\" content=\"\u00c9crit par\" \/>\n\t<meta name=\"twitter:data1\" content=\"Julien\" \/>\n\t<meta name=\"twitter:label2\" content=\"Dur\u00e9e de lecture est.\" \/>\n\t<meta name=\"twitter:data2\" content=\"5 minutes\" \/>\n<script type=\"application\/ld+json\" class=\"yoast-schema-graph\">{\"@context\":\"https:\/\/schema.org\",\"@graph\":[{\"@type\":\"Article\",\"@id\":\"https:\/\/vieassociative.be\/actualites\/fonds-russes-geles-de-wever-envoie-une-lettre-incendiaire-prevot-epee-de-damocles-sur-la-belgique\/#article\",\"isPartOf\":{\"@id\":\"https:\/\/vieassociative.be\/actualites\/fonds-russes-geles-de-wever-envoie-une-lettre-incendiaire-prevot-epee-de-damocles-sur-la-belgique\/\"},\"author\":{\"name\":\"Julien\",\"@id\":\"https:\/\/vieassociative.be\/actualites\/#\/schema\/person\/b87ac4f82f9d4e7b7cec7395b679edc4\"},\"headline\":\"Fonds russes gel\u00e9s : De Wever envoie une lettre incendiaire \u2013 Pr\u00e9vot : \u00ab \u00c9p\u00e9e de Damocl\u00e8s sur la Belgique \u00bb\",\"datePublished\":\"2025-12-02T08:17:35+00:00\",\"dateModified\":\"2025-12-02T08:17:35+00:00\",\"mainEntityOfPage\":{\"@id\":\"https:\/\/vieassociative.be\/actualites\/fonds-russes-geles-de-wever-envoie-une-lettre-incendiaire-prevot-epee-de-damocles-sur-la-belgique\/\"},\"wordCount\":1002,\"publisher\":{\"@id\":\"https:\/\/vieassociative.be\/actualites\/#organization\"},\"image\":{\"@id\":\"https:\/\/vieassociative.be\/actualites\/fonds-russes-geles-de-wever-envoie-une-lettre-incendiaire-prevot-epee-de-damocles-sur-la-belgique\/#primaryimage\"},\"thumbnailUrl\":\"https:\/\/vieassociative.be\/actualites\/wp-content\/uploads\/2025\/12\/1764663456_Fonds-russes-geles-De-Wever-envoie-une-lettre-incendiaire.jpg\",\"keywords\":[\"Belgique\",\"Damocl\u00e8s\",\"envoie\",\"\u00c9p\u00e9e\",\"Fonds\",\"gel\u00e9s\",\"incendiaire\",\"lettre\",\"Pr\u00e9vot\",\"russes\",\"sur\",\"une\",\"Wever\"],\"articleSection\":[\"Belgique\"],\"inLanguage\":\"fr-BE\"},{\"@type\":\"WebPage\",\"@id\":\"https:\/\/vieassociative.be\/actualites\/fonds-russes-geles-de-wever-envoie-une-lettre-incendiaire-prevot-epee-de-damocles-sur-la-belgique\/\",\"url\":\"https:\/\/vieassociative.be\/actualites\/fonds-russes-geles-de-wever-envoie-une-lettre-incendiaire-prevot-epee-de-damocles-sur-la-belgique\/\",\"name\":\"Fonds russes gel\u00e9s : De Wever envoie une lettre incendiaire \u2013 Pr\u00e9vot : \u00ab \u00c9p\u00e9e de Damocl\u00e8s sur la Belgique \u00bb | Vie Associative\",\"isPartOf\":{\"@id\":\"https:\/\/vieassociative.be\/actualites\/#website\"},\"primaryImageOfPage\":{\"@id\":\"https:\/\/vieassociative.be\/actualites\/fonds-russes-geles-de-wever-envoie-une-lettre-incendiaire-prevot-epee-de-damocles-sur-la-belgique\/#primaryimage\"},\"image\":{\"@id\":\"https:\/\/vieassociative.be\/actualites\/fonds-russes-geles-de-wever-envoie-une-lettre-incendiaire-prevot-epee-de-damocles-sur-la-belgique\/#primaryimage\"},\"thumbnailUrl\":\"https:\/\/vieassociative.be\/actualites\/wp-content\/uploads\/2025\/12\/1764663456_Fonds-russes-geles-De-Wever-envoie-une-lettre-incendiaire.jpg\",\"datePublished\":\"2025-12-02T08:17:35+00:00\",\"dateModified\":\"2025-12-02T08:17:35+00:00\",\"breadcrumb\":{\"@id\":\"https:\/\/vieassociative.be\/actualites\/fonds-russes-geles-de-wever-envoie-une-lettre-incendiaire-prevot-epee-de-damocles-sur-la-belgique\/#breadcrumb\"},\"inLanguage\":\"fr-BE\",\"potentialAction\":[{\"@type\":\"ReadAction\",\"target\":[\"https:\/\/vieassociative.be\/actualites\/fonds-russes-geles-de-wever-envoie-une-lettre-incendiaire-prevot-epee-de-damocles-sur-la-belgique\/\"]}]},{\"@type\":\"ImageObject\",\"inLanguage\":\"fr-BE\",\"@id\":\"https:\/\/vieassociative.be\/actualites\/fonds-russes-geles-de-wever-envoie-une-lettre-incendiaire-prevot-epee-de-damocles-sur-la-belgique\/#primaryimage\",\"url\":\"https:\/\/vieassociative.be\/actualites\/wp-content\/uploads\/2025\/12\/1764663456_Fonds-russes-geles-De-Wever-envoie-une-lettre-incendiaire.jpg\",\"contentUrl\":\"https:\/\/vieassociative.be\/actualites\/wp-content\/uploads\/2025\/12\/1764663456_Fonds-russes-geles-De-Wever-envoie-une-lettre-incendiaire.jpg\",\"width\":1200,\"height\":800,\"caption\":\"Fonds russes gel\u00e9s : De Wever envoie une lettre incendiaire \u2013 Pr\u00e9vot : \u00ab \u00c9p\u00e9e de Damocl\u00e8s sur la Belgique \u00bb\"},{\"@type\":\"BreadcrumbList\",\"@id\":\"https:\/\/vieassociative.be\/actualites\/fonds-russes-geles-de-wever-envoie-une-lettre-incendiaire-prevot-epee-de-damocles-sur-la-belgique\/#breadcrumb\",\"itemListElement\":[{\"@type\":\"ListItem\",\"position\":1,\"name\":\"Accueil\",\"item\":\"https:\/\/vieassociative.be\/actualites\/\"},{\"@type\":\"ListItem\",\"position\":2,\"name\":\"Fonds russes gel\u00e9s : De Wever envoie une lettre incendiaire \u2013 Pr\u00e9vot : \u00ab \u00c9p\u00e9e de Damocl\u00e8s sur la Belgique \u00bb\"}]},{\"@type\":\"WebSite\",\"@id\":\"https:\/\/vieassociative.be\/actualites\/#website\",\"url\":\"https:\/\/vieassociative.be\/actualites\/\",\"name\":\"Vie Associative\",\"description\":\"\",\"publisher\":{\"@id\":\"https:\/\/vieassociative.be\/actualites\/#organization\"},\"potentialAction\":[{\"@type\":\"SearchAction\",\"target\":{\"@type\":\"EntryPoint\",\"urlTemplate\":\"https:\/\/vieassociative.be\/actualites\/?s={search_term_string}\"},\"query-input\":{\"@type\":\"PropertyValueSpecification\",\"valueRequired\":true,\"valueName\":\"search_term_string\"}}],\"inLanguage\":\"fr-BE\"},{\"@type\":\"Organization\",\"@id\":\"https:\/\/vieassociative.be\/actualites\/#organization\",\"name\":\"Vie Associative\",\"url\":\"https:\/\/vieassociative.be\/actualites\/\",\"logo\":{\"@type\":\"ImageObject\",\"inLanguage\":\"fr-BE\",\"@id\":\"https:\/\/vieassociative.be\/actualites\/#\/schema\/logo\/image\/\",\"url\":\"https:\/\/vieassociative.be\/actualites\/wp-content\/uploads\/2024\/09\/cropped-vieassociative_favicon.ico.png\",\"contentUrl\":\"https:\/\/vieassociative.be\/actualites\/wp-content\/uploads\/2024\/09\/cropped-vieassociative_favicon.ico.png\",\"width\":512,\"height\":512,\"caption\":\"Vie Associative\"},\"image\":{\"@id\":\"https:\/\/vieassociative.be\/actualites\/#\/schema\/logo\/image\/\"}},{\"@type\":\"Person\",\"@id\":\"https:\/\/vieassociative.be\/actualites\/#\/schema\/person\/b87ac4f82f9d4e7b7cec7395b679edc4\",\"name\":\"Julien\",\"image\":{\"@type\":\"ImageObject\",\"inLanguage\":\"fr-BE\",\"@id\":\"https:\/\/vieassociative.be\/actualites\/#\/schema\/person\/image\/\",\"url\":\"https:\/\/vieassociative.be\/actualites\/wp-content\/uploads\/2024\/09\/vie-associative-1-150x150.jpg\",\"contentUrl\":\"https:\/\/vieassociative.be\/actualites\/wp-content\/uploads\/2024\/09\/vie-associative-1-150x150.jpg\",\"caption\":\"Julien\"},\"description\":\"Je suis Julien, r\u00e9dacteur pour Vie Associative. Passionn\u00e9 par le monde associatif depuis plus de 10 ans, j'ai \u00e0 c\u0153ur de partager des histoires inspirantes et de mettre en lumi\u00e8re les initiatives locales. Mon objectif est de sensibiliser et d'encourager l'engagement communautaire \u00e0 travers mes articles.\",\"sameAs\":[\"https:\/\/vieassociative.be\/\"]}]}<\/script>\n<!-- \/ Yoast SEO plugin. -->","yoast_head_json":{"title":"Fonds russes gel\u00e9s : De Wever envoie une lettre incendiaire \u2013 Pr\u00e9vot : \u00ab \u00c9p\u00e9e de Damocl\u00e8s sur la Belgique \u00bb | Vie Associative","robots":{"index":"index","follow":"follow","max-snippet":"max-snippet:-1","max-image-preview":"max-image-preview:large","max-video-preview":"max-video-preview:-1"},"canonical":"https:\/\/vieassociative.be\/actualites\/fonds-russes-geles-de-wever-envoie-une-lettre-incendiaire-prevot-epee-de-damocles-sur-la-belgique\/","og_locale":"fr_FR","og_type":"article","og_title":"Fonds russes gel\u00e9s : De Wever envoie une lettre incendiaire \u2013 Pr\u00e9vot : \u00ab \u00c9p\u00e9e de Damocl\u00e8s sur la Belgique \u00bb | Vie Associative","og_description":"La Commission europ\u00e9enne souhaite utiliser les actifs immobilis\u00e9s russes pour couvrir les besoins financiers de l&rsquo;Ukraine. Cependant, un acteur central reste sur les barricades :","og_url":"https:\/\/vieassociative.be\/actualites\/fonds-russes-geles-de-wever-envoie-une-lettre-incendiaire-prevot-epee-de-damocles-sur-la-belgique\/","og_site_name":"Vie Associative","article_published_time":"2025-12-02T08:17:35+00:00","og_image":[{"width":279,"height":92,"url":"https:\/\/vieassociative.be\/actualites\/wp-content\/uploads\/2024\/09\/header_backgroundk-01-e1726694325946.png","type":"image\/png"}],"author":"Julien","twitter_card":"summary_large_image","twitter_misc":{"\u00c9crit par":"Julien","Dur\u00e9e de lecture est.":"5 minutes"},"schema":{"@context":"https:\/\/schema.org","@graph":[{"@type":"Article","@id":"https:\/\/vieassociative.be\/actualites\/fonds-russes-geles-de-wever-envoie-une-lettre-incendiaire-prevot-epee-de-damocles-sur-la-belgique\/#article","isPartOf":{"@id":"https:\/\/vieassociative.be\/actualites\/fonds-russes-geles-de-wever-envoie-une-lettre-incendiaire-prevot-epee-de-damocles-sur-la-belgique\/"},"author":{"name":"Julien","@id":"https:\/\/vieassociative.be\/actualites\/#\/schema\/person\/b87ac4f82f9d4e7b7cec7395b679edc4"},"headline":"Fonds russes gel\u00e9s : De Wever envoie une lettre incendiaire \u2013 Pr\u00e9vot : \u00ab \u00c9p\u00e9e de Damocl\u00e8s sur la Belgique \u00bb","datePublished":"2025-12-02T08:17:35+00:00","dateModified":"2025-12-02T08:17:35+00:00","mainEntityOfPage":{"@id":"https:\/\/vieassociative.be\/actualites\/fonds-russes-geles-de-wever-envoie-une-lettre-incendiaire-prevot-epee-de-damocles-sur-la-belgique\/"},"wordCount":1002,"publisher":{"@id":"https:\/\/vieassociative.be\/actualites\/#organization"},"image":{"@id":"https:\/\/vieassociative.be\/actualites\/fonds-russes-geles-de-wever-envoie-une-lettre-incendiaire-prevot-epee-de-damocles-sur-la-belgique\/#primaryimage"},"thumbnailUrl":"https:\/\/vieassociative.be\/actualites\/wp-content\/uploads\/2025\/12\/1764663456_Fonds-russes-geles-De-Wever-envoie-une-lettre-incendiaire.jpg","keywords":["Belgique","Damocl\u00e8s","envoie","\u00c9p\u00e9e","Fonds","gel\u00e9s","incendiaire","lettre","Pr\u00e9vot","russes","sur","une","Wever"],"articleSection":["Belgique"],"inLanguage":"fr-BE"},{"@type":"WebPage","@id":"https:\/\/vieassociative.be\/actualites\/fonds-russes-geles-de-wever-envoie-une-lettre-incendiaire-prevot-epee-de-damocles-sur-la-belgique\/","url":"https:\/\/vieassociative.be\/actualites\/fonds-russes-geles-de-wever-envoie-une-lettre-incendiaire-prevot-epee-de-damocles-sur-la-belgique\/","name":"Fonds russes gel\u00e9s : De Wever envoie une lettre incendiaire \u2013 Pr\u00e9vot : \u00ab \u00c9p\u00e9e de Damocl\u00e8s sur la Belgique \u00bb | Vie Associative","isPartOf":{"@id":"https:\/\/vieassociative.be\/actualites\/#website"},"primaryImageOfPage":{"@id":"https:\/\/vieassociative.be\/actualites\/fonds-russes-geles-de-wever-envoie-une-lettre-incendiaire-prevot-epee-de-damocles-sur-la-belgique\/#primaryimage"},"image":{"@id":"https:\/\/vieassociative.be\/actualites\/fonds-russes-geles-de-wever-envoie-une-lettre-incendiaire-prevot-epee-de-damocles-sur-la-belgique\/#primaryimage"},"thumbnailUrl":"https:\/\/vieassociative.be\/actualites\/wp-content\/uploads\/2025\/12\/1764663456_Fonds-russes-geles-De-Wever-envoie-une-lettre-incendiaire.jpg","datePublished":"2025-12-02T08:17:35+00:00","dateModified":"2025-12-02T08:17:35+00:00","breadcrumb":{"@id":"https:\/\/vieassociative.be\/actualites\/fonds-russes-geles-de-wever-envoie-une-lettre-incendiaire-prevot-epee-de-damocles-sur-la-belgique\/#breadcrumb"},"inLanguage":"fr-BE","potentialAction":[{"@type":"ReadAction","target":["https:\/\/vieassociative.be\/actualites\/fonds-russes-geles-de-wever-envoie-une-lettre-incendiaire-prevot-epee-de-damocles-sur-la-belgique\/"]}]},{"@type":"ImageObject","inLanguage":"fr-BE","@id":"https:\/\/vieassociative.be\/actualites\/fonds-russes-geles-de-wever-envoie-une-lettre-incendiaire-prevot-epee-de-damocles-sur-la-belgique\/#primaryimage","url":"https:\/\/vieassociative.be\/actualites\/wp-content\/uploads\/2025\/12\/1764663456_Fonds-russes-geles-De-Wever-envoie-une-lettre-incendiaire.jpg","contentUrl":"https:\/\/vieassociative.be\/actualites\/wp-content\/uploads\/2025\/12\/1764663456_Fonds-russes-geles-De-Wever-envoie-une-lettre-incendiaire.jpg","width":1200,"height":800,"caption":"Fonds russes gel\u00e9s : De Wever envoie une lettre incendiaire \u2013 Pr\u00e9vot : \u00ab \u00c9p\u00e9e de Damocl\u00e8s sur la Belgique \u00bb"},{"@type":"BreadcrumbList","@id":"https:\/\/vieassociative.be\/actualites\/fonds-russes-geles-de-wever-envoie-une-lettre-incendiaire-prevot-epee-de-damocles-sur-la-belgique\/#breadcrumb","itemListElement":[{"@type":"ListItem","position":1,"name":"Accueil","item":"https:\/\/vieassociative.be\/actualites\/"},{"@type":"ListItem","position":2,"name":"Fonds russes gel\u00e9s : De Wever envoie une lettre incendiaire \u2013 Pr\u00e9vot : \u00ab \u00c9p\u00e9e de Damocl\u00e8s sur la Belgique \u00bb"}]},{"@type":"WebSite","@id":"https:\/\/vieassociative.be\/actualites\/#website","url":"https:\/\/vieassociative.be\/actualites\/","name":"Vie Associative","description":"","publisher":{"@id":"https:\/\/vieassociative.be\/actualites\/#organization"},"potentialAction":[{"@type":"SearchAction","target":{"@type":"EntryPoint","urlTemplate":"https:\/\/vieassociative.be\/actualites\/?s={search_term_string}"},"query-input":{"@type":"PropertyValueSpecification","valueRequired":true,"valueName":"search_term_string"}}],"inLanguage":"fr-BE"},{"@type":"Organization","@id":"https:\/\/vieassociative.be\/actualites\/#organization","name":"Vie Associative","url":"https:\/\/vieassociative.be\/actualites\/","logo":{"@type":"ImageObject","inLanguage":"fr-BE","@id":"https:\/\/vieassociative.be\/actualites\/#\/schema\/logo\/image\/","url":"https:\/\/vieassociative.be\/actualites\/wp-content\/uploads\/2024\/09\/cropped-vieassociative_favicon.ico.png","contentUrl":"https:\/\/vieassociative.be\/actualites\/wp-content\/uploads\/2024\/09\/cropped-vieassociative_favicon.ico.png","width":512,"height":512,"caption":"Vie Associative"},"image":{"@id":"https:\/\/vieassociative.be\/actualites\/#\/schema\/logo\/image\/"}},{"@type":"Person","@id":"https:\/\/vieassociative.be\/actualites\/#\/schema\/person\/b87ac4f82f9d4e7b7cec7395b679edc4","name":"Julien","image":{"@type":"ImageObject","inLanguage":"fr-BE","@id":"https:\/\/vieassociative.be\/actualites\/#\/schema\/person\/image\/","url":"https:\/\/vieassociative.be\/actualites\/wp-content\/uploads\/2024\/09\/vie-associative-1-150x150.jpg","contentUrl":"https:\/\/vieassociative.be\/actualites\/wp-content\/uploads\/2024\/09\/vie-associative-1-150x150.jpg","caption":"Julien"},"description":"Je suis Julien, r\u00e9dacteur pour Vie Associative. Passionn\u00e9 par le monde associatif depuis plus de 10 ans, j'ai \u00e0 c\u0153ur de partager des histoires inspirantes et de mettre en lumi\u00e8re les initiatives locales. Mon objectif est de sensibiliser et d'encourager l'engagement communautaire \u00e0 travers mes articles.","sameAs":["https:\/\/vieassociative.be\/"]}]}},"_links":{"self":[{"href":"https:\/\/vieassociative.be\/actualites\/wp-json\/wp\/v2\/posts\/11658"}],"collection":[{"href":"https:\/\/vieassociative.be\/actualites\/wp-json\/wp\/v2\/posts"}],"about":[{"href":"https:\/\/vieassociative.be\/actualites\/wp-json\/wp\/v2\/types\/post"}],"author":[{"embeddable":true,"href":"https:\/\/vieassociative.be\/actualites\/wp-json\/wp\/v2\/users\/1"}],"replies":[{"embeddable":true,"href":"https:\/\/vieassociative.be\/actualites\/wp-json\/wp\/v2\/comments?post=11658"}],"version-history":[{"count":0,"href":"https:\/\/vieassociative.be\/actualites\/wp-json\/wp\/v2\/posts\/11658\/revisions"}],"wp:featuredmedia":[{"embeddable":true,"href":"https:\/\/vieassociative.be\/actualites\/wp-json\/wp\/v2\/media\/11659"}],"wp:attachment":[{"href":"https:\/\/vieassociative.be\/actualites\/wp-json\/wp\/v2\/media?parent=11658"}],"wp:term":[{"taxonomy":"category","embeddable":true,"href":"https:\/\/vieassociative.be\/actualites\/wp-json\/wp\/v2\/categories?post=11658"},{"taxonomy":"post_tag","embeddable":true,"href":"https:\/\/vieassociative.be\/actualites\/wp-json\/wp\/v2\/tags?post=11658"}],"curies":[{"name":"wp","href":"https:\/\/api.w.org\/{rel}","templated":true}]}}