{"id":11656,"date":"2025-12-02T03:17:27","date_gmt":"2025-12-02T02:17:27","guid":{"rendered":"https:\/\/vieassociative.be\/actualites\/lettre-a-la-redaction-la-medecine-actuelle-est-en-partie-dans-une-impasse\/"},"modified":"2025-12-02T03:17:27","modified_gmt":"2025-12-02T02:17:27","slug":"lettre-a-la-redaction-la-medecine-actuelle-est-en-partie-dans-une-impasse","status":"publish","type":"post","link":"https:\/\/vieassociative.be\/actualites\/lettre-a-la-redaction-la-medecine-actuelle-est-en-partie-dans-une-impasse\/","title":{"rendered":"LETTRE \u00c0 LA R\u00c9DACTION \u2013 La m\u00e9decine actuelle est en partie dans une impasse"},"content":{"rendered":"<p><strong>Objet : Table ronde ProDG \u00ab Comment pouvons-nous all\u00e9ger la charge qui p\u00e8se sur le syst\u00e8me de sant\u00e9 ? \u00bb, le 27 novembre 2025 au monast\u00e8re de Heidberg.<\/strong><\/p>\n<p><span id=\"more-430586\"><\/span>Cette discussion a lamentablement \u00e9chou\u00e9. Sur le podium du noble monast\u00e8re de Heidberg se trouvaient un responsable du service de soins, deux m\u00e9decins, un repr\u00e9sentant de l&rsquo;assurance maladie et le ministre de la Sant\u00e9 Klinkenberg. Les patients \u00e9taient absents du podium. Au moins une personne atteinte d&rsquo;une maladie chronique aurait d\u00fb monter \u00e0 la tribune pour d\u00e9crire sa situation ici \u00e0 la DG. La discussion a \u00e9t\u00e9 organis\u00e9e par Jos\u00e9 Grommes, repr\u00e9sentant de ProDG au parlement.<\/p>\n<p>Cet \u00e9v\u00e9nement avait probablement pour but de mettre en valeur le ProDG et sa si bonne politique de sant\u00e9. Les erreurs commises par l&rsquo;entreprise au cours des derni\u00e8res ann\u00e9es et son approche non critique des recommandations m\u00e9dicales n&rsquo;ont pas \u00e9t\u00e9 analys\u00e9es.<\/p>\n<p>Les bons r\u00e9seaux tels que : B. pour la sant\u00e9 mentale\u2026 Le ministre a soulign\u00e9 l&rsquo;importance des dossiers num\u00e9riques des patients. Le m\u00e9decin-chef de l&rsquo;h\u00f4pital d&rsquo;Eupen a mis en garde contre les dangers d&rsquo;une num\u00e9risation excessive. Il a d\u00e9crit le dossier patient num\u00e9rique comme un fardeau dans la vie quotidienne de l&rsquo;h\u00f4pital. Il a \u00e9galement mis en garde contre les attaques de pirates informatiques contre l\u2019infrastructure informatique des soins de sant\u00e9. En cas d\u2019urgence, il n\u2019est pas possible de r\u00e9aliser de simples radiographies.<\/p>\n<p>Le m\u00e9decin de famille du groupe s&rsquo;est \u00e9galement plaint de la lourdeur administrative de son cabinet. La charge de travail est \u00e9galement tr\u00e8s importante parce que les gens doivent se rendre chez le m\u00e9decin de famille pour obtenir un avis de maladie pour de petites choses (simples rhumes). Ce temps manque en cas de maladies vraiment graves. (p\u00e9nurie de travailleurs qualifi\u00e9s)<\/p>\n<p>Les termes pr\u00e9vention ont \u00e9t\u00e9 utilis\u00e9s de mani\u00e8re incorrecte \u00e0 plusieurs reprises au cours de la discussion. Les examens pr\u00e9ventifs ne sont pas n\u00e9cessairement ce que j\u2019entends personnellement par pr\u00e9vention. A titre d&rsquo;exemple. La plupart des gens dans nos r\u00e9gions du monde ont des niveaux de vitamine D trop faibles. Ce type de m\u00e9decine pr\u00e9ventive est appel\u00e9 m\u00e9decine orthomumul\u00e9culaire.<\/p>\n<p>La langue allemande dans la vie m\u00e9dicale quotidienne en Belgique : il est d\u00e9sormais incroyablement difficile d&rsquo;obtenir des rendez-vous avec des sp\u00e9cialistes locaux. Les rendez-vous pour IRM, radiographies&#8230; ne peuvent plus \u00eatre obtenus rapidement \u00e0 la DG. Le ministre a soulign\u00e9 \u00e0 plusieurs reprises que nous avions besoin de tous les soins m\u00e9dicaux en allemand. Mais n\u2019est-ce pas l\u00e0 une illusion co\u00fbteuse qui ne peut se r\u00e9aliser ?<\/p>\n<p>\u00c0 mon avis, un rendez-vous de contr\u00f4le avec un d\u00e9lai d&rsquo;attente d&rsquo;un an n&rsquo;aide personne. Il faut simplement trouver d&rsquo;autres solutions. S\u2019il n\u2019y a pas d\u2019autre option, les personnes doivent \u00eatre examin\u00e9es dans des cabinets sp\u00e9cialis\u00e9s ou des cliniques situ\u00e9es dans d\u2019autres r\u00e9gions du pays o\u00f9 il peut encore y avoir des capacit\u00e9s libres. Une assistance doit \u00eatre fournie pour le transport jusqu&rsquo;aux rendez-vous. Existe-t-il certainement des solutions modernes (IA) pour la traduction sur place en Wallonie ou en Flandre ?<\/p>\n<p>La \u00ab r\u00e9glementation de l\u2019Est de la Belgique \u00bb n\u2019a \u00e9t\u00e9 \u00e9voqu\u00e9e qu\u2019en passant dans les questions du public. Malheureusement, la r\u00e9glementation est incompl\u00e8te et probl\u00e9matique. Il faut s&rsquo;adresser \u00e0 un sp\u00e9cialiste de l&rsquo;Est de la Belgique. Mais o\u00f9 se trouvent les sp\u00e9cialistes de l\u2019Est de la Belgique ? Ces m\u00e9decins ne peuvent pas prescrire contre leurs propres h\u00f4pitaux.<\/p>\n<p>Je n&rsquo;ai pas re\u00e7u d&rsquo;ordonnance de deux sp\u00e9cialistes, m\u00eame si un traitement n&rsquo;est pas possible en Belgique, faute de m\u00e9dicaments thyro\u00efdiens inappropri\u00e9s et inappropri\u00e9s. Toute personne \u00e0 qui l&rsquo;on prescrit le m\u00e9dicament allemand ne recevra aucun remboursement de la part de la caisse d&rsquo;assurance maladie. Avec des m\u00e9dicaments tr\u00e8s chers, cela peut \u00eatre un probl\u00e8me pour la plupart des m\u00e9nages ? Alors que nous quittions le chic Heidberg, un couple \u00e2g\u00e9 s&rsquo;est rendu au parking et \u00e9tait tr\u00e8s m\u00e9content du bla bla. Il n\u2019y avait pas de v\u00e9ritables solutions.<\/p>\n<p>Malheureusement, on ne parlait pas vraiment de personnes responsables (patients). Parce que le meilleur m\u00e9decin est celui qui trouve lui-m\u00eame la meilleure solution.<\/p>\n<p>\u00c0 mon avis, la m\u00e9decine actuelle est dans une impasse. Tout ce qui est prescrit aujourd\u2019hui n\u2019a pas vraiment de sens. On ne prend pas ses responsabilit\u00e9s en prenant quelque chose du \u00ab haut conseil de la sant\u00e9 \u00bb ou du ministre f\u00e9d\u00e9ral de la sant\u00e9 Frank Vandenbroucke (scandale Agusta) sans le remettre en question. Renseignez-vous sur les risques et les effets secondaires&#8230;<\/p>\n<p><strong>1er d\u00e9cembre 2025, Marita Eichten, Meilerscheid, 4760 Bullange<\/strong><\/p>\n","protected":false},"excerpt":{"rendered":"<p>Objet : Table ronde ProDG \u00ab Comment pouvons-nous all\u00e9ger la charge qui p\u00e8se sur le syst\u00e8me de sant\u00e9 ? \u00bb, le 27 novembre 2025 au<\/p>\n","protected":false},"author":1,"featured_media":2567,"comment_status":"","ping_status":"","sticky":false,"template":"","format":"standard","meta":{"footnotes":""},"categories":[298],"tags":[5780,166,76,9421,2628,5852,1663,3296,110],"class_list":["post-11656","post","type-post","status-publish","format-standard","has-post-thumbnail","hentry","category-belgique","tag-actuelle","tag-dans","tag-est","tag-impasse","tag-lettre","tag-medecine","tag-partie","tag-redaction","tag-une","generate-columns","tablet-grid-50","mobile-grid-100","grid-parent","grid-33"],"yoast_head":"<!-- This site is optimized with the Yoast SEO plugin v24.0 - https:\/\/yoast.com\/wordpress\/plugins\/seo\/ -->\n<title>LETTRE \u00c0 LA R\u00c9DACTION \u2013 La m\u00e9decine actuelle est en partie dans une impasse | Vie Associative<\/title>\n<meta name=\"robots\" content=\"index, follow, max-snippet:-1, max-image-preview:large, max-video-preview:-1\" \/>\n<link rel=\"canonical\" href=\"https:\/\/vieassociative.be\/actualites\/lettre-a-la-redaction-la-medecine-actuelle-est-en-partie-dans-une-impasse\/\" \/>\n<meta property=\"og:locale\" content=\"fr_FR\" \/>\n<meta property=\"og:type\" content=\"article\" \/>\n<meta property=\"og:title\" content=\"LETTRE \u00c0 LA R\u00c9DACTION \u2013 La m\u00e9decine actuelle est en partie dans une impasse | Vie Associative\" \/>\n<meta property=\"og:description\" content=\"Objet : Table ronde ProDG \u00ab Comment pouvons-nous all\u00e9ger la charge qui p\u00e8se sur le syst\u00e8me de sant\u00e9 ? \u00bb, le 27 novembre 2025 au\" \/>\n<meta property=\"og:url\" content=\"https:\/\/vieassociative.be\/actualites\/lettre-a-la-redaction-la-medecine-actuelle-est-en-partie-dans-une-impasse\/\" \/>\n<meta property=\"og:site_name\" content=\"Vie Associative\" \/>\n<meta property=\"article:published_time\" content=\"2025-12-02T02:17:27+00:00\" \/>\n<meta property=\"og:image\" content=\"https:\/\/vieassociative.be\/actualites\/wp-content\/uploads\/2024\/09\/header_backgroundk-01-e1726694325946.png\" \/>\n\t<meta property=\"og:image:width\" content=\"279\" \/>\n\t<meta property=\"og:image:height\" content=\"92\" \/>\n\t<meta property=\"og:image:type\" content=\"image\/png\" \/>\n<meta name=\"author\" content=\"Julien\" \/>\n<meta name=\"twitter:card\" content=\"summary_large_image\" \/>\n<meta name=\"twitter:label1\" content=\"\u00c9crit par\" \/>\n\t<meta name=\"twitter:data1\" content=\"Julien\" \/>\n\t<meta name=\"twitter:label2\" content=\"Dur\u00e9e de lecture est.\" \/>\n\t<meta name=\"twitter:data2\" content=\"4 minutes\" \/>\n<script type=\"application\/ld+json\" class=\"yoast-schema-graph\">{\"@context\":\"https:\/\/schema.org\",\"@graph\":[{\"@type\":\"Article\",\"@id\":\"https:\/\/vieassociative.be\/actualites\/lettre-a-la-redaction-la-medecine-actuelle-est-en-partie-dans-une-impasse\/#article\",\"isPartOf\":{\"@id\":\"https:\/\/vieassociative.be\/actualites\/lettre-a-la-redaction-la-medecine-actuelle-est-en-partie-dans-une-impasse\/\"},\"author\":{\"name\":\"Julien\",\"@id\":\"https:\/\/vieassociative.be\/actualites\/#\/schema\/person\/b87ac4f82f9d4e7b7cec7395b679edc4\"},\"headline\":\"LETTRE \u00c0 LA R\u00c9DACTION \u2013 La m\u00e9decine actuelle est en partie dans une impasse\",\"datePublished\":\"2025-12-02T02:17:27+00:00\",\"dateModified\":\"2025-12-02T02:17:27+00:00\",\"mainEntityOfPage\":{\"@id\":\"https:\/\/vieassociative.be\/actualites\/lettre-a-la-redaction-la-medecine-actuelle-est-en-partie-dans-une-impasse\/\"},\"wordCount\":852,\"publisher\":{\"@id\":\"https:\/\/vieassociative.be\/actualites\/#organization\"},\"image\":{\"@id\":\"https:\/\/vieassociative.be\/actualites\/lettre-a-la-redaction-la-medecine-actuelle-est-en-partie-dans-une-impasse\/#primaryimage\"},\"thumbnailUrl\":\"https:\/\/vieassociative.be\/actualites\/wp-content\/uploads\/2024\/11\/LETTRE-A-LA-REDACTION-\u2013-Audi-Bruxelles-dernier-avertissement-du.jpeg\",\"keywords\":[\"actuelle\",\"dans\",\"est\",\"impasse\",\"lettre\",\"m\u00e9decine\",\"partie\",\"R\u00c9DACTION\",\"une\"],\"articleSection\":[\"Belgique\"],\"inLanguage\":\"fr-BE\"},{\"@type\":\"WebPage\",\"@id\":\"https:\/\/vieassociative.be\/actualites\/lettre-a-la-redaction-la-medecine-actuelle-est-en-partie-dans-une-impasse\/\",\"url\":\"https:\/\/vieassociative.be\/actualites\/lettre-a-la-redaction-la-medecine-actuelle-est-en-partie-dans-une-impasse\/\",\"name\":\"LETTRE \u00c0 LA R\u00c9DACTION \u2013 La m\u00e9decine actuelle est en partie dans une impasse | Vie Associative\",\"isPartOf\":{\"@id\":\"https:\/\/vieassociative.be\/actualites\/#website\"},\"primaryImageOfPage\":{\"@id\":\"https:\/\/vieassociative.be\/actualites\/lettre-a-la-redaction-la-medecine-actuelle-est-en-partie-dans-une-impasse\/#primaryimage\"},\"image\":{\"@id\":\"https:\/\/vieassociative.be\/actualites\/lettre-a-la-redaction-la-medecine-actuelle-est-en-partie-dans-une-impasse\/#primaryimage\"},\"thumbnailUrl\":\"https:\/\/vieassociative.be\/actualites\/wp-content\/uploads\/2024\/11\/LETTRE-A-LA-REDACTION-\u2013-Audi-Bruxelles-dernier-avertissement-du.jpeg\",\"datePublished\":\"2025-12-02T02:17:27+00:00\",\"dateModified\":\"2025-12-02T02:17:27+00:00\",\"breadcrumb\":{\"@id\":\"https:\/\/vieassociative.be\/actualites\/lettre-a-la-redaction-la-medecine-actuelle-est-en-partie-dans-une-impasse\/#breadcrumb\"},\"inLanguage\":\"fr-BE\",\"potentialAction\":[{\"@type\":\"ReadAction\",\"target\":[\"https:\/\/vieassociative.be\/actualites\/lettre-a-la-redaction-la-medecine-actuelle-est-en-partie-dans-une-impasse\/\"]}]},{\"@type\":\"ImageObject\",\"inLanguage\":\"fr-BE\",\"@id\":\"https:\/\/vieassociative.be\/actualites\/lettre-a-la-redaction-la-medecine-actuelle-est-en-partie-dans-une-impasse\/#primaryimage\",\"url\":\"https:\/\/vieassociative.be\/actualites\/wp-content\/uploads\/2024\/11\/LETTRE-A-LA-REDACTION-\u2013-Audi-Bruxelles-dernier-avertissement-du.jpeg\",\"contentUrl\":\"https:\/\/vieassociative.be\/actualites\/wp-content\/uploads\/2024\/11\/LETTRE-A-LA-REDACTION-\u2013-Audi-Bruxelles-dernier-avertissement-du.jpeg\",\"width\":1024,\"height\":747,\"caption\":\"LETTRE \u00c0 LA R\u00c9DACTION \u2013 Audi Bruxelles, dernier avertissement du gouffre\"},{\"@type\":\"BreadcrumbList\",\"@id\":\"https:\/\/vieassociative.be\/actualites\/lettre-a-la-redaction-la-medecine-actuelle-est-en-partie-dans-une-impasse\/#breadcrumb\",\"itemListElement\":[{\"@type\":\"ListItem\",\"position\":1,\"name\":\"Accueil\",\"item\":\"https:\/\/vieassociative.be\/actualites\/\"},{\"@type\":\"ListItem\",\"position\":2,\"name\":\"LETTRE \u00c0 LA R\u00c9DACTION \u2013 La m\u00e9decine actuelle est en partie dans une impasse\"}]},{\"@type\":\"WebSite\",\"@id\":\"https:\/\/vieassociative.be\/actualites\/#website\",\"url\":\"https:\/\/vieassociative.be\/actualites\/\",\"name\":\"Vie Associative\",\"description\":\"\",\"publisher\":{\"@id\":\"https:\/\/vieassociative.be\/actualites\/#organization\"},\"potentialAction\":[{\"@type\":\"SearchAction\",\"target\":{\"@type\":\"EntryPoint\",\"urlTemplate\":\"https:\/\/vieassociative.be\/actualites\/?s={search_term_string}\"},\"query-input\":{\"@type\":\"PropertyValueSpecification\",\"valueRequired\":true,\"valueName\":\"search_term_string\"}}],\"inLanguage\":\"fr-BE\"},{\"@type\":\"Organization\",\"@id\":\"https:\/\/vieassociative.be\/actualites\/#organization\",\"name\":\"Vie Associative\",\"url\":\"https:\/\/vieassociative.be\/actualites\/\",\"logo\":{\"@type\":\"ImageObject\",\"inLanguage\":\"fr-BE\",\"@id\":\"https:\/\/vieassociative.be\/actualites\/#\/schema\/logo\/image\/\",\"url\":\"https:\/\/vieassociative.be\/actualites\/wp-content\/uploads\/2024\/09\/cropped-vieassociative_favicon.ico.png\",\"contentUrl\":\"https:\/\/vieassociative.be\/actualites\/wp-content\/uploads\/2024\/09\/cropped-vieassociative_favicon.ico.png\",\"width\":512,\"height\":512,\"caption\":\"Vie Associative\"},\"image\":{\"@id\":\"https:\/\/vieassociative.be\/actualites\/#\/schema\/logo\/image\/\"}},{\"@type\":\"Person\",\"@id\":\"https:\/\/vieassociative.be\/actualites\/#\/schema\/person\/b87ac4f82f9d4e7b7cec7395b679edc4\",\"name\":\"Julien\",\"image\":{\"@type\":\"ImageObject\",\"inLanguage\":\"fr-BE\",\"@id\":\"https:\/\/vieassociative.be\/actualites\/#\/schema\/person\/image\/\",\"url\":\"https:\/\/vieassociative.be\/actualites\/wp-content\/uploads\/2024\/09\/vie-associative-1-150x150.jpg\",\"contentUrl\":\"https:\/\/vieassociative.be\/actualites\/wp-content\/uploads\/2024\/09\/vie-associative-1-150x150.jpg\",\"caption\":\"Julien\"},\"description\":\"Je suis Julien, r\u00e9dacteur pour Vie Associative. Passionn\u00e9 par le monde associatif depuis plus de 10 ans, j'ai \u00e0 c\u0153ur de partager des histoires inspirantes et de mettre en lumi\u00e8re les initiatives locales. Mon objectif est de sensibiliser et d'encourager l'engagement communautaire \u00e0 travers mes articles.\",\"sameAs\":[\"https:\/\/vieassociative.be\/\"]}]}<\/script>\n<!-- \/ Yoast SEO plugin. -->","yoast_head_json":{"title":"LETTRE \u00c0 LA R\u00c9DACTION \u2013 La m\u00e9decine actuelle est en partie dans une impasse | Vie Associative","robots":{"index":"index","follow":"follow","max-snippet":"max-snippet:-1","max-image-preview":"max-image-preview:large","max-video-preview":"max-video-preview:-1"},"canonical":"https:\/\/vieassociative.be\/actualites\/lettre-a-la-redaction-la-medecine-actuelle-est-en-partie-dans-une-impasse\/","og_locale":"fr_FR","og_type":"article","og_title":"LETTRE \u00c0 LA R\u00c9DACTION \u2013 La m\u00e9decine actuelle est en partie dans une impasse | Vie Associative","og_description":"Objet : Table ronde ProDG \u00ab Comment pouvons-nous all\u00e9ger la charge qui p\u00e8se sur le syst\u00e8me de sant\u00e9 ? \u00bb, le 27 novembre 2025 au","og_url":"https:\/\/vieassociative.be\/actualites\/lettre-a-la-redaction-la-medecine-actuelle-est-en-partie-dans-une-impasse\/","og_site_name":"Vie Associative","article_published_time":"2025-12-02T02:17:27+00:00","og_image":[{"width":279,"height":92,"url":"https:\/\/vieassociative.be\/actualites\/wp-content\/uploads\/2024\/09\/header_backgroundk-01-e1726694325946.png","type":"image\/png"}],"author":"Julien","twitter_card":"summary_large_image","twitter_misc":{"\u00c9crit par":"Julien","Dur\u00e9e de lecture est.":"4 minutes"},"schema":{"@context":"https:\/\/schema.org","@graph":[{"@type":"Article","@id":"https:\/\/vieassociative.be\/actualites\/lettre-a-la-redaction-la-medecine-actuelle-est-en-partie-dans-une-impasse\/#article","isPartOf":{"@id":"https:\/\/vieassociative.be\/actualites\/lettre-a-la-redaction-la-medecine-actuelle-est-en-partie-dans-une-impasse\/"},"author":{"name":"Julien","@id":"https:\/\/vieassociative.be\/actualites\/#\/schema\/person\/b87ac4f82f9d4e7b7cec7395b679edc4"},"headline":"LETTRE \u00c0 LA R\u00c9DACTION \u2013 La m\u00e9decine actuelle est en partie dans une impasse","datePublished":"2025-12-02T02:17:27+00:00","dateModified":"2025-12-02T02:17:27+00:00","mainEntityOfPage":{"@id":"https:\/\/vieassociative.be\/actualites\/lettre-a-la-redaction-la-medecine-actuelle-est-en-partie-dans-une-impasse\/"},"wordCount":852,"publisher":{"@id":"https:\/\/vieassociative.be\/actualites\/#organization"},"image":{"@id":"https:\/\/vieassociative.be\/actualites\/lettre-a-la-redaction-la-medecine-actuelle-est-en-partie-dans-une-impasse\/#primaryimage"},"thumbnailUrl":"https:\/\/vieassociative.be\/actualites\/wp-content\/uploads\/2024\/11\/LETTRE-A-LA-REDACTION-\u2013-Audi-Bruxelles-dernier-avertissement-du.jpeg","keywords":["actuelle","dans","est","impasse","lettre","m\u00e9decine","partie","R\u00c9DACTION","une"],"articleSection":["Belgique"],"inLanguage":"fr-BE"},{"@type":"WebPage","@id":"https:\/\/vieassociative.be\/actualites\/lettre-a-la-redaction-la-medecine-actuelle-est-en-partie-dans-une-impasse\/","url":"https:\/\/vieassociative.be\/actualites\/lettre-a-la-redaction-la-medecine-actuelle-est-en-partie-dans-une-impasse\/","name":"LETTRE \u00c0 LA R\u00c9DACTION \u2013 La m\u00e9decine actuelle est en partie dans une impasse | Vie Associative","isPartOf":{"@id":"https:\/\/vieassociative.be\/actualites\/#website"},"primaryImageOfPage":{"@id":"https:\/\/vieassociative.be\/actualites\/lettre-a-la-redaction-la-medecine-actuelle-est-en-partie-dans-une-impasse\/#primaryimage"},"image":{"@id":"https:\/\/vieassociative.be\/actualites\/lettre-a-la-redaction-la-medecine-actuelle-est-en-partie-dans-une-impasse\/#primaryimage"},"thumbnailUrl":"https:\/\/vieassociative.be\/actualites\/wp-content\/uploads\/2024\/11\/LETTRE-A-LA-REDACTION-\u2013-Audi-Bruxelles-dernier-avertissement-du.jpeg","datePublished":"2025-12-02T02:17:27+00:00","dateModified":"2025-12-02T02:17:27+00:00","breadcrumb":{"@id":"https:\/\/vieassociative.be\/actualites\/lettre-a-la-redaction-la-medecine-actuelle-est-en-partie-dans-une-impasse\/#breadcrumb"},"inLanguage":"fr-BE","potentialAction":[{"@type":"ReadAction","target":["https:\/\/vieassociative.be\/actualites\/lettre-a-la-redaction-la-medecine-actuelle-est-en-partie-dans-une-impasse\/"]}]},{"@type":"ImageObject","inLanguage":"fr-BE","@id":"https:\/\/vieassociative.be\/actualites\/lettre-a-la-redaction-la-medecine-actuelle-est-en-partie-dans-une-impasse\/#primaryimage","url":"https:\/\/vieassociative.be\/actualites\/wp-content\/uploads\/2024\/11\/LETTRE-A-LA-REDACTION-\u2013-Audi-Bruxelles-dernier-avertissement-du.jpeg","contentUrl":"https:\/\/vieassociative.be\/actualites\/wp-content\/uploads\/2024\/11\/LETTRE-A-LA-REDACTION-\u2013-Audi-Bruxelles-dernier-avertissement-du.jpeg","width":1024,"height":747,"caption":"LETTRE \u00c0 LA R\u00c9DACTION \u2013 Audi Bruxelles, dernier avertissement du gouffre"},{"@type":"BreadcrumbList","@id":"https:\/\/vieassociative.be\/actualites\/lettre-a-la-redaction-la-medecine-actuelle-est-en-partie-dans-une-impasse\/#breadcrumb","itemListElement":[{"@type":"ListItem","position":1,"name":"Accueil","item":"https:\/\/vieassociative.be\/actualites\/"},{"@type":"ListItem","position":2,"name":"LETTRE \u00c0 LA R\u00c9DACTION \u2013 La m\u00e9decine actuelle est en partie dans une impasse"}]},{"@type":"WebSite","@id":"https:\/\/vieassociative.be\/actualites\/#website","url":"https:\/\/vieassociative.be\/actualites\/","name":"Vie Associative","description":"","publisher":{"@id":"https:\/\/vieassociative.be\/actualites\/#organization"},"potentialAction":[{"@type":"SearchAction","target":{"@type":"EntryPoint","urlTemplate":"https:\/\/vieassociative.be\/actualites\/?s={search_term_string}"},"query-input":{"@type":"PropertyValueSpecification","valueRequired":true,"valueName":"search_term_string"}}],"inLanguage":"fr-BE"},{"@type":"Organization","@id":"https:\/\/vieassociative.be\/actualites\/#organization","name":"Vie Associative","url":"https:\/\/vieassociative.be\/actualites\/","logo":{"@type":"ImageObject","inLanguage":"fr-BE","@id":"https:\/\/vieassociative.be\/actualites\/#\/schema\/logo\/image\/","url":"https:\/\/vieassociative.be\/actualites\/wp-content\/uploads\/2024\/09\/cropped-vieassociative_favicon.ico.png","contentUrl":"https:\/\/vieassociative.be\/actualites\/wp-content\/uploads\/2024\/09\/cropped-vieassociative_favicon.ico.png","width":512,"height":512,"caption":"Vie Associative"},"image":{"@id":"https:\/\/vieassociative.be\/actualites\/#\/schema\/logo\/image\/"}},{"@type":"Person","@id":"https:\/\/vieassociative.be\/actualites\/#\/schema\/person\/b87ac4f82f9d4e7b7cec7395b679edc4","name":"Julien","image":{"@type":"ImageObject","inLanguage":"fr-BE","@id":"https:\/\/vieassociative.be\/actualites\/#\/schema\/person\/image\/","url":"https:\/\/vieassociative.be\/actualites\/wp-content\/uploads\/2024\/09\/vie-associative-1-150x150.jpg","contentUrl":"https:\/\/vieassociative.be\/actualites\/wp-content\/uploads\/2024\/09\/vie-associative-1-150x150.jpg","caption":"Julien"},"description":"Je suis Julien, r\u00e9dacteur pour Vie Associative. Passionn\u00e9 par le monde associatif depuis plus de 10 ans, j'ai \u00e0 c\u0153ur de partager des histoires inspirantes et de mettre en lumi\u00e8re les initiatives locales. Mon objectif est de sensibiliser et d'encourager l'engagement communautaire \u00e0 travers mes articles.","sameAs":["https:\/\/vieassociative.be\/"]}]}},"_links":{"self":[{"href":"https:\/\/vieassociative.be\/actualites\/wp-json\/wp\/v2\/posts\/11656"}],"collection":[{"href":"https:\/\/vieassociative.be\/actualites\/wp-json\/wp\/v2\/posts"}],"about":[{"href":"https:\/\/vieassociative.be\/actualites\/wp-json\/wp\/v2\/types\/post"}],"author":[{"embeddable":true,"href":"https:\/\/vieassociative.be\/actualites\/wp-json\/wp\/v2\/users\/1"}],"replies":[{"embeddable":true,"href":"https:\/\/vieassociative.be\/actualites\/wp-json\/wp\/v2\/comments?post=11656"}],"version-history":[{"count":0,"href":"https:\/\/vieassociative.be\/actualites\/wp-json\/wp\/v2\/posts\/11656\/revisions"}],"wp:featuredmedia":[{"embeddable":true,"href":"https:\/\/vieassociative.be\/actualites\/wp-json\/wp\/v2\/media\/2567"}],"wp:attachment":[{"href":"https:\/\/vieassociative.be\/actualites\/wp-json\/wp\/v2\/media?parent=11656"}],"wp:term":[{"taxonomy":"category","embeddable":true,"href":"https:\/\/vieassociative.be\/actualites\/wp-json\/wp\/v2\/categories?post=11656"},{"taxonomy":"post_tag","embeddable":true,"href":"https:\/\/vieassociative.be\/actualites\/wp-json\/wp\/v2\/tags?post=11656"}],"curies":[{"name":"wp","href":"https:\/\/api.w.org\/{rel}","templated":true}]}}