{"id":11652,"date":"2025-12-01T21:17:35","date_gmt":"2025-12-01T20:17:35","guid":{"rendered":"https:\/\/vieassociative.be\/actualites\/annee-fatidique-2026-la-democratie-est-elle-terminee\/"},"modified":"2025-12-01T21:17:35","modified_gmt":"2025-12-01T20:17:35","slug":"annee-fatidique-2026-la-democratie-est-elle-terminee","status":"publish","type":"post","link":"https:\/\/vieassociative.be\/actualites\/annee-fatidique-2026-la-democratie-est-elle-terminee\/","title":{"rendered":"Ann\u00e9e fatidique 2026 \u2013 la d\u00e9mocratie est-elle termin\u00e9e ?"},"content":{"rendered":"<p><strong>La d\u00e9mocratie est sous pression dans le monde entier. Aux \u00c9tats-Unis, les \u00e9lections l\u00e9gislatives de l&rsquo;ann\u00e9e prochaine risquent d&rsquo;\u00eatre d\u00e9cisives. Pourquoi les experts sont tr\u00e8s inquiets.<\/strong><\/p>\n<p><span id=\"more-430819\"><\/span>Donald Trump a toujours recherch\u00e9 l\u2019attention du public. Selon le r\u00e9alisateur Chris Columbus, lorsque la suite du blockbuster hollywoodien \u00ab Home Alone \u00bb a \u00e9t\u00e9 tourn\u00e9e dans l&rsquo;un de ses h\u00f4tels de luxe en 1992, il a pos\u00e9 la condition : \u00ab Vous ne pouvez utiliser le Plaza que si j&rsquo;apparais dans le film \u00bb.<\/p>\n<div id=\"attachment_430325\" class=\"wp-caption alignleft\" style=\"max-width: 300px\"><img fetchpriority=\"high\" decoding=\"async\" class=\"wp-image-430325 size-medium\" src=\"https:\/\/vieassociative.be\/actualites\/wp-content\/uploads\/2025\/12\/Annee-fatidique-2026-\u2013-la-democratie-est-elle-terminee.jpg\" alt=\"\" width=\"300\" height=\"199\"  ><\/div>\n<p>C&rsquo;est ainsi qu&rsquo;il a obtenu une apparition dans le classique de No\u00ebl, toujours populaire aujourd&rsquo;hui. Le petit Kevin se prom\u00e8ne dans l&rsquo;h\u00f4tel et demande son chemin \u00e0 un homme. Ce type, reconnaissable \u00e0 l&rsquo;\u00e9poque gr\u00e2ce \u00e0 ses cheveux blonds et sa cravate rouge, bien que toujours sans teint orange, se tourne bri\u00e8vement vers lui et lui montre la direction.<\/p>\n<p>Aujourd\u2019hui, la sc\u00e8ne appara\u00eet comme un signal d\u2019alarme : Trump montre la voie, fixe le cap. En 1992, ann\u00e9e de sortie du film, son ascension finale d\u00e9passait toute imagination. L\u2019Union sovi\u00e9tique venait de se dissoudre et les dictatures du monde entier s\u2019effondraient. On supposait que la d\u00e9mocratie lib\u00e9rale bas\u00e9e sur le mod\u00e8le occidental allait d\u00e9sormais s&rsquo;imposer de mani\u00e8re g\u00e9n\u00e9rale &#8211; \u00ab\u00a0la fin de l&rsquo;histoire\u00a0\u00bb a m\u00eame \u00e9t\u00e9 proclam\u00e9e. Une fin heureuse pour toujours ?<\/p>\n<p>Le monde est plong\u00e9 dans une r\u00e9cession d\u00e9mocratique depuis 2006 : il est d\u00e9sormais clair que ce fut une terrible erreur. Le processus de d\u00e9mocratisation \u00e0 cette \u00e9poque s&rsquo;est invers\u00e9 &#8211; selon l&rsquo;organisation non gouvernementale Freedom House, le renversement de tendance s&rsquo;est produit en 2006. Depuis cette ann\u00e9e, le nombre de pays dans lesquels la d\u00e9mocratie progresse a toujours \u00e9t\u00e9 inf\u00e9rieur au nombre d&rsquo;\u00c9tats dans lesquels la d\u00e9-d\u00e9mocratisation a lieu. L\u2019\u00ab Economist \u00bb britannique, qui \u00e9tablit chaque ann\u00e9e un indice de la d\u00e9mocratie, voit \u00e9galement le monde dans une \u00ab r\u00e9cession d\u00e9mocratique \u00bb depuis 2006.<\/p>\n<p><strong>\u2013 Les autocraties sont en hausse :<\/strong> L\u2019exemple le plus d\u00e9primant est celui de la Russie. En 1992, les Occidentaux pensaient encore que le pays resterait d\u00e9finitivement parmi les grandes d\u00e9mocraties. Mais le capitalisme pr\u00e9dateur, sans intervention r\u00e9gulatrice de l\u2019\u00c9tat, a conduit dans les ann\u00e9es 1990 \u00e0 l\u2019appauvrissement de pans entiers de la population, si bien que l\u2019actuel dirigeant du Kremlin, Vladimir Poutine, a pu se pr\u00e9senter avec succ\u00e8s comme une figure de sauveur.<\/p>\n<div id=\"attachment_430823\" class=\"wp-caption alignleft\" style=\"max-width: 300px\"><img decoding=\"async\" class=\"wp-image-430823 size-medium\" src=\"https:\/\/vieassociative.be\/actualites\/wp-content\/uploads\/2025\/12\/1764620255_994_Annee-fatidique-2026-\u2013-la-democratie-est-elle-terminee.jpg\" alt=\"\" width=\"300\" height=\"200\"><\/div>\n<p><strong>\u2013 Peut-\u00eatre la derni\u00e8re chance d\u2019arr\u00eater Trump :<\/strong> Vu \u00e0 travers le prisme de 1992, l&rsquo;\u00e9volution des \u00c9tats-Unis ressemble \u00e0 un thriller politique exag\u00e9r\u00e9 avec des \u00e9l\u00e9ments de com\u00e9die noire profonde : la plus ancienne d\u00e9mocratie du monde, existant depuis 1776, d\u00e9rive vers l&rsquo;autocratie depuis le d\u00e9but du deuxi\u00e8me mandat de Trump. L\u2019ancien ministre allemand des Affaires \u00e9trang\u00e8res Joschka Fischer consid\u00e8re d\u00e9sormais le pays comme une \u00ab d\u00e9mocratie limite \u00bb. Fischer a d\u00e9clar\u00e9 cette ann\u00e9e \u00e0 l&rsquo;agence de presse allemande qu&rsquo;il \u00e9tait extr\u00eamement p\u00e9nible pour lui d&rsquo;observer ce processus. \u00ab\u00a0Je suis en classe 48, ce qui veut dire que c&rsquo;est mon monde qui va s&rsquo;effondrer en ce moment.\u00a0\u00bb<\/p>\n<p>L\u2019historien britannique et laur\u00e9at du prix Charlemagne Timothy Garton Ash a mis en garde dans un article invit\u00e9 du \u00ab SZ \u00bb en septembre : \u00ab Il reste 400 jours pour sauver la d\u00e9mocratie am\u00e9ricaine. \u00bb Si les d\u00e9mocrates ne parviennent pas \u00e0 reprendre le contr\u00f4le de la Chambre des repr\u00e9sentants lors des \u00e9lections l\u00e9gislatives du 3 novembre 2026, il sera difficile d\u2019arr\u00eater le d\u00e9clin de la d\u00e9mocratie lib\u00e9rale.<\/p>\n<p>Dans l&rsquo;Union europ\u00e9enne, qui ne repr\u00e9sente qu&rsquo;environ 5,5 % de la population mondiale, les partis populistes de droite et les partis d&rsquo;extr\u00eame droite sont en hausse. En Allemagne, 2025 restera dans les m\u00e9moires comme l\u2019ann\u00e9e o\u00f9 l\u2019AfD est arriv\u00e9e pour la premi\u00e8re fois en t\u00eate des sondages nationaux. En Saxe-Anhalt, l&rsquo;un des cinq L\u00e4nder dans lesquels des \u00e9lections auront lieu l&rsquo;ann\u00e9e prochaine, le parti class\u00e9 comme extr\u00e9miste de droite par l&rsquo;Office national de protection de la Constitution a obtenu 40 pour cent dans une enqu\u00eate de l&rsquo;Insa en octobre.<\/p>\n<p><strong>\u2013 La Chine d\u00e9passe les d\u00e9mocraties :<\/strong> \u00ab\u00a0La menace contre la d\u00e9mocratie lib\u00e9rale est plus grave que jamais\u00a0\u00bb, estime le sociologue Steffen Mau. Le natif de Rostock, qui travaille actuellement sur le livre \u00ab Le grand bouleversement \u00bb, s&rsquo;inqui\u00e8te profond\u00e9ment dans l&rsquo;interview de la dpa : \u00ab Je pense que notre d\u00e9mocratie peut encore survivre longtemps, mais elle est devenue trop rigide dans de nombreux endroits. \u00bb<\/p>\n<div id=\"attachment_430824\" class=\"wp-caption alignleft\" style=\"max-width: 300px\"><img decoding=\"async\" class=\"wp-image-430824 size-medium\" src=\"https:\/\/vieassociative.be\/actualites\/wp-content\/uploads\/2025\/12\/1764620255_136_Annee-fatidique-2026-\u2013-la-democratie-est-elle-terminee.jpg\" alt=\"\" width=\"300\" height=\"200\"><\/div>\n<p>Ces derni\u00e8res ann\u00e9es, dit Mau, l\u2019attitude du \u00ab ils ne peuvent pas le faire \u00bb est devenue plus ancr\u00e9e en mati\u00e8re politique. La confiance dans la capacit\u00e9 politique encore \u00e0 apporter des changements positifs a disparu. Mais si la promesse d\u2019avancement ne tient plus, cela constituerait \u00ab une \u00e9norme opportunit\u00e9 pour les forces populistes \u00bb.<\/p>\n<p>Des scientifiques comme Mau se demandent ce qui se passerait si la Chine d\u00e9passait l\u2019Allemagne en termes de prosp\u00e9rit\u00e9. La Chine a d\u00e9j\u00e0 r\u00e9fut\u00e9 deux hypoth\u00e8ses des sciences sociales : premi\u00e8rement, seules les soci\u00e9t\u00e9s libres peuvent r\u00e9ussir \u00e9conomiquement \u00e0 long terme parce qu\u2019elles sont les seules \u00e0 \u00eatre v\u00e9ritablement innovantes. Et deuxi\u00e8mement, l\u2019augmentation de la prosp\u00e9rit\u00e9 entra\u00eene presque automatiquement la d\u00e9mocratisation parce que la classe moyenne croissante veut partager le pouvoir.<\/p>\n<p>Mau fait r\u00e9f\u00e9rence au \u00ab\u00a0Nature Index\u00a0\u00bb, un classement r\u00e9cemment publi\u00e9 des institutions ayant publi\u00e9 le plus de publications dans les revues scientifiques les plus importantes : \u00ab\u00a0Huit des dix premi\u00e8res places \u00e9taient occup\u00e9es par des institutions chinoises. L&rsquo;Universit\u00e9 de Harvard \u00e9tait en deuxi\u00e8me position, la Soci\u00e9t\u00e9 Max Planck en 10\u00e8me place, tout le reste \u00e9tait chinois.\u00a0\u00bb La situation est similaire avec les brevets ou les innovations technologiques. \u00ab L\u2019\u00e9lan venant de Chine est \u00e9norme. \u00bb<\/p>\n<p>Il ne faut pas se faire d&rsquo;illusions en mati\u00e8re de d\u00e9mocratie : pour de nombreuses personnes, la prosp\u00e9rit\u00e9 est au moins aussi importante que les valeurs de libert\u00e9 ou la possibilit\u00e9 de participer \u00e0 la politique, explique Mau. \u00abIl est donc essentiel que nous parvenions \u00e0 nouveau \u00e0 un d\u00e9veloppement \u00e9conomique avantageux auquel participent de larges couches de la population.\u00bb<\/p>\n<p>Pour l\u2019historien Christoph Nonn, r\u00e9dacteur en chef du livre \u00ab How Democracies End \u00bb, le terme cl\u00e9 est \u00ab d\u00e9mence d\u00e9mocratique \u00bb. En cons\u00e9quence, dans une d\u00e9mocratie, au fil du temps, les gens ont tendance \u00e0 consid\u00e9rer leurs libert\u00e9s comme acquises, mais se sentent agac\u00e9s par la lenteur des processus d\u00e9mocratiques.<\/p>\n<div id=\"attachment_430826\" class=\"wp-caption alignleft\" style=\"max-width: 300px\"><img loading=\"lazy\" decoding=\"async\" class=\"wp-image-430826 size-medium\" src=\"https:\/\/vieassociative.be\/actualites\/wp-content\/uploads\/2025\/12\/1764620255_909_Annee-fatidique-2026-\u2013-la-democratie-est-elle-terminee.jpg\" alt=\"\" width=\"300\" height=\"204\"><\/div>\n<p><strong>\u2013 La d\u00e9mocratie est-elle un mod\u00e8le obsol\u00e8te ?<\/strong> Nonn est pessimiste quant \u00e0 l\u2019avenir proche, mais il ne croit pas que les d\u00e9mocraties dispara\u00eetront d\u00e9finitivement. \u00ab\u00a0Nous le constatons particuli\u00e8rement dans des pays comme la Turquie ou la Hongrie : une majorit\u00e9 souhaite se d\u00e9barrasser du dirigeant autocratique parce qu&rsquo;il s&rsquo;av\u00e8re qu&rsquo;il ne peut pas r\u00e9soudre les probl\u00e8mes. Cependant, la question est toujours de savoir si un retour \u00e0 une d\u00e9mocratie compl\u00e8te est m\u00eame possible.\u00a0\u00bb En Turquie, le rival le plus prometteur du pr\u00e9sident Recep Tayyip Erdogan, le maire d&rsquo;Istanbul, Ekrem Imamoglu, a disparu en prison il y a plusieurs mois.<\/p>\n<p>C\u2019est \u00e9galement l\u00e0 qu\u2019intervient Marcel Dirsus, auteur du livre \u00ab Comment les dictateurs tombent et comment les d\u00e9mocrates peuvent gagner \u00bb. \u00ab Je ne crois en aucun cas que la d\u00e9mocratie lib\u00e9rale soit un mod\u00e8le abandonn\u00e9 \u00bb, affirme avec une grande certitude le politologue. \u00ab En g\u00e9n\u00e9ral, les dictatures sont beaucoup plus sujettes aux erreurs parce qu\u2019il n\u2019y a qu\u2019une petite clique de personnes au pouvoir qui prennent les d\u00e9cisions. \u00bb<\/p>\n<p>Dirsus met \u00e9galement en garde contre le fait de consid\u00e9rer la politique allemande en g\u00e9n\u00e9ral comme incomp\u00e9tente : \u00ab\u00a0Pensons \u00e0 l&rsquo;ann\u00e9e 2022, o\u00f9, \u00e0 la suite de l&rsquo;attaque russe contre l&rsquo;Ukraine et de l&rsquo;arr\u00eat des livraisons de gaz, il semblait que nous devions geler l&rsquo;hiver. Nos dirigeants \u00e0 tous les niveaux se sont assis et ont agi. Avec succ\u00e8s. Si l&rsquo;endroit est vraiment en feu, alors nous le pouvons.\u00a0\u00bb (dpa)<\/p>\n","protected":false},"excerpt":{"rendered":"<p>La d\u00e9mocratie est sous pression dans le monde entier. Aux \u00c9tats-Unis, les \u00e9lections l\u00e9gislatives de l&rsquo;ann\u00e9e prochaine risquent d&rsquo;\u00eatre d\u00e9cisives. Pourquoi les experts sont tr\u00e8s<\/p>\n","protected":false},"author":1,"featured_media":11653,"comment_status":"","ping_status":"","sticky":false,"template":"","format":"standard","meta":{"footnotes":""},"categories":[298],"tags":[549,4768,1413,9418,3120],"class_list":["post-11652","post","type-post","status-publish","format-standard","has-post-thumbnail","hentry","category-belgique","tag-annee","tag-democratie","tag-estelle","tag-fatidique","tag-terminee","generate-columns","tablet-grid-50","mobile-grid-100","grid-parent","grid-33"],"yoast_head":"<!-- This site is optimized with the Yoast SEO plugin v24.0 - https:\/\/yoast.com\/wordpress\/plugins\/seo\/ -->\n<title>Ann\u00e9e fatidique 2026 \u2013 la d\u00e9mocratie est-elle termin\u00e9e ? | Vie Associative<\/title>\n<meta name=\"robots\" content=\"index, follow, max-snippet:-1, max-image-preview:large, max-video-preview:-1\" \/>\n<link rel=\"canonical\" href=\"https:\/\/vieassociative.be\/actualites\/annee-fatidique-2026-la-democratie-est-elle-terminee\/\" \/>\n<meta property=\"og:locale\" content=\"fr_FR\" \/>\n<meta property=\"og:type\" content=\"article\" \/>\n<meta property=\"og:title\" content=\"Ann\u00e9e fatidique 2026 \u2013 la d\u00e9mocratie est-elle termin\u00e9e ? | Vie Associative\" \/>\n<meta property=\"og:description\" content=\"La d\u00e9mocratie est sous pression dans le monde entier. Aux \u00c9tats-Unis, les \u00e9lections l\u00e9gislatives de l&rsquo;ann\u00e9e prochaine risquent d&rsquo;\u00eatre d\u00e9cisives. Pourquoi les experts sont tr\u00e8s\" \/>\n<meta property=\"og:url\" content=\"https:\/\/vieassociative.be\/actualites\/annee-fatidique-2026-la-democratie-est-elle-terminee\/\" \/>\n<meta property=\"og:site_name\" content=\"Vie Associative\" \/>\n<meta property=\"article:published_time\" content=\"2025-12-01T20:17:35+00:00\" \/>\n<meta property=\"og:image\" content=\"https:\/\/vieassociative.be\/actualites\/wp-content\/uploads\/2024\/09\/header_backgroundk-01-e1726694325946.png\" \/>\n\t<meta property=\"og:image:width\" content=\"279\" \/>\n\t<meta property=\"og:image:height\" content=\"92\" \/>\n\t<meta property=\"og:image:type\" content=\"image\/png\" \/>\n<meta name=\"author\" content=\"Julien\" \/>\n<meta name=\"twitter:card\" content=\"summary_large_image\" \/>\n<meta name=\"twitter:label1\" content=\"\u00c9crit par\" \/>\n\t<meta name=\"twitter:data1\" content=\"Julien\" \/>\n\t<meta name=\"twitter:label2\" content=\"Dur\u00e9e de lecture est.\" \/>\n\t<meta name=\"twitter:data2\" content=\"7 minutes\" \/>\n<script type=\"application\/ld+json\" class=\"yoast-schema-graph\">{\"@context\":\"https:\/\/schema.org\",\"@graph\":[{\"@type\":\"Article\",\"@id\":\"https:\/\/vieassociative.be\/actualites\/annee-fatidique-2026-la-democratie-est-elle-terminee\/#article\",\"isPartOf\":{\"@id\":\"https:\/\/vieassociative.be\/actualites\/annee-fatidique-2026-la-democratie-est-elle-terminee\/\"},\"author\":{\"name\":\"Julien\",\"@id\":\"https:\/\/vieassociative.be\/actualites\/#\/schema\/person\/b87ac4f82f9d4e7b7cec7395b679edc4\"},\"headline\":\"Ann\u00e9e fatidique 2026 \u2013 la d\u00e9mocratie est-elle termin\u00e9e ?\",\"datePublished\":\"2025-12-01T20:17:35+00:00\",\"dateModified\":\"2025-12-01T20:17:35+00:00\",\"mainEntityOfPage\":{\"@id\":\"https:\/\/vieassociative.be\/actualites\/annee-fatidique-2026-la-democratie-est-elle-terminee\/\"},\"wordCount\":1421,\"publisher\":{\"@id\":\"https:\/\/vieassociative.be\/actualites\/#organization\"},\"image\":{\"@id\":\"https:\/\/vieassociative.be\/actualites\/annee-fatidique-2026-la-democratie-est-elle-terminee\/#primaryimage\"},\"thumbnailUrl\":\"https:\/\/vieassociative.be\/actualites\/wp-content\/uploads\/2025\/12\/1764620256_Annee-fatidique-2026-\u2013-la-democratie-est-elle-terminee.jpg\",\"keywords\":[\"ann\u00e9e\",\"d\u00e9mocratie\",\"estelle\",\"fatidique\",\"termin\u00e9e\"],\"articleSection\":[\"Belgique\"],\"inLanguage\":\"fr-BE\"},{\"@type\":\"WebPage\",\"@id\":\"https:\/\/vieassociative.be\/actualites\/annee-fatidique-2026-la-democratie-est-elle-terminee\/\",\"url\":\"https:\/\/vieassociative.be\/actualites\/annee-fatidique-2026-la-democratie-est-elle-terminee\/\",\"name\":\"Ann\u00e9e fatidique 2026 \u2013 la d\u00e9mocratie est-elle termin\u00e9e ? | Vie Associative\",\"isPartOf\":{\"@id\":\"https:\/\/vieassociative.be\/actualites\/#website\"},\"primaryImageOfPage\":{\"@id\":\"https:\/\/vieassociative.be\/actualites\/annee-fatidique-2026-la-democratie-est-elle-terminee\/#primaryimage\"},\"image\":{\"@id\":\"https:\/\/vieassociative.be\/actualites\/annee-fatidique-2026-la-democratie-est-elle-terminee\/#primaryimage\"},\"thumbnailUrl\":\"https:\/\/vieassociative.be\/actualites\/wp-content\/uploads\/2025\/12\/1764620256_Annee-fatidique-2026-\u2013-la-democratie-est-elle-terminee.jpg\",\"datePublished\":\"2025-12-01T20:17:35+00:00\",\"dateModified\":\"2025-12-01T20:17:35+00:00\",\"breadcrumb\":{\"@id\":\"https:\/\/vieassociative.be\/actualites\/annee-fatidique-2026-la-democratie-est-elle-terminee\/#breadcrumb\"},\"inLanguage\":\"fr-BE\",\"potentialAction\":[{\"@type\":\"ReadAction\",\"target\":[\"https:\/\/vieassociative.be\/actualites\/annee-fatidique-2026-la-democratie-est-elle-terminee\/\"]}]},{\"@type\":\"ImageObject\",\"inLanguage\":\"fr-BE\",\"@id\":\"https:\/\/vieassociative.be\/actualites\/annee-fatidique-2026-la-democratie-est-elle-terminee\/#primaryimage\",\"url\":\"https:\/\/vieassociative.be\/actualites\/wp-content\/uploads\/2025\/12\/1764620256_Annee-fatidique-2026-\u2013-la-democratie-est-elle-terminee.jpg\",\"contentUrl\":\"https:\/\/vieassociative.be\/actualites\/wp-content\/uploads\/2025\/12\/1764620256_Annee-fatidique-2026-\u2013-la-democratie-est-elle-terminee.jpg\",\"width\":1200,\"height\":800,\"caption\":\"Ann\u00e9e fatidique 2026 \u2013 la d\u00e9mocratie est-elle termin\u00e9e ?\"},{\"@type\":\"BreadcrumbList\",\"@id\":\"https:\/\/vieassociative.be\/actualites\/annee-fatidique-2026-la-democratie-est-elle-terminee\/#breadcrumb\",\"itemListElement\":[{\"@type\":\"ListItem\",\"position\":1,\"name\":\"Accueil\",\"item\":\"https:\/\/vieassociative.be\/actualites\/\"},{\"@type\":\"ListItem\",\"position\":2,\"name\":\"Ann\u00e9e fatidique 2026 \u2013 la d\u00e9mocratie est-elle termin\u00e9e ?\"}]},{\"@type\":\"WebSite\",\"@id\":\"https:\/\/vieassociative.be\/actualites\/#website\",\"url\":\"https:\/\/vieassociative.be\/actualites\/\",\"name\":\"Vie Associative\",\"description\":\"\",\"publisher\":{\"@id\":\"https:\/\/vieassociative.be\/actualites\/#organization\"},\"potentialAction\":[{\"@type\":\"SearchAction\",\"target\":{\"@type\":\"EntryPoint\",\"urlTemplate\":\"https:\/\/vieassociative.be\/actualites\/?s={search_term_string}\"},\"query-input\":{\"@type\":\"PropertyValueSpecification\",\"valueRequired\":true,\"valueName\":\"search_term_string\"}}],\"inLanguage\":\"fr-BE\"},{\"@type\":\"Organization\",\"@id\":\"https:\/\/vieassociative.be\/actualites\/#organization\",\"name\":\"Vie Associative\",\"url\":\"https:\/\/vieassociative.be\/actualites\/\",\"logo\":{\"@type\":\"ImageObject\",\"inLanguage\":\"fr-BE\",\"@id\":\"https:\/\/vieassociative.be\/actualites\/#\/schema\/logo\/image\/\",\"url\":\"https:\/\/vieassociative.be\/actualites\/wp-content\/uploads\/2024\/09\/cropped-vieassociative_favicon.ico.png\",\"contentUrl\":\"https:\/\/vieassociative.be\/actualites\/wp-content\/uploads\/2024\/09\/cropped-vieassociative_favicon.ico.png\",\"width\":512,\"height\":512,\"caption\":\"Vie Associative\"},\"image\":{\"@id\":\"https:\/\/vieassociative.be\/actualites\/#\/schema\/logo\/image\/\"}},{\"@type\":\"Person\",\"@id\":\"https:\/\/vieassociative.be\/actualites\/#\/schema\/person\/b87ac4f82f9d4e7b7cec7395b679edc4\",\"name\":\"Julien\",\"image\":{\"@type\":\"ImageObject\",\"inLanguage\":\"fr-BE\",\"@id\":\"https:\/\/vieassociative.be\/actualites\/#\/schema\/person\/image\/\",\"url\":\"https:\/\/vieassociative.be\/actualites\/wp-content\/uploads\/2024\/09\/vie-associative-1-150x150.jpg\",\"contentUrl\":\"https:\/\/vieassociative.be\/actualites\/wp-content\/uploads\/2024\/09\/vie-associative-1-150x150.jpg\",\"caption\":\"Julien\"},\"description\":\"Je suis Julien, r\u00e9dacteur pour Vie Associative. Passionn\u00e9 par le monde associatif depuis plus de 10 ans, j'ai \u00e0 c\u0153ur de partager des histoires inspirantes et de mettre en lumi\u00e8re les initiatives locales. Mon objectif est de sensibiliser et d'encourager l'engagement communautaire \u00e0 travers mes articles.\",\"sameAs\":[\"https:\/\/vieassociative.be\/\"]}]}<\/script>\n<!-- \/ Yoast SEO plugin. -->","yoast_head_json":{"title":"Ann\u00e9e fatidique 2026 \u2013 la d\u00e9mocratie est-elle termin\u00e9e ? | Vie Associative","robots":{"index":"index","follow":"follow","max-snippet":"max-snippet:-1","max-image-preview":"max-image-preview:large","max-video-preview":"max-video-preview:-1"},"canonical":"https:\/\/vieassociative.be\/actualites\/annee-fatidique-2026-la-democratie-est-elle-terminee\/","og_locale":"fr_FR","og_type":"article","og_title":"Ann\u00e9e fatidique 2026 \u2013 la d\u00e9mocratie est-elle termin\u00e9e ? | Vie Associative","og_description":"La d\u00e9mocratie est sous pression dans le monde entier. Aux \u00c9tats-Unis, les \u00e9lections l\u00e9gislatives de l&rsquo;ann\u00e9e prochaine risquent d&rsquo;\u00eatre d\u00e9cisives. Pourquoi les experts sont tr\u00e8s","og_url":"https:\/\/vieassociative.be\/actualites\/annee-fatidique-2026-la-democratie-est-elle-terminee\/","og_site_name":"Vie Associative","article_published_time":"2025-12-01T20:17:35+00:00","og_image":[{"width":279,"height":92,"url":"https:\/\/vieassociative.be\/actualites\/wp-content\/uploads\/2024\/09\/header_backgroundk-01-e1726694325946.png","type":"image\/png"}],"author":"Julien","twitter_card":"summary_large_image","twitter_misc":{"\u00c9crit par":"Julien","Dur\u00e9e de lecture est.":"7 minutes"},"schema":{"@context":"https:\/\/schema.org","@graph":[{"@type":"Article","@id":"https:\/\/vieassociative.be\/actualites\/annee-fatidique-2026-la-democratie-est-elle-terminee\/#article","isPartOf":{"@id":"https:\/\/vieassociative.be\/actualites\/annee-fatidique-2026-la-democratie-est-elle-terminee\/"},"author":{"name":"Julien","@id":"https:\/\/vieassociative.be\/actualites\/#\/schema\/person\/b87ac4f82f9d4e7b7cec7395b679edc4"},"headline":"Ann\u00e9e fatidique 2026 \u2013 la d\u00e9mocratie est-elle termin\u00e9e ?","datePublished":"2025-12-01T20:17:35+00:00","dateModified":"2025-12-01T20:17:35+00:00","mainEntityOfPage":{"@id":"https:\/\/vieassociative.be\/actualites\/annee-fatidique-2026-la-democratie-est-elle-terminee\/"},"wordCount":1421,"publisher":{"@id":"https:\/\/vieassociative.be\/actualites\/#organization"},"image":{"@id":"https:\/\/vieassociative.be\/actualites\/annee-fatidique-2026-la-democratie-est-elle-terminee\/#primaryimage"},"thumbnailUrl":"https:\/\/vieassociative.be\/actualites\/wp-content\/uploads\/2025\/12\/1764620256_Annee-fatidique-2026-\u2013-la-democratie-est-elle-terminee.jpg","keywords":["ann\u00e9e","d\u00e9mocratie","estelle","fatidique","termin\u00e9e"],"articleSection":["Belgique"],"inLanguage":"fr-BE"},{"@type":"WebPage","@id":"https:\/\/vieassociative.be\/actualites\/annee-fatidique-2026-la-democratie-est-elle-terminee\/","url":"https:\/\/vieassociative.be\/actualites\/annee-fatidique-2026-la-democratie-est-elle-terminee\/","name":"Ann\u00e9e fatidique 2026 \u2013 la d\u00e9mocratie est-elle termin\u00e9e ? | Vie Associative","isPartOf":{"@id":"https:\/\/vieassociative.be\/actualites\/#website"},"primaryImageOfPage":{"@id":"https:\/\/vieassociative.be\/actualites\/annee-fatidique-2026-la-democratie-est-elle-terminee\/#primaryimage"},"image":{"@id":"https:\/\/vieassociative.be\/actualites\/annee-fatidique-2026-la-democratie-est-elle-terminee\/#primaryimage"},"thumbnailUrl":"https:\/\/vieassociative.be\/actualites\/wp-content\/uploads\/2025\/12\/1764620256_Annee-fatidique-2026-\u2013-la-democratie-est-elle-terminee.jpg","datePublished":"2025-12-01T20:17:35+00:00","dateModified":"2025-12-01T20:17:35+00:00","breadcrumb":{"@id":"https:\/\/vieassociative.be\/actualites\/annee-fatidique-2026-la-democratie-est-elle-terminee\/#breadcrumb"},"inLanguage":"fr-BE","potentialAction":[{"@type":"ReadAction","target":["https:\/\/vieassociative.be\/actualites\/annee-fatidique-2026-la-democratie-est-elle-terminee\/"]}]},{"@type":"ImageObject","inLanguage":"fr-BE","@id":"https:\/\/vieassociative.be\/actualites\/annee-fatidique-2026-la-democratie-est-elle-terminee\/#primaryimage","url":"https:\/\/vieassociative.be\/actualites\/wp-content\/uploads\/2025\/12\/1764620256_Annee-fatidique-2026-\u2013-la-democratie-est-elle-terminee.jpg","contentUrl":"https:\/\/vieassociative.be\/actualites\/wp-content\/uploads\/2025\/12\/1764620256_Annee-fatidique-2026-\u2013-la-democratie-est-elle-terminee.jpg","width":1200,"height":800,"caption":"Ann\u00e9e fatidique 2026 \u2013 la d\u00e9mocratie est-elle termin\u00e9e ?"},{"@type":"BreadcrumbList","@id":"https:\/\/vieassociative.be\/actualites\/annee-fatidique-2026-la-democratie-est-elle-terminee\/#breadcrumb","itemListElement":[{"@type":"ListItem","position":1,"name":"Accueil","item":"https:\/\/vieassociative.be\/actualites\/"},{"@type":"ListItem","position":2,"name":"Ann\u00e9e fatidique 2026 \u2013 la d\u00e9mocratie est-elle termin\u00e9e ?"}]},{"@type":"WebSite","@id":"https:\/\/vieassociative.be\/actualites\/#website","url":"https:\/\/vieassociative.be\/actualites\/","name":"Vie Associative","description":"","publisher":{"@id":"https:\/\/vieassociative.be\/actualites\/#organization"},"potentialAction":[{"@type":"SearchAction","target":{"@type":"EntryPoint","urlTemplate":"https:\/\/vieassociative.be\/actualites\/?s={search_term_string}"},"query-input":{"@type":"PropertyValueSpecification","valueRequired":true,"valueName":"search_term_string"}}],"inLanguage":"fr-BE"},{"@type":"Organization","@id":"https:\/\/vieassociative.be\/actualites\/#organization","name":"Vie Associative","url":"https:\/\/vieassociative.be\/actualites\/","logo":{"@type":"ImageObject","inLanguage":"fr-BE","@id":"https:\/\/vieassociative.be\/actualites\/#\/schema\/logo\/image\/","url":"https:\/\/vieassociative.be\/actualites\/wp-content\/uploads\/2024\/09\/cropped-vieassociative_favicon.ico.png","contentUrl":"https:\/\/vieassociative.be\/actualites\/wp-content\/uploads\/2024\/09\/cropped-vieassociative_favicon.ico.png","width":512,"height":512,"caption":"Vie Associative"},"image":{"@id":"https:\/\/vieassociative.be\/actualites\/#\/schema\/logo\/image\/"}},{"@type":"Person","@id":"https:\/\/vieassociative.be\/actualites\/#\/schema\/person\/b87ac4f82f9d4e7b7cec7395b679edc4","name":"Julien","image":{"@type":"ImageObject","inLanguage":"fr-BE","@id":"https:\/\/vieassociative.be\/actualites\/#\/schema\/person\/image\/","url":"https:\/\/vieassociative.be\/actualites\/wp-content\/uploads\/2024\/09\/vie-associative-1-150x150.jpg","contentUrl":"https:\/\/vieassociative.be\/actualites\/wp-content\/uploads\/2024\/09\/vie-associative-1-150x150.jpg","caption":"Julien"},"description":"Je suis Julien, r\u00e9dacteur pour Vie Associative. Passionn\u00e9 par le monde associatif depuis plus de 10 ans, j'ai \u00e0 c\u0153ur de partager des histoires inspirantes et de mettre en lumi\u00e8re les initiatives locales. Mon objectif est de sensibiliser et d'encourager l'engagement communautaire \u00e0 travers mes articles.","sameAs":["https:\/\/vieassociative.be\/"]}]}},"_links":{"self":[{"href":"https:\/\/vieassociative.be\/actualites\/wp-json\/wp\/v2\/posts\/11652"}],"collection":[{"href":"https:\/\/vieassociative.be\/actualites\/wp-json\/wp\/v2\/posts"}],"about":[{"href":"https:\/\/vieassociative.be\/actualites\/wp-json\/wp\/v2\/types\/post"}],"author":[{"embeddable":true,"href":"https:\/\/vieassociative.be\/actualites\/wp-json\/wp\/v2\/users\/1"}],"replies":[{"embeddable":true,"href":"https:\/\/vieassociative.be\/actualites\/wp-json\/wp\/v2\/comments?post=11652"}],"version-history":[{"count":0,"href":"https:\/\/vieassociative.be\/actualites\/wp-json\/wp\/v2\/posts\/11652\/revisions"}],"wp:featuredmedia":[{"embeddable":true,"href":"https:\/\/vieassociative.be\/actualites\/wp-json\/wp\/v2\/media\/11653"}],"wp:attachment":[{"href":"https:\/\/vieassociative.be\/actualites\/wp-json\/wp\/v2\/media?parent=11652"}],"wp:term":[{"taxonomy":"category","embeddable":true,"href":"https:\/\/vieassociative.be\/actualites\/wp-json\/wp\/v2\/categories?post=11652"},{"taxonomy":"post_tag","embeddable":true,"href":"https:\/\/vieassociative.be\/actualites\/wp-json\/wp\/v2\/tags?post=11652"}],"curies":[{"name":"wp","href":"https:\/\/api.w.org\/{rel}","templated":true}]}}