{"id":11640,"date":"2025-12-01T08:18:18","date_gmt":"2025-12-01T07:18:18","guid":{"rendered":"https:\/\/vieassociative.be\/actualites\/les-meilleures-offres-du-cyber-monday-chez-target-pour-bose-samsung-et-dautres-grandes-marques-technologiques\/"},"modified":"2025-12-01T08:18:18","modified_gmt":"2025-12-01T07:18:18","slug":"les-meilleures-offres-du-cyber-monday-chez-target-pour-bose-samsung-et-dautres-grandes-marques-technologiques","status":"publish","type":"post","link":"https:\/\/vieassociative.be\/actualites\/les-meilleures-offres-du-cyber-monday-chez-target-pour-bose-samsung-et-dautres-grandes-marques-technologiques\/","title":{"rendered":"Les meilleures offres du Cyber \u200b\u200bMonday chez Target pour Bose, Samsung et d&rsquo;autres grandes marques technologiques"},"content":{"rendered":"<div class=\"mt-4 leading-6 md:mb-8\">Les premi\u00e8res ventes du Cyber \u200b\u200b\u200b\u200bMonday de Target sont l\u00e0, avec des offres sur les \u00e9couteurs, les t\u00e9l\u00e9viseurs, les haut-parleurs, les tablettes et bien plus encore.<\/div>\n<p><\/p>\n<p><em>Les ventes du Black Friday commencent officiellement le vendredi 28 novembre et se poursuivent jusqu&rsquo;au Cyber \u200b\u200bMonday, le 1er d\u00e9cembre, et Vie Associative partage les meilleures ventes bas\u00e9es sur des critiques de produits, des comparaisons et des outils de suivi des prix avant leur fin. <\/em><\/p>\n<ul>\n<li>\n<p><em>Suivez notre blog en direct<\/em><em>  pour rester au courant des meilleures ventes que nous trouvons.<\/em><\/p>\n<\/li>\n<li>\n<p><em>Parcourez les choix de nos r\u00e9dacteurs<\/em><em>  pour une liste organis\u00e9e de nos ventes pr\u00e9f\u00e9r\u00e9es sur les ordinateurs portables, les technologies de fitness, les appareils \u00e9lectrom\u00e9nagers et plus encore.<\/em><\/p>\n<\/li>\n<li>\n<p><em>Abonnez-vous \u00e0 notre newsletter shopping<\/em><em>Ajoutez au panier, pour les meilleures ventes envoy\u00e9es dans votre bo\u00eete de r\u00e9ception.<\/em><\/p>\n<\/li>\n<li>\n<p><em>Les ventes sont exactes au moment de la publication, mais les prix et les stocks sont toujours sujets \u00e0 changement. <\/em><\/p>\n<\/li>\n<\/ul>\n<hr>\n<p>Les soldes Cyber \u200b\u200b\u200b\u200bMonday de Target battent leur plein, proposant des offres sur des produits dans divers d\u00e9partements, notamment des v\u00eatements, des jouets, des appareils \u00e9lectroniques et bien plus encore. J&rsquo;ai rassembl\u00e9 les meilleures offres technologiques que vous pouvez trouver en ce moment et je continuerai de le faire tout au long de la vente.<\/p>\n<div class=\"shadow-b-2 mb-12 mt-10 rounded-md border-2 border-(#F0F0F0) px-6 py-2 shadow-lg md:px-12\" role=\"region\" aria-label=\"Products List\" x-data=\"{ showMore: false }\">\n<div class=\"flex w-full gap-x-5\">\n<div class=\"flex w-full flex-col flex-nowrap justify-center gap-2 text-black no-underline md:order-2 md:gap-y-6\">\n<div class=\"flex flex-col justify-between gap-y-2 md:w-full md:gap-y-1\">\n<div class=\"block w-fit cursor-pointer font-akshar text-lg font-medium leading-5 text-brand-green duration-200 ease-in-out hover:text-brand-green-700 md:text-xl md:leading-6\">\n<p>                            \u00c9couteurs Bose QuietComfort Ultra (2e g\u00e9n\u00e9ration)\n                        <\/p><\/div>\n<\/p><\/div>\n<div class=\"hidden md:flex md:justify-between md:gap-x-4\">\n<div class=\"w-full mb-0 md:flex md:flex-col md:justify-center font-sans leading-4 text-black\">\n<div class=\"flex flex-wrap items-center justify-center gap-1 md:justify-start\">\n        <span class=\"font-bold\"><\/p>\n<p>            249,99\u00a0$<br \/>\n                            <span class=\"font-medium\">\u00e0 la cible<\/span><br \/>\n                    <\/span>\n            <\/div>\n<div class=\"flex items-center justify-center gap-x-1 font-bold md:justify-start\">\n            <span class=\"text-sm line-through\">299,99\u00a0$<\/span><br \/>\n            <span class=\"text-sm text-brand-green\">\u00c9conomisez 50,00\u00a0$<\/span>\n        <\/div>\n<\/p><\/div>\n<p>                            <button class=\"flex justify-center items-center w-full bg-brand-green text-white text-base font-sans font-medium rounded-md hover:bg-brand-green-700 hover:cursor-pointer md:text-sm hidden self-end h-12 max-w-(10rem) duration-200 ease-in-out hover:bg-brand-green-700 md:flex md:h-10\"><\/p>\n<p>    Obtenez une offre<br \/>\n<\/button>\n                        <\/div>\n<\/p><\/div>\n<div class=\"flex aspect-video h-(90px) shrink-0 items-center justify-center self-center md:order-1\">\n                        <img decoding=\"async\" class=\"m-0 max-h-full max-w-full rounded-md\" src=\"https:\/\/vieassociative.be\/actualites\/wp-content\/uploads\/2025\/11\/Ce-sont-les-meilleures-offres-du-Black-Friday-de-Target.png\" alt=\"\u00c9couteurs Bose QuietComfort Ultra (2e g\u00e9n\u00e9ration)\" width=\"auto\" height=\"auto\" loading=\"lazy\">\n                    <\/div>\n<\/p><\/div>\n<p>                            <button class=\"flex justify-center items-center w-full bg-brand-green text-white text-base font-sans font-medium rounded-md hover:bg-brand-green-700 hover:cursor-pointer md:text-sm w-full h-12 duration-200 ease-in-out hover:bg-brand-green-700 md:hidden md:h-10\"><\/p>\n<p>    Obtenez une offre<br \/>\n<\/button><\/p>\n<div class=\"flex flex-col items-center w-full md:hidden font-sans leading-4 text-black\">\n<div class=\"flex flex-wrap items-center justify-center gap-1 md:justify-start\">\n        <span class=\"font-bold\"><\/p>\n<p>            249,99\u00a0$<br \/>\n                            <span class=\"font-medium\">\u00e0 la cible<\/span><br \/>\n                    <\/span>\n            <\/div>\n<div class=\"flex items-center justify-center gap-x-1 font-bold md:justify-start\">\n            <span class=\"text-sm line-through\">299,99\u00a0$<\/span><br \/>\n            <span class=\"text-sm text-brand-green\">\u00c9conomisez 50,00\u00a0$<\/span>\n        <\/div>\n<\/p><\/div>\n<div class=\"flex w-full gap-x-5\">\n<div class=\"flex w-full flex-col flex-nowrap justify-center gap-2 text-black no-underline md:order-2 md:gap-y-6\">\n<div class=\"flex flex-col justify-between gap-y-2 md:w-full md:gap-y-1\">\n<div class=\"block w-fit cursor-pointer font-akshar text-lg font-medium leading-5 text-brand-green duration-200 ease-in-out hover:text-brand-green-700 md:text-xl md:leading-6\">\n<p>                            Casque sans fil Bluetooth Shokz OpenRun Pro\n                        <\/p><\/div>\n<\/p><\/div>\n<div class=\"hidden md:flex md:justify-between md:gap-x-4\">\n<div class=\"w-full mb-0 md:flex md:flex-col md:justify-center font-sans leading-4 text-black\">\n<div class=\"flex flex-wrap items-center justify-center gap-1 md:justify-start\">\n        <span class=\"font-bold\"><\/p>\n<p>            124,99\u00a0$<br \/>\n                            <span class=\"font-medium\">\u00e0 la cible<\/span><br \/>\n                    <\/span>\n            <\/div>\n<div class=\"flex items-center justify-center gap-x-1 font-bold md:justify-start\">\n            <span class=\"text-sm line-through\">159,99\u00a0$<\/span><br \/>\n            <span class=\"text-sm text-brand-green\">\u00c9conomisez 35,00\u00a0$<\/span>\n        <\/div>\n<\/p><\/div>\n<p>                            <button class=\"flex justify-center items-center w-full bg-brand-green text-white text-base font-sans font-medium rounded-md hover:bg-brand-green-700 hover:cursor-pointer md:text-sm hidden self-end h-12 max-w-(10rem) duration-200 ease-in-out hover:bg-brand-green-700 md:flex md:h-10\"><\/p>\n<p>    Obtenez une offre<br \/>\n<\/button>\n                        <\/div>\n<\/p><\/div>\n<div class=\"flex aspect-video h-(90px) shrink-0 items-center justify-center self-center md:order-1\">\n                        <img decoding=\"async\" class=\"m-0 max-h-full max-w-full rounded-md\" src=\"https:\/\/vieassociative.be\/actualites\/wp-content\/uploads\/2025\/11\/1763515071_451_Ce-sont-les-meilleures-offres-du-Black-Friday-de-Target.png\" alt=\"Casque sans fil Bluetooth Shokz OpenRun Pro\" width=\"auto\" height=\"auto\" loading=\"lazy\">\n                    <\/div>\n<\/p><\/div>\n<p>                            <button class=\"flex justify-center items-center w-full bg-brand-green text-white text-base font-sans font-medium rounded-md hover:bg-brand-green-700 hover:cursor-pointer md:text-sm w-full h-12 duration-200 ease-in-out hover:bg-brand-green-700 md:hidden md:h-10\"><\/p>\n<p>    Obtenez une offre<br \/>\n<\/button><\/p>\n<div class=\"flex flex-col items-center w-full md:hidden font-sans leading-4 text-black\">\n<div class=\"flex flex-wrap items-center justify-center gap-1 md:justify-start\">\n        <span class=\"font-bold\"><\/p>\n<p>            124,99\u00a0$<br \/>\n                            <span class=\"font-medium\">\u00e0 la cible<\/span><br \/>\n                    <\/span>\n            <\/div>\n<div class=\"flex items-center justify-center gap-x-1 font-bold md:justify-start\">\n            <span class=\"text-sm line-through\">159,99\u00a0$<\/span><br \/>\n            <span class=\"text-sm text-brand-green\">\u00c9conomisez 35,00\u00a0$<\/span>\n        <\/div>\n<\/p><\/div>\n<div class=\"flex w-full gap-x-5\">\n<div class=\"flex w-full flex-col flex-nowrap justify-center gap-2 text-black no-underline md:order-2 md:gap-y-6\">\n<div class=\"flex flex-col justify-between gap-y-2 md:w-full md:gap-y-1\">\n<div class=\"block font-sans text-xs font-semibold capitalize leading-3 text-gray-900 md:leading-4\">Google TV et support mural encastr\u00e9 &#8211; Blanc 65A300W\u00a0: rafra\u00eechissement 120 Hz, Dolby Vision, HDR10+<\/div>\n<div class=\"block w-fit cursor-pointer font-akshar text-lg font-medium leading-5 text-brand-green duration-200 ease-in-out hover:text-brand-green-700 md:text-xl md:leading-6\">\n<p>                            Cadre intelligent TCL 65&Prime; classe NXTVISION 4K QLED\n                        <\/p><\/div>\n<\/p><\/div>\n<div class=\"hidden md:flex md:justify-between md:gap-x-4\">\n<div class=\"w-full mb-0 md:flex md:flex-col md:justify-center font-sans leading-4 text-black\">\n<div class=\"flex flex-wrap items-center justify-center gap-1 md:justify-start\">\n        <span class=\"font-bold\"><\/p>\n<p>            799,99\u00a0$<br \/>\n                            <span class=\"font-medium\">\u00e0 la cible<\/span><br \/>\n                    <\/span>\n            <\/div>\n<div class=\"flex items-center justify-center gap-x-1 font-bold md:justify-start\">\n            <span class=\"text-sm line-through\">1\u00a0399,99\u00a0$<\/span><br \/>\n            <span class=\"text-sm text-brand-green\">\u00c9conomisez 600,00\u00a0$<\/span>\n        <\/div>\n<\/p><\/div>\n<p>                            <button class=\"flex justify-center items-center w-full bg-brand-green text-white text-base font-sans font-medium rounded-md hover:bg-brand-green-700 hover:cursor-pointer md:text-sm hidden self-end h-12 max-w-(10rem) duration-200 ease-in-out hover:bg-brand-green-700 md:flex md:h-10\"><\/p>\n<p>    Obtenez une offre<br \/>\n<\/button>\n                        <\/div>\n<\/p><\/div>\n<div class=\"flex aspect-video h-(90px) shrink-0 items-center justify-center self-center md:order-1\">\n                        <img decoding=\"async\" class=\"m-0 max-h-full max-w-full rounded-md\" src=\"https:\/\/vieassociative.be\/actualites\/wp-content\/uploads\/2025\/11\/1763515072_591_Ce-sont-les-meilleures-offres-du-Black-Friday-de-Target.png\" alt=\"TCL65\" nxtvision qled smart frame width=\"auto\" height=\"auto\" loading=\"lazy\">\n                    <\/div>\n<\/p><\/div>\n<p>                            <button class=\"flex justify-center items-center w-full bg-brand-green text-white text-base font-sans font-medium rounded-md hover:bg-brand-green-700 hover:cursor-pointer md:text-sm w-full h-12 duration-200 ease-in-out hover:bg-brand-green-700 md:hidden md:h-10\"><\/p>\n<p>    Obtenez une offre<br \/>\n<\/button><\/p>\n<div class=\"flex flex-col items-center w-full md:hidden font-sans leading-4 text-black\">\n<div class=\"flex flex-wrap items-center justify-center gap-1 md:justify-start\">\n        <span class=\"font-bold\"><\/p>\n<p>            799,99\u00a0$<br \/>\n                            <span class=\"font-medium\">\u00e0 la cible<\/span><br \/>\n                    <\/span>\n            <\/div>\n<div class=\"flex items-center justify-center gap-x-1 font-bold md:justify-start\">\n            <span class=\"text-sm line-through\">1\u00a0399,99\u00a0$<\/span><br \/>\n            <span class=\"text-sm text-brand-green\">\u00c9conomisez 600,00\u00a0$<\/span>\n        <\/div>\n<\/p><\/div>\n<div class=\"flex w-full gap-x-5\">\n<div class=\"flex w-full flex-col flex-nowrap justify-center gap-2 text-black no-underline md:order-2 md:gap-y-6\">\n<div class=\"flex flex-col justify-between gap-y-2 md:w-full md:gap-y-1\">\n<div class=\"block w-fit cursor-pointer font-akshar text-lg font-medium leading-5 text-brand-green duration-200 ease-in-out hover:text-brand-green-700 md:text-xl md:leading-6\">\n<p>                            T\u00e9l\u00e9viseur intelligent Google\u00a0TV 4K UHD HDR QLED de classe TCL s\u00e9rie Q6\n                        <\/p><\/div>\n<\/p><\/div>\n<div class=\"hidden md:flex md:justify-between md:gap-x-4\">\n<div class=\"w-full mb-0 md:flex md:flex-col md:justify-center font-sans leading-4 text-black\">\n<div class=\"flex flex-wrap items-center justify-center gap-1 md:justify-start\">\n        <span class=\"font-bold\"><\/p>\n<p>            279,99\u00a0$<br \/>\n                            <span class=\"font-medium\">\u00e0 la cible<\/span><br \/>\n                    <\/span>\n            <\/div>\n<div class=\"flex items-center justify-center gap-x-1 font-bold md:justify-start\">\n            <span class=\"text-sm line-through\">449,99\u00a0$<\/span><br \/>\n            <span class=\"text-sm text-brand-green\">\u00c9conomisez 170,00\u00a0$<\/span>\n        <\/div>\n<\/p><\/div>\n<p>                            <button class=\"flex justify-center items-center w-full bg-brand-green text-white text-base font-sans font-medium rounded-md hover:bg-brand-green-700 hover:cursor-pointer md:text-sm hidden self-end h-12 max-w-(10rem) duration-200 ease-in-out hover:bg-brand-green-700 md:flex md:h-10\"><\/p>\n<p>    Obtenez une offre<br \/>\n<\/button>\n                        <\/div>\n<\/p><\/div>\n<div class=\"flex aspect-video h-(90px) shrink-0 items-center justify-center self-center md:order-1\">\n                        <img decoding=\"async\" class=\"m-0 max-h-full max-w-full rounded-md\" src=\"https:\/\/vieassociative.be\/actualites\/wp-content\/uploads\/2025\/12\/Les-meilleures-offres-du-Cyber-\u200b\u200bMonday-chez-Target-pour-Bose.png\" alt=\"T\u00e9l\u00e9viseur intelligent Google\u00a0TV 4K UHD HDR QLED de classe TCL s\u00e9rie Q6\" width=\"auto\" height=\"auto\" loading=\"lazy\">\n                    <\/div>\n<\/p><\/div>\n<p>                            <button class=\"flex justify-center items-center w-full bg-brand-green text-white text-base font-sans font-medium rounded-md hover:bg-brand-green-700 hover:cursor-pointer md:text-sm w-full h-12 duration-200 ease-in-out hover:bg-brand-green-700 md:hidden md:h-10\"><\/p>\n<p>    Obtenez une offre<br \/>\n<\/button><\/p>\n<div class=\"flex flex-col items-center w-full md:hidden font-sans leading-4 text-black\">\n<div class=\"flex flex-wrap items-center justify-center gap-1 md:justify-start\">\n        <span class=\"font-bold\"><\/p>\n<p>            279,99\u00a0$<br \/>\n                            <span class=\"font-medium\">\u00e0 la cible<\/span><br \/>\n                    <\/span>\n            <\/div>\n<div class=\"flex items-center justify-center gap-x-1 font-bold md:justify-start\">\n            <span class=\"text-sm line-through\">449,99\u00a0$<\/span><br \/>\n            <span class=\"text-sm text-brand-green\">\u00c9conomisez 170,00\u00a0$<\/span>\n        <\/div>\n<\/p><\/div>\n<div class=\"flex w-full gap-x-5\">\n<div class=\"flex w-full flex-col flex-nowrap justify-center gap-2 text-black no-underline md:order-2 md:gap-y-6\">\n<div class=\"flex flex-col justify-between gap-y-2 md:w-full md:gap-y-1\">\n<div class=\"block w-fit cursor-pointer font-akshar text-lg font-medium leading-5 text-brand-green duration-200 ease-in-out hover:text-brand-green-700 md:text-xl md:leading-6\">\n<p>                            Tablette Amazon Fire HD 10&Prime; 32 Go (version 2023)\n                        <\/p><\/div>\n<\/p><\/div>\n<div class=\"hidden md:flex md:justify-between md:gap-x-4\">\n<div class=\"w-full mb-0 md:flex md:flex-col md:justify-center font-sans leading-4 text-black\">\n<div class=\"flex flex-wrap items-center justify-center gap-1 md:justify-start\">\n        <span class=\"font-bold\"><\/p>\n<p>            69,99\u00a0$<br \/>\n                            <span class=\"font-medium\">\u00e0 la cible<\/span><br \/>\n                    <\/span>\n            <\/div>\n<div class=\"flex items-center justify-center gap-x-1 font-bold md:justify-start\">\n            <span class=\"text-sm line-through\">139,99\u00a0$<\/span><br \/>\n            <span class=\"text-sm text-brand-green\">\u00c9conomisez 70,00\u00a0$<\/span>\n        <\/div>\n<\/p><\/div>\n<p>                            <button class=\"flex justify-center items-center w-full bg-brand-green text-white text-base font-sans font-medium rounded-md hover:bg-brand-green-700 hover:cursor-pointer md:text-sm hidden self-end h-12 max-w-(10rem) duration-200 ease-in-out hover:bg-brand-green-700 md:flex md:h-10\"><\/p>\n<p>    Obtenez une offre<br \/>\n<\/button>\n                        <\/div>\n<\/p><\/div>\n<div class=\"flex aspect-video h-(90px) shrink-0 items-center justify-center self-center md:order-1\">\n                        <img decoding=\"async\" class=\"m-0 max-h-full max-w-full rounded-md\" src=\"https:\/\/vieassociative.be\/actualites\/wp-content\/uploads\/2025\/12\/1764573496_654_Les-meilleures-offres-du-Cyber-\u200b\u200bMonday-chez-Target-pour-Bose.png\" alt=\"Amazon Feu HD 10\" tablet release width=\"auto\" height=\"auto\" loading=\"lazy\">\n                    <\/div>\n<\/p><\/div>\n<p>                            <button class=\"flex justify-center items-center w-full bg-brand-green text-white text-base font-sans font-medium rounded-md hover:bg-brand-green-700 hover:cursor-pointer md:text-sm w-full h-12 duration-200 ease-in-out hover:bg-brand-green-700 md:hidden md:h-10\"><\/p>\n<p>    Obtenez une offre<br \/>\n<\/button><\/p>\n<div class=\"flex flex-col items-center w-full md:hidden font-sans leading-4 text-black\">\n<div class=\"flex flex-wrap items-center justify-center gap-1 md:justify-start\">\n        <span class=\"font-bold\"><\/p>\n<p>            69,99\u00a0$<br \/>\n                            <span class=\"font-medium\">\u00e0 la cible<\/span><br \/>\n                    <\/span>\n            <\/div>\n<div class=\"flex items-center justify-center gap-x-1 font-bold md:justify-start\">\n            <span class=\"text-sm line-through\">139,99\u00a0$<\/span><br \/>\n            <span class=\"text-sm text-brand-green\">\u00c9conomisez 70,00\u00a0$<\/span>\n        <\/div>\n<\/p><\/div>\n<div class=\"flex w-full gap-x-5\">\n<div class=\"flex w-full flex-col flex-nowrap justify-center gap-2 text-black no-underline md:order-2 md:gap-y-6\">\n<div class=\"flex flex-col justify-between gap-y-2 md:w-full md:gap-y-1\">\n<div class=\"block w-fit cursor-pointer font-akshar text-lg font-medium leading-5 text-brand-green duration-200 ease-in-out hover:text-brand-green-700 md:text-xl md:leading-6\">\n<p>                            Tablette Amazon Fire HD 8 (2024)\n                        <\/p><\/div>\n<\/p><\/div>\n<div class=\"hidden md:flex md:justify-between md:gap-x-4\">\n<div class=\"w-full mb-0 md:flex md:flex-col md:justify-center font-sans leading-4 text-black\">\n<div class=\"flex flex-wrap items-center justify-center gap-1 md:justify-start\">\n        <span class=\"font-bold\"><\/p>\n<p>            54,99\u00a0$<br \/>\n                            <span class=\"font-medium\">\u00e0 la cible<\/span><br \/>\n                    <\/span>\n            <\/div>\n<div class=\"flex items-center justify-center gap-x-1 font-bold md:justify-start\">\n            <span class=\"text-sm line-through\">99,99\u00a0$<\/span><br \/>\n            <span class=\"text-sm text-brand-green\">\u00c9conomisez 45,00\u00a0$<\/span>\n        <\/div>\n<\/p><\/div>\n<p>                            <button class=\"flex justify-center items-center w-full bg-brand-green text-white text-base font-sans font-medium rounded-md hover:bg-brand-green-700 hover:cursor-pointer md:text-sm hidden self-end h-12 max-w-(10rem) duration-200 ease-in-out hover:bg-brand-green-700 md:flex md:h-10\"><\/p>\n<p>    Obtenez une offre<br \/>\n<\/button>\n                        <\/div>\n<\/p><\/div>\n<div class=\"flex aspect-video h-(90px) shrink-0 items-center justify-center self-center md:order-1\">\n                        <img decoding=\"async\" class=\"m-0 max-h-full max-w-full rounded-md\" src=\"https:\/\/vieassociative.be\/actualites\/wp-content\/uploads\/2025\/12\/1764573497_890_Les-meilleures-offres-du-Cyber-\u200b\u200bMonday-chez-Target-pour-Bose.png\" alt=\"Tablette Amazon Fire HD 8 (2024)\" width=\"auto\" height=\"auto\" loading=\"lazy\">\n                    <\/div>\n<\/p><\/div>\n<p>                            <button class=\"flex justify-center items-center w-full bg-brand-green text-white text-base font-sans font-medium rounded-md hover:bg-brand-green-700 hover:cursor-pointer md:text-sm w-full h-12 duration-200 ease-in-out hover:bg-brand-green-700 md:hidden md:h-10\"><\/p>\n<p>    Obtenez une offre<br \/>\n<\/button><\/p>\n<div class=\"flex flex-col items-center w-full md:hidden font-sans leading-4 text-black\">\n<div class=\"flex flex-wrap items-center justify-center gap-1 md:justify-start\">\n        <span class=\"font-bold\"><\/p>\n<p>            54,99\u00a0$<br \/>\n                            <span class=\"font-medium\">\u00e0 la cible<\/span><br \/>\n                    <\/span>\n            <\/div>\n<div class=\"flex items-center justify-center gap-x-1 font-bold md:justify-start\">\n            <span class=\"text-sm line-through\">99,99\u00a0$<\/span><br \/>\n            <span class=\"text-sm text-brand-green\">\u00c9conomisez 45,00\u00a0$<\/span>\n        <\/div>\n<\/p><\/div>\n<div class=\"flex w-full gap-x-5\">\n<div class=\"flex w-full flex-col flex-nowrap justify-center gap-2 text-black no-underline md:order-2 md:gap-y-6\">\n<div class=\"flex flex-col justify-between gap-y-2 md:w-full md:gap-y-1\">\n<div class=\"block w-fit cursor-pointer font-akshar text-lg font-medium leading-5 text-brand-green duration-200 ease-in-out hover:text-brand-green-700 md:text-xl md:leading-6\">\n<p>                            Tablette Samsung Galaxy Tab A9+ 11&Prime;\n                        <\/p><\/div>\n<\/p><\/div>\n<div class=\"hidden md:flex md:justify-between md:gap-x-4\">\n<div class=\"w-full mb-0 md:flex md:flex-col md:justify-center font-sans leading-4 text-black\">\n<div class=\"flex flex-wrap items-center justify-center gap-1 md:justify-start\">\n        <span class=\"font-bold\"><\/p>\n<p>            199,99\u00a0$<br \/>\n                            <span class=\"font-medium\">\u00e0 la cible<\/span><br \/>\n                    <\/span>\n            <\/div>\n<div class=\"flex items-center justify-center gap-x-1 font-bold md:justify-start\">\n            <span class=\"text-sm line-through\">269,99\u00a0$<\/span><br \/>\n            <span class=\"text-sm text-brand-green\">\u00c9conomisez 70,00\u00a0$<\/span>\n        <\/div>\n<\/p><\/div>\n<p>                            <button class=\"flex justify-center items-center w-full bg-brand-green text-white text-base font-sans font-medium rounded-md hover:bg-brand-green-700 hover:cursor-pointer md:text-sm hidden self-end h-12 max-w-(10rem) duration-200 ease-in-out hover:bg-brand-green-700 md:flex md:h-10\"><\/p>\n<p>    Obtenez une offre<br \/>\n<\/button>\n                        <\/div>\n<\/p><\/div>\n<div class=\"flex aspect-video h-(90px) shrink-0 items-center justify-center self-center md:order-1\">\n                        <img decoding=\"async\" class=\"m-0 max-h-full max-w-full rounded-md\" src=\"https:\/\/vieassociative.be\/actualites\/wp-content\/uploads\/2025\/12\/1764573497_455_Les-meilleures-offres-du-Cyber-\u200b\u200bMonday-chez-Target-pour-Bose.png\" alt=\"SamsungGalaxy Tab A9+ 11\" tablet width=\"auto\" height=\"auto\" loading=\"lazy\">\n                    <\/div>\n<\/p><\/div>\n<p>                            <button class=\"flex justify-center items-center w-full bg-brand-green text-white text-base font-sans font-medium rounded-md hover:bg-brand-green-700 hover:cursor-pointer md:text-sm w-full h-12 duration-200 ease-in-out hover:bg-brand-green-700 md:hidden md:h-10\"><\/p>\n<p>    Obtenez une offre<br \/>\n<\/button><\/p>\n<div class=\"flex flex-col items-center w-full md:hidden font-sans leading-4 text-black\">\n<div class=\"flex flex-wrap items-center justify-center gap-1 md:justify-start\">\n        <span class=\"font-bold\"><\/p>\n<p>            199,99\u00a0$<br \/>\n                            <span class=\"font-medium\">\u00e0 la cible<\/span><br \/>\n                    <\/span>\n            <\/div>\n<div class=\"flex items-center justify-center gap-x-1 font-bold md:justify-start\">\n            <span class=\"text-sm line-through\">269,99\u00a0$<\/span><br \/>\n            <span class=\"text-sm text-brand-green\">\u00c9conomisez 70,00\u00a0$<\/span>\n        <\/div>\n<\/p><\/div>\n<div class=\"flex w-full gap-x-5\">\n<div class=\"flex w-full flex-col flex-nowrap justify-center gap-2 text-black no-underline md:order-2 md:gap-y-6\">\n<div class=\"flex flex-col justify-between gap-y-2 md:w-full md:gap-y-1\">\n<div class=\"block w-fit cursor-pointer font-akshar text-lg font-medium leading-5 text-brand-green duration-200 ease-in-out hover:text-brand-green-700 md:text-xl md:leading-6\">\n<p>                            Enceinte portable JBL Charge 6\n                        <\/p><\/div>\n<\/p><\/div>\n<div class=\"hidden md:flex md:justify-between md:gap-x-4\">\n<div class=\"w-full mb-0 md:flex md:flex-col md:justify-center font-sans leading-4 text-black\">\n<div class=\"flex flex-wrap items-center justify-center gap-1 md:justify-start\">\n        <span class=\"font-bold\"><\/p>\n<p>            129,99\u00a0$<br \/>\n                            <span class=\"font-medium\">\u00e0 la cible<\/span><br \/>\n                    <\/span>\n            <\/div>\n<div class=\"flex items-center justify-center gap-x-1 font-bold md:justify-start\">\n            <span class=\"text-sm line-through\">199,99\u00a0$<\/span><br \/>\n            <span class=\"text-sm text-brand-green\">\u00c9conomisez 70,00\u00a0$<\/span>\n        <\/div>\n<\/p><\/div>\n<p>                            <button class=\"flex justify-center items-center w-full bg-brand-green text-white text-base font-sans font-medium rounded-md hover:bg-brand-green-700 hover:cursor-pointer md:text-sm hidden self-end h-12 max-w-(10rem) duration-200 ease-in-out hover:bg-brand-green-700 md:flex md:h-10\"><\/p>\n<p>    Obtenez une offre<br \/>\n<\/button>\n                        <\/div>\n<\/p><\/div>\n<div class=\"flex aspect-video h-(90px) shrink-0 items-center justify-center self-center md:order-1\">\n                        <img decoding=\"async\" class=\"m-0 max-h-full max-w-full rounded-md\" src=\"https:\/\/vieassociative.be\/actualites\/wp-content\/uploads\/2025\/12\/1764573497_689_Les-meilleures-offres-du-Cyber-\u200b\u200bMonday-chez-Target-pour-Bose.png\" alt=\"Enceinte portable JBL Charge 6\" width=\"auto\" height=\"auto\" loading=\"lazy\">\n                    <\/div>\n<\/p><\/div>\n<p>                            <button class=\"flex justify-center items-center w-full bg-brand-green text-white text-base font-sans font-medium rounded-md hover:bg-brand-green-700 hover:cursor-pointer md:text-sm w-full h-12 duration-200 ease-in-out hover:bg-brand-green-700 md:hidden md:h-10\"><\/p>\n<p>    Obtenez une offre<br \/>\n<\/button><\/p>\n<div class=\"flex flex-col items-center w-full md:hidden font-sans leading-4 text-black\">\n<div class=\"flex flex-wrap items-center justify-center gap-1 md:justify-start\">\n        <span class=\"font-bold\"><\/p>\n<p>            129,99\u00a0$<br \/>\n                            <span class=\"font-medium\">\u00e0 la cible<\/span><br \/>\n                    <\/span>\n            <\/div>\n<div class=\"flex items-center justify-center gap-x-1 font-bold md:justify-start\">\n            <span class=\"text-sm line-through\">199,99\u00a0$<\/span><br \/>\n            <span class=\"text-sm text-brand-green\">\u00c9conomisez 70,00\u00a0$<\/span>\n        <\/div>\n<\/p><\/div>\n<div class=\"flex w-full gap-x-5\">\n<div class=\"flex w-full flex-col flex-nowrap justify-center gap-2 text-black no-underline md:order-2 md:gap-y-6\">\n<div class=\"flex flex-col justify-between gap-y-2 md:w-full md:gap-y-1\">\n<div class=\"block w-fit cursor-pointer font-akshar text-lg font-medium leading-5 text-brand-green duration-200 ease-in-out hover:text-brand-green-700 md:text-xl md:leading-6\">\n<p>                            Haut-parleur portable \u00e9tanche et anti-chute JBL Flip 7\n                        <\/p><\/div>\n<\/p><\/div>\n<div class=\"hidden md:flex md:justify-between md:gap-x-4\">\n<div class=\"w-full mb-0 md:flex md:flex-col md:justify-center font-sans leading-4 text-black\">\n<div class=\"flex flex-wrap items-center justify-center gap-1 md:justify-start\">\n        <span class=\"font-bold\"><\/p>\n<p>            109,99\u00a0$<br \/>\n                            <span class=\"font-medium\">\u00e0 la cible<\/span><br \/>\n                    <\/span>\n            <\/div>\n<div class=\"flex items-center justify-center gap-x-1 font-bold md:justify-start\">\n            <span class=\"text-sm line-through\">149,99\u00a0$<\/span><br \/>\n            <span class=\"text-sm text-brand-green\">\u00c9conomisez 40,00\u00a0$<\/span>\n        <\/div>\n<\/p><\/div>\n<p>                            <button class=\"flex justify-center items-center w-full bg-brand-green text-white text-base font-sans font-medium rounded-md hover:bg-brand-green-700 hover:cursor-pointer md:text-sm hidden self-end h-12 max-w-(10rem) duration-200 ease-in-out hover:bg-brand-green-700 md:flex md:h-10\"><\/p>\n<p>    Obtenez une offre<br \/>\n<\/button>\n                        <\/div>\n<\/p><\/div>\n<div class=\"flex aspect-video h-(90px) shrink-0 items-center justify-center self-center md:order-1\">\n                        <img decoding=\"async\" class=\"m-0 max-h-full max-w-full rounded-md\" src=\"https:\/\/vieassociative.be\/actualites\/wp-content\/uploads\/2025\/11\/1763515075_376_Ce-sont-les-meilleures-offres-du-Black-Friday-de-Target.png\" alt=\"Haut-parleur portable \u00e9tanche et anti-chute JBL Flip 7\" width=\"auto\" height=\"auto\" loading=\"lazy\">\n                    <\/div>\n<\/p><\/div>\n<p>                            <button class=\"flex justify-center items-center w-full bg-brand-green text-white text-base font-sans font-medium rounded-md hover:bg-brand-green-700 hover:cursor-pointer md:text-sm w-full h-12 duration-200 ease-in-out hover:bg-brand-green-700 md:hidden md:h-10\"><\/p>\n<p>    Obtenez une offre<br \/>\n<\/button><\/p>\n<div class=\"flex flex-col items-center w-full md:hidden font-sans leading-4 text-black\">\n<div class=\"flex flex-wrap items-center justify-center gap-1 md:justify-start\">\n        <span class=\"font-bold\"><\/p>\n<p>            109,99\u00a0$<br \/>\n                            <span class=\"font-medium\">\u00e0 la cible<\/span><br \/>\n                    <\/span>\n            <\/div>\n<div class=\"flex items-center justify-center gap-x-1 font-bold md:justify-start\">\n            <span class=\"text-sm line-through\">149,99\u00a0$<\/span><br \/>\n            <span class=\"text-sm text-brand-green\">\u00c9conomisez 40,00\u00a0$<\/span>\n        <\/div>\n<\/p><\/div>\n<div class=\"flex w-full gap-x-5\">\n<div class=\"flex w-full flex-col flex-nowrap justify-center gap-2 text-black no-underline md:order-2 md:gap-y-6\">\n<div class=\"flex flex-col justify-between gap-y-2 md:w-full md:gap-y-1\">\n<div class=\"block w-fit cursor-pointer font-akshar text-lg font-medium leading-5 text-brand-green duration-200 ease-in-out hover:text-brand-green-700 md:text-xl md:leading-6\">\n<p>                            Meta Quest 3S 128 Go avec carte-cadeau de 50\u00a0$\n                        <\/p><\/div>\n<\/p><\/div>\n<div class=\"hidden md:flex md:justify-between md:gap-x-4\">\n<div class=\"w-full mb-0 md:flex md:flex-col md:justify-center font-sans leading-4 text-black\">\n<div class=\"flex flex-wrap items-center justify-center gap-1 md:justify-start\">\n        <span class=\"font-bold\"><\/p>\n<p>            249,99\u00a0$<br \/>\n                            <span class=\"font-medium\">\u00e0 la cible<\/span><br \/>\n                    <\/span>\n            <\/div>\n<div class=\"flex items-center justify-center gap-x-1 font-bold md:justify-start\">\n            <span class=\"text-sm line-through\">299,99\u00a0$<\/span><br \/>\n            <span class=\"text-sm text-brand-green\">\u00c9conomisez 50,00\u00a0$<\/span>\n        <\/div>\n<\/p><\/div>\n<p>                            <button class=\"flex justify-center items-center w-full bg-brand-green text-white text-base font-sans font-medium rounded-md hover:bg-brand-green-700 hover:cursor-pointer md:text-sm hidden self-end h-12 max-w-(10rem) duration-200 ease-in-out hover:bg-brand-green-700 md:flex md:h-10\"><\/p>\n<p>    Obtenez une offre<br \/>\n<\/button>\n                        <\/div>\n<\/p><\/div>\n<div class=\"flex aspect-video h-(90px) shrink-0 items-center justify-center self-center md:order-1\">\n                        <img decoding=\"async\" class=\"m-0 max-h-full max-w-full rounded-md\" src=\"https:\/\/vieassociative.be\/actualites\/wp-content\/uploads\/2025\/11\/1763515076_99_Ce-sont-les-meilleures-offres-du-Black-Friday-de-Target.png\" alt=\"M\u00e9ta Qu\u00eate 3S 128 Go\" width=\"auto\" height=\"auto\" loading=\"lazy\">\n                    <\/div>\n<\/p><\/div>\n<p>                            <button class=\"flex justify-center items-center w-full bg-brand-green text-white text-base font-sans font-medium rounded-md hover:bg-brand-green-700 hover:cursor-pointer md:text-sm w-full h-12 duration-200 ease-in-out hover:bg-brand-green-700 md:hidden md:h-10\"><\/p>\n<p>    Obtenez une offre<br \/>\n<\/button><\/p>\n<div class=\"flex flex-col items-center w-full md:hidden font-sans leading-4 text-black\">\n<div class=\"flex flex-wrap items-center justify-center gap-1 md:justify-start\">\n        <span class=\"font-bold\"><\/p>\n<p>            249,99\u00a0$<br \/>\n                            <span class=\"font-medium\">\u00e0 la cible<\/span><br \/>\n                    <\/span>\n            <\/div>\n<div class=\"flex items-center justify-center gap-x-1 font-bold md:justify-start\">\n            <span class=\"text-sm line-through\">299,99\u00a0$<\/span><br \/>\n            <span class=\"text-sm text-brand-green\">\u00c9conomisez 50,00\u00a0$<\/span>\n        <\/div>\n<\/p><\/div>\n<\/div>\n<h2 id=\"the-best-earphones-and-headphones-on-sale-for-cyber-monday\">Les meilleurs \u00e9couteurs et \u00e9couteurs en vente pour le Cyber \u200b\u200bMonday<\/h2>\n<p>Les nouveaux \u00e9couteurs Bose QuietComfort Ultra de 2e g\u00e9n\u00e9ration sont sortis en ao\u00fbt et sont d&rsquo;excellents \u00e9couteurs (je les porte au moment o\u00f9 j&rsquo;\u00e9cris ceci). Ce sont l\u2019un des meilleurs \u00e9couteurs de 2025, et ils co\u00fbtent 50 $ de r\u00e9duction. Target les a actuellement pour <strong>249,99\u00a0$ <\/strong>(\u00e0 l&rsquo;origine 299,99 $).<\/p>\n<p>Les Shokz OpenRun Pro 2 sont les meilleurs \u00e9couteurs \u00e0 conduction osseuse de 2025, mais si vous souhaitez \u00e9conomiser de l&rsquo;argent, vous pouvez vous procurer l&rsquo;ancienne g\u00e9n\u00e9ration \u00e0 moindre co\u00fbt. Ils sont en vente pour <strong>124,99\u00a0$<\/strong> (\u00e0 l&rsquo;origine 159,99 $).<\/p>\n<p>Les WH-1000XM5 sont en retard d&rsquo;une g\u00e9n\u00e9ration, mais l&rsquo;ann\u00e9e derni\u00e8re encore, ils \u00e9taient les meilleurs \u00e9couteurs en termes de qualit\u00e9 audio jusqu&rsquo;\u00e0 ce qu&rsquo;ils soient remplac\u00e9s par le XM6. Ils sont actuellement <strong>249,99\u00a0$<\/strong> (\u00e0 l&rsquo;origine 399,99 $), leur prix le plus bas jamais atteint.<\/p>\n<p>Si vous recherchez des \u00e9couteurs \u00e9conomiques, les JBL Vibe Beam 2 ne sont que <strong>39,99\u00a0$<\/strong> (\u00e0 l&rsquo;origine 64,99 $).<\/p>\n<h2 id=\"the-best-qled-tvs-on-sale-for-cyber-monday\">Les meilleurs t\u00e9l\u00e9viseurs QLED en vente pour le Cyber \u200b\u200bMonday<\/h2>\n<p>Je suis impressionn\u00e9 par mon t\u00e9l\u00e9viseur TCL NXTVISION 4K QLED Smart Frame et par le r\u00e9alisme des peintures en mode artistique. Obtenir des \u0153uvres d&rsquo;art ne co\u00fbte rien de plus et il est livr\u00e9 avec un cadre de votre choix (on ne peut pas en dire autant du The Frame de Samsung). L&rsquo;\u00e9cran mat est id\u00e9al pour les pi\u00e8ces lumineuses, m\u00eame avec une lumi\u00e8re directe, et l&rsquo;image est incroyable. Vous pouvez obtenir le 65 pouces pour <strong>799,99\u00a0$<\/strong> (\u00e0 l&rsquo;origine 1 399,99 $).<\/p>\n<p>Si vous n&rsquo;avez pas besoin d&rsquo;une \u00e9norme \u0153uvre d&rsquo;art suspendue sur votre mur et que vous recherchez une option plus \u00e9conomique, le t\u00e9l\u00e9viseur TCL classe Q6 de 55 pouces est tout simplement <strong>279,99\u00a0$<\/strong> (\u00e0 l&rsquo;origine 449,99 $). Pas mal pour un QLED.<\/p>\n<h2 id=\"the-meta-quest-3s-early-cyber-monday-deal\">L\u2019offre anticip\u00e9e du Cyber \u200b\u200b\u200b\u200bMonday Meta Quest 3S<\/h2>\n<p>Les casques VR sont normalement tr\u00e8s chers, mais il en existe un qui est nettement moins cher que les autres. Le Meta Quest 3S est incroyablement abordable, relativement parlant. La version 128 Go est <strong>249,99\u00a0$<\/strong> (\u00e0 l&rsquo;origine 299,99 $) et est livr\u00e9 avec une carte-cadeau Target de 50 $. Une bonne affaire pour se lancer dans le monde de la r\u00e9alit\u00e9 virtuelle pour le moins d&rsquo;argent possible.<\/p>\n<h2 id=\"the-best-deals-on-cyber-monday-tablets\">Les meilleures offres sur les tablettes Cyber \u200b\u200bMonday<\/h2>\n<p>L&rsquo;Amazon Fire HD 10&Prime; de 32 Go est sortie en 2023, mais elle fonctionne toujours tr\u00e8s bien. Cette tablette \u00e9conomique est un bon rapport qualit\u00e9-prix pour tous ceux qui recherchent une tablette portable et performante pour tr\u00e8s peu d&rsquo;argent. Obtenez-la pour <strong>69,99\u00a0$<\/strong> (\u00e0 l&rsquo;origine 139,99 $).<\/p>\n<p>Si vous recherchez une tablette plus petite et plus r\u00e9cente pour encore moins cher, la tablette Amazon Fire HD 8 est <strong>54,99\u00a0$ <\/strong>(\u00e0 l&rsquo;origine 99,99 $).<\/p>\n<p>Pour ceux qui ont un peu plus de budget et recherchent de meilleures fonctionnalit\u00e9s et sp\u00e9cifications pour une tablette \u00e0 meilleur budget, la tablette Samsung Galaxy Tab A9+ 11&Prime; est la tablette Samsung Galaxy Tab A9+ 11&Prime;. <strong>199,99\u00a0$<\/strong> (\u00e0 l&rsquo;origine 269,99 $).<\/p>\n<h2 id=\"the-best-portable-speakers-deals-for-cyber-monday\">Les meilleures offres d\u2019enceintes portables pour le Cyber \u200b\u200bMonday<\/h2>\n<p>Le JBL Charge 6 est un haut-parleur puissant mais portable sorti cette ann\u00e9e. Son son est suffisamment puissant pour remplir compl\u00e8tement une grande pi\u00e8ce avec un son complet tout en conservant sa qualit\u00e9 sonore. Vous pouvez l&rsquo;obtenir pour <strong>129,99\u00a0$<\/strong> (\u00e0 l&rsquo;origine 199,99 $).<\/p>\n<p>Si vous souhaitez une enceinte plus petite et moins ch\u00e8re, la JBL Flip 7 est <strong>109,99\u00a0$<\/strong> (\u00e0 l&rsquo;origine 149,99 $). Cependant, si vous pouvez \u00e9conomiser les 20 $, le Charge 6 offre un meilleur rapport qualit\u00e9-prix.<\/p>\n<h2 id=\"the-best-early-cyber-monday-laptop-deals\">Les meilleures offres d\u2019ordinateurs portables du d\u00e9but du Cyber \u200b\u200b\u200b\u200bMonday<\/h2>\n<p>Il existe de bonnes affaires sur les ordinateurs portables. Avec des mod\u00e8les puissants \u00e0 partir de 400 $, votre argent ira plus loin si vous obtenez quelque chose avec au moins 16 Go de RAM et au moins un processeur Intel ou Ryzen 5. Un exemple est le HP Essential 255 G10, avec un processeur Ryzen 5 et 16 Go de RAM pour <strong>459\u00a0$<\/strong> (\u00e0 l&rsquo;origine 918 $).<\/p>\n<p>Si vous pouvez \u00e9conomiser pr\u00e8s de 100 $ suppl\u00e9mentaires, le HP 255 G10 est dot\u00e9 de 32 Go de RAM et de 1 To de stockage. <strong>568,99\u00a0$<\/strong> (\u00e0 l&rsquo;origine 1 137,99 $). Un rapport qualit\u00e9-prix incroyable. <\/p>\n<h2 id=\"what-other-sales-will-target-have-for-cyber-monday\">Quelles autres ventes Target r\u00e9alisera-t-il pour le Cyber \u200b\u200b\u200b\u200bMonday ?<\/h2>\n<p>Target indique qu&rsquo;il proposera des offres d&rsquo;une semaine tous les dimanches jusqu&rsquo;au 24 d\u00e9cembre. Il proposera \u00e9galement des ventes \u00ab Offre du jour \u00bb avec des articles allant jusqu&rsquo;\u00e0 50 % de r\u00e9duction. Ensuite, il y aura une vente officielle Early Black Friday suivie d&rsquo;une v\u00e9ritable vente Black Friday. Si vous achetez quelque chose entre le 1er novembre et le 24 d\u00e9cembre dont le prix baisse plus tard, Target \u00e9galera le prix pour vous et vous remboursera la diff\u00e9rence.<\/p>\n<h2 id=\"when-are-targets-cyber-monday-sales\">Quand ont lieu les ventes du Cyber \u200b\u200b\u200b\u200bMonday de Target ?<\/h2>\n<p>Voici toutes les ventes que Target r\u00e9alise\u00a0:<\/p>\n<ul>\n<li>\n<p><strong>Offre du jour<\/strong>:<strong> <\/strong>Du 1er novembre au 24 d\u00e9cembre.<\/p>\n<\/li>\n<li>\n<p><strong>Offres d&rsquo;une semaine<\/strong>: Tous les dimanches jusqu&rsquo;au 24 d\u00e9cembre. <\/p>\n<\/li>\n<li>\n<p><strong>Vente anticip\u00e9e du Black Friday<\/strong>: Un \u00e9v\u00e9nement de trois jours du 6 au 8 novembre. <\/p>\n<\/li>\n<li>\n<p><strong>Vente du vendredi noir<\/strong>: Le Black Friday commence en ligne le jeudi 27 novembre et en magasin le vendredi 28 novembre.<\/p>\n<\/li>\n<li>\n<p><strong>Garantie du meilleur prix pour les vacances<\/strong>: Du 1er novembre au 24 d\u00e9cembre.<\/p>\n<\/li>\n<\/ul>\n<h2 id=\"what-deals-will-target-have-for-cyber-monday\">Quelles offres Target proposera-t-il pour le Cyber \u200b\u200b\u200b\u200bMonday ?<\/h2>\n<p>Target proposera des offres sur des cadeaux, des d\u00e9corations de vacances, des jouets, des v\u00eatements, des articles essentiels pour la cuisine et bien plus encore. Voici quelques offres que Target a d\u00e9j\u00e0 publi\u00e9es\u00a0:<\/p>\n<ul>\n<li>\n<p>40% de r\u00e9duction sur les pyjamas.<\/p>\n<\/li>\n<li>\n<p>40\u00a0% de r\u00e9duction sur les pulls, sweat-shirts et pantalons de surv\u00eatement pour femmes et enfants.<\/p>\n<\/li>\n<li>\n<p>40 % de rabais sur une s\u00e9lection de d\u00e9corations et de lumi\u00e8res des F\u00eates.<\/p>\n<\/li>\n<li>\n<p>40\u00a0% de r\u00e9duction sur une s\u00e9lection de LEGO.<\/p>\n<\/li>\n<li>\n<p>40\u00a0% de r\u00e9duction sur les t-shirts, shorts et robes pour tout-petits Cat &#038; Jack.<\/p>\n<\/li>\n<li>\n<p>40\u00a0% de r\u00e9duction sur Champion.<\/p>\n<\/li>\n<li>\n<p>40% de r\u00e9duction sur les draps de vacances.<\/p>\n<\/li>\n<li>\n<p>Jusqu&rsquo;\u00e0 50\u00a0% de r\u00e9duction sur les petits \u00e9lectrom\u00e9nagers et l&rsquo;entretien des sols, y compris Ninja.<\/p>\n<\/li>\n<li>\n<p>Jusqu&rsquo;\u00e0 50\u00a0% de r\u00e9duction sur une s\u00e9lection de jouets, notamment Barbie, FAO Schwarz et Hot Wheels.<\/p>\n<\/li>\n<li>\n<p>30 % de rabais sur les v\u00eatements Levi&rsquo;s pour femmes et hommes.<\/p>\n<\/li>\n<\/ul>\n<h2 id=\"do-you-need-to-be-a-member-to-shop-targets-cyber-monday-sale\">Devez-vous \u00eatre membre pour profiter des soldes Cyber \u200b\u200b\u200b\u200bMonday de Target\u00a0?<\/h2>\n<p>Vous devrez \u00eatre membre du Circle pour participer \u00e0 la vente, mais contrairement \u00e0 un abonnement Prime, Target Circle est gratuit. Vous pouvez cr\u00e9er un compte sur l&rsquo;application Target ou Target.com.<\/p>\n<p>Vous pouvez \u00e9galement payer pour un abonnement Target Circle 360, qui vous donne un acc\u00e8s anticip\u00e9 \u00e0 la vente ainsi que d&rsquo;autres avantages, comme la livraison le jour m\u00eame. Si vous \u00eates b\u00e9n\u00e9ficiaire d&rsquo;une aide gouvernementale ou \u00e9tudiant, vous pouvez \u00e9conomiser 50 % sur l&rsquo;abonnement d&rsquo;un an \u00e0 Circle 360 \u200b\u200b; sinon, \u00e7a commence \u00e0 <strong>10,99\u00a0$<\/strong> par mois. Mais encore une fois, un abonnement payant n\u2019est pas n\u00e9cessaire pour b\u00e9n\u00e9ficier de toutes les meilleures offres.<\/p>\n<h2 id=\"what-are-other-retailers-doing-for-cyber-monday\">Que font les autres d\u00e9taillants pour le Cyber \u200b\u200b\u200b\u200bMonday\u00a0?<\/h2>\n<ul>\n<li>\n<p>Les ventes de Best Buy se d\u00e9roulent du 31 octobre au 24 d\u00e9cembre. C&rsquo;est une option particuli\u00e8rement int\u00e9ressante si vous \u00eates membre My Best Buy \u00ab Plus \u00bb ou \u00ab Total \u00bb.<\/p>\n<\/li>\n<li>\n<p>Walmart propose des offres du 14 novembre au 1er d\u00e9cembre.<\/p>\n<\/li>\n<li>\n<p>Amazon a \u00e9t\u00e9 le dernier \u00e0 publier ses plans pour le Black Friday. La Black Friday Week et le Cyber \u200b\u200bMonday d&rsquo;Amazon se d\u00e9rouleront du 20 novembre au 1er d\u00e9cembre.<\/p>\n<\/li>\n<\/ul>\n","protected":false},"excerpt":{"rendered":"<p>Les premi\u00e8res ventes du Cyber \u200b\u200b\u200b\u200bMonday de Target sont l\u00e0, avec des offres sur les \u00e9couteurs, les t\u00e9l\u00e9viseurs, les haut-parleurs, les tablettes et bien plus<\/p>\n","protected":false},"author":1,"featured_media":11401,"comment_status":"","ping_status":"","sticky":false,"template":"","format":"standard","meta":{"footnotes":""},"categories":[13],"tags":[2887,1287,2624,1850,2098,14,3981,79,2625,345,81,1878,2977,2789],"class_list":["post-11640","post","type-post","status-publish","format-standard","has-post-thumbnail","hentry","category-technologie","tag-bose","tag-chez","tag-cyber","tag-dautres","tag-grandes","tag-les","tag-marques","tag-meilleures","tag-monday","tag-offres","tag-pour","tag-samsung","tag-target","tag-technologiques","generate-columns","tablet-grid-50","mobile-grid-100","grid-parent","grid-33"],"yoast_head":"<!-- This site is optimized with the Yoast SEO plugin v24.0 - https:\/\/yoast.com\/wordpress\/plugins\/seo\/ -->\n<title>Les meilleures offres du Cyber \u200b\u200bMonday chez Target pour Bose, Samsung et d&#039;autres grandes marques technologiques | Vie Associative<\/title>\n<meta name=\"robots\" content=\"index, follow, max-snippet:-1, max-image-preview:large, max-video-preview:-1\" \/>\n<link rel=\"canonical\" href=\"https:\/\/vieassociative.be\/actualites\/les-meilleures-offres-du-cyber-monday-chez-target-pour-bose-samsung-et-dautres-grandes-marques-technologiques\/\" \/>\n<meta property=\"og:locale\" content=\"fr_FR\" \/>\n<meta property=\"og:type\" content=\"article\" \/>\n<meta property=\"og:title\" content=\"Les meilleures offres du Cyber \u200b\u200bMonday chez Target pour Bose, Samsung et d&#039;autres grandes marques technologiques | Vie Associative\" \/>\n<meta property=\"og:description\" content=\"Les premi\u00e8res ventes du Cyber \u200b\u200b\u200b\u200bMonday de Target sont l\u00e0, avec des offres sur les \u00e9couteurs, les t\u00e9l\u00e9viseurs, les haut-parleurs, les tablettes et bien plus\" \/>\n<meta property=\"og:url\" content=\"https:\/\/vieassociative.be\/actualites\/les-meilleures-offres-du-cyber-monday-chez-target-pour-bose-samsung-et-dautres-grandes-marques-technologiques\/\" \/>\n<meta property=\"og:site_name\" content=\"Vie Associative\" \/>\n<meta property=\"article:published_time\" content=\"2025-12-01T07:18:18+00:00\" \/>\n<meta property=\"og:image\" content=\"https:\/\/vieassociative.be\/actualites\/wp-content\/uploads\/2025\/11\/Ce-sont-les-meilleures-offres-du-Black-Friday-de-Target.png\" \/>\n<meta name=\"author\" content=\"Julien\" \/>\n<meta name=\"twitter:card\" content=\"summary_large_image\" \/>\n<meta name=\"twitter:label1\" content=\"\u00c9crit par\" \/>\n\t<meta name=\"twitter:data1\" content=\"Julien\" \/>\n\t<meta name=\"twitter:label2\" content=\"Dur\u00e9e de lecture est.\" \/>\n\t<meta name=\"twitter:data2\" content=\"8 minutes\" \/>\n<script type=\"application\/ld+json\" class=\"yoast-schema-graph\">{\"@context\":\"https:\/\/schema.org\",\"@graph\":[{\"@type\":\"Article\",\"@id\":\"https:\/\/vieassociative.be\/actualites\/les-meilleures-offres-du-cyber-monday-chez-target-pour-bose-samsung-et-dautres-grandes-marques-technologiques\/#article\",\"isPartOf\":{\"@id\":\"https:\/\/vieassociative.be\/actualites\/les-meilleures-offres-du-cyber-monday-chez-target-pour-bose-samsung-et-dautres-grandes-marques-technologiques\/\"},\"author\":{\"name\":\"Julien\",\"@id\":\"https:\/\/vieassociative.be\/actualites\/#\/schema\/person\/b87ac4f82f9d4e7b7cec7395b679edc4\"},\"headline\":\"Les meilleures offres du Cyber \u200b\u200bMonday chez Target pour Bose, Samsung et d&rsquo;autres grandes marques technologiques\",\"datePublished\":\"2025-12-01T07:18:18+00:00\",\"dateModified\":\"2025-12-01T07:18:18+00:00\",\"mainEntityOfPage\":{\"@id\":\"https:\/\/vieassociative.be\/actualites\/les-meilleures-offres-du-cyber-monday-chez-target-pour-bose-samsung-et-dautres-grandes-marques-technologiques\/\"},\"wordCount\":1671,\"publisher\":{\"@id\":\"https:\/\/vieassociative.be\/actualites\/#organization\"},\"image\":{\"@id\":\"https:\/\/vieassociative.be\/actualites\/les-meilleures-offres-du-cyber-monday-chez-target-pour-bose-samsung-et-dautres-grandes-marques-technologiques\/#primaryimage\"},\"thumbnailUrl\":\"https:\/\/vieassociative.be\/actualites\/wp-content\/uploads\/2025\/11\/1763515078_Ce-sont-les-meilleures-offres-du-Black-Friday-de-Target.png\",\"keywords\":[\"Bose\",\"chez\",\"Cyber\",\"dautres\",\"grandes\",\"Les\",\"marques\",\"meilleures\",\"Monday\",\"offres\",\"pour\",\"Samsung\",\"Target\",\"technologiques\"],\"articleSection\":[\"Technologie\"],\"inLanguage\":\"fr-BE\"},{\"@type\":\"WebPage\",\"@id\":\"https:\/\/vieassociative.be\/actualites\/les-meilleures-offres-du-cyber-monday-chez-target-pour-bose-samsung-et-dautres-grandes-marques-technologiques\/\",\"url\":\"https:\/\/vieassociative.be\/actualites\/les-meilleures-offres-du-cyber-monday-chez-target-pour-bose-samsung-et-dautres-grandes-marques-technologiques\/\",\"name\":\"Les meilleures offres du Cyber \u200b\u200bMonday chez Target pour Bose, Samsung et d'autres grandes marques technologiques | Vie Associative\",\"isPartOf\":{\"@id\":\"https:\/\/vieassociative.be\/actualites\/#website\"},\"primaryImageOfPage\":{\"@id\":\"https:\/\/vieassociative.be\/actualites\/les-meilleures-offres-du-cyber-monday-chez-target-pour-bose-samsung-et-dautres-grandes-marques-technologiques\/#primaryimage\"},\"image\":{\"@id\":\"https:\/\/vieassociative.be\/actualites\/les-meilleures-offres-du-cyber-monday-chez-target-pour-bose-samsung-et-dautres-grandes-marques-technologiques\/#primaryimage\"},\"thumbnailUrl\":\"https:\/\/vieassociative.be\/actualites\/wp-content\/uploads\/2025\/11\/1763515078_Ce-sont-les-meilleures-offres-du-Black-Friday-de-Target.png\",\"datePublished\":\"2025-12-01T07:18:18+00:00\",\"dateModified\":\"2025-12-01T07:18:18+00:00\",\"breadcrumb\":{\"@id\":\"https:\/\/vieassociative.be\/actualites\/les-meilleures-offres-du-cyber-monday-chez-target-pour-bose-samsung-et-dautres-grandes-marques-technologiques\/#breadcrumb\"},\"inLanguage\":\"fr-BE\",\"potentialAction\":[{\"@type\":\"ReadAction\",\"target\":[\"https:\/\/vieassociative.be\/actualites\/les-meilleures-offres-du-cyber-monday-chez-target-pour-bose-samsung-et-dautres-grandes-marques-technologiques\/\"]}]},{\"@type\":\"ImageObject\",\"inLanguage\":\"fr-BE\",\"@id\":\"https:\/\/vieassociative.be\/actualites\/les-meilleures-offres-du-cyber-monday-chez-target-pour-bose-samsung-et-dautres-grandes-marques-technologiques\/#primaryimage\",\"url\":\"https:\/\/vieassociative.be\/actualites\/wp-content\/uploads\/2025\/11\/1763515078_Ce-sont-les-meilleures-offres-du-Black-Friday-de-Target.png\",\"contentUrl\":\"https:\/\/vieassociative.be\/actualites\/wp-content\/uploads\/2025\/11\/1763515078_Ce-sont-les-meilleures-offres-du-Black-Friday-de-Target.png\",\"width\":1200,\"height\":675,\"caption\":\"Ce sont les meilleures offres du Black Friday de Target sur la technologie\"},{\"@type\":\"BreadcrumbList\",\"@id\":\"https:\/\/vieassociative.be\/actualites\/les-meilleures-offres-du-cyber-monday-chez-target-pour-bose-samsung-et-dautres-grandes-marques-technologiques\/#breadcrumb\",\"itemListElement\":[{\"@type\":\"ListItem\",\"position\":1,\"name\":\"Accueil\",\"item\":\"https:\/\/vieassociative.be\/actualites\/\"},{\"@type\":\"ListItem\",\"position\":2,\"name\":\"Les meilleures offres du Cyber \u200b\u200bMonday chez Target pour Bose, Samsung et d&rsquo;autres grandes marques technologiques\"}]},{\"@type\":\"WebSite\",\"@id\":\"https:\/\/vieassociative.be\/actualites\/#website\",\"url\":\"https:\/\/vieassociative.be\/actualites\/\",\"name\":\"Vie Associative\",\"description\":\"\",\"publisher\":{\"@id\":\"https:\/\/vieassociative.be\/actualites\/#organization\"},\"potentialAction\":[{\"@type\":\"SearchAction\",\"target\":{\"@type\":\"EntryPoint\",\"urlTemplate\":\"https:\/\/vieassociative.be\/actualites\/?s={search_term_string}\"},\"query-input\":{\"@type\":\"PropertyValueSpecification\",\"valueRequired\":true,\"valueName\":\"search_term_string\"}}],\"inLanguage\":\"fr-BE\"},{\"@type\":\"Organization\",\"@id\":\"https:\/\/vieassociative.be\/actualites\/#organization\",\"name\":\"Vie Associative\",\"url\":\"https:\/\/vieassociative.be\/actualites\/\",\"logo\":{\"@type\":\"ImageObject\",\"inLanguage\":\"fr-BE\",\"@id\":\"https:\/\/vieassociative.be\/actualites\/#\/schema\/logo\/image\/\",\"url\":\"https:\/\/vieassociative.be\/actualites\/wp-content\/uploads\/2024\/09\/cropped-vieassociative_favicon.ico.png\",\"contentUrl\":\"https:\/\/vieassociative.be\/actualites\/wp-content\/uploads\/2024\/09\/cropped-vieassociative_favicon.ico.png\",\"width\":512,\"height\":512,\"caption\":\"Vie Associative\"},\"image\":{\"@id\":\"https:\/\/vieassociative.be\/actualites\/#\/schema\/logo\/image\/\"}},{\"@type\":\"Person\",\"@id\":\"https:\/\/vieassociative.be\/actualites\/#\/schema\/person\/b87ac4f82f9d4e7b7cec7395b679edc4\",\"name\":\"Julien\",\"image\":{\"@type\":\"ImageObject\",\"inLanguage\":\"fr-BE\",\"@id\":\"https:\/\/vieassociative.be\/actualites\/#\/schema\/person\/image\/\",\"url\":\"https:\/\/vieassociative.be\/actualites\/wp-content\/uploads\/2024\/09\/vie-associative-1-150x150.jpg\",\"contentUrl\":\"https:\/\/vieassociative.be\/actualites\/wp-content\/uploads\/2024\/09\/vie-associative-1-150x150.jpg\",\"caption\":\"Julien\"},\"description\":\"Je suis Julien, r\u00e9dacteur pour Vie Associative. Passionn\u00e9 par le monde associatif depuis plus de 10 ans, j'ai \u00e0 c\u0153ur de partager des histoires inspirantes et de mettre en lumi\u00e8re les initiatives locales. Mon objectif est de sensibiliser et d'encourager l'engagement communautaire \u00e0 travers mes articles.\",\"sameAs\":[\"https:\/\/vieassociative.be\/\"]}]}<\/script>\n<!-- \/ Yoast SEO plugin. -->","yoast_head_json":{"title":"Les meilleures offres du Cyber \u200b\u200bMonday chez Target pour Bose, Samsung et d'autres grandes marques technologiques | Vie Associative","robots":{"index":"index","follow":"follow","max-snippet":"max-snippet:-1","max-image-preview":"max-image-preview:large","max-video-preview":"max-video-preview:-1"},"canonical":"https:\/\/vieassociative.be\/actualites\/les-meilleures-offres-du-cyber-monday-chez-target-pour-bose-samsung-et-dautres-grandes-marques-technologiques\/","og_locale":"fr_FR","og_type":"article","og_title":"Les meilleures offres du Cyber \u200b\u200bMonday chez Target pour Bose, Samsung et d'autres grandes marques technologiques | Vie Associative","og_description":"Les premi\u00e8res ventes du Cyber \u200b\u200b\u200b\u200bMonday de Target sont l\u00e0, avec des offres sur les \u00e9couteurs, les t\u00e9l\u00e9viseurs, les haut-parleurs, les tablettes et bien plus","og_url":"https:\/\/vieassociative.be\/actualites\/les-meilleures-offres-du-cyber-monday-chez-target-pour-bose-samsung-et-dautres-grandes-marques-technologiques\/","og_site_name":"Vie Associative","article_published_time":"2025-12-01T07:18:18+00:00","og_image":[{"url":"https:\/\/vieassociative.be\/actualites\/wp-content\/uploads\/2025\/11\/Ce-sont-les-meilleures-offres-du-Black-Friday-de-Target.png","type":"","width":"","height":""}],"author":"Julien","twitter_card":"summary_large_image","twitter_misc":{"\u00c9crit par":"Julien","Dur\u00e9e de lecture est.":"8 minutes"},"schema":{"@context":"https:\/\/schema.org","@graph":[{"@type":"Article","@id":"https:\/\/vieassociative.be\/actualites\/les-meilleures-offres-du-cyber-monday-chez-target-pour-bose-samsung-et-dautres-grandes-marques-technologiques\/#article","isPartOf":{"@id":"https:\/\/vieassociative.be\/actualites\/les-meilleures-offres-du-cyber-monday-chez-target-pour-bose-samsung-et-dautres-grandes-marques-technologiques\/"},"author":{"name":"Julien","@id":"https:\/\/vieassociative.be\/actualites\/#\/schema\/person\/b87ac4f82f9d4e7b7cec7395b679edc4"},"headline":"Les meilleures offres du Cyber \u200b\u200bMonday chez Target pour Bose, Samsung et d&rsquo;autres grandes marques technologiques","datePublished":"2025-12-01T07:18:18+00:00","dateModified":"2025-12-01T07:18:18+00:00","mainEntityOfPage":{"@id":"https:\/\/vieassociative.be\/actualites\/les-meilleures-offres-du-cyber-monday-chez-target-pour-bose-samsung-et-dautres-grandes-marques-technologiques\/"},"wordCount":1671,"publisher":{"@id":"https:\/\/vieassociative.be\/actualites\/#organization"},"image":{"@id":"https:\/\/vieassociative.be\/actualites\/les-meilleures-offres-du-cyber-monday-chez-target-pour-bose-samsung-et-dautres-grandes-marques-technologiques\/#primaryimage"},"thumbnailUrl":"https:\/\/vieassociative.be\/actualites\/wp-content\/uploads\/2025\/11\/1763515078_Ce-sont-les-meilleures-offres-du-Black-Friday-de-Target.png","keywords":["Bose","chez","Cyber","dautres","grandes","Les","marques","meilleures","Monday","offres","pour","Samsung","Target","technologiques"],"articleSection":["Technologie"],"inLanguage":"fr-BE"},{"@type":"WebPage","@id":"https:\/\/vieassociative.be\/actualites\/les-meilleures-offres-du-cyber-monday-chez-target-pour-bose-samsung-et-dautres-grandes-marques-technologiques\/","url":"https:\/\/vieassociative.be\/actualites\/les-meilleures-offres-du-cyber-monday-chez-target-pour-bose-samsung-et-dautres-grandes-marques-technologiques\/","name":"Les meilleures offres du Cyber \u200b\u200bMonday chez Target pour Bose, Samsung et d'autres grandes marques technologiques | Vie Associative","isPartOf":{"@id":"https:\/\/vieassociative.be\/actualites\/#website"},"primaryImageOfPage":{"@id":"https:\/\/vieassociative.be\/actualites\/les-meilleures-offres-du-cyber-monday-chez-target-pour-bose-samsung-et-dautres-grandes-marques-technologiques\/#primaryimage"},"image":{"@id":"https:\/\/vieassociative.be\/actualites\/les-meilleures-offres-du-cyber-monday-chez-target-pour-bose-samsung-et-dautres-grandes-marques-technologiques\/#primaryimage"},"thumbnailUrl":"https:\/\/vieassociative.be\/actualites\/wp-content\/uploads\/2025\/11\/1763515078_Ce-sont-les-meilleures-offres-du-Black-Friday-de-Target.png","datePublished":"2025-12-01T07:18:18+00:00","dateModified":"2025-12-01T07:18:18+00:00","breadcrumb":{"@id":"https:\/\/vieassociative.be\/actualites\/les-meilleures-offres-du-cyber-monday-chez-target-pour-bose-samsung-et-dautres-grandes-marques-technologiques\/#breadcrumb"},"inLanguage":"fr-BE","potentialAction":[{"@type":"ReadAction","target":["https:\/\/vieassociative.be\/actualites\/les-meilleures-offres-du-cyber-monday-chez-target-pour-bose-samsung-et-dautres-grandes-marques-technologiques\/"]}]},{"@type":"ImageObject","inLanguage":"fr-BE","@id":"https:\/\/vieassociative.be\/actualites\/les-meilleures-offres-du-cyber-monday-chez-target-pour-bose-samsung-et-dautres-grandes-marques-technologiques\/#primaryimage","url":"https:\/\/vieassociative.be\/actualites\/wp-content\/uploads\/2025\/11\/1763515078_Ce-sont-les-meilleures-offres-du-Black-Friday-de-Target.png","contentUrl":"https:\/\/vieassociative.be\/actualites\/wp-content\/uploads\/2025\/11\/1763515078_Ce-sont-les-meilleures-offres-du-Black-Friday-de-Target.png","width":1200,"height":675,"caption":"Ce sont les meilleures offres du Black Friday de Target sur la technologie"},{"@type":"BreadcrumbList","@id":"https:\/\/vieassociative.be\/actualites\/les-meilleures-offres-du-cyber-monday-chez-target-pour-bose-samsung-et-dautres-grandes-marques-technologiques\/#breadcrumb","itemListElement":[{"@type":"ListItem","position":1,"name":"Accueil","item":"https:\/\/vieassociative.be\/actualites\/"},{"@type":"ListItem","position":2,"name":"Les meilleures offres du Cyber \u200b\u200bMonday chez Target pour Bose, Samsung et d&rsquo;autres grandes marques technologiques"}]},{"@type":"WebSite","@id":"https:\/\/vieassociative.be\/actualites\/#website","url":"https:\/\/vieassociative.be\/actualites\/","name":"Vie Associative","description":"","publisher":{"@id":"https:\/\/vieassociative.be\/actualites\/#organization"},"potentialAction":[{"@type":"SearchAction","target":{"@type":"EntryPoint","urlTemplate":"https:\/\/vieassociative.be\/actualites\/?s={search_term_string}"},"query-input":{"@type":"PropertyValueSpecification","valueRequired":true,"valueName":"search_term_string"}}],"inLanguage":"fr-BE"},{"@type":"Organization","@id":"https:\/\/vieassociative.be\/actualites\/#organization","name":"Vie Associative","url":"https:\/\/vieassociative.be\/actualites\/","logo":{"@type":"ImageObject","inLanguage":"fr-BE","@id":"https:\/\/vieassociative.be\/actualites\/#\/schema\/logo\/image\/","url":"https:\/\/vieassociative.be\/actualites\/wp-content\/uploads\/2024\/09\/cropped-vieassociative_favicon.ico.png","contentUrl":"https:\/\/vieassociative.be\/actualites\/wp-content\/uploads\/2024\/09\/cropped-vieassociative_favicon.ico.png","width":512,"height":512,"caption":"Vie Associative"},"image":{"@id":"https:\/\/vieassociative.be\/actualites\/#\/schema\/logo\/image\/"}},{"@type":"Person","@id":"https:\/\/vieassociative.be\/actualites\/#\/schema\/person\/b87ac4f82f9d4e7b7cec7395b679edc4","name":"Julien","image":{"@type":"ImageObject","inLanguage":"fr-BE","@id":"https:\/\/vieassociative.be\/actualites\/#\/schema\/person\/image\/","url":"https:\/\/vieassociative.be\/actualites\/wp-content\/uploads\/2024\/09\/vie-associative-1-150x150.jpg","contentUrl":"https:\/\/vieassociative.be\/actualites\/wp-content\/uploads\/2024\/09\/vie-associative-1-150x150.jpg","caption":"Julien"},"description":"Je suis Julien, r\u00e9dacteur pour Vie Associative. Passionn\u00e9 par le monde associatif depuis plus de 10 ans, j'ai \u00e0 c\u0153ur de partager des histoires inspirantes et de mettre en lumi\u00e8re les initiatives locales. Mon objectif est de sensibiliser et d'encourager l'engagement communautaire \u00e0 travers mes articles.","sameAs":["https:\/\/vieassociative.be\/"]}]}},"_links":{"self":[{"href":"https:\/\/vieassociative.be\/actualites\/wp-json\/wp\/v2\/posts\/11640"}],"collection":[{"href":"https:\/\/vieassociative.be\/actualites\/wp-json\/wp\/v2\/posts"}],"about":[{"href":"https:\/\/vieassociative.be\/actualites\/wp-json\/wp\/v2\/types\/post"}],"author":[{"embeddable":true,"href":"https:\/\/vieassociative.be\/actualites\/wp-json\/wp\/v2\/users\/1"}],"replies":[{"embeddable":true,"href":"https:\/\/vieassociative.be\/actualites\/wp-json\/wp\/v2\/comments?post=11640"}],"version-history":[{"count":0,"href":"https:\/\/vieassociative.be\/actualites\/wp-json\/wp\/v2\/posts\/11640\/revisions"}],"wp:featuredmedia":[{"embeddable":true,"href":"https:\/\/vieassociative.be\/actualites\/wp-json\/wp\/v2\/media\/11401"}],"wp:attachment":[{"href":"https:\/\/vieassociative.be\/actualites\/wp-json\/wp\/v2\/media?parent=11640"}],"wp:term":[{"taxonomy":"category","embeddable":true,"href":"https:\/\/vieassociative.be\/actualites\/wp-json\/wp\/v2\/categories?post=11640"},{"taxonomy":"post_tag","embeddable":true,"href":"https:\/\/vieassociative.be\/actualites\/wp-json\/wp\/v2\/tags?post=11640"}],"curies":[{"name":"wp","href":"https:\/\/api.w.org\/{rel}","templated":true}]}}