{"id":11633,"date":"2025-11-30T21:18:10","date_gmt":"2025-11-30T20:18:10","guid":{"rendered":"https:\/\/vieassociative.be\/actualites\/quels-projets-de-paix-pour-lukraine-un-apercu\/"},"modified":"2025-11-30T21:18:10","modified_gmt":"2025-11-30T20:18:10","slug":"quels-projets-de-paix-pour-lukraine-un-apercu","status":"publish","type":"post","link":"https:\/\/vieassociative.be\/actualites\/quels-projets-de-paix-pour-lukraine-un-apercu\/","title":{"rendered":"Quels projets de paix pour l\u2019Ukraine ? Un aper\u00e7u"},"content":{"rendered":"<p><strong>Souverainet\u00e9, cessez-le-feu, garanties de s\u00e9curit\u00e9 et renonciation au territoire : quelles id\u00e9es les acteurs importants poursuivent-ils pour la paix en Ukraine ?<\/strong><\/p>\n<p><span id=\"more-430766\"><\/span>Afin de mettre fin \u00e0 la guerre d&rsquo;agression de la Russie contre l&rsquo;Ukraine, divers acteurs ont d\u00e9j\u00e0 pr\u00e9sent\u00e9 des approches pour parvenir \u00e0 la paix. Ces revendications sont dans la salle :<\/p>\n<p>La proposition pr\u00e9liminaire am\u00e9ricaine est critiqu\u00e9e comme \u00e9tant une \u00ab liste de souhaits russes \u00bb : un plan pr\u00e9liminaire am\u00e9ricain en 28 points, rendu public par les m\u00e9dias, a r\u00e9cemment attir\u00e9 beaucoup d&rsquo;attention. Parce qu\u2019il exigeait de dures concessions de la part de l\u2019Ukraine, les critiques l\u2019ont d\u00e9crit comme une \u00ab liste de souhaits russes \u00bb. L\u2019Ukraine devrait donc conserver sa souverainet\u00e9, mais s\u2019abstenir de rejoindre l\u2019OTAN et rester exempte d\u2019armes nucl\u00e9aires.<\/p>\n<p>En \u00e9change, les \u00c9tats-Unis ont promis \u00e0 Kiev des garanties de s\u00e9curit\u00e9 fiables. Des r\u00e9gions comme Louhansk et Donetsk devraient \u00eatre reconnues comme russes. En \u00e9change, la Russie \u00ab cessera de se battre et ne conqu\u00e9rira plus aucun pays \u00bb, a d\u00e9clar\u00e9 le pr\u00e9sident am\u00e9ricain Donald Trump.<\/p>\n<div id=\"attachment_430771\" class=\"wp-caption alignleft\" style=\"max-width: 300px\"><img fetchpriority=\"high\" decoding=\"async\" class=\"wp-image-430771 size-medium\" src=\"https:\/\/vieassociative.be\/actualites\/wp-content\/uploads\/2025\/11\/Quels-projets-de-paix-pour-lUkraine-Un-apercu.jpg\" alt=\"\" width=\"300\" height=\"200\"><\/div>\n<p>Apr\u00e8s les critiques de la proposition, y compris de la part de l&rsquo;UE, des ren\u00e9gociations et des ajustements ont eu lieu. Selon les m\u00e9dias, le plan a \u00e9t\u00e9 r\u00e9duit de quelques points. Le pr\u00e9sident du Conseil de l&rsquo;UE, Ant\u00f3nio Costa, a r\u00e9cemment d\u00e9clar\u00e9 au \u00ab Handelsblatt \u00bb que tout ce qui concernait l&rsquo;UE et l&rsquo;OTAN avait \u00e9t\u00e9 supprim\u00e9 d&rsquo;un nouveau document de travail.<\/p>\n<p>Kyiv et Washington ont r\u00e9cemment indiqu\u00e9 qu\u2019il existait une position largement commune. Il n\u2019y a que de petites diff\u00e9rences, ont-ils d\u00e9clar\u00e9. Cependant, la question centrale derri\u00e8re cela pourrait \u00eatre de savoir comment g\u00e9rer les zones d\u2019Ukraine occup\u00e9es par la Russie.<\/p>\n<p><strong>\u2013 Le cessez-le-feu n\u2019a pas dur\u00e9 longtemps :<\/strong> Les \u00c9tats-Unis avaient d\u00e9j\u00e0 n\u00e9goci\u00e9 un cessez-le-feu en mars de cette ann\u00e9e. La Russie et l&rsquo;Ukraine ont convenu de suspendre temporairement leurs attaques contre leurs infrastructures \u00e9nerg\u00e9tiques respectives.<\/p>\n<p>Cette approche devrait constituer une premi\u00e8re \u00e9tape r\u00e9aliste vers l\u2019instauration de la confiance. Mais finalement, les deux parties se sont mutuellement accus\u00e9es de ne pas respecter l&rsquo;accord. Aujourd\u2019hui encore, les infrastructures \u00e9nerg\u00e9tiques sont l\u2019objet d\u2019attaques mutuelles.<\/p>\n<p><strong>\u2013 La Coalition des volontaires :<\/strong> Sous la direction de la Grande-Bretagne et de la France, divers \u00c9tats partisans de Kiev, dont l\u2019Allemagne, ont discut\u00e9 \u00e0 plusieurs reprises d\u2019une \u00e9ventuelle future mission en Ukraine pour garantir une solution de paix en tant que \u00ab coalition des volontaires \u00bb. Il s\u2019agissait d\u2019une \u00e9ventuelle pr\u00e9sence de troupes, par exemple dans le cadre d\u2019une mission de formation.<\/p>\n<\/p>\n<div id=\"attachment_430772\" class=\"wp-caption alignleft\" style=\"max-width: 300px\"><img decoding=\"async\" class=\"wp-image-430772 size-medium\" src=\"https:\/\/vieassociative.be\/actualites\/wp-content\/uploads\/2025\/11\/1764533890_723_Quels-projets-de-paix-pour-lUkraine-Un-apercu.jpg\" alt=\"\" width=\"300\" height=\"200\"><\/div>\n<p>Le projet est toujours d&rsquo;actualit\u00e9 aujourd&rsquo;hui et vise \u00e0 repr\u00e9senter une garantie de s\u00e9curit\u00e9 pour l&rsquo;Ukraine. La Russie rejette cat\u00e9goriquement les troupes des pays de l&rsquo;OTAN pour obtenir un cessez-le-feu \u2013 et a menac\u00e9 de les consid\u00e9rer comme une cible militaire.<\/p>\n<p><strong>\u2013 Le document de position de la Chine est rest\u00e9 vague :<\/strong> La Chine a publi\u00e9 en f\u00e9vrier 2023 une prise de position sur la guerre en Ukraine et a appel\u00e9 \u00e0 des n\u00e9gociations entre les parties bellig\u00e9rantes. Cependant, \u00e9tant donn\u00e9 que la liste n\u2019\u00e9tait pas un guide de r\u00e8glement, mais plut\u00f4t des positions g\u00e9n\u00e9rales, P\u00e9kin a \u00e9t\u00e9 critiqu\u00e9e. Kyiv en particulier n\u2019y voyait pas une solution. Les observateurs soup\u00e7onnaient la Chine de vouloir \u00e9viter de para\u00eetre silencieuse dans le conflit. Le contenu traitait, par exemple, de la cessation des hostilit\u00e9s et du respect du droit international. M\u00eame si la Chine insiste sur sa neutralit\u00e9, elle est critiqu\u00e9e en Occident pour avoir soutenu la Russie dans sa guerre.<\/p>\n<p><strong>\u2013 La \u00ab Formule de paix \u00bb de Zelensky :<\/strong> D\u00e8s 2022, le pr\u00e9sident ukrainien Volodymyr Zelensky avait pr\u00e9sent\u00e9 son plan de paix en dix points. Il y appelle au retrait complet des troupes russes du territoire ukrainien, au paiement de r\u00e9parations et \u00e0 la condamnation des criminels de guerre russes. Les prisonniers de guerre ukrainiens doivent \u00eatre lib\u00e9r\u00e9s.<\/p>\n<p>Des garanties de s\u00e9curit\u00e9 militaire faisaient \u00e9galement partie des revendications. \u00c0 l\u2019\u00e9poque, le plan avait re\u00e7u un large soutien de la part de l\u2019UE et des encouragements lors de plusieurs grandes conf\u00e9rences internationales. La Russie, qui n\u2019a pas \u00e9t\u00e9 invit\u00e9e aux conf\u00e9rences de paix de Zelensky, a critiqu\u00e9 cette approche comme \u00e9tant compl\u00e8tement d\u00e9connect\u00e9e de la r\u00e9alit\u00e9.<\/p>\n<div id=\"attachment_430774\" class=\"wp-caption alignleft\" style=\"max-width: 300px\"><img decoding=\"async\" class=\"wp-image-430774 size-medium\" src=\"https:\/\/vieassociative.be\/actualites\/wp-content\/uploads\/2025\/11\/1764533890_170_Quels-projets-de-paix-pour-lUkraine-Un-apercu.jpg\" alt=\"\" width=\"300\" height=\"200\"><\/div>\n<p><strong>\u2013 Pour Poutine, l\u2019Ukraine devrait devenir neutre :<\/strong> Peu apr\u00e8s le d\u00e9but de la guerre d\u2019agression russe, des n\u00e9gociations ont eu lieu entre Ukrainiens et Russes, d\u2019abord en Bi\u00e9lorussie, puis en Turquie. Le chef du Kremlin, Vladimir Poutine, appelle \u00e0 la reconnaissance de la souverainet\u00e9 russe sur la p\u00e9ninsule de Crim\u00e9e de la mer Noire, annex\u00e9e en 2014.<\/p>\n<p>En septembre 2022, il annexe les r\u00e9gions de Donzek, Louhansk, Kherson et Zaporizhia et les d\u00e9clare territoire russe par la constitution. Il exige que Kiev abandonne Donetsk et Louhansk et se retire des r\u00e9gions non encore contr\u00f4l\u00e9es par la Russie. L\u2019Ukraine a jusqu\u2019\u00e0 pr\u00e9sent rejet\u00e9 cette proposition.<\/p>\n<p>Selon le plan de Trump, dans les r\u00e9gions de Kherson et de Zaporizhzhia, qui ne sont pas non plus enti\u00e8rement contr\u00f4l\u00e9es par les troupes russes, Moscou devrait accepter le gel de la ligne de front afin de mettre fin aux combats. Les Russes veulent \u00e9galement la d\u00e9militarisation et un statut neutre pour l\u2019Ukraine \u2013 sans adh\u00e9rer \u00e0 l\u2019OTAN. Mais pour Kyiv, ces conditions \u00e9quivalent \u00e0 une capitulation. Les exigences incluent, entre autres, l\u2019arr\u00eat des livraisons d\u2019armes occidentales et la fin des sanctions contre la Russie. (dpa)<\/p>\n","protected":false},"excerpt":{"rendered":"<p>Souverainet\u00e9, cessez-le-feu, garanties de s\u00e9curit\u00e9 et renonciation au territoire : quelles id\u00e9es les acteurs importants poursuivent-ils pour la paix en Ukraine ? Afin de mettre<\/p>\n","protected":false},"author":1,"featured_media":11634,"comment_status":"","ping_status":"","sticky":false,"template":"","format":"standard","meta":{"footnotes":""},"categories":[298],"tags":[4895,3403,3280,81,4087,3384],"class_list":["post-11633","post","type-post","status-publish","format-standard","has-post-thumbnail","hentry","category-belgique","tag-apercu","tag-lukraine","tag-paix","tag-pour","tag-projets","tag-quels","generate-columns","tablet-grid-50","mobile-grid-100","grid-parent","grid-33"],"yoast_head":"<!-- This site is optimized with the Yoast SEO plugin v24.0 - https:\/\/yoast.com\/wordpress\/plugins\/seo\/ -->\n<title>Quels projets de paix pour l\u2019Ukraine ? Un aper\u00e7u | Vie Associative<\/title>\n<meta name=\"robots\" content=\"index, follow, max-snippet:-1, max-image-preview:large, max-video-preview:-1\" \/>\n<link rel=\"canonical\" href=\"https:\/\/vieassociative.be\/actualites\/quels-projets-de-paix-pour-lukraine-un-apercu\/\" \/>\n<meta property=\"og:locale\" content=\"fr_FR\" \/>\n<meta property=\"og:type\" content=\"article\" \/>\n<meta property=\"og:title\" content=\"Quels projets de paix pour l\u2019Ukraine ? Un aper\u00e7u | Vie Associative\" \/>\n<meta property=\"og:description\" content=\"Souverainet\u00e9, cessez-le-feu, garanties de s\u00e9curit\u00e9 et renonciation au territoire : quelles id\u00e9es les acteurs importants poursuivent-ils pour la paix en Ukraine ? Afin de mettre\" \/>\n<meta property=\"og:url\" content=\"https:\/\/vieassociative.be\/actualites\/quels-projets-de-paix-pour-lukraine-un-apercu\/\" \/>\n<meta property=\"og:site_name\" content=\"Vie Associative\" \/>\n<meta property=\"article:published_time\" content=\"2025-11-30T20:18:10+00:00\" \/>\n<meta property=\"og:image\" content=\"https:\/\/vieassociative.be\/actualites\/wp-content\/uploads\/2024\/09\/header_backgroundk-01-e1726694325946.png\" \/>\n\t<meta property=\"og:image:width\" content=\"279\" \/>\n\t<meta property=\"og:image:height\" content=\"92\" \/>\n\t<meta property=\"og:image:type\" content=\"image\/png\" \/>\n<meta name=\"author\" content=\"Julien\" \/>\n<meta name=\"twitter:card\" content=\"summary_large_image\" \/>\n<meta name=\"twitter:label1\" content=\"\u00c9crit par\" \/>\n\t<meta name=\"twitter:data1\" content=\"Julien\" \/>\n\t<meta name=\"twitter:label2\" content=\"Dur\u00e9e de lecture est.\" \/>\n\t<meta name=\"twitter:data2\" content=\"5 minutes\" \/>\n<script type=\"application\/ld+json\" class=\"yoast-schema-graph\">{\"@context\":\"https:\/\/schema.org\",\"@graph\":[{\"@type\":\"Article\",\"@id\":\"https:\/\/vieassociative.be\/actualites\/quels-projets-de-paix-pour-lukraine-un-apercu\/#article\",\"isPartOf\":{\"@id\":\"https:\/\/vieassociative.be\/actualites\/quels-projets-de-paix-pour-lukraine-un-apercu\/\"},\"author\":{\"name\":\"Julien\",\"@id\":\"https:\/\/vieassociative.be\/actualites\/#\/schema\/person\/b87ac4f82f9d4e7b7cec7395b679edc4\"},\"headline\":\"Quels projets de paix pour l\u2019Ukraine ? Un aper\u00e7u\",\"datePublished\":\"2025-11-30T20:18:10+00:00\",\"dateModified\":\"2025-11-30T20:18:10+00:00\",\"mainEntityOfPage\":{\"@id\":\"https:\/\/vieassociative.be\/actualites\/quels-projets-de-paix-pour-lukraine-un-apercu\/\"},\"wordCount\":986,\"publisher\":{\"@id\":\"https:\/\/vieassociative.be\/actualites\/#organization\"},\"image\":{\"@id\":\"https:\/\/vieassociative.be\/actualites\/quels-projets-de-paix-pour-lukraine-un-apercu\/#primaryimage\"},\"thumbnailUrl\":\"https:\/\/vieassociative.be\/actualites\/wp-content\/uploads\/2025\/11\/1764533891_Quels-projets-de-paix-pour-lUkraine-Un-apercu.jpg\",\"keywords\":[\"aper\u00e7u\",\"lUkraine\",\"paix\",\"pour\",\"Projets\",\"quels\"],\"articleSection\":[\"Belgique\"],\"inLanguage\":\"fr-BE\"},{\"@type\":\"WebPage\",\"@id\":\"https:\/\/vieassociative.be\/actualites\/quels-projets-de-paix-pour-lukraine-un-apercu\/\",\"url\":\"https:\/\/vieassociative.be\/actualites\/quels-projets-de-paix-pour-lukraine-un-apercu\/\",\"name\":\"Quels projets de paix pour l\u2019Ukraine ? Un aper\u00e7u | Vie Associative\",\"isPartOf\":{\"@id\":\"https:\/\/vieassociative.be\/actualites\/#website\"},\"primaryImageOfPage\":{\"@id\":\"https:\/\/vieassociative.be\/actualites\/quels-projets-de-paix-pour-lukraine-un-apercu\/#primaryimage\"},\"image\":{\"@id\":\"https:\/\/vieassociative.be\/actualites\/quels-projets-de-paix-pour-lukraine-un-apercu\/#primaryimage\"},\"thumbnailUrl\":\"https:\/\/vieassociative.be\/actualites\/wp-content\/uploads\/2025\/11\/1764533891_Quels-projets-de-paix-pour-lUkraine-Un-apercu.jpg\",\"datePublished\":\"2025-11-30T20:18:10+00:00\",\"dateModified\":\"2025-11-30T20:18:10+00:00\",\"breadcrumb\":{\"@id\":\"https:\/\/vieassociative.be\/actualites\/quels-projets-de-paix-pour-lukraine-un-apercu\/#breadcrumb\"},\"inLanguage\":\"fr-BE\",\"potentialAction\":[{\"@type\":\"ReadAction\",\"target\":[\"https:\/\/vieassociative.be\/actualites\/quels-projets-de-paix-pour-lukraine-un-apercu\/\"]}]},{\"@type\":\"ImageObject\",\"inLanguage\":\"fr-BE\",\"@id\":\"https:\/\/vieassociative.be\/actualites\/quels-projets-de-paix-pour-lukraine-un-apercu\/#primaryimage\",\"url\":\"https:\/\/vieassociative.be\/actualites\/wp-content\/uploads\/2025\/11\/1764533891_Quels-projets-de-paix-pour-lUkraine-Un-apercu.jpg\",\"contentUrl\":\"https:\/\/vieassociative.be\/actualites\/wp-content\/uploads\/2025\/11\/1764533891_Quels-projets-de-paix-pour-lUkraine-Un-apercu.jpg\",\"width\":1200,\"height\":800,\"caption\":\"Quels projets de paix pour l\u2019Ukraine ? Un aper\u00e7u\"},{\"@type\":\"BreadcrumbList\",\"@id\":\"https:\/\/vieassociative.be\/actualites\/quels-projets-de-paix-pour-lukraine-un-apercu\/#breadcrumb\",\"itemListElement\":[{\"@type\":\"ListItem\",\"position\":1,\"name\":\"Accueil\",\"item\":\"https:\/\/vieassociative.be\/actualites\/\"},{\"@type\":\"ListItem\",\"position\":2,\"name\":\"Quels projets de paix pour l\u2019Ukraine ? Un aper\u00e7u\"}]},{\"@type\":\"WebSite\",\"@id\":\"https:\/\/vieassociative.be\/actualites\/#website\",\"url\":\"https:\/\/vieassociative.be\/actualites\/\",\"name\":\"Vie Associative\",\"description\":\"\",\"publisher\":{\"@id\":\"https:\/\/vieassociative.be\/actualites\/#organization\"},\"potentialAction\":[{\"@type\":\"SearchAction\",\"target\":{\"@type\":\"EntryPoint\",\"urlTemplate\":\"https:\/\/vieassociative.be\/actualites\/?s={search_term_string}\"},\"query-input\":{\"@type\":\"PropertyValueSpecification\",\"valueRequired\":true,\"valueName\":\"search_term_string\"}}],\"inLanguage\":\"fr-BE\"},{\"@type\":\"Organization\",\"@id\":\"https:\/\/vieassociative.be\/actualites\/#organization\",\"name\":\"Vie Associative\",\"url\":\"https:\/\/vieassociative.be\/actualites\/\",\"logo\":{\"@type\":\"ImageObject\",\"inLanguage\":\"fr-BE\",\"@id\":\"https:\/\/vieassociative.be\/actualites\/#\/schema\/logo\/image\/\",\"url\":\"https:\/\/vieassociative.be\/actualites\/wp-content\/uploads\/2024\/09\/cropped-vieassociative_favicon.ico.png\",\"contentUrl\":\"https:\/\/vieassociative.be\/actualites\/wp-content\/uploads\/2024\/09\/cropped-vieassociative_favicon.ico.png\",\"width\":512,\"height\":512,\"caption\":\"Vie Associative\"},\"image\":{\"@id\":\"https:\/\/vieassociative.be\/actualites\/#\/schema\/logo\/image\/\"}},{\"@type\":\"Person\",\"@id\":\"https:\/\/vieassociative.be\/actualites\/#\/schema\/person\/b87ac4f82f9d4e7b7cec7395b679edc4\",\"name\":\"Julien\",\"image\":{\"@type\":\"ImageObject\",\"inLanguage\":\"fr-BE\",\"@id\":\"https:\/\/vieassociative.be\/actualites\/#\/schema\/person\/image\/\",\"url\":\"https:\/\/vieassociative.be\/actualites\/wp-content\/uploads\/2024\/09\/vie-associative-1-150x150.jpg\",\"contentUrl\":\"https:\/\/vieassociative.be\/actualites\/wp-content\/uploads\/2024\/09\/vie-associative-1-150x150.jpg\",\"caption\":\"Julien\"},\"description\":\"Je suis Julien, r\u00e9dacteur pour Vie Associative. Passionn\u00e9 par le monde associatif depuis plus de 10 ans, j'ai \u00e0 c\u0153ur de partager des histoires inspirantes et de mettre en lumi\u00e8re les initiatives locales. Mon objectif est de sensibiliser et d'encourager l'engagement communautaire \u00e0 travers mes articles.\",\"sameAs\":[\"https:\/\/vieassociative.be\/\"]}]}<\/script>\n<!-- \/ Yoast SEO plugin. -->","yoast_head_json":{"title":"Quels projets de paix pour l\u2019Ukraine ? Un aper\u00e7u | Vie Associative","robots":{"index":"index","follow":"follow","max-snippet":"max-snippet:-1","max-image-preview":"max-image-preview:large","max-video-preview":"max-video-preview:-1"},"canonical":"https:\/\/vieassociative.be\/actualites\/quels-projets-de-paix-pour-lukraine-un-apercu\/","og_locale":"fr_FR","og_type":"article","og_title":"Quels projets de paix pour l\u2019Ukraine ? Un aper\u00e7u | Vie Associative","og_description":"Souverainet\u00e9, cessez-le-feu, garanties de s\u00e9curit\u00e9 et renonciation au territoire : quelles id\u00e9es les acteurs importants poursuivent-ils pour la paix en Ukraine ? Afin de mettre","og_url":"https:\/\/vieassociative.be\/actualites\/quels-projets-de-paix-pour-lukraine-un-apercu\/","og_site_name":"Vie Associative","article_published_time":"2025-11-30T20:18:10+00:00","og_image":[{"width":279,"height":92,"url":"https:\/\/vieassociative.be\/actualites\/wp-content\/uploads\/2024\/09\/header_backgroundk-01-e1726694325946.png","type":"image\/png"}],"author":"Julien","twitter_card":"summary_large_image","twitter_misc":{"\u00c9crit par":"Julien","Dur\u00e9e de lecture est.":"5 minutes"},"schema":{"@context":"https:\/\/schema.org","@graph":[{"@type":"Article","@id":"https:\/\/vieassociative.be\/actualites\/quels-projets-de-paix-pour-lukraine-un-apercu\/#article","isPartOf":{"@id":"https:\/\/vieassociative.be\/actualites\/quels-projets-de-paix-pour-lukraine-un-apercu\/"},"author":{"name":"Julien","@id":"https:\/\/vieassociative.be\/actualites\/#\/schema\/person\/b87ac4f82f9d4e7b7cec7395b679edc4"},"headline":"Quels projets de paix pour l\u2019Ukraine ? Un aper\u00e7u","datePublished":"2025-11-30T20:18:10+00:00","dateModified":"2025-11-30T20:18:10+00:00","mainEntityOfPage":{"@id":"https:\/\/vieassociative.be\/actualites\/quels-projets-de-paix-pour-lukraine-un-apercu\/"},"wordCount":986,"publisher":{"@id":"https:\/\/vieassociative.be\/actualites\/#organization"},"image":{"@id":"https:\/\/vieassociative.be\/actualites\/quels-projets-de-paix-pour-lukraine-un-apercu\/#primaryimage"},"thumbnailUrl":"https:\/\/vieassociative.be\/actualites\/wp-content\/uploads\/2025\/11\/1764533891_Quels-projets-de-paix-pour-lUkraine-Un-apercu.jpg","keywords":["aper\u00e7u","lUkraine","paix","pour","Projets","quels"],"articleSection":["Belgique"],"inLanguage":"fr-BE"},{"@type":"WebPage","@id":"https:\/\/vieassociative.be\/actualites\/quels-projets-de-paix-pour-lukraine-un-apercu\/","url":"https:\/\/vieassociative.be\/actualites\/quels-projets-de-paix-pour-lukraine-un-apercu\/","name":"Quels projets de paix pour l\u2019Ukraine ? Un aper\u00e7u | Vie Associative","isPartOf":{"@id":"https:\/\/vieassociative.be\/actualites\/#website"},"primaryImageOfPage":{"@id":"https:\/\/vieassociative.be\/actualites\/quels-projets-de-paix-pour-lukraine-un-apercu\/#primaryimage"},"image":{"@id":"https:\/\/vieassociative.be\/actualites\/quels-projets-de-paix-pour-lukraine-un-apercu\/#primaryimage"},"thumbnailUrl":"https:\/\/vieassociative.be\/actualites\/wp-content\/uploads\/2025\/11\/1764533891_Quels-projets-de-paix-pour-lUkraine-Un-apercu.jpg","datePublished":"2025-11-30T20:18:10+00:00","dateModified":"2025-11-30T20:18:10+00:00","breadcrumb":{"@id":"https:\/\/vieassociative.be\/actualites\/quels-projets-de-paix-pour-lukraine-un-apercu\/#breadcrumb"},"inLanguage":"fr-BE","potentialAction":[{"@type":"ReadAction","target":["https:\/\/vieassociative.be\/actualites\/quels-projets-de-paix-pour-lukraine-un-apercu\/"]}]},{"@type":"ImageObject","inLanguage":"fr-BE","@id":"https:\/\/vieassociative.be\/actualites\/quels-projets-de-paix-pour-lukraine-un-apercu\/#primaryimage","url":"https:\/\/vieassociative.be\/actualites\/wp-content\/uploads\/2025\/11\/1764533891_Quels-projets-de-paix-pour-lUkraine-Un-apercu.jpg","contentUrl":"https:\/\/vieassociative.be\/actualites\/wp-content\/uploads\/2025\/11\/1764533891_Quels-projets-de-paix-pour-lUkraine-Un-apercu.jpg","width":1200,"height":800,"caption":"Quels projets de paix pour l\u2019Ukraine ? Un aper\u00e7u"},{"@type":"BreadcrumbList","@id":"https:\/\/vieassociative.be\/actualites\/quels-projets-de-paix-pour-lukraine-un-apercu\/#breadcrumb","itemListElement":[{"@type":"ListItem","position":1,"name":"Accueil","item":"https:\/\/vieassociative.be\/actualites\/"},{"@type":"ListItem","position":2,"name":"Quels projets de paix pour l\u2019Ukraine ? Un aper\u00e7u"}]},{"@type":"WebSite","@id":"https:\/\/vieassociative.be\/actualites\/#website","url":"https:\/\/vieassociative.be\/actualites\/","name":"Vie Associative","description":"","publisher":{"@id":"https:\/\/vieassociative.be\/actualites\/#organization"},"potentialAction":[{"@type":"SearchAction","target":{"@type":"EntryPoint","urlTemplate":"https:\/\/vieassociative.be\/actualites\/?s={search_term_string}"},"query-input":{"@type":"PropertyValueSpecification","valueRequired":true,"valueName":"search_term_string"}}],"inLanguage":"fr-BE"},{"@type":"Organization","@id":"https:\/\/vieassociative.be\/actualites\/#organization","name":"Vie Associative","url":"https:\/\/vieassociative.be\/actualites\/","logo":{"@type":"ImageObject","inLanguage":"fr-BE","@id":"https:\/\/vieassociative.be\/actualites\/#\/schema\/logo\/image\/","url":"https:\/\/vieassociative.be\/actualites\/wp-content\/uploads\/2024\/09\/cropped-vieassociative_favicon.ico.png","contentUrl":"https:\/\/vieassociative.be\/actualites\/wp-content\/uploads\/2024\/09\/cropped-vieassociative_favicon.ico.png","width":512,"height":512,"caption":"Vie Associative"},"image":{"@id":"https:\/\/vieassociative.be\/actualites\/#\/schema\/logo\/image\/"}},{"@type":"Person","@id":"https:\/\/vieassociative.be\/actualites\/#\/schema\/person\/b87ac4f82f9d4e7b7cec7395b679edc4","name":"Julien","image":{"@type":"ImageObject","inLanguage":"fr-BE","@id":"https:\/\/vieassociative.be\/actualites\/#\/schema\/person\/image\/","url":"https:\/\/vieassociative.be\/actualites\/wp-content\/uploads\/2024\/09\/vie-associative-1-150x150.jpg","contentUrl":"https:\/\/vieassociative.be\/actualites\/wp-content\/uploads\/2024\/09\/vie-associative-1-150x150.jpg","caption":"Julien"},"description":"Je suis Julien, r\u00e9dacteur pour Vie Associative. Passionn\u00e9 par le monde associatif depuis plus de 10 ans, j'ai \u00e0 c\u0153ur de partager des histoires inspirantes et de mettre en lumi\u00e8re les initiatives locales. Mon objectif est de sensibiliser et d'encourager l'engagement communautaire \u00e0 travers mes articles.","sameAs":["https:\/\/vieassociative.be\/"]}]}},"_links":{"self":[{"href":"https:\/\/vieassociative.be\/actualites\/wp-json\/wp\/v2\/posts\/11633"}],"collection":[{"href":"https:\/\/vieassociative.be\/actualites\/wp-json\/wp\/v2\/posts"}],"about":[{"href":"https:\/\/vieassociative.be\/actualites\/wp-json\/wp\/v2\/types\/post"}],"author":[{"embeddable":true,"href":"https:\/\/vieassociative.be\/actualites\/wp-json\/wp\/v2\/users\/1"}],"replies":[{"embeddable":true,"href":"https:\/\/vieassociative.be\/actualites\/wp-json\/wp\/v2\/comments?post=11633"}],"version-history":[{"count":0,"href":"https:\/\/vieassociative.be\/actualites\/wp-json\/wp\/v2\/posts\/11633\/revisions"}],"wp:featuredmedia":[{"embeddable":true,"href":"https:\/\/vieassociative.be\/actualites\/wp-json\/wp\/v2\/media\/11634"}],"wp:attachment":[{"href":"https:\/\/vieassociative.be\/actualites\/wp-json\/wp\/v2\/media?parent=11633"}],"wp:term":[{"taxonomy":"category","embeddable":true,"href":"https:\/\/vieassociative.be\/actualites\/wp-json\/wp\/v2\/categories?post=11633"},{"taxonomy":"post_tag","embeddable":true,"href":"https:\/\/vieassociative.be\/actualites\/wp-json\/wp\/v2\/tags?post=11633"}],"curies":[{"name":"wp","href":"https:\/\/api.w.org\/{rel}","templated":true}]}}