{"id":11631,"date":"2025-11-30T20:18:43","date_gmt":"2025-11-30T19:18:43","guid":{"rendered":"https:\/\/vieassociative.be\/actualites\/blog-en-direct-des-offres-de-fitness-du-cyber-monday-2025-les-meilleures-ventes-de-montres-intelligentes-dequipements-de-salle-de-sport-et-plus-encore\/"},"modified":"2025-11-30T20:18:43","modified_gmt":"2025-11-30T19:18:43","slug":"blog-en-direct-des-offres-de-fitness-du-cyber-monday-2025-les-meilleures-ventes-de-montres-intelligentes-dequipements-de-salle-de-sport-et-plus-encore","status":"publish","type":"post","link":"https:\/\/vieassociative.be\/actualites\/blog-en-direct-des-offres-de-fitness-du-cyber-monday-2025-les-meilleures-ventes-de-montres-intelligentes-dequipements-de-salle-de-sport-et-plus-encore\/","title":{"rendered":"Blog en direct des offres de fitness du Cyber \u200b\u200bMonday 2025\u00a0: les meilleures ventes de montres intelligentes, d&rsquo;\u00e9quipements de salle de sport et plus encore"},"content":{"rendered":"<div class=\"mt-4 leading-6 md:mb-8\">Les offres du Cyber \u200b\u200b\u200b\u200bMonday sont d\u00e9j\u00e0 \u00e0 nos portes.<\/div>\n<p><\/p>\n<p>Le Cyber \u200b\u200b\u200b\u200bMonday est l\u00e0. Je suis toujours \u00e0 la recherche d&rsquo;offres sur des produits de fitness \u00e0 domicile, mais que vous ayez besoin d&rsquo;halt\u00e8res, d&rsquo;\u00e9quipements plus s\u00e9rieux ou de tout autre \u00e9l\u00e9ment pour am\u00e9liorer votre parcours de sant\u00e9 et de bien-\u00eatre, c&rsquo;est <em>le<\/em> moment \u00e0 sauver. Consultez souvent ce blog en direct pour voir les meilleures ventes de fitness que nous trouvons pour le Black Friday et le Cyber \u200b\u200bMonday.<\/p>\n","protected":false},"excerpt":{"rendered":"<p>Les offres du Cyber \u200b\u200b\u200b\u200bMonday sont d\u00e9j\u00e0 \u00e0 nos portes. Le Cyber \u200b\u200b\u200b\u200bMonday est l\u00e0. Je suis toujours \u00e0 la recherche d&rsquo;offres sur des produits<\/p>\n","protected":false},"author":1,"featured_media":11632,"comment_status":"","ping_status":"","sticky":false,"template":"","format":"standard","meta":{"footnotes":""},"categories":[38],"tags":[7637,2624,9405,29,3308,592,2703,2170,14,79,2625,3684,345,194,47,1448],"class_list":["post-11631","post","type-post","status-publish","format-standard","has-post-thumbnail","hentry","category-sante","tag-blog","tag-cyber","tag-dequipements","tag-des","tag-direct","tag-encore","tag-fitness","tag-intelligentes","tag-les","tag-meilleures","tag-monday","tag-montres","tag-offres","tag-salle","tag-sport","tag-ventes","generate-columns","tablet-grid-50","mobile-grid-100","grid-parent","grid-33"],"yoast_head":"<!-- This site is optimized with the Yoast SEO plugin v24.0 - https:\/\/yoast.com\/wordpress\/plugins\/seo\/ -->\n<title>Blog en direct des offres de fitness du Cyber \u200b\u200bMonday 2025\u00a0: les meilleures ventes de montres intelligentes, d&#039;\u00e9quipements de salle de sport et plus encore | Vie Associative<\/title>\n<meta name=\"robots\" content=\"index, follow, max-snippet:-1, max-image-preview:large, max-video-preview:-1\" \/>\n<link rel=\"canonical\" href=\"https:\/\/vieassociative.be\/actualites\/blog-en-direct-des-offres-de-fitness-du-cyber-monday-2025-les-meilleures-ventes-de-montres-intelligentes-dequipements-de-salle-de-sport-et-plus-encore\/\" \/>\n<meta property=\"og:locale\" content=\"fr_FR\" \/>\n<meta property=\"og:type\" content=\"article\" \/>\n<meta property=\"og:title\" content=\"Blog en direct des offres de fitness du Cyber \u200b\u200bMonday 2025\u00a0: les meilleures ventes de montres intelligentes, d&#039;\u00e9quipements de salle de sport et plus encore | Vie Associative\" \/>\n<meta property=\"og:description\" content=\"Les offres du Cyber \u200b\u200b\u200b\u200bMonday sont d\u00e9j\u00e0 \u00e0 nos portes. Le Cyber \u200b\u200b\u200b\u200bMonday est l\u00e0. Je suis toujours \u00e0 la recherche d&rsquo;offres sur des produits\" \/>\n<meta property=\"og:url\" content=\"https:\/\/vieassociative.be\/actualites\/blog-en-direct-des-offres-de-fitness-du-cyber-monday-2025-les-meilleures-ventes-de-montres-intelligentes-dequipements-de-salle-de-sport-et-plus-encore\/\" \/>\n<meta property=\"og:site_name\" content=\"Vie Associative\" \/>\n<meta property=\"article:published_time\" content=\"2025-11-30T19:18:43+00:00\" \/>\n<meta property=\"og:image\" content=\"https:\/\/vieassociative.be\/actualites\/wp-content\/uploads\/2024\/09\/header_backgroundk-01-e1726694325946.png\" \/>\n\t<meta property=\"og:image:width\" content=\"279\" \/>\n\t<meta property=\"og:image:height\" content=\"92\" \/>\n\t<meta property=\"og:image:type\" content=\"image\/png\" \/>\n<meta name=\"author\" content=\"Julien\" \/>\n<meta name=\"twitter:card\" content=\"summary_large_image\" \/>\n<meta name=\"twitter:label1\" content=\"\u00c9crit par\" \/>\n\t<meta name=\"twitter:data1\" content=\"Julien\" \/>\n<script type=\"application\/ld+json\" class=\"yoast-schema-graph\">{\"@context\":\"https:\/\/schema.org\",\"@graph\":[{\"@type\":\"Article\",\"@id\":\"https:\/\/vieassociative.be\/actualites\/blog-en-direct-des-offres-de-fitness-du-cyber-monday-2025-les-meilleures-ventes-de-montres-intelligentes-dequipements-de-salle-de-sport-et-plus-encore\/#article\",\"isPartOf\":{\"@id\":\"https:\/\/vieassociative.be\/actualites\/blog-en-direct-des-offres-de-fitness-du-cyber-monday-2025-les-meilleures-ventes-de-montres-intelligentes-dequipements-de-salle-de-sport-et-plus-encore\/\"},\"author\":{\"name\":\"Julien\",\"@id\":\"https:\/\/vieassociative.be\/actualites\/#\/schema\/person\/b87ac4f82f9d4e7b7cec7395b679edc4\"},\"headline\":\"Blog en direct des offres de fitness du Cyber \u200b\u200bMonday 2025\u00a0: les meilleures ventes de montres intelligentes, d&rsquo;\u00e9quipements de salle de sport et plus encore\",\"datePublished\":\"2025-11-30T19:18:43+00:00\",\"dateModified\":\"2025-11-30T19:18:43+00:00\",\"mainEntityOfPage\":{\"@id\":\"https:\/\/vieassociative.be\/actualites\/blog-en-direct-des-offres-de-fitness-du-cyber-monday-2025-les-meilleures-ventes-de-montres-intelligentes-dequipements-de-salle-de-sport-et-plus-encore\/\"},\"wordCount\":112,\"publisher\":{\"@id\":\"https:\/\/vieassociative.be\/actualites\/#organization\"},\"image\":{\"@id\":\"https:\/\/vieassociative.be\/actualites\/blog-en-direct-des-offres-de-fitness-du-cyber-monday-2025-les-meilleures-ventes-de-montres-intelligentes-dequipements-de-salle-de-sport-et-plus-encore\/#primaryimage\"},\"thumbnailUrl\":\"https:\/\/vieassociative.be\/actualites\/wp-content\/uploads\/2025\/11\/Blog-en-direct-des-offres-de-fitness-du-Cyber-\u200b\u200bMonday.jpg\",\"keywords\":[\"Blog\",\"Cyber\",\"d\u00e9quipements\",\"Des\",\"direct\",\"encore\",\"fitness\",\"intelligentes\",\"Les\",\"meilleures\",\"Monday\",\"montres\",\"offres\",\"salle\",\"sport\",\"ventes\"],\"articleSection\":[\"Sant\u00e9\"],\"inLanguage\":\"fr-BE\"},{\"@type\":\"WebPage\",\"@id\":\"https:\/\/vieassociative.be\/actualites\/blog-en-direct-des-offres-de-fitness-du-cyber-monday-2025-les-meilleures-ventes-de-montres-intelligentes-dequipements-de-salle-de-sport-et-plus-encore\/\",\"url\":\"https:\/\/vieassociative.be\/actualites\/blog-en-direct-des-offres-de-fitness-du-cyber-monday-2025-les-meilleures-ventes-de-montres-intelligentes-dequipements-de-salle-de-sport-et-plus-encore\/\",\"name\":\"Blog en direct des offres de fitness du Cyber \u200b\u200bMonday 2025\u00a0: les meilleures ventes de montres intelligentes, d'\u00e9quipements de salle de sport et plus encore | Vie Associative\",\"isPartOf\":{\"@id\":\"https:\/\/vieassociative.be\/actualites\/#website\"},\"primaryImageOfPage\":{\"@id\":\"https:\/\/vieassociative.be\/actualites\/blog-en-direct-des-offres-de-fitness-du-cyber-monday-2025-les-meilleures-ventes-de-montres-intelligentes-dequipements-de-salle-de-sport-et-plus-encore\/#primaryimage\"},\"image\":{\"@id\":\"https:\/\/vieassociative.be\/actualites\/blog-en-direct-des-offres-de-fitness-du-cyber-monday-2025-les-meilleures-ventes-de-montres-intelligentes-dequipements-de-salle-de-sport-et-plus-encore\/#primaryimage\"},\"thumbnailUrl\":\"https:\/\/vieassociative.be\/actualites\/wp-content\/uploads\/2025\/11\/Blog-en-direct-des-offres-de-fitness-du-Cyber-\u200b\u200bMonday.jpg\",\"datePublished\":\"2025-11-30T19:18:43+00:00\",\"dateModified\":\"2025-11-30T19:18:43+00:00\",\"breadcrumb\":{\"@id\":\"https:\/\/vieassociative.be\/actualites\/blog-en-direct-des-offres-de-fitness-du-cyber-monday-2025-les-meilleures-ventes-de-montres-intelligentes-dequipements-de-salle-de-sport-et-plus-encore\/#breadcrumb\"},\"inLanguage\":\"fr-BE\",\"potentialAction\":[{\"@type\":\"ReadAction\",\"target\":[\"https:\/\/vieassociative.be\/actualites\/blog-en-direct-des-offres-de-fitness-du-cyber-monday-2025-les-meilleures-ventes-de-montres-intelligentes-dequipements-de-salle-de-sport-et-plus-encore\/\"]}]},{\"@type\":\"ImageObject\",\"inLanguage\":\"fr-BE\",\"@id\":\"https:\/\/vieassociative.be\/actualites\/blog-en-direct-des-offres-de-fitness-du-cyber-monday-2025-les-meilleures-ventes-de-montres-intelligentes-dequipements-de-salle-de-sport-et-plus-encore\/#primaryimage\",\"url\":\"https:\/\/vieassociative.be\/actualites\/wp-content\/uploads\/2025\/11\/Blog-en-direct-des-offres-de-fitness-du-Cyber-\u200b\u200bMonday.jpg\",\"contentUrl\":\"https:\/\/vieassociative.be\/actualites\/wp-content\/uploads\/2025\/11\/Blog-en-direct-des-offres-de-fitness-du-Cyber-\u200b\u200bMonday.jpg\",\"width\":1200,\"height\":675,\"caption\":\"Blog en direct des offres de fitness du Cyber \u200b\u200bMonday 2025\u00a0: les meilleures ventes de montres intelligentes, d'\u00e9quipements de salle de sport et plus encore\"},{\"@type\":\"BreadcrumbList\",\"@id\":\"https:\/\/vieassociative.be\/actualites\/blog-en-direct-des-offres-de-fitness-du-cyber-monday-2025-les-meilleures-ventes-de-montres-intelligentes-dequipements-de-salle-de-sport-et-plus-encore\/#breadcrumb\",\"itemListElement\":[{\"@type\":\"ListItem\",\"position\":1,\"name\":\"Accueil\",\"item\":\"https:\/\/vieassociative.be\/actualites\/\"},{\"@type\":\"ListItem\",\"position\":2,\"name\":\"Blog en direct des offres de fitness du Cyber \u200b\u200bMonday 2025\u00a0: les meilleures ventes de montres intelligentes, d&rsquo;\u00e9quipements de salle de sport et plus encore\"}]},{\"@type\":\"WebSite\",\"@id\":\"https:\/\/vieassociative.be\/actualites\/#website\",\"url\":\"https:\/\/vieassociative.be\/actualites\/\",\"name\":\"Vie Associative\",\"description\":\"\",\"publisher\":{\"@id\":\"https:\/\/vieassociative.be\/actualites\/#organization\"},\"potentialAction\":[{\"@type\":\"SearchAction\",\"target\":{\"@type\":\"EntryPoint\",\"urlTemplate\":\"https:\/\/vieassociative.be\/actualites\/?s={search_term_string}\"},\"query-input\":{\"@type\":\"PropertyValueSpecification\",\"valueRequired\":true,\"valueName\":\"search_term_string\"}}],\"inLanguage\":\"fr-BE\"},{\"@type\":\"Organization\",\"@id\":\"https:\/\/vieassociative.be\/actualites\/#organization\",\"name\":\"Vie Associative\",\"url\":\"https:\/\/vieassociative.be\/actualites\/\",\"logo\":{\"@type\":\"ImageObject\",\"inLanguage\":\"fr-BE\",\"@id\":\"https:\/\/vieassociative.be\/actualites\/#\/schema\/logo\/image\/\",\"url\":\"https:\/\/vieassociative.be\/actualites\/wp-content\/uploads\/2024\/09\/cropped-vieassociative_favicon.ico.png\",\"contentUrl\":\"https:\/\/vieassociative.be\/actualites\/wp-content\/uploads\/2024\/09\/cropped-vieassociative_favicon.ico.png\",\"width\":512,\"height\":512,\"caption\":\"Vie Associative\"},\"image\":{\"@id\":\"https:\/\/vieassociative.be\/actualites\/#\/schema\/logo\/image\/\"}},{\"@type\":\"Person\",\"@id\":\"https:\/\/vieassociative.be\/actualites\/#\/schema\/person\/b87ac4f82f9d4e7b7cec7395b679edc4\",\"name\":\"Julien\",\"image\":{\"@type\":\"ImageObject\",\"inLanguage\":\"fr-BE\",\"@id\":\"https:\/\/vieassociative.be\/actualites\/#\/schema\/person\/image\/\",\"url\":\"https:\/\/vieassociative.be\/actualites\/wp-content\/uploads\/2024\/09\/vie-associative-1-150x150.jpg\",\"contentUrl\":\"https:\/\/vieassociative.be\/actualites\/wp-content\/uploads\/2024\/09\/vie-associative-1-150x150.jpg\",\"caption\":\"Julien\"},\"description\":\"Je suis Julien, r\u00e9dacteur pour Vie Associative. Passionn\u00e9 par le monde associatif depuis plus de 10 ans, j'ai \u00e0 c\u0153ur de partager des histoires inspirantes et de mettre en lumi\u00e8re les initiatives locales. Mon objectif est de sensibiliser et d'encourager l'engagement communautaire \u00e0 travers mes articles.\",\"sameAs\":[\"https:\/\/vieassociative.be\/\"]}]}<\/script>\n<!-- \/ Yoast SEO plugin. -->","yoast_head_json":{"title":"Blog en direct des offres de fitness du Cyber \u200b\u200bMonday 2025\u00a0: les meilleures ventes de montres intelligentes, d'\u00e9quipements de salle de sport et plus encore | Vie Associative","robots":{"index":"index","follow":"follow","max-snippet":"max-snippet:-1","max-image-preview":"max-image-preview:large","max-video-preview":"max-video-preview:-1"},"canonical":"https:\/\/vieassociative.be\/actualites\/blog-en-direct-des-offres-de-fitness-du-cyber-monday-2025-les-meilleures-ventes-de-montres-intelligentes-dequipements-de-salle-de-sport-et-plus-encore\/","og_locale":"fr_FR","og_type":"article","og_title":"Blog en direct des offres de fitness du Cyber \u200b\u200bMonday 2025\u00a0: les meilleures ventes de montres intelligentes, d'\u00e9quipements de salle de sport et plus encore | Vie Associative","og_description":"Les offres du Cyber \u200b\u200b\u200b\u200bMonday sont d\u00e9j\u00e0 \u00e0 nos portes. Le Cyber \u200b\u200b\u200b\u200bMonday est l\u00e0. Je suis toujours \u00e0 la recherche d&rsquo;offres sur des produits","og_url":"https:\/\/vieassociative.be\/actualites\/blog-en-direct-des-offres-de-fitness-du-cyber-monday-2025-les-meilleures-ventes-de-montres-intelligentes-dequipements-de-salle-de-sport-et-plus-encore\/","og_site_name":"Vie Associative","article_published_time":"2025-11-30T19:18:43+00:00","og_image":[{"width":279,"height":92,"url":"https:\/\/vieassociative.be\/actualites\/wp-content\/uploads\/2024\/09\/header_backgroundk-01-e1726694325946.png","type":"image\/png"}],"author":"Julien","twitter_card":"summary_large_image","twitter_misc":{"\u00c9crit par":"Julien"},"schema":{"@context":"https:\/\/schema.org","@graph":[{"@type":"Article","@id":"https:\/\/vieassociative.be\/actualites\/blog-en-direct-des-offres-de-fitness-du-cyber-monday-2025-les-meilleures-ventes-de-montres-intelligentes-dequipements-de-salle-de-sport-et-plus-encore\/#article","isPartOf":{"@id":"https:\/\/vieassociative.be\/actualites\/blog-en-direct-des-offres-de-fitness-du-cyber-monday-2025-les-meilleures-ventes-de-montres-intelligentes-dequipements-de-salle-de-sport-et-plus-encore\/"},"author":{"name":"Julien","@id":"https:\/\/vieassociative.be\/actualites\/#\/schema\/person\/b87ac4f82f9d4e7b7cec7395b679edc4"},"headline":"Blog en direct des offres de fitness du Cyber \u200b\u200bMonday 2025\u00a0: les meilleures ventes de montres intelligentes, d&rsquo;\u00e9quipements de salle de sport et plus encore","datePublished":"2025-11-30T19:18:43+00:00","dateModified":"2025-11-30T19:18:43+00:00","mainEntityOfPage":{"@id":"https:\/\/vieassociative.be\/actualites\/blog-en-direct-des-offres-de-fitness-du-cyber-monday-2025-les-meilleures-ventes-de-montres-intelligentes-dequipements-de-salle-de-sport-et-plus-encore\/"},"wordCount":112,"publisher":{"@id":"https:\/\/vieassociative.be\/actualites\/#organization"},"image":{"@id":"https:\/\/vieassociative.be\/actualites\/blog-en-direct-des-offres-de-fitness-du-cyber-monday-2025-les-meilleures-ventes-de-montres-intelligentes-dequipements-de-salle-de-sport-et-plus-encore\/#primaryimage"},"thumbnailUrl":"https:\/\/vieassociative.be\/actualites\/wp-content\/uploads\/2025\/11\/Blog-en-direct-des-offres-de-fitness-du-Cyber-\u200b\u200bMonday.jpg","keywords":["Blog","Cyber","d\u00e9quipements","Des","direct","encore","fitness","intelligentes","Les","meilleures","Monday","montres","offres","salle","sport","ventes"],"articleSection":["Sant\u00e9"],"inLanguage":"fr-BE"},{"@type":"WebPage","@id":"https:\/\/vieassociative.be\/actualites\/blog-en-direct-des-offres-de-fitness-du-cyber-monday-2025-les-meilleures-ventes-de-montres-intelligentes-dequipements-de-salle-de-sport-et-plus-encore\/","url":"https:\/\/vieassociative.be\/actualites\/blog-en-direct-des-offres-de-fitness-du-cyber-monday-2025-les-meilleures-ventes-de-montres-intelligentes-dequipements-de-salle-de-sport-et-plus-encore\/","name":"Blog en direct des offres de fitness du Cyber \u200b\u200bMonday 2025\u00a0: les meilleures ventes de montres intelligentes, d'\u00e9quipements de salle de sport et plus encore | Vie Associative","isPartOf":{"@id":"https:\/\/vieassociative.be\/actualites\/#website"},"primaryImageOfPage":{"@id":"https:\/\/vieassociative.be\/actualites\/blog-en-direct-des-offres-de-fitness-du-cyber-monday-2025-les-meilleures-ventes-de-montres-intelligentes-dequipements-de-salle-de-sport-et-plus-encore\/#primaryimage"},"image":{"@id":"https:\/\/vieassociative.be\/actualites\/blog-en-direct-des-offres-de-fitness-du-cyber-monday-2025-les-meilleures-ventes-de-montres-intelligentes-dequipements-de-salle-de-sport-et-plus-encore\/#primaryimage"},"thumbnailUrl":"https:\/\/vieassociative.be\/actualites\/wp-content\/uploads\/2025\/11\/Blog-en-direct-des-offres-de-fitness-du-Cyber-\u200b\u200bMonday.jpg","datePublished":"2025-11-30T19:18:43+00:00","dateModified":"2025-11-30T19:18:43+00:00","breadcrumb":{"@id":"https:\/\/vieassociative.be\/actualites\/blog-en-direct-des-offres-de-fitness-du-cyber-monday-2025-les-meilleures-ventes-de-montres-intelligentes-dequipements-de-salle-de-sport-et-plus-encore\/#breadcrumb"},"inLanguage":"fr-BE","potentialAction":[{"@type":"ReadAction","target":["https:\/\/vieassociative.be\/actualites\/blog-en-direct-des-offres-de-fitness-du-cyber-monday-2025-les-meilleures-ventes-de-montres-intelligentes-dequipements-de-salle-de-sport-et-plus-encore\/"]}]},{"@type":"ImageObject","inLanguage":"fr-BE","@id":"https:\/\/vieassociative.be\/actualites\/blog-en-direct-des-offres-de-fitness-du-cyber-monday-2025-les-meilleures-ventes-de-montres-intelligentes-dequipements-de-salle-de-sport-et-plus-encore\/#primaryimage","url":"https:\/\/vieassociative.be\/actualites\/wp-content\/uploads\/2025\/11\/Blog-en-direct-des-offres-de-fitness-du-Cyber-\u200b\u200bMonday.jpg","contentUrl":"https:\/\/vieassociative.be\/actualites\/wp-content\/uploads\/2025\/11\/Blog-en-direct-des-offres-de-fitness-du-Cyber-\u200b\u200bMonday.jpg","width":1200,"height":675,"caption":"Blog en direct des offres de fitness du Cyber \u200b\u200bMonday 2025\u00a0: les meilleures ventes de montres intelligentes, d'\u00e9quipements de salle de sport et plus encore"},{"@type":"BreadcrumbList","@id":"https:\/\/vieassociative.be\/actualites\/blog-en-direct-des-offres-de-fitness-du-cyber-monday-2025-les-meilleures-ventes-de-montres-intelligentes-dequipements-de-salle-de-sport-et-plus-encore\/#breadcrumb","itemListElement":[{"@type":"ListItem","position":1,"name":"Accueil","item":"https:\/\/vieassociative.be\/actualites\/"},{"@type":"ListItem","position":2,"name":"Blog en direct des offres de fitness du Cyber \u200b\u200bMonday 2025\u00a0: les meilleures ventes de montres intelligentes, d&rsquo;\u00e9quipements de salle de sport et plus encore"}]},{"@type":"WebSite","@id":"https:\/\/vieassociative.be\/actualites\/#website","url":"https:\/\/vieassociative.be\/actualites\/","name":"Vie Associative","description":"","publisher":{"@id":"https:\/\/vieassociative.be\/actualites\/#organization"},"potentialAction":[{"@type":"SearchAction","target":{"@type":"EntryPoint","urlTemplate":"https:\/\/vieassociative.be\/actualites\/?s={search_term_string}"},"query-input":{"@type":"PropertyValueSpecification","valueRequired":true,"valueName":"search_term_string"}}],"inLanguage":"fr-BE"},{"@type":"Organization","@id":"https:\/\/vieassociative.be\/actualites\/#organization","name":"Vie Associative","url":"https:\/\/vieassociative.be\/actualites\/","logo":{"@type":"ImageObject","inLanguage":"fr-BE","@id":"https:\/\/vieassociative.be\/actualites\/#\/schema\/logo\/image\/","url":"https:\/\/vieassociative.be\/actualites\/wp-content\/uploads\/2024\/09\/cropped-vieassociative_favicon.ico.png","contentUrl":"https:\/\/vieassociative.be\/actualites\/wp-content\/uploads\/2024\/09\/cropped-vieassociative_favicon.ico.png","width":512,"height":512,"caption":"Vie Associative"},"image":{"@id":"https:\/\/vieassociative.be\/actualites\/#\/schema\/logo\/image\/"}},{"@type":"Person","@id":"https:\/\/vieassociative.be\/actualites\/#\/schema\/person\/b87ac4f82f9d4e7b7cec7395b679edc4","name":"Julien","image":{"@type":"ImageObject","inLanguage":"fr-BE","@id":"https:\/\/vieassociative.be\/actualites\/#\/schema\/person\/image\/","url":"https:\/\/vieassociative.be\/actualites\/wp-content\/uploads\/2024\/09\/vie-associative-1-150x150.jpg","contentUrl":"https:\/\/vieassociative.be\/actualites\/wp-content\/uploads\/2024\/09\/vie-associative-1-150x150.jpg","caption":"Julien"},"description":"Je suis Julien, r\u00e9dacteur pour Vie Associative. Passionn\u00e9 par le monde associatif depuis plus de 10 ans, j'ai \u00e0 c\u0153ur de partager des histoires inspirantes et de mettre en lumi\u00e8re les initiatives locales. Mon objectif est de sensibiliser et d'encourager l'engagement communautaire \u00e0 travers mes articles.","sameAs":["https:\/\/vieassociative.be\/"]}]}},"_links":{"self":[{"href":"https:\/\/vieassociative.be\/actualites\/wp-json\/wp\/v2\/posts\/11631"}],"collection":[{"href":"https:\/\/vieassociative.be\/actualites\/wp-json\/wp\/v2\/posts"}],"about":[{"href":"https:\/\/vieassociative.be\/actualites\/wp-json\/wp\/v2\/types\/post"}],"author":[{"embeddable":true,"href":"https:\/\/vieassociative.be\/actualites\/wp-json\/wp\/v2\/users\/1"}],"replies":[{"embeddable":true,"href":"https:\/\/vieassociative.be\/actualites\/wp-json\/wp\/v2\/comments?post=11631"}],"version-history":[{"count":0,"href":"https:\/\/vieassociative.be\/actualites\/wp-json\/wp\/v2\/posts\/11631\/revisions"}],"wp:featuredmedia":[{"embeddable":true,"href":"https:\/\/vieassociative.be\/actualites\/wp-json\/wp\/v2\/media\/11632"}],"wp:attachment":[{"href":"https:\/\/vieassociative.be\/actualites\/wp-json\/wp\/v2\/media?parent=11631"}],"wp:term":[{"taxonomy":"category","embeddable":true,"href":"https:\/\/vieassociative.be\/actualites\/wp-json\/wp\/v2\/categories?post=11631"},{"taxonomy":"post_tag","embeddable":true,"href":"https:\/\/vieassociative.be\/actualites\/wp-json\/wp\/v2\/tags?post=11631"}],"curies":[{"name":"wp","href":"https:\/\/api.w.org\/{rel}","templated":true}]}}