{"id":11629,"date":"2025-11-30T15:17:49","date_gmt":"2025-11-30T14:17:49","guid":{"rendered":"https:\/\/vieassociative.be\/actualites\/apres-la-demission-de-ralph-schroder-en-raison-de-desaccords-internes-frederik-wertz-rejoint-le-pdg\/"},"modified":"2025-11-30T15:17:49","modified_gmt":"2025-11-30T14:17:49","slug":"apres-la-demission-de-ralph-schroder-en-raison-de-desaccords-internes-frederik-wertz-rejoint-le-pdg","status":"publish","type":"post","link":"https:\/\/vieassociative.be\/actualites\/apres-la-demission-de-ralph-schroder-en-raison-de-desaccords-internes-frederik-wertz-rejoint-le-pdg\/","title":{"rendered":"Apr\u00e8s la d\u00e9mission de Ralph Schr\u00f6der en raison de \u00ab d\u00e9saccords internes \u00bb, Frederik Wertz rejoint le PDG"},"content":{"rendered":"<p><strong>Apr\u00e8s que Ralph Schr\u00f6der a d\u00e9missionn\u00e9 de son mandat au sein du parlement de la DG, il a fallu quelques jours avant que son successeur puisse \u00eatre d\u00e9sign\u00e9. Ce week-end, la PFF a annonc\u00e9 que Frederik Wertz prendrait la place de Schr\u00f6der.<\/strong><\/p>\n<p><span id=\"more-430728\"><\/span>Schr\u00f6der a d\u00e9missionn\u00e9 en raison de \u00ab d\u00e9saccords internes au sein du groupe parlementaire \u00bb, sans toutefois pr\u00e9ciser exactement quels d\u00e9saccords ont conduit l&rsquo;homme de 47 ans \u00e0 d\u00e9missionner.<\/p>\n<p>Schr\u00f6der est entr\u00e9 au PDG en juin 2024 \u00e0 la troisi\u00e8me place de la liste PFF avec 419 voix pr\u00e9f\u00e9rentielles. Le pr\u00e9sident du parti PFF, Sacha Brandt, et la chef du groupe parlementaire PFF, Evelyn Jadin, ont r\u00e9agi tr\u00e8s froidement et avec distance \u00e0 la d\u00e9mission de Schr\u00f6der. \u00ab\u00a0Le PFF prend acte de la d\u00e9mission de Ralph Schr\u00f6der du Parlement. Nous avons \u00e9t\u00e9 officiellement inform\u00e9s de la d\u00e9cision et nous respectons cette d\u00e9marche.\u00a0\u00bb Ils ont remerci\u00e9 Schr\u00f6der \u00ab pour le travail accompli \u00bb et lui ont souhait\u00e9 le meilleur pour ses futurs efforts professionnels et personnels.<\/p>\n<\/p>\n<div id=\"attachment_430745\" class=\"wp-caption alignleft\" style=\"max-width: 300px\"><img fetchpriority=\"high\" decoding=\"async\" class=\"wp-image-430745 size-medium\" src=\"https:\/\/vieassociative.be\/actualites\/wp-content\/uploads\/2025\/11\/Apres-la-demission-de-Ralph-Schroder-en-raison-de.jpg\" alt=\"\" width=\"300\" height=\"200\"  ><\/div>\n<p>Lors des derniers d\u00e9bats budg\u00e9taires, il a fait campagne avec succ\u00e8s pour qu&rsquo;il n&rsquo;y ait pas d&rsquo;augmentation des taxes municipales d&rsquo;ici 2026, signe de son engagement en faveur d&rsquo;une politique locale juste et responsable. Frederik Wertz a 28 ans, linguiste et ma\u00eetre de conf\u00e9rences au ZAWM Eupen. Il y enseigne, entre autres, les \u00e9tudes g\u00e9n\u00e9rales ainsi que les sciences financi\u00e8res et administratives. Sur le plan politique, il est membre du conseil municipal de Raeren (List With Us) depuis plusieurs ann\u00e9es. \u00ab\u00a0Frederik Wertz est consid\u00e9r\u00e9 comme un homme politique local engag\u00e9, orient\u00e9 vers les faits et clairement ax\u00e9 sur les citoyens\u00a0\u00bb, affirment les lib\u00e9raux germanophones.<\/p>\n<p>Le communiqu\u00e9 des Lib\u00e9raux poursuit : \u00ab Gr\u00e2ce \u00e0 son lien avec le monde de l&rsquo;\u00e9ducation et son exp\u00e9rience de la politique locale, Frederik apporte exactement le m\u00e9lange de professionnalisme et de pragmatisme qu&rsquo;exige un mandat parlementaire. Le PFF est convaincu qu&rsquo;il compl\u00e9tera de mani\u00e8re constructive le travail du groupe et l&rsquo;enrichira d&rsquo;une nouvelle perspective.<\/p>\n<p>La PFF s&rsquo;\u00e9tait auparavant lanc\u00e9e dans une difficile recherche d&rsquo;un rempla\u00e7ant. Selon l&rsquo;ordre juridique, Shayne Piront aurait \u00e9t\u00e9 le premier candidat rempla\u00e7ant au parlement du DG. Cependant, elle a d\u00e9cid\u00e9 de ne pas accepter ce mandat pour le moment.<\/p>\n<\/p>\n<div id=\"attachment_430746\" class=\"wp-caption alignleft\" style=\"max-width: 300px\"><img decoding=\"async\" class=\"wp-image-430746 size-medium\" src=\"https:\/\/vieassociative.be\/actualites\/wp-content\/uploads\/2025\/11\/1764512269_351_Apres-la-demission-de-Ralph-Schroder-en-raison-de.jpg\" alt=\"\" width=\"300\" height=\"201\"  ><\/div>\n<p>Piront : \u00ab\u00a0La d\u00e9cision n&rsquo;a pas \u00e9t\u00e9 facile pour moi. Je suis reconnaissante de la confiance qui m&rsquo;a \u00e9t\u00e9 accord\u00e9e lors des \u00e9lections et le travail politique reste un sujet important pour moi. Cependant, ma situation personnelle a chang\u00e9 depuis les \u00e9lections : je suis devenue m\u00e8re en ao\u00fbt. Dans cette phase, je voudrais me concentrer sur ma famille &#8211; c&rsquo;est tout simplement elle qui a le plus besoin de moi en ce moment.\u00a0\u00bb<\/p>\n<p>Apr\u00e8s la d\u00e9mission de Piront, le groupe PFF a eu des discussions avec d&rsquo;autres candidats de la liste. Christine Mauel est d\u00e9put\u00e9e au Parlement wallon depuis 2019 et est active dans plusieurs commissions, notamment dans les domaines des finances, de l&rsquo;\u00e9conomie et des relations internationales. \u00ab\u00a0En raison de ses t\u00e2ches \u00e9tendues \u00e0 Namur, elle ne peut pas assumer un mandat suppl\u00e9mentaire au sein du PDG\u00a0\u00bb, a indiqu\u00e9 la PFF.<\/p>\n<p>En tant que pr\u00e9sident du parti lib\u00e9ral, Sacha Brandt assume la responsabilit\u00e9 centrale de l&rsquo;organisation et de la direction strat\u00e9gique du parti. Il a soulign\u00e9 qu\u2019il \u00ab souhaite exercer consciemment ce r\u00f4le sans pression de mandat suppl\u00e9mentaire afin de diriger le parti de mani\u00e8re claire, cibl\u00e9e et stable \u00bb.<\/p>\n<p>Michael Scholl est tr\u00e8s occup\u00e9 au travail et a expliqu\u00e9 que la charge de travail parlementaire ne serait pas abordable dans sa situation actuelle. Il a donc d\u00e9cid\u00e9 de ne pas accepter le mandat \u00ab par sens des responsabilit\u00e9s \u00bb, comme il a \u00e9t\u00e9 dit.<\/p>\n<p>Ce n\u2019est qu\u2019une fois toutes ces discussions termin\u00e9es que la faction est parvenue \u00e0 la personne suivante sur la liste : Frederik Wertz. (cr\u00e9er)<\/p>\n","protected":false},"excerpt":{"rendered":"<p>Apr\u00e8s que Ralph Schr\u00f6der a d\u00e9missionn\u00e9 de son mandat au sein du parlement de la DG, il a fallu quelques jours avant que son successeur<\/p>\n","protected":false},"author":1,"featured_media":11630,"comment_status":"","ping_status":"","sticky":false,"template":"","format":"standard","meta":{"footnotes":""},"categories":[298],"tags":[472,3367,9407,9409,9408,2933,3261,9406,9411,9396,9410],"class_list":["post-11629","post","type-post","status-publish","format-standard","has-post-thumbnail","hentry","category-belgique","tag-apres","tag-demission","tag-desaccords","tag-frederik","tag-internes","tag-pdg","tag-raison","tag-ralph","tag-rejoint","tag-schroder","tag-wertz","generate-columns","tablet-grid-50","mobile-grid-100","grid-parent","grid-33"],"yoast_head":"<!-- This site is optimized with the Yoast SEO plugin v24.0 - https:\/\/yoast.com\/wordpress\/plugins\/seo\/ -->\n<title>Apr\u00e8s la d\u00e9mission de Ralph Schr\u00f6der en raison de \u00ab d\u00e9saccords internes \u00bb, Frederik Wertz rejoint le PDG | Vie Associative<\/title>\n<meta name=\"robots\" content=\"index, follow, max-snippet:-1, max-image-preview:large, max-video-preview:-1\" \/>\n<link rel=\"canonical\" href=\"https:\/\/vieassociative.be\/actualites\/apres-la-demission-de-ralph-schroder-en-raison-de-desaccords-internes-frederik-wertz-rejoint-le-pdg\/\" \/>\n<meta property=\"og:locale\" content=\"fr_FR\" \/>\n<meta property=\"og:type\" content=\"article\" \/>\n<meta property=\"og:title\" content=\"Apr\u00e8s la d\u00e9mission de Ralph Schr\u00f6der en raison de \u00ab d\u00e9saccords internes \u00bb, Frederik Wertz rejoint le PDG | Vie Associative\" \/>\n<meta property=\"og:description\" content=\"Apr\u00e8s que Ralph Schr\u00f6der a d\u00e9missionn\u00e9 de son mandat au sein du parlement de la DG, il a fallu quelques jours avant que son successeur\" \/>\n<meta property=\"og:url\" content=\"https:\/\/vieassociative.be\/actualites\/apres-la-demission-de-ralph-schroder-en-raison-de-desaccords-internes-frederik-wertz-rejoint-le-pdg\/\" \/>\n<meta property=\"og:site_name\" content=\"Vie Associative\" \/>\n<meta property=\"article:published_time\" content=\"2025-11-30T14:17:49+00:00\" \/>\n<meta property=\"og:image\" content=\"https:\/\/vieassociative.be\/actualites\/wp-content\/uploads\/2024\/09\/header_backgroundk-01-e1726694325946.png\" \/>\n\t<meta property=\"og:image:width\" content=\"279\" \/>\n\t<meta property=\"og:image:height\" content=\"92\" \/>\n\t<meta property=\"og:image:type\" content=\"image\/png\" \/>\n<meta name=\"author\" content=\"Julien\" \/>\n<meta name=\"twitter:card\" content=\"summary_large_image\" \/>\n<meta name=\"twitter:label1\" content=\"\u00c9crit par\" \/>\n\t<meta name=\"twitter:data1\" content=\"Julien\" \/>\n\t<meta name=\"twitter:label2\" content=\"Dur\u00e9e de lecture est.\" \/>\n\t<meta name=\"twitter:data2\" content=\"3 minutes\" \/>\n<script type=\"application\/ld+json\" class=\"yoast-schema-graph\">{\"@context\":\"https:\/\/schema.org\",\"@graph\":[{\"@type\":\"Article\",\"@id\":\"https:\/\/vieassociative.be\/actualites\/apres-la-demission-de-ralph-schroder-en-raison-de-desaccords-internes-frederik-wertz-rejoint-le-pdg\/#article\",\"isPartOf\":{\"@id\":\"https:\/\/vieassociative.be\/actualites\/apres-la-demission-de-ralph-schroder-en-raison-de-desaccords-internes-frederik-wertz-rejoint-le-pdg\/\"},\"author\":{\"name\":\"Julien\",\"@id\":\"https:\/\/vieassociative.be\/actualites\/#\/schema\/person\/b87ac4f82f9d4e7b7cec7395b679edc4\"},\"headline\":\"Apr\u00e8s la d\u00e9mission de Ralph Schr\u00f6der en raison de \u00ab d\u00e9saccords internes \u00bb, Frederik Wertz rejoint le PDG\",\"datePublished\":\"2025-11-30T14:17:49+00:00\",\"dateModified\":\"2025-11-30T14:17:49+00:00\",\"mainEntityOfPage\":{\"@id\":\"https:\/\/vieassociative.be\/actualites\/apres-la-demission-de-ralph-schroder-en-raison-de-desaccords-internes-frederik-wertz-rejoint-le-pdg\/\"},\"wordCount\":713,\"publisher\":{\"@id\":\"https:\/\/vieassociative.be\/actualites\/#organization\"},\"image\":{\"@id\":\"https:\/\/vieassociative.be\/actualites\/apres-la-demission-de-ralph-schroder-en-raison-de-desaccords-internes-frederik-wertz-rejoint-le-pdg\/#primaryimage\"},\"thumbnailUrl\":\"https:\/\/vieassociative.be\/actualites\/wp-content\/uploads\/2025\/11\/Apres-la-demission-de-Ralph-Schroder-en-raison-de.jpeg\",\"keywords\":[\"Apr\u00e8s\",\"d\u00e9mission\",\"d\u00e9saccords\",\"Frederik\",\"internes\",\"PDG\",\"raison\",\"Ralph\",\"rejoint\",\"Schr\u00f6der\",\"Wertz\"],\"articleSection\":[\"Belgique\"],\"inLanguage\":\"fr-BE\"},{\"@type\":\"WebPage\",\"@id\":\"https:\/\/vieassociative.be\/actualites\/apres-la-demission-de-ralph-schroder-en-raison-de-desaccords-internes-frederik-wertz-rejoint-le-pdg\/\",\"url\":\"https:\/\/vieassociative.be\/actualites\/apres-la-demission-de-ralph-schroder-en-raison-de-desaccords-internes-frederik-wertz-rejoint-le-pdg\/\",\"name\":\"Apr\u00e8s la d\u00e9mission de Ralph Schr\u00f6der en raison de \u00ab d\u00e9saccords internes \u00bb, Frederik Wertz rejoint le PDG | Vie Associative\",\"isPartOf\":{\"@id\":\"https:\/\/vieassociative.be\/actualites\/#website\"},\"primaryImageOfPage\":{\"@id\":\"https:\/\/vieassociative.be\/actualites\/apres-la-demission-de-ralph-schroder-en-raison-de-desaccords-internes-frederik-wertz-rejoint-le-pdg\/#primaryimage\"},\"image\":{\"@id\":\"https:\/\/vieassociative.be\/actualites\/apres-la-demission-de-ralph-schroder-en-raison-de-desaccords-internes-frederik-wertz-rejoint-le-pdg\/#primaryimage\"},\"thumbnailUrl\":\"https:\/\/vieassociative.be\/actualites\/wp-content\/uploads\/2025\/11\/Apres-la-demission-de-Ralph-Schroder-en-raison-de.jpeg\",\"datePublished\":\"2025-11-30T14:17:49+00:00\",\"dateModified\":\"2025-11-30T14:17:49+00:00\",\"breadcrumb\":{\"@id\":\"https:\/\/vieassociative.be\/actualites\/apres-la-demission-de-ralph-schroder-en-raison-de-desaccords-internes-frederik-wertz-rejoint-le-pdg\/#breadcrumb\"},\"inLanguage\":\"fr-BE\",\"potentialAction\":[{\"@type\":\"ReadAction\",\"target\":[\"https:\/\/vieassociative.be\/actualites\/apres-la-demission-de-ralph-schroder-en-raison-de-desaccords-internes-frederik-wertz-rejoint-le-pdg\/\"]}]},{\"@type\":\"ImageObject\",\"inLanguage\":\"fr-BE\",\"@id\":\"https:\/\/vieassociative.be\/actualites\/apres-la-demission-de-ralph-schroder-en-raison-de-desaccords-internes-frederik-wertz-rejoint-le-pdg\/#primaryimage\",\"url\":\"https:\/\/vieassociative.be\/actualites\/wp-content\/uploads\/2025\/11\/Apres-la-demission-de-Ralph-Schroder-en-raison-de.jpeg\",\"contentUrl\":\"https:\/\/vieassociative.be\/actualites\/wp-content\/uploads\/2025\/11\/Apres-la-demission-de-Ralph-Schroder-en-raison-de.jpeg\",\"width\":1200,\"height\":900,\"caption\":\"Apr\u00e8s la d\u00e9mission de Ralph Schr\u00f6der en raison de \u00ab d\u00e9saccords internes \u00bb, Frederik Wertz rejoint le PDG\"},{\"@type\":\"BreadcrumbList\",\"@id\":\"https:\/\/vieassociative.be\/actualites\/apres-la-demission-de-ralph-schroder-en-raison-de-desaccords-internes-frederik-wertz-rejoint-le-pdg\/#breadcrumb\",\"itemListElement\":[{\"@type\":\"ListItem\",\"position\":1,\"name\":\"Accueil\",\"item\":\"https:\/\/vieassociative.be\/actualites\/\"},{\"@type\":\"ListItem\",\"position\":2,\"name\":\"Apr\u00e8s la d\u00e9mission de Ralph Schr\u00f6der en raison de \u00ab d\u00e9saccords internes \u00bb, Frederik Wertz rejoint le PDG\"}]},{\"@type\":\"WebSite\",\"@id\":\"https:\/\/vieassociative.be\/actualites\/#website\",\"url\":\"https:\/\/vieassociative.be\/actualites\/\",\"name\":\"Vie Associative\",\"description\":\"\",\"publisher\":{\"@id\":\"https:\/\/vieassociative.be\/actualites\/#organization\"},\"potentialAction\":[{\"@type\":\"SearchAction\",\"target\":{\"@type\":\"EntryPoint\",\"urlTemplate\":\"https:\/\/vieassociative.be\/actualites\/?s={search_term_string}\"},\"query-input\":{\"@type\":\"PropertyValueSpecification\",\"valueRequired\":true,\"valueName\":\"search_term_string\"}}],\"inLanguage\":\"fr-BE\"},{\"@type\":\"Organization\",\"@id\":\"https:\/\/vieassociative.be\/actualites\/#organization\",\"name\":\"Vie Associative\",\"url\":\"https:\/\/vieassociative.be\/actualites\/\",\"logo\":{\"@type\":\"ImageObject\",\"inLanguage\":\"fr-BE\",\"@id\":\"https:\/\/vieassociative.be\/actualites\/#\/schema\/logo\/image\/\",\"url\":\"https:\/\/vieassociative.be\/actualites\/wp-content\/uploads\/2024\/09\/cropped-vieassociative_favicon.ico.png\",\"contentUrl\":\"https:\/\/vieassociative.be\/actualites\/wp-content\/uploads\/2024\/09\/cropped-vieassociative_favicon.ico.png\",\"width\":512,\"height\":512,\"caption\":\"Vie Associative\"},\"image\":{\"@id\":\"https:\/\/vieassociative.be\/actualites\/#\/schema\/logo\/image\/\"}},{\"@type\":\"Person\",\"@id\":\"https:\/\/vieassociative.be\/actualites\/#\/schema\/person\/b87ac4f82f9d4e7b7cec7395b679edc4\",\"name\":\"Julien\",\"image\":{\"@type\":\"ImageObject\",\"inLanguage\":\"fr-BE\",\"@id\":\"https:\/\/vieassociative.be\/actualites\/#\/schema\/person\/image\/\",\"url\":\"https:\/\/vieassociative.be\/actualites\/wp-content\/uploads\/2024\/09\/vie-associative-1-150x150.jpg\",\"contentUrl\":\"https:\/\/vieassociative.be\/actualites\/wp-content\/uploads\/2024\/09\/vie-associative-1-150x150.jpg\",\"caption\":\"Julien\"},\"description\":\"Je suis Julien, r\u00e9dacteur pour Vie Associative. Passionn\u00e9 par le monde associatif depuis plus de 10 ans, j'ai \u00e0 c\u0153ur de partager des histoires inspirantes et de mettre en lumi\u00e8re les initiatives locales. Mon objectif est de sensibiliser et d'encourager l'engagement communautaire \u00e0 travers mes articles.\",\"sameAs\":[\"https:\/\/vieassociative.be\/\"]}]}<\/script>\n<!-- \/ Yoast SEO plugin. -->","yoast_head_json":{"title":"Apr\u00e8s la d\u00e9mission de Ralph Schr\u00f6der en raison de \u00ab d\u00e9saccords internes \u00bb, Frederik Wertz rejoint le PDG | Vie Associative","robots":{"index":"index","follow":"follow","max-snippet":"max-snippet:-1","max-image-preview":"max-image-preview:large","max-video-preview":"max-video-preview:-1"},"canonical":"https:\/\/vieassociative.be\/actualites\/apres-la-demission-de-ralph-schroder-en-raison-de-desaccords-internes-frederik-wertz-rejoint-le-pdg\/","og_locale":"fr_FR","og_type":"article","og_title":"Apr\u00e8s la d\u00e9mission de Ralph Schr\u00f6der en raison de \u00ab d\u00e9saccords internes \u00bb, Frederik Wertz rejoint le PDG | Vie Associative","og_description":"Apr\u00e8s que Ralph Schr\u00f6der a d\u00e9missionn\u00e9 de son mandat au sein du parlement de la DG, il a fallu quelques jours avant que son successeur","og_url":"https:\/\/vieassociative.be\/actualites\/apres-la-demission-de-ralph-schroder-en-raison-de-desaccords-internes-frederik-wertz-rejoint-le-pdg\/","og_site_name":"Vie Associative","article_published_time":"2025-11-30T14:17:49+00:00","og_image":[{"width":279,"height":92,"url":"https:\/\/vieassociative.be\/actualites\/wp-content\/uploads\/2024\/09\/header_backgroundk-01-e1726694325946.png","type":"image\/png"}],"author":"Julien","twitter_card":"summary_large_image","twitter_misc":{"\u00c9crit par":"Julien","Dur\u00e9e de lecture est.":"3 minutes"},"schema":{"@context":"https:\/\/schema.org","@graph":[{"@type":"Article","@id":"https:\/\/vieassociative.be\/actualites\/apres-la-demission-de-ralph-schroder-en-raison-de-desaccords-internes-frederik-wertz-rejoint-le-pdg\/#article","isPartOf":{"@id":"https:\/\/vieassociative.be\/actualites\/apres-la-demission-de-ralph-schroder-en-raison-de-desaccords-internes-frederik-wertz-rejoint-le-pdg\/"},"author":{"name":"Julien","@id":"https:\/\/vieassociative.be\/actualites\/#\/schema\/person\/b87ac4f82f9d4e7b7cec7395b679edc4"},"headline":"Apr\u00e8s la d\u00e9mission de Ralph Schr\u00f6der en raison de \u00ab d\u00e9saccords internes \u00bb, Frederik Wertz rejoint le PDG","datePublished":"2025-11-30T14:17:49+00:00","dateModified":"2025-11-30T14:17:49+00:00","mainEntityOfPage":{"@id":"https:\/\/vieassociative.be\/actualites\/apres-la-demission-de-ralph-schroder-en-raison-de-desaccords-internes-frederik-wertz-rejoint-le-pdg\/"},"wordCount":713,"publisher":{"@id":"https:\/\/vieassociative.be\/actualites\/#organization"},"image":{"@id":"https:\/\/vieassociative.be\/actualites\/apres-la-demission-de-ralph-schroder-en-raison-de-desaccords-internes-frederik-wertz-rejoint-le-pdg\/#primaryimage"},"thumbnailUrl":"https:\/\/vieassociative.be\/actualites\/wp-content\/uploads\/2025\/11\/Apres-la-demission-de-Ralph-Schroder-en-raison-de.jpeg","keywords":["Apr\u00e8s","d\u00e9mission","d\u00e9saccords","Frederik","internes","PDG","raison","Ralph","rejoint","Schr\u00f6der","Wertz"],"articleSection":["Belgique"],"inLanguage":"fr-BE"},{"@type":"WebPage","@id":"https:\/\/vieassociative.be\/actualites\/apres-la-demission-de-ralph-schroder-en-raison-de-desaccords-internes-frederik-wertz-rejoint-le-pdg\/","url":"https:\/\/vieassociative.be\/actualites\/apres-la-demission-de-ralph-schroder-en-raison-de-desaccords-internes-frederik-wertz-rejoint-le-pdg\/","name":"Apr\u00e8s la d\u00e9mission de Ralph Schr\u00f6der en raison de \u00ab d\u00e9saccords internes \u00bb, Frederik Wertz rejoint le PDG | Vie Associative","isPartOf":{"@id":"https:\/\/vieassociative.be\/actualites\/#website"},"primaryImageOfPage":{"@id":"https:\/\/vieassociative.be\/actualites\/apres-la-demission-de-ralph-schroder-en-raison-de-desaccords-internes-frederik-wertz-rejoint-le-pdg\/#primaryimage"},"image":{"@id":"https:\/\/vieassociative.be\/actualites\/apres-la-demission-de-ralph-schroder-en-raison-de-desaccords-internes-frederik-wertz-rejoint-le-pdg\/#primaryimage"},"thumbnailUrl":"https:\/\/vieassociative.be\/actualites\/wp-content\/uploads\/2025\/11\/Apres-la-demission-de-Ralph-Schroder-en-raison-de.jpeg","datePublished":"2025-11-30T14:17:49+00:00","dateModified":"2025-11-30T14:17:49+00:00","breadcrumb":{"@id":"https:\/\/vieassociative.be\/actualites\/apres-la-demission-de-ralph-schroder-en-raison-de-desaccords-internes-frederik-wertz-rejoint-le-pdg\/#breadcrumb"},"inLanguage":"fr-BE","potentialAction":[{"@type":"ReadAction","target":["https:\/\/vieassociative.be\/actualites\/apres-la-demission-de-ralph-schroder-en-raison-de-desaccords-internes-frederik-wertz-rejoint-le-pdg\/"]}]},{"@type":"ImageObject","inLanguage":"fr-BE","@id":"https:\/\/vieassociative.be\/actualites\/apres-la-demission-de-ralph-schroder-en-raison-de-desaccords-internes-frederik-wertz-rejoint-le-pdg\/#primaryimage","url":"https:\/\/vieassociative.be\/actualites\/wp-content\/uploads\/2025\/11\/Apres-la-demission-de-Ralph-Schroder-en-raison-de.jpeg","contentUrl":"https:\/\/vieassociative.be\/actualites\/wp-content\/uploads\/2025\/11\/Apres-la-demission-de-Ralph-Schroder-en-raison-de.jpeg","width":1200,"height":900,"caption":"Apr\u00e8s la d\u00e9mission de Ralph Schr\u00f6der en raison de \u00ab d\u00e9saccords internes \u00bb, Frederik Wertz rejoint le PDG"},{"@type":"BreadcrumbList","@id":"https:\/\/vieassociative.be\/actualites\/apres-la-demission-de-ralph-schroder-en-raison-de-desaccords-internes-frederik-wertz-rejoint-le-pdg\/#breadcrumb","itemListElement":[{"@type":"ListItem","position":1,"name":"Accueil","item":"https:\/\/vieassociative.be\/actualites\/"},{"@type":"ListItem","position":2,"name":"Apr\u00e8s la d\u00e9mission de Ralph Schr\u00f6der en raison de \u00ab d\u00e9saccords internes \u00bb, Frederik Wertz rejoint le PDG"}]},{"@type":"WebSite","@id":"https:\/\/vieassociative.be\/actualites\/#website","url":"https:\/\/vieassociative.be\/actualites\/","name":"Vie Associative","description":"","publisher":{"@id":"https:\/\/vieassociative.be\/actualites\/#organization"},"potentialAction":[{"@type":"SearchAction","target":{"@type":"EntryPoint","urlTemplate":"https:\/\/vieassociative.be\/actualites\/?s={search_term_string}"},"query-input":{"@type":"PropertyValueSpecification","valueRequired":true,"valueName":"search_term_string"}}],"inLanguage":"fr-BE"},{"@type":"Organization","@id":"https:\/\/vieassociative.be\/actualites\/#organization","name":"Vie Associative","url":"https:\/\/vieassociative.be\/actualites\/","logo":{"@type":"ImageObject","inLanguage":"fr-BE","@id":"https:\/\/vieassociative.be\/actualites\/#\/schema\/logo\/image\/","url":"https:\/\/vieassociative.be\/actualites\/wp-content\/uploads\/2024\/09\/cropped-vieassociative_favicon.ico.png","contentUrl":"https:\/\/vieassociative.be\/actualites\/wp-content\/uploads\/2024\/09\/cropped-vieassociative_favicon.ico.png","width":512,"height":512,"caption":"Vie Associative"},"image":{"@id":"https:\/\/vieassociative.be\/actualites\/#\/schema\/logo\/image\/"}},{"@type":"Person","@id":"https:\/\/vieassociative.be\/actualites\/#\/schema\/person\/b87ac4f82f9d4e7b7cec7395b679edc4","name":"Julien","image":{"@type":"ImageObject","inLanguage":"fr-BE","@id":"https:\/\/vieassociative.be\/actualites\/#\/schema\/person\/image\/","url":"https:\/\/vieassociative.be\/actualites\/wp-content\/uploads\/2024\/09\/vie-associative-1-150x150.jpg","contentUrl":"https:\/\/vieassociative.be\/actualites\/wp-content\/uploads\/2024\/09\/vie-associative-1-150x150.jpg","caption":"Julien"},"description":"Je suis Julien, r\u00e9dacteur pour Vie Associative. Passionn\u00e9 par le monde associatif depuis plus de 10 ans, j'ai \u00e0 c\u0153ur de partager des histoires inspirantes et de mettre en lumi\u00e8re les initiatives locales. Mon objectif est de sensibiliser et d'encourager l'engagement communautaire \u00e0 travers mes articles.","sameAs":["https:\/\/vieassociative.be\/"]}]}},"_links":{"self":[{"href":"https:\/\/vieassociative.be\/actualites\/wp-json\/wp\/v2\/posts\/11629"}],"collection":[{"href":"https:\/\/vieassociative.be\/actualites\/wp-json\/wp\/v2\/posts"}],"about":[{"href":"https:\/\/vieassociative.be\/actualites\/wp-json\/wp\/v2\/types\/post"}],"author":[{"embeddable":true,"href":"https:\/\/vieassociative.be\/actualites\/wp-json\/wp\/v2\/users\/1"}],"replies":[{"embeddable":true,"href":"https:\/\/vieassociative.be\/actualites\/wp-json\/wp\/v2\/comments?post=11629"}],"version-history":[{"count":0,"href":"https:\/\/vieassociative.be\/actualites\/wp-json\/wp\/v2\/posts\/11629\/revisions"}],"wp:featuredmedia":[{"embeddable":true,"href":"https:\/\/vieassociative.be\/actualites\/wp-json\/wp\/v2\/media\/11630"}],"wp:attachment":[{"href":"https:\/\/vieassociative.be\/actualites\/wp-json\/wp\/v2\/media?parent=11629"}],"wp:term":[{"taxonomy":"category","embeddable":true,"href":"https:\/\/vieassociative.be\/actualites\/wp-json\/wp\/v2\/categories?post=11629"},{"taxonomy":"post_tag","embeddable":true,"href":"https:\/\/vieassociative.be\/actualites\/wp-json\/wp\/v2\/tags?post=11629"}],"curies":[{"name":"wp","href":"https:\/\/api.w.org\/{rel}","templated":true}]}}