{"id":11628,"date":"2025-11-30T14:17:39","date_gmt":"2025-11-30T13:17:39","guid":{"rendered":"https:\/\/vieassociative.be\/actualites\/cette-vente-du-black-friday-reduit-le-prix-de-microsoft-visual-studio-pro-et-dun-cours-de-codage-complet-a-moins-de-40\/"},"modified":"2025-11-30T14:17:39","modified_gmt":"2025-11-30T13:17:39","slug":"cette-vente-du-black-friday-reduit-le-prix-de-microsoft-visual-studio-pro-et-dun-cours-de-codage-complet-a-moins-de-40","status":"publish","type":"post","link":"https:\/\/vieassociative.be\/actualites\/cette-vente-du-black-friday-reduit-le-prix-de-microsoft-visual-studio-pro-et-dun-cours-de-codage-complet-a-moins-de-40\/","title":{"rendered":"Cette vente du Black Friday r\u00e9duit le prix de Microsoft Visual Studio Pro et d&rsquo;un cours de codage complet \u00e0 moins de 40 $"},"content":{"rendered":"<div class=\"mt-4 leading-6 md:mb-8\">Offre pratique pour les futurs d\u00e9veloppeurs, cette offre propose des outils professionnels et une formation structur\u00e9e pour moins de 40 $.<\/div>\n<p><\/p>\n<p><em>Les ventes du Black Friday commencent officiellement le vendredi 28 novembre et se poursuivent jusqu&rsquo;au Cyber \u200b\u200bMonday, le 1er d\u00e9cembre, et Vie Associative partage les meilleures ventes bas\u00e9es sur des critiques de produits, des comparaisons et des outils de suivi des prix avant leur fin. <\/em><\/p>\n<ul>\n<li>\n<p><em>Suivez notre blog en direct<\/em><em>  pour rester au courant des meilleures ventes que nous trouvons.<\/em><\/p>\n<\/li>\n<li>\n<p><em>Parcourez les choix de nos r\u00e9dacteurs<\/em><em>  pour une liste organis\u00e9e de nos ventes pr\u00e9f\u00e9r\u00e9es sur les ordinateurs portables, les technologies de fitness, les appareils \u00e9lectrom\u00e9nagers et plus encore.<\/em><\/p>\n<\/li>\n<li>\n<p><em>Abonnez-vous \u00e0 notre newsletter shopping<\/em><em>Ajoutez au panier, pour les meilleures ventes envoy\u00e9es dans votre bo\u00eete de r\u00e9ception.<\/em><\/p>\n<\/li>\n<li>\n<p><em>Les ventes sont exactes au moment de la publication, mais les prix et les stocks sont toujours sujets \u00e0 changement. <\/em><\/p>\n<\/li>\n<\/ul>\n<hr>\n<p>Si vous souhaitez commencer \u00e0 coder, que ce soit pour un changement de carri\u00e8re, un passe-temps ou simplement pour mieux comprendre vos applications pr\u00e9f\u00e9r\u00e9es, vous pouvez obtenir Microsoft Visual Studio Professional 2022 avec le pack de cours de certification Apprendre \u00e0 coder actuellement en vente pour seulement 40 $ sur StackSocial. L\u2019accord se poursuit jusqu\u2019au Cyber \u200b\u200bMonday. Ce qui se d\u00e9marque ici, c&rsquo;est que vous obtenez non seulement une licence pour Visual Studio, qui est d\u00e9j\u00e0 un environnement de d\u00e9veloppement puissant, mais \u00e9galement un acc\u00e8s \u00e0 vie \u00e0 plus de 60 heures d&rsquo;instructions de codage de niveau d\u00e9butant \u00e0 avanc\u00e9.<\/p>\n<p>Visual Studio Pro 2022 lui-m\u00eame est largement utilis\u00e9 dans les environnements professionnels, con\u00e7u pour un travail de d\u00e9veloppement s\u00e9rieux\u00a0: pensez \u00e0 C#, Python, .NET, etc. Vous b\u00e9n\u00e9ficiez d&rsquo;outils tels qu&rsquo;IntelliCode pour les suggestions de codage assist\u00e9es par l&rsquo;IA, la prise en charge int\u00e9gr\u00e9e de Git, le d\u00e9bogage et les fonctionnalit\u00e9s de test avanc\u00e9es, qui sont tous utiles que vous cr\u00e9iez une petite application ou que vous travailliez sur des projets au niveau de l&rsquo;entreprise. Normalement, les licences pour l&rsquo;IDE uniquement peuvent co\u00fbter cher, donc l&rsquo;associer \u00e0 un programme complet couvrant JavaScript, React, Python, CSS, etc. est le genre de package qui semble con\u00e7u pour quelqu&rsquo;un qui d\u00e9bute avec de l&rsquo;ambition ou une activit\u00e9 secondaire en t\u00eate.<\/p>\n<p>Cela dit, il s\u2019agit d\u2019un accord centr\u00e9 sur Microsoft. Si vous envisagez de devenir un d\u00e9veloppeur Mac ou de travailler beaucoup avec des projets Xcode et iOS, ce ne sera probablement pas votre meilleure solution. Il en va de m\u00eame si vous \u00eates d\u00e9j\u00e0 profond\u00e9ment engag\u00e9 dans le d\u00e9veloppement et que vous recherchez simplement quelques certifications avanc\u00e9es, car certains cours peuvent sembler trop fondamentaux. Mais si vous \u00eates coinc\u00e9 dans les limbes du didacticiel, cet ensemble fournit une structure, des logiciels et des outils du monde r\u00e9el \u00e0 un prix raisonnable. Pour moins de 40 $, il est difficile de battre le rapport qualit\u00e9-prix, en particulier pour les apprenants qui souhaitent \u00e0 la fois une plateforme de d\u00e9veloppement et une feuille de route guid\u00e9e en un seul endroit.<\/p>\n","protected":false},"excerpt":{"rendered":"<p>Offre pratique pour les futurs d\u00e9veloppeurs, cette offre propose des outils professionnels et une formation structur\u00e9e pour moins de 40 $. Les ventes du Black<\/p>\n","protected":false},"author":1,"featured_media":10512,"comment_status":"","ping_status":"","sticky":false,"template":"","format":"standard","meta":{"footnotes":""},"categories":[13],"tags":[73,206,6968,494,335,354,1255,1190,469,1399,630,6022,2216,223,2215],"class_list":["post-11628","post","type-post","status-publish","format-standard","has-post-thumbnail","hentry","category-technologie","tag-black","tag-cette","tag-codage","tag-complet","tag-cours","tag-dun","tag-friday","tag-microsoft","tag-moins","tag-prix","tag-pro","tag-reduit","tag-studio","tag-vente","tag-visual","generate-columns","tablet-grid-50","mobile-grid-100","grid-parent","grid-33"],"yoast_head":"<!-- This site is optimized with the Yoast SEO plugin v24.0 - https:\/\/yoast.com\/wordpress\/plugins\/seo\/ -->\n<title>Cette vente du Black Friday r\u00e9duit le prix de Microsoft Visual Studio Pro et d&#039;un cours de codage complet \u00e0 moins de 40 $ | Vie Associative<\/title>\n<meta name=\"robots\" content=\"index, follow, max-snippet:-1, max-image-preview:large, max-video-preview:-1\" \/>\n<link rel=\"canonical\" href=\"https:\/\/vieassociative.be\/actualites\/cette-vente-du-black-friday-reduit-le-prix-de-microsoft-visual-studio-pro-et-dun-cours-de-codage-complet-a-moins-de-40\/\" \/>\n<meta property=\"og:locale\" content=\"fr_FR\" \/>\n<meta property=\"og:type\" content=\"article\" \/>\n<meta property=\"og:title\" content=\"Cette vente du Black Friday r\u00e9duit le prix de Microsoft Visual Studio Pro et d&#039;un cours de codage complet \u00e0 moins de 40 $ | Vie Associative\" \/>\n<meta property=\"og:description\" content=\"Offre pratique pour les futurs d\u00e9veloppeurs, cette offre propose des outils professionnels et une formation structur\u00e9e pour moins de 40 $. Les ventes du Black\" \/>\n<meta property=\"og:url\" content=\"https:\/\/vieassociative.be\/actualites\/cette-vente-du-black-friday-reduit-le-prix-de-microsoft-visual-studio-pro-et-dun-cours-de-codage-complet-a-moins-de-40\/\" \/>\n<meta property=\"og:site_name\" content=\"Vie Associative\" \/>\n<meta property=\"article:published_time\" content=\"2025-11-30T13:17:39+00:00\" \/>\n<meta property=\"og:image\" content=\"https:\/\/vieassociative.be\/actualites\/wp-content\/uploads\/2024\/09\/header_backgroundk-01-e1726694325946.png\" \/>\n\t<meta property=\"og:image:width\" content=\"279\" \/>\n\t<meta property=\"og:image:height\" content=\"92\" \/>\n\t<meta property=\"og:image:type\" content=\"image\/png\" \/>\n<meta name=\"author\" content=\"Julien\" \/>\n<meta name=\"twitter:card\" content=\"summary_large_image\" \/>\n<meta name=\"twitter:label1\" content=\"\u00c9crit par\" \/>\n\t<meta name=\"twitter:data1\" content=\"Julien\" \/>\n\t<meta name=\"twitter:label2\" content=\"Dur\u00e9e de lecture est.\" \/>\n\t<meta name=\"twitter:data2\" content=\"3 minutes\" \/>\n<script type=\"application\/ld+json\" class=\"yoast-schema-graph\">{\"@context\":\"https:\/\/schema.org\",\"@graph\":[{\"@type\":\"Article\",\"@id\":\"https:\/\/vieassociative.be\/actualites\/cette-vente-du-black-friday-reduit-le-prix-de-microsoft-visual-studio-pro-et-dun-cours-de-codage-complet-a-moins-de-40\/#article\",\"isPartOf\":{\"@id\":\"https:\/\/vieassociative.be\/actualites\/cette-vente-du-black-friday-reduit-le-prix-de-microsoft-visual-studio-pro-et-dun-cours-de-codage-complet-a-moins-de-40\/\"},\"author\":{\"name\":\"Julien\",\"@id\":\"https:\/\/vieassociative.be\/actualites\/#\/schema\/person\/b87ac4f82f9d4e7b7cec7395b679edc4\"},\"headline\":\"Cette vente du Black Friday r\u00e9duit le prix de Microsoft Visual Studio Pro et d&rsquo;un cours de codage complet \u00e0 moins de 40 $\",\"datePublished\":\"2025-11-30T13:17:39+00:00\",\"dateModified\":\"2025-11-30T13:17:39+00:00\",\"mainEntityOfPage\":{\"@id\":\"https:\/\/vieassociative.be\/actualites\/cette-vente-du-black-friday-reduit-le-prix-de-microsoft-visual-studio-pro-et-dun-cours-de-codage-complet-a-moins-de-40\/\"},\"wordCount\":557,\"publisher\":{\"@id\":\"https:\/\/vieassociative.be\/actualites\/#organization\"},\"image\":{\"@id\":\"https:\/\/vieassociative.be\/actualites\/cette-vente-du-black-friday-reduit-le-prix-de-microsoft-visual-studio-pro-et-dun-cours-de-codage-complet-a-moins-de-40\/#primaryimage\"},\"thumbnailUrl\":\"https:\/\/vieassociative.be\/actualites\/wp-content\/uploads\/2025\/10\/Vous-pouvez-obtenir-Microsoft-Visual-Studio-Pro-2022-et-un.jpg\",\"keywords\":[\"Black\",\"cette\",\"codage\",\"complet\",\"cours\",\"dun\",\"Friday\",\"Microsoft\",\"moins\",\"prix\",\"Pro\",\"r\u00e9duit\",\"Studio\",\"vente\",\"Visual\"],\"articleSection\":[\"Technologie\"],\"inLanguage\":\"fr-BE\"},{\"@type\":\"WebPage\",\"@id\":\"https:\/\/vieassociative.be\/actualites\/cette-vente-du-black-friday-reduit-le-prix-de-microsoft-visual-studio-pro-et-dun-cours-de-codage-complet-a-moins-de-40\/\",\"url\":\"https:\/\/vieassociative.be\/actualites\/cette-vente-du-black-friday-reduit-le-prix-de-microsoft-visual-studio-pro-et-dun-cours-de-codage-complet-a-moins-de-40\/\",\"name\":\"Cette vente du Black Friday r\u00e9duit le prix de Microsoft Visual Studio Pro et d'un cours de codage complet \u00e0 moins de 40 $ | Vie Associative\",\"isPartOf\":{\"@id\":\"https:\/\/vieassociative.be\/actualites\/#website\"},\"primaryImageOfPage\":{\"@id\":\"https:\/\/vieassociative.be\/actualites\/cette-vente-du-black-friday-reduit-le-prix-de-microsoft-visual-studio-pro-et-dun-cours-de-codage-complet-a-moins-de-40\/#primaryimage\"},\"image\":{\"@id\":\"https:\/\/vieassociative.be\/actualites\/cette-vente-du-black-friday-reduit-le-prix-de-microsoft-visual-studio-pro-et-dun-cours-de-codage-complet-a-moins-de-40\/#primaryimage\"},\"thumbnailUrl\":\"https:\/\/vieassociative.be\/actualites\/wp-content\/uploads\/2025\/10\/Vous-pouvez-obtenir-Microsoft-Visual-Studio-Pro-2022-et-un.jpg\",\"datePublished\":\"2025-11-30T13:17:39+00:00\",\"dateModified\":\"2025-11-30T13:17:39+00:00\",\"breadcrumb\":{\"@id\":\"https:\/\/vieassociative.be\/actualites\/cette-vente-du-black-friday-reduit-le-prix-de-microsoft-visual-studio-pro-et-dun-cours-de-codage-complet-a-moins-de-40\/#breadcrumb\"},\"inLanguage\":\"fr-BE\",\"potentialAction\":[{\"@type\":\"ReadAction\",\"target\":[\"https:\/\/vieassociative.be\/actualites\/cette-vente-du-black-friday-reduit-le-prix-de-microsoft-visual-studio-pro-et-dun-cours-de-codage-complet-a-moins-de-40\/\"]}]},{\"@type\":\"ImageObject\",\"inLanguage\":\"fr-BE\",\"@id\":\"https:\/\/vieassociative.be\/actualites\/cette-vente-du-black-friday-reduit-le-prix-de-microsoft-visual-studio-pro-et-dun-cours-de-codage-complet-a-moins-de-40\/#primaryimage\",\"url\":\"https:\/\/vieassociative.be\/actualites\/wp-content\/uploads\/2025\/10\/Vous-pouvez-obtenir-Microsoft-Visual-Studio-Pro-2022-et-un.jpg\",\"contentUrl\":\"https:\/\/vieassociative.be\/actualites\/wp-content\/uploads\/2025\/10\/Vous-pouvez-obtenir-Microsoft-Visual-Studio-Pro-2022-et-un.jpg\",\"width\":1200,\"height\":675,\"caption\":\"Vous pouvez obtenir Microsoft Visual Studio Pro 2022 et un cours de codage complet pour moins de 60 $ d\u00e8s maintenant\"},{\"@type\":\"BreadcrumbList\",\"@id\":\"https:\/\/vieassociative.be\/actualites\/cette-vente-du-black-friday-reduit-le-prix-de-microsoft-visual-studio-pro-et-dun-cours-de-codage-complet-a-moins-de-40\/#breadcrumb\",\"itemListElement\":[{\"@type\":\"ListItem\",\"position\":1,\"name\":\"Accueil\",\"item\":\"https:\/\/vieassociative.be\/actualites\/\"},{\"@type\":\"ListItem\",\"position\":2,\"name\":\"Cette vente du Black Friday r\u00e9duit le prix de Microsoft Visual Studio Pro et d&rsquo;un cours de codage complet \u00e0 moins de 40 $\"}]},{\"@type\":\"WebSite\",\"@id\":\"https:\/\/vieassociative.be\/actualites\/#website\",\"url\":\"https:\/\/vieassociative.be\/actualites\/\",\"name\":\"Vie Associative\",\"description\":\"\",\"publisher\":{\"@id\":\"https:\/\/vieassociative.be\/actualites\/#organization\"},\"potentialAction\":[{\"@type\":\"SearchAction\",\"target\":{\"@type\":\"EntryPoint\",\"urlTemplate\":\"https:\/\/vieassociative.be\/actualites\/?s={search_term_string}\"},\"query-input\":{\"@type\":\"PropertyValueSpecification\",\"valueRequired\":true,\"valueName\":\"search_term_string\"}}],\"inLanguage\":\"fr-BE\"},{\"@type\":\"Organization\",\"@id\":\"https:\/\/vieassociative.be\/actualites\/#organization\",\"name\":\"Vie Associative\",\"url\":\"https:\/\/vieassociative.be\/actualites\/\",\"logo\":{\"@type\":\"ImageObject\",\"inLanguage\":\"fr-BE\",\"@id\":\"https:\/\/vieassociative.be\/actualites\/#\/schema\/logo\/image\/\",\"url\":\"https:\/\/vieassociative.be\/actualites\/wp-content\/uploads\/2024\/09\/cropped-vieassociative_favicon.ico.png\",\"contentUrl\":\"https:\/\/vieassociative.be\/actualites\/wp-content\/uploads\/2024\/09\/cropped-vieassociative_favicon.ico.png\",\"width\":512,\"height\":512,\"caption\":\"Vie Associative\"},\"image\":{\"@id\":\"https:\/\/vieassociative.be\/actualites\/#\/schema\/logo\/image\/\"}},{\"@type\":\"Person\",\"@id\":\"https:\/\/vieassociative.be\/actualites\/#\/schema\/person\/b87ac4f82f9d4e7b7cec7395b679edc4\",\"name\":\"Julien\",\"image\":{\"@type\":\"ImageObject\",\"inLanguage\":\"fr-BE\",\"@id\":\"https:\/\/vieassociative.be\/actualites\/#\/schema\/person\/image\/\",\"url\":\"https:\/\/vieassociative.be\/actualites\/wp-content\/uploads\/2024\/09\/vie-associative-1-150x150.jpg\",\"contentUrl\":\"https:\/\/vieassociative.be\/actualites\/wp-content\/uploads\/2024\/09\/vie-associative-1-150x150.jpg\",\"caption\":\"Julien\"},\"description\":\"Je suis Julien, r\u00e9dacteur pour Vie Associative. Passionn\u00e9 par le monde associatif depuis plus de 10 ans, j'ai \u00e0 c\u0153ur de partager des histoires inspirantes et de mettre en lumi\u00e8re les initiatives locales. Mon objectif est de sensibiliser et d'encourager l'engagement communautaire \u00e0 travers mes articles.\",\"sameAs\":[\"https:\/\/vieassociative.be\/\"]}]}<\/script>\n<!-- \/ Yoast SEO plugin. -->","yoast_head_json":{"title":"Cette vente du Black Friday r\u00e9duit le prix de Microsoft Visual Studio Pro et d'un cours de codage complet \u00e0 moins de 40 $ | Vie Associative","robots":{"index":"index","follow":"follow","max-snippet":"max-snippet:-1","max-image-preview":"max-image-preview:large","max-video-preview":"max-video-preview:-1"},"canonical":"https:\/\/vieassociative.be\/actualites\/cette-vente-du-black-friday-reduit-le-prix-de-microsoft-visual-studio-pro-et-dun-cours-de-codage-complet-a-moins-de-40\/","og_locale":"fr_FR","og_type":"article","og_title":"Cette vente du Black Friday r\u00e9duit le prix de Microsoft Visual Studio Pro et d'un cours de codage complet \u00e0 moins de 40 $ | Vie Associative","og_description":"Offre pratique pour les futurs d\u00e9veloppeurs, cette offre propose des outils professionnels et une formation structur\u00e9e pour moins de 40 $. Les ventes du Black","og_url":"https:\/\/vieassociative.be\/actualites\/cette-vente-du-black-friday-reduit-le-prix-de-microsoft-visual-studio-pro-et-dun-cours-de-codage-complet-a-moins-de-40\/","og_site_name":"Vie Associative","article_published_time":"2025-11-30T13:17:39+00:00","og_image":[{"width":279,"height":92,"url":"https:\/\/vieassociative.be\/actualites\/wp-content\/uploads\/2024\/09\/header_backgroundk-01-e1726694325946.png","type":"image\/png"}],"author":"Julien","twitter_card":"summary_large_image","twitter_misc":{"\u00c9crit par":"Julien","Dur\u00e9e de lecture est.":"3 minutes"},"schema":{"@context":"https:\/\/schema.org","@graph":[{"@type":"Article","@id":"https:\/\/vieassociative.be\/actualites\/cette-vente-du-black-friday-reduit-le-prix-de-microsoft-visual-studio-pro-et-dun-cours-de-codage-complet-a-moins-de-40\/#article","isPartOf":{"@id":"https:\/\/vieassociative.be\/actualites\/cette-vente-du-black-friday-reduit-le-prix-de-microsoft-visual-studio-pro-et-dun-cours-de-codage-complet-a-moins-de-40\/"},"author":{"name":"Julien","@id":"https:\/\/vieassociative.be\/actualites\/#\/schema\/person\/b87ac4f82f9d4e7b7cec7395b679edc4"},"headline":"Cette vente du Black Friday r\u00e9duit le prix de Microsoft Visual Studio Pro et d&rsquo;un cours de codage complet \u00e0 moins de 40 $","datePublished":"2025-11-30T13:17:39+00:00","dateModified":"2025-11-30T13:17:39+00:00","mainEntityOfPage":{"@id":"https:\/\/vieassociative.be\/actualites\/cette-vente-du-black-friday-reduit-le-prix-de-microsoft-visual-studio-pro-et-dun-cours-de-codage-complet-a-moins-de-40\/"},"wordCount":557,"publisher":{"@id":"https:\/\/vieassociative.be\/actualites\/#organization"},"image":{"@id":"https:\/\/vieassociative.be\/actualites\/cette-vente-du-black-friday-reduit-le-prix-de-microsoft-visual-studio-pro-et-dun-cours-de-codage-complet-a-moins-de-40\/#primaryimage"},"thumbnailUrl":"https:\/\/vieassociative.be\/actualites\/wp-content\/uploads\/2025\/10\/Vous-pouvez-obtenir-Microsoft-Visual-Studio-Pro-2022-et-un.jpg","keywords":["Black","cette","codage","complet","cours","dun","Friday","Microsoft","moins","prix","Pro","r\u00e9duit","Studio","vente","Visual"],"articleSection":["Technologie"],"inLanguage":"fr-BE"},{"@type":"WebPage","@id":"https:\/\/vieassociative.be\/actualites\/cette-vente-du-black-friday-reduit-le-prix-de-microsoft-visual-studio-pro-et-dun-cours-de-codage-complet-a-moins-de-40\/","url":"https:\/\/vieassociative.be\/actualites\/cette-vente-du-black-friday-reduit-le-prix-de-microsoft-visual-studio-pro-et-dun-cours-de-codage-complet-a-moins-de-40\/","name":"Cette vente du Black Friday r\u00e9duit le prix de Microsoft Visual Studio Pro et d'un cours de codage complet \u00e0 moins de 40 $ | Vie Associative","isPartOf":{"@id":"https:\/\/vieassociative.be\/actualites\/#website"},"primaryImageOfPage":{"@id":"https:\/\/vieassociative.be\/actualites\/cette-vente-du-black-friday-reduit-le-prix-de-microsoft-visual-studio-pro-et-dun-cours-de-codage-complet-a-moins-de-40\/#primaryimage"},"image":{"@id":"https:\/\/vieassociative.be\/actualites\/cette-vente-du-black-friday-reduit-le-prix-de-microsoft-visual-studio-pro-et-dun-cours-de-codage-complet-a-moins-de-40\/#primaryimage"},"thumbnailUrl":"https:\/\/vieassociative.be\/actualites\/wp-content\/uploads\/2025\/10\/Vous-pouvez-obtenir-Microsoft-Visual-Studio-Pro-2022-et-un.jpg","datePublished":"2025-11-30T13:17:39+00:00","dateModified":"2025-11-30T13:17:39+00:00","breadcrumb":{"@id":"https:\/\/vieassociative.be\/actualites\/cette-vente-du-black-friday-reduit-le-prix-de-microsoft-visual-studio-pro-et-dun-cours-de-codage-complet-a-moins-de-40\/#breadcrumb"},"inLanguage":"fr-BE","potentialAction":[{"@type":"ReadAction","target":["https:\/\/vieassociative.be\/actualites\/cette-vente-du-black-friday-reduit-le-prix-de-microsoft-visual-studio-pro-et-dun-cours-de-codage-complet-a-moins-de-40\/"]}]},{"@type":"ImageObject","inLanguage":"fr-BE","@id":"https:\/\/vieassociative.be\/actualites\/cette-vente-du-black-friday-reduit-le-prix-de-microsoft-visual-studio-pro-et-dun-cours-de-codage-complet-a-moins-de-40\/#primaryimage","url":"https:\/\/vieassociative.be\/actualites\/wp-content\/uploads\/2025\/10\/Vous-pouvez-obtenir-Microsoft-Visual-Studio-Pro-2022-et-un.jpg","contentUrl":"https:\/\/vieassociative.be\/actualites\/wp-content\/uploads\/2025\/10\/Vous-pouvez-obtenir-Microsoft-Visual-Studio-Pro-2022-et-un.jpg","width":1200,"height":675,"caption":"Vous pouvez obtenir Microsoft Visual Studio Pro 2022 et un cours de codage complet pour moins de 60 $ d\u00e8s maintenant"},{"@type":"BreadcrumbList","@id":"https:\/\/vieassociative.be\/actualites\/cette-vente-du-black-friday-reduit-le-prix-de-microsoft-visual-studio-pro-et-dun-cours-de-codage-complet-a-moins-de-40\/#breadcrumb","itemListElement":[{"@type":"ListItem","position":1,"name":"Accueil","item":"https:\/\/vieassociative.be\/actualites\/"},{"@type":"ListItem","position":2,"name":"Cette vente du Black Friday r\u00e9duit le prix de Microsoft Visual Studio Pro et d&rsquo;un cours de codage complet \u00e0 moins de 40 $"}]},{"@type":"WebSite","@id":"https:\/\/vieassociative.be\/actualites\/#website","url":"https:\/\/vieassociative.be\/actualites\/","name":"Vie Associative","description":"","publisher":{"@id":"https:\/\/vieassociative.be\/actualites\/#organization"},"potentialAction":[{"@type":"SearchAction","target":{"@type":"EntryPoint","urlTemplate":"https:\/\/vieassociative.be\/actualites\/?s={search_term_string}"},"query-input":{"@type":"PropertyValueSpecification","valueRequired":true,"valueName":"search_term_string"}}],"inLanguage":"fr-BE"},{"@type":"Organization","@id":"https:\/\/vieassociative.be\/actualites\/#organization","name":"Vie Associative","url":"https:\/\/vieassociative.be\/actualites\/","logo":{"@type":"ImageObject","inLanguage":"fr-BE","@id":"https:\/\/vieassociative.be\/actualites\/#\/schema\/logo\/image\/","url":"https:\/\/vieassociative.be\/actualites\/wp-content\/uploads\/2024\/09\/cropped-vieassociative_favicon.ico.png","contentUrl":"https:\/\/vieassociative.be\/actualites\/wp-content\/uploads\/2024\/09\/cropped-vieassociative_favicon.ico.png","width":512,"height":512,"caption":"Vie Associative"},"image":{"@id":"https:\/\/vieassociative.be\/actualites\/#\/schema\/logo\/image\/"}},{"@type":"Person","@id":"https:\/\/vieassociative.be\/actualites\/#\/schema\/person\/b87ac4f82f9d4e7b7cec7395b679edc4","name":"Julien","image":{"@type":"ImageObject","inLanguage":"fr-BE","@id":"https:\/\/vieassociative.be\/actualites\/#\/schema\/person\/image\/","url":"https:\/\/vieassociative.be\/actualites\/wp-content\/uploads\/2024\/09\/vie-associative-1-150x150.jpg","contentUrl":"https:\/\/vieassociative.be\/actualites\/wp-content\/uploads\/2024\/09\/vie-associative-1-150x150.jpg","caption":"Julien"},"description":"Je suis Julien, r\u00e9dacteur pour Vie Associative. Passionn\u00e9 par le monde associatif depuis plus de 10 ans, j'ai \u00e0 c\u0153ur de partager des histoires inspirantes et de mettre en lumi\u00e8re les initiatives locales. Mon objectif est de sensibiliser et d'encourager l'engagement communautaire \u00e0 travers mes articles.","sameAs":["https:\/\/vieassociative.be\/"]}]}},"_links":{"self":[{"href":"https:\/\/vieassociative.be\/actualites\/wp-json\/wp\/v2\/posts\/11628"}],"collection":[{"href":"https:\/\/vieassociative.be\/actualites\/wp-json\/wp\/v2\/posts"}],"about":[{"href":"https:\/\/vieassociative.be\/actualites\/wp-json\/wp\/v2\/types\/post"}],"author":[{"embeddable":true,"href":"https:\/\/vieassociative.be\/actualites\/wp-json\/wp\/v2\/users\/1"}],"replies":[{"embeddable":true,"href":"https:\/\/vieassociative.be\/actualites\/wp-json\/wp\/v2\/comments?post=11628"}],"version-history":[{"count":0,"href":"https:\/\/vieassociative.be\/actualites\/wp-json\/wp\/v2\/posts\/11628\/revisions"}],"wp:featuredmedia":[{"embeddable":true,"href":"https:\/\/vieassociative.be\/actualites\/wp-json\/wp\/v2\/media\/10512"}],"wp:attachment":[{"href":"https:\/\/vieassociative.be\/actualites\/wp-json\/wp\/v2\/media?parent=11628"}],"wp:term":[{"taxonomy":"category","embeddable":true,"href":"https:\/\/vieassociative.be\/actualites\/wp-json\/wp\/v2\/categories?post=11628"},{"taxonomy":"post_tag","embeddable":true,"href":"https:\/\/vieassociative.be\/actualites\/wp-json\/wp\/v2\/tags?post=11628"}],"curies":[{"name":"wp","href":"https:\/\/api.w.org\/{rel}","templated":true}]}}