{"id":11624,"date":"2025-11-30T12:18:16","date_gmt":"2025-11-30T11:18:16","guid":{"rendered":"https:\/\/vieassociative.be\/actualites\/black-friday-fitness-deals-live-blog-2025-les-meilleures-ventes-de-montres-intelligentes-dequipements-de-gym-et-plus-encore\/"},"modified":"2025-11-30T12:18:16","modified_gmt":"2025-11-30T11:18:16","slug":"black-friday-fitness-deals-live-blog-2025-les-meilleures-ventes-de-montres-intelligentes-dequipements-de-gym-et-plus-encore","status":"publish","type":"post","link":"https:\/\/vieassociative.be\/actualites\/black-friday-fitness-deals-live-blog-2025-les-meilleures-ventes-de-montres-intelligentes-dequipements-de-gym-et-plus-encore\/","title":{"rendered":"Black Friday Fitness Deals Live Blog 2025\u00a0: Les meilleures ventes de montres intelligentes, d&rsquo;\u00e9quipements de gym et plus encore"},"content":{"rendered":"<div class=\"mt-4 leading-6 md:mb-8\">Les offres du Black Friday et du Cyber \u200b\u200bMonday sont d\u00e9j\u00e0 \u00e0 nos portes.<\/div>\n<p><\/p>\n<p>Le Black Friday et le Cyber \u200b\u200bMonday sont l\u00e0. Je suis toujours \u00e0 la recherche d&rsquo;offres sur des produits de fitness \u00e0 domicile, mais que vous ayez besoin d&rsquo;halt\u00e8res, d&rsquo;\u00e9quipements plus s\u00e9rieux ou de tout autre \u00e9l\u00e9ment pour am\u00e9liorer votre parcours de sant\u00e9 et de bien-\u00eatre, c&rsquo;est <em>le<\/em> moment \u00e0 sauver. Consultez souvent ce blog en direct pour voir les meilleures ventes de fitness que nous trouvons pour le Black Friday et le Cyber \u200b\u200bMonday.<\/p>\n","protected":false},"excerpt":{"rendered":"<p>Les offres du Black Friday et du Cyber \u200b\u200bMonday sont d\u00e9j\u00e0 \u00e0 nos portes. Le Black Friday et le Cyber \u200b\u200bMonday sont l\u00e0. Je suis<\/p>\n","protected":false},"author":1,"featured_media":11625,"comment_status":"","ping_status":"","sticky":false,"template":"","format":"standard","meta":{"footnotes":""},"categories":[38],"tags":[73,7637,3505,9405,592,2703,1255,6932,2170,14,6252,79,3684,1448],"class_list":["post-11624","post","type-post","status-publish","format-standard","has-post-thumbnail","hentry","category-sante","tag-black","tag-blog","tag-deals","tag-dequipements","tag-encore","tag-fitness","tag-friday","tag-gym","tag-intelligentes","tag-les","tag-live","tag-meilleures","tag-montres","tag-ventes","generate-columns","tablet-grid-50","mobile-grid-100","grid-parent","grid-33"],"yoast_head":"<!-- This site is optimized with the Yoast SEO plugin v24.0 - https:\/\/yoast.com\/wordpress\/plugins\/seo\/ -->\n<title>Black Friday Fitness Deals Live Blog 2025\u00a0: Les meilleures ventes de montres intelligentes, d&#039;\u00e9quipements de gym et plus encore | Vie Associative<\/title>\n<meta name=\"robots\" content=\"index, follow, max-snippet:-1, max-image-preview:large, max-video-preview:-1\" \/>\n<link rel=\"canonical\" href=\"https:\/\/vieassociative.be\/actualites\/black-friday-fitness-deals-live-blog-2025-les-meilleures-ventes-de-montres-intelligentes-dequipements-de-gym-et-plus-encore\/\" \/>\n<meta property=\"og:locale\" content=\"fr_FR\" \/>\n<meta property=\"og:type\" content=\"article\" \/>\n<meta property=\"og:title\" content=\"Black Friday Fitness Deals Live Blog 2025\u00a0: Les meilleures ventes de montres intelligentes, d&#039;\u00e9quipements de gym et plus encore | Vie Associative\" \/>\n<meta property=\"og:description\" content=\"Les offres du Black Friday et du Cyber \u200b\u200bMonday sont d\u00e9j\u00e0 \u00e0 nos portes. Le Black Friday et le Cyber \u200b\u200bMonday sont l\u00e0. Je suis\" \/>\n<meta property=\"og:url\" content=\"https:\/\/vieassociative.be\/actualites\/black-friday-fitness-deals-live-blog-2025-les-meilleures-ventes-de-montres-intelligentes-dequipements-de-gym-et-plus-encore\/\" \/>\n<meta property=\"og:site_name\" content=\"Vie Associative\" \/>\n<meta property=\"article:published_time\" content=\"2025-11-30T11:18:16+00:00\" \/>\n<meta property=\"og:image\" content=\"https:\/\/vieassociative.be\/actualites\/wp-content\/uploads\/2024\/09\/header_backgroundk-01-e1726694325946.png\" \/>\n\t<meta property=\"og:image:width\" content=\"279\" \/>\n\t<meta property=\"og:image:height\" content=\"92\" \/>\n\t<meta property=\"og:image:type\" content=\"image\/png\" \/>\n<meta name=\"author\" content=\"Julien\" \/>\n<meta name=\"twitter:card\" content=\"summary_large_image\" \/>\n<meta name=\"twitter:label1\" content=\"\u00c9crit par\" \/>\n\t<meta name=\"twitter:data1\" content=\"Julien\" \/>\n<script type=\"application\/ld+json\" class=\"yoast-schema-graph\">{\"@context\":\"https:\/\/schema.org\",\"@graph\":[{\"@type\":\"Article\",\"@id\":\"https:\/\/vieassociative.be\/actualites\/black-friday-fitness-deals-live-blog-2025-les-meilleures-ventes-de-montres-intelligentes-dequipements-de-gym-et-plus-encore\/#article\",\"isPartOf\":{\"@id\":\"https:\/\/vieassociative.be\/actualites\/black-friday-fitness-deals-live-blog-2025-les-meilleures-ventes-de-montres-intelligentes-dequipements-de-gym-et-plus-encore\/\"},\"author\":{\"name\":\"Julien\",\"@id\":\"https:\/\/vieassociative.be\/actualites\/#\/schema\/person\/b87ac4f82f9d4e7b7cec7395b679edc4\"},\"headline\":\"Black Friday Fitness Deals Live Blog 2025\u00a0: Les meilleures ventes de montres intelligentes, d&rsquo;\u00e9quipements de gym et plus encore\",\"datePublished\":\"2025-11-30T11:18:16+00:00\",\"dateModified\":\"2025-11-30T11:18:16+00:00\",\"mainEntityOfPage\":{\"@id\":\"https:\/\/vieassociative.be\/actualites\/black-friday-fitness-deals-live-blog-2025-les-meilleures-ventes-de-montres-intelligentes-dequipements-de-gym-et-plus-encore\/\"},\"wordCount\":114,\"publisher\":{\"@id\":\"https:\/\/vieassociative.be\/actualites\/#organization\"},\"image\":{\"@id\":\"https:\/\/vieassociative.be\/actualites\/black-friday-fitness-deals-live-blog-2025-les-meilleures-ventes-de-montres-intelligentes-dequipements-de-gym-et-plus-encore\/#primaryimage\"},\"thumbnailUrl\":\"https:\/\/vieassociative.be\/actualites\/wp-content\/uploads\/2025\/11\/Black-Friday-Fitness-Deals-Live-Blog-2025-Les-meilleures-ventes.jpg\",\"keywords\":[\"Black\",\"Blog\",\"Deals\",\"d\u00e9quipements\",\"encore\",\"fitness\",\"Friday\",\"gym\",\"intelligentes\",\"Les\",\"Live\",\"meilleures\",\"montres\",\"ventes\"],\"articleSection\":[\"Sant\u00e9\"],\"inLanguage\":\"fr-BE\"},{\"@type\":\"WebPage\",\"@id\":\"https:\/\/vieassociative.be\/actualites\/black-friday-fitness-deals-live-blog-2025-les-meilleures-ventes-de-montres-intelligentes-dequipements-de-gym-et-plus-encore\/\",\"url\":\"https:\/\/vieassociative.be\/actualites\/black-friday-fitness-deals-live-blog-2025-les-meilleures-ventes-de-montres-intelligentes-dequipements-de-gym-et-plus-encore\/\",\"name\":\"Black Friday Fitness Deals Live Blog 2025\u00a0: Les meilleures ventes de montres intelligentes, d'\u00e9quipements de gym et plus encore | Vie Associative\",\"isPartOf\":{\"@id\":\"https:\/\/vieassociative.be\/actualites\/#website\"},\"primaryImageOfPage\":{\"@id\":\"https:\/\/vieassociative.be\/actualites\/black-friday-fitness-deals-live-blog-2025-les-meilleures-ventes-de-montres-intelligentes-dequipements-de-gym-et-plus-encore\/#primaryimage\"},\"image\":{\"@id\":\"https:\/\/vieassociative.be\/actualites\/black-friday-fitness-deals-live-blog-2025-les-meilleures-ventes-de-montres-intelligentes-dequipements-de-gym-et-plus-encore\/#primaryimage\"},\"thumbnailUrl\":\"https:\/\/vieassociative.be\/actualites\/wp-content\/uploads\/2025\/11\/Black-Friday-Fitness-Deals-Live-Blog-2025-Les-meilleures-ventes.jpg\",\"datePublished\":\"2025-11-30T11:18:16+00:00\",\"dateModified\":\"2025-11-30T11:18:16+00:00\",\"breadcrumb\":{\"@id\":\"https:\/\/vieassociative.be\/actualites\/black-friday-fitness-deals-live-blog-2025-les-meilleures-ventes-de-montres-intelligentes-dequipements-de-gym-et-plus-encore\/#breadcrumb\"},\"inLanguage\":\"fr-BE\",\"potentialAction\":[{\"@type\":\"ReadAction\",\"target\":[\"https:\/\/vieassociative.be\/actualites\/black-friday-fitness-deals-live-blog-2025-les-meilleures-ventes-de-montres-intelligentes-dequipements-de-gym-et-plus-encore\/\"]}]},{\"@type\":\"ImageObject\",\"inLanguage\":\"fr-BE\",\"@id\":\"https:\/\/vieassociative.be\/actualites\/black-friday-fitness-deals-live-blog-2025-les-meilleures-ventes-de-montres-intelligentes-dequipements-de-gym-et-plus-encore\/#primaryimage\",\"url\":\"https:\/\/vieassociative.be\/actualites\/wp-content\/uploads\/2025\/11\/Black-Friday-Fitness-Deals-Live-Blog-2025-Les-meilleures-ventes.jpg\",\"contentUrl\":\"https:\/\/vieassociative.be\/actualites\/wp-content\/uploads\/2025\/11\/Black-Friday-Fitness-Deals-Live-Blog-2025-Les-meilleures-ventes.jpg\",\"width\":1200,\"height\":675,\"caption\":\"Black Friday Fitness Deals Live Blog 2025\u00a0: Les meilleures ventes de montres intelligentes, d'\u00e9quipements de gym et plus encore\"},{\"@type\":\"BreadcrumbList\",\"@id\":\"https:\/\/vieassociative.be\/actualites\/black-friday-fitness-deals-live-blog-2025-les-meilleures-ventes-de-montres-intelligentes-dequipements-de-gym-et-plus-encore\/#breadcrumb\",\"itemListElement\":[{\"@type\":\"ListItem\",\"position\":1,\"name\":\"Accueil\",\"item\":\"https:\/\/vieassociative.be\/actualites\/\"},{\"@type\":\"ListItem\",\"position\":2,\"name\":\"Black Friday Fitness Deals Live Blog 2025\u00a0: Les meilleures ventes de montres intelligentes, d&rsquo;\u00e9quipements de gym et plus encore\"}]},{\"@type\":\"WebSite\",\"@id\":\"https:\/\/vieassociative.be\/actualites\/#website\",\"url\":\"https:\/\/vieassociative.be\/actualites\/\",\"name\":\"Vie Associative\",\"description\":\"\",\"publisher\":{\"@id\":\"https:\/\/vieassociative.be\/actualites\/#organization\"},\"potentialAction\":[{\"@type\":\"SearchAction\",\"target\":{\"@type\":\"EntryPoint\",\"urlTemplate\":\"https:\/\/vieassociative.be\/actualites\/?s={search_term_string}\"},\"query-input\":{\"@type\":\"PropertyValueSpecification\",\"valueRequired\":true,\"valueName\":\"search_term_string\"}}],\"inLanguage\":\"fr-BE\"},{\"@type\":\"Organization\",\"@id\":\"https:\/\/vieassociative.be\/actualites\/#organization\",\"name\":\"Vie Associative\",\"url\":\"https:\/\/vieassociative.be\/actualites\/\",\"logo\":{\"@type\":\"ImageObject\",\"inLanguage\":\"fr-BE\",\"@id\":\"https:\/\/vieassociative.be\/actualites\/#\/schema\/logo\/image\/\",\"url\":\"https:\/\/vieassociative.be\/actualites\/wp-content\/uploads\/2024\/09\/cropped-vieassociative_favicon.ico.png\",\"contentUrl\":\"https:\/\/vieassociative.be\/actualites\/wp-content\/uploads\/2024\/09\/cropped-vieassociative_favicon.ico.png\",\"width\":512,\"height\":512,\"caption\":\"Vie Associative\"},\"image\":{\"@id\":\"https:\/\/vieassociative.be\/actualites\/#\/schema\/logo\/image\/\"}},{\"@type\":\"Person\",\"@id\":\"https:\/\/vieassociative.be\/actualites\/#\/schema\/person\/b87ac4f82f9d4e7b7cec7395b679edc4\",\"name\":\"Julien\",\"image\":{\"@type\":\"ImageObject\",\"inLanguage\":\"fr-BE\",\"@id\":\"https:\/\/vieassociative.be\/actualites\/#\/schema\/person\/image\/\",\"url\":\"https:\/\/vieassociative.be\/actualites\/wp-content\/uploads\/2024\/09\/vie-associative-1-150x150.jpg\",\"contentUrl\":\"https:\/\/vieassociative.be\/actualites\/wp-content\/uploads\/2024\/09\/vie-associative-1-150x150.jpg\",\"caption\":\"Julien\"},\"description\":\"Je suis Julien, r\u00e9dacteur pour Vie Associative. Passionn\u00e9 par le monde associatif depuis plus de 10 ans, j'ai \u00e0 c\u0153ur de partager des histoires inspirantes et de mettre en lumi\u00e8re les initiatives locales. Mon objectif est de sensibiliser et d'encourager l'engagement communautaire \u00e0 travers mes articles.\",\"sameAs\":[\"https:\/\/vieassociative.be\/\"]}]}<\/script>\n<!-- \/ Yoast SEO plugin. -->","yoast_head_json":{"title":"Black Friday Fitness Deals Live Blog 2025\u00a0: Les meilleures ventes de montres intelligentes, d'\u00e9quipements de gym et plus encore | Vie Associative","robots":{"index":"index","follow":"follow","max-snippet":"max-snippet:-1","max-image-preview":"max-image-preview:large","max-video-preview":"max-video-preview:-1"},"canonical":"https:\/\/vieassociative.be\/actualites\/black-friday-fitness-deals-live-blog-2025-les-meilleures-ventes-de-montres-intelligentes-dequipements-de-gym-et-plus-encore\/","og_locale":"fr_FR","og_type":"article","og_title":"Black Friday Fitness Deals Live Blog 2025\u00a0: Les meilleures ventes de montres intelligentes, d'\u00e9quipements de gym et plus encore | Vie Associative","og_description":"Les offres du Black Friday et du Cyber \u200b\u200bMonday sont d\u00e9j\u00e0 \u00e0 nos portes. Le Black Friday et le Cyber \u200b\u200bMonday sont l\u00e0. Je suis","og_url":"https:\/\/vieassociative.be\/actualites\/black-friday-fitness-deals-live-blog-2025-les-meilleures-ventes-de-montres-intelligentes-dequipements-de-gym-et-plus-encore\/","og_site_name":"Vie Associative","article_published_time":"2025-11-30T11:18:16+00:00","og_image":[{"width":279,"height":92,"url":"https:\/\/vieassociative.be\/actualites\/wp-content\/uploads\/2024\/09\/header_backgroundk-01-e1726694325946.png","type":"image\/png"}],"author":"Julien","twitter_card":"summary_large_image","twitter_misc":{"\u00c9crit par":"Julien"},"schema":{"@context":"https:\/\/schema.org","@graph":[{"@type":"Article","@id":"https:\/\/vieassociative.be\/actualites\/black-friday-fitness-deals-live-blog-2025-les-meilleures-ventes-de-montres-intelligentes-dequipements-de-gym-et-plus-encore\/#article","isPartOf":{"@id":"https:\/\/vieassociative.be\/actualites\/black-friday-fitness-deals-live-blog-2025-les-meilleures-ventes-de-montres-intelligentes-dequipements-de-gym-et-plus-encore\/"},"author":{"name":"Julien","@id":"https:\/\/vieassociative.be\/actualites\/#\/schema\/person\/b87ac4f82f9d4e7b7cec7395b679edc4"},"headline":"Black Friday Fitness Deals Live Blog 2025\u00a0: Les meilleures ventes de montres intelligentes, d&rsquo;\u00e9quipements de gym et plus encore","datePublished":"2025-11-30T11:18:16+00:00","dateModified":"2025-11-30T11:18:16+00:00","mainEntityOfPage":{"@id":"https:\/\/vieassociative.be\/actualites\/black-friday-fitness-deals-live-blog-2025-les-meilleures-ventes-de-montres-intelligentes-dequipements-de-gym-et-plus-encore\/"},"wordCount":114,"publisher":{"@id":"https:\/\/vieassociative.be\/actualites\/#organization"},"image":{"@id":"https:\/\/vieassociative.be\/actualites\/black-friday-fitness-deals-live-blog-2025-les-meilleures-ventes-de-montres-intelligentes-dequipements-de-gym-et-plus-encore\/#primaryimage"},"thumbnailUrl":"https:\/\/vieassociative.be\/actualites\/wp-content\/uploads\/2025\/11\/Black-Friday-Fitness-Deals-Live-Blog-2025-Les-meilleures-ventes.jpg","keywords":["Black","Blog","Deals","d\u00e9quipements","encore","fitness","Friday","gym","intelligentes","Les","Live","meilleures","montres","ventes"],"articleSection":["Sant\u00e9"],"inLanguage":"fr-BE"},{"@type":"WebPage","@id":"https:\/\/vieassociative.be\/actualites\/black-friday-fitness-deals-live-blog-2025-les-meilleures-ventes-de-montres-intelligentes-dequipements-de-gym-et-plus-encore\/","url":"https:\/\/vieassociative.be\/actualites\/black-friday-fitness-deals-live-blog-2025-les-meilleures-ventes-de-montres-intelligentes-dequipements-de-gym-et-plus-encore\/","name":"Black Friday Fitness Deals Live Blog 2025\u00a0: Les meilleures ventes de montres intelligentes, d'\u00e9quipements de gym et plus encore | Vie Associative","isPartOf":{"@id":"https:\/\/vieassociative.be\/actualites\/#website"},"primaryImageOfPage":{"@id":"https:\/\/vieassociative.be\/actualites\/black-friday-fitness-deals-live-blog-2025-les-meilleures-ventes-de-montres-intelligentes-dequipements-de-gym-et-plus-encore\/#primaryimage"},"image":{"@id":"https:\/\/vieassociative.be\/actualites\/black-friday-fitness-deals-live-blog-2025-les-meilleures-ventes-de-montres-intelligentes-dequipements-de-gym-et-plus-encore\/#primaryimage"},"thumbnailUrl":"https:\/\/vieassociative.be\/actualites\/wp-content\/uploads\/2025\/11\/Black-Friday-Fitness-Deals-Live-Blog-2025-Les-meilleures-ventes.jpg","datePublished":"2025-11-30T11:18:16+00:00","dateModified":"2025-11-30T11:18:16+00:00","breadcrumb":{"@id":"https:\/\/vieassociative.be\/actualites\/black-friday-fitness-deals-live-blog-2025-les-meilleures-ventes-de-montres-intelligentes-dequipements-de-gym-et-plus-encore\/#breadcrumb"},"inLanguage":"fr-BE","potentialAction":[{"@type":"ReadAction","target":["https:\/\/vieassociative.be\/actualites\/black-friday-fitness-deals-live-blog-2025-les-meilleures-ventes-de-montres-intelligentes-dequipements-de-gym-et-plus-encore\/"]}]},{"@type":"ImageObject","inLanguage":"fr-BE","@id":"https:\/\/vieassociative.be\/actualites\/black-friday-fitness-deals-live-blog-2025-les-meilleures-ventes-de-montres-intelligentes-dequipements-de-gym-et-plus-encore\/#primaryimage","url":"https:\/\/vieassociative.be\/actualites\/wp-content\/uploads\/2025\/11\/Black-Friday-Fitness-Deals-Live-Blog-2025-Les-meilleures-ventes.jpg","contentUrl":"https:\/\/vieassociative.be\/actualites\/wp-content\/uploads\/2025\/11\/Black-Friday-Fitness-Deals-Live-Blog-2025-Les-meilleures-ventes.jpg","width":1200,"height":675,"caption":"Black Friday Fitness Deals Live Blog 2025\u00a0: Les meilleures ventes de montres intelligentes, d'\u00e9quipements de gym et plus encore"},{"@type":"BreadcrumbList","@id":"https:\/\/vieassociative.be\/actualites\/black-friday-fitness-deals-live-blog-2025-les-meilleures-ventes-de-montres-intelligentes-dequipements-de-gym-et-plus-encore\/#breadcrumb","itemListElement":[{"@type":"ListItem","position":1,"name":"Accueil","item":"https:\/\/vieassociative.be\/actualites\/"},{"@type":"ListItem","position":2,"name":"Black Friday Fitness Deals Live Blog 2025\u00a0: Les meilleures ventes de montres intelligentes, d&rsquo;\u00e9quipements de gym et plus encore"}]},{"@type":"WebSite","@id":"https:\/\/vieassociative.be\/actualites\/#website","url":"https:\/\/vieassociative.be\/actualites\/","name":"Vie Associative","description":"","publisher":{"@id":"https:\/\/vieassociative.be\/actualites\/#organization"},"potentialAction":[{"@type":"SearchAction","target":{"@type":"EntryPoint","urlTemplate":"https:\/\/vieassociative.be\/actualites\/?s={search_term_string}"},"query-input":{"@type":"PropertyValueSpecification","valueRequired":true,"valueName":"search_term_string"}}],"inLanguage":"fr-BE"},{"@type":"Organization","@id":"https:\/\/vieassociative.be\/actualites\/#organization","name":"Vie Associative","url":"https:\/\/vieassociative.be\/actualites\/","logo":{"@type":"ImageObject","inLanguage":"fr-BE","@id":"https:\/\/vieassociative.be\/actualites\/#\/schema\/logo\/image\/","url":"https:\/\/vieassociative.be\/actualites\/wp-content\/uploads\/2024\/09\/cropped-vieassociative_favicon.ico.png","contentUrl":"https:\/\/vieassociative.be\/actualites\/wp-content\/uploads\/2024\/09\/cropped-vieassociative_favicon.ico.png","width":512,"height":512,"caption":"Vie Associative"},"image":{"@id":"https:\/\/vieassociative.be\/actualites\/#\/schema\/logo\/image\/"}},{"@type":"Person","@id":"https:\/\/vieassociative.be\/actualites\/#\/schema\/person\/b87ac4f82f9d4e7b7cec7395b679edc4","name":"Julien","image":{"@type":"ImageObject","inLanguage":"fr-BE","@id":"https:\/\/vieassociative.be\/actualites\/#\/schema\/person\/image\/","url":"https:\/\/vieassociative.be\/actualites\/wp-content\/uploads\/2024\/09\/vie-associative-1-150x150.jpg","contentUrl":"https:\/\/vieassociative.be\/actualites\/wp-content\/uploads\/2024\/09\/vie-associative-1-150x150.jpg","caption":"Julien"},"description":"Je suis Julien, r\u00e9dacteur pour Vie Associative. Passionn\u00e9 par le monde associatif depuis plus de 10 ans, j'ai \u00e0 c\u0153ur de partager des histoires inspirantes et de mettre en lumi\u00e8re les initiatives locales. Mon objectif est de sensibiliser et d'encourager l'engagement communautaire \u00e0 travers mes articles.","sameAs":["https:\/\/vieassociative.be\/"]}]}},"_links":{"self":[{"href":"https:\/\/vieassociative.be\/actualites\/wp-json\/wp\/v2\/posts\/11624"}],"collection":[{"href":"https:\/\/vieassociative.be\/actualites\/wp-json\/wp\/v2\/posts"}],"about":[{"href":"https:\/\/vieassociative.be\/actualites\/wp-json\/wp\/v2\/types\/post"}],"author":[{"embeddable":true,"href":"https:\/\/vieassociative.be\/actualites\/wp-json\/wp\/v2\/users\/1"}],"replies":[{"embeddable":true,"href":"https:\/\/vieassociative.be\/actualites\/wp-json\/wp\/v2\/comments?post=11624"}],"version-history":[{"count":0,"href":"https:\/\/vieassociative.be\/actualites\/wp-json\/wp\/v2\/posts\/11624\/revisions"}],"wp:featuredmedia":[{"embeddable":true,"href":"https:\/\/vieassociative.be\/actualites\/wp-json\/wp\/v2\/media\/11625"}],"wp:attachment":[{"href":"https:\/\/vieassociative.be\/actualites\/wp-json\/wp\/v2\/media?parent=11624"}],"wp:term":[{"taxonomy":"category","embeddable":true,"href":"https:\/\/vieassociative.be\/actualites\/wp-json\/wp\/v2\/categories?post=11624"},{"taxonomy":"post_tag","embeddable":true,"href":"https:\/\/vieassociative.be\/actualites\/wp-json\/wp\/v2\/tags?post=11624"}],"curies":[{"name":"wp","href":"https:\/\/api.w.org\/{rel}","templated":true}]}}