{"id":11622,"date":"2025-11-30T09:17:10","date_gmt":"2025-11-30T08:17:10","guid":{"rendered":"https:\/\/vieassociative.be\/actualites\/nombre-detudiants-en-2025-les-choses-sameliorent-pour-le-rsi-et-le-pds\/"},"modified":"2025-11-30T09:17:10","modified_gmt":"2025-11-30T08:17:10","slug":"nombre-detudiants-en-2025-les-choses-sameliorent-pour-le-rsi-et-le-pds","status":"publish","type":"post","link":"https:\/\/vieassociative.be\/actualites\/nombre-detudiants-en-2025-les-choses-sameliorent-pour-le-rsi-et-le-pds\/","title":{"rendered":"Nombre d\u2019\u00e9tudiants en 2025 : les choses s\u2019am\u00e9liorent pour le RSI et le PDS"},"content":{"rendered":"<p><strong>Le nombre d&rsquo;\u00e9l\u00e8ves pour l&rsquo;ann\u00e9e scolaire 2025\/2026 a \u00e9t\u00e9 pr\u00e9sent\u00e9 vendredi au si\u00e8ge de la DG gouvernement \u00e0 la Kl\u00f6tzerbahn \u00e0 Eupen. Pour les \u00e9tablissements d&rsquo;enseignement, cette annonce s&rsquo;apparente toujours \u00e0 une distribution de certificats.<\/strong><\/p>\n<p><span id=\"more-430590\"><\/span>Chaque \u00e9cole s&rsquo;int\u00e9resse moins \u00e0 ses propres chiffres, qu&rsquo;elle a d\u00e9j\u00e0 calcul\u00e9s elle-m\u00eame, qu&rsquo;\u00e0 ceux de ses concurrents.<\/p>\n<p>Il existe par exemple une saine concurrence entre les trois plus grandes \u00e9coles secondaires de la DG. Jusqu&rsquo;il y a une dizaine d&rsquo;ann\u00e9es, l&rsquo;\u00e9cole secondaire P\u00e8re Damien (PDS) d&rsquo;Eupen \u00e9tait le leader absolu du secteur.<\/p>\n<p>Cependant, au cours de l\u2019ann\u00e9e scolaire 2015\/2016, le PDS est tomb\u00e9 pour la premi\u00e8re fois sous la barre des 1 000 \u00e9l\u00e8ves. En 2018\/2819, le lyc\u00e9e de Kaperberg n&rsquo;\u00e9tait plus pour la premi\u00e8re fois la plus grande \u00e9cole de la DG, mais a d\u00fb c\u00e9der dans les ann\u00e9es suivantes la place \u00e0 l&rsquo;Institut Robert Schuman (RSI), au Kgl, \u00e0 l&rsquo;Athen\u00e4um Eupen (KAE) et m\u00eame aux deux.<\/p>\n<div id=\"attachment_430674\" class=\"wp-caption alignleft\" style=\"max-width: 300px\"><img decoding=\"async\" class=\"wp-image-430674 size-medium\" src=\"https:\/\/vieassociative.be\/actualites\/wp-content\/uploads\/2025\/11\/Nombre-detudiants-en-2025-les-choses-sameliorent-pour-le.jpg\" alt=\"\" width=\"300\" height=\"158\"  ><\/div>\n<p>Pour l&rsquo;ann\u00e9e scolaire 2025\/2026, le PDS est toujours la troisi\u00e8me plus grande \u00e9cole de la DG. Ce qui est remarquable, cependant, c&rsquo;est qu&rsquo;elle ne perd pas plus d&rsquo;\u00e9tudiants, mais qu&rsquo;elle en a plut\u00f4t gagn\u00e9 plus au cours des cinq derni\u00e8res ann\u00e9es que ses deux concurrents. Depuis 2020\/2021, le KAE compte 47 \u00e9tudiants de plus (+5,57%), le RSI compte 27 \u00e9tudiants de plus (+3,13%) et le PDS compte 68 \u00e9tudiants de plus (+10,12%).<\/p>\n<p>Tout comme le PDS, le RSI a \u00e9galement pu augmenter par rapport \u00e0 l&rsquo;ann\u00e9e scolaire derni\u00e8re, tandis que le Kgl. L&rsquo;Athen\u00e4um Eupen a retomb\u00e9 au niveau du nombre d&rsquo;\u00e9tudiants au cours de l&rsquo;ann\u00e9e scolaire 2022\/2023 et compte aujourd&rsquo;hui presque autant d&rsquo;\u00e9tudiants que le RSI.<\/p>\n<p>Au sud de la DG, l&rsquo;\u00e9cole Maria Goretti (MGS) reste la plus grande \u00e9cole, devant l&rsquo;\u00e9cole \u00e9piscopale (BS).<\/p>\n<p>Au total, 16 516 \u00e9l\u00e8ves \u00e9taient inscrits dans les \u00e9coles de la DG au 30 septembre 2025, soit 246 de plus que l&rsquo;ann\u00e9e pr\u00e9c\u00e9dente, ce qui est une \u00e9volution logique compte tenu de la population en constante augmentation.<\/p>\n<p>Le nombre actuel d&rsquo;\u00e9tudiants a \u00e9t\u00e9 pr\u00e9sent\u00e9 vendredi par le ministre de l&rsquo;\u00c9ducation nationale J\u00e9r\u00f4me Franssen et Neil Bogaerts, chef du d\u00e9partement Financement scolaire et strat\u00e9gie de donn\u00e9es au portail de la DG Statistique \u00ab Ostbelgien Statistics \u00bb. (cr\u00e9er)<\/p>\n<p><em><strong>Afin de ne pas bombarder le lecteur de chiffres, \u00ab Ostbelgien Direkt \u00bb publie les graphiques les plus importants pour l&rsquo;ann\u00e9e scolaire 2025\/2026 au lien suivant :<\/strong><\/em><\/p>\n<p><u>https:\/\/www.dropbox.com\/scl\/fi\/sj0ca8rzdgml68uinkjug\/2025-PK-Sch-lerzahlen-2025-2026-1.pdf?rlkey=u5mm3xlxza2qipfjatymasrnd&#038;st=vyulz19k&#038;dl=0<\/u><\/p>\n","protected":false},"excerpt":{"rendered":"<p>Le nombre d&rsquo;\u00e9l\u00e8ves pour l&rsquo;ann\u00e9e scolaire 2025\/2026 a \u00e9t\u00e9 pr\u00e9sent\u00e9 vendredi au si\u00e8ge de la DG gouvernement \u00e0 la Kl\u00f6tzerbahn \u00e0 Eupen. Pour les \u00e9tablissements<\/p>\n","protected":false},"author":1,"featured_media":11623,"comment_status":"","ping_status":"","sticky":false,"template":"","format":"standard","meta":{"footnotes":""},"categories":[298],"tags":[93,9402,14,1695,9404,81,4883,9403],"class_list":["post-11622","post","type-post","status-publish","format-standard","has-post-thumbnail","hentry","category-belgique","tag-choses","tag-detudiants","tag-les","tag-nombre","tag-pds","tag-pour","tag-rsi","tag-sameliorent","generate-columns","tablet-grid-50","mobile-grid-100","grid-parent","grid-33"],"yoast_head":"<!-- This site is optimized with the Yoast SEO plugin v24.0 - https:\/\/yoast.com\/wordpress\/plugins\/seo\/ -->\n<title>Nombre d\u2019\u00e9tudiants en 2025 : les choses s\u2019am\u00e9liorent pour le RSI et le PDS | Vie Associative<\/title>\n<meta name=\"robots\" content=\"index, follow, max-snippet:-1, max-image-preview:large, max-video-preview:-1\" \/>\n<link rel=\"canonical\" href=\"https:\/\/vieassociative.be\/actualites\/nombre-detudiants-en-2025-les-choses-sameliorent-pour-le-rsi-et-le-pds\/\" \/>\n<meta property=\"og:locale\" content=\"fr_FR\" \/>\n<meta property=\"og:type\" content=\"article\" \/>\n<meta property=\"og:title\" content=\"Nombre d\u2019\u00e9tudiants en 2025 : les choses s\u2019am\u00e9liorent pour le RSI et le PDS | Vie Associative\" \/>\n<meta property=\"og:description\" content=\"Le nombre d&rsquo;\u00e9l\u00e8ves pour l&rsquo;ann\u00e9e scolaire 2025\/2026 a \u00e9t\u00e9 pr\u00e9sent\u00e9 vendredi au si\u00e8ge de la DG gouvernement \u00e0 la Kl\u00f6tzerbahn \u00e0 Eupen. Pour les \u00e9tablissements\" \/>\n<meta property=\"og:url\" content=\"https:\/\/vieassociative.be\/actualites\/nombre-detudiants-en-2025-les-choses-sameliorent-pour-le-rsi-et-le-pds\/\" \/>\n<meta property=\"og:site_name\" content=\"Vie Associative\" \/>\n<meta property=\"article:published_time\" content=\"2025-11-30T08:17:10+00:00\" \/>\n<meta property=\"og:image\" content=\"https:\/\/vieassociative.be\/actualites\/wp-content\/uploads\/2024\/09\/header_backgroundk-01-e1726694325946.png\" \/>\n\t<meta property=\"og:image:width\" content=\"279\" \/>\n\t<meta property=\"og:image:height\" content=\"92\" \/>\n\t<meta property=\"og:image:type\" content=\"image\/png\" \/>\n<meta name=\"author\" content=\"Julien\" \/>\n<meta name=\"twitter:card\" content=\"summary_large_image\" \/>\n<meta name=\"twitter:label1\" content=\"\u00c9crit par\" \/>\n\t<meta name=\"twitter:data1\" content=\"Julien\" \/>\n\t<meta name=\"twitter:label2\" content=\"Dur\u00e9e de lecture est.\" \/>\n\t<meta name=\"twitter:data2\" content=\"2 minutes\" \/>\n<script type=\"application\/ld+json\" class=\"yoast-schema-graph\">{\"@context\":\"https:\/\/schema.org\",\"@graph\":[{\"@type\":\"Article\",\"@id\":\"https:\/\/vieassociative.be\/actualites\/nombre-detudiants-en-2025-les-choses-sameliorent-pour-le-rsi-et-le-pds\/#article\",\"isPartOf\":{\"@id\":\"https:\/\/vieassociative.be\/actualites\/nombre-detudiants-en-2025-les-choses-sameliorent-pour-le-rsi-et-le-pds\/\"},\"author\":{\"name\":\"Julien\",\"@id\":\"https:\/\/vieassociative.be\/actualites\/#\/schema\/person\/b87ac4f82f9d4e7b7cec7395b679edc4\"},\"headline\":\"Nombre d\u2019\u00e9tudiants en 2025 : les choses s\u2019am\u00e9liorent pour le RSI et le PDS\",\"datePublished\":\"2025-11-30T08:17:10+00:00\",\"dateModified\":\"2025-11-30T08:17:10+00:00\",\"mainEntityOfPage\":{\"@id\":\"https:\/\/vieassociative.be\/actualites\/nombre-detudiants-en-2025-les-choses-sameliorent-pour-le-rsi-et-le-pds\/\"},\"wordCount\":470,\"publisher\":{\"@id\":\"https:\/\/vieassociative.be\/actualites\/#organization\"},\"image\":{\"@id\":\"https:\/\/vieassociative.be\/actualites\/nombre-detudiants-en-2025-les-choses-sameliorent-pour-le-rsi-et-le-pds\/#primaryimage\"},\"thumbnailUrl\":\"https:\/\/vieassociative.be\/actualites\/wp-content\/uploads\/2025\/11\/1764490631_Nombre-detudiants-en-2025-les-choses-sameliorent-pour-le.jpg\",\"keywords\":[\"choses\",\"d\u00e9tudiants\",\"Les\",\"nombre\",\"PDS\",\"pour\",\"RSI\",\"sam\u00e9liorent\"],\"articleSection\":[\"Belgique\"],\"inLanguage\":\"fr-BE\"},{\"@type\":\"WebPage\",\"@id\":\"https:\/\/vieassociative.be\/actualites\/nombre-detudiants-en-2025-les-choses-sameliorent-pour-le-rsi-et-le-pds\/\",\"url\":\"https:\/\/vieassociative.be\/actualites\/nombre-detudiants-en-2025-les-choses-sameliorent-pour-le-rsi-et-le-pds\/\",\"name\":\"Nombre d\u2019\u00e9tudiants en 2025 : les choses s\u2019am\u00e9liorent pour le RSI et le PDS | Vie Associative\",\"isPartOf\":{\"@id\":\"https:\/\/vieassociative.be\/actualites\/#website\"},\"primaryImageOfPage\":{\"@id\":\"https:\/\/vieassociative.be\/actualites\/nombre-detudiants-en-2025-les-choses-sameliorent-pour-le-rsi-et-le-pds\/#primaryimage\"},\"image\":{\"@id\":\"https:\/\/vieassociative.be\/actualites\/nombre-detudiants-en-2025-les-choses-sameliorent-pour-le-rsi-et-le-pds\/#primaryimage\"},\"thumbnailUrl\":\"https:\/\/vieassociative.be\/actualites\/wp-content\/uploads\/2025\/11\/1764490631_Nombre-detudiants-en-2025-les-choses-sameliorent-pour-le.jpg\",\"datePublished\":\"2025-11-30T08:17:10+00:00\",\"dateModified\":\"2025-11-30T08:17:10+00:00\",\"breadcrumb\":{\"@id\":\"https:\/\/vieassociative.be\/actualites\/nombre-detudiants-en-2025-les-choses-sameliorent-pour-le-rsi-et-le-pds\/#breadcrumb\"},\"inLanguage\":\"fr-BE\",\"potentialAction\":[{\"@type\":\"ReadAction\",\"target\":[\"https:\/\/vieassociative.be\/actualites\/nombre-detudiants-en-2025-les-choses-sameliorent-pour-le-rsi-et-le-pds\/\"]}]},{\"@type\":\"ImageObject\",\"inLanguage\":\"fr-BE\",\"@id\":\"https:\/\/vieassociative.be\/actualites\/nombre-detudiants-en-2025-les-choses-sameliorent-pour-le-rsi-et-le-pds\/#primaryimage\",\"url\":\"https:\/\/vieassociative.be\/actualites\/wp-content\/uploads\/2025\/11\/1764490631_Nombre-detudiants-en-2025-les-choses-sameliorent-pour-le.jpg\",\"contentUrl\":\"https:\/\/vieassociative.be\/actualites\/wp-content\/uploads\/2025\/11\/1764490631_Nombre-detudiants-en-2025-les-choses-sameliorent-pour-le.jpg\",\"width\":1200,\"height\":900,\"caption\":\"Nombre d\u2019\u00e9tudiants en 2025 : les choses s\u2019am\u00e9liorent pour le RSI et le PDS\"},{\"@type\":\"BreadcrumbList\",\"@id\":\"https:\/\/vieassociative.be\/actualites\/nombre-detudiants-en-2025-les-choses-sameliorent-pour-le-rsi-et-le-pds\/#breadcrumb\",\"itemListElement\":[{\"@type\":\"ListItem\",\"position\":1,\"name\":\"Accueil\",\"item\":\"https:\/\/vieassociative.be\/actualites\/\"},{\"@type\":\"ListItem\",\"position\":2,\"name\":\"Nombre d\u2019\u00e9tudiants en 2025 : les choses s\u2019am\u00e9liorent pour le RSI et le PDS\"}]},{\"@type\":\"WebSite\",\"@id\":\"https:\/\/vieassociative.be\/actualites\/#website\",\"url\":\"https:\/\/vieassociative.be\/actualites\/\",\"name\":\"Vie Associative\",\"description\":\"\",\"publisher\":{\"@id\":\"https:\/\/vieassociative.be\/actualites\/#organization\"},\"potentialAction\":[{\"@type\":\"SearchAction\",\"target\":{\"@type\":\"EntryPoint\",\"urlTemplate\":\"https:\/\/vieassociative.be\/actualites\/?s={search_term_string}\"},\"query-input\":{\"@type\":\"PropertyValueSpecification\",\"valueRequired\":true,\"valueName\":\"search_term_string\"}}],\"inLanguage\":\"fr-BE\"},{\"@type\":\"Organization\",\"@id\":\"https:\/\/vieassociative.be\/actualites\/#organization\",\"name\":\"Vie Associative\",\"url\":\"https:\/\/vieassociative.be\/actualites\/\",\"logo\":{\"@type\":\"ImageObject\",\"inLanguage\":\"fr-BE\",\"@id\":\"https:\/\/vieassociative.be\/actualites\/#\/schema\/logo\/image\/\",\"url\":\"https:\/\/vieassociative.be\/actualites\/wp-content\/uploads\/2024\/09\/cropped-vieassociative_favicon.ico.png\",\"contentUrl\":\"https:\/\/vieassociative.be\/actualites\/wp-content\/uploads\/2024\/09\/cropped-vieassociative_favicon.ico.png\",\"width\":512,\"height\":512,\"caption\":\"Vie Associative\"},\"image\":{\"@id\":\"https:\/\/vieassociative.be\/actualites\/#\/schema\/logo\/image\/\"}},{\"@type\":\"Person\",\"@id\":\"https:\/\/vieassociative.be\/actualites\/#\/schema\/person\/b87ac4f82f9d4e7b7cec7395b679edc4\",\"name\":\"Julien\",\"image\":{\"@type\":\"ImageObject\",\"inLanguage\":\"fr-BE\",\"@id\":\"https:\/\/vieassociative.be\/actualites\/#\/schema\/person\/image\/\",\"url\":\"https:\/\/vieassociative.be\/actualites\/wp-content\/uploads\/2024\/09\/vie-associative-1-150x150.jpg\",\"contentUrl\":\"https:\/\/vieassociative.be\/actualites\/wp-content\/uploads\/2024\/09\/vie-associative-1-150x150.jpg\",\"caption\":\"Julien\"},\"description\":\"Je suis Julien, r\u00e9dacteur pour Vie Associative. Passionn\u00e9 par le monde associatif depuis plus de 10 ans, j'ai \u00e0 c\u0153ur de partager des histoires inspirantes et de mettre en lumi\u00e8re les initiatives locales. Mon objectif est de sensibiliser et d'encourager l'engagement communautaire \u00e0 travers mes articles.\",\"sameAs\":[\"https:\/\/vieassociative.be\/\"]}]}<\/script>\n<!-- \/ Yoast SEO plugin. -->","yoast_head_json":{"title":"Nombre d\u2019\u00e9tudiants en 2025 : les choses s\u2019am\u00e9liorent pour le RSI et le PDS | Vie Associative","robots":{"index":"index","follow":"follow","max-snippet":"max-snippet:-1","max-image-preview":"max-image-preview:large","max-video-preview":"max-video-preview:-1"},"canonical":"https:\/\/vieassociative.be\/actualites\/nombre-detudiants-en-2025-les-choses-sameliorent-pour-le-rsi-et-le-pds\/","og_locale":"fr_FR","og_type":"article","og_title":"Nombre d\u2019\u00e9tudiants en 2025 : les choses s\u2019am\u00e9liorent pour le RSI et le PDS | Vie Associative","og_description":"Le nombre d&rsquo;\u00e9l\u00e8ves pour l&rsquo;ann\u00e9e scolaire 2025\/2026 a \u00e9t\u00e9 pr\u00e9sent\u00e9 vendredi au si\u00e8ge de la DG gouvernement \u00e0 la Kl\u00f6tzerbahn \u00e0 Eupen. Pour les \u00e9tablissements","og_url":"https:\/\/vieassociative.be\/actualites\/nombre-detudiants-en-2025-les-choses-sameliorent-pour-le-rsi-et-le-pds\/","og_site_name":"Vie Associative","article_published_time":"2025-11-30T08:17:10+00:00","og_image":[{"width":279,"height":92,"url":"https:\/\/vieassociative.be\/actualites\/wp-content\/uploads\/2024\/09\/header_backgroundk-01-e1726694325946.png","type":"image\/png"}],"author":"Julien","twitter_card":"summary_large_image","twitter_misc":{"\u00c9crit par":"Julien","Dur\u00e9e de lecture est.":"2 minutes"},"schema":{"@context":"https:\/\/schema.org","@graph":[{"@type":"Article","@id":"https:\/\/vieassociative.be\/actualites\/nombre-detudiants-en-2025-les-choses-sameliorent-pour-le-rsi-et-le-pds\/#article","isPartOf":{"@id":"https:\/\/vieassociative.be\/actualites\/nombre-detudiants-en-2025-les-choses-sameliorent-pour-le-rsi-et-le-pds\/"},"author":{"name":"Julien","@id":"https:\/\/vieassociative.be\/actualites\/#\/schema\/person\/b87ac4f82f9d4e7b7cec7395b679edc4"},"headline":"Nombre d\u2019\u00e9tudiants en 2025 : les choses s\u2019am\u00e9liorent pour le RSI et le PDS","datePublished":"2025-11-30T08:17:10+00:00","dateModified":"2025-11-30T08:17:10+00:00","mainEntityOfPage":{"@id":"https:\/\/vieassociative.be\/actualites\/nombre-detudiants-en-2025-les-choses-sameliorent-pour-le-rsi-et-le-pds\/"},"wordCount":470,"publisher":{"@id":"https:\/\/vieassociative.be\/actualites\/#organization"},"image":{"@id":"https:\/\/vieassociative.be\/actualites\/nombre-detudiants-en-2025-les-choses-sameliorent-pour-le-rsi-et-le-pds\/#primaryimage"},"thumbnailUrl":"https:\/\/vieassociative.be\/actualites\/wp-content\/uploads\/2025\/11\/1764490631_Nombre-detudiants-en-2025-les-choses-sameliorent-pour-le.jpg","keywords":["choses","d\u00e9tudiants","Les","nombre","PDS","pour","RSI","sam\u00e9liorent"],"articleSection":["Belgique"],"inLanguage":"fr-BE"},{"@type":"WebPage","@id":"https:\/\/vieassociative.be\/actualites\/nombre-detudiants-en-2025-les-choses-sameliorent-pour-le-rsi-et-le-pds\/","url":"https:\/\/vieassociative.be\/actualites\/nombre-detudiants-en-2025-les-choses-sameliorent-pour-le-rsi-et-le-pds\/","name":"Nombre d\u2019\u00e9tudiants en 2025 : les choses s\u2019am\u00e9liorent pour le RSI et le PDS | Vie Associative","isPartOf":{"@id":"https:\/\/vieassociative.be\/actualites\/#website"},"primaryImageOfPage":{"@id":"https:\/\/vieassociative.be\/actualites\/nombre-detudiants-en-2025-les-choses-sameliorent-pour-le-rsi-et-le-pds\/#primaryimage"},"image":{"@id":"https:\/\/vieassociative.be\/actualites\/nombre-detudiants-en-2025-les-choses-sameliorent-pour-le-rsi-et-le-pds\/#primaryimage"},"thumbnailUrl":"https:\/\/vieassociative.be\/actualites\/wp-content\/uploads\/2025\/11\/1764490631_Nombre-detudiants-en-2025-les-choses-sameliorent-pour-le.jpg","datePublished":"2025-11-30T08:17:10+00:00","dateModified":"2025-11-30T08:17:10+00:00","breadcrumb":{"@id":"https:\/\/vieassociative.be\/actualites\/nombre-detudiants-en-2025-les-choses-sameliorent-pour-le-rsi-et-le-pds\/#breadcrumb"},"inLanguage":"fr-BE","potentialAction":[{"@type":"ReadAction","target":["https:\/\/vieassociative.be\/actualites\/nombre-detudiants-en-2025-les-choses-sameliorent-pour-le-rsi-et-le-pds\/"]}]},{"@type":"ImageObject","inLanguage":"fr-BE","@id":"https:\/\/vieassociative.be\/actualites\/nombre-detudiants-en-2025-les-choses-sameliorent-pour-le-rsi-et-le-pds\/#primaryimage","url":"https:\/\/vieassociative.be\/actualites\/wp-content\/uploads\/2025\/11\/1764490631_Nombre-detudiants-en-2025-les-choses-sameliorent-pour-le.jpg","contentUrl":"https:\/\/vieassociative.be\/actualites\/wp-content\/uploads\/2025\/11\/1764490631_Nombre-detudiants-en-2025-les-choses-sameliorent-pour-le.jpg","width":1200,"height":900,"caption":"Nombre d\u2019\u00e9tudiants en 2025 : les choses s\u2019am\u00e9liorent pour le RSI et le PDS"},{"@type":"BreadcrumbList","@id":"https:\/\/vieassociative.be\/actualites\/nombre-detudiants-en-2025-les-choses-sameliorent-pour-le-rsi-et-le-pds\/#breadcrumb","itemListElement":[{"@type":"ListItem","position":1,"name":"Accueil","item":"https:\/\/vieassociative.be\/actualites\/"},{"@type":"ListItem","position":2,"name":"Nombre d\u2019\u00e9tudiants en 2025 : les choses s\u2019am\u00e9liorent pour le RSI et le PDS"}]},{"@type":"WebSite","@id":"https:\/\/vieassociative.be\/actualites\/#website","url":"https:\/\/vieassociative.be\/actualites\/","name":"Vie Associative","description":"","publisher":{"@id":"https:\/\/vieassociative.be\/actualites\/#organization"},"potentialAction":[{"@type":"SearchAction","target":{"@type":"EntryPoint","urlTemplate":"https:\/\/vieassociative.be\/actualites\/?s={search_term_string}"},"query-input":{"@type":"PropertyValueSpecification","valueRequired":true,"valueName":"search_term_string"}}],"inLanguage":"fr-BE"},{"@type":"Organization","@id":"https:\/\/vieassociative.be\/actualites\/#organization","name":"Vie Associative","url":"https:\/\/vieassociative.be\/actualites\/","logo":{"@type":"ImageObject","inLanguage":"fr-BE","@id":"https:\/\/vieassociative.be\/actualites\/#\/schema\/logo\/image\/","url":"https:\/\/vieassociative.be\/actualites\/wp-content\/uploads\/2024\/09\/cropped-vieassociative_favicon.ico.png","contentUrl":"https:\/\/vieassociative.be\/actualites\/wp-content\/uploads\/2024\/09\/cropped-vieassociative_favicon.ico.png","width":512,"height":512,"caption":"Vie Associative"},"image":{"@id":"https:\/\/vieassociative.be\/actualites\/#\/schema\/logo\/image\/"}},{"@type":"Person","@id":"https:\/\/vieassociative.be\/actualites\/#\/schema\/person\/b87ac4f82f9d4e7b7cec7395b679edc4","name":"Julien","image":{"@type":"ImageObject","inLanguage":"fr-BE","@id":"https:\/\/vieassociative.be\/actualites\/#\/schema\/person\/image\/","url":"https:\/\/vieassociative.be\/actualites\/wp-content\/uploads\/2024\/09\/vie-associative-1-150x150.jpg","contentUrl":"https:\/\/vieassociative.be\/actualites\/wp-content\/uploads\/2024\/09\/vie-associative-1-150x150.jpg","caption":"Julien"},"description":"Je suis Julien, r\u00e9dacteur pour Vie Associative. Passionn\u00e9 par le monde associatif depuis plus de 10 ans, j'ai \u00e0 c\u0153ur de partager des histoires inspirantes et de mettre en lumi\u00e8re les initiatives locales. Mon objectif est de sensibiliser et d'encourager l'engagement communautaire \u00e0 travers mes articles.","sameAs":["https:\/\/vieassociative.be\/"]}]}},"_links":{"self":[{"href":"https:\/\/vieassociative.be\/actualites\/wp-json\/wp\/v2\/posts\/11622"}],"collection":[{"href":"https:\/\/vieassociative.be\/actualites\/wp-json\/wp\/v2\/posts"}],"about":[{"href":"https:\/\/vieassociative.be\/actualites\/wp-json\/wp\/v2\/types\/post"}],"author":[{"embeddable":true,"href":"https:\/\/vieassociative.be\/actualites\/wp-json\/wp\/v2\/users\/1"}],"replies":[{"embeddable":true,"href":"https:\/\/vieassociative.be\/actualites\/wp-json\/wp\/v2\/comments?post=11622"}],"version-history":[{"count":0,"href":"https:\/\/vieassociative.be\/actualites\/wp-json\/wp\/v2\/posts\/11622\/revisions"}],"wp:featuredmedia":[{"embeddable":true,"href":"https:\/\/vieassociative.be\/actualites\/wp-json\/wp\/v2\/media\/11623"}],"wp:attachment":[{"href":"https:\/\/vieassociative.be\/actualites\/wp-json\/wp\/v2\/media?parent=11622"}],"wp:term":[{"taxonomy":"category","embeddable":true,"href":"https:\/\/vieassociative.be\/actualites\/wp-json\/wp\/v2\/categories?post=11622"},{"taxonomy":"post_tag","embeddable":true,"href":"https:\/\/vieassociative.be\/actualites\/wp-json\/wp\/v2\/tags?post=11622"}],"curies":[{"name":"wp","href":"https:\/\/api.w.org\/{rel}","templated":true}]}}