{"id":11620,"date":"2025-11-30T08:18:14","date_gmt":"2025-11-30T07:18:14","guid":{"rendered":"https:\/\/vieassociative.be\/actualites\/vous-pouvez-obtenir-microsoft-visio-2021-pro-en-vente-pour-seulement-10-pour-le-black-friday\/"},"modified":"2025-11-30T08:18:14","modified_gmt":"2025-11-30T07:18:14","slug":"vous-pouvez-obtenir-microsoft-visio-2021-pro-en-vente-pour-seulement-10-pour-le-black-friday","status":"publish","type":"post","link":"https:\/\/vieassociative.be\/actualites\/vous-pouvez-obtenir-microsoft-visio-2021-pro-en-vente-pour-seulement-10-pour-le-black-friday\/","title":{"rendered":"Vous pouvez obtenir Microsoft Visio 2021 Pro en vente pour seulement 10 $ pour le Black Friday"},"content":{"rendered":"<div class=\"mt-4 leading-6 md:mb-8\">Il s&rsquo;agit d&rsquo;un puissant outil de cr\u00e9ation de diagrammes qui transforme des donn\u00e9es complexes en visuels clairs, id\u00e9al pour les professionnels de l&rsquo;informatique, de l&rsquo;architecture ou de l&rsquo;analyse commerciale.<\/div>\n<p><\/p>\n<p><em>Les ventes du Black Friday commencent officiellement le vendredi 28 novembre et se poursuivent jusqu&rsquo;au Cyber \u200b\u200bMonday, le 1er d\u00e9cembre, et Vie Associative partage les meilleures ventes bas\u00e9es sur des critiques de produits, des comparaisons et des outils de suivi des prix avant leur fin. <\/em><\/p>\n<ul>\n<li>\n<p><em>Suivez notre blog en direct<\/em><em>  pour rester au courant des meilleures ventes que nous trouvons.<\/em><\/p>\n<\/li>\n<li>\n<p><em>Parcourez les choix de nos r\u00e9dacteurs<\/em><em>  pour une liste organis\u00e9e de nos ventes pr\u00e9f\u00e9r\u00e9es sur les ordinateurs portables, les technologies de fitness, les appareils \u00e9lectrom\u00e9nagers et plus encore.<\/em><\/p>\n<\/li>\n<li>\n<p><em>Abonnez-vous \u00e0 notre newsletter shopping<\/em><em>Ajoutez au panier, pour les meilleures ventes envoy\u00e9es dans votre bo\u00eete de r\u00e9ception.<\/em><\/p>\n<\/li>\n<li>\n<p><em>Les ventes sont exactes au moment de la publication, mais les prix et les stocks sont toujours sujets \u00e0 changement. <\/em><\/p>\n<\/li>\n<\/ul>\n<hr>\n<p>Si vous avez d\u00e9j\u00e0 d\u00fb assister \u00e0 une r\u00e9union avec un tableau blanc rempli de gribouillis et de fl\u00e8ches, vous comprenez probablement la n\u00e9cessit\u00e9 d&rsquo;un bon outil de cr\u00e9ation de diagrammes. \u00c0 l&rsquo;heure actuelle, Microsoft Visio 2021 Professional est en vente pour seulement 10 $ pour une licence \u00e0 vie sur StackSocial pour les nouveaux utilisateurs. L\u2019accord se poursuit jusqu\u2019au Cyber \u200b\u200bMonday. Son prix est suffisamment bas pour justifier son ajout \u00e0 votre bo\u00eete \u00e0 outils num\u00e9rique, que vous l&rsquo;utilisiez souvent ou occasionnellement. Il s&rsquo;agit de la m\u00eame version compl\u00e8te de Visio Pro, sous licence pour un PC Windows, aucun abonnement requis.<\/p>\n<p>Visio transforme des donn\u00e9es volumineuses en visuels clairs. Visio reste intuitif, qu&rsquo;il s&rsquo;agisse de cartographier un nouvel agencement de bureau, de cr\u00e9er des organigrammes \u00e0 partir de donn\u00e9es Excel ou de dessiner un diagramme de flux de travail avec un stylet sur votre appareil tactile. L&rsquo;interface contient plus de 250 000 formes et mod\u00e8les (qui ne sont pas inclus dans la version Web), y compris des options conformes aux normes telles que UML 2.5 et BPMN 2.0. Il ne s&rsquo;agit pas simplement de dessiner des cases et des fl\u00e8ches\u00a0: il vous permet de relier des diagrammes \u00e0 des donn\u00e9es en direct et de garder le tout dynamique. Il est id\u00e9al pour les professionnels de l&rsquo;informatique, de l&rsquo;architecture, de l&rsquo;analyse commerciale et d&rsquo;autres professionnels qui ne veulent pas repartir de z\u00e9ro chaque fois qu&rsquo;ils planifient quelque chose.<\/p>\n<p>Cela dit, ce n\u2019est pas l\u2019exp\u00e9rience la plus plug-and-play pour tout le monde. Bien que la licence autonome soit solide, le d\u00e9verrouillage de fonctionnalit\u00e9s telles que la collaboration cloud, la modification des tableaux de bord Power BI ou la synchronisation avec OneDrive n\u00e9cessite des abonnements Microsoft 365 suppl\u00e9mentaires. Si vous \u00eates d\u00e9j\u00e0 dans l&rsquo;\u00e9cosyst\u00e8me de Microsoft, cela se mettra en place. Sinon, cela pourrait sembler limit\u00e9 en fonction du degr\u00e9 d\u2019int\u00e9gration dont vous avez besoin. Mais cette licence \u00e0 vie offre un point d&rsquo;entr\u00e9e extr\u00eamement bon march\u00e9 dans une planification visuelle s\u00e9rieuse pour les utilisateurs d&rsquo;un seul PC cherchant \u00e0 cr\u00e9er des diagrammes efficacement avec des outils puissants et de qualit\u00e9 professionnelle. Assurez-vous simplement d&rsquo;utiliser le code dans les 30 jours et assurez-vous que votre syst\u00e8me r\u00e9pond aux exigences de base de Windows 10\/11 ou Server 2019.<\/p>\n","protected":false},"excerpt":{"rendered":"<p>Il s&rsquo;agit d&rsquo;un puissant outil de cr\u00e9ation de diagrammes qui transforme des donn\u00e9es complexes en visuels clairs, id\u00e9al pour les professionnels de l&rsquo;informatique, de l&rsquo;architecture<\/p>\n","protected":false},"author":1,"featured_media":11621,"comment_status":"","ping_status":"","sticky":false,"template":"","format":"standard","meta":{"footnotes":""},"categories":[13],"tags":[73,1255,1190,227,81,5,630,2583,223,9401,4],"class_list":["post-11620","post","type-post","status-publish","format-standard","has-post-thumbnail","hentry","category-technologie","tag-black","tag-friday","tag-microsoft","tag-obtenir","tag-pour","tag-pouvez","tag-pro","tag-seulement","tag-vente","tag-visio","tag-vous","generate-columns","tablet-grid-50","mobile-grid-100","grid-parent","grid-33"],"yoast_head":"<!-- This site is optimized with the Yoast SEO plugin v24.0 - https:\/\/yoast.com\/wordpress\/plugins\/seo\/ -->\n<title>Vous pouvez obtenir Microsoft Visio 2021 Pro en vente pour seulement 10 $ pour le Black Friday | Vie Associative<\/title>\n<meta name=\"robots\" content=\"index, follow, max-snippet:-1, max-image-preview:large, max-video-preview:-1\" \/>\n<link rel=\"canonical\" href=\"https:\/\/vieassociative.be\/actualites\/vous-pouvez-obtenir-microsoft-visio-2021-pro-en-vente-pour-seulement-10-pour-le-black-friday\/\" \/>\n<meta property=\"og:locale\" content=\"fr_FR\" \/>\n<meta property=\"og:type\" content=\"article\" \/>\n<meta property=\"og:title\" content=\"Vous pouvez obtenir Microsoft Visio 2021 Pro en vente pour seulement 10 $ pour le Black Friday | Vie Associative\" \/>\n<meta property=\"og:description\" content=\"Il s&rsquo;agit d&rsquo;un puissant outil de cr\u00e9ation de diagrammes qui transforme des donn\u00e9es complexes en visuels clairs, id\u00e9al pour les professionnels de l&rsquo;informatique, de l&rsquo;architecture\" \/>\n<meta property=\"og:url\" content=\"https:\/\/vieassociative.be\/actualites\/vous-pouvez-obtenir-microsoft-visio-2021-pro-en-vente-pour-seulement-10-pour-le-black-friday\/\" \/>\n<meta property=\"og:site_name\" content=\"Vie Associative\" \/>\n<meta property=\"article:published_time\" content=\"2025-11-30T07:18:14+00:00\" \/>\n<meta property=\"og:image\" content=\"https:\/\/vieassociative.be\/actualites\/wp-content\/uploads\/2024\/09\/header_backgroundk-01-e1726694325946.png\" \/>\n\t<meta property=\"og:image:width\" content=\"279\" \/>\n\t<meta property=\"og:image:height\" content=\"92\" \/>\n\t<meta property=\"og:image:type\" content=\"image\/png\" \/>\n<meta name=\"author\" content=\"Julien\" \/>\n<meta name=\"twitter:card\" content=\"summary_large_image\" \/>\n<meta name=\"twitter:label1\" content=\"\u00c9crit par\" \/>\n\t<meta name=\"twitter:data1\" content=\"Julien\" \/>\n\t<meta name=\"twitter:label2\" content=\"Dur\u00e9e de lecture est.\" \/>\n\t<meta name=\"twitter:data2\" content=\"3 minutes\" \/>\n<script type=\"application\/ld+json\" class=\"yoast-schema-graph\">{\"@context\":\"https:\/\/schema.org\",\"@graph\":[{\"@type\":\"Article\",\"@id\":\"https:\/\/vieassociative.be\/actualites\/vous-pouvez-obtenir-microsoft-visio-2021-pro-en-vente-pour-seulement-10-pour-le-black-friday\/#article\",\"isPartOf\":{\"@id\":\"https:\/\/vieassociative.be\/actualites\/vous-pouvez-obtenir-microsoft-visio-2021-pro-en-vente-pour-seulement-10-pour-le-black-friday\/\"},\"author\":{\"name\":\"Julien\",\"@id\":\"https:\/\/vieassociative.be\/actualites\/#\/schema\/person\/b87ac4f82f9d4e7b7cec7395b679edc4\"},\"headline\":\"Vous pouvez obtenir Microsoft Visio 2021 Pro en vente pour seulement 10 $ pour le Black Friday\",\"datePublished\":\"2025-11-30T07:18:14+00:00\",\"dateModified\":\"2025-11-30T07:18:14+00:00\",\"mainEntityOfPage\":{\"@id\":\"https:\/\/vieassociative.be\/actualites\/vous-pouvez-obtenir-microsoft-visio-2021-pro-en-vente-pour-seulement-10-pour-le-black-friday\/\"},\"wordCount\":594,\"publisher\":{\"@id\":\"https:\/\/vieassociative.be\/actualites\/#organization\"},\"image\":{\"@id\":\"https:\/\/vieassociative.be\/actualites\/vous-pouvez-obtenir-microsoft-visio-2021-pro-en-vente-pour-seulement-10-pour-le-black-friday\/#primaryimage\"},\"thumbnailUrl\":\"https:\/\/vieassociative.be\/actualites\/wp-content\/uploads\/2025\/11\/Vous-pouvez-obtenir-Microsoft-Visio-2021-Pro-en-vente-pour.png\",\"keywords\":[\"Black\",\"Friday\",\"Microsoft\",\"obtenir\",\"pour\",\"pouvez\",\"Pro\",\"seulement\",\"vente\",\"Visio\",\"Vous\"],\"articleSection\":[\"Technologie\"],\"inLanguage\":\"fr-BE\"},{\"@type\":\"WebPage\",\"@id\":\"https:\/\/vieassociative.be\/actualites\/vous-pouvez-obtenir-microsoft-visio-2021-pro-en-vente-pour-seulement-10-pour-le-black-friday\/\",\"url\":\"https:\/\/vieassociative.be\/actualites\/vous-pouvez-obtenir-microsoft-visio-2021-pro-en-vente-pour-seulement-10-pour-le-black-friday\/\",\"name\":\"Vous pouvez obtenir Microsoft Visio 2021 Pro en vente pour seulement 10 $ pour le Black Friday | Vie Associative\",\"isPartOf\":{\"@id\":\"https:\/\/vieassociative.be\/actualites\/#website\"},\"primaryImageOfPage\":{\"@id\":\"https:\/\/vieassociative.be\/actualites\/vous-pouvez-obtenir-microsoft-visio-2021-pro-en-vente-pour-seulement-10-pour-le-black-friday\/#primaryimage\"},\"image\":{\"@id\":\"https:\/\/vieassociative.be\/actualites\/vous-pouvez-obtenir-microsoft-visio-2021-pro-en-vente-pour-seulement-10-pour-le-black-friday\/#primaryimage\"},\"thumbnailUrl\":\"https:\/\/vieassociative.be\/actualites\/wp-content\/uploads\/2025\/11\/Vous-pouvez-obtenir-Microsoft-Visio-2021-Pro-en-vente-pour.png\",\"datePublished\":\"2025-11-30T07:18:14+00:00\",\"dateModified\":\"2025-11-30T07:18:14+00:00\",\"breadcrumb\":{\"@id\":\"https:\/\/vieassociative.be\/actualites\/vous-pouvez-obtenir-microsoft-visio-2021-pro-en-vente-pour-seulement-10-pour-le-black-friday\/#breadcrumb\"},\"inLanguage\":\"fr-BE\",\"potentialAction\":[{\"@type\":\"ReadAction\",\"target\":[\"https:\/\/vieassociative.be\/actualites\/vous-pouvez-obtenir-microsoft-visio-2021-pro-en-vente-pour-seulement-10-pour-le-black-friday\/\"]}]},{\"@type\":\"ImageObject\",\"inLanguage\":\"fr-BE\",\"@id\":\"https:\/\/vieassociative.be\/actualites\/vous-pouvez-obtenir-microsoft-visio-2021-pro-en-vente-pour-seulement-10-pour-le-black-friday\/#primaryimage\",\"url\":\"https:\/\/vieassociative.be\/actualites\/wp-content\/uploads\/2025\/11\/Vous-pouvez-obtenir-Microsoft-Visio-2021-Pro-en-vente-pour.png\",\"contentUrl\":\"https:\/\/vieassociative.be\/actualites\/wp-content\/uploads\/2025\/11\/Vous-pouvez-obtenir-Microsoft-Visio-2021-Pro-en-vente-pour.png\",\"width\":1200,\"height\":675,\"caption\":\"Vous pouvez obtenir Microsoft Visio 2021 Pro en vente pour seulement 10 $ pour le Black Friday\"},{\"@type\":\"BreadcrumbList\",\"@id\":\"https:\/\/vieassociative.be\/actualites\/vous-pouvez-obtenir-microsoft-visio-2021-pro-en-vente-pour-seulement-10-pour-le-black-friday\/#breadcrumb\",\"itemListElement\":[{\"@type\":\"ListItem\",\"position\":1,\"name\":\"Accueil\",\"item\":\"https:\/\/vieassociative.be\/actualites\/\"},{\"@type\":\"ListItem\",\"position\":2,\"name\":\"Vous pouvez obtenir Microsoft Visio 2021 Pro en vente pour seulement 10 $ pour le Black Friday\"}]},{\"@type\":\"WebSite\",\"@id\":\"https:\/\/vieassociative.be\/actualites\/#website\",\"url\":\"https:\/\/vieassociative.be\/actualites\/\",\"name\":\"Vie Associative\",\"description\":\"\",\"publisher\":{\"@id\":\"https:\/\/vieassociative.be\/actualites\/#organization\"},\"potentialAction\":[{\"@type\":\"SearchAction\",\"target\":{\"@type\":\"EntryPoint\",\"urlTemplate\":\"https:\/\/vieassociative.be\/actualites\/?s={search_term_string}\"},\"query-input\":{\"@type\":\"PropertyValueSpecification\",\"valueRequired\":true,\"valueName\":\"search_term_string\"}}],\"inLanguage\":\"fr-BE\"},{\"@type\":\"Organization\",\"@id\":\"https:\/\/vieassociative.be\/actualites\/#organization\",\"name\":\"Vie Associative\",\"url\":\"https:\/\/vieassociative.be\/actualites\/\",\"logo\":{\"@type\":\"ImageObject\",\"inLanguage\":\"fr-BE\",\"@id\":\"https:\/\/vieassociative.be\/actualites\/#\/schema\/logo\/image\/\",\"url\":\"https:\/\/vieassociative.be\/actualites\/wp-content\/uploads\/2024\/09\/cropped-vieassociative_favicon.ico.png\",\"contentUrl\":\"https:\/\/vieassociative.be\/actualites\/wp-content\/uploads\/2024\/09\/cropped-vieassociative_favicon.ico.png\",\"width\":512,\"height\":512,\"caption\":\"Vie Associative\"},\"image\":{\"@id\":\"https:\/\/vieassociative.be\/actualites\/#\/schema\/logo\/image\/\"}},{\"@type\":\"Person\",\"@id\":\"https:\/\/vieassociative.be\/actualites\/#\/schema\/person\/b87ac4f82f9d4e7b7cec7395b679edc4\",\"name\":\"Julien\",\"image\":{\"@type\":\"ImageObject\",\"inLanguage\":\"fr-BE\",\"@id\":\"https:\/\/vieassociative.be\/actualites\/#\/schema\/person\/image\/\",\"url\":\"https:\/\/vieassociative.be\/actualites\/wp-content\/uploads\/2024\/09\/vie-associative-1-150x150.jpg\",\"contentUrl\":\"https:\/\/vieassociative.be\/actualites\/wp-content\/uploads\/2024\/09\/vie-associative-1-150x150.jpg\",\"caption\":\"Julien\"},\"description\":\"Je suis Julien, r\u00e9dacteur pour Vie Associative. Passionn\u00e9 par le monde associatif depuis plus de 10 ans, j'ai \u00e0 c\u0153ur de partager des histoires inspirantes et de mettre en lumi\u00e8re les initiatives locales. Mon objectif est de sensibiliser et d'encourager l'engagement communautaire \u00e0 travers mes articles.\",\"sameAs\":[\"https:\/\/vieassociative.be\/\"]}]}<\/script>\n<!-- \/ Yoast SEO plugin. -->","yoast_head_json":{"title":"Vous pouvez obtenir Microsoft Visio 2021 Pro en vente pour seulement 10 $ pour le Black Friday | Vie Associative","robots":{"index":"index","follow":"follow","max-snippet":"max-snippet:-1","max-image-preview":"max-image-preview:large","max-video-preview":"max-video-preview:-1"},"canonical":"https:\/\/vieassociative.be\/actualites\/vous-pouvez-obtenir-microsoft-visio-2021-pro-en-vente-pour-seulement-10-pour-le-black-friday\/","og_locale":"fr_FR","og_type":"article","og_title":"Vous pouvez obtenir Microsoft Visio 2021 Pro en vente pour seulement 10 $ pour le Black Friday | Vie Associative","og_description":"Il s&rsquo;agit d&rsquo;un puissant outil de cr\u00e9ation de diagrammes qui transforme des donn\u00e9es complexes en visuels clairs, id\u00e9al pour les professionnels de l&rsquo;informatique, de l&rsquo;architecture","og_url":"https:\/\/vieassociative.be\/actualites\/vous-pouvez-obtenir-microsoft-visio-2021-pro-en-vente-pour-seulement-10-pour-le-black-friday\/","og_site_name":"Vie Associative","article_published_time":"2025-11-30T07:18:14+00:00","og_image":[{"width":279,"height":92,"url":"https:\/\/vieassociative.be\/actualites\/wp-content\/uploads\/2024\/09\/header_backgroundk-01-e1726694325946.png","type":"image\/png"}],"author":"Julien","twitter_card":"summary_large_image","twitter_misc":{"\u00c9crit par":"Julien","Dur\u00e9e de lecture est.":"3 minutes"},"schema":{"@context":"https:\/\/schema.org","@graph":[{"@type":"Article","@id":"https:\/\/vieassociative.be\/actualites\/vous-pouvez-obtenir-microsoft-visio-2021-pro-en-vente-pour-seulement-10-pour-le-black-friday\/#article","isPartOf":{"@id":"https:\/\/vieassociative.be\/actualites\/vous-pouvez-obtenir-microsoft-visio-2021-pro-en-vente-pour-seulement-10-pour-le-black-friday\/"},"author":{"name":"Julien","@id":"https:\/\/vieassociative.be\/actualites\/#\/schema\/person\/b87ac4f82f9d4e7b7cec7395b679edc4"},"headline":"Vous pouvez obtenir Microsoft Visio 2021 Pro en vente pour seulement 10 $ pour le Black Friday","datePublished":"2025-11-30T07:18:14+00:00","dateModified":"2025-11-30T07:18:14+00:00","mainEntityOfPage":{"@id":"https:\/\/vieassociative.be\/actualites\/vous-pouvez-obtenir-microsoft-visio-2021-pro-en-vente-pour-seulement-10-pour-le-black-friday\/"},"wordCount":594,"publisher":{"@id":"https:\/\/vieassociative.be\/actualites\/#organization"},"image":{"@id":"https:\/\/vieassociative.be\/actualites\/vous-pouvez-obtenir-microsoft-visio-2021-pro-en-vente-pour-seulement-10-pour-le-black-friday\/#primaryimage"},"thumbnailUrl":"https:\/\/vieassociative.be\/actualites\/wp-content\/uploads\/2025\/11\/Vous-pouvez-obtenir-Microsoft-Visio-2021-Pro-en-vente-pour.png","keywords":["Black","Friday","Microsoft","obtenir","pour","pouvez","Pro","seulement","vente","Visio","Vous"],"articleSection":["Technologie"],"inLanguage":"fr-BE"},{"@type":"WebPage","@id":"https:\/\/vieassociative.be\/actualites\/vous-pouvez-obtenir-microsoft-visio-2021-pro-en-vente-pour-seulement-10-pour-le-black-friday\/","url":"https:\/\/vieassociative.be\/actualites\/vous-pouvez-obtenir-microsoft-visio-2021-pro-en-vente-pour-seulement-10-pour-le-black-friday\/","name":"Vous pouvez obtenir Microsoft Visio 2021 Pro en vente pour seulement 10 $ pour le Black Friday | Vie Associative","isPartOf":{"@id":"https:\/\/vieassociative.be\/actualites\/#website"},"primaryImageOfPage":{"@id":"https:\/\/vieassociative.be\/actualites\/vous-pouvez-obtenir-microsoft-visio-2021-pro-en-vente-pour-seulement-10-pour-le-black-friday\/#primaryimage"},"image":{"@id":"https:\/\/vieassociative.be\/actualites\/vous-pouvez-obtenir-microsoft-visio-2021-pro-en-vente-pour-seulement-10-pour-le-black-friday\/#primaryimage"},"thumbnailUrl":"https:\/\/vieassociative.be\/actualites\/wp-content\/uploads\/2025\/11\/Vous-pouvez-obtenir-Microsoft-Visio-2021-Pro-en-vente-pour.png","datePublished":"2025-11-30T07:18:14+00:00","dateModified":"2025-11-30T07:18:14+00:00","breadcrumb":{"@id":"https:\/\/vieassociative.be\/actualites\/vous-pouvez-obtenir-microsoft-visio-2021-pro-en-vente-pour-seulement-10-pour-le-black-friday\/#breadcrumb"},"inLanguage":"fr-BE","potentialAction":[{"@type":"ReadAction","target":["https:\/\/vieassociative.be\/actualites\/vous-pouvez-obtenir-microsoft-visio-2021-pro-en-vente-pour-seulement-10-pour-le-black-friday\/"]}]},{"@type":"ImageObject","inLanguage":"fr-BE","@id":"https:\/\/vieassociative.be\/actualites\/vous-pouvez-obtenir-microsoft-visio-2021-pro-en-vente-pour-seulement-10-pour-le-black-friday\/#primaryimage","url":"https:\/\/vieassociative.be\/actualites\/wp-content\/uploads\/2025\/11\/Vous-pouvez-obtenir-Microsoft-Visio-2021-Pro-en-vente-pour.png","contentUrl":"https:\/\/vieassociative.be\/actualites\/wp-content\/uploads\/2025\/11\/Vous-pouvez-obtenir-Microsoft-Visio-2021-Pro-en-vente-pour.png","width":1200,"height":675,"caption":"Vous pouvez obtenir Microsoft Visio 2021 Pro en vente pour seulement 10 $ pour le Black Friday"},{"@type":"BreadcrumbList","@id":"https:\/\/vieassociative.be\/actualites\/vous-pouvez-obtenir-microsoft-visio-2021-pro-en-vente-pour-seulement-10-pour-le-black-friday\/#breadcrumb","itemListElement":[{"@type":"ListItem","position":1,"name":"Accueil","item":"https:\/\/vieassociative.be\/actualites\/"},{"@type":"ListItem","position":2,"name":"Vous pouvez obtenir Microsoft Visio 2021 Pro en vente pour seulement 10 $ pour le Black Friday"}]},{"@type":"WebSite","@id":"https:\/\/vieassociative.be\/actualites\/#website","url":"https:\/\/vieassociative.be\/actualites\/","name":"Vie Associative","description":"","publisher":{"@id":"https:\/\/vieassociative.be\/actualites\/#organization"},"potentialAction":[{"@type":"SearchAction","target":{"@type":"EntryPoint","urlTemplate":"https:\/\/vieassociative.be\/actualites\/?s={search_term_string}"},"query-input":{"@type":"PropertyValueSpecification","valueRequired":true,"valueName":"search_term_string"}}],"inLanguage":"fr-BE"},{"@type":"Organization","@id":"https:\/\/vieassociative.be\/actualites\/#organization","name":"Vie Associative","url":"https:\/\/vieassociative.be\/actualites\/","logo":{"@type":"ImageObject","inLanguage":"fr-BE","@id":"https:\/\/vieassociative.be\/actualites\/#\/schema\/logo\/image\/","url":"https:\/\/vieassociative.be\/actualites\/wp-content\/uploads\/2024\/09\/cropped-vieassociative_favicon.ico.png","contentUrl":"https:\/\/vieassociative.be\/actualites\/wp-content\/uploads\/2024\/09\/cropped-vieassociative_favicon.ico.png","width":512,"height":512,"caption":"Vie Associative"},"image":{"@id":"https:\/\/vieassociative.be\/actualites\/#\/schema\/logo\/image\/"}},{"@type":"Person","@id":"https:\/\/vieassociative.be\/actualites\/#\/schema\/person\/b87ac4f82f9d4e7b7cec7395b679edc4","name":"Julien","image":{"@type":"ImageObject","inLanguage":"fr-BE","@id":"https:\/\/vieassociative.be\/actualites\/#\/schema\/person\/image\/","url":"https:\/\/vieassociative.be\/actualites\/wp-content\/uploads\/2024\/09\/vie-associative-1-150x150.jpg","contentUrl":"https:\/\/vieassociative.be\/actualites\/wp-content\/uploads\/2024\/09\/vie-associative-1-150x150.jpg","caption":"Julien"},"description":"Je suis Julien, r\u00e9dacteur pour Vie Associative. Passionn\u00e9 par le monde associatif depuis plus de 10 ans, j'ai \u00e0 c\u0153ur de partager des histoires inspirantes et de mettre en lumi\u00e8re les initiatives locales. Mon objectif est de sensibiliser et d'encourager l'engagement communautaire \u00e0 travers mes articles.","sameAs":["https:\/\/vieassociative.be\/"]}]}},"_links":{"self":[{"href":"https:\/\/vieassociative.be\/actualites\/wp-json\/wp\/v2\/posts\/11620"}],"collection":[{"href":"https:\/\/vieassociative.be\/actualites\/wp-json\/wp\/v2\/posts"}],"about":[{"href":"https:\/\/vieassociative.be\/actualites\/wp-json\/wp\/v2\/types\/post"}],"author":[{"embeddable":true,"href":"https:\/\/vieassociative.be\/actualites\/wp-json\/wp\/v2\/users\/1"}],"replies":[{"embeddable":true,"href":"https:\/\/vieassociative.be\/actualites\/wp-json\/wp\/v2\/comments?post=11620"}],"version-history":[{"count":0,"href":"https:\/\/vieassociative.be\/actualites\/wp-json\/wp\/v2\/posts\/11620\/revisions"}],"wp:featuredmedia":[{"embeddable":true,"href":"https:\/\/vieassociative.be\/actualites\/wp-json\/wp\/v2\/media\/11621"}],"wp:attachment":[{"href":"https:\/\/vieassociative.be\/actualites\/wp-json\/wp\/v2\/media?parent=11620"}],"wp:term":[{"taxonomy":"category","embeddable":true,"href":"https:\/\/vieassociative.be\/actualites\/wp-json\/wp\/v2\/categories?post=11620"},{"taxonomy":"post_tag","embeddable":true,"href":"https:\/\/vieassociative.be\/actualites\/wp-json\/wp\/v2\/tags?post=11620"}],"curies":[{"name":"wp","href":"https:\/\/api.w.org\/{rel}","templated":true}]}}