{"id":11617,"date":"2025-11-30T03:17:38","date_gmt":"2025-11-30T02:17:38","guid":{"rendered":"https:\/\/vieassociative.be\/actualites\/la-defaite-a-arsenal-a-un-effet-durable-le-bayern-sefforce-de-gagner-contre-st-pauli\/"},"modified":"2025-11-30T03:17:38","modified_gmt":"2025-11-30T02:17:38","slug":"la-defaite-a-arsenal-a-un-effet-durable-le-bayern-sefforce-de-gagner-contre-st-pauli","status":"publish","type":"post","link":"https:\/\/vieassociative.be\/actualites\/la-defaite-a-arsenal-a-un-effet-durable-le-bayern-sefforce-de-gagner-contre-st-pauli\/","title":{"rendered":"La d\u00e9faite \u00e0 Arsenal a un effet durable : le Bayern s&rsquo;efforce de gagner contre St. Pauli"},"content":{"rendered":"<p><strong>Une victoire de travail plut\u00f4t qu&rsquo;une r\u00e9action de gala : apr\u00e8s sa premi\u00e8re d\u00e9faite de la saison, le FC Bayern Munich s&rsquo;est fray\u00e9 un chemin vers une victoire difficile 3-1 (1-1) contre le FC St. Pauli en Bundesliga. Luis D\u00edaz (90e+3 minutes) et Nicolas Jackson (90e+6e) ont rachet\u00e9 tr\u00e8s tardivement les leaders du championnat.<\/strong><\/p>\n<p><span id=\"more-430701\"><\/span>Trois jours apr\u00e8s la d\u00e9faite 1:3 contre le FC Arsenal lors du match phare de la Ligue des Champions, l&rsquo;\u00e9quipe munichoise a m\u00eame d\u00fb repartir au score. L&rsquo;\u00e9quipe de l&rsquo;entra\u00eeneur Vincent Kompany a couru jusqu&rsquo;au coup de sifflet final. Et il y a eu une fin heureuse gr\u00e2ce aux forts Colombiens D\u00edaz et Joker Jackson. Rapha\u00ebl Guerreiro a \u00e9galis\u00e9 1-1 \u00e0 la 44e minute.<\/p>\n<div id=\"attachment_430703\" class=\"wp-caption alignleft\" style=\"max-width: 300px\"><img fetchpriority=\"high\" decoding=\"async\" class=\"wp-image-430703 size-medium\" src=\"https:\/\/vieassociative.be\/actualites\/wp-content\/uploads\/2025\/11\/La-defaite-a-Arsenal-a-un-effet-durable-le.jpg\" alt=\"\" width=\"300\" height=\"200\"><\/div>\n<p><strong>\u2013 Trois tirs du poteau de Karl, Bischof et Kane :<\/strong> La formation munichoise a \u00e9galement enregistr\u00e9 trois tirs sur le poteau de Lennart Karl (23e), Tom Bischof (35e) et Harry Kane (81e). Andreas Hountondji a donn\u00e9 l&rsquo;avantage \u00e0 St. Pauli \u00e0 la 6e minute. Pour Hambourg, devant 75 000 spectateurs \u00e0 l&rsquo;Allianz Arena, c&rsquo;\u00e9tait la neuvi\u00e8me d\u00e9faite cons\u00e9cutive &#8211; et malgr\u00e9 la malheureuse perte d&rsquo;un point, c&rsquo;\u00e9tait un pas en avant.<\/p>\n<p>Beaucoup s&rsquo;attendaient \u00e0 ce que le FC St. Pauli paie la frustration du Bayern \u00e0 Londres. Mais que s\u2019est-il pass\u00e9 ? La d\u00e9faite a eu un impact sur Munich, qui a continu\u00e9 \u00e0 \u00eatre sup\u00e9rieur au niveau national. M\u00eame s&rsquo;ils ont mal commenc\u00e9 &#8211; et pas du tout comme l&rsquo;entra\u00eeneur Vincent Kompany l&rsquo;avait esp\u00e9r\u00e9 : \u00ab\u00a0Si on est motiv\u00e9 pour un match, c&rsquo;est apr\u00e8s une d\u00e9faite\u00a0\u00bb, a d\u00e9clar\u00e9 le Belge avant le coup d&rsquo;envoi sur Sky.<\/p>\n<p><strong>\u2013 Le buteur Hountondji absent bless\u00e9 :<\/strong> Cependant, l&rsquo;\u00e9quipe munichoise, qui avait chang\u00e9 de quatre positions, a d\u00e9marr\u00e9 lentement. Apr\u00e8s une s\u00e9rie d&rsquo;erreurs de Konrad Laimer \u00e0 Joshua Kimmich en passant par Minjae Kim, Andreas Hountondji a r\u00e9ussi \u00e0 terminer devant Manuel Neuer dans le petit virage trop ouvert. Pas de chance pour l&rsquo;attaquant de Pauli : quelques minutes plus tard, il devait quitter le terrain en raison d&rsquo;une blessure \u00e0 la cuisse (18e).<\/p>\n<div id=\"attachment_430704\" class=\"wp-caption alignleft\" style=\"max-width: 300px\"><img decoding=\"async\" class=\"wp-image-430704 size-medium\" src=\"https:\/\/vieassociative.be\/actualites\/wp-content\/uploads\/2025\/11\/1764469058_763_La-defaite-a-Arsenal-a-un-effet-durable-le.jpg\" alt=\"\" width=\"300\" height=\"200\"><\/div>\n<p>Le Bayern \u00e9tait en retard lors du quatri\u00e8me match de comp\u00e9tition cons\u00e9cutif. Et contrairement \u00e0 la victoire 6-2 lors du dernier match de championnat contre Fribourg, ils ont eu du mal \u00e0 revenir. Karl tirait au poteau gauche, un tir d\u00e9vi\u00e9 de Bischof touchait le poteau en aluminium \u00e0 droite. Cela n&rsquo;a tout simplement pas fonctionn\u00e9 cette fois.<\/p>\n<p><strong>\u2013 Atout D\u00edaz en attaque :<\/strong> D\u00edaz a \u00e9t\u00e9 stopp\u00e9 dans la surface par le d\u00e9fenseur de Pauli Hauke \u200b\u200b\u200b\u200bWahl apr\u00e8s une passe de r\u00eave de Kane (37e). Mais les stars offensives munichoises ont tenu bon et ont \u00e9t\u00e9 r\u00e9compens\u00e9es avant la pause. D\u00edaz a lanc\u00e9 une passe puissante de Kim \u00e0 Guerreiro alors qu&rsquo;il s&rsquo;allongeait dans la surface de r\u00e9paration avec son talon. Les Portugais, qui d\u00e9butaient en dixi\u00e8me position, ont marqu\u00e9 pour porter le score \u00e0 1-1.<\/p>\n<p>Avec le remplacement de Michael Olise, Kompany a augment\u00e9 la puissance offensive de Munich en seconde p\u00e9riode. Mais le jeu offensif n&rsquo;a pas \u00e9t\u00e9 facile ni fluide, m\u00eame avec le Fran\u00e7ais sur l&rsquo;aile. Les invit\u00e9s de Hambourg, qui ont d\u00e9fendu de mani\u00e8re compacte et bien organis\u00e9e, ont r\u00e9sist\u00e9 aux vagues de pression. En fin de compte, il y avait m\u00eame une chance de faire sensation sur une contre-attaque avant que le Bayern ne c\u00e9l\u00e8bre deux buts et la prochaine victoire. (dpa)<\/p>\n","protected":false},"excerpt":{"rendered":"<p>Une victoire de travail plut\u00f4t qu&rsquo;une r\u00e9action de gala : apr\u00e8s sa premi\u00e8re d\u00e9faite de la saison, le FC Bayern Munich s&rsquo;est fray\u00e9 un chemin<\/p>\n","protected":false},"author":1,"featured_media":11618,"comment_status":"","ping_status":"","sticky":false,"template":"","format":"standard","meta":{"footnotes":""},"categories":[298],"tags":[6268,2298,796,2350,9398,7015,497,9400,9399],"class_list":["post-11617","post","type-post","status-publish","format-standard","has-post-thumbnail","hentry","category-belgique","tag-arsenal","tag-bayern","tag-contre","tag-defaite","tag-durable","tag-effet","tag-gagner","tag-pauli","tag-sefforce","generate-columns","tablet-grid-50","mobile-grid-100","grid-parent","grid-33"],"yoast_head":"<!-- This site is optimized with the Yoast SEO plugin v24.0 - https:\/\/yoast.com\/wordpress\/plugins\/seo\/ -->\n<title>La d\u00e9faite \u00e0 Arsenal a un effet durable : le Bayern s&#039;efforce de gagner contre St. Pauli | Vie Associative<\/title>\n<meta name=\"robots\" content=\"index, follow, max-snippet:-1, max-image-preview:large, max-video-preview:-1\" \/>\n<link rel=\"canonical\" href=\"https:\/\/vieassociative.be\/actualites\/la-defaite-a-arsenal-a-un-effet-durable-le-bayern-sefforce-de-gagner-contre-st-pauli\/\" \/>\n<meta property=\"og:locale\" content=\"fr_FR\" \/>\n<meta property=\"og:type\" content=\"article\" \/>\n<meta property=\"og:title\" content=\"La d\u00e9faite \u00e0 Arsenal a un effet durable : le Bayern s&#039;efforce de gagner contre St. Pauli | Vie Associative\" \/>\n<meta property=\"og:description\" content=\"Une victoire de travail plut\u00f4t qu&rsquo;une r\u00e9action de gala : apr\u00e8s sa premi\u00e8re d\u00e9faite de la saison, le FC Bayern Munich s&rsquo;est fray\u00e9 un chemin\" \/>\n<meta property=\"og:url\" content=\"https:\/\/vieassociative.be\/actualites\/la-defaite-a-arsenal-a-un-effet-durable-le-bayern-sefforce-de-gagner-contre-st-pauli\/\" \/>\n<meta property=\"og:site_name\" content=\"Vie Associative\" \/>\n<meta property=\"article:published_time\" content=\"2025-11-30T02:17:38+00:00\" \/>\n<meta property=\"og:image\" content=\"https:\/\/vieassociative.be\/actualites\/wp-content\/uploads\/2024\/09\/header_backgroundk-01-e1726694325946.png\" \/>\n\t<meta property=\"og:image:width\" content=\"279\" \/>\n\t<meta property=\"og:image:height\" content=\"92\" \/>\n\t<meta property=\"og:image:type\" content=\"image\/png\" \/>\n<meta name=\"author\" content=\"Julien\" \/>\n<meta name=\"twitter:card\" content=\"summary_large_image\" \/>\n<meta name=\"twitter:label1\" content=\"\u00c9crit par\" \/>\n\t<meta name=\"twitter:data1\" content=\"Julien\" \/>\n\t<meta name=\"twitter:label2\" content=\"Dur\u00e9e de lecture est.\" \/>\n\t<meta name=\"twitter:data2\" content=\"3 minutes\" \/>\n<script type=\"application\/ld+json\" class=\"yoast-schema-graph\">{\"@context\":\"https:\/\/schema.org\",\"@graph\":[{\"@type\":\"Article\",\"@id\":\"https:\/\/vieassociative.be\/actualites\/la-defaite-a-arsenal-a-un-effet-durable-le-bayern-sefforce-de-gagner-contre-st-pauli\/#article\",\"isPartOf\":{\"@id\":\"https:\/\/vieassociative.be\/actualites\/la-defaite-a-arsenal-a-un-effet-durable-le-bayern-sefforce-de-gagner-contre-st-pauli\/\"},\"author\":{\"name\":\"Julien\",\"@id\":\"https:\/\/vieassociative.be\/actualites\/#\/schema\/person\/b87ac4f82f9d4e7b7cec7395b679edc4\"},\"headline\":\"La d\u00e9faite \u00e0 Arsenal a un effet durable : le Bayern s&rsquo;efforce de gagner contre St. Pauli\",\"datePublished\":\"2025-11-30T02:17:38+00:00\",\"dateModified\":\"2025-11-30T02:17:38+00:00\",\"mainEntityOfPage\":{\"@id\":\"https:\/\/vieassociative.be\/actualites\/la-defaite-a-arsenal-a-un-effet-durable-le-bayern-sefforce-de-gagner-contre-st-pauli\/\"},\"wordCount\":630,\"publisher\":{\"@id\":\"https:\/\/vieassociative.be\/actualites\/#organization\"},\"image\":{\"@id\":\"https:\/\/vieassociative.be\/actualites\/la-defaite-a-arsenal-a-un-effet-durable-le-bayern-sefforce-de-gagner-contre-st-pauli\/#primaryimage\"},\"thumbnailUrl\":\"https:\/\/vieassociative.be\/actualites\/wp-content\/uploads\/2025\/11\/1764469059_La-defaite-a-Arsenal-a-un-effet-durable-le.jpg\",\"keywords\":[\"Arsenal\",\"Bayern\",\"contre\",\"D\u00e9faite\",\"durable\",\"effet\",\"gagner\",\"Pauli\",\"sefforce\"],\"articleSection\":[\"Belgique\"],\"inLanguage\":\"fr-BE\"},{\"@type\":\"WebPage\",\"@id\":\"https:\/\/vieassociative.be\/actualites\/la-defaite-a-arsenal-a-un-effet-durable-le-bayern-sefforce-de-gagner-contre-st-pauli\/\",\"url\":\"https:\/\/vieassociative.be\/actualites\/la-defaite-a-arsenal-a-un-effet-durable-le-bayern-sefforce-de-gagner-contre-st-pauli\/\",\"name\":\"La d\u00e9faite \u00e0 Arsenal a un effet durable : le Bayern s'efforce de gagner contre St. Pauli | Vie Associative\",\"isPartOf\":{\"@id\":\"https:\/\/vieassociative.be\/actualites\/#website\"},\"primaryImageOfPage\":{\"@id\":\"https:\/\/vieassociative.be\/actualites\/la-defaite-a-arsenal-a-un-effet-durable-le-bayern-sefforce-de-gagner-contre-st-pauli\/#primaryimage\"},\"image\":{\"@id\":\"https:\/\/vieassociative.be\/actualites\/la-defaite-a-arsenal-a-un-effet-durable-le-bayern-sefforce-de-gagner-contre-st-pauli\/#primaryimage\"},\"thumbnailUrl\":\"https:\/\/vieassociative.be\/actualites\/wp-content\/uploads\/2025\/11\/1764469059_La-defaite-a-Arsenal-a-un-effet-durable-le.jpg\",\"datePublished\":\"2025-11-30T02:17:38+00:00\",\"dateModified\":\"2025-11-30T02:17:38+00:00\",\"breadcrumb\":{\"@id\":\"https:\/\/vieassociative.be\/actualites\/la-defaite-a-arsenal-a-un-effet-durable-le-bayern-sefforce-de-gagner-contre-st-pauli\/#breadcrumb\"},\"inLanguage\":\"fr-BE\",\"potentialAction\":[{\"@type\":\"ReadAction\",\"target\":[\"https:\/\/vieassociative.be\/actualites\/la-defaite-a-arsenal-a-un-effet-durable-le-bayern-sefforce-de-gagner-contre-st-pauli\/\"]}]},{\"@type\":\"ImageObject\",\"inLanguage\":\"fr-BE\",\"@id\":\"https:\/\/vieassociative.be\/actualites\/la-defaite-a-arsenal-a-un-effet-durable-le-bayern-sefforce-de-gagner-contre-st-pauli\/#primaryimage\",\"url\":\"https:\/\/vieassociative.be\/actualites\/wp-content\/uploads\/2025\/11\/1764469059_La-defaite-a-Arsenal-a-un-effet-durable-le.jpg\",\"contentUrl\":\"https:\/\/vieassociative.be\/actualites\/wp-content\/uploads\/2025\/11\/1764469059_La-defaite-a-Arsenal-a-un-effet-durable-le.jpg\",\"width\":1200,\"height\":800,\"caption\":\"La d\u00e9faite \u00e0 Arsenal a un effet durable : le Bayern s'efforce de gagner contre St. Pauli\"},{\"@type\":\"BreadcrumbList\",\"@id\":\"https:\/\/vieassociative.be\/actualites\/la-defaite-a-arsenal-a-un-effet-durable-le-bayern-sefforce-de-gagner-contre-st-pauli\/#breadcrumb\",\"itemListElement\":[{\"@type\":\"ListItem\",\"position\":1,\"name\":\"Accueil\",\"item\":\"https:\/\/vieassociative.be\/actualites\/\"},{\"@type\":\"ListItem\",\"position\":2,\"name\":\"La d\u00e9faite \u00e0 Arsenal a un effet durable : le Bayern s&rsquo;efforce de gagner contre St. Pauli\"}]},{\"@type\":\"WebSite\",\"@id\":\"https:\/\/vieassociative.be\/actualites\/#website\",\"url\":\"https:\/\/vieassociative.be\/actualites\/\",\"name\":\"Vie Associative\",\"description\":\"\",\"publisher\":{\"@id\":\"https:\/\/vieassociative.be\/actualites\/#organization\"},\"potentialAction\":[{\"@type\":\"SearchAction\",\"target\":{\"@type\":\"EntryPoint\",\"urlTemplate\":\"https:\/\/vieassociative.be\/actualites\/?s={search_term_string}\"},\"query-input\":{\"@type\":\"PropertyValueSpecification\",\"valueRequired\":true,\"valueName\":\"search_term_string\"}}],\"inLanguage\":\"fr-BE\"},{\"@type\":\"Organization\",\"@id\":\"https:\/\/vieassociative.be\/actualites\/#organization\",\"name\":\"Vie Associative\",\"url\":\"https:\/\/vieassociative.be\/actualites\/\",\"logo\":{\"@type\":\"ImageObject\",\"inLanguage\":\"fr-BE\",\"@id\":\"https:\/\/vieassociative.be\/actualites\/#\/schema\/logo\/image\/\",\"url\":\"https:\/\/vieassociative.be\/actualites\/wp-content\/uploads\/2024\/09\/cropped-vieassociative_favicon.ico.png\",\"contentUrl\":\"https:\/\/vieassociative.be\/actualites\/wp-content\/uploads\/2024\/09\/cropped-vieassociative_favicon.ico.png\",\"width\":512,\"height\":512,\"caption\":\"Vie Associative\"},\"image\":{\"@id\":\"https:\/\/vieassociative.be\/actualites\/#\/schema\/logo\/image\/\"}},{\"@type\":\"Person\",\"@id\":\"https:\/\/vieassociative.be\/actualites\/#\/schema\/person\/b87ac4f82f9d4e7b7cec7395b679edc4\",\"name\":\"Julien\",\"image\":{\"@type\":\"ImageObject\",\"inLanguage\":\"fr-BE\",\"@id\":\"https:\/\/vieassociative.be\/actualites\/#\/schema\/person\/image\/\",\"url\":\"https:\/\/vieassociative.be\/actualites\/wp-content\/uploads\/2024\/09\/vie-associative-1-150x150.jpg\",\"contentUrl\":\"https:\/\/vieassociative.be\/actualites\/wp-content\/uploads\/2024\/09\/vie-associative-1-150x150.jpg\",\"caption\":\"Julien\"},\"description\":\"Je suis Julien, r\u00e9dacteur pour Vie Associative. Passionn\u00e9 par le monde associatif depuis plus de 10 ans, j'ai \u00e0 c\u0153ur de partager des histoires inspirantes et de mettre en lumi\u00e8re les initiatives locales. Mon objectif est de sensibiliser et d'encourager l'engagement communautaire \u00e0 travers mes articles.\",\"sameAs\":[\"https:\/\/vieassociative.be\/\"]}]}<\/script>\n<!-- \/ Yoast SEO plugin. -->","yoast_head_json":{"title":"La d\u00e9faite \u00e0 Arsenal a un effet durable : le Bayern s'efforce de gagner contre St. Pauli | Vie Associative","robots":{"index":"index","follow":"follow","max-snippet":"max-snippet:-1","max-image-preview":"max-image-preview:large","max-video-preview":"max-video-preview:-1"},"canonical":"https:\/\/vieassociative.be\/actualites\/la-defaite-a-arsenal-a-un-effet-durable-le-bayern-sefforce-de-gagner-contre-st-pauli\/","og_locale":"fr_FR","og_type":"article","og_title":"La d\u00e9faite \u00e0 Arsenal a un effet durable : le Bayern s'efforce de gagner contre St. Pauli | Vie Associative","og_description":"Une victoire de travail plut\u00f4t qu&rsquo;une r\u00e9action de gala : apr\u00e8s sa premi\u00e8re d\u00e9faite de la saison, le FC Bayern Munich s&rsquo;est fray\u00e9 un chemin","og_url":"https:\/\/vieassociative.be\/actualites\/la-defaite-a-arsenal-a-un-effet-durable-le-bayern-sefforce-de-gagner-contre-st-pauli\/","og_site_name":"Vie Associative","article_published_time":"2025-11-30T02:17:38+00:00","og_image":[{"width":279,"height":92,"url":"https:\/\/vieassociative.be\/actualites\/wp-content\/uploads\/2024\/09\/header_backgroundk-01-e1726694325946.png","type":"image\/png"}],"author":"Julien","twitter_card":"summary_large_image","twitter_misc":{"\u00c9crit par":"Julien","Dur\u00e9e de lecture est.":"3 minutes"},"schema":{"@context":"https:\/\/schema.org","@graph":[{"@type":"Article","@id":"https:\/\/vieassociative.be\/actualites\/la-defaite-a-arsenal-a-un-effet-durable-le-bayern-sefforce-de-gagner-contre-st-pauli\/#article","isPartOf":{"@id":"https:\/\/vieassociative.be\/actualites\/la-defaite-a-arsenal-a-un-effet-durable-le-bayern-sefforce-de-gagner-contre-st-pauli\/"},"author":{"name":"Julien","@id":"https:\/\/vieassociative.be\/actualites\/#\/schema\/person\/b87ac4f82f9d4e7b7cec7395b679edc4"},"headline":"La d\u00e9faite \u00e0 Arsenal a un effet durable : le Bayern s&rsquo;efforce de gagner contre St. Pauli","datePublished":"2025-11-30T02:17:38+00:00","dateModified":"2025-11-30T02:17:38+00:00","mainEntityOfPage":{"@id":"https:\/\/vieassociative.be\/actualites\/la-defaite-a-arsenal-a-un-effet-durable-le-bayern-sefforce-de-gagner-contre-st-pauli\/"},"wordCount":630,"publisher":{"@id":"https:\/\/vieassociative.be\/actualites\/#organization"},"image":{"@id":"https:\/\/vieassociative.be\/actualites\/la-defaite-a-arsenal-a-un-effet-durable-le-bayern-sefforce-de-gagner-contre-st-pauli\/#primaryimage"},"thumbnailUrl":"https:\/\/vieassociative.be\/actualites\/wp-content\/uploads\/2025\/11\/1764469059_La-defaite-a-Arsenal-a-un-effet-durable-le.jpg","keywords":["Arsenal","Bayern","contre","D\u00e9faite","durable","effet","gagner","Pauli","sefforce"],"articleSection":["Belgique"],"inLanguage":"fr-BE"},{"@type":"WebPage","@id":"https:\/\/vieassociative.be\/actualites\/la-defaite-a-arsenal-a-un-effet-durable-le-bayern-sefforce-de-gagner-contre-st-pauli\/","url":"https:\/\/vieassociative.be\/actualites\/la-defaite-a-arsenal-a-un-effet-durable-le-bayern-sefforce-de-gagner-contre-st-pauli\/","name":"La d\u00e9faite \u00e0 Arsenal a un effet durable : le Bayern s'efforce de gagner contre St. Pauli | Vie Associative","isPartOf":{"@id":"https:\/\/vieassociative.be\/actualites\/#website"},"primaryImageOfPage":{"@id":"https:\/\/vieassociative.be\/actualites\/la-defaite-a-arsenal-a-un-effet-durable-le-bayern-sefforce-de-gagner-contre-st-pauli\/#primaryimage"},"image":{"@id":"https:\/\/vieassociative.be\/actualites\/la-defaite-a-arsenal-a-un-effet-durable-le-bayern-sefforce-de-gagner-contre-st-pauli\/#primaryimage"},"thumbnailUrl":"https:\/\/vieassociative.be\/actualites\/wp-content\/uploads\/2025\/11\/1764469059_La-defaite-a-Arsenal-a-un-effet-durable-le.jpg","datePublished":"2025-11-30T02:17:38+00:00","dateModified":"2025-11-30T02:17:38+00:00","breadcrumb":{"@id":"https:\/\/vieassociative.be\/actualites\/la-defaite-a-arsenal-a-un-effet-durable-le-bayern-sefforce-de-gagner-contre-st-pauli\/#breadcrumb"},"inLanguage":"fr-BE","potentialAction":[{"@type":"ReadAction","target":["https:\/\/vieassociative.be\/actualites\/la-defaite-a-arsenal-a-un-effet-durable-le-bayern-sefforce-de-gagner-contre-st-pauli\/"]}]},{"@type":"ImageObject","inLanguage":"fr-BE","@id":"https:\/\/vieassociative.be\/actualites\/la-defaite-a-arsenal-a-un-effet-durable-le-bayern-sefforce-de-gagner-contre-st-pauli\/#primaryimage","url":"https:\/\/vieassociative.be\/actualites\/wp-content\/uploads\/2025\/11\/1764469059_La-defaite-a-Arsenal-a-un-effet-durable-le.jpg","contentUrl":"https:\/\/vieassociative.be\/actualites\/wp-content\/uploads\/2025\/11\/1764469059_La-defaite-a-Arsenal-a-un-effet-durable-le.jpg","width":1200,"height":800,"caption":"La d\u00e9faite \u00e0 Arsenal a un effet durable : le Bayern s'efforce de gagner contre St. Pauli"},{"@type":"BreadcrumbList","@id":"https:\/\/vieassociative.be\/actualites\/la-defaite-a-arsenal-a-un-effet-durable-le-bayern-sefforce-de-gagner-contre-st-pauli\/#breadcrumb","itemListElement":[{"@type":"ListItem","position":1,"name":"Accueil","item":"https:\/\/vieassociative.be\/actualites\/"},{"@type":"ListItem","position":2,"name":"La d\u00e9faite \u00e0 Arsenal a un effet durable : le Bayern s&rsquo;efforce de gagner contre St. Pauli"}]},{"@type":"WebSite","@id":"https:\/\/vieassociative.be\/actualites\/#website","url":"https:\/\/vieassociative.be\/actualites\/","name":"Vie Associative","description":"","publisher":{"@id":"https:\/\/vieassociative.be\/actualites\/#organization"},"potentialAction":[{"@type":"SearchAction","target":{"@type":"EntryPoint","urlTemplate":"https:\/\/vieassociative.be\/actualites\/?s={search_term_string}"},"query-input":{"@type":"PropertyValueSpecification","valueRequired":true,"valueName":"search_term_string"}}],"inLanguage":"fr-BE"},{"@type":"Organization","@id":"https:\/\/vieassociative.be\/actualites\/#organization","name":"Vie Associative","url":"https:\/\/vieassociative.be\/actualites\/","logo":{"@type":"ImageObject","inLanguage":"fr-BE","@id":"https:\/\/vieassociative.be\/actualites\/#\/schema\/logo\/image\/","url":"https:\/\/vieassociative.be\/actualites\/wp-content\/uploads\/2024\/09\/cropped-vieassociative_favicon.ico.png","contentUrl":"https:\/\/vieassociative.be\/actualites\/wp-content\/uploads\/2024\/09\/cropped-vieassociative_favicon.ico.png","width":512,"height":512,"caption":"Vie Associative"},"image":{"@id":"https:\/\/vieassociative.be\/actualites\/#\/schema\/logo\/image\/"}},{"@type":"Person","@id":"https:\/\/vieassociative.be\/actualites\/#\/schema\/person\/b87ac4f82f9d4e7b7cec7395b679edc4","name":"Julien","image":{"@type":"ImageObject","inLanguage":"fr-BE","@id":"https:\/\/vieassociative.be\/actualites\/#\/schema\/person\/image\/","url":"https:\/\/vieassociative.be\/actualites\/wp-content\/uploads\/2024\/09\/vie-associative-1-150x150.jpg","contentUrl":"https:\/\/vieassociative.be\/actualites\/wp-content\/uploads\/2024\/09\/vie-associative-1-150x150.jpg","caption":"Julien"},"description":"Je suis Julien, r\u00e9dacteur pour Vie Associative. Passionn\u00e9 par le monde associatif depuis plus de 10 ans, j'ai \u00e0 c\u0153ur de partager des histoires inspirantes et de mettre en lumi\u00e8re les initiatives locales. Mon objectif est de sensibiliser et d'encourager l'engagement communautaire \u00e0 travers mes articles.","sameAs":["https:\/\/vieassociative.be\/"]}]}},"_links":{"self":[{"href":"https:\/\/vieassociative.be\/actualites\/wp-json\/wp\/v2\/posts\/11617"}],"collection":[{"href":"https:\/\/vieassociative.be\/actualites\/wp-json\/wp\/v2\/posts"}],"about":[{"href":"https:\/\/vieassociative.be\/actualites\/wp-json\/wp\/v2\/types\/post"}],"author":[{"embeddable":true,"href":"https:\/\/vieassociative.be\/actualites\/wp-json\/wp\/v2\/users\/1"}],"replies":[{"embeddable":true,"href":"https:\/\/vieassociative.be\/actualites\/wp-json\/wp\/v2\/comments?post=11617"}],"version-history":[{"count":0,"href":"https:\/\/vieassociative.be\/actualites\/wp-json\/wp\/v2\/posts\/11617\/revisions"}],"wp:featuredmedia":[{"embeddable":true,"href":"https:\/\/vieassociative.be\/actualites\/wp-json\/wp\/v2\/media\/11618"}],"wp:attachment":[{"href":"https:\/\/vieassociative.be\/actualites\/wp-json\/wp\/v2\/media?parent=11617"}],"wp:term":[{"taxonomy":"category","embeddable":true,"href":"https:\/\/vieassociative.be\/actualites\/wp-json\/wp\/v2\/categories?post=11617"},{"taxonomy":"post_tag","embeddable":true,"href":"https:\/\/vieassociative.be\/actualites\/wp-json\/wp\/v2\/tags?post=11617"}],"curies":[{"name":"wp","href":"https:\/\/api.w.org\/{rel}","templated":true}]}}