{"id":11614,"date":"2025-11-29T21:17:47","date_gmt":"2025-11-29T20:17:47","guid":{"rendered":"https:\/\/vieassociative.be\/actualites\/nouveau-visage-au-sp-belgique-est-sarah-schroder-elue-secretaire-regionale\/"},"modified":"2025-11-29T21:17:47","modified_gmt":"2025-11-29T20:17:47","slug":"nouveau-visage-au-sp-belgique-est-sarah-schroder-elue-secretaire-regionale","status":"publish","type":"post","link":"https:\/\/vieassociative.be\/actualites\/nouveau-visage-au-sp-belgique-est-sarah-schroder-elue-secretaire-regionale\/","title":{"rendered":"Nouveau visage au SP Belgique Est : Sarah Schr\u00f6der \u00e9lue secr\u00e9taire r\u00e9gionale"},"content":{"rendered":"<p><strong>Le congr\u00e8s d&rsquo;automne du SP Ostbelgien a eu lieu samedi \u00e0 l&rsquo;h\u00f4tel Zur Alten Schmiede \u00e0 Sch\u00f6nberg. <\/strong><strong>Les sociaux-d\u00e9mocrates ont travaill\u00e9 sous la devise \u00ab\u00a0Renforcer les villages et les communaut\u00e9s\u00a0\u00bb. <\/strong><strong>Les socialistes ont des enjeux cl\u00e9s pour l\u2019avenir des zones rurales. Il y a \u00e9galement eu des changements de personnel <\/strong><strong>Focus : un nouveau secr\u00e9taire r\u00e9gional a \u00e9t\u00e9 nomm\u00e9.<\/strong><\/p>\n<p><span id=\"more-430711\"><\/span>En janvier 2025, Sally Schmetz de Lontzen a repris par int\u00e9rim le poste de secr\u00e9taire r\u00e9gionale du SP Belgique Est apr\u00e8s la d\u00e9mission de son pr\u00e9d\u00e9cesseur pour raisons professionnelles. Il \u00e9tait maintenant temps de remplir \u00e0 nouveau le mandat effectif apr\u00e8s que Schmetz avait d\u00e9j\u00e0 annonc\u00e9 au d\u00e9but de la reprise qu&rsquo;elle ne souhaitait pas remplir ce mandat fastidieux pendant plus d&rsquo;un an.<\/p>\n<div id=\"attachment_430714\" class=\"wp-caption alignleft\" style=\"max-width: 225px\"><img fetchpriority=\"high\" decoding=\"async\" class=\"wp-image-430714 size-medium\" src=\"https:\/\/vieassociative.be\/actualites\/wp-content\/uploads\/2025\/11\/Nouveau-visage-au-SP-Belgique-Est-Sarah-Schroder-elue.jpg\" alt=\"\" width=\"225\" height=\"300\"  ><\/div>\n<p>\u00ab\u00a0Au nom de tout le parti, je tiens \u00e0 remercier Sally pour son engagement et sa motivation. Elle a rempli son mandat avec beaucoup de soin et de conscience. En nommant une nouvelle personne, nous r\u00e9pondons \u00e0 son souhait. Elle restera avec nous \u00e0 la fois en tant qu&#8217;employ\u00e9e et en tant que membre, cela n&rsquo;a jamais \u00e9t\u00e9 remis en question\u00a0\u00bb, a d\u00e9clar\u00e9 Linda Zwartbol, \u200b\u200b\u200b\u200b\u200b\u200bpr\u00e9sidente r\u00e9gionale du SP, dans un communiqu\u00e9.<\/p>\n<p>L&rsquo;heure \u00e9tait venue du congr\u00e8s d&rsquo;automne. Sarah Schr\u00f6der a \u00e9t\u00e9 nomm\u00e9e nouvelle secr\u00e9taire r\u00e9gionale du SP Ostbelgien. En tant que bras droit du pr\u00e9sident, elle coordonne le travail d&rsquo;organisation du parti, soutient les comit\u00e9s r\u00e9gionaux et, avec le pr\u00e9sident et le conseil r\u00e9gional, supervise la gestion quotidienne du SP Ostbelgien.<\/p>\n<p>\u00ab\u00a0J&rsquo;ai h\u00e2te de fa\u00e7onner activement le travail du parti avec le pr\u00e9sident, le conseil d&rsquo;administration et tous les membres\u00a0\u00bb, a d\u00e9clar\u00e9 Schr\u00f6der. Le nouveau secr\u00e9taire r\u00e9gional a 26 ans, vit \u00e0 Eupen et travaille professionnellement dans le domaine de la communication pour le groupe parlementaire SP du PDG depuis environ un an. Elle prend ses fonctions avec 100 pour cent des voix.<\/p>\n<p>Le contenu du congr\u00e8s a \u00e9t\u00e9 marqu\u00e9 par le discours d&rsquo;ouverture de Markus Ramers, administrateur du district d&rsquo;Euskirchen et pr\u00e9sident du SPD Rhin moyen. Ramers a expliqu\u00e9 comment la politique r\u00e9gionale peut activement fa\u00e7onner le changement dans les zones rurales. Des infrastructures modernes \u00e0 de bons services sociaux en passant par une d\u00e9mocratie locale forte.<\/p>\n","protected":false},"excerpt":{"rendered":"<p>Le congr\u00e8s d&rsquo;automne du SP Ostbelgien a eu lieu samedi \u00e0 l&rsquo;h\u00f4tel Zur Alten Schmiede \u00e0 Sch\u00f6nberg. Les sociaux-d\u00e9mocrates ont travaill\u00e9 sous la devise \u00ab\u00a0Renforcer<\/p>\n","protected":false},"author":1,"featured_media":11615,"comment_status":"","ping_status":"","sticky":false,"template":"","format":"standard","meta":{"footnotes":""},"categories":[298],"tags":[383,9397,76,553,5784,9395,9396,4223,1059],"class_list":["post-11614","post","type-post","status-publish","format-standard","has-post-thumbnail","hentry","category-belgique","tag-belgique","tag-elue","tag-est","tag-nouveau","tag-regionale","tag-sarah","tag-schroder","tag-secretaire","tag-visage","generate-columns","tablet-grid-50","mobile-grid-100","grid-parent","grid-33"],"yoast_head":"<!-- This site is optimized with the Yoast SEO plugin v24.0 - https:\/\/yoast.com\/wordpress\/plugins\/seo\/ -->\n<title>Nouveau visage au SP Belgique Est : Sarah Schr\u00f6der \u00e9lue secr\u00e9taire r\u00e9gionale | Vie Associative<\/title>\n<meta name=\"robots\" content=\"index, follow, max-snippet:-1, max-image-preview:large, max-video-preview:-1\" \/>\n<link rel=\"canonical\" href=\"https:\/\/vieassociative.be\/actualites\/nouveau-visage-au-sp-belgique-est-sarah-schroder-elue-secretaire-regionale\/\" \/>\n<meta property=\"og:locale\" content=\"fr_FR\" \/>\n<meta property=\"og:type\" content=\"article\" \/>\n<meta property=\"og:title\" content=\"Nouveau visage au SP Belgique Est : Sarah Schr\u00f6der \u00e9lue secr\u00e9taire r\u00e9gionale | Vie Associative\" \/>\n<meta property=\"og:description\" content=\"Le congr\u00e8s d&rsquo;automne du SP Ostbelgien a eu lieu samedi \u00e0 l&rsquo;h\u00f4tel Zur Alten Schmiede \u00e0 Sch\u00f6nberg. Les sociaux-d\u00e9mocrates ont travaill\u00e9 sous la devise \u00ab\u00a0Renforcer\" \/>\n<meta property=\"og:url\" content=\"https:\/\/vieassociative.be\/actualites\/nouveau-visage-au-sp-belgique-est-sarah-schroder-elue-secretaire-regionale\/\" \/>\n<meta property=\"og:site_name\" content=\"Vie Associative\" \/>\n<meta property=\"article:published_time\" content=\"2025-11-29T20:17:47+00:00\" \/>\n<meta property=\"og:image\" content=\"https:\/\/vieassociative.be\/actualites\/wp-content\/uploads\/2024\/09\/header_backgroundk-01-e1726694325946.png\" \/>\n\t<meta property=\"og:image:width\" content=\"279\" \/>\n\t<meta property=\"og:image:height\" content=\"92\" \/>\n\t<meta property=\"og:image:type\" content=\"image\/png\" \/>\n<meta name=\"author\" content=\"Julien\" \/>\n<meta name=\"twitter:card\" content=\"summary_large_image\" \/>\n<meta name=\"twitter:label1\" content=\"\u00c9crit par\" \/>\n\t<meta name=\"twitter:data1\" content=\"Julien\" \/>\n\t<meta name=\"twitter:label2\" content=\"Dur\u00e9e de lecture est.\" \/>\n\t<meta name=\"twitter:data2\" content=\"2 minutes\" \/>\n<script type=\"application\/ld+json\" class=\"yoast-schema-graph\">{\"@context\":\"https:\/\/schema.org\",\"@graph\":[{\"@type\":\"Article\",\"@id\":\"https:\/\/vieassociative.be\/actualites\/nouveau-visage-au-sp-belgique-est-sarah-schroder-elue-secretaire-regionale\/#article\",\"isPartOf\":{\"@id\":\"https:\/\/vieassociative.be\/actualites\/nouveau-visage-au-sp-belgique-est-sarah-schroder-elue-secretaire-regionale\/\"},\"author\":{\"name\":\"Julien\",\"@id\":\"https:\/\/vieassociative.be\/actualites\/#\/schema\/person\/b87ac4f82f9d4e7b7cec7395b679edc4\"},\"headline\":\"Nouveau visage au SP Belgique Est : Sarah Schr\u00f6der \u00e9lue secr\u00e9taire r\u00e9gionale\",\"datePublished\":\"2025-11-29T20:17:47+00:00\",\"dateModified\":\"2025-11-29T20:17:47+00:00\",\"mainEntityOfPage\":{\"@id\":\"https:\/\/vieassociative.be\/actualites\/nouveau-visage-au-sp-belgique-est-sarah-schroder-elue-secretaire-regionale\/\"},\"wordCount\":422,\"publisher\":{\"@id\":\"https:\/\/vieassociative.be\/actualites\/#organization\"},\"image\":{\"@id\":\"https:\/\/vieassociative.be\/actualites\/nouveau-visage-au-sp-belgique-est-sarah-schroder-elue-secretaire-regionale\/#primaryimage\"},\"thumbnailUrl\":\"https:\/\/vieassociative.be\/actualites\/wp-content\/uploads\/2025\/11\/1764447467_Nouveau-visage-au-SP-Belgique-Est-Sarah-Schroder-elue.jpg\",\"keywords\":[\"Belgique\",\"\u00e9lue\",\"est\",\"nouveau\",\"r\u00e9gionale\",\"Sarah\",\"Schr\u00f6der\",\"secr\u00e9taire\",\"visage\"],\"articleSection\":[\"Belgique\"],\"inLanguage\":\"fr-BE\"},{\"@type\":\"WebPage\",\"@id\":\"https:\/\/vieassociative.be\/actualites\/nouveau-visage-au-sp-belgique-est-sarah-schroder-elue-secretaire-regionale\/\",\"url\":\"https:\/\/vieassociative.be\/actualites\/nouveau-visage-au-sp-belgique-est-sarah-schroder-elue-secretaire-regionale\/\",\"name\":\"Nouveau visage au SP Belgique Est : Sarah Schr\u00f6der \u00e9lue secr\u00e9taire r\u00e9gionale | Vie Associative\",\"isPartOf\":{\"@id\":\"https:\/\/vieassociative.be\/actualites\/#website\"},\"primaryImageOfPage\":{\"@id\":\"https:\/\/vieassociative.be\/actualites\/nouveau-visage-au-sp-belgique-est-sarah-schroder-elue-secretaire-regionale\/#primaryimage\"},\"image\":{\"@id\":\"https:\/\/vieassociative.be\/actualites\/nouveau-visage-au-sp-belgique-est-sarah-schroder-elue-secretaire-regionale\/#primaryimage\"},\"thumbnailUrl\":\"https:\/\/vieassociative.be\/actualites\/wp-content\/uploads\/2025\/11\/1764447467_Nouveau-visage-au-SP-Belgique-Est-Sarah-Schroder-elue.jpg\",\"datePublished\":\"2025-11-29T20:17:47+00:00\",\"dateModified\":\"2025-11-29T20:17:47+00:00\",\"breadcrumb\":{\"@id\":\"https:\/\/vieassociative.be\/actualites\/nouveau-visage-au-sp-belgique-est-sarah-schroder-elue-secretaire-regionale\/#breadcrumb\"},\"inLanguage\":\"fr-BE\",\"potentialAction\":[{\"@type\":\"ReadAction\",\"target\":[\"https:\/\/vieassociative.be\/actualites\/nouveau-visage-au-sp-belgique-est-sarah-schroder-elue-secretaire-regionale\/\"]}]},{\"@type\":\"ImageObject\",\"inLanguage\":\"fr-BE\",\"@id\":\"https:\/\/vieassociative.be\/actualites\/nouveau-visage-au-sp-belgique-est-sarah-schroder-elue-secretaire-regionale\/#primaryimage\",\"url\":\"https:\/\/vieassociative.be\/actualites\/wp-content\/uploads\/2025\/11\/1764447467_Nouveau-visage-au-SP-Belgique-Est-Sarah-Schroder-elue.jpg\",\"contentUrl\":\"https:\/\/vieassociative.be\/actualites\/wp-content\/uploads\/2025\/11\/1764447467_Nouveau-visage-au-SP-Belgique-Est-Sarah-Schroder-elue.jpg\",\"width\":2560,\"height\":1707,\"caption\":\"Nouveau visage au SP Belgique Est : Sarah Schr\u00f6der \u00e9lue secr\u00e9taire r\u00e9gionale\"},{\"@type\":\"BreadcrumbList\",\"@id\":\"https:\/\/vieassociative.be\/actualites\/nouveau-visage-au-sp-belgique-est-sarah-schroder-elue-secretaire-regionale\/#breadcrumb\",\"itemListElement\":[{\"@type\":\"ListItem\",\"position\":1,\"name\":\"Accueil\",\"item\":\"https:\/\/vieassociative.be\/actualites\/\"},{\"@type\":\"ListItem\",\"position\":2,\"name\":\"Nouveau visage au SP Belgique Est : Sarah Schr\u00f6der \u00e9lue secr\u00e9taire r\u00e9gionale\"}]},{\"@type\":\"WebSite\",\"@id\":\"https:\/\/vieassociative.be\/actualites\/#website\",\"url\":\"https:\/\/vieassociative.be\/actualites\/\",\"name\":\"Vie Associative\",\"description\":\"\",\"publisher\":{\"@id\":\"https:\/\/vieassociative.be\/actualites\/#organization\"},\"potentialAction\":[{\"@type\":\"SearchAction\",\"target\":{\"@type\":\"EntryPoint\",\"urlTemplate\":\"https:\/\/vieassociative.be\/actualites\/?s={search_term_string}\"},\"query-input\":{\"@type\":\"PropertyValueSpecification\",\"valueRequired\":true,\"valueName\":\"search_term_string\"}}],\"inLanguage\":\"fr-BE\"},{\"@type\":\"Organization\",\"@id\":\"https:\/\/vieassociative.be\/actualites\/#organization\",\"name\":\"Vie Associative\",\"url\":\"https:\/\/vieassociative.be\/actualites\/\",\"logo\":{\"@type\":\"ImageObject\",\"inLanguage\":\"fr-BE\",\"@id\":\"https:\/\/vieassociative.be\/actualites\/#\/schema\/logo\/image\/\",\"url\":\"https:\/\/vieassociative.be\/actualites\/wp-content\/uploads\/2024\/09\/cropped-vieassociative_favicon.ico.png\",\"contentUrl\":\"https:\/\/vieassociative.be\/actualites\/wp-content\/uploads\/2024\/09\/cropped-vieassociative_favicon.ico.png\",\"width\":512,\"height\":512,\"caption\":\"Vie Associative\"},\"image\":{\"@id\":\"https:\/\/vieassociative.be\/actualites\/#\/schema\/logo\/image\/\"}},{\"@type\":\"Person\",\"@id\":\"https:\/\/vieassociative.be\/actualites\/#\/schema\/person\/b87ac4f82f9d4e7b7cec7395b679edc4\",\"name\":\"Julien\",\"image\":{\"@type\":\"ImageObject\",\"inLanguage\":\"fr-BE\",\"@id\":\"https:\/\/vieassociative.be\/actualites\/#\/schema\/person\/image\/\",\"url\":\"https:\/\/vieassociative.be\/actualites\/wp-content\/uploads\/2024\/09\/vie-associative-1-150x150.jpg\",\"contentUrl\":\"https:\/\/vieassociative.be\/actualites\/wp-content\/uploads\/2024\/09\/vie-associative-1-150x150.jpg\",\"caption\":\"Julien\"},\"description\":\"Je suis Julien, r\u00e9dacteur pour Vie Associative. Passionn\u00e9 par le monde associatif depuis plus de 10 ans, j'ai \u00e0 c\u0153ur de partager des histoires inspirantes et de mettre en lumi\u00e8re les initiatives locales. Mon objectif est de sensibiliser et d'encourager l'engagement communautaire \u00e0 travers mes articles.\",\"sameAs\":[\"https:\/\/vieassociative.be\/\"]}]}<\/script>\n<!-- \/ Yoast SEO plugin. -->","yoast_head_json":{"title":"Nouveau visage au SP Belgique Est : Sarah Schr\u00f6der \u00e9lue secr\u00e9taire r\u00e9gionale | Vie Associative","robots":{"index":"index","follow":"follow","max-snippet":"max-snippet:-1","max-image-preview":"max-image-preview:large","max-video-preview":"max-video-preview:-1"},"canonical":"https:\/\/vieassociative.be\/actualites\/nouveau-visage-au-sp-belgique-est-sarah-schroder-elue-secretaire-regionale\/","og_locale":"fr_FR","og_type":"article","og_title":"Nouveau visage au SP Belgique Est : Sarah Schr\u00f6der \u00e9lue secr\u00e9taire r\u00e9gionale | Vie Associative","og_description":"Le congr\u00e8s d&rsquo;automne du SP Ostbelgien a eu lieu samedi \u00e0 l&rsquo;h\u00f4tel Zur Alten Schmiede \u00e0 Sch\u00f6nberg. Les sociaux-d\u00e9mocrates ont travaill\u00e9 sous la devise \u00ab\u00a0Renforcer","og_url":"https:\/\/vieassociative.be\/actualites\/nouveau-visage-au-sp-belgique-est-sarah-schroder-elue-secretaire-regionale\/","og_site_name":"Vie Associative","article_published_time":"2025-11-29T20:17:47+00:00","og_image":[{"width":279,"height":92,"url":"https:\/\/vieassociative.be\/actualites\/wp-content\/uploads\/2024\/09\/header_backgroundk-01-e1726694325946.png","type":"image\/png"}],"author":"Julien","twitter_card":"summary_large_image","twitter_misc":{"\u00c9crit par":"Julien","Dur\u00e9e de lecture est.":"2 minutes"},"schema":{"@context":"https:\/\/schema.org","@graph":[{"@type":"Article","@id":"https:\/\/vieassociative.be\/actualites\/nouveau-visage-au-sp-belgique-est-sarah-schroder-elue-secretaire-regionale\/#article","isPartOf":{"@id":"https:\/\/vieassociative.be\/actualites\/nouveau-visage-au-sp-belgique-est-sarah-schroder-elue-secretaire-regionale\/"},"author":{"name":"Julien","@id":"https:\/\/vieassociative.be\/actualites\/#\/schema\/person\/b87ac4f82f9d4e7b7cec7395b679edc4"},"headline":"Nouveau visage au SP Belgique Est : Sarah Schr\u00f6der \u00e9lue secr\u00e9taire r\u00e9gionale","datePublished":"2025-11-29T20:17:47+00:00","dateModified":"2025-11-29T20:17:47+00:00","mainEntityOfPage":{"@id":"https:\/\/vieassociative.be\/actualites\/nouveau-visage-au-sp-belgique-est-sarah-schroder-elue-secretaire-regionale\/"},"wordCount":422,"publisher":{"@id":"https:\/\/vieassociative.be\/actualites\/#organization"},"image":{"@id":"https:\/\/vieassociative.be\/actualites\/nouveau-visage-au-sp-belgique-est-sarah-schroder-elue-secretaire-regionale\/#primaryimage"},"thumbnailUrl":"https:\/\/vieassociative.be\/actualites\/wp-content\/uploads\/2025\/11\/1764447467_Nouveau-visage-au-SP-Belgique-Est-Sarah-Schroder-elue.jpg","keywords":["Belgique","\u00e9lue","est","nouveau","r\u00e9gionale","Sarah","Schr\u00f6der","secr\u00e9taire","visage"],"articleSection":["Belgique"],"inLanguage":"fr-BE"},{"@type":"WebPage","@id":"https:\/\/vieassociative.be\/actualites\/nouveau-visage-au-sp-belgique-est-sarah-schroder-elue-secretaire-regionale\/","url":"https:\/\/vieassociative.be\/actualites\/nouveau-visage-au-sp-belgique-est-sarah-schroder-elue-secretaire-regionale\/","name":"Nouveau visage au SP Belgique Est : Sarah Schr\u00f6der \u00e9lue secr\u00e9taire r\u00e9gionale | Vie Associative","isPartOf":{"@id":"https:\/\/vieassociative.be\/actualites\/#website"},"primaryImageOfPage":{"@id":"https:\/\/vieassociative.be\/actualites\/nouveau-visage-au-sp-belgique-est-sarah-schroder-elue-secretaire-regionale\/#primaryimage"},"image":{"@id":"https:\/\/vieassociative.be\/actualites\/nouveau-visage-au-sp-belgique-est-sarah-schroder-elue-secretaire-regionale\/#primaryimage"},"thumbnailUrl":"https:\/\/vieassociative.be\/actualites\/wp-content\/uploads\/2025\/11\/1764447467_Nouveau-visage-au-SP-Belgique-Est-Sarah-Schroder-elue.jpg","datePublished":"2025-11-29T20:17:47+00:00","dateModified":"2025-11-29T20:17:47+00:00","breadcrumb":{"@id":"https:\/\/vieassociative.be\/actualites\/nouveau-visage-au-sp-belgique-est-sarah-schroder-elue-secretaire-regionale\/#breadcrumb"},"inLanguage":"fr-BE","potentialAction":[{"@type":"ReadAction","target":["https:\/\/vieassociative.be\/actualites\/nouveau-visage-au-sp-belgique-est-sarah-schroder-elue-secretaire-regionale\/"]}]},{"@type":"ImageObject","inLanguage":"fr-BE","@id":"https:\/\/vieassociative.be\/actualites\/nouveau-visage-au-sp-belgique-est-sarah-schroder-elue-secretaire-regionale\/#primaryimage","url":"https:\/\/vieassociative.be\/actualites\/wp-content\/uploads\/2025\/11\/1764447467_Nouveau-visage-au-SP-Belgique-Est-Sarah-Schroder-elue.jpg","contentUrl":"https:\/\/vieassociative.be\/actualites\/wp-content\/uploads\/2025\/11\/1764447467_Nouveau-visage-au-SP-Belgique-Est-Sarah-Schroder-elue.jpg","width":2560,"height":1707,"caption":"Nouveau visage au SP Belgique Est : Sarah Schr\u00f6der \u00e9lue secr\u00e9taire r\u00e9gionale"},{"@type":"BreadcrumbList","@id":"https:\/\/vieassociative.be\/actualites\/nouveau-visage-au-sp-belgique-est-sarah-schroder-elue-secretaire-regionale\/#breadcrumb","itemListElement":[{"@type":"ListItem","position":1,"name":"Accueil","item":"https:\/\/vieassociative.be\/actualites\/"},{"@type":"ListItem","position":2,"name":"Nouveau visage au SP Belgique Est : Sarah Schr\u00f6der \u00e9lue secr\u00e9taire r\u00e9gionale"}]},{"@type":"WebSite","@id":"https:\/\/vieassociative.be\/actualites\/#website","url":"https:\/\/vieassociative.be\/actualites\/","name":"Vie Associative","description":"","publisher":{"@id":"https:\/\/vieassociative.be\/actualites\/#organization"},"potentialAction":[{"@type":"SearchAction","target":{"@type":"EntryPoint","urlTemplate":"https:\/\/vieassociative.be\/actualites\/?s={search_term_string}"},"query-input":{"@type":"PropertyValueSpecification","valueRequired":true,"valueName":"search_term_string"}}],"inLanguage":"fr-BE"},{"@type":"Organization","@id":"https:\/\/vieassociative.be\/actualites\/#organization","name":"Vie Associative","url":"https:\/\/vieassociative.be\/actualites\/","logo":{"@type":"ImageObject","inLanguage":"fr-BE","@id":"https:\/\/vieassociative.be\/actualites\/#\/schema\/logo\/image\/","url":"https:\/\/vieassociative.be\/actualites\/wp-content\/uploads\/2024\/09\/cropped-vieassociative_favicon.ico.png","contentUrl":"https:\/\/vieassociative.be\/actualites\/wp-content\/uploads\/2024\/09\/cropped-vieassociative_favicon.ico.png","width":512,"height":512,"caption":"Vie Associative"},"image":{"@id":"https:\/\/vieassociative.be\/actualites\/#\/schema\/logo\/image\/"}},{"@type":"Person","@id":"https:\/\/vieassociative.be\/actualites\/#\/schema\/person\/b87ac4f82f9d4e7b7cec7395b679edc4","name":"Julien","image":{"@type":"ImageObject","inLanguage":"fr-BE","@id":"https:\/\/vieassociative.be\/actualites\/#\/schema\/person\/image\/","url":"https:\/\/vieassociative.be\/actualites\/wp-content\/uploads\/2024\/09\/vie-associative-1-150x150.jpg","contentUrl":"https:\/\/vieassociative.be\/actualites\/wp-content\/uploads\/2024\/09\/vie-associative-1-150x150.jpg","caption":"Julien"},"description":"Je suis Julien, r\u00e9dacteur pour Vie Associative. Passionn\u00e9 par le monde associatif depuis plus de 10 ans, j'ai \u00e0 c\u0153ur de partager des histoires inspirantes et de mettre en lumi\u00e8re les initiatives locales. Mon objectif est de sensibiliser et d'encourager l'engagement communautaire \u00e0 travers mes articles.","sameAs":["https:\/\/vieassociative.be\/"]}]}},"_links":{"self":[{"href":"https:\/\/vieassociative.be\/actualites\/wp-json\/wp\/v2\/posts\/11614"}],"collection":[{"href":"https:\/\/vieassociative.be\/actualites\/wp-json\/wp\/v2\/posts"}],"about":[{"href":"https:\/\/vieassociative.be\/actualites\/wp-json\/wp\/v2\/types\/post"}],"author":[{"embeddable":true,"href":"https:\/\/vieassociative.be\/actualites\/wp-json\/wp\/v2\/users\/1"}],"replies":[{"embeddable":true,"href":"https:\/\/vieassociative.be\/actualites\/wp-json\/wp\/v2\/comments?post=11614"}],"version-history":[{"count":0,"href":"https:\/\/vieassociative.be\/actualites\/wp-json\/wp\/v2\/posts\/11614\/revisions"}],"wp:featuredmedia":[{"embeddable":true,"href":"https:\/\/vieassociative.be\/actualites\/wp-json\/wp\/v2\/media\/11615"}],"wp:attachment":[{"href":"https:\/\/vieassociative.be\/actualites\/wp-json\/wp\/v2\/media?parent=11614"}],"wp:term":[{"taxonomy":"category","embeddable":true,"href":"https:\/\/vieassociative.be\/actualites\/wp-json\/wp\/v2\/categories?post=11614"},{"taxonomy":"post_tag","embeddable":true,"href":"https:\/\/vieassociative.be\/actualites\/wp-json\/wp\/v2\/tags?post=11614"}],"curies":[{"name":"wp","href":"https:\/\/api.w.org\/{rel}","templated":true}]}}