{"id":11612,"date":"2025-11-29T20:17:30","date_gmt":"2025-11-29T19:17:30","guid":{"rendered":"https:\/\/vieassociative.be\/actualites\/vous-pouvez-obtenir-microsoft-visual-studio-pro-pour-seulement-10-pour-le-black-friday\/"},"modified":"2025-11-29T20:17:30","modified_gmt":"2025-11-29T19:17:30","slug":"vous-pouvez-obtenir-microsoft-visual-studio-pro-pour-seulement-10-pour-le-black-friday","status":"publish","type":"post","link":"https:\/\/vieassociative.be\/actualites\/vous-pouvez-obtenir-microsoft-visual-studio-pro-pour-seulement-10-pour-le-black-friday\/","title":{"rendered":"Vous pouvez obtenir Microsoft Visual Studio Pro pour seulement 10 $ pour le Black Friday"},"content":{"rendered":"<div class=\"mt-4 leading-6 md:mb-8\">Pour seulement 10 $, vous pouvez essayer un environnement de d\u00e9veloppement enti\u00e8rement charg\u00e9 avec des fonctionnalit\u00e9s qui rendent le codage plus rapide, plus propre et moins fastidieux.<\/div>\n<p><\/p>\n<p><em>Les ventes du Black Friday commencent officiellement le vendredi 28 novembre et se poursuivent jusqu&rsquo;au Cyber \u200b\u200bMonday, le 1er d\u00e9cembre, et Vie Associative partage les meilleures ventes bas\u00e9es sur des critiques de produits, des comparaisons et des outils de suivi des prix avant leur fin. <\/em><\/p>\n<ul>\n<li>\n<p><em>Suivez notre blog en direct<\/em><em>  pour rester au courant des meilleures ventes que nous trouvons.<\/em><\/p>\n<\/li>\n<li>\n<p><em>Parcourez les choix de nos r\u00e9dacteurs<\/em><em>  pour une liste organis\u00e9e de nos ventes pr\u00e9f\u00e9r\u00e9es sur les ordinateurs portables, les technologies de fitness, les appareils \u00e9lectrom\u00e9nagers et plus encore.<\/em><\/p>\n<\/li>\n<li>\n<p><em>Abonnez-vous \u00e0 notre newsletter shopping<\/em><em>Ajoutez au panier, pour les meilleures ventes envoy\u00e9es dans votre bo\u00eete de r\u00e9ception.<\/em><\/p>\n<\/li>\n<li>\n<p><em>Les ventes sont exactes au moment de la publication, mais les prix et les stocks sont toujours sujets \u00e0 changement. <\/em><\/p>\n<\/li>\n<\/ul>\n<hr>\n<p>Si vous \u00eates un d\u00e9veloppeur, un amateur ou simplement quelqu&rsquo;un qui essaie de suivre les outils de programmation modernes sans vider votre portefeuille, cette offre devrait attirer votre attention : Microsoft Visual Studio Professional 2022 est actuellement en vente pour seulement 9,97 $ sur StackSocial pour le Black Friday, contre 499 $ habituels. La vente se d\u00e9roule via Cyber \u200b\u200bMonday et il s&rsquo;agit d&rsquo;un paiement unique pour un acc\u00e8s \u00e0 vie. Une fois que vous achetez, le code de remboursement vous est envoy\u00e9 instantan\u00e9ment par e-mail et vous disposez de 30 jours pour l&rsquo;activer. Il n&rsquo;y a pas de frais r\u00e9currents, juste un environnement de d\u00e9veloppement enti\u00e8rement charg\u00e9 avec des fonctionnalit\u00e9s qui rendent le codage plus rapide, plus propre et moins compliqu\u00e9.<\/p>\n<p>Cette version de Visual Studio marque un changement : il s&rsquo;agit du premier IDE 64 bits qui g\u00e8re des projets plus volumineux sans \u00e9touffement. Si vous avez d\u00e9j\u00e0 attendu que votre \u00e9diteur de code cesse de se bloquer alors que vous faites face \u00e0 des charges de travail massives, c&rsquo;est moins un probl\u00e8me ici. Il prend en charge le d\u00e9veloppement d&rsquo;applications multiplateformes via .NET MAUI, vous \u00eates donc couvert, que vous construisiez pour Android, iOS ou un ordinateur de bureau. De plus, des fonctionnalit\u00e9s telles que Live Share simplifient la collaboration. Vous pouvez cocoder en temps r\u00e9el, contr\u00f4ler ce que voient les collaborateurs et m\u00eame conserver vos param\u00e8tres personnalis\u00e9s. Il existe \u00e9galement IntelliCode, qui est essentiellement une IA qui apprend vos habitudes de codage et remplit les espaces intelligemment. Il peut terminer des lignes de code ou sugg\u00e9rer la prochaine \u00e9tape logique en fonction de votre style et de votre contexte. C&rsquo;est un peu \u00e9trange, mais \u00e7a marche. Vous pouvez \u00e9galement cr\u00e9er, tester et d\u00e9ployer sur Azure directement \u00e0 partir de l&rsquo;EDI, ce qui est id\u00e9al si vous \u00eates ax\u00e9 sur le cloud.<\/p>\n<p>Il y a certaines choses \u00e0 garder \u00e0 l&rsquo;esprit. Ceci est r\u00e9serv\u00e9 aux utilisateurs Windows. Si vous travaillez sur un Chromebook, un iPad ou m\u00eame un syst\u00e8me 32 bits, cela ne fonctionnera pas. Il est compatible avec Windows 10 et 11 et vous aurez besoin d\u2019au moins 4 Go de RAM (m\u00eame si plus c\u2019est mieux). Selon le nombre de fonctionnalit\u00e9s que vous installez, cela n\u00e9cessite \u00e9galement un espace de stockage allant de 850 Mo \u00e0 210 Go. Pour seulement 10\u00a0$ pour Microsoft Visual Studio, c&rsquo;est une bonne affaire qui vaut la peine d&rsquo;\u00eatre essay\u00e9e. <\/p>\n","protected":false},"excerpt":{"rendered":"<p>Pour seulement 10 $, vous pouvez essayer un environnement de d\u00e9veloppement enti\u00e8rement charg\u00e9 avec des fonctionnalit\u00e9s qui rendent le codage plus rapide, plus propre et<\/p>\n","protected":false},"author":1,"featured_media":11613,"comment_status":"","ping_status":"","sticky":false,"template":"","format":"standard","meta":{"footnotes":""},"categories":[13],"tags":[73,1255,1190,227,81,5,630,2583,2216,2215,4],"class_list":["post-11612","post","type-post","status-publish","format-standard","has-post-thumbnail","hentry","category-technologie","tag-black","tag-friday","tag-microsoft","tag-obtenir","tag-pour","tag-pouvez","tag-pro","tag-seulement","tag-studio","tag-visual","tag-vous","generate-columns","tablet-grid-50","mobile-grid-100","grid-parent","grid-33"],"yoast_head":"<!-- This site is optimized with the Yoast SEO plugin v24.0 - https:\/\/yoast.com\/wordpress\/plugins\/seo\/ -->\n<title>Vous pouvez obtenir Microsoft Visual Studio Pro pour seulement 10 $ pour le Black Friday | Vie Associative<\/title>\n<meta name=\"robots\" content=\"index, follow, max-snippet:-1, max-image-preview:large, max-video-preview:-1\" \/>\n<link rel=\"canonical\" href=\"https:\/\/vieassociative.be\/actualites\/vous-pouvez-obtenir-microsoft-visual-studio-pro-pour-seulement-10-pour-le-black-friday\/\" \/>\n<meta property=\"og:locale\" content=\"fr_FR\" \/>\n<meta property=\"og:type\" content=\"article\" \/>\n<meta property=\"og:title\" content=\"Vous pouvez obtenir Microsoft Visual Studio Pro pour seulement 10 $ pour le Black Friday | Vie Associative\" \/>\n<meta property=\"og:description\" content=\"Pour seulement 10 $, vous pouvez essayer un environnement de d\u00e9veloppement enti\u00e8rement charg\u00e9 avec des fonctionnalit\u00e9s qui rendent le codage plus rapide, plus propre et\" \/>\n<meta property=\"og:url\" content=\"https:\/\/vieassociative.be\/actualites\/vous-pouvez-obtenir-microsoft-visual-studio-pro-pour-seulement-10-pour-le-black-friday\/\" \/>\n<meta property=\"og:site_name\" content=\"Vie Associative\" \/>\n<meta property=\"article:published_time\" content=\"2025-11-29T19:17:30+00:00\" \/>\n<meta property=\"og:image\" content=\"https:\/\/vieassociative.be\/actualites\/wp-content\/uploads\/2024\/09\/header_backgroundk-01-e1726694325946.png\" \/>\n\t<meta property=\"og:image:width\" content=\"279\" \/>\n\t<meta property=\"og:image:height\" content=\"92\" \/>\n\t<meta property=\"og:image:type\" content=\"image\/png\" \/>\n<meta name=\"author\" content=\"Julien\" \/>\n<meta name=\"twitter:card\" content=\"summary_large_image\" \/>\n<meta name=\"twitter:label1\" content=\"\u00c9crit par\" \/>\n\t<meta name=\"twitter:data1\" content=\"Julien\" \/>\n\t<meta name=\"twitter:label2\" content=\"Dur\u00e9e de lecture est.\" \/>\n\t<meta name=\"twitter:data2\" content=\"3 minutes\" \/>\n<script type=\"application\/ld+json\" class=\"yoast-schema-graph\">{\"@context\":\"https:\/\/schema.org\",\"@graph\":[{\"@type\":\"Article\",\"@id\":\"https:\/\/vieassociative.be\/actualites\/vous-pouvez-obtenir-microsoft-visual-studio-pro-pour-seulement-10-pour-le-black-friday\/#article\",\"isPartOf\":{\"@id\":\"https:\/\/vieassociative.be\/actualites\/vous-pouvez-obtenir-microsoft-visual-studio-pro-pour-seulement-10-pour-le-black-friday\/\"},\"author\":{\"name\":\"Julien\",\"@id\":\"https:\/\/vieassociative.be\/actualites\/#\/schema\/person\/b87ac4f82f9d4e7b7cec7395b679edc4\"},\"headline\":\"Vous pouvez obtenir Microsoft Visual Studio Pro pour seulement 10 $ pour le Black Friday\",\"datePublished\":\"2025-11-29T19:17:30+00:00\",\"dateModified\":\"2025-11-29T19:17:30+00:00\",\"mainEntityOfPage\":{\"@id\":\"https:\/\/vieassociative.be\/actualites\/vous-pouvez-obtenir-microsoft-visual-studio-pro-pour-seulement-10-pour-le-black-friday\/\"},\"wordCount\":598,\"publisher\":{\"@id\":\"https:\/\/vieassociative.be\/actualites\/#organization\"},\"image\":{\"@id\":\"https:\/\/vieassociative.be\/actualites\/vous-pouvez-obtenir-microsoft-visual-studio-pro-pour-seulement-10-pour-le-black-friday\/#primaryimage\"},\"thumbnailUrl\":\"https:\/\/vieassociative.be\/actualites\/wp-content\/uploads\/2025\/11\/Vous-pouvez-obtenir-Microsoft-Visual-Studio-Pro-pour-seulement-10.png\",\"keywords\":[\"Black\",\"Friday\",\"Microsoft\",\"obtenir\",\"pour\",\"pouvez\",\"Pro\",\"seulement\",\"Studio\",\"Visual\",\"Vous\"],\"articleSection\":[\"Technologie\"],\"inLanguage\":\"fr-BE\"},{\"@type\":\"WebPage\",\"@id\":\"https:\/\/vieassociative.be\/actualites\/vous-pouvez-obtenir-microsoft-visual-studio-pro-pour-seulement-10-pour-le-black-friday\/\",\"url\":\"https:\/\/vieassociative.be\/actualites\/vous-pouvez-obtenir-microsoft-visual-studio-pro-pour-seulement-10-pour-le-black-friday\/\",\"name\":\"Vous pouvez obtenir Microsoft Visual Studio Pro pour seulement 10 $ pour le Black Friday | Vie Associative\",\"isPartOf\":{\"@id\":\"https:\/\/vieassociative.be\/actualites\/#website\"},\"primaryImageOfPage\":{\"@id\":\"https:\/\/vieassociative.be\/actualites\/vous-pouvez-obtenir-microsoft-visual-studio-pro-pour-seulement-10-pour-le-black-friday\/#primaryimage\"},\"image\":{\"@id\":\"https:\/\/vieassociative.be\/actualites\/vous-pouvez-obtenir-microsoft-visual-studio-pro-pour-seulement-10-pour-le-black-friday\/#primaryimage\"},\"thumbnailUrl\":\"https:\/\/vieassociative.be\/actualites\/wp-content\/uploads\/2025\/11\/Vous-pouvez-obtenir-Microsoft-Visual-Studio-Pro-pour-seulement-10.png\",\"datePublished\":\"2025-11-29T19:17:30+00:00\",\"dateModified\":\"2025-11-29T19:17:30+00:00\",\"breadcrumb\":{\"@id\":\"https:\/\/vieassociative.be\/actualites\/vous-pouvez-obtenir-microsoft-visual-studio-pro-pour-seulement-10-pour-le-black-friday\/#breadcrumb\"},\"inLanguage\":\"fr-BE\",\"potentialAction\":[{\"@type\":\"ReadAction\",\"target\":[\"https:\/\/vieassociative.be\/actualites\/vous-pouvez-obtenir-microsoft-visual-studio-pro-pour-seulement-10-pour-le-black-friday\/\"]}]},{\"@type\":\"ImageObject\",\"inLanguage\":\"fr-BE\",\"@id\":\"https:\/\/vieassociative.be\/actualites\/vous-pouvez-obtenir-microsoft-visual-studio-pro-pour-seulement-10-pour-le-black-friday\/#primaryimage\",\"url\":\"https:\/\/vieassociative.be\/actualites\/wp-content\/uploads\/2025\/11\/Vous-pouvez-obtenir-Microsoft-Visual-Studio-Pro-pour-seulement-10.png\",\"contentUrl\":\"https:\/\/vieassociative.be\/actualites\/wp-content\/uploads\/2025\/11\/Vous-pouvez-obtenir-Microsoft-Visual-Studio-Pro-pour-seulement-10.png\",\"width\":1200,\"height\":675,\"caption\":\"Vous pouvez obtenir Microsoft Visual Studio Pro pour seulement 10 $ pour le Black Friday\"},{\"@type\":\"BreadcrumbList\",\"@id\":\"https:\/\/vieassociative.be\/actualites\/vous-pouvez-obtenir-microsoft-visual-studio-pro-pour-seulement-10-pour-le-black-friday\/#breadcrumb\",\"itemListElement\":[{\"@type\":\"ListItem\",\"position\":1,\"name\":\"Accueil\",\"item\":\"https:\/\/vieassociative.be\/actualites\/\"},{\"@type\":\"ListItem\",\"position\":2,\"name\":\"Vous pouvez obtenir Microsoft Visual Studio Pro pour seulement 10 $ pour le Black Friday\"}]},{\"@type\":\"WebSite\",\"@id\":\"https:\/\/vieassociative.be\/actualites\/#website\",\"url\":\"https:\/\/vieassociative.be\/actualites\/\",\"name\":\"Vie Associative\",\"description\":\"\",\"publisher\":{\"@id\":\"https:\/\/vieassociative.be\/actualites\/#organization\"},\"potentialAction\":[{\"@type\":\"SearchAction\",\"target\":{\"@type\":\"EntryPoint\",\"urlTemplate\":\"https:\/\/vieassociative.be\/actualites\/?s={search_term_string}\"},\"query-input\":{\"@type\":\"PropertyValueSpecification\",\"valueRequired\":true,\"valueName\":\"search_term_string\"}}],\"inLanguage\":\"fr-BE\"},{\"@type\":\"Organization\",\"@id\":\"https:\/\/vieassociative.be\/actualites\/#organization\",\"name\":\"Vie Associative\",\"url\":\"https:\/\/vieassociative.be\/actualites\/\",\"logo\":{\"@type\":\"ImageObject\",\"inLanguage\":\"fr-BE\",\"@id\":\"https:\/\/vieassociative.be\/actualites\/#\/schema\/logo\/image\/\",\"url\":\"https:\/\/vieassociative.be\/actualites\/wp-content\/uploads\/2024\/09\/cropped-vieassociative_favicon.ico.png\",\"contentUrl\":\"https:\/\/vieassociative.be\/actualites\/wp-content\/uploads\/2024\/09\/cropped-vieassociative_favicon.ico.png\",\"width\":512,\"height\":512,\"caption\":\"Vie Associative\"},\"image\":{\"@id\":\"https:\/\/vieassociative.be\/actualites\/#\/schema\/logo\/image\/\"}},{\"@type\":\"Person\",\"@id\":\"https:\/\/vieassociative.be\/actualites\/#\/schema\/person\/b87ac4f82f9d4e7b7cec7395b679edc4\",\"name\":\"Julien\",\"image\":{\"@type\":\"ImageObject\",\"inLanguage\":\"fr-BE\",\"@id\":\"https:\/\/vieassociative.be\/actualites\/#\/schema\/person\/image\/\",\"url\":\"https:\/\/vieassociative.be\/actualites\/wp-content\/uploads\/2024\/09\/vie-associative-1-150x150.jpg\",\"contentUrl\":\"https:\/\/vieassociative.be\/actualites\/wp-content\/uploads\/2024\/09\/vie-associative-1-150x150.jpg\",\"caption\":\"Julien\"},\"description\":\"Je suis Julien, r\u00e9dacteur pour Vie Associative. Passionn\u00e9 par le monde associatif depuis plus de 10 ans, j'ai \u00e0 c\u0153ur de partager des histoires inspirantes et de mettre en lumi\u00e8re les initiatives locales. Mon objectif est de sensibiliser et d'encourager l'engagement communautaire \u00e0 travers mes articles.\",\"sameAs\":[\"https:\/\/vieassociative.be\/\"]}]}<\/script>\n<!-- \/ Yoast SEO plugin. -->","yoast_head_json":{"title":"Vous pouvez obtenir Microsoft Visual Studio Pro pour seulement 10 $ pour le Black Friday | Vie Associative","robots":{"index":"index","follow":"follow","max-snippet":"max-snippet:-1","max-image-preview":"max-image-preview:large","max-video-preview":"max-video-preview:-1"},"canonical":"https:\/\/vieassociative.be\/actualites\/vous-pouvez-obtenir-microsoft-visual-studio-pro-pour-seulement-10-pour-le-black-friday\/","og_locale":"fr_FR","og_type":"article","og_title":"Vous pouvez obtenir Microsoft Visual Studio Pro pour seulement 10 $ pour le Black Friday | Vie Associative","og_description":"Pour seulement 10 $, vous pouvez essayer un environnement de d\u00e9veloppement enti\u00e8rement charg\u00e9 avec des fonctionnalit\u00e9s qui rendent le codage plus rapide, plus propre et","og_url":"https:\/\/vieassociative.be\/actualites\/vous-pouvez-obtenir-microsoft-visual-studio-pro-pour-seulement-10-pour-le-black-friday\/","og_site_name":"Vie Associative","article_published_time":"2025-11-29T19:17:30+00:00","og_image":[{"width":279,"height":92,"url":"https:\/\/vieassociative.be\/actualites\/wp-content\/uploads\/2024\/09\/header_backgroundk-01-e1726694325946.png","type":"image\/png"}],"author":"Julien","twitter_card":"summary_large_image","twitter_misc":{"\u00c9crit par":"Julien","Dur\u00e9e de lecture est.":"3 minutes"},"schema":{"@context":"https:\/\/schema.org","@graph":[{"@type":"Article","@id":"https:\/\/vieassociative.be\/actualites\/vous-pouvez-obtenir-microsoft-visual-studio-pro-pour-seulement-10-pour-le-black-friday\/#article","isPartOf":{"@id":"https:\/\/vieassociative.be\/actualites\/vous-pouvez-obtenir-microsoft-visual-studio-pro-pour-seulement-10-pour-le-black-friday\/"},"author":{"name":"Julien","@id":"https:\/\/vieassociative.be\/actualites\/#\/schema\/person\/b87ac4f82f9d4e7b7cec7395b679edc4"},"headline":"Vous pouvez obtenir Microsoft Visual Studio Pro pour seulement 10 $ pour le Black Friday","datePublished":"2025-11-29T19:17:30+00:00","dateModified":"2025-11-29T19:17:30+00:00","mainEntityOfPage":{"@id":"https:\/\/vieassociative.be\/actualites\/vous-pouvez-obtenir-microsoft-visual-studio-pro-pour-seulement-10-pour-le-black-friday\/"},"wordCount":598,"publisher":{"@id":"https:\/\/vieassociative.be\/actualites\/#organization"},"image":{"@id":"https:\/\/vieassociative.be\/actualites\/vous-pouvez-obtenir-microsoft-visual-studio-pro-pour-seulement-10-pour-le-black-friday\/#primaryimage"},"thumbnailUrl":"https:\/\/vieassociative.be\/actualites\/wp-content\/uploads\/2025\/11\/Vous-pouvez-obtenir-Microsoft-Visual-Studio-Pro-pour-seulement-10.png","keywords":["Black","Friday","Microsoft","obtenir","pour","pouvez","Pro","seulement","Studio","Visual","Vous"],"articleSection":["Technologie"],"inLanguage":"fr-BE"},{"@type":"WebPage","@id":"https:\/\/vieassociative.be\/actualites\/vous-pouvez-obtenir-microsoft-visual-studio-pro-pour-seulement-10-pour-le-black-friday\/","url":"https:\/\/vieassociative.be\/actualites\/vous-pouvez-obtenir-microsoft-visual-studio-pro-pour-seulement-10-pour-le-black-friday\/","name":"Vous pouvez obtenir Microsoft Visual Studio Pro pour seulement 10 $ pour le Black Friday | Vie Associative","isPartOf":{"@id":"https:\/\/vieassociative.be\/actualites\/#website"},"primaryImageOfPage":{"@id":"https:\/\/vieassociative.be\/actualites\/vous-pouvez-obtenir-microsoft-visual-studio-pro-pour-seulement-10-pour-le-black-friday\/#primaryimage"},"image":{"@id":"https:\/\/vieassociative.be\/actualites\/vous-pouvez-obtenir-microsoft-visual-studio-pro-pour-seulement-10-pour-le-black-friday\/#primaryimage"},"thumbnailUrl":"https:\/\/vieassociative.be\/actualites\/wp-content\/uploads\/2025\/11\/Vous-pouvez-obtenir-Microsoft-Visual-Studio-Pro-pour-seulement-10.png","datePublished":"2025-11-29T19:17:30+00:00","dateModified":"2025-11-29T19:17:30+00:00","breadcrumb":{"@id":"https:\/\/vieassociative.be\/actualites\/vous-pouvez-obtenir-microsoft-visual-studio-pro-pour-seulement-10-pour-le-black-friday\/#breadcrumb"},"inLanguage":"fr-BE","potentialAction":[{"@type":"ReadAction","target":["https:\/\/vieassociative.be\/actualites\/vous-pouvez-obtenir-microsoft-visual-studio-pro-pour-seulement-10-pour-le-black-friday\/"]}]},{"@type":"ImageObject","inLanguage":"fr-BE","@id":"https:\/\/vieassociative.be\/actualites\/vous-pouvez-obtenir-microsoft-visual-studio-pro-pour-seulement-10-pour-le-black-friday\/#primaryimage","url":"https:\/\/vieassociative.be\/actualites\/wp-content\/uploads\/2025\/11\/Vous-pouvez-obtenir-Microsoft-Visual-Studio-Pro-pour-seulement-10.png","contentUrl":"https:\/\/vieassociative.be\/actualites\/wp-content\/uploads\/2025\/11\/Vous-pouvez-obtenir-Microsoft-Visual-Studio-Pro-pour-seulement-10.png","width":1200,"height":675,"caption":"Vous pouvez obtenir Microsoft Visual Studio Pro pour seulement 10 $ pour le Black Friday"},{"@type":"BreadcrumbList","@id":"https:\/\/vieassociative.be\/actualites\/vous-pouvez-obtenir-microsoft-visual-studio-pro-pour-seulement-10-pour-le-black-friday\/#breadcrumb","itemListElement":[{"@type":"ListItem","position":1,"name":"Accueil","item":"https:\/\/vieassociative.be\/actualites\/"},{"@type":"ListItem","position":2,"name":"Vous pouvez obtenir Microsoft Visual Studio Pro pour seulement 10 $ pour le Black Friday"}]},{"@type":"WebSite","@id":"https:\/\/vieassociative.be\/actualites\/#website","url":"https:\/\/vieassociative.be\/actualites\/","name":"Vie Associative","description":"","publisher":{"@id":"https:\/\/vieassociative.be\/actualites\/#organization"},"potentialAction":[{"@type":"SearchAction","target":{"@type":"EntryPoint","urlTemplate":"https:\/\/vieassociative.be\/actualites\/?s={search_term_string}"},"query-input":{"@type":"PropertyValueSpecification","valueRequired":true,"valueName":"search_term_string"}}],"inLanguage":"fr-BE"},{"@type":"Organization","@id":"https:\/\/vieassociative.be\/actualites\/#organization","name":"Vie Associative","url":"https:\/\/vieassociative.be\/actualites\/","logo":{"@type":"ImageObject","inLanguage":"fr-BE","@id":"https:\/\/vieassociative.be\/actualites\/#\/schema\/logo\/image\/","url":"https:\/\/vieassociative.be\/actualites\/wp-content\/uploads\/2024\/09\/cropped-vieassociative_favicon.ico.png","contentUrl":"https:\/\/vieassociative.be\/actualites\/wp-content\/uploads\/2024\/09\/cropped-vieassociative_favicon.ico.png","width":512,"height":512,"caption":"Vie Associative"},"image":{"@id":"https:\/\/vieassociative.be\/actualites\/#\/schema\/logo\/image\/"}},{"@type":"Person","@id":"https:\/\/vieassociative.be\/actualites\/#\/schema\/person\/b87ac4f82f9d4e7b7cec7395b679edc4","name":"Julien","image":{"@type":"ImageObject","inLanguage":"fr-BE","@id":"https:\/\/vieassociative.be\/actualites\/#\/schema\/person\/image\/","url":"https:\/\/vieassociative.be\/actualites\/wp-content\/uploads\/2024\/09\/vie-associative-1-150x150.jpg","contentUrl":"https:\/\/vieassociative.be\/actualites\/wp-content\/uploads\/2024\/09\/vie-associative-1-150x150.jpg","caption":"Julien"},"description":"Je suis Julien, r\u00e9dacteur pour Vie Associative. Passionn\u00e9 par le monde associatif depuis plus de 10 ans, j'ai \u00e0 c\u0153ur de partager des histoires inspirantes et de mettre en lumi\u00e8re les initiatives locales. Mon objectif est de sensibiliser et d'encourager l'engagement communautaire \u00e0 travers mes articles.","sameAs":["https:\/\/vieassociative.be\/"]}]}},"_links":{"self":[{"href":"https:\/\/vieassociative.be\/actualites\/wp-json\/wp\/v2\/posts\/11612"}],"collection":[{"href":"https:\/\/vieassociative.be\/actualites\/wp-json\/wp\/v2\/posts"}],"about":[{"href":"https:\/\/vieassociative.be\/actualites\/wp-json\/wp\/v2\/types\/post"}],"author":[{"embeddable":true,"href":"https:\/\/vieassociative.be\/actualites\/wp-json\/wp\/v2\/users\/1"}],"replies":[{"embeddable":true,"href":"https:\/\/vieassociative.be\/actualites\/wp-json\/wp\/v2\/comments?post=11612"}],"version-history":[{"count":0,"href":"https:\/\/vieassociative.be\/actualites\/wp-json\/wp\/v2\/posts\/11612\/revisions"}],"wp:featuredmedia":[{"embeddable":true,"href":"https:\/\/vieassociative.be\/actualites\/wp-json\/wp\/v2\/media\/11613"}],"wp:attachment":[{"href":"https:\/\/vieassociative.be\/actualites\/wp-json\/wp\/v2\/media?parent=11612"}],"wp:term":[{"taxonomy":"category","embeddable":true,"href":"https:\/\/vieassociative.be\/actualites\/wp-json\/wp\/v2\/categories?post=11612"},{"taxonomy":"post_tag","embeddable":true,"href":"https:\/\/vieassociative.be\/actualites\/wp-json\/wp\/v2\/tags?post=11612"}],"curies":[{"name":"wp","href":"https:\/\/api.w.org\/{rel}","templated":true}]}}