{"id":11610,"date":"2025-11-29T15:17:18","date_gmt":"2025-11-29T14:17:18","guid":{"rendered":"https:\/\/vieassociative.be\/actualites\/neuville-sauve-sa-saison-avec-une-victoire-lors-de-la-derniere-course\/"},"modified":"2025-11-29T15:17:18","modified_gmt":"2025-11-29T14:17:18","slug":"neuville-sauve-sa-saison-avec-une-victoire-lors-de-la-derniere-course","status":"publish","type":"post","link":"https:\/\/vieassociative.be\/actualites\/neuville-sauve-sa-saison-avec-une-victoire-lors-de-la-derniere-course\/","title":{"rendered":"Neuville sauve sa saison avec une victoire lors de la derni\u00e8re course"},"content":{"rendered":"<p><strong>Thierry Neuville a r\u00e9ussi \u00e0 sauver sa saison en remportant sa derni\u00e8re course en tant que Champion du Monde des Rallyes en titre. S\u00e9bastien Ogier remporte son 9\u00e8me titre en Arabie Saoudite et rejoint la l\u00e9gende S\u00e9bastien Loeb.<\/strong><\/p>\n<p><span id=\"more-430692\"><\/span>S\u00e9bastien Ogier a \u00e9gal\u00e9 le record de S\u00e9bastien Loeb avec son neuvi\u00e8me titre de champion du monde en Championnat du Monde des Rallyes (WRC). Le Fran\u00e7ais s&rsquo;est montr\u00e9 confiant d\u00e8s le d\u00e9part et a d\u00e9montr\u00e9 sa sup\u00e9riorit\u00e9 dans les premiers temps interm\u00e9diaires de la deuxi\u00e8me sp\u00e9ciale du jour.<\/p>\n<div id=\"attachment_430697\" class=\"wp-caption alignleft\" style=\"max-width: 300px\"><img fetchpriority=\"high\" decoding=\"async\" class=\"wp-image-430697 size-medium\" src=\"https:\/\/vieassociative.be\/actualites\/wp-content\/uploads\/2025\/11\/Neuville-sauve-sa-saison-avec-une-victoire-lors-de-la.jpg\" alt=\"\" width=\"300\" height=\"200\"  ><\/div>\n<p>Ogier a ensuite \u00e9t\u00e9 aid\u00e9 par le sort lorsque plusieurs de ses concurrents ont subi des crevaisons, le faisant passer de la sixi\u00e8me \u00e0 la troisi\u00e8me place du classement. Il ne lui restait plus qu&rsquo;\u00e0 franchir la Power Stage et \u00e9viter les ennuis pour remporter son neuvi\u00e8me titre mondial et \u00e9galer le record de son compatriote S\u00e9bastien Loeb.<\/p>\n<p>Une performance impressionnante de la part du pilote de 41 ans, qui n&rsquo;a pris part qu&rsquo;\u00e0 11 des 14 manches du championnat cette saison. Ses statistiques sont impressionnantes : six victoires, deux deuxi\u00e8mes places, deux troisi\u00e8mes places et un abandon.<\/p>\n<p>Elfyn Evans \u00e9choue encore dans sa qu\u00eate du titre et devient vice-champion pour la cinqui\u00e8me fois de sa carri\u00e8re.<\/p>\n<p>Thierry Neuville (Hyundai), en difficult\u00e9 toute la saison, a remport\u00e9 une victoire inattendue ce week-end. Comme Ogier, Neuville profitait des difficult\u00e9s de ses concurrents pour les d\u00e9passer un \u00e0 un. Le natif de Saint-Vith et son copilote Martijn Wydaeghe ont sauv\u00e9 leur saison avec une victoire inattendue, un an apr\u00e8s leur titre de champion du monde. Toyota avait d\u00e9j\u00e0 remport\u00e9 le championnat des constructeurs en Europe centrale il y a plus d&rsquo;un mois. (cr\u00e9er)<\/p>\n","protected":false},"excerpt":{"rendered":"<p>Thierry Neuville a r\u00e9ussi \u00e0 sauver sa saison en remportant sa derni\u00e8re course en tant que Champion du Monde des Rallyes en titre. S\u00e9bastien Ogier<\/p>\n","protected":false},"author":1,"featured_media":11611,"comment_status":"","ping_status":"","sticky":false,"template":"","format":"standard","meta":{"footnotes":""},"categories":[298],"tags":[61,139,353,3339,690,3773,110,784],"class_list":["post-11610","post","type-post","status-publish","format-standard","has-post-thumbnail","hentry","category-belgique","tag-avec","tag-derniere","tag-lors","tag-neuville","tag-saison","tag-sauve","tag-une","tag-victoire","generate-columns","tablet-grid-50","mobile-grid-100","grid-parent","grid-33"],"yoast_head":"<!-- This site is optimized with the Yoast SEO plugin v24.0 - https:\/\/yoast.com\/wordpress\/plugins\/seo\/ -->\n<title>Neuville sauve sa saison avec une victoire lors de la derni\u00e8re course | Vie Associative<\/title>\n<meta name=\"robots\" content=\"index, follow, max-snippet:-1, max-image-preview:large, max-video-preview:-1\" \/>\n<link rel=\"canonical\" href=\"https:\/\/vieassociative.be\/actualites\/neuville-sauve-sa-saison-avec-une-victoire-lors-de-la-derniere-course\/\" \/>\n<meta property=\"og:locale\" content=\"fr_FR\" \/>\n<meta property=\"og:type\" content=\"article\" \/>\n<meta property=\"og:title\" content=\"Neuville sauve sa saison avec une victoire lors de la derni\u00e8re course | Vie Associative\" \/>\n<meta property=\"og:description\" content=\"Thierry Neuville a r\u00e9ussi \u00e0 sauver sa saison en remportant sa derni\u00e8re course en tant que Champion du Monde des Rallyes en titre. S\u00e9bastien Ogier\" \/>\n<meta property=\"og:url\" content=\"https:\/\/vieassociative.be\/actualites\/neuville-sauve-sa-saison-avec-une-victoire-lors-de-la-derniere-course\/\" \/>\n<meta property=\"og:site_name\" content=\"Vie Associative\" \/>\n<meta property=\"article:published_time\" content=\"2025-11-29T14:17:18+00:00\" \/>\n<meta property=\"og:image\" content=\"https:\/\/vieassociative.be\/actualites\/wp-content\/uploads\/2024\/09\/header_backgroundk-01-e1726694325946.png\" \/>\n\t<meta property=\"og:image:width\" content=\"279\" \/>\n\t<meta property=\"og:image:height\" content=\"92\" \/>\n\t<meta property=\"og:image:type\" content=\"image\/png\" \/>\n<meta name=\"author\" content=\"Julien\" \/>\n<meta name=\"twitter:card\" content=\"summary_large_image\" \/>\n<meta name=\"twitter:label1\" content=\"\u00c9crit par\" \/>\n\t<meta name=\"twitter:data1\" content=\"Julien\" \/>\n\t<meta name=\"twitter:label2\" content=\"Dur\u00e9e de lecture est.\" \/>\n\t<meta name=\"twitter:data2\" content=\"2 minutes\" \/>\n<script type=\"application\/ld+json\" class=\"yoast-schema-graph\">{\"@context\":\"https:\/\/schema.org\",\"@graph\":[{\"@type\":\"Article\",\"@id\":\"https:\/\/vieassociative.be\/actualites\/neuville-sauve-sa-saison-avec-une-victoire-lors-de-la-derniere-course\/#article\",\"isPartOf\":{\"@id\":\"https:\/\/vieassociative.be\/actualites\/neuville-sauve-sa-saison-avec-une-victoire-lors-de-la-derniere-course\/\"},\"author\":{\"name\":\"Julien\",\"@id\":\"https:\/\/vieassociative.be\/actualites\/#\/schema\/person\/b87ac4f82f9d4e7b7cec7395b679edc4\"},\"headline\":\"Neuville sauve sa saison avec une victoire lors de la derni\u00e8re course\",\"datePublished\":\"2025-11-29T14:17:18+00:00\",\"dateModified\":\"2025-11-29T14:17:18+00:00\",\"mainEntityOfPage\":{\"@id\":\"https:\/\/vieassociative.be\/actualites\/neuville-sauve-sa-saison-avec-une-victoire-lors-de-la-derniere-course\/\"},\"wordCount\":316,\"publisher\":{\"@id\":\"https:\/\/vieassociative.be\/actualites\/#organization\"},\"image\":{\"@id\":\"https:\/\/vieassociative.be\/actualites\/neuville-sauve-sa-saison-avec-une-victoire-lors-de-la-derniere-course\/#primaryimage\"},\"thumbnailUrl\":\"https:\/\/vieassociative.be\/actualites\/wp-content\/uploads\/2025\/11\/1764425839_Neuville-sauve-sa-saison-avec-une-victoire-lors-de-la.jpg\",\"keywords\":[\"avec\",\"derni\u00e8re\",\"lors\",\"Neuville\",\"Saison\",\"sauve\",\"une\",\"victoire\"],\"articleSection\":[\"Belgique\"],\"inLanguage\":\"fr-BE\"},{\"@type\":\"WebPage\",\"@id\":\"https:\/\/vieassociative.be\/actualites\/neuville-sauve-sa-saison-avec-une-victoire-lors-de-la-derniere-course\/\",\"url\":\"https:\/\/vieassociative.be\/actualites\/neuville-sauve-sa-saison-avec-une-victoire-lors-de-la-derniere-course\/\",\"name\":\"Neuville sauve sa saison avec une victoire lors de la derni\u00e8re course | Vie Associative\",\"isPartOf\":{\"@id\":\"https:\/\/vieassociative.be\/actualites\/#website\"},\"primaryImageOfPage\":{\"@id\":\"https:\/\/vieassociative.be\/actualites\/neuville-sauve-sa-saison-avec-une-victoire-lors-de-la-derniere-course\/#primaryimage\"},\"image\":{\"@id\":\"https:\/\/vieassociative.be\/actualites\/neuville-sauve-sa-saison-avec-une-victoire-lors-de-la-derniere-course\/#primaryimage\"},\"thumbnailUrl\":\"https:\/\/vieassociative.be\/actualites\/wp-content\/uploads\/2025\/11\/1764425839_Neuville-sauve-sa-saison-avec-une-victoire-lors-de-la.jpg\",\"datePublished\":\"2025-11-29T14:17:18+00:00\",\"dateModified\":\"2025-11-29T14:17:18+00:00\",\"breadcrumb\":{\"@id\":\"https:\/\/vieassociative.be\/actualites\/neuville-sauve-sa-saison-avec-une-victoire-lors-de-la-derniere-course\/#breadcrumb\"},\"inLanguage\":\"fr-BE\",\"potentialAction\":[{\"@type\":\"ReadAction\",\"target\":[\"https:\/\/vieassociative.be\/actualites\/neuville-sauve-sa-saison-avec-une-victoire-lors-de-la-derniere-course\/\"]}]},{\"@type\":\"ImageObject\",\"inLanguage\":\"fr-BE\",\"@id\":\"https:\/\/vieassociative.be\/actualites\/neuville-sauve-sa-saison-avec-une-victoire-lors-de-la-derniere-course\/#primaryimage\",\"url\":\"https:\/\/vieassociative.be\/actualites\/wp-content\/uploads\/2025\/11\/1764425839_Neuville-sauve-sa-saison-avec-une-victoire-lors-de-la.jpg\",\"contentUrl\":\"https:\/\/vieassociative.be\/actualites\/wp-content\/uploads\/2025\/11\/1764425839_Neuville-sauve-sa-saison-avec-une-victoire-lors-de-la.jpg\",\"width\":1300,\"height\":867,\"caption\":\"Neuville sauve sa saison avec une victoire lors de la derni\u00e8re course\"},{\"@type\":\"BreadcrumbList\",\"@id\":\"https:\/\/vieassociative.be\/actualites\/neuville-sauve-sa-saison-avec-une-victoire-lors-de-la-derniere-course\/#breadcrumb\",\"itemListElement\":[{\"@type\":\"ListItem\",\"position\":1,\"name\":\"Accueil\",\"item\":\"https:\/\/vieassociative.be\/actualites\/\"},{\"@type\":\"ListItem\",\"position\":2,\"name\":\"Neuville sauve sa saison avec une victoire lors de la derni\u00e8re course\"}]},{\"@type\":\"WebSite\",\"@id\":\"https:\/\/vieassociative.be\/actualites\/#website\",\"url\":\"https:\/\/vieassociative.be\/actualites\/\",\"name\":\"Vie Associative\",\"description\":\"\",\"publisher\":{\"@id\":\"https:\/\/vieassociative.be\/actualites\/#organization\"},\"potentialAction\":[{\"@type\":\"SearchAction\",\"target\":{\"@type\":\"EntryPoint\",\"urlTemplate\":\"https:\/\/vieassociative.be\/actualites\/?s={search_term_string}\"},\"query-input\":{\"@type\":\"PropertyValueSpecification\",\"valueRequired\":true,\"valueName\":\"search_term_string\"}}],\"inLanguage\":\"fr-BE\"},{\"@type\":\"Organization\",\"@id\":\"https:\/\/vieassociative.be\/actualites\/#organization\",\"name\":\"Vie Associative\",\"url\":\"https:\/\/vieassociative.be\/actualites\/\",\"logo\":{\"@type\":\"ImageObject\",\"inLanguage\":\"fr-BE\",\"@id\":\"https:\/\/vieassociative.be\/actualites\/#\/schema\/logo\/image\/\",\"url\":\"https:\/\/vieassociative.be\/actualites\/wp-content\/uploads\/2024\/09\/cropped-vieassociative_favicon.ico.png\",\"contentUrl\":\"https:\/\/vieassociative.be\/actualites\/wp-content\/uploads\/2024\/09\/cropped-vieassociative_favicon.ico.png\",\"width\":512,\"height\":512,\"caption\":\"Vie Associative\"},\"image\":{\"@id\":\"https:\/\/vieassociative.be\/actualites\/#\/schema\/logo\/image\/\"}},{\"@type\":\"Person\",\"@id\":\"https:\/\/vieassociative.be\/actualites\/#\/schema\/person\/b87ac4f82f9d4e7b7cec7395b679edc4\",\"name\":\"Julien\",\"image\":{\"@type\":\"ImageObject\",\"inLanguage\":\"fr-BE\",\"@id\":\"https:\/\/vieassociative.be\/actualites\/#\/schema\/person\/image\/\",\"url\":\"https:\/\/vieassociative.be\/actualites\/wp-content\/uploads\/2024\/09\/vie-associative-1-150x150.jpg\",\"contentUrl\":\"https:\/\/vieassociative.be\/actualites\/wp-content\/uploads\/2024\/09\/vie-associative-1-150x150.jpg\",\"caption\":\"Julien\"},\"description\":\"Je suis Julien, r\u00e9dacteur pour Vie Associative. Passionn\u00e9 par le monde associatif depuis plus de 10 ans, j'ai \u00e0 c\u0153ur de partager des histoires inspirantes et de mettre en lumi\u00e8re les initiatives locales. Mon objectif est de sensibiliser et d'encourager l'engagement communautaire \u00e0 travers mes articles.\",\"sameAs\":[\"https:\/\/vieassociative.be\/\"]}]}<\/script>\n<!-- \/ Yoast SEO plugin. -->","yoast_head_json":{"title":"Neuville sauve sa saison avec une victoire lors de la derni\u00e8re course | Vie Associative","robots":{"index":"index","follow":"follow","max-snippet":"max-snippet:-1","max-image-preview":"max-image-preview:large","max-video-preview":"max-video-preview:-1"},"canonical":"https:\/\/vieassociative.be\/actualites\/neuville-sauve-sa-saison-avec-une-victoire-lors-de-la-derniere-course\/","og_locale":"fr_FR","og_type":"article","og_title":"Neuville sauve sa saison avec une victoire lors de la derni\u00e8re course | Vie Associative","og_description":"Thierry Neuville a r\u00e9ussi \u00e0 sauver sa saison en remportant sa derni\u00e8re course en tant que Champion du Monde des Rallyes en titre. S\u00e9bastien Ogier","og_url":"https:\/\/vieassociative.be\/actualites\/neuville-sauve-sa-saison-avec-une-victoire-lors-de-la-derniere-course\/","og_site_name":"Vie Associative","article_published_time":"2025-11-29T14:17:18+00:00","og_image":[{"width":279,"height":92,"url":"https:\/\/vieassociative.be\/actualites\/wp-content\/uploads\/2024\/09\/header_backgroundk-01-e1726694325946.png","type":"image\/png"}],"author":"Julien","twitter_card":"summary_large_image","twitter_misc":{"\u00c9crit par":"Julien","Dur\u00e9e de lecture est.":"2 minutes"},"schema":{"@context":"https:\/\/schema.org","@graph":[{"@type":"Article","@id":"https:\/\/vieassociative.be\/actualites\/neuville-sauve-sa-saison-avec-une-victoire-lors-de-la-derniere-course\/#article","isPartOf":{"@id":"https:\/\/vieassociative.be\/actualites\/neuville-sauve-sa-saison-avec-une-victoire-lors-de-la-derniere-course\/"},"author":{"name":"Julien","@id":"https:\/\/vieassociative.be\/actualites\/#\/schema\/person\/b87ac4f82f9d4e7b7cec7395b679edc4"},"headline":"Neuville sauve sa saison avec une victoire lors de la derni\u00e8re course","datePublished":"2025-11-29T14:17:18+00:00","dateModified":"2025-11-29T14:17:18+00:00","mainEntityOfPage":{"@id":"https:\/\/vieassociative.be\/actualites\/neuville-sauve-sa-saison-avec-une-victoire-lors-de-la-derniere-course\/"},"wordCount":316,"publisher":{"@id":"https:\/\/vieassociative.be\/actualites\/#organization"},"image":{"@id":"https:\/\/vieassociative.be\/actualites\/neuville-sauve-sa-saison-avec-une-victoire-lors-de-la-derniere-course\/#primaryimage"},"thumbnailUrl":"https:\/\/vieassociative.be\/actualites\/wp-content\/uploads\/2025\/11\/1764425839_Neuville-sauve-sa-saison-avec-une-victoire-lors-de-la.jpg","keywords":["avec","derni\u00e8re","lors","Neuville","Saison","sauve","une","victoire"],"articleSection":["Belgique"],"inLanguage":"fr-BE"},{"@type":"WebPage","@id":"https:\/\/vieassociative.be\/actualites\/neuville-sauve-sa-saison-avec-une-victoire-lors-de-la-derniere-course\/","url":"https:\/\/vieassociative.be\/actualites\/neuville-sauve-sa-saison-avec-une-victoire-lors-de-la-derniere-course\/","name":"Neuville sauve sa saison avec une victoire lors de la derni\u00e8re course | Vie Associative","isPartOf":{"@id":"https:\/\/vieassociative.be\/actualites\/#website"},"primaryImageOfPage":{"@id":"https:\/\/vieassociative.be\/actualites\/neuville-sauve-sa-saison-avec-une-victoire-lors-de-la-derniere-course\/#primaryimage"},"image":{"@id":"https:\/\/vieassociative.be\/actualites\/neuville-sauve-sa-saison-avec-une-victoire-lors-de-la-derniere-course\/#primaryimage"},"thumbnailUrl":"https:\/\/vieassociative.be\/actualites\/wp-content\/uploads\/2025\/11\/1764425839_Neuville-sauve-sa-saison-avec-une-victoire-lors-de-la.jpg","datePublished":"2025-11-29T14:17:18+00:00","dateModified":"2025-11-29T14:17:18+00:00","breadcrumb":{"@id":"https:\/\/vieassociative.be\/actualites\/neuville-sauve-sa-saison-avec-une-victoire-lors-de-la-derniere-course\/#breadcrumb"},"inLanguage":"fr-BE","potentialAction":[{"@type":"ReadAction","target":["https:\/\/vieassociative.be\/actualites\/neuville-sauve-sa-saison-avec-une-victoire-lors-de-la-derniere-course\/"]}]},{"@type":"ImageObject","inLanguage":"fr-BE","@id":"https:\/\/vieassociative.be\/actualites\/neuville-sauve-sa-saison-avec-une-victoire-lors-de-la-derniere-course\/#primaryimage","url":"https:\/\/vieassociative.be\/actualites\/wp-content\/uploads\/2025\/11\/1764425839_Neuville-sauve-sa-saison-avec-une-victoire-lors-de-la.jpg","contentUrl":"https:\/\/vieassociative.be\/actualites\/wp-content\/uploads\/2025\/11\/1764425839_Neuville-sauve-sa-saison-avec-une-victoire-lors-de-la.jpg","width":1300,"height":867,"caption":"Neuville sauve sa saison avec une victoire lors de la derni\u00e8re course"},{"@type":"BreadcrumbList","@id":"https:\/\/vieassociative.be\/actualites\/neuville-sauve-sa-saison-avec-une-victoire-lors-de-la-derniere-course\/#breadcrumb","itemListElement":[{"@type":"ListItem","position":1,"name":"Accueil","item":"https:\/\/vieassociative.be\/actualites\/"},{"@type":"ListItem","position":2,"name":"Neuville sauve sa saison avec une victoire lors de la derni\u00e8re course"}]},{"@type":"WebSite","@id":"https:\/\/vieassociative.be\/actualites\/#website","url":"https:\/\/vieassociative.be\/actualites\/","name":"Vie Associative","description":"","publisher":{"@id":"https:\/\/vieassociative.be\/actualites\/#organization"},"potentialAction":[{"@type":"SearchAction","target":{"@type":"EntryPoint","urlTemplate":"https:\/\/vieassociative.be\/actualites\/?s={search_term_string}"},"query-input":{"@type":"PropertyValueSpecification","valueRequired":true,"valueName":"search_term_string"}}],"inLanguage":"fr-BE"},{"@type":"Organization","@id":"https:\/\/vieassociative.be\/actualites\/#organization","name":"Vie Associative","url":"https:\/\/vieassociative.be\/actualites\/","logo":{"@type":"ImageObject","inLanguage":"fr-BE","@id":"https:\/\/vieassociative.be\/actualites\/#\/schema\/logo\/image\/","url":"https:\/\/vieassociative.be\/actualites\/wp-content\/uploads\/2024\/09\/cropped-vieassociative_favicon.ico.png","contentUrl":"https:\/\/vieassociative.be\/actualites\/wp-content\/uploads\/2024\/09\/cropped-vieassociative_favicon.ico.png","width":512,"height":512,"caption":"Vie Associative"},"image":{"@id":"https:\/\/vieassociative.be\/actualites\/#\/schema\/logo\/image\/"}},{"@type":"Person","@id":"https:\/\/vieassociative.be\/actualites\/#\/schema\/person\/b87ac4f82f9d4e7b7cec7395b679edc4","name":"Julien","image":{"@type":"ImageObject","inLanguage":"fr-BE","@id":"https:\/\/vieassociative.be\/actualites\/#\/schema\/person\/image\/","url":"https:\/\/vieassociative.be\/actualites\/wp-content\/uploads\/2024\/09\/vie-associative-1-150x150.jpg","contentUrl":"https:\/\/vieassociative.be\/actualites\/wp-content\/uploads\/2024\/09\/vie-associative-1-150x150.jpg","caption":"Julien"},"description":"Je suis Julien, r\u00e9dacteur pour Vie Associative. Passionn\u00e9 par le monde associatif depuis plus de 10 ans, j'ai \u00e0 c\u0153ur de partager des histoires inspirantes et de mettre en lumi\u00e8re les initiatives locales. Mon objectif est de sensibiliser et d'encourager l'engagement communautaire \u00e0 travers mes articles.","sameAs":["https:\/\/vieassociative.be\/"]}]}},"_links":{"self":[{"href":"https:\/\/vieassociative.be\/actualites\/wp-json\/wp\/v2\/posts\/11610"}],"collection":[{"href":"https:\/\/vieassociative.be\/actualites\/wp-json\/wp\/v2\/posts"}],"about":[{"href":"https:\/\/vieassociative.be\/actualites\/wp-json\/wp\/v2\/types\/post"}],"author":[{"embeddable":true,"href":"https:\/\/vieassociative.be\/actualites\/wp-json\/wp\/v2\/users\/1"}],"replies":[{"embeddable":true,"href":"https:\/\/vieassociative.be\/actualites\/wp-json\/wp\/v2\/comments?post=11610"}],"version-history":[{"count":0,"href":"https:\/\/vieassociative.be\/actualites\/wp-json\/wp\/v2\/posts\/11610\/revisions"}],"wp:featuredmedia":[{"embeddable":true,"href":"https:\/\/vieassociative.be\/actualites\/wp-json\/wp\/v2\/media\/11611"}],"wp:attachment":[{"href":"https:\/\/vieassociative.be\/actualites\/wp-json\/wp\/v2\/media?parent=11610"}],"wp:term":[{"taxonomy":"category","embeddable":true,"href":"https:\/\/vieassociative.be\/actualites\/wp-json\/wp\/v2\/categories?post=11610"},{"taxonomy":"post_tag","embeddable":true,"href":"https:\/\/vieassociative.be\/actualites\/wp-json\/wp\/v2\/tags?post=11610"}],"curies":[{"name":"wp","href":"https:\/\/api.w.org\/{rel}","templated":true}]}}