{"id":11608,"date":"2025-11-29T14:17:39","date_gmt":"2025-11-29T13:17:39","guid":{"rendered":"https:\/\/vieassociative.be\/actualites\/cet-accord-du-black-friday-reduit-le-prix-du-forfait-familial-dadguard-a-seulement-16\/"},"modified":"2025-11-29T14:17:39","modified_gmt":"2025-11-29T13:17:39","slug":"cet-accord-du-black-friday-reduit-le-prix-du-forfait-familial-dadguard-a-seulement-16","status":"publish","type":"post","link":"https:\/\/vieassociative.be\/actualites\/cet-accord-du-black-friday-reduit-le-prix-du-forfait-familial-dadguard-a-seulement-16\/","title":{"rendered":"Cet accord du Black Friday r\u00e9duit le prix du forfait familial d&rsquo;AdGuard \u00e0 seulement 16 $"},"content":{"rendered":"<div class=\"mt-4 leading-6 md:mb-8\">Cette vente AdGuard est un paiement unique pour bloquer les publicit\u00e9s et renforcer la confidentialit\u00e9 sur un maximum de neuf appareils.<\/div>\n<p><\/p>\n<p><em>Les ventes du Black Friday commencent officiellement le vendredi 28 novembre et se poursuivent jusqu&rsquo;au Cyber \u200b\u200bMonday, le 1er d\u00e9cembre, et Vie Associative partage les meilleures ventes bas\u00e9es sur des critiques de produits, des comparaisons et des outils de suivi des prix avant leur fin. <\/em><\/p>\n<ul>\n<li>\n<p><em>Suivez notre blog en direct<\/em><em>  pour rester au courant des meilleures ventes que nous trouvons.<\/em><\/p>\n<\/li>\n<li>\n<p><em>Parcourez les choix de nos r\u00e9dacteurs<\/em><em>  pour une liste organis\u00e9e de nos ventes pr\u00e9f\u00e9r\u00e9es sur les ordinateurs portables, les technologies de fitness, les appareils \u00e9lectrom\u00e9nagers et plus encore.<\/em><\/p>\n<\/li>\n<li>\n<p><em>Abonnez-vous \u00e0 notre newsletter shopping<\/em><em>Ajoutez au panier, pour les meilleures ventes envoy\u00e9es dans votre bo\u00eete de r\u00e9ception.<\/em><\/p>\n<\/li>\n<li>\n<p><em>Les ventes sont exactes au moment de la publication, mais les prix et les stocks sont toujours sujets \u00e0 changement. <\/em><\/p>\n<\/li>\n<\/ul>\n<hr>\n<p>Si vous en avez assez des sites Web qui vous bombardent de banni\u00e8res, de pop-ups, de trackers et de publicit\u00e9s, ce forfait familial AdGuard vaut le d\u00e9tour : il s&rsquo;agit d&rsquo;un abonnement \u00e0 vie actuellement en vente pour seulement 15,97 $ pour le Black Friday en appliquant le code promo FAMPLAN. La vente se d\u00e9roule jusqu\u2019au Cyber \u200b\u200bMonday. Il s&rsquo;agit d&rsquo;une dur\u00e9e de vie de blocage des publicit\u00e9s pour moins que ce que certains services facturent par mois, mais il n&rsquo;est disponible que pour les nouveaux utilisateurs et vous devrez utiliser votre code dans les 30 jours suivant son achat.<\/p>\n<p>Vous pouvez acc\u00e9der et utiliser ce plan sur neuf appareils, ce qui en fait un choix solide pour les familles ou toute personne jonglant avec plusieurs gadgets. Il fonctionne sous Windows (7 et versions ult\u00e9rieures), macOS (10.15 et versions ult\u00e9rieures), iOS (12 et versions ult\u00e9rieures) et Android (7 et versions ult\u00e9rieures), couvrant la plupart des configurations modernes. <\/p>\n<p>AdGuard va au-del\u00e0 du blocage des publicit\u00e9s standard en filtrant les pop-ups g\u00eanants, en arr\u00eatant la lecture automatique des vid\u00e9os et en bloquant les tentatives de phishing. Cela r\u00e9duit \u00e9galement les trackers qui vous suivent sur Internet, ce qui signifie moins de publicit\u00e9s cibl\u00e9es et un peu plus de confidentialit\u00e9. Contrairement aux bloqueurs de publicit\u00e9s bas\u00e9s sur un navigateur, AdGuard fonctionne au niveau du r\u00e9seau, lui permettant \u00e9galement de bloquer les publicit\u00e9s dans les applications et les jeux. La configuration est simple : vous recevrez votre code de remboursement par e-mail imm\u00e9diatement apr\u00e8s l&rsquo;achat, vous permettant de commencer \u00e0 l&rsquo;utiliser imm\u00e9diatement.<\/p>\n<p>Si vous \u00eates d\u00e9j\u00e0 un utilisateur d&rsquo;AdGuard, cette offre ne s&rsquo;appliquera pas \u00e0 vous, mais pour les nouveaux utilisateurs \u00e0 la recherche d&rsquo;une solution de paiement unique pour \u00e9viter les publicit\u00e9s et renforcer la confidentialit\u00e9 sur plusieurs appareils, cela pourrait \u00eatre l&rsquo;une des meilleures offres du Black Friday du moment.<\/p>\n","protected":false},"excerpt":{"rendered":"<p>Cette vente AdGuard est un paiement unique pour bloquer les publicit\u00e9s et renforcer la confidentialit\u00e9 sur un maximum de neuf appareils. Les ventes du Black<\/p>\n","protected":false},"author":1,"featured_media":11609,"comment_status":"","ping_status":"","sticky":false,"template":"","format":"standard","meta":{"footnotes":""},"categories":[13],"tags":[1628,73,216,5862,3294,9394,1255,1399,6022,2583],"class_list":["post-11608","post","type-post","status-publish","format-standard","has-post-thumbnail","hentry","category-technologie","tag-accord","tag-black","tag-cet","tag-dadguard","tag-familial","tag-forfait","tag-friday","tag-prix","tag-reduit","tag-seulement","generate-columns","tablet-grid-50","mobile-grid-100","grid-parent","grid-33"],"yoast_head":"<!-- This site is optimized with the Yoast SEO plugin v24.0 - https:\/\/yoast.com\/wordpress\/plugins\/seo\/ -->\n<title>Cet accord du Black Friday r\u00e9duit le prix du forfait familial d&#039;AdGuard \u00e0 seulement 16 $ | Vie Associative<\/title>\n<meta name=\"robots\" content=\"index, follow, max-snippet:-1, max-image-preview:large, max-video-preview:-1\" \/>\n<link rel=\"canonical\" href=\"https:\/\/vieassociative.be\/actualites\/cet-accord-du-black-friday-reduit-le-prix-du-forfait-familial-dadguard-a-seulement-16\/\" \/>\n<meta property=\"og:locale\" content=\"fr_FR\" \/>\n<meta property=\"og:type\" content=\"article\" \/>\n<meta property=\"og:title\" content=\"Cet accord du Black Friday r\u00e9duit le prix du forfait familial d&#039;AdGuard \u00e0 seulement 16 $ | Vie Associative\" \/>\n<meta property=\"og:description\" content=\"Cette vente AdGuard est un paiement unique pour bloquer les publicit\u00e9s et renforcer la confidentialit\u00e9 sur un maximum de neuf appareils. Les ventes du Black\" \/>\n<meta property=\"og:url\" content=\"https:\/\/vieassociative.be\/actualites\/cet-accord-du-black-friday-reduit-le-prix-du-forfait-familial-dadguard-a-seulement-16\/\" \/>\n<meta property=\"og:site_name\" content=\"Vie Associative\" \/>\n<meta property=\"article:published_time\" content=\"2025-11-29T13:17:39+00:00\" \/>\n<meta property=\"og:image\" content=\"https:\/\/vieassociative.be\/actualites\/wp-content\/uploads\/2024\/09\/header_backgroundk-01-e1726694325946.png\" \/>\n\t<meta property=\"og:image:width\" content=\"279\" \/>\n\t<meta property=\"og:image:height\" content=\"92\" \/>\n\t<meta property=\"og:image:type\" content=\"image\/png\" \/>\n<meta name=\"author\" content=\"Julien\" \/>\n<meta name=\"twitter:card\" content=\"summary_large_image\" \/>\n<meta name=\"twitter:label1\" content=\"\u00c9crit par\" \/>\n\t<meta name=\"twitter:data1\" content=\"Julien\" \/>\n\t<meta name=\"twitter:label2\" content=\"Dur\u00e9e de lecture est.\" \/>\n\t<meta name=\"twitter:data2\" content=\"2 minutes\" \/>\n<script type=\"application\/ld+json\" class=\"yoast-schema-graph\">{\"@context\":\"https:\/\/schema.org\",\"@graph\":[{\"@type\":\"Article\",\"@id\":\"https:\/\/vieassociative.be\/actualites\/cet-accord-du-black-friday-reduit-le-prix-du-forfait-familial-dadguard-a-seulement-16\/#article\",\"isPartOf\":{\"@id\":\"https:\/\/vieassociative.be\/actualites\/cet-accord-du-black-friday-reduit-le-prix-du-forfait-familial-dadguard-a-seulement-16\/\"},\"author\":{\"name\":\"Julien\",\"@id\":\"https:\/\/vieassociative.be\/actualites\/#\/schema\/person\/b87ac4f82f9d4e7b7cec7395b679edc4\"},\"headline\":\"Cet accord du Black Friday r\u00e9duit le prix du forfait familial d&rsquo;AdGuard \u00e0 seulement 16 $\",\"datePublished\":\"2025-11-29T13:17:39+00:00\",\"dateModified\":\"2025-11-29T13:17:39+00:00\",\"mainEntityOfPage\":{\"@id\":\"https:\/\/vieassociative.be\/actualites\/cet-accord-du-black-friday-reduit-le-prix-du-forfait-familial-dadguard-a-seulement-16\/\"},\"wordCount\":506,\"publisher\":{\"@id\":\"https:\/\/vieassociative.be\/actualites\/#organization\"},\"image\":{\"@id\":\"https:\/\/vieassociative.be\/actualites\/cet-accord-du-black-friday-reduit-le-prix-du-forfait-familial-dadguard-a-seulement-16\/#primaryimage\"},\"thumbnailUrl\":\"https:\/\/vieassociative.be\/actualites\/wp-content\/uploads\/2025\/11\/Cet-accord-du-Black-Friday-reduit-le-prix-du-forfait.png\",\"keywords\":[\"accord\",\"Black\",\"cet\",\"dAdguard\",\"familial\",\"forfait\",\"Friday\",\"prix\",\"r\u00e9duit\",\"seulement\"],\"articleSection\":[\"Technologie\"],\"inLanguage\":\"fr-BE\"},{\"@type\":\"WebPage\",\"@id\":\"https:\/\/vieassociative.be\/actualites\/cet-accord-du-black-friday-reduit-le-prix-du-forfait-familial-dadguard-a-seulement-16\/\",\"url\":\"https:\/\/vieassociative.be\/actualites\/cet-accord-du-black-friday-reduit-le-prix-du-forfait-familial-dadguard-a-seulement-16\/\",\"name\":\"Cet accord du Black Friday r\u00e9duit le prix du forfait familial d'AdGuard \u00e0 seulement 16 $ | Vie Associative\",\"isPartOf\":{\"@id\":\"https:\/\/vieassociative.be\/actualites\/#website\"},\"primaryImageOfPage\":{\"@id\":\"https:\/\/vieassociative.be\/actualites\/cet-accord-du-black-friday-reduit-le-prix-du-forfait-familial-dadguard-a-seulement-16\/#primaryimage\"},\"image\":{\"@id\":\"https:\/\/vieassociative.be\/actualites\/cet-accord-du-black-friday-reduit-le-prix-du-forfait-familial-dadguard-a-seulement-16\/#primaryimage\"},\"thumbnailUrl\":\"https:\/\/vieassociative.be\/actualites\/wp-content\/uploads\/2025\/11\/Cet-accord-du-Black-Friday-reduit-le-prix-du-forfait.png\",\"datePublished\":\"2025-11-29T13:17:39+00:00\",\"dateModified\":\"2025-11-29T13:17:39+00:00\",\"breadcrumb\":{\"@id\":\"https:\/\/vieassociative.be\/actualites\/cet-accord-du-black-friday-reduit-le-prix-du-forfait-familial-dadguard-a-seulement-16\/#breadcrumb\"},\"inLanguage\":\"fr-BE\",\"potentialAction\":[{\"@type\":\"ReadAction\",\"target\":[\"https:\/\/vieassociative.be\/actualites\/cet-accord-du-black-friday-reduit-le-prix-du-forfait-familial-dadguard-a-seulement-16\/\"]}]},{\"@type\":\"ImageObject\",\"inLanguage\":\"fr-BE\",\"@id\":\"https:\/\/vieassociative.be\/actualites\/cet-accord-du-black-friday-reduit-le-prix-du-forfait-familial-dadguard-a-seulement-16\/#primaryimage\",\"url\":\"https:\/\/vieassociative.be\/actualites\/wp-content\/uploads\/2025\/11\/Cet-accord-du-Black-Friday-reduit-le-prix-du-forfait.png\",\"contentUrl\":\"https:\/\/vieassociative.be\/actualites\/wp-content\/uploads\/2025\/11\/Cet-accord-du-Black-Friday-reduit-le-prix-du-forfait.png\",\"width\":1200,\"height\":675,\"caption\":\"Cet accord du Black Friday r\u00e9duit le prix du forfait familial d'AdGuard \u00e0 seulement 16 $\"},{\"@type\":\"BreadcrumbList\",\"@id\":\"https:\/\/vieassociative.be\/actualites\/cet-accord-du-black-friday-reduit-le-prix-du-forfait-familial-dadguard-a-seulement-16\/#breadcrumb\",\"itemListElement\":[{\"@type\":\"ListItem\",\"position\":1,\"name\":\"Accueil\",\"item\":\"https:\/\/vieassociative.be\/actualites\/\"},{\"@type\":\"ListItem\",\"position\":2,\"name\":\"Cet accord du Black Friday r\u00e9duit le prix du forfait familial d&rsquo;AdGuard \u00e0 seulement 16 $\"}]},{\"@type\":\"WebSite\",\"@id\":\"https:\/\/vieassociative.be\/actualites\/#website\",\"url\":\"https:\/\/vieassociative.be\/actualites\/\",\"name\":\"Vie Associative\",\"description\":\"\",\"publisher\":{\"@id\":\"https:\/\/vieassociative.be\/actualites\/#organization\"},\"potentialAction\":[{\"@type\":\"SearchAction\",\"target\":{\"@type\":\"EntryPoint\",\"urlTemplate\":\"https:\/\/vieassociative.be\/actualites\/?s={search_term_string}\"},\"query-input\":{\"@type\":\"PropertyValueSpecification\",\"valueRequired\":true,\"valueName\":\"search_term_string\"}}],\"inLanguage\":\"fr-BE\"},{\"@type\":\"Organization\",\"@id\":\"https:\/\/vieassociative.be\/actualites\/#organization\",\"name\":\"Vie Associative\",\"url\":\"https:\/\/vieassociative.be\/actualites\/\",\"logo\":{\"@type\":\"ImageObject\",\"inLanguage\":\"fr-BE\",\"@id\":\"https:\/\/vieassociative.be\/actualites\/#\/schema\/logo\/image\/\",\"url\":\"https:\/\/vieassociative.be\/actualites\/wp-content\/uploads\/2024\/09\/cropped-vieassociative_favicon.ico.png\",\"contentUrl\":\"https:\/\/vieassociative.be\/actualites\/wp-content\/uploads\/2024\/09\/cropped-vieassociative_favicon.ico.png\",\"width\":512,\"height\":512,\"caption\":\"Vie Associative\"},\"image\":{\"@id\":\"https:\/\/vieassociative.be\/actualites\/#\/schema\/logo\/image\/\"}},{\"@type\":\"Person\",\"@id\":\"https:\/\/vieassociative.be\/actualites\/#\/schema\/person\/b87ac4f82f9d4e7b7cec7395b679edc4\",\"name\":\"Julien\",\"image\":{\"@type\":\"ImageObject\",\"inLanguage\":\"fr-BE\",\"@id\":\"https:\/\/vieassociative.be\/actualites\/#\/schema\/person\/image\/\",\"url\":\"https:\/\/vieassociative.be\/actualites\/wp-content\/uploads\/2024\/09\/vie-associative-1-150x150.jpg\",\"contentUrl\":\"https:\/\/vieassociative.be\/actualites\/wp-content\/uploads\/2024\/09\/vie-associative-1-150x150.jpg\",\"caption\":\"Julien\"},\"description\":\"Je suis Julien, r\u00e9dacteur pour Vie Associative. Passionn\u00e9 par le monde associatif depuis plus de 10 ans, j'ai \u00e0 c\u0153ur de partager des histoires inspirantes et de mettre en lumi\u00e8re les initiatives locales. Mon objectif est de sensibiliser et d'encourager l'engagement communautaire \u00e0 travers mes articles.\",\"sameAs\":[\"https:\/\/vieassociative.be\/\"]}]}<\/script>\n<!-- \/ Yoast SEO plugin. -->","yoast_head_json":{"title":"Cet accord du Black Friday r\u00e9duit le prix du forfait familial d'AdGuard \u00e0 seulement 16 $ | Vie Associative","robots":{"index":"index","follow":"follow","max-snippet":"max-snippet:-1","max-image-preview":"max-image-preview:large","max-video-preview":"max-video-preview:-1"},"canonical":"https:\/\/vieassociative.be\/actualites\/cet-accord-du-black-friday-reduit-le-prix-du-forfait-familial-dadguard-a-seulement-16\/","og_locale":"fr_FR","og_type":"article","og_title":"Cet accord du Black Friday r\u00e9duit le prix du forfait familial d'AdGuard \u00e0 seulement 16 $ | Vie Associative","og_description":"Cette vente AdGuard est un paiement unique pour bloquer les publicit\u00e9s et renforcer la confidentialit\u00e9 sur un maximum de neuf appareils. Les ventes du Black","og_url":"https:\/\/vieassociative.be\/actualites\/cet-accord-du-black-friday-reduit-le-prix-du-forfait-familial-dadguard-a-seulement-16\/","og_site_name":"Vie Associative","article_published_time":"2025-11-29T13:17:39+00:00","og_image":[{"width":279,"height":92,"url":"https:\/\/vieassociative.be\/actualites\/wp-content\/uploads\/2024\/09\/header_backgroundk-01-e1726694325946.png","type":"image\/png"}],"author":"Julien","twitter_card":"summary_large_image","twitter_misc":{"\u00c9crit par":"Julien","Dur\u00e9e de lecture est.":"2 minutes"},"schema":{"@context":"https:\/\/schema.org","@graph":[{"@type":"Article","@id":"https:\/\/vieassociative.be\/actualites\/cet-accord-du-black-friday-reduit-le-prix-du-forfait-familial-dadguard-a-seulement-16\/#article","isPartOf":{"@id":"https:\/\/vieassociative.be\/actualites\/cet-accord-du-black-friday-reduit-le-prix-du-forfait-familial-dadguard-a-seulement-16\/"},"author":{"name":"Julien","@id":"https:\/\/vieassociative.be\/actualites\/#\/schema\/person\/b87ac4f82f9d4e7b7cec7395b679edc4"},"headline":"Cet accord du Black Friday r\u00e9duit le prix du forfait familial d&rsquo;AdGuard \u00e0 seulement 16 $","datePublished":"2025-11-29T13:17:39+00:00","dateModified":"2025-11-29T13:17:39+00:00","mainEntityOfPage":{"@id":"https:\/\/vieassociative.be\/actualites\/cet-accord-du-black-friday-reduit-le-prix-du-forfait-familial-dadguard-a-seulement-16\/"},"wordCount":506,"publisher":{"@id":"https:\/\/vieassociative.be\/actualites\/#organization"},"image":{"@id":"https:\/\/vieassociative.be\/actualites\/cet-accord-du-black-friday-reduit-le-prix-du-forfait-familial-dadguard-a-seulement-16\/#primaryimage"},"thumbnailUrl":"https:\/\/vieassociative.be\/actualites\/wp-content\/uploads\/2025\/11\/Cet-accord-du-Black-Friday-reduit-le-prix-du-forfait.png","keywords":["accord","Black","cet","dAdguard","familial","forfait","Friday","prix","r\u00e9duit","seulement"],"articleSection":["Technologie"],"inLanguage":"fr-BE"},{"@type":"WebPage","@id":"https:\/\/vieassociative.be\/actualites\/cet-accord-du-black-friday-reduit-le-prix-du-forfait-familial-dadguard-a-seulement-16\/","url":"https:\/\/vieassociative.be\/actualites\/cet-accord-du-black-friday-reduit-le-prix-du-forfait-familial-dadguard-a-seulement-16\/","name":"Cet accord du Black Friday r\u00e9duit le prix du forfait familial d'AdGuard \u00e0 seulement 16 $ | Vie Associative","isPartOf":{"@id":"https:\/\/vieassociative.be\/actualites\/#website"},"primaryImageOfPage":{"@id":"https:\/\/vieassociative.be\/actualites\/cet-accord-du-black-friday-reduit-le-prix-du-forfait-familial-dadguard-a-seulement-16\/#primaryimage"},"image":{"@id":"https:\/\/vieassociative.be\/actualites\/cet-accord-du-black-friday-reduit-le-prix-du-forfait-familial-dadguard-a-seulement-16\/#primaryimage"},"thumbnailUrl":"https:\/\/vieassociative.be\/actualites\/wp-content\/uploads\/2025\/11\/Cet-accord-du-Black-Friday-reduit-le-prix-du-forfait.png","datePublished":"2025-11-29T13:17:39+00:00","dateModified":"2025-11-29T13:17:39+00:00","breadcrumb":{"@id":"https:\/\/vieassociative.be\/actualites\/cet-accord-du-black-friday-reduit-le-prix-du-forfait-familial-dadguard-a-seulement-16\/#breadcrumb"},"inLanguage":"fr-BE","potentialAction":[{"@type":"ReadAction","target":["https:\/\/vieassociative.be\/actualites\/cet-accord-du-black-friday-reduit-le-prix-du-forfait-familial-dadguard-a-seulement-16\/"]}]},{"@type":"ImageObject","inLanguage":"fr-BE","@id":"https:\/\/vieassociative.be\/actualites\/cet-accord-du-black-friday-reduit-le-prix-du-forfait-familial-dadguard-a-seulement-16\/#primaryimage","url":"https:\/\/vieassociative.be\/actualites\/wp-content\/uploads\/2025\/11\/Cet-accord-du-Black-Friday-reduit-le-prix-du-forfait.png","contentUrl":"https:\/\/vieassociative.be\/actualites\/wp-content\/uploads\/2025\/11\/Cet-accord-du-Black-Friday-reduit-le-prix-du-forfait.png","width":1200,"height":675,"caption":"Cet accord du Black Friday r\u00e9duit le prix du forfait familial d'AdGuard \u00e0 seulement 16 $"},{"@type":"BreadcrumbList","@id":"https:\/\/vieassociative.be\/actualites\/cet-accord-du-black-friday-reduit-le-prix-du-forfait-familial-dadguard-a-seulement-16\/#breadcrumb","itemListElement":[{"@type":"ListItem","position":1,"name":"Accueil","item":"https:\/\/vieassociative.be\/actualites\/"},{"@type":"ListItem","position":2,"name":"Cet accord du Black Friday r\u00e9duit le prix du forfait familial d&rsquo;AdGuard \u00e0 seulement 16 $"}]},{"@type":"WebSite","@id":"https:\/\/vieassociative.be\/actualites\/#website","url":"https:\/\/vieassociative.be\/actualites\/","name":"Vie Associative","description":"","publisher":{"@id":"https:\/\/vieassociative.be\/actualites\/#organization"},"potentialAction":[{"@type":"SearchAction","target":{"@type":"EntryPoint","urlTemplate":"https:\/\/vieassociative.be\/actualites\/?s={search_term_string}"},"query-input":{"@type":"PropertyValueSpecification","valueRequired":true,"valueName":"search_term_string"}}],"inLanguage":"fr-BE"},{"@type":"Organization","@id":"https:\/\/vieassociative.be\/actualites\/#organization","name":"Vie Associative","url":"https:\/\/vieassociative.be\/actualites\/","logo":{"@type":"ImageObject","inLanguage":"fr-BE","@id":"https:\/\/vieassociative.be\/actualites\/#\/schema\/logo\/image\/","url":"https:\/\/vieassociative.be\/actualites\/wp-content\/uploads\/2024\/09\/cropped-vieassociative_favicon.ico.png","contentUrl":"https:\/\/vieassociative.be\/actualites\/wp-content\/uploads\/2024\/09\/cropped-vieassociative_favicon.ico.png","width":512,"height":512,"caption":"Vie Associative"},"image":{"@id":"https:\/\/vieassociative.be\/actualites\/#\/schema\/logo\/image\/"}},{"@type":"Person","@id":"https:\/\/vieassociative.be\/actualites\/#\/schema\/person\/b87ac4f82f9d4e7b7cec7395b679edc4","name":"Julien","image":{"@type":"ImageObject","inLanguage":"fr-BE","@id":"https:\/\/vieassociative.be\/actualites\/#\/schema\/person\/image\/","url":"https:\/\/vieassociative.be\/actualites\/wp-content\/uploads\/2024\/09\/vie-associative-1-150x150.jpg","contentUrl":"https:\/\/vieassociative.be\/actualites\/wp-content\/uploads\/2024\/09\/vie-associative-1-150x150.jpg","caption":"Julien"},"description":"Je suis Julien, r\u00e9dacteur pour Vie Associative. Passionn\u00e9 par le monde associatif depuis plus de 10 ans, j'ai \u00e0 c\u0153ur de partager des histoires inspirantes et de mettre en lumi\u00e8re les initiatives locales. Mon objectif est de sensibiliser et d'encourager l'engagement communautaire \u00e0 travers mes articles.","sameAs":["https:\/\/vieassociative.be\/"]}]}},"_links":{"self":[{"href":"https:\/\/vieassociative.be\/actualites\/wp-json\/wp\/v2\/posts\/11608"}],"collection":[{"href":"https:\/\/vieassociative.be\/actualites\/wp-json\/wp\/v2\/posts"}],"about":[{"href":"https:\/\/vieassociative.be\/actualites\/wp-json\/wp\/v2\/types\/post"}],"author":[{"embeddable":true,"href":"https:\/\/vieassociative.be\/actualites\/wp-json\/wp\/v2\/users\/1"}],"replies":[{"embeddable":true,"href":"https:\/\/vieassociative.be\/actualites\/wp-json\/wp\/v2\/comments?post=11608"}],"version-history":[{"count":0,"href":"https:\/\/vieassociative.be\/actualites\/wp-json\/wp\/v2\/posts\/11608\/revisions"}],"wp:featuredmedia":[{"embeddable":true,"href":"https:\/\/vieassociative.be\/actualites\/wp-json\/wp\/v2\/media\/11609"}],"wp:attachment":[{"href":"https:\/\/vieassociative.be\/actualites\/wp-json\/wp\/v2\/media?parent=11608"}],"wp:term":[{"taxonomy":"category","embeddable":true,"href":"https:\/\/vieassociative.be\/actualites\/wp-json\/wp\/v2\/categories?post=11608"},{"taxonomy":"post_tag","embeddable":true,"href":"https:\/\/vieassociative.be\/actualites\/wp-json\/wp\/v2\/tags?post=11608"}],"curies":[{"name":"wp","href":"https:\/\/api.w.org\/{rel}","templated":true}]}}