{"id":11604,"date":"2025-11-29T08:17:52","date_gmt":"2025-11-29T07:17:52","guid":{"rendered":"https:\/\/vieassociative.be\/actualites\/un-abonnement-a-vie-a-babbel-beneficie-dune-reduction-enorme-pour-le-black-friday\/"},"modified":"2025-11-29T08:17:52","modified_gmt":"2025-11-29T07:17:52","slug":"un-abonnement-a-vie-a-babbel-beneficie-dune-reduction-enorme-pour-le-black-friday","status":"publish","type":"post","link":"https:\/\/vieassociative.be\/actualites\/un-abonnement-a-vie-a-babbel-beneficie-dune-reduction-enorme-pour-le-black-friday\/","title":{"rendered":"Un abonnement \u00e0 vie \u00e0 Babbel b\u00e9n\u00e9ficie d&rsquo;une r\u00e9duction \u00e9norme pour le Black Friday"},"content":{"rendered":"<div class=\"mt-4 leading-6 md:mb-8\">Cet accord Babbel s\u2019effectue sans frais permanents.<\/div>\n<p><\/p>\n<p><em>Les ventes du Black Friday commencent officiellement le vendredi 28 novembre et se poursuivent jusqu&rsquo;au Cyber \u200b\u200bMonday, le 1er d\u00e9cembre, et Vie Associative partage les meilleures ventes bas\u00e9es sur des critiques de produits, des comparaisons et des outils de suivi des prix avant leur fin. <\/em><\/p>\n<ul>\n<li>\n<p><em>Suivez notre blog en direct<\/em><em>  pour rester au courant des meilleures ventes que nous trouvons.<\/em><\/p>\n<\/li>\n<li>\n<p><em>Parcourez les choix de nos r\u00e9dacteurs<\/em><em>  pour une liste organis\u00e9e de nos ventes pr\u00e9f\u00e9r\u00e9es sur les ordinateurs portables, les technologies de fitness, les appareils \u00e9lectrom\u00e9nagers et plus encore.<\/em><\/p>\n<\/li>\n<li>\n<p><em>Abonnez-vous \u00e0 notre newsletter shopping<\/em><em>Ajoutez au panier, pour les meilleures ventes envoy\u00e9es dans votre bo\u00eete de r\u00e9ception.<\/em><\/p>\n<\/li>\n<li>\n<p><em>Les ventes sont exactes au moment de la publication, mais les prix et les stocks sont toujours sujets \u00e0 changement. <\/em><\/p>\n<\/li>\n<\/ul>\n<hr>\n<p>Pratiquer une nouvelle langue peut \u00eatre amusant, mais les applications linguistiques premium peuvent co\u00fbter cher. Babbel facilite la t\u00e2che avec des le\u00e7ons pratiques et concises con\u00e7ues pour une utilisation r\u00e9elle, se concentrant sur les conversations que vous auriez r\u00e9ellement : commander de la nourriture, discuter avec les habitants, demander votre chemin (lisez l&rsquo;examen approfondi de Babbel par PCMag pour en savoir plus) &#8211; et en ce moment, son abonnement \u00e0 vie est en vente avec une r\u00e9duction \u00e9norme : pour le Black Friday, un abonnement \u00e0 vie \u00e0 Babbel est en vente au prix de 129 $ avec le code promotionnel LEARN. La vente se d\u00e9roule jusqu\u2019au Cyber \u200b\u200bMonday. Il s&rsquo;agit d&rsquo;un paiement unique (pas de frais r\u00e9currents, pas de frais mensuels) pour un acc\u00e8s \u00e0 vie aux 14 langues (dont le fran\u00e7ais, l&rsquo;allemand, l&rsquo;italien et l&rsquo;espagnol), ce qui le rend moins cher que le forfait annuel habituel de Babbel \u00e0 300 $.<\/p>\n<p>Les cours de Babbel ne durent que 10 \u00e0 15 minutes, vous pouvez donc int\u00e9grer votre pratique lors d&rsquo;un trajet ou d&rsquo;une pause-caf\u00e9. Et, contrairement \u00e0 d&rsquo;autres applications d&rsquo;apprentissage des langues qui s&rsquo;appuient sur des exercices de vocabulaire r\u00e9p\u00e9titifs ou des exercices gamifi\u00e9s al\u00e9atoires, Babbel suit un programme structur\u00e9 et con\u00e7u par des linguistes dont la difficult\u00e9 augmente progressivement, afin que vous ne vous arr\u00eatiez pas apr\u00e8s les bases (ce qui lui vaut une place dans le tour d&rsquo;horizon des \u00ab Meilleures applications d&rsquo;apprentissage des langues pour 2025 \u00bb de PCMag). De plus, il ne s&rsquo;agit pas seulement d&rsquo;un apprentissage passif : vous b\u00e9n\u00e9ficiez d&rsquo;exercices d&rsquo;\u00e9criture, d&rsquo;expression orale et d&rsquo;\u00e9coute avec la technologie de reconnaissance vocale pour affiner votre prononciation, cr\u00e9ant ainsi une exp\u00e9rience beaucoup plus immersive. <\/p>\n<p>Bien s\u00fbr, le d\u00e9vouement est toujours la cl\u00e9, et aucune application ne vous permettra de parler couramment, mais si vous \u00eates pr\u00eat \u00e0 faire l&rsquo;effort, cette offre Babbel Black Friday vous offre un abonnement \u00e0 vie avec les outils n\u00e9cessaires pour r\u00e9ussir sans le fardeau des co\u00fbts permanents.<\/p>\n","protected":false},"excerpt":{"rendered":"<p>Cet accord Babbel s\u2019effectue sans frais permanents. Les ventes du Black Friday commencent officiellement le vendredi 28 novembre et se poursuivent jusqu&rsquo;au Cyber \u200b\u200bMonday, le<\/p>\n","protected":false},"author":1,"featured_media":11605,"comment_status":"","ping_status":"","sticky":false,"template":"","format":"standard","meta":{"footnotes":""},"categories":[13],"tags":[228,660,3546,73,698,3334,1255,81,308,58],"class_list":["post-11604","post","type-post","status-publish","format-standard","has-post-thumbnail","hentry","category-technologie","tag-abonnement","tag-babbel","tag-beneficie","tag-black","tag-dune","tag-enorme","tag-friday","tag-pour","tag-reduction","tag-vie","generate-columns","tablet-grid-50","mobile-grid-100","grid-parent","grid-33"],"yoast_head":"<!-- This site is optimized with the Yoast SEO plugin v24.0 - https:\/\/yoast.com\/wordpress\/plugins\/seo\/ -->\n<title>Un abonnement \u00e0 vie \u00e0 Babbel b\u00e9n\u00e9ficie d&#039;une r\u00e9duction \u00e9norme pour le Black Friday | Vie Associative<\/title>\n<meta name=\"robots\" content=\"index, follow, max-snippet:-1, max-image-preview:large, max-video-preview:-1\" \/>\n<link rel=\"canonical\" href=\"https:\/\/vieassociative.be\/actualites\/un-abonnement-a-vie-a-babbel-beneficie-dune-reduction-enorme-pour-le-black-friday\/\" \/>\n<meta property=\"og:locale\" content=\"fr_FR\" \/>\n<meta property=\"og:type\" content=\"article\" \/>\n<meta property=\"og:title\" content=\"Un abonnement \u00e0 vie \u00e0 Babbel b\u00e9n\u00e9ficie d&#039;une r\u00e9duction \u00e9norme pour le Black Friday | Vie Associative\" \/>\n<meta property=\"og:description\" content=\"Cet accord Babbel s\u2019effectue sans frais permanents. Les ventes du Black Friday commencent officiellement le vendredi 28 novembre et se poursuivent jusqu&rsquo;au Cyber \u200b\u200bMonday, le\" \/>\n<meta property=\"og:url\" content=\"https:\/\/vieassociative.be\/actualites\/un-abonnement-a-vie-a-babbel-beneficie-dune-reduction-enorme-pour-le-black-friday\/\" \/>\n<meta property=\"og:site_name\" content=\"Vie Associative\" \/>\n<meta property=\"article:published_time\" content=\"2025-11-29T07:17:52+00:00\" \/>\n<meta property=\"og:image\" content=\"https:\/\/vieassociative.be\/actualites\/wp-content\/uploads\/2024\/09\/header_backgroundk-01-e1726694325946.png\" \/>\n\t<meta property=\"og:image:width\" content=\"279\" \/>\n\t<meta property=\"og:image:height\" content=\"92\" \/>\n\t<meta property=\"og:image:type\" content=\"image\/png\" \/>\n<meta name=\"author\" content=\"Julien\" \/>\n<meta name=\"twitter:card\" content=\"summary_large_image\" \/>\n<meta name=\"twitter:label1\" content=\"\u00c9crit par\" \/>\n\t<meta name=\"twitter:data1\" content=\"Julien\" \/>\n\t<meta name=\"twitter:label2\" content=\"Dur\u00e9e de lecture est.\" \/>\n\t<meta name=\"twitter:data2\" content=\"2 minutes\" \/>\n<script type=\"application\/ld+json\" class=\"yoast-schema-graph\">{\"@context\":\"https:\/\/schema.org\",\"@graph\":[{\"@type\":\"Article\",\"@id\":\"https:\/\/vieassociative.be\/actualites\/un-abonnement-a-vie-a-babbel-beneficie-dune-reduction-enorme-pour-le-black-friday\/#article\",\"isPartOf\":{\"@id\":\"https:\/\/vieassociative.be\/actualites\/un-abonnement-a-vie-a-babbel-beneficie-dune-reduction-enorme-pour-le-black-friday\/\"},\"author\":{\"name\":\"Julien\",\"@id\":\"https:\/\/vieassociative.be\/actualites\/#\/schema\/person\/b87ac4f82f9d4e7b7cec7395b679edc4\"},\"headline\":\"Un abonnement \u00e0 vie \u00e0 Babbel b\u00e9n\u00e9ficie d&rsquo;une r\u00e9duction \u00e9norme pour le Black Friday\",\"datePublished\":\"2025-11-29T07:17:52+00:00\",\"dateModified\":\"2025-11-29T07:17:52+00:00\",\"mainEntityOfPage\":{\"@id\":\"https:\/\/vieassociative.be\/actualites\/un-abonnement-a-vie-a-babbel-beneficie-dune-reduction-enorme-pour-le-black-friday\/\"},\"wordCount\":515,\"publisher\":{\"@id\":\"https:\/\/vieassociative.be\/actualites\/#organization\"},\"image\":{\"@id\":\"https:\/\/vieassociative.be\/actualites\/un-abonnement-a-vie-a-babbel-beneficie-dune-reduction-enorme-pour-le-black-friday\/#primaryimage\"},\"thumbnailUrl\":\"https:\/\/vieassociative.be\/actualites\/wp-content\/uploads\/2025\/11\/Un-abonnement-a-vie-a-Babbel-beneficie-dune-reduction-enorme.jpg\",\"keywords\":[\"abonnement\",\"Babbel\",\"b\u00e9n\u00e9ficie\",\"Black\",\"dune\",\"\u00e9norme\",\"Friday\",\"pour\",\"r\u00e9duction\",\"vie\"],\"articleSection\":[\"Technologie\"],\"inLanguage\":\"fr-BE\"},{\"@type\":\"WebPage\",\"@id\":\"https:\/\/vieassociative.be\/actualites\/un-abonnement-a-vie-a-babbel-beneficie-dune-reduction-enorme-pour-le-black-friday\/\",\"url\":\"https:\/\/vieassociative.be\/actualites\/un-abonnement-a-vie-a-babbel-beneficie-dune-reduction-enorme-pour-le-black-friday\/\",\"name\":\"Un abonnement \u00e0 vie \u00e0 Babbel b\u00e9n\u00e9ficie d'une r\u00e9duction \u00e9norme pour le Black Friday | Vie Associative\",\"isPartOf\":{\"@id\":\"https:\/\/vieassociative.be\/actualites\/#website\"},\"primaryImageOfPage\":{\"@id\":\"https:\/\/vieassociative.be\/actualites\/un-abonnement-a-vie-a-babbel-beneficie-dune-reduction-enorme-pour-le-black-friday\/#primaryimage\"},\"image\":{\"@id\":\"https:\/\/vieassociative.be\/actualites\/un-abonnement-a-vie-a-babbel-beneficie-dune-reduction-enorme-pour-le-black-friday\/#primaryimage\"},\"thumbnailUrl\":\"https:\/\/vieassociative.be\/actualites\/wp-content\/uploads\/2025\/11\/Un-abonnement-a-vie-a-Babbel-beneficie-dune-reduction-enorme.jpg\",\"datePublished\":\"2025-11-29T07:17:52+00:00\",\"dateModified\":\"2025-11-29T07:17:52+00:00\",\"breadcrumb\":{\"@id\":\"https:\/\/vieassociative.be\/actualites\/un-abonnement-a-vie-a-babbel-beneficie-dune-reduction-enorme-pour-le-black-friday\/#breadcrumb\"},\"inLanguage\":\"fr-BE\",\"potentialAction\":[{\"@type\":\"ReadAction\",\"target\":[\"https:\/\/vieassociative.be\/actualites\/un-abonnement-a-vie-a-babbel-beneficie-dune-reduction-enorme-pour-le-black-friday\/\"]}]},{\"@type\":\"ImageObject\",\"inLanguage\":\"fr-BE\",\"@id\":\"https:\/\/vieassociative.be\/actualites\/un-abonnement-a-vie-a-babbel-beneficie-dune-reduction-enorme-pour-le-black-friday\/#primaryimage\",\"url\":\"https:\/\/vieassociative.be\/actualites\/wp-content\/uploads\/2025\/11\/Un-abonnement-a-vie-a-Babbel-beneficie-dune-reduction-enorme.jpg\",\"contentUrl\":\"https:\/\/vieassociative.be\/actualites\/wp-content\/uploads\/2025\/11\/Un-abonnement-a-vie-a-Babbel-beneficie-dune-reduction-enorme.jpg\",\"width\":1200,\"height\":675,\"caption\":\"Un abonnement \u00e0 vie \u00e0 Babbel b\u00e9n\u00e9ficie d'une r\u00e9duction \u00e9norme pour le Black Friday\"},{\"@type\":\"BreadcrumbList\",\"@id\":\"https:\/\/vieassociative.be\/actualites\/un-abonnement-a-vie-a-babbel-beneficie-dune-reduction-enorme-pour-le-black-friday\/#breadcrumb\",\"itemListElement\":[{\"@type\":\"ListItem\",\"position\":1,\"name\":\"Accueil\",\"item\":\"https:\/\/vieassociative.be\/actualites\/\"},{\"@type\":\"ListItem\",\"position\":2,\"name\":\"Un abonnement \u00e0 vie \u00e0 Babbel b\u00e9n\u00e9ficie d&rsquo;une r\u00e9duction \u00e9norme pour le Black Friday\"}]},{\"@type\":\"WebSite\",\"@id\":\"https:\/\/vieassociative.be\/actualites\/#website\",\"url\":\"https:\/\/vieassociative.be\/actualites\/\",\"name\":\"Vie Associative\",\"description\":\"\",\"publisher\":{\"@id\":\"https:\/\/vieassociative.be\/actualites\/#organization\"},\"potentialAction\":[{\"@type\":\"SearchAction\",\"target\":{\"@type\":\"EntryPoint\",\"urlTemplate\":\"https:\/\/vieassociative.be\/actualites\/?s={search_term_string}\"},\"query-input\":{\"@type\":\"PropertyValueSpecification\",\"valueRequired\":true,\"valueName\":\"search_term_string\"}}],\"inLanguage\":\"fr-BE\"},{\"@type\":\"Organization\",\"@id\":\"https:\/\/vieassociative.be\/actualites\/#organization\",\"name\":\"Vie Associative\",\"url\":\"https:\/\/vieassociative.be\/actualites\/\",\"logo\":{\"@type\":\"ImageObject\",\"inLanguage\":\"fr-BE\",\"@id\":\"https:\/\/vieassociative.be\/actualites\/#\/schema\/logo\/image\/\",\"url\":\"https:\/\/vieassociative.be\/actualites\/wp-content\/uploads\/2024\/09\/cropped-vieassociative_favicon.ico.png\",\"contentUrl\":\"https:\/\/vieassociative.be\/actualites\/wp-content\/uploads\/2024\/09\/cropped-vieassociative_favicon.ico.png\",\"width\":512,\"height\":512,\"caption\":\"Vie Associative\"},\"image\":{\"@id\":\"https:\/\/vieassociative.be\/actualites\/#\/schema\/logo\/image\/\"}},{\"@type\":\"Person\",\"@id\":\"https:\/\/vieassociative.be\/actualites\/#\/schema\/person\/b87ac4f82f9d4e7b7cec7395b679edc4\",\"name\":\"Julien\",\"image\":{\"@type\":\"ImageObject\",\"inLanguage\":\"fr-BE\",\"@id\":\"https:\/\/vieassociative.be\/actualites\/#\/schema\/person\/image\/\",\"url\":\"https:\/\/vieassociative.be\/actualites\/wp-content\/uploads\/2024\/09\/vie-associative-1-150x150.jpg\",\"contentUrl\":\"https:\/\/vieassociative.be\/actualites\/wp-content\/uploads\/2024\/09\/vie-associative-1-150x150.jpg\",\"caption\":\"Julien\"},\"description\":\"Je suis Julien, r\u00e9dacteur pour Vie Associative. Passionn\u00e9 par le monde associatif depuis plus de 10 ans, j'ai \u00e0 c\u0153ur de partager des histoires inspirantes et de mettre en lumi\u00e8re les initiatives locales. Mon objectif est de sensibiliser et d'encourager l'engagement communautaire \u00e0 travers mes articles.\",\"sameAs\":[\"https:\/\/vieassociative.be\/\"]}]}<\/script>\n<!-- \/ Yoast SEO plugin. -->","yoast_head_json":{"title":"Un abonnement \u00e0 vie \u00e0 Babbel b\u00e9n\u00e9ficie d'une r\u00e9duction \u00e9norme pour le Black Friday | Vie Associative","robots":{"index":"index","follow":"follow","max-snippet":"max-snippet:-1","max-image-preview":"max-image-preview:large","max-video-preview":"max-video-preview:-1"},"canonical":"https:\/\/vieassociative.be\/actualites\/un-abonnement-a-vie-a-babbel-beneficie-dune-reduction-enorme-pour-le-black-friday\/","og_locale":"fr_FR","og_type":"article","og_title":"Un abonnement \u00e0 vie \u00e0 Babbel b\u00e9n\u00e9ficie d'une r\u00e9duction \u00e9norme pour le Black Friday | Vie Associative","og_description":"Cet accord Babbel s\u2019effectue sans frais permanents. Les ventes du Black Friday commencent officiellement le vendredi 28 novembre et se poursuivent jusqu&rsquo;au Cyber \u200b\u200bMonday, le","og_url":"https:\/\/vieassociative.be\/actualites\/un-abonnement-a-vie-a-babbel-beneficie-dune-reduction-enorme-pour-le-black-friday\/","og_site_name":"Vie Associative","article_published_time":"2025-11-29T07:17:52+00:00","og_image":[{"width":279,"height":92,"url":"https:\/\/vieassociative.be\/actualites\/wp-content\/uploads\/2024\/09\/header_backgroundk-01-e1726694325946.png","type":"image\/png"}],"author":"Julien","twitter_card":"summary_large_image","twitter_misc":{"\u00c9crit par":"Julien","Dur\u00e9e de lecture est.":"2 minutes"},"schema":{"@context":"https:\/\/schema.org","@graph":[{"@type":"Article","@id":"https:\/\/vieassociative.be\/actualites\/un-abonnement-a-vie-a-babbel-beneficie-dune-reduction-enorme-pour-le-black-friday\/#article","isPartOf":{"@id":"https:\/\/vieassociative.be\/actualites\/un-abonnement-a-vie-a-babbel-beneficie-dune-reduction-enorme-pour-le-black-friday\/"},"author":{"name":"Julien","@id":"https:\/\/vieassociative.be\/actualites\/#\/schema\/person\/b87ac4f82f9d4e7b7cec7395b679edc4"},"headline":"Un abonnement \u00e0 vie \u00e0 Babbel b\u00e9n\u00e9ficie d&rsquo;une r\u00e9duction \u00e9norme pour le Black Friday","datePublished":"2025-11-29T07:17:52+00:00","dateModified":"2025-11-29T07:17:52+00:00","mainEntityOfPage":{"@id":"https:\/\/vieassociative.be\/actualites\/un-abonnement-a-vie-a-babbel-beneficie-dune-reduction-enorme-pour-le-black-friday\/"},"wordCount":515,"publisher":{"@id":"https:\/\/vieassociative.be\/actualites\/#organization"},"image":{"@id":"https:\/\/vieassociative.be\/actualites\/un-abonnement-a-vie-a-babbel-beneficie-dune-reduction-enorme-pour-le-black-friday\/#primaryimage"},"thumbnailUrl":"https:\/\/vieassociative.be\/actualites\/wp-content\/uploads\/2025\/11\/Un-abonnement-a-vie-a-Babbel-beneficie-dune-reduction-enorme.jpg","keywords":["abonnement","Babbel","b\u00e9n\u00e9ficie","Black","dune","\u00e9norme","Friday","pour","r\u00e9duction","vie"],"articleSection":["Technologie"],"inLanguage":"fr-BE"},{"@type":"WebPage","@id":"https:\/\/vieassociative.be\/actualites\/un-abonnement-a-vie-a-babbel-beneficie-dune-reduction-enorme-pour-le-black-friday\/","url":"https:\/\/vieassociative.be\/actualites\/un-abonnement-a-vie-a-babbel-beneficie-dune-reduction-enorme-pour-le-black-friday\/","name":"Un abonnement \u00e0 vie \u00e0 Babbel b\u00e9n\u00e9ficie d'une r\u00e9duction \u00e9norme pour le Black Friday | Vie Associative","isPartOf":{"@id":"https:\/\/vieassociative.be\/actualites\/#website"},"primaryImageOfPage":{"@id":"https:\/\/vieassociative.be\/actualites\/un-abonnement-a-vie-a-babbel-beneficie-dune-reduction-enorme-pour-le-black-friday\/#primaryimage"},"image":{"@id":"https:\/\/vieassociative.be\/actualites\/un-abonnement-a-vie-a-babbel-beneficie-dune-reduction-enorme-pour-le-black-friday\/#primaryimage"},"thumbnailUrl":"https:\/\/vieassociative.be\/actualites\/wp-content\/uploads\/2025\/11\/Un-abonnement-a-vie-a-Babbel-beneficie-dune-reduction-enorme.jpg","datePublished":"2025-11-29T07:17:52+00:00","dateModified":"2025-11-29T07:17:52+00:00","breadcrumb":{"@id":"https:\/\/vieassociative.be\/actualites\/un-abonnement-a-vie-a-babbel-beneficie-dune-reduction-enorme-pour-le-black-friday\/#breadcrumb"},"inLanguage":"fr-BE","potentialAction":[{"@type":"ReadAction","target":["https:\/\/vieassociative.be\/actualites\/un-abonnement-a-vie-a-babbel-beneficie-dune-reduction-enorme-pour-le-black-friday\/"]}]},{"@type":"ImageObject","inLanguage":"fr-BE","@id":"https:\/\/vieassociative.be\/actualites\/un-abonnement-a-vie-a-babbel-beneficie-dune-reduction-enorme-pour-le-black-friday\/#primaryimage","url":"https:\/\/vieassociative.be\/actualites\/wp-content\/uploads\/2025\/11\/Un-abonnement-a-vie-a-Babbel-beneficie-dune-reduction-enorme.jpg","contentUrl":"https:\/\/vieassociative.be\/actualites\/wp-content\/uploads\/2025\/11\/Un-abonnement-a-vie-a-Babbel-beneficie-dune-reduction-enorme.jpg","width":1200,"height":675,"caption":"Un abonnement \u00e0 vie \u00e0 Babbel b\u00e9n\u00e9ficie d'une r\u00e9duction \u00e9norme pour le Black Friday"},{"@type":"BreadcrumbList","@id":"https:\/\/vieassociative.be\/actualites\/un-abonnement-a-vie-a-babbel-beneficie-dune-reduction-enorme-pour-le-black-friday\/#breadcrumb","itemListElement":[{"@type":"ListItem","position":1,"name":"Accueil","item":"https:\/\/vieassociative.be\/actualites\/"},{"@type":"ListItem","position":2,"name":"Un abonnement \u00e0 vie \u00e0 Babbel b\u00e9n\u00e9ficie d&rsquo;une r\u00e9duction \u00e9norme pour le Black Friday"}]},{"@type":"WebSite","@id":"https:\/\/vieassociative.be\/actualites\/#website","url":"https:\/\/vieassociative.be\/actualites\/","name":"Vie Associative","description":"","publisher":{"@id":"https:\/\/vieassociative.be\/actualites\/#organization"},"potentialAction":[{"@type":"SearchAction","target":{"@type":"EntryPoint","urlTemplate":"https:\/\/vieassociative.be\/actualites\/?s={search_term_string}"},"query-input":{"@type":"PropertyValueSpecification","valueRequired":true,"valueName":"search_term_string"}}],"inLanguage":"fr-BE"},{"@type":"Organization","@id":"https:\/\/vieassociative.be\/actualites\/#organization","name":"Vie Associative","url":"https:\/\/vieassociative.be\/actualites\/","logo":{"@type":"ImageObject","inLanguage":"fr-BE","@id":"https:\/\/vieassociative.be\/actualites\/#\/schema\/logo\/image\/","url":"https:\/\/vieassociative.be\/actualites\/wp-content\/uploads\/2024\/09\/cropped-vieassociative_favicon.ico.png","contentUrl":"https:\/\/vieassociative.be\/actualites\/wp-content\/uploads\/2024\/09\/cropped-vieassociative_favicon.ico.png","width":512,"height":512,"caption":"Vie Associative"},"image":{"@id":"https:\/\/vieassociative.be\/actualites\/#\/schema\/logo\/image\/"}},{"@type":"Person","@id":"https:\/\/vieassociative.be\/actualites\/#\/schema\/person\/b87ac4f82f9d4e7b7cec7395b679edc4","name":"Julien","image":{"@type":"ImageObject","inLanguage":"fr-BE","@id":"https:\/\/vieassociative.be\/actualites\/#\/schema\/person\/image\/","url":"https:\/\/vieassociative.be\/actualites\/wp-content\/uploads\/2024\/09\/vie-associative-1-150x150.jpg","contentUrl":"https:\/\/vieassociative.be\/actualites\/wp-content\/uploads\/2024\/09\/vie-associative-1-150x150.jpg","caption":"Julien"},"description":"Je suis Julien, r\u00e9dacteur pour Vie Associative. Passionn\u00e9 par le monde associatif depuis plus de 10 ans, j'ai \u00e0 c\u0153ur de partager des histoires inspirantes et de mettre en lumi\u00e8re les initiatives locales. Mon objectif est de sensibiliser et d'encourager l'engagement communautaire \u00e0 travers mes articles.","sameAs":["https:\/\/vieassociative.be\/"]}]}},"_links":{"self":[{"href":"https:\/\/vieassociative.be\/actualites\/wp-json\/wp\/v2\/posts\/11604"}],"collection":[{"href":"https:\/\/vieassociative.be\/actualites\/wp-json\/wp\/v2\/posts"}],"about":[{"href":"https:\/\/vieassociative.be\/actualites\/wp-json\/wp\/v2\/types\/post"}],"author":[{"embeddable":true,"href":"https:\/\/vieassociative.be\/actualites\/wp-json\/wp\/v2\/users\/1"}],"replies":[{"embeddable":true,"href":"https:\/\/vieassociative.be\/actualites\/wp-json\/wp\/v2\/comments?post=11604"}],"version-history":[{"count":0,"href":"https:\/\/vieassociative.be\/actualites\/wp-json\/wp\/v2\/posts\/11604\/revisions"}],"wp:featuredmedia":[{"embeddable":true,"href":"https:\/\/vieassociative.be\/actualites\/wp-json\/wp\/v2\/media\/11605"}],"wp:attachment":[{"href":"https:\/\/vieassociative.be\/actualites\/wp-json\/wp\/v2\/media?parent=11604"}],"wp:term":[{"taxonomy":"category","embeddable":true,"href":"https:\/\/vieassociative.be\/actualites\/wp-json\/wp\/v2\/categories?post=11604"},{"taxonomy":"post_tag","embeddable":true,"href":"https:\/\/vieassociative.be\/actualites\/wp-json\/wp\/v2\/tags?post=11604"}],"curies":[{"name":"wp","href":"https:\/\/api.w.org\/{rel}","templated":true}]}}