{"id":11601,"date":"2025-11-29T03:18:21","date_gmt":"2025-11-29T02:18:21","guid":{"rendered":"https:\/\/vieassociative.be\/actualites\/12-contre-lommel-as-eupen-apres-le-rouge-pour-plastun-en-inferiorite-numerique-pendant-plus-dune-heure-premiere-defaite-a-domicile\/"},"modified":"2025-11-29T03:18:21","modified_gmt":"2025-11-29T02:18:21","slug":"12-contre-lommel-as-eupen-apres-le-rouge-pour-plastun-en-inferiorite-numerique-pendant-plus-dune-heure-premiere-defaite-a-domicile","status":"publish","type":"post","link":"https:\/\/vieassociative.be\/actualites\/12-contre-lommel-as-eupen-apres-le-rouge-pour-plastun-en-inferiorite-numerique-pendant-plus-dune-heure-premiere-defaite-a-domicile\/","title":{"rendered":"1:2 contre Lommel \u2013 AS Eupen apr\u00e8s le rouge pour Plastun en inf\u00e9riorit\u00e9 num\u00e9rique pendant plus d&rsquo;une heure \u2013 premi\u00e8re d\u00e9faite \u00e0 domicile"},"content":{"rendered":"<p><strong>L&rsquo;AS a subi vendredi soir sa premi\u00e8re d\u00e9faite \u00e0 domicile de la saison. Les noirs et blancs ont perdu 1:2 contre le SK Lommel. Eupen a jou\u00e9 en inf\u00e9riorit\u00e9 num\u00e9rique pendant une bonne heure. Depuis le tour final de la saison 2010\/2011, qui a scell\u00e9 la premi\u00e8re rel\u00e9gation d&rsquo;Eupen en 2e division, les invit\u00e9s de la province du Limbourg n&rsquo;avaient plus r\u00e9ussi \u00e0 gagner un match contre l&rsquo;AS.<\/strong><\/p>\n<p><span id=\"more-430611\"><\/span>Selon DAZN, environ 1 700 spectateurs se sont rendus au stade Kehrweg pour assister \u00e0 ce match de l&rsquo;AS contre un vieil ami des pr\u00e9c\u00e9dentes ann\u00e9es de deuxi\u00e8me division. La r\u00e9union a eu lieu dans le cadre de la Journ\u00e9e des DG. La DG souhaitait distribuer 1.511 billets gratuits aux clubs de l&rsquo;Est de la Belgique.<\/p>\n<p>Le SK Lommel est sans victoire depuis cinq matches, tandis que l&rsquo;AS est toujours invaincu \u00e0 domicile cette saison.<\/p>\n<div id=\"attachment_422095\" class=\"wp-caption alignleft\" style=\"max-width: 300px\"><img fetchpriority=\"high\" decoding=\"async\" class=\"wp-image-422095 size-medium\" src=\"https:\/\/vieassociative.be\/actualites\/wp-content\/uploads\/2025\/08\/2-0-Debut-de-la-victoire-pour-As-Eupen-contre-FC.jpg\" alt=\"\" width=\"300\" height=\"200\"><\/div>\n<p>L&rsquo;entra\u00eeneur de l&rsquo;AS, Bruno Pinheiro, a apport\u00e9 quelques changements par rapport au match contre le SK Beveren. Le onze de d\u00e9part d&rsquo;Eupen : Hiller \u2013 Van Genechten, Plastun, Paeshuyse, Youndje \u2013 Bar\u00e8s, M\u00fcller, Busquets, Delaurier-Choodet \u2013 Nuhu, Atteri.<\/p>\n<p>Dans le premier quart d&rsquo;heure, il ne se passait presque rien, \u00e0 part un tir au but pour Eupen et Lommel. Mais seulement deux minutes plus tard, Seutjens a marqu\u00e9 de la t\u00eate le premier but des visiteurs de Lommel apr\u00e8s un centre parfait de la gauche de De Grand, 0-1.<\/p>\n<p>Heureusement, la d\u00e9ception des Noirs et Blancs a dur\u00e9 moins de dix minutes, puisqu&rsquo;Atteri a marqu\u00e9 le but du 1-1 \u00e0 la 25e minute. Et la joie de l&rsquo;\u00e9galisation a \u00e9t\u00e9 encore plus courte que la d\u00e9ception du premier but de Lommel, puisque le d\u00e9fenseur de l&rsquo;AS Plastun a \u00e9t\u00e9 expuls\u00e9 avec un carton rouge \u00e0 la 27e minute. Eupen risquait d\u00e9sormais de devoir jouer en inf\u00e9riorit\u00e9 num\u00e9rique pendant une bonne heure. A la 33\u00e8me minute, l&rsquo;AS Bokadi rempla\u00e7ait Busquets.<\/p>\n<p>Bokadi a jou\u00e9 un r\u00f4le important peu de temps apr\u00e8s lorsque Lommel a marqu\u00e9 un deuxi\u00e8me but, qui a \u00e9t\u00e9 refus\u00e9 par l&rsquo;arbitre car van Duiven aurait appuy\u00e9 sur Bokadi. Eupen a \u00e9galement eu de la chance \u00e0 la 45e minute lorsque le ballon a touch\u00e9 le poteau apr\u00e8s un tir lointain de Lommels Salah.<\/p>\n<div id=\"attachment_418091\" class=\"wp-caption alignleft\" style=\"max-width: 300px\"><img decoding=\"async\" class=\"wp-image-418091 size-medium\" src=\"https:\/\/vieassociative.be\/actualites\/wp-content\/uploads\/2025\/08\/1754770661_504_2-0-Debut-de-la-victoire-pour-As-Eupen-contre-FC.jpg\" alt=\"\" width=\"300\" height=\"200\"><\/div>\n<p>Un tir de Bar\u00e8s dans le petit filet cl\u00f4t la premi\u00e8re mi-temps. Le score \u00e0 la mi-temps \u00e9tait de 1\u00a0:\u00a01.<\/p>\n<p>Trois minutes apr\u00e8s la reprise, Seuntjens redonnait l&rsquo;avantage \u00e0 Lommel apr\u00e8s un centre venant de la droite. Bien s\u00fbr, les invit\u00e9s ont domin\u00e9 majoritairement, tandis qu&rsquo;Eupen s&rsquo;est repli\u00e9 pour l&rsquo;essentiel dans sa moiti\u00e9 de terrain. A la 57e minute, Eupens M\u00fcller se procurait une bonne occasion, mais le ballon passait devant le deuxi\u00e8me poteau.<\/p>\n<p>Double remplacement \u00e0 Eupen \u00e0 la 58e minute : Prunier remplace Atteri, Gavory remplace Youndje. Lommel continuait de tenter sa chance avec des centres du droit ou du gauche vers Seuntjens. La m\u00e9thode a \u00e9galement conduit au succ\u00e8s \u00e0 la 79e minute. Paeshuyse a d&rsquo;abord stopp\u00e9 un tir de van Duiven sur la ligne, mais Salah a fait mouche dans le suivi &#8211; au grand dam des joueurs d&rsquo;AS, qui ont r\u00e9clam\u00e9 une faute sur le gardien Hiller. Il a \u00e9t\u00e9 pr\u00e9cis\u00e9 plus tard que le ballon avait d\u00e9j\u00e0 franchi la ligne de but lorsque Paeshuyse a tent\u00e9 de sauver.<\/p>\n<p>Dans la phase finale, Lommel avait encore une chance de marquer un autre but. Il suffisait \u00e0 Eupen d&rsquo;un coup franc de Gavory qui passait au-dessus du but de Lommel. Du point de vue d&rsquo;Eupen, le 1:2 reste donc d\u00e9cevant. <\/p>\n<p>Eupen reste pour l&rsquo;instant \u00e0 la 7\u00e8me place. Vendredi soir prochain, le 5 d\u00e9cembre, \u00e0 20h. les noirs et blancs seront les invit\u00e9s du RFC Seraing. (cr\u00e9er)<\/p>\n<p><em><strong>Sur le sujet, voir aussi l&rsquo;article suivant sur l&rsquo;OD :<\/strong><\/em><\/p>\n<div class=\"responsive-embed widescreen\">\n<blockquote class=\"wp-embedded-content\" data-secret=\"qZw4FlGGiP\">\n<p>Litige sur les droits de t\u00e9l\u00e9vision : DAZN veut diffuser tous les matchs de Pro League jusqu&rsquo;\u00e0 la fin de la saison<\/p>\n<\/blockquote>\n<p><iframe loading=\"lazy\" class=\"wp-embedded-content\" sandbox=\"allow-scripts\" security=\"restricted\" style=\"position: absolute; visibility: hidden;\" title=\"\u201eStreit um Fernsehrechte: DAZN will alle Spiele der Pro League bis zum Saisonende \u00fcbertragen\u201c \u2013 Ostbelgien Direkt\" src=\"https:\/\/ostbelgiendirekt.be\/about:blank\" data-secret=\"qZw4FlGGiP\" width=\"500\" height=\"282\" frameborder=\"0\" marginwidth=\"0\" marginheight=\"0\" scrolling=\"no\" data-rocket-lazyload=\"fitvidscompatible\" data-lazy-src=\"https:\/\/ostbelgiendirekt.be\/fussball-ohne-tv-und-ohne-var-430418\/embed#?secret=MpM9WjlHq0#?secret=qZw4FlGGiP\"><\/iframe><noscript><iframe class=\"wp-embedded-content\" sandbox=\"allow-scripts\" security=\"restricted\" style=\"position: absolute; visibility: hidden;\" title=\"\u201eStreit um Fernsehrechte: DAZN will alle Spiele der Pro League bis zum Saisonende \u00fcbertragen\u201c \u2013 Ostbelgien Direkt\" src=\"https:\/\/ostbelgiendirekt.be\/fussball-ohne-tv-und-ohne-var-430418\/embed#?secret=MpM9WjlHq0#?secret=qZw4FlGGiP\" data-secret=\"qZw4FlGGiP\" width=\"500\" height=\"282\" frameborder=\"0\" marginwidth=\"0\" marginheight=\"0\" scrolling=\"no\"><\/iframe><\/noscript><\/p>\n<\/div>\n","protected":false},"excerpt":{"rendered":"<p>L&rsquo;AS a subi vendredi soir sa premi\u00e8re d\u00e9faite \u00e0 domicile de la saison. Les noirs et blancs ont perdu 1:2 contre le SK Lommel. Eupen<\/p>\n","protected":false},"author":1,"featured_media":11602,"comment_status":"","ping_status":"","sticky":false,"template":"","format":"standard","meta":{"footnotes":""},"categories":[298],"tags":[472,796,2350,2351,698,2329,2523,3022,5102,651,198,5186,81,610,2556],"class_list":["post-11601","post","type-post","status-publish","format-standard","has-post-thumbnail","hentry","category-belgique","tag-apres","tag-contre","tag-defaite","tag-domicile","tag-dune","tag-eupen","tag-heure","tag-inferiorite","tag-lommel","tag-numerique","tag-pendant","tag-plastun","tag-pour","tag-premiere","tag-rouge","generate-columns","tablet-grid-50","mobile-grid-100","grid-parent","grid-33"],"yoast_head":"<!-- This site is optimized with the Yoast SEO plugin v24.0 - https:\/\/yoast.com\/wordpress\/plugins\/seo\/ -->\n<title>1:2 contre Lommel \u2013 AS Eupen apr\u00e8s le rouge pour Plastun en inf\u00e9riorit\u00e9 num\u00e9rique pendant plus d&#039;une heure \u2013 premi\u00e8re d\u00e9faite \u00e0 domicile | Vie Associative<\/title>\n<meta name=\"robots\" content=\"index, follow, max-snippet:-1, max-image-preview:large, max-video-preview:-1\" \/>\n<link rel=\"canonical\" href=\"https:\/\/vieassociative.be\/actualites\/12-contre-lommel-as-eupen-apres-le-rouge-pour-plastun-en-inferiorite-numerique-pendant-plus-dune-heure-premiere-defaite-a-domicile\/\" \/>\n<meta property=\"og:locale\" content=\"fr_FR\" \/>\n<meta property=\"og:type\" content=\"article\" \/>\n<meta property=\"og:title\" content=\"1:2 contre Lommel \u2013 AS Eupen apr\u00e8s le rouge pour Plastun en inf\u00e9riorit\u00e9 num\u00e9rique pendant plus d&#039;une heure \u2013 premi\u00e8re d\u00e9faite \u00e0 domicile | Vie Associative\" \/>\n<meta property=\"og:description\" content=\"L&rsquo;AS a subi vendredi soir sa premi\u00e8re d\u00e9faite \u00e0 domicile de la saison. Les noirs et blancs ont perdu 1:2 contre le SK Lommel. Eupen\" \/>\n<meta property=\"og:url\" content=\"https:\/\/vieassociative.be\/actualites\/12-contre-lommel-as-eupen-apres-le-rouge-pour-plastun-en-inferiorite-numerique-pendant-plus-dune-heure-premiere-defaite-a-domicile\/\" \/>\n<meta property=\"og:site_name\" content=\"Vie Associative\" \/>\n<meta property=\"article:published_time\" content=\"2025-11-29T02:18:21+00:00\" \/>\n<meta property=\"og:image\" content=\"https:\/\/vieassociative.be\/actualites\/wp-content\/uploads\/2024\/09\/header_backgroundk-01-e1726694325946.png\" \/>\n\t<meta property=\"og:image:width\" content=\"279\" \/>\n\t<meta property=\"og:image:height\" content=\"92\" \/>\n\t<meta property=\"og:image:type\" content=\"image\/png\" \/>\n<meta name=\"author\" content=\"Julien\" \/>\n<meta name=\"twitter:card\" content=\"summary_large_image\" \/>\n<meta name=\"twitter:label1\" content=\"\u00c9crit par\" \/>\n\t<meta name=\"twitter:data1\" content=\"Julien\" \/>\n\t<meta name=\"twitter:label2\" content=\"Dur\u00e9e de lecture est.\" \/>\n\t<meta name=\"twitter:data2\" content=\"3 minutes\" \/>\n<script type=\"application\/ld+json\" class=\"yoast-schema-graph\">{\"@context\":\"https:\/\/schema.org\",\"@graph\":[{\"@type\":\"Article\",\"@id\":\"https:\/\/vieassociative.be\/actualites\/12-contre-lommel-as-eupen-apres-le-rouge-pour-plastun-en-inferiorite-numerique-pendant-plus-dune-heure-premiere-defaite-a-domicile\/#article\",\"isPartOf\":{\"@id\":\"https:\/\/vieassociative.be\/actualites\/12-contre-lommel-as-eupen-apres-le-rouge-pour-plastun-en-inferiorite-numerique-pendant-plus-dune-heure-premiere-defaite-a-domicile\/\"},\"author\":{\"name\":\"Julien\",\"@id\":\"https:\/\/vieassociative.be\/actualites\/#\/schema\/person\/b87ac4f82f9d4e7b7cec7395b679edc4\"},\"headline\":\"1:2 contre Lommel \u2013 AS Eupen apr\u00e8s le rouge pour Plastun en inf\u00e9riorit\u00e9 num\u00e9rique pendant plus d&rsquo;une heure \u2013 premi\u00e8re d\u00e9faite \u00e0 domicile\",\"datePublished\":\"2025-11-29T02:18:21+00:00\",\"dateModified\":\"2025-11-29T02:18:21+00:00\",\"mainEntityOfPage\":{\"@id\":\"https:\/\/vieassociative.be\/actualites\/12-contre-lommel-as-eupen-apres-le-rouge-pour-plastun-en-inferiorite-numerique-pendant-plus-dune-heure-premiere-defaite-a-domicile\/\"},\"wordCount\":712,\"publisher\":{\"@id\":\"https:\/\/vieassociative.be\/actualites\/#organization\"},\"image\":{\"@id\":\"https:\/\/vieassociative.be\/actualites\/12-contre-lommel-as-eupen-apres-le-rouge-pour-plastun-en-inferiorite-numerique-pendant-plus-dune-heure-premiere-defaite-a-domicile\/#primaryimage\"},\"thumbnailUrl\":\"https:\/\/vieassociative.be\/actualites\/wp-content\/uploads\/2025\/11\/12-contre-Lommel-\u2013-AS-Eupen-apres-le-rouge-pour.jpg\",\"keywords\":[\"Apr\u00e8s\",\"contre\",\"D\u00e9faite\",\"domicile\",\"dune\",\"Eupen\",\"heure\",\"inf\u00e9riorit\u00e9\",\"Lommel\",\"num\u00e9rique\",\"pendant\",\"Plastun\",\"pour\",\"premi\u00e8re\",\"rouge\"],\"articleSection\":[\"Belgique\"],\"inLanguage\":\"fr-BE\"},{\"@type\":\"WebPage\",\"@id\":\"https:\/\/vieassociative.be\/actualites\/12-contre-lommel-as-eupen-apres-le-rouge-pour-plastun-en-inferiorite-numerique-pendant-plus-dune-heure-premiere-defaite-a-domicile\/\",\"url\":\"https:\/\/vieassociative.be\/actualites\/12-contre-lommel-as-eupen-apres-le-rouge-pour-plastun-en-inferiorite-numerique-pendant-plus-dune-heure-premiere-defaite-a-domicile\/\",\"name\":\"1:2 contre Lommel \u2013 AS Eupen apr\u00e8s le rouge pour Plastun en inf\u00e9riorit\u00e9 num\u00e9rique pendant plus d'une heure \u2013 premi\u00e8re d\u00e9faite \u00e0 domicile | Vie Associative\",\"isPartOf\":{\"@id\":\"https:\/\/vieassociative.be\/actualites\/#website\"},\"primaryImageOfPage\":{\"@id\":\"https:\/\/vieassociative.be\/actualites\/12-contre-lommel-as-eupen-apres-le-rouge-pour-plastun-en-inferiorite-numerique-pendant-plus-dune-heure-premiere-defaite-a-domicile\/#primaryimage\"},\"image\":{\"@id\":\"https:\/\/vieassociative.be\/actualites\/12-contre-lommel-as-eupen-apres-le-rouge-pour-plastun-en-inferiorite-numerique-pendant-plus-dune-heure-premiere-defaite-a-domicile\/#primaryimage\"},\"thumbnailUrl\":\"https:\/\/vieassociative.be\/actualites\/wp-content\/uploads\/2025\/11\/12-contre-Lommel-\u2013-AS-Eupen-apres-le-rouge-pour.jpg\",\"datePublished\":\"2025-11-29T02:18:21+00:00\",\"dateModified\":\"2025-11-29T02:18:21+00:00\",\"breadcrumb\":{\"@id\":\"https:\/\/vieassociative.be\/actualites\/12-contre-lommel-as-eupen-apres-le-rouge-pour-plastun-en-inferiorite-numerique-pendant-plus-dune-heure-premiere-defaite-a-domicile\/#breadcrumb\"},\"inLanguage\":\"fr-BE\",\"potentialAction\":[{\"@type\":\"ReadAction\",\"target\":[\"https:\/\/vieassociative.be\/actualites\/12-contre-lommel-as-eupen-apres-le-rouge-pour-plastun-en-inferiorite-numerique-pendant-plus-dune-heure-premiere-defaite-a-domicile\/\"]}]},{\"@type\":\"ImageObject\",\"inLanguage\":\"fr-BE\",\"@id\":\"https:\/\/vieassociative.be\/actualites\/12-contre-lommel-as-eupen-apres-le-rouge-pour-plastun-en-inferiorite-numerique-pendant-plus-dune-heure-premiere-defaite-a-domicile\/#primaryimage\",\"url\":\"https:\/\/vieassociative.be\/actualites\/wp-content\/uploads\/2025\/11\/12-contre-Lommel-\u2013-AS-Eupen-apres-le-rouge-pour.jpg\",\"contentUrl\":\"https:\/\/vieassociative.be\/actualites\/wp-content\/uploads\/2025\/11\/12-contre-Lommel-\u2013-AS-Eupen-apres-le-rouge-pour.jpg\",\"width\":1200,\"height\":801,\"caption\":\"1:2 contre Lommel \u2013 AS Eupen apr\u00e8s le rouge pour Plastun en inf\u00e9riorit\u00e9 num\u00e9rique pendant plus d'une heure \u2013 premi\u00e8re d\u00e9faite \u00e0 domicile\"},{\"@type\":\"BreadcrumbList\",\"@id\":\"https:\/\/vieassociative.be\/actualites\/12-contre-lommel-as-eupen-apres-le-rouge-pour-plastun-en-inferiorite-numerique-pendant-plus-dune-heure-premiere-defaite-a-domicile\/#breadcrumb\",\"itemListElement\":[{\"@type\":\"ListItem\",\"position\":1,\"name\":\"Accueil\",\"item\":\"https:\/\/vieassociative.be\/actualites\/\"},{\"@type\":\"ListItem\",\"position\":2,\"name\":\"1:2 contre Lommel \u2013 AS Eupen apr\u00e8s le rouge pour Plastun en inf\u00e9riorit\u00e9 num\u00e9rique pendant plus d&rsquo;une heure \u2013 premi\u00e8re d\u00e9faite \u00e0 domicile\"}]},{\"@type\":\"WebSite\",\"@id\":\"https:\/\/vieassociative.be\/actualites\/#website\",\"url\":\"https:\/\/vieassociative.be\/actualites\/\",\"name\":\"Vie Associative\",\"description\":\"\",\"publisher\":{\"@id\":\"https:\/\/vieassociative.be\/actualites\/#organization\"},\"potentialAction\":[{\"@type\":\"SearchAction\",\"target\":{\"@type\":\"EntryPoint\",\"urlTemplate\":\"https:\/\/vieassociative.be\/actualites\/?s={search_term_string}\"},\"query-input\":{\"@type\":\"PropertyValueSpecification\",\"valueRequired\":true,\"valueName\":\"search_term_string\"}}],\"inLanguage\":\"fr-BE\"},{\"@type\":\"Organization\",\"@id\":\"https:\/\/vieassociative.be\/actualites\/#organization\",\"name\":\"Vie Associative\",\"url\":\"https:\/\/vieassociative.be\/actualites\/\",\"logo\":{\"@type\":\"ImageObject\",\"inLanguage\":\"fr-BE\",\"@id\":\"https:\/\/vieassociative.be\/actualites\/#\/schema\/logo\/image\/\",\"url\":\"https:\/\/vieassociative.be\/actualites\/wp-content\/uploads\/2024\/09\/cropped-vieassociative_favicon.ico.png\",\"contentUrl\":\"https:\/\/vieassociative.be\/actualites\/wp-content\/uploads\/2024\/09\/cropped-vieassociative_favicon.ico.png\",\"width\":512,\"height\":512,\"caption\":\"Vie Associative\"},\"image\":{\"@id\":\"https:\/\/vieassociative.be\/actualites\/#\/schema\/logo\/image\/\"}},{\"@type\":\"Person\",\"@id\":\"https:\/\/vieassociative.be\/actualites\/#\/schema\/person\/b87ac4f82f9d4e7b7cec7395b679edc4\",\"name\":\"Julien\",\"image\":{\"@type\":\"ImageObject\",\"inLanguage\":\"fr-BE\",\"@id\":\"https:\/\/vieassociative.be\/actualites\/#\/schema\/person\/image\/\",\"url\":\"https:\/\/vieassociative.be\/actualites\/wp-content\/uploads\/2024\/09\/vie-associative-1-150x150.jpg\",\"contentUrl\":\"https:\/\/vieassociative.be\/actualites\/wp-content\/uploads\/2024\/09\/vie-associative-1-150x150.jpg\",\"caption\":\"Julien\"},\"description\":\"Je suis Julien, r\u00e9dacteur pour Vie Associative. Passionn\u00e9 par le monde associatif depuis plus de 10 ans, j'ai \u00e0 c\u0153ur de partager des histoires inspirantes et de mettre en lumi\u00e8re les initiatives locales. Mon objectif est de sensibiliser et d'encourager l'engagement communautaire \u00e0 travers mes articles.\",\"sameAs\":[\"https:\/\/vieassociative.be\/\"]}]}<\/script>\n<!-- \/ Yoast SEO plugin. -->","yoast_head_json":{"title":"1:2 contre Lommel \u2013 AS Eupen apr\u00e8s le rouge pour Plastun en inf\u00e9riorit\u00e9 num\u00e9rique pendant plus d'une heure \u2013 premi\u00e8re d\u00e9faite \u00e0 domicile | Vie Associative","robots":{"index":"index","follow":"follow","max-snippet":"max-snippet:-1","max-image-preview":"max-image-preview:large","max-video-preview":"max-video-preview:-1"},"canonical":"https:\/\/vieassociative.be\/actualites\/12-contre-lommel-as-eupen-apres-le-rouge-pour-plastun-en-inferiorite-numerique-pendant-plus-dune-heure-premiere-defaite-a-domicile\/","og_locale":"fr_FR","og_type":"article","og_title":"1:2 contre Lommel \u2013 AS Eupen apr\u00e8s le rouge pour Plastun en inf\u00e9riorit\u00e9 num\u00e9rique pendant plus d'une heure \u2013 premi\u00e8re d\u00e9faite \u00e0 domicile | Vie Associative","og_description":"L&rsquo;AS a subi vendredi soir sa premi\u00e8re d\u00e9faite \u00e0 domicile de la saison. Les noirs et blancs ont perdu 1:2 contre le SK Lommel. Eupen","og_url":"https:\/\/vieassociative.be\/actualites\/12-contre-lommel-as-eupen-apres-le-rouge-pour-plastun-en-inferiorite-numerique-pendant-plus-dune-heure-premiere-defaite-a-domicile\/","og_site_name":"Vie Associative","article_published_time":"2025-11-29T02:18:21+00:00","og_image":[{"width":279,"height":92,"url":"https:\/\/vieassociative.be\/actualites\/wp-content\/uploads\/2024\/09\/header_backgroundk-01-e1726694325946.png","type":"image\/png"}],"author":"Julien","twitter_card":"summary_large_image","twitter_misc":{"\u00c9crit par":"Julien","Dur\u00e9e de lecture est.":"3 minutes"},"schema":{"@context":"https:\/\/schema.org","@graph":[{"@type":"Article","@id":"https:\/\/vieassociative.be\/actualites\/12-contre-lommel-as-eupen-apres-le-rouge-pour-plastun-en-inferiorite-numerique-pendant-plus-dune-heure-premiere-defaite-a-domicile\/#article","isPartOf":{"@id":"https:\/\/vieassociative.be\/actualites\/12-contre-lommel-as-eupen-apres-le-rouge-pour-plastun-en-inferiorite-numerique-pendant-plus-dune-heure-premiere-defaite-a-domicile\/"},"author":{"name":"Julien","@id":"https:\/\/vieassociative.be\/actualites\/#\/schema\/person\/b87ac4f82f9d4e7b7cec7395b679edc4"},"headline":"1:2 contre Lommel \u2013 AS Eupen apr\u00e8s le rouge pour Plastun en inf\u00e9riorit\u00e9 num\u00e9rique pendant plus d&rsquo;une heure \u2013 premi\u00e8re d\u00e9faite \u00e0 domicile","datePublished":"2025-11-29T02:18:21+00:00","dateModified":"2025-11-29T02:18:21+00:00","mainEntityOfPage":{"@id":"https:\/\/vieassociative.be\/actualites\/12-contre-lommel-as-eupen-apres-le-rouge-pour-plastun-en-inferiorite-numerique-pendant-plus-dune-heure-premiere-defaite-a-domicile\/"},"wordCount":712,"publisher":{"@id":"https:\/\/vieassociative.be\/actualites\/#organization"},"image":{"@id":"https:\/\/vieassociative.be\/actualites\/12-contre-lommel-as-eupen-apres-le-rouge-pour-plastun-en-inferiorite-numerique-pendant-plus-dune-heure-premiere-defaite-a-domicile\/#primaryimage"},"thumbnailUrl":"https:\/\/vieassociative.be\/actualites\/wp-content\/uploads\/2025\/11\/12-contre-Lommel-\u2013-AS-Eupen-apres-le-rouge-pour.jpg","keywords":["Apr\u00e8s","contre","D\u00e9faite","domicile","dune","Eupen","heure","inf\u00e9riorit\u00e9","Lommel","num\u00e9rique","pendant","Plastun","pour","premi\u00e8re","rouge"],"articleSection":["Belgique"],"inLanguage":"fr-BE"},{"@type":"WebPage","@id":"https:\/\/vieassociative.be\/actualites\/12-contre-lommel-as-eupen-apres-le-rouge-pour-plastun-en-inferiorite-numerique-pendant-plus-dune-heure-premiere-defaite-a-domicile\/","url":"https:\/\/vieassociative.be\/actualites\/12-contre-lommel-as-eupen-apres-le-rouge-pour-plastun-en-inferiorite-numerique-pendant-plus-dune-heure-premiere-defaite-a-domicile\/","name":"1:2 contre Lommel \u2013 AS Eupen apr\u00e8s le rouge pour Plastun en inf\u00e9riorit\u00e9 num\u00e9rique pendant plus d'une heure \u2013 premi\u00e8re d\u00e9faite \u00e0 domicile | Vie Associative","isPartOf":{"@id":"https:\/\/vieassociative.be\/actualites\/#website"},"primaryImageOfPage":{"@id":"https:\/\/vieassociative.be\/actualites\/12-contre-lommel-as-eupen-apres-le-rouge-pour-plastun-en-inferiorite-numerique-pendant-plus-dune-heure-premiere-defaite-a-domicile\/#primaryimage"},"image":{"@id":"https:\/\/vieassociative.be\/actualites\/12-contre-lommel-as-eupen-apres-le-rouge-pour-plastun-en-inferiorite-numerique-pendant-plus-dune-heure-premiere-defaite-a-domicile\/#primaryimage"},"thumbnailUrl":"https:\/\/vieassociative.be\/actualites\/wp-content\/uploads\/2025\/11\/12-contre-Lommel-\u2013-AS-Eupen-apres-le-rouge-pour.jpg","datePublished":"2025-11-29T02:18:21+00:00","dateModified":"2025-11-29T02:18:21+00:00","breadcrumb":{"@id":"https:\/\/vieassociative.be\/actualites\/12-contre-lommel-as-eupen-apres-le-rouge-pour-plastun-en-inferiorite-numerique-pendant-plus-dune-heure-premiere-defaite-a-domicile\/#breadcrumb"},"inLanguage":"fr-BE","potentialAction":[{"@type":"ReadAction","target":["https:\/\/vieassociative.be\/actualites\/12-contre-lommel-as-eupen-apres-le-rouge-pour-plastun-en-inferiorite-numerique-pendant-plus-dune-heure-premiere-defaite-a-domicile\/"]}]},{"@type":"ImageObject","inLanguage":"fr-BE","@id":"https:\/\/vieassociative.be\/actualites\/12-contre-lommel-as-eupen-apres-le-rouge-pour-plastun-en-inferiorite-numerique-pendant-plus-dune-heure-premiere-defaite-a-domicile\/#primaryimage","url":"https:\/\/vieassociative.be\/actualites\/wp-content\/uploads\/2025\/11\/12-contre-Lommel-\u2013-AS-Eupen-apres-le-rouge-pour.jpg","contentUrl":"https:\/\/vieassociative.be\/actualites\/wp-content\/uploads\/2025\/11\/12-contre-Lommel-\u2013-AS-Eupen-apres-le-rouge-pour.jpg","width":1200,"height":801,"caption":"1:2 contre Lommel \u2013 AS Eupen apr\u00e8s le rouge pour Plastun en inf\u00e9riorit\u00e9 num\u00e9rique pendant plus d'une heure \u2013 premi\u00e8re d\u00e9faite \u00e0 domicile"},{"@type":"BreadcrumbList","@id":"https:\/\/vieassociative.be\/actualites\/12-contre-lommel-as-eupen-apres-le-rouge-pour-plastun-en-inferiorite-numerique-pendant-plus-dune-heure-premiere-defaite-a-domicile\/#breadcrumb","itemListElement":[{"@type":"ListItem","position":1,"name":"Accueil","item":"https:\/\/vieassociative.be\/actualites\/"},{"@type":"ListItem","position":2,"name":"1:2 contre Lommel \u2013 AS Eupen apr\u00e8s le rouge pour Plastun en inf\u00e9riorit\u00e9 num\u00e9rique pendant plus d&rsquo;une heure \u2013 premi\u00e8re d\u00e9faite \u00e0 domicile"}]},{"@type":"WebSite","@id":"https:\/\/vieassociative.be\/actualites\/#website","url":"https:\/\/vieassociative.be\/actualites\/","name":"Vie Associative","description":"","publisher":{"@id":"https:\/\/vieassociative.be\/actualites\/#organization"},"potentialAction":[{"@type":"SearchAction","target":{"@type":"EntryPoint","urlTemplate":"https:\/\/vieassociative.be\/actualites\/?s={search_term_string}"},"query-input":{"@type":"PropertyValueSpecification","valueRequired":true,"valueName":"search_term_string"}}],"inLanguage":"fr-BE"},{"@type":"Organization","@id":"https:\/\/vieassociative.be\/actualites\/#organization","name":"Vie Associative","url":"https:\/\/vieassociative.be\/actualites\/","logo":{"@type":"ImageObject","inLanguage":"fr-BE","@id":"https:\/\/vieassociative.be\/actualites\/#\/schema\/logo\/image\/","url":"https:\/\/vieassociative.be\/actualites\/wp-content\/uploads\/2024\/09\/cropped-vieassociative_favicon.ico.png","contentUrl":"https:\/\/vieassociative.be\/actualites\/wp-content\/uploads\/2024\/09\/cropped-vieassociative_favicon.ico.png","width":512,"height":512,"caption":"Vie Associative"},"image":{"@id":"https:\/\/vieassociative.be\/actualites\/#\/schema\/logo\/image\/"}},{"@type":"Person","@id":"https:\/\/vieassociative.be\/actualites\/#\/schema\/person\/b87ac4f82f9d4e7b7cec7395b679edc4","name":"Julien","image":{"@type":"ImageObject","inLanguage":"fr-BE","@id":"https:\/\/vieassociative.be\/actualites\/#\/schema\/person\/image\/","url":"https:\/\/vieassociative.be\/actualites\/wp-content\/uploads\/2024\/09\/vie-associative-1-150x150.jpg","contentUrl":"https:\/\/vieassociative.be\/actualites\/wp-content\/uploads\/2024\/09\/vie-associative-1-150x150.jpg","caption":"Julien"},"description":"Je suis Julien, r\u00e9dacteur pour Vie Associative. Passionn\u00e9 par le monde associatif depuis plus de 10 ans, j'ai \u00e0 c\u0153ur de partager des histoires inspirantes et de mettre en lumi\u00e8re les initiatives locales. Mon objectif est de sensibiliser et d'encourager l'engagement communautaire \u00e0 travers mes articles.","sameAs":["https:\/\/vieassociative.be\/"]}]}},"_links":{"self":[{"href":"https:\/\/vieassociative.be\/actualites\/wp-json\/wp\/v2\/posts\/11601"}],"collection":[{"href":"https:\/\/vieassociative.be\/actualites\/wp-json\/wp\/v2\/posts"}],"about":[{"href":"https:\/\/vieassociative.be\/actualites\/wp-json\/wp\/v2\/types\/post"}],"author":[{"embeddable":true,"href":"https:\/\/vieassociative.be\/actualites\/wp-json\/wp\/v2\/users\/1"}],"replies":[{"embeddable":true,"href":"https:\/\/vieassociative.be\/actualites\/wp-json\/wp\/v2\/comments?post=11601"}],"version-history":[{"count":0,"href":"https:\/\/vieassociative.be\/actualites\/wp-json\/wp\/v2\/posts\/11601\/revisions"}],"wp:featuredmedia":[{"embeddable":true,"href":"https:\/\/vieassociative.be\/actualites\/wp-json\/wp\/v2\/media\/11602"}],"wp:attachment":[{"href":"https:\/\/vieassociative.be\/actualites\/wp-json\/wp\/v2\/media?parent=11601"}],"wp:term":[{"taxonomy":"category","embeddable":true,"href":"https:\/\/vieassociative.be\/actualites\/wp-json\/wp\/v2\/categories?post=11601"},{"taxonomy":"post_tag","embeddable":true,"href":"https:\/\/vieassociative.be\/actualites\/wp-json\/wp\/v2\/tags?post=11601"}],"curies":[{"name":"wp","href":"https:\/\/api.w.org\/{rel}","templated":true}]}}