{"id":11595,"date":"2025-11-28T21:17:51","date_gmt":"2025-11-28T20:17:51","guid":{"rendered":"https:\/\/vieassociative.be\/actualites\/jesus-marie-joseph-et-rois-sans-visages-la-creche-de-la-grandplace-de-bruxelles-suscite-des-discussions\/"},"modified":"2025-11-28T21:17:51","modified_gmt":"2025-11-28T20:17:51","slug":"jesus-marie-joseph-et-rois-sans-visages-la-creche-de-la-grandplace-de-bruxelles-suscite-des-discussions","status":"publish","type":"post","link":"https:\/\/vieassociative.be\/actualites\/jesus-marie-joseph-et-rois-sans-visages-la-creche-de-la-grandplace-de-bruxelles-suscite-des-discussions\/","title":{"rendered":"J\u00e9sus, Marie, Joseph et rois sans visages : la cr\u00e8che de la Grand&rsquo;Place de Bruxelles suscite des discussions"},"content":{"rendered":"<p><strong>Les \u00ab Plaisirs d&rsquo;Hiver \u00bb, comme on appelle d\u00e9sormais le march\u00e9 de No\u00ebl de la c\u00e9l\u00e8bre Grand&rsquo;Place de Bruxelles, reviennent ce vendredi au centre de la capitale. La cr\u00e8che suscite des discussions : elle montre J\u00e9sus, Marie et Joseph sans visage.<\/strong><\/p>\n<p><span id=\"more-430552\"><\/span>A Bruxelles, les f\u00eates de fin d&rsquo;ann\u00e9e d\u00e9butent officiellement ce vendredi soir avec le d\u00e9but des \u00ab\u00a0Plaisirs d&rsquo;Hiver\u00a0\u00bb, les \u00ab\u00a0D\u00e9lices d&rsquo;hiver*. Jusqu&rsquo;au 1er janvier, la Grand&rsquo;Place et ses environs s&rsquo;illumineront de d\u00e9cors scintillants, de cabanes gourmandes et de cr\u00e8ches.<\/p>\n<p>Cette ann\u00e9e, la cr\u00e8che fait pol\u00e9mique : elle a \u00e9t\u00e9 install\u00e9e mercredi et n&rsquo;a laiss\u00e9 personne indiff\u00e9rent depuis. La raison : les visages de J\u00e9sus, Marie, Joseph et les Rois Mages ont disparu. Ils ont \u00e9t\u00e9 remplac\u00e9s par des carr\u00e9s de tissu color\u00e9s.<\/p>\n<div id=\"attachment_430554\" class=\"wp-caption alignleft\" style=\"max-width: 300px\"><img fetchpriority=\"high\" decoding=\"async\" class=\"wp-image-430554 size-medium\" src=\"https:\/\/vieassociative.be\/actualites\/wp-content\/uploads\/2025\/11\/Jesus-Marie-Joseph-et-rois-sans-visages-la-creche.jpg\" alt=\"\" width=\"300\" height=\"200\"><\/div>\n<p>L&rsquo;organisateur des \u00ab Plaisirs d&rsquo;Hiver \u00bb s&rsquo;en tient \u00e0 cela : c&rsquo;est une mixit\u00e9 inclusive pour que chacun puisse s&rsquo;y reconna\u00eetre, dit-on.<\/p>\n<p>Les photos parues jusqu&rsquo;\u00e0 pr\u00e9sent dans la presse ont suscit\u00e9 de nombreuses r\u00e9actions n\u00e9gatives : la modernit\u00e9 de la structure et l&rsquo;absence de visages sur les personnages ne sont pas seulement appr\u00e9ci\u00e9es.<\/p>\n<p>La cr\u00e8che sera \u00e0 nouveau install\u00e9e pour les cinq prochaines ann\u00e9es. Le bourgmestre de Bruxelles, Philippe Close, a expliqu\u00e9 que l&rsquo;ancienne cr\u00e8che \u00e9tait v\u00e9tuste et difficilement transportable.<\/p>\n<p>Le footballeur national belge Thomas Meunier, originaire de la province du Luxembourg, s&rsquo;est \u00e9galement prononc\u00e9 et a \u00e9crit sur son compte X : \u00ab Nous avons touch\u00e9 le fond \u00bb.<\/p>\n<p>Le terme m\u00eame de \u00ab Plaisirs d&rsquo;hiver \u00bb s&rsquo;\u00e9cartait des traditions chr\u00e9tiennes occidentales, tout comme il n&rsquo;y a plus de \u00ab vacances de No\u00ebl \u00bb en Belgique francophone, mais des \u00ab vacances d&rsquo;hiver \u00bb. (cr\u00e9er)<\/p>\n","protected":false},"excerpt":{"rendered":"<p>Les \u00ab Plaisirs d&rsquo;Hiver \u00bb, comme on appelle d\u00e9sormais le march\u00e9 de No\u00ebl de la c\u00e9l\u00e8bre Grand&rsquo;Place de Bruxelles, reviennent ce vendredi au centre de<\/p>\n","protected":false},"author":1,"featured_media":11596,"comment_status":"","ping_status":"","sticky":false,"template":"","format":"standard","meta":{"footnotes":""},"categories":[298],"tags":[455,9392,29,1607,7573,9389,9390,7611,9391,130,9393,1508],"class_list":["post-11595","post","type-post","status-publish","format-standard","has-post-thumbnail","hentry","category-belgique","tag-bruxelles","tag-creche","tag-des","tag-discussions","tag-grandplace","tag-jesus","tag-joseph","tag-marie","tag-rois","tag-sans","tag-suscite","tag-visages","generate-columns","tablet-grid-50","mobile-grid-100","grid-parent","grid-33"],"yoast_head":"<!-- This site is optimized with the Yoast SEO plugin v24.0 - https:\/\/yoast.com\/wordpress\/plugins\/seo\/ -->\n<title>J\u00e9sus, Marie, Joseph et rois sans visages : la cr\u00e8che de la Grand&#039;Place de Bruxelles suscite des discussions | Vie Associative<\/title>\n<meta name=\"robots\" content=\"index, follow, max-snippet:-1, max-image-preview:large, max-video-preview:-1\" \/>\n<link rel=\"canonical\" href=\"https:\/\/vieassociative.be\/actualites\/jesus-marie-joseph-et-rois-sans-visages-la-creche-de-la-grandplace-de-bruxelles-suscite-des-discussions\/\" \/>\n<meta property=\"og:locale\" content=\"fr_FR\" \/>\n<meta property=\"og:type\" content=\"article\" \/>\n<meta property=\"og:title\" content=\"J\u00e9sus, Marie, Joseph et rois sans visages : la cr\u00e8che de la Grand&#039;Place de Bruxelles suscite des discussions | Vie Associative\" \/>\n<meta property=\"og:description\" content=\"Les \u00ab Plaisirs d&rsquo;Hiver \u00bb, comme on appelle d\u00e9sormais le march\u00e9 de No\u00ebl de la c\u00e9l\u00e8bre Grand&rsquo;Place de Bruxelles, reviennent ce vendredi au centre de\" \/>\n<meta property=\"og:url\" content=\"https:\/\/vieassociative.be\/actualites\/jesus-marie-joseph-et-rois-sans-visages-la-creche-de-la-grandplace-de-bruxelles-suscite-des-discussions\/\" \/>\n<meta property=\"og:site_name\" content=\"Vie Associative\" \/>\n<meta property=\"article:published_time\" content=\"2025-11-28T20:17:51+00:00\" \/>\n<meta property=\"og:image\" content=\"https:\/\/vieassociative.be\/actualites\/wp-content\/uploads\/2024\/09\/header_backgroundk-01-e1726694325946.png\" \/>\n\t<meta property=\"og:image:width\" content=\"279\" \/>\n\t<meta property=\"og:image:height\" content=\"92\" \/>\n\t<meta property=\"og:image:type\" content=\"image\/png\" \/>\n<meta name=\"author\" content=\"Julien\" \/>\n<meta name=\"twitter:card\" content=\"summary_large_image\" \/>\n<meta name=\"twitter:label1\" content=\"\u00c9crit par\" \/>\n\t<meta name=\"twitter:data1\" content=\"Julien\" \/>\n\t<meta name=\"twitter:label2\" content=\"Dur\u00e9e de lecture est.\" \/>\n\t<meta name=\"twitter:data2\" content=\"1 minute\" \/>\n<script type=\"application\/ld+json\" class=\"yoast-schema-graph\">{\"@context\":\"https:\/\/schema.org\",\"@graph\":[{\"@type\":\"Article\",\"@id\":\"https:\/\/vieassociative.be\/actualites\/jesus-marie-joseph-et-rois-sans-visages-la-creche-de-la-grandplace-de-bruxelles-suscite-des-discussions\/#article\",\"isPartOf\":{\"@id\":\"https:\/\/vieassociative.be\/actualites\/jesus-marie-joseph-et-rois-sans-visages-la-creche-de-la-grandplace-de-bruxelles-suscite-des-discussions\/\"},\"author\":{\"name\":\"Julien\",\"@id\":\"https:\/\/vieassociative.be\/actualites\/#\/schema\/person\/b87ac4f82f9d4e7b7cec7395b679edc4\"},\"headline\":\"J\u00e9sus, Marie, Joseph et rois sans visages : la cr\u00e8che de la Grand&rsquo;Place de Bruxelles suscite des discussions\",\"datePublished\":\"2025-11-28T20:17:51+00:00\",\"dateModified\":\"2025-11-28T20:17:51+00:00\",\"mainEntityOfPage\":{\"@id\":\"https:\/\/vieassociative.be\/actualites\/jesus-marie-joseph-et-rois-sans-visages-la-creche-de-la-grandplace-de-bruxelles-suscite-des-discussions\/\"},\"wordCount\":327,\"publisher\":{\"@id\":\"https:\/\/vieassociative.be\/actualites\/#organization\"},\"image\":{\"@id\":\"https:\/\/vieassociative.be\/actualites\/jesus-marie-joseph-et-rois-sans-visages-la-creche-de-la-grandplace-de-bruxelles-suscite-des-discussions\/#primaryimage\"},\"thumbnailUrl\":\"https:\/\/vieassociative.be\/actualites\/wp-content\/uploads\/2025\/11\/1764361071_Jesus-Marie-Joseph-et-rois-sans-visages-la-creche.jpg\",\"keywords\":[\"Bruxelles\",\"cr\u00e8che\",\"Des\",\"discussions\",\"GrandPlace\",\"J\u00e9sus\",\"Joseph\",\"mari\u00e9\",\"rois\",\"sans\",\"suscite\",\"visages\"],\"articleSection\":[\"Belgique\"],\"inLanguage\":\"fr-BE\"},{\"@type\":\"WebPage\",\"@id\":\"https:\/\/vieassociative.be\/actualites\/jesus-marie-joseph-et-rois-sans-visages-la-creche-de-la-grandplace-de-bruxelles-suscite-des-discussions\/\",\"url\":\"https:\/\/vieassociative.be\/actualites\/jesus-marie-joseph-et-rois-sans-visages-la-creche-de-la-grandplace-de-bruxelles-suscite-des-discussions\/\",\"name\":\"J\u00e9sus, Marie, Joseph et rois sans visages : la cr\u00e8che de la Grand'Place de Bruxelles suscite des discussions | Vie Associative\",\"isPartOf\":{\"@id\":\"https:\/\/vieassociative.be\/actualites\/#website\"},\"primaryImageOfPage\":{\"@id\":\"https:\/\/vieassociative.be\/actualites\/jesus-marie-joseph-et-rois-sans-visages-la-creche-de-la-grandplace-de-bruxelles-suscite-des-discussions\/#primaryimage\"},\"image\":{\"@id\":\"https:\/\/vieassociative.be\/actualites\/jesus-marie-joseph-et-rois-sans-visages-la-creche-de-la-grandplace-de-bruxelles-suscite-des-discussions\/#primaryimage\"},\"thumbnailUrl\":\"https:\/\/vieassociative.be\/actualites\/wp-content\/uploads\/2025\/11\/1764361071_Jesus-Marie-Joseph-et-rois-sans-visages-la-creche.jpg\",\"datePublished\":\"2025-11-28T20:17:51+00:00\",\"dateModified\":\"2025-11-28T20:17:51+00:00\",\"breadcrumb\":{\"@id\":\"https:\/\/vieassociative.be\/actualites\/jesus-marie-joseph-et-rois-sans-visages-la-creche-de-la-grandplace-de-bruxelles-suscite-des-discussions\/#breadcrumb\"},\"inLanguage\":\"fr-BE\",\"potentialAction\":[{\"@type\":\"ReadAction\",\"target\":[\"https:\/\/vieassociative.be\/actualites\/jesus-marie-joseph-et-rois-sans-visages-la-creche-de-la-grandplace-de-bruxelles-suscite-des-discussions\/\"]}]},{\"@type\":\"ImageObject\",\"inLanguage\":\"fr-BE\",\"@id\":\"https:\/\/vieassociative.be\/actualites\/jesus-marie-joseph-et-rois-sans-visages-la-creche-de-la-grandplace-de-bruxelles-suscite-des-discussions\/#primaryimage\",\"url\":\"https:\/\/vieassociative.be\/actualites\/wp-content\/uploads\/2025\/11\/1764361071_Jesus-Marie-Joseph-et-rois-sans-visages-la-creche.jpg\",\"contentUrl\":\"https:\/\/vieassociative.be\/actualites\/wp-content\/uploads\/2025\/11\/1764361071_Jesus-Marie-Joseph-et-rois-sans-visages-la-creche.jpg\",\"width\":1200,\"height\":800,\"caption\":\"J\u00e9sus, Marie, Joseph et rois sans visages : la cr\u00e8che de la Grand'Place de Bruxelles suscite des discussions\"},{\"@type\":\"BreadcrumbList\",\"@id\":\"https:\/\/vieassociative.be\/actualites\/jesus-marie-joseph-et-rois-sans-visages-la-creche-de-la-grandplace-de-bruxelles-suscite-des-discussions\/#breadcrumb\",\"itemListElement\":[{\"@type\":\"ListItem\",\"position\":1,\"name\":\"Accueil\",\"item\":\"https:\/\/vieassociative.be\/actualites\/\"},{\"@type\":\"ListItem\",\"position\":2,\"name\":\"J\u00e9sus, Marie, Joseph et rois sans visages : la cr\u00e8che de la Grand&rsquo;Place de Bruxelles suscite des discussions\"}]},{\"@type\":\"WebSite\",\"@id\":\"https:\/\/vieassociative.be\/actualites\/#website\",\"url\":\"https:\/\/vieassociative.be\/actualites\/\",\"name\":\"Vie Associative\",\"description\":\"\",\"publisher\":{\"@id\":\"https:\/\/vieassociative.be\/actualites\/#organization\"},\"potentialAction\":[{\"@type\":\"SearchAction\",\"target\":{\"@type\":\"EntryPoint\",\"urlTemplate\":\"https:\/\/vieassociative.be\/actualites\/?s={search_term_string}\"},\"query-input\":{\"@type\":\"PropertyValueSpecification\",\"valueRequired\":true,\"valueName\":\"search_term_string\"}}],\"inLanguage\":\"fr-BE\"},{\"@type\":\"Organization\",\"@id\":\"https:\/\/vieassociative.be\/actualites\/#organization\",\"name\":\"Vie Associative\",\"url\":\"https:\/\/vieassociative.be\/actualites\/\",\"logo\":{\"@type\":\"ImageObject\",\"inLanguage\":\"fr-BE\",\"@id\":\"https:\/\/vieassociative.be\/actualites\/#\/schema\/logo\/image\/\",\"url\":\"https:\/\/vieassociative.be\/actualites\/wp-content\/uploads\/2024\/09\/cropped-vieassociative_favicon.ico.png\",\"contentUrl\":\"https:\/\/vieassociative.be\/actualites\/wp-content\/uploads\/2024\/09\/cropped-vieassociative_favicon.ico.png\",\"width\":512,\"height\":512,\"caption\":\"Vie Associative\"},\"image\":{\"@id\":\"https:\/\/vieassociative.be\/actualites\/#\/schema\/logo\/image\/\"}},{\"@type\":\"Person\",\"@id\":\"https:\/\/vieassociative.be\/actualites\/#\/schema\/person\/b87ac4f82f9d4e7b7cec7395b679edc4\",\"name\":\"Julien\",\"image\":{\"@type\":\"ImageObject\",\"inLanguage\":\"fr-BE\",\"@id\":\"https:\/\/vieassociative.be\/actualites\/#\/schema\/person\/image\/\",\"url\":\"https:\/\/vieassociative.be\/actualites\/wp-content\/uploads\/2024\/09\/vie-associative-1-150x150.jpg\",\"contentUrl\":\"https:\/\/vieassociative.be\/actualites\/wp-content\/uploads\/2024\/09\/vie-associative-1-150x150.jpg\",\"caption\":\"Julien\"},\"description\":\"Je suis Julien, r\u00e9dacteur pour Vie Associative. Passionn\u00e9 par le monde associatif depuis plus de 10 ans, j'ai \u00e0 c\u0153ur de partager des histoires inspirantes et de mettre en lumi\u00e8re les initiatives locales. Mon objectif est de sensibiliser et d'encourager l'engagement communautaire \u00e0 travers mes articles.\",\"sameAs\":[\"https:\/\/vieassociative.be\/\"]}]}<\/script>\n<!-- \/ Yoast SEO plugin. -->","yoast_head_json":{"title":"J\u00e9sus, Marie, Joseph et rois sans visages : la cr\u00e8che de la Grand'Place de Bruxelles suscite des discussions | Vie Associative","robots":{"index":"index","follow":"follow","max-snippet":"max-snippet:-1","max-image-preview":"max-image-preview:large","max-video-preview":"max-video-preview:-1"},"canonical":"https:\/\/vieassociative.be\/actualites\/jesus-marie-joseph-et-rois-sans-visages-la-creche-de-la-grandplace-de-bruxelles-suscite-des-discussions\/","og_locale":"fr_FR","og_type":"article","og_title":"J\u00e9sus, Marie, Joseph et rois sans visages : la cr\u00e8che de la Grand'Place de Bruxelles suscite des discussions | Vie Associative","og_description":"Les \u00ab Plaisirs d&rsquo;Hiver \u00bb, comme on appelle d\u00e9sormais le march\u00e9 de No\u00ebl de la c\u00e9l\u00e8bre Grand&rsquo;Place de Bruxelles, reviennent ce vendredi au centre de","og_url":"https:\/\/vieassociative.be\/actualites\/jesus-marie-joseph-et-rois-sans-visages-la-creche-de-la-grandplace-de-bruxelles-suscite-des-discussions\/","og_site_name":"Vie Associative","article_published_time":"2025-11-28T20:17:51+00:00","og_image":[{"width":279,"height":92,"url":"https:\/\/vieassociative.be\/actualites\/wp-content\/uploads\/2024\/09\/header_backgroundk-01-e1726694325946.png","type":"image\/png"}],"author":"Julien","twitter_card":"summary_large_image","twitter_misc":{"\u00c9crit par":"Julien","Dur\u00e9e de lecture est.":"1 minute"},"schema":{"@context":"https:\/\/schema.org","@graph":[{"@type":"Article","@id":"https:\/\/vieassociative.be\/actualites\/jesus-marie-joseph-et-rois-sans-visages-la-creche-de-la-grandplace-de-bruxelles-suscite-des-discussions\/#article","isPartOf":{"@id":"https:\/\/vieassociative.be\/actualites\/jesus-marie-joseph-et-rois-sans-visages-la-creche-de-la-grandplace-de-bruxelles-suscite-des-discussions\/"},"author":{"name":"Julien","@id":"https:\/\/vieassociative.be\/actualites\/#\/schema\/person\/b87ac4f82f9d4e7b7cec7395b679edc4"},"headline":"J\u00e9sus, Marie, Joseph et rois sans visages : la cr\u00e8che de la Grand&rsquo;Place de Bruxelles suscite des discussions","datePublished":"2025-11-28T20:17:51+00:00","dateModified":"2025-11-28T20:17:51+00:00","mainEntityOfPage":{"@id":"https:\/\/vieassociative.be\/actualites\/jesus-marie-joseph-et-rois-sans-visages-la-creche-de-la-grandplace-de-bruxelles-suscite-des-discussions\/"},"wordCount":327,"publisher":{"@id":"https:\/\/vieassociative.be\/actualites\/#organization"},"image":{"@id":"https:\/\/vieassociative.be\/actualites\/jesus-marie-joseph-et-rois-sans-visages-la-creche-de-la-grandplace-de-bruxelles-suscite-des-discussions\/#primaryimage"},"thumbnailUrl":"https:\/\/vieassociative.be\/actualites\/wp-content\/uploads\/2025\/11\/1764361071_Jesus-Marie-Joseph-et-rois-sans-visages-la-creche.jpg","keywords":["Bruxelles","cr\u00e8che","Des","discussions","GrandPlace","J\u00e9sus","Joseph","mari\u00e9","rois","sans","suscite","visages"],"articleSection":["Belgique"],"inLanguage":"fr-BE"},{"@type":"WebPage","@id":"https:\/\/vieassociative.be\/actualites\/jesus-marie-joseph-et-rois-sans-visages-la-creche-de-la-grandplace-de-bruxelles-suscite-des-discussions\/","url":"https:\/\/vieassociative.be\/actualites\/jesus-marie-joseph-et-rois-sans-visages-la-creche-de-la-grandplace-de-bruxelles-suscite-des-discussions\/","name":"J\u00e9sus, Marie, Joseph et rois sans visages : la cr\u00e8che de la Grand'Place de Bruxelles suscite des discussions | Vie Associative","isPartOf":{"@id":"https:\/\/vieassociative.be\/actualites\/#website"},"primaryImageOfPage":{"@id":"https:\/\/vieassociative.be\/actualites\/jesus-marie-joseph-et-rois-sans-visages-la-creche-de-la-grandplace-de-bruxelles-suscite-des-discussions\/#primaryimage"},"image":{"@id":"https:\/\/vieassociative.be\/actualites\/jesus-marie-joseph-et-rois-sans-visages-la-creche-de-la-grandplace-de-bruxelles-suscite-des-discussions\/#primaryimage"},"thumbnailUrl":"https:\/\/vieassociative.be\/actualites\/wp-content\/uploads\/2025\/11\/1764361071_Jesus-Marie-Joseph-et-rois-sans-visages-la-creche.jpg","datePublished":"2025-11-28T20:17:51+00:00","dateModified":"2025-11-28T20:17:51+00:00","breadcrumb":{"@id":"https:\/\/vieassociative.be\/actualites\/jesus-marie-joseph-et-rois-sans-visages-la-creche-de-la-grandplace-de-bruxelles-suscite-des-discussions\/#breadcrumb"},"inLanguage":"fr-BE","potentialAction":[{"@type":"ReadAction","target":["https:\/\/vieassociative.be\/actualites\/jesus-marie-joseph-et-rois-sans-visages-la-creche-de-la-grandplace-de-bruxelles-suscite-des-discussions\/"]}]},{"@type":"ImageObject","inLanguage":"fr-BE","@id":"https:\/\/vieassociative.be\/actualites\/jesus-marie-joseph-et-rois-sans-visages-la-creche-de-la-grandplace-de-bruxelles-suscite-des-discussions\/#primaryimage","url":"https:\/\/vieassociative.be\/actualites\/wp-content\/uploads\/2025\/11\/1764361071_Jesus-Marie-Joseph-et-rois-sans-visages-la-creche.jpg","contentUrl":"https:\/\/vieassociative.be\/actualites\/wp-content\/uploads\/2025\/11\/1764361071_Jesus-Marie-Joseph-et-rois-sans-visages-la-creche.jpg","width":1200,"height":800,"caption":"J\u00e9sus, Marie, Joseph et rois sans visages : la cr\u00e8che de la Grand'Place de Bruxelles suscite des discussions"},{"@type":"BreadcrumbList","@id":"https:\/\/vieassociative.be\/actualites\/jesus-marie-joseph-et-rois-sans-visages-la-creche-de-la-grandplace-de-bruxelles-suscite-des-discussions\/#breadcrumb","itemListElement":[{"@type":"ListItem","position":1,"name":"Accueil","item":"https:\/\/vieassociative.be\/actualites\/"},{"@type":"ListItem","position":2,"name":"J\u00e9sus, Marie, Joseph et rois sans visages : la cr\u00e8che de la Grand&rsquo;Place de Bruxelles suscite des discussions"}]},{"@type":"WebSite","@id":"https:\/\/vieassociative.be\/actualites\/#website","url":"https:\/\/vieassociative.be\/actualites\/","name":"Vie Associative","description":"","publisher":{"@id":"https:\/\/vieassociative.be\/actualites\/#organization"},"potentialAction":[{"@type":"SearchAction","target":{"@type":"EntryPoint","urlTemplate":"https:\/\/vieassociative.be\/actualites\/?s={search_term_string}"},"query-input":{"@type":"PropertyValueSpecification","valueRequired":true,"valueName":"search_term_string"}}],"inLanguage":"fr-BE"},{"@type":"Organization","@id":"https:\/\/vieassociative.be\/actualites\/#organization","name":"Vie Associative","url":"https:\/\/vieassociative.be\/actualites\/","logo":{"@type":"ImageObject","inLanguage":"fr-BE","@id":"https:\/\/vieassociative.be\/actualites\/#\/schema\/logo\/image\/","url":"https:\/\/vieassociative.be\/actualites\/wp-content\/uploads\/2024\/09\/cropped-vieassociative_favicon.ico.png","contentUrl":"https:\/\/vieassociative.be\/actualites\/wp-content\/uploads\/2024\/09\/cropped-vieassociative_favicon.ico.png","width":512,"height":512,"caption":"Vie Associative"},"image":{"@id":"https:\/\/vieassociative.be\/actualites\/#\/schema\/logo\/image\/"}},{"@type":"Person","@id":"https:\/\/vieassociative.be\/actualites\/#\/schema\/person\/b87ac4f82f9d4e7b7cec7395b679edc4","name":"Julien","image":{"@type":"ImageObject","inLanguage":"fr-BE","@id":"https:\/\/vieassociative.be\/actualites\/#\/schema\/person\/image\/","url":"https:\/\/vieassociative.be\/actualites\/wp-content\/uploads\/2024\/09\/vie-associative-1-150x150.jpg","contentUrl":"https:\/\/vieassociative.be\/actualites\/wp-content\/uploads\/2024\/09\/vie-associative-1-150x150.jpg","caption":"Julien"},"description":"Je suis Julien, r\u00e9dacteur pour Vie Associative. Passionn\u00e9 par le monde associatif depuis plus de 10 ans, j'ai \u00e0 c\u0153ur de partager des histoires inspirantes et de mettre en lumi\u00e8re les initiatives locales. Mon objectif est de sensibiliser et d'encourager l'engagement communautaire \u00e0 travers mes articles.","sameAs":["https:\/\/vieassociative.be\/"]}]}},"_links":{"self":[{"href":"https:\/\/vieassociative.be\/actualites\/wp-json\/wp\/v2\/posts\/11595"}],"collection":[{"href":"https:\/\/vieassociative.be\/actualites\/wp-json\/wp\/v2\/posts"}],"about":[{"href":"https:\/\/vieassociative.be\/actualites\/wp-json\/wp\/v2\/types\/post"}],"author":[{"embeddable":true,"href":"https:\/\/vieassociative.be\/actualites\/wp-json\/wp\/v2\/users\/1"}],"replies":[{"embeddable":true,"href":"https:\/\/vieassociative.be\/actualites\/wp-json\/wp\/v2\/comments?post=11595"}],"version-history":[{"count":0,"href":"https:\/\/vieassociative.be\/actualites\/wp-json\/wp\/v2\/posts\/11595\/revisions"}],"wp:featuredmedia":[{"embeddable":true,"href":"https:\/\/vieassociative.be\/actualites\/wp-json\/wp\/v2\/media\/11596"}],"wp:attachment":[{"href":"https:\/\/vieassociative.be\/actualites\/wp-json\/wp\/v2\/media?parent=11595"}],"wp:term":[{"taxonomy":"category","embeddable":true,"href":"https:\/\/vieassociative.be\/actualites\/wp-json\/wp\/v2\/categories?post=11595"},{"taxonomy":"post_tag","embeddable":true,"href":"https:\/\/vieassociative.be\/actualites\/wp-json\/wp\/v2\/tags?post=11595"}],"curies":[{"name":"wp","href":"https:\/\/api.w.org\/{rel}","templated":true}]}}