{"id":11590,"date":"2025-11-28T14:20:03","date_gmt":"2025-11-28T13:20:03","guid":{"rendered":"https:\/\/vieassociative.be\/actualites\/epicka-fabrique-mon-adaptateur-de-voyage-universel-prefere-et-cest-lune-des-meilleures-offres-du-debut-du-black-friday\/"},"modified":"2025-11-28T14:20:03","modified_gmt":"2025-11-28T13:20:03","slug":"epicka-fabrique-mon-adaptateur-de-voyage-universel-prefere-et-cest-lune-des-meilleures-offres-du-debut-du-black-friday","status":"publish","type":"post","link":"https:\/\/vieassociative.be\/actualites\/epicka-fabrique-mon-adaptateur-de-voyage-universel-prefere-et-cest-lune-des-meilleures-offres-du-debut-du-black-friday\/","title":{"rendered":"Epicka fabrique mon adaptateur de voyage universel pr\u00e9f\u00e9r\u00e9, et c&rsquo;est l&rsquo;une des meilleures offres du d\u00e9but du Black Friday"},"content":{"rendered":"<div class=\"mt-4 leading-6 md:mb-8\">Un chargeur que vous pouvez utiliser partout dans le monde.<\/div>\n<p><\/p>\n<p><em>Les ventes du Black Friday commencent officiellement le vendredi 28 novembre et se poursuivent jusqu&rsquo;au Cyber \u200b\u200bMonday, le 1er d\u00e9cembre, et Vie Associative partage les meilleures ventes bas\u00e9es sur des critiques de produits, des comparaisons et des outils de suivi des prix avant leur fin. <\/em><\/p>\n<ul>\n<li>\n<p><em>Suivez notre blog en direct<\/em><em>  pour rester au courant des meilleures ventes que nous trouvons.<\/em><\/p>\n<\/li>\n<li>\n<p><em>Parcourez les choix de nos r\u00e9dacteurs<\/em><em>  pour une liste organis\u00e9e de nos ventes pr\u00e9f\u00e9r\u00e9es sur les ordinateurs portables, les technologies de fitness, les appareils \u00e9lectrom\u00e9nagers et plus encore.<\/em><\/p>\n<\/li>\n<li>\n<p><em>Abonnez-vous \u00e0 notre newsletter shopping<\/em><em>Ajoutez au panier, pour les meilleures ventes envoy\u00e9es dans votre bo\u00eete de r\u00e9ception.<\/em><\/p>\n<\/li>\n<li>\n<p><em>Les ventes sont exactes au moment de la publication, mais les prix et les stocks sont toujours sujets \u00e0 changement. <\/em><\/p>\n<\/li>\n<\/ul>\n<hr>\n<p>\u00c0 l&rsquo;\u00e9poque pr\u00e9-pand\u00e9mique de 2019, je cherchais un adaptateur de voyage universel pour m&rsquo;accompagner \u00e0 travers le monde. Je suis tomb\u00e9 sur cet ancien mod\u00e8le d&rsquo;Epicka et je l&rsquo;ai achet\u00e9 presque sans r\u00e9fl\u00e9chir, ce que je fais rarement. Cela s\u2019est av\u00e9r\u00e9 \u00eatre l\u2019une de mes meilleures d\u00e9cisions d\u2019achat, car cet adaptateur de voyage est toujours aussi performant. Je l&rsquo;ai emmen\u00e9 dans plusieurs pays et je l&rsquo;ai beaucoup utilis\u00e9 lors de voyages dans des endroits recul\u00e9s en Inde, o\u00f9 vous ne disposez pas toujours d&rsquo;une alimentation \u00e9lectrique fiable. L&rsquo;ann\u00e9e derni\u00e8re, je l&rsquo;ai offert \u00e0 une amie rencontr\u00e9e lors d&rsquo;une retraite de m\u00e9ditation, et elle l&rsquo;utilise depuis avec plaisir.<\/p>\n<p>C&rsquo;est la premi\u00e8re fois que j&rsquo;ai un adaptateur de voyage aussi longtemps. J&rsquo;en avais d\u00e9j\u00e0 achet\u00e9 quelques-uns de mauvaise qualit\u00e9 et ils ne pouvaient pas toujours charger plusieurs appareils de mani\u00e8re fiable ou durer tr\u00e8s longtemps. Cette unit\u00e9 Epicka \u00e9tait assez impressionnante \u00e0 cet \u00e9gard, mais elle pr\u00e9sentait quelques limites. C\u2019\u00e9tait un chargeur assez lent et il n\u2019avait qu\u2019un seul port USB-C. Je cherche \u00e0 passer \u00e0 un meilleur adaptateur de voyage depuis environ un an maintenant, et je pense que je vais le faire cette fois. Epicka propose un autre mod\u00e8le avec trois ports USB-C et prend en charge une charge jusqu&rsquo;\u00e0 75 W, ce qui le rend id\u00e9al pour moi. Celui-ci est maintenant \u00e0 son prix le plus bas jamais enregistr\u00e9 lors d\u2019un premier accord du Black Friday.<\/p>\n<div class=\"pogoClear mb-12 mt-10 rounded-md border-2 border-gray-100 py-7 shadow-xl md:py-6\">\n<div class=\"flex flex-wrap justify-between px-7 text-black no-underline md:flex-nowrap md:px-8\">\n<div class=\"order-1 mx-auto flex flex-col justify-center md:order-2 md:ml-4 md:w-full md:grow\">\n<div class=\"block cursor-pointer text-center font-akshar text-2xl font-medium leading-7 text-brand-green duration-200 ease-in-out hover:text-brand-green-700 md:text-left md:text-xl md:leading-6\">Adaptateur de voyage universel Epicka, GaN 75W\n                <\/div>\n<div class=\"mt-4 hidden md:flex md:justify-between\">\n<div class=\"self-end\">\n<div class=\"mb-0 h-11 md:flex md:flex-col md:justify-center\">\n<div class=\" font-sans leading-4 text-black\">\n<div class=\"flex flex-wrap items-center justify-center gap-1 md:justify-start\">\n        <span class=\"font-bold\"><\/p>\n<p>            45,00\u00a0$<br \/>\n                            <span class=\"font-medium\">chez Amazon<\/span><br \/>\n                    <\/span>\n            <\/div>\n<div class=\"flex items-center justify-center gap-x-1 font-bold md:justify-start\">\n            <span class=\"text-sm line-through\">60,00\u00a0$<\/span><br \/>\n            <span class=\"text-sm text-brand-green\">\u00c9conomisez 15,00\u00a0$<\/span>\n        <\/div>\n<\/p><\/div>\n<\/p><\/div>\n<\/p><\/div>\n<div class=\"w-44 self-end\">\n                            <button class=\"flex justify-center items-center w-full bg-brand-green text-white text-base font-sans font-medium rounded-md hover:bg-brand-green-700 hover:cursor-pointer md:text-sm h-11\"><\/p>\n<p>    Obtenez une offre<br \/>\n<\/button>\n                        <\/div>\n<\/p><\/div>\n<\/p><\/div>\n<div class=\"order-2 mt-5 h-auto w-full md:order-1 md:mt-0 md:hidden\">\n<div class=\"flex aspect-video items-center justify-center\">\n                                            <img decoding=\"async\" class=\"m-0 max-h-full max-w-full rounded-md\" src=\"https:\/\/vieassociative.be\/actualites\/wp-content\/uploads\/2025\/11\/Mon-adaptateur-de-voyage-universel-prefere-est-lune-des-meilleures.jpg\" alt=\"Adaptateur de voyage universel Epicka\" width=\"auto\" height=\"auto\" loading=\"lazy\">\n                                    <\/div>\n<\/p><\/div>\n<div class=\"order-2 ml-2 hidden w-32 shrink-0 items-center md:order-1 md:ml-0 md:flex\">\n<div class=\"flex aspect-video items-center justify-center\">\n                                            <img decoding=\"async\" class=\"m-0 max-h-full max-w-full rounded-md\" src=\"https:\/\/vieassociative.be\/actualites\/wp-content\/uploads\/2025\/11\/Mon-adaptateur-de-voyage-universel-prefere-est-lune-des-meilleures.jpg\" alt=\"Adaptateur de voyage universel Epicka\" width=\"auto\" height=\"auto\" loading=\"lazy\">\n                                    <\/div>\n<\/p><\/div>\n<div class=\"order-3 flex grow flex-wrap md:hidden md:grow-0\">\n<div class=\"mt-4 w-full\">\n                        <button class=\"flex justify-center items-center w-full bg-brand-green text-white text-base font-sans font-medium rounded-md hover:bg-brand-green-700 hover:cursor-pointer md:text-sm h-11\"><\/p>\n<p>    Obtenez une offre<br \/>\n<\/button>\n                    <\/div>\n<div class=\"mx-2 mt-4 w-full\">\n<div class=\" font-sans leading-4 text-black\">\n<div class=\"flex flex-wrap items-center justify-center gap-1 md:justify-start\">\n        <span class=\"font-bold\"><\/p>\n<p>            45,00\u00a0$<br \/>\n                            <span class=\"font-medium\">chez Amazon<\/span><br \/>\n                    <\/span>\n            <\/div>\n<div class=\"flex items-center justify-center gap-x-1 font-bold md:justify-start\">\n            <span class=\"text-sm line-through\">60,00\u00a0$<\/span><br \/>\n            <span class=\"text-sm text-brand-green\">\u00c9conomisez 15,00\u00a0$<\/span>\n        <\/div>\n<\/p><\/div>\n<\/p><\/div>\n<\/p><\/div>\n<\/p><\/div>\n<\/div>\n<p>M\u00eame au prix promotionnel de 45 $ (15 % de r\u00e9duction), c&rsquo;est un peu cher, mais je pense que le suppl\u00e9ment vaut la peine de payer pour un chargeur rapide d&rsquo;une marque ayant de bons ant\u00e9c\u00e9dents. Je dirai que ce produit est un peu encombrant et que certaines personnes pr\u00e9f\u00e9reront voyager avec un adaptateur de charge plus compact, mais sa taille ne m&rsquo;a jamais trop d\u00e9rang\u00e9. Vous disposez \u00e9galement de deux ports USB-A (un de chaque c\u00f4t\u00e9) dans cet adaptateur, ce qui convient \u00e0 ceux qui poss\u00e8dent des c\u00e2bles de chargement plus anciens.<\/p>\n<p>Cet adaptateur de voyage universel Epicka a une note de 4,8 sur Amazon, avec un total de 336 avis au moment de la r\u00e9daction. Le consensus g\u00e9n\u00e9ral parmi les critiques d\u2019Amazon est qu\u2019il s\u2019agit d\u2019un excellent produit. Un avis indique que si vous chargez plusieurs appareils, cet adaptateur r\u00e9partit l&rsquo;alimentation de mani\u00e8re \u00e9gale entre les appareils, ce qui signifie que tous les appareils seront charg\u00e9s assez rapidement. Il est dot\u00e9 de fiches pour les \u00c9tats-Unis, le Royaume-Uni, l\u2019Australie et l\u2019UE, ainsi que d\u2019un joli m\u00e9canisme de verrouillage pour maintenir les fiches en place.<\/p>\n<p>Notez cependant que si vous envisagez d\u2019utiliser des appareils \u00e9lectroniques \u00e0 haute puissance tels que des s\u00e8che-cheveux avec cet adaptateur, ce n\u2019est pas pour vous. Cet adaptateur n&rsquo;est pas non plus un convertisseur de tension, alors assurez-vous de v\u00e9rifier si vos appareils \u00e9lectroniques sont livr\u00e9s avec un convertisseur int\u00e9gr\u00e9 lorsque vous utilisez l&rsquo;adaptateur Epicka dans d&rsquo;autres pays. La plupart des chargeurs de t\u00e9l\u00e9phones et d&rsquo;ordinateurs portables sont \u00e0 double tension, vous n&rsquo;aurez donc probablement pas \u00e0 vous en soucier beaucoup, mais la s\u00e9curit\u00e9 passe avant tout.<\/p>\n<hr>\n<h2 id=\"how-long-do-black-friday-deals-really-last\">Combien de temps durent r\u00e9ellement les offres du Black Friday ?<\/h2>\n<p>Les ventes du Black Friday commencent officiellement le vendredi 28 novembre 2025 et se d\u00e9roulent tout au long de la \u00ab Cyber \u200b\u200bWeek \u00bb, la p\u00e9riode de cinq jours qui s&rsquo;\u00e9tend de Thanksgiving au Cyber \u200b\u200bMonday, le 1er d\u00e9cembre 2025. Mais les dates du Black Friday et du Cyber \u200b\u200bMonday se sont \u00e9tendues \u00e0 mesure que les d\u00e9taillants se disputent les clients. Vous pouvez b\u00e9n\u00e9ficier des m\u00eames ventes du Black Friday plus t\u00f4t et nous pr\u00e9voyons que les ventes se termineront d\u2019ici le 3 d\u00e9cembre 2025. <\/p>\n<h2 id=\"are-black-friday-deals-worth-it\">Les offres du Black Friday en valent-elles la peine ?<\/h2>\n<p>Bref, oui, le Black Friday propose toujours des r\u00e9ductions qui peuvent \u00eatre rares sur le reste de l&rsquo;ann\u00e9e. Si vous souhaitez acheter quelque chose ou si vous achetez des cadeaux, c&rsquo;est le bon moment pour rechercher des r\u00e9ductions sur ce dont vous avez besoin, en particulier les ventes de technologies, de fournitures de r\u00e9novation domiciliaire et de technologies de fitness. Bien s\u00fbr, si vous avez besoin d\u2019\u00e9conomiser de l\u2019argent, la meilleure fa\u00e7on d\u2019\u00e9conomiser est de ne rien acheter. <\/p>\n<h2 id=\"are-cyber-monday-deals-better-than-black-friday\">Les offres du Cyber \u200b\u200bMonday sont-elles meilleures que le Black Friday ?<\/h2>\n<p>Le Black Friday \u00e9tait autrefois r\u00e9serv\u00e9 aux grands d\u00e9taillants et aux technologies et appareils \u00e9lectrom\u00e9nagers plus chers, tandis que le Cyber \u200b\u200b\u200b\u200bMonday \u00e9tait destin\u00e9 aux technologies moins ch\u00e8res et donnait aux petites entreprises une chance de rivaliser en ligne. Mais aujourd\u2019hui, la distinction n\u2019a presque plus de sens. Tous les grands d\u00e9taillants proposeront des soldes les deux jours, et la meilleure chose \u00e0 faire est de savoir ce que vous voulez, d&rsquo;utiliser des outils de suivi des prix ou de vous r\u00e9f\u00e9rer \u00e0 des guides comme notre blog en direct qui utilisent des outils de suivi des prix pour vous, et de ne pas vous soucier de trouver le moment id\u00e9al.<\/p>\n","protected":false},"excerpt":{"rendered":"<p>Un chargeur que vous pouvez utiliser partout dans le monde. Les ventes du Black Friday commencent officiellement le vendredi 28 novembre et se poursuivent jusqu&rsquo;au<\/p>\n","protected":false},"author":1,"featured_media":11591,"comment_status":"","ping_status":"","sticky":false,"template":"","format":"standard","meta":{"footnotes":""},"categories":[12],"tags":[9341,73,362,359,29,9386,1018,1255,1820,79,49,345,1561,9342,1928],"class_list":["post-11590","post","type-post","status-publish","format-standard","has-post-thumbnail","hentry","category-voyage","tag-adaptateur","tag-black","tag-cest","tag-debut","tag-des","tag-epicka","tag-fabrique","tag-friday","tag-lune","tag-meilleures","tag-mon","tag-offres","tag-prefere","tag-universel","tag-voyage","generate-columns","tablet-grid-50","mobile-grid-100","grid-parent","grid-33"],"yoast_head":"<!-- This site is optimized with the Yoast SEO plugin v24.0 - https:\/\/yoast.com\/wordpress\/plugins\/seo\/ -->\n<title>Epicka fabrique mon adaptateur de voyage universel pr\u00e9f\u00e9r\u00e9, et c&#039;est l&#039;une des meilleures offres du d\u00e9but du Black Friday | Vie Associative<\/title>\n<meta name=\"robots\" content=\"index, follow, max-snippet:-1, max-image-preview:large, max-video-preview:-1\" \/>\n<link rel=\"canonical\" href=\"https:\/\/vieassociative.be\/actualites\/epicka-fabrique-mon-adaptateur-de-voyage-universel-prefere-et-cest-lune-des-meilleures-offres-du-debut-du-black-friday\/\" \/>\n<meta property=\"og:locale\" content=\"fr_FR\" \/>\n<meta property=\"og:type\" content=\"article\" \/>\n<meta property=\"og:title\" content=\"Epicka fabrique mon adaptateur de voyage universel pr\u00e9f\u00e9r\u00e9, et c&#039;est l&#039;une des meilleures offres du d\u00e9but du Black Friday | Vie Associative\" \/>\n<meta property=\"og:description\" content=\"Un chargeur que vous pouvez utiliser partout dans le monde. Les ventes du Black Friday commencent officiellement le vendredi 28 novembre et se poursuivent jusqu&rsquo;au\" \/>\n<meta property=\"og:url\" content=\"https:\/\/vieassociative.be\/actualites\/epicka-fabrique-mon-adaptateur-de-voyage-universel-prefere-et-cest-lune-des-meilleures-offres-du-debut-du-black-friday\/\" \/>\n<meta property=\"og:site_name\" content=\"Vie Associative\" \/>\n<meta property=\"article:published_time\" content=\"2025-11-28T13:20:03+00:00\" \/>\n<meta property=\"og:image\" content=\"https:\/\/vieassociative.be\/actualites\/wp-content\/uploads\/2025\/11\/Mon-adaptateur-de-voyage-universel-prefere-est-lune-des-meilleures.jpg\" \/>\n<meta name=\"author\" content=\"Julien\" \/>\n<meta name=\"twitter:card\" content=\"summary_large_image\" \/>\n<meta name=\"twitter:label1\" content=\"\u00c9crit par\" \/>\n\t<meta name=\"twitter:data1\" content=\"Julien\" \/>\n\t<meta name=\"twitter:label2\" content=\"Dur\u00e9e de lecture est.\" \/>\n\t<meta name=\"twitter:data2\" content=\"5 minutes\" \/>\n<script type=\"application\/ld+json\" class=\"yoast-schema-graph\">{\"@context\":\"https:\/\/schema.org\",\"@graph\":[{\"@type\":\"Article\",\"@id\":\"https:\/\/vieassociative.be\/actualites\/epicka-fabrique-mon-adaptateur-de-voyage-universel-prefere-et-cest-lune-des-meilleures-offres-du-debut-du-black-friday\/#article\",\"isPartOf\":{\"@id\":\"https:\/\/vieassociative.be\/actualites\/epicka-fabrique-mon-adaptateur-de-voyage-universel-prefere-et-cest-lune-des-meilleures-offres-du-debut-du-black-friday\/\"},\"author\":{\"name\":\"Julien\",\"@id\":\"https:\/\/vieassociative.be\/actualites\/#\/schema\/person\/b87ac4f82f9d4e7b7cec7395b679edc4\"},\"headline\":\"Epicka fabrique mon adaptateur de voyage universel pr\u00e9f\u00e9r\u00e9, et c&rsquo;est l&rsquo;une des meilleures offres du d\u00e9but du Black Friday\",\"datePublished\":\"2025-11-28T13:20:03+00:00\",\"dateModified\":\"2025-11-28T13:20:03+00:00\",\"mainEntityOfPage\":{\"@id\":\"https:\/\/vieassociative.be\/actualites\/epicka-fabrique-mon-adaptateur-de-voyage-universel-prefere-et-cest-lune-des-meilleures-offres-du-debut-du-black-friday\/\"},\"wordCount\":1091,\"publisher\":{\"@id\":\"https:\/\/vieassociative.be\/actualites\/#organization\"},\"image\":{\"@id\":\"https:\/\/vieassociative.be\/actualites\/epicka-fabrique-mon-adaptateur-de-voyage-universel-prefere-et-cest-lune-des-meilleures-offres-du-debut-du-black-friday\/#primaryimage\"},\"thumbnailUrl\":\"https:\/\/vieassociative.be\/actualites\/wp-content\/uploads\/2025\/11\/Epicka-fabrique-mon-adaptateur-de-voyage-universel-prefere-et-cest.png\",\"keywords\":[\"adaptateur\",\"Black\",\"cest\",\"D\u00e9but\",\"Des\",\"Epicka\",\"fabrique\",\"Friday\",\"lune\",\"meilleures\",\"Mon\",\"offres\",\"pr\u00e9f\u00e9r\u00e9\",\"universel\",\"voyage\"],\"articleSection\":[\"Voyage\"],\"inLanguage\":\"fr-BE\"},{\"@type\":\"WebPage\",\"@id\":\"https:\/\/vieassociative.be\/actualites\/epicka-fabrique-mon-adaptateur-de-voyage-universel-prefere-et-cest-lune-des-meilleures-offres-du-debut-du-black-friday\/\",\"url\":\"https:\/\/vieassociative.be\/actualites\/epicka-fabrique-mon-adaptateur-de-voyage-universel-prefere-et-cest-lune-des-meilleures-offres-du-debut-du-black-friday\/\",\"name\":\"Epicka fabrique mon adaptateur de voyage universel pr\u00e9f\u00e9r\u00e9, et c'est l'une des meilleures offres du d\u00e9but du Black Friday | Vie Associative\",\"isPartOf\":{\"@id\":\"https:\/\/vieassociative.be\/actualites\/#website\"},\"primaryImageOfPage\":{\"@id\":\"https:\/\/vieassociative.be\/actualites\/epicka-fabrique-mon-adaptateur-de-voyage-universel-prefere-et-cest-lune-des-meilleures-offres-du-debut-du-black-friday\/#primaryimage\"},\"image\":{\"@id\":\"https:\/\/vieassociative.be\/actualites\/epicka-fabrique-mon-adaptateur-de-voyage-universel-prefere-et-cest-lune-des-meilleures-offres-du-debut-du-black-friday\/#primaryimage\"},\"thumbnailUrl\":\"https:\/\/vieassociative.be\/actualites\/wp-content\/uploads\/2025\/11\/Epicka-fabrique-mon-adaptateur-de-voyage-universel-prefere-et-cest.png\",\"datePublished\":\"2025-11-28T13:20:03+00:00\",\"dateModified\":\"2025-11-28T13:20:03+00:00\",\"breadcrumb\":{\"@id\":\"https:\/\/vieassociative.be\/actualites\/epicka-fabrique-mon-adaptateur-de-voyage-universel-prefere-et-cest-lune-des-meilleures-offres-du-debut-du-black-friday\/#breadcrumb\"},\"inLanguage\":\"fr-BE\",\"potentialAction\":[{\"@type\":\"ReadAction\",\"target\":[\"https:\/\/vieassociative.be\/actualites\/epicka-fabrique-mon-adaptateur-de-voyage-universel-prefere-et-cest-lune-des-meilleures-offres-du-debut-du-black-friday\/\"]}]},{\"@type\":\"ImageObject\",\"inLanguage\":\"fr-BE\",\"@id\":\"https:\/\/vieassociative.be\/actualites\/epicka-fabrique-mon-adaptateur-de-voyage-universel-prefere-et-cest-lune-des-meilleures-offres-du-debut-du-black-friday\/#primaryimage\",\"url\":\"https:\/\/vieassociative.be\/actualites\/wp-content\/uploads\/2025\/11\/Epicka-fabrique-mon-adaptateur-de-voyage-universel-prefere-et-cest.png\",\"contentUrl\":\"https:\/\/vieassociative.be\/actualites\/wp-content\/uploads\/2025\/11\/Epicka-fabrique-mon-adaptateur-de-voyage-universel-prefere-et-cest.png\",\"width\":1200,\"height\":675,\"caption\":\"Epicka fabrique mon adaptateur de voyage universel pr\u00e9f\u00e9r\u00e9, et c'est l'une des meilleures offres du d\u00e9but du Black Friday\"},{\"@type\":\"BreadcrumbList\",\"@id\":\"https:\/\/vieassociative.be\/actualites\/epicka-fabrique-mon-adaptateur-de-voyage-universel-prefere-et-cest-lune-des-meilleures-offres-du-debut-du-black-friday\/#breadcrumb\",\"itemListElement\":[{\"@type\":\"ListItem\",\"position\":1,\"name\":\"Accueil\",\"item\":\"https:\/\/vieassociative.be\/actualites\/\"},{\"@type\":\"ListItem\",\"position\":2,\"name\":\"Epicka fabrique mon adaptateur de voyage universel pr\u00e9f\u00e9r\u00e9, et c&rsquo;est l&rsquo;une des meilleures offres du d\u00e9but du Black Friday\"}]},{\"@type\":\"WebSite\",\"@id\":\"https:\/\/vieassociative.be\/actualites\/#website\",\"url\":\"https:\/\/vieassociative.be\/actualites\/\",\"name\":\"Vie Associative\",\"description\":\"\",\"publisher\":{\"@id\":\"https:\/\/vieassociative.be\/actualites\/#organization\"},\"potentialAction\":[{\"@type\":\"SearchAction\",\"target\":{\"@type\":\"EntryPoint\",\"urlTemplate\":\"https:\/\/vieassociative.be\/actualites\/?s={search_term_string}\"},\"query-input\":{\"@type\":\"PropertyValueSpecification\",\"valueRequired\":true,\"valueName\":\"search_term_string\"}}],\"inLanguage\":\"fr-BE\"},{\"@type\":\"Organization\",\"@id\":\"https:\/\/vieassociative.be\/actualites\/#organization\",\"name\":\"Vie Associative\",\"url\":\"https:\/\/vieassociative.be\/actualites\/\",\"logo\":{\"@type\":\"ImageObject\",\"inLanguage\":\"fr-BE\",\"@id\":\"https:\/\/vieassociative.be\/actualites\/#\/schema\/logo\/image\/\",\"url\":\"https:\/\/vieassociative.be\/actualites\/wp-content\/uploads\/2024\/09\/cropped-vieassociative_favicon.ico.png\",\"contentUrl\":\"https:\/\/vieassociative.be\/actualites\/wp-content\/uploads\/2024\/09\/cropped-vieassociative_favicon.ico.png\",\"width\":512,\"height\":512,\"caption\":\"Vie Associative\"},\"image\":{\"@id\":\"https:\/\/vieassociative.be\/actualites\/#\/schema\/logo\/image\/\"}},{\"@type\":\"Person\",\"@id\":\"https:\/\/vieassociative.be\/actualites\/#\/schema\/person\/b87ac4f82f9d4e7b7cec7395b679edc4\",\"name\":\"Julien\",\"image\":{\"@type\":\"ImageObject\",\"inLanguage\":\"fr-BE\",\"@id\":\"https:\/\/vieassociative.be\/actualites\/#\/schema\/person\/image\/\",\"url\":\"https:\/\/vieassociative.be\/actualites\/wp-content\/uploads\/2024\/09\/vie-associative-1-150x150.jpg\",\"contentUrl\":\"https:\/\/vieassociative.be\/actualites\/wp-content\/uploads\/2024\/09\/vie-associative-1-150x150.jpg\",\"caption\":\"Julien\"},\"description\":\"Je suis Julien, r\u00e9dacteur pour Vie Associative. Passionn\u00e9 par le monde associatif depuis plus de 10 ans, j'ai \u00e0 c\u0153ur de partager des histoires inspirantes et de mettre en lumi\u00e8re les initiatives locales. Mon objectif est de sensibiliser et d'encourager l'engagement communautaire \u00e0 travers mes articles.\",\"sameAs\":[\"https:\/\/vieassociative.be\/\"]}]}<\/script>\n<!-- \/ Yoast SEO plugin. -->","yoast_head_json":{"title":"Epicka fabrique mon adaptateur de voyage universel pr\u00e9f\u00e9r\u00e9, et c'est l'une des meilleures offres du d\u00e9but du Black Friday | Vie Associative","robots":{"index":"index","follow":"follow","max-snippet":"max-snippet:-1","max-image-preview":"max-image-preview:large","max-video-preview":"max-video-preview:-1"},"canonical":"https:\/\/vieassociative.be\/actualites\/epicka-fabrique-mon-adaptateur-de-voyage-universel-prefere-et-cest-lune-des-meilleures-offres-du-debut-du-black-friday\/","og_locale":"fr_FR","og_type":"article","og_title":"Epicka fabrique mon adaptateur de voyage universel pr\u00e9f\u00e9r\u00e9, et c'est l'une des meilleures offres du d\u00e9but du Black Friday | Vie Associative","og_description":"Un chargeur que vous pouvez utiliser partout dans le monde. Les ventes du Black Friday commencent officiellement le vendredi 28 novembre et se poursuivent jusqu&rsquo;au","og_url":"https:\/\/vieassociative.be\/actualites\/epicka-fabrique-mon-adaptateur-de-voyage-universel-prefere-et-cest-lune-des-meilleures-offres-du-debut-du-black-friday\/","og_site_name":"Vie Associative","article_published_time":"2025-11-28T13:20:03+00:00","og_image":[{"url":"https:\/\/vieassociative.be\/actualites\/wp-content\/uploads\/2025\/11\/Mon-adaptateur-de-voyage-universel-prefere-est-lune-des-meilleures.jpg","type":"","width":"","height":""}],"author":"Julien","twitter_card":"summary_large_image","twitter_misc":{"\u00c9crit par":"Julien","Dur\u00e9e de lecture est.":"5 minutes"},"schema":{"@context":"https:\/\/schema.org","@graph":[{"@type":"Article","@id":"https:\/\/vieassociative.be\/actualites\/epicka-fabrique-mon-adaptateur-de-voyage-universel-prefere-et-cest-lune-des-meilleures-offres-du-debut-du-black-friday\/#article","isPartOf":{"@id":"https:\/\/vieassociative.be\/actualites\/epicka-fabrique-mon-adaptateur-de-voyage-universel-prefere-et-cest-lune-des-meilleures-offres-du-debut-du-black-friday\/"},"author":{"name":"Julien","@id":"https:\/\/vieassociative.be\/actualites\/#\/schema\/person\/b87ac4f82f9d4e7b7cec7395b679edc4"},"headline":"Epicka fabrique mon adaptateur de voyage universel pr\u00e9f\u00e9r\u00e9, et c&rsquo;est l&rsquo;une des meilleures offres du d\u00e9but du Black Friday","datePublished":"2025-11-28T13:20:03+00:00","dateModified":"2025-11-28T13:20:03+00:00","mainEntityOfPage":{"@id":"https:\/\/vieassociative.be\/actualites\/epicka-fabrique-mon-adaptateur-de-voyage-universel-prefere-et-cest-lune-des-meilleures-offres-du-debut-du-black-friday\/"},"wordCount":1091,"publisher":{"@id":"https:\/\/vieassociative.be\/actualites\/#organization"},"image":{"@id":"https:\/\/vieassociative.be\/actualites\/epicka-fabrique-mon-adaptateur-de-voyage-universel-prefere-et-cest-lune-des-meilleures-offres-du-debut-du-black-friday\/#primaryimage"},"thumbnailUrl":"https:\/\/vieassociative.be\/actualites\/wp-content\/uploads\/2025\/11\/Epicka-fabrique-mon-adaptateur-de-voyage-universel-prefere-et-cest.png","keywords":["adaptateur","Black","cest","D\u00e9but","Des","Epicka","fabrique","Friday","lune","meilleures","Mon","offres","pr\u00e9f\u00e9r\u00e9","universel","voyage"],"articleSection":["Voyage"],"inLanguage":"fr-BE"},{"@type":"WebPage","@id":"https:\/\/vieassociative.be\/actualites\/epicka-fabrique-mon-adaptateur-de-voyage-universel-prefere-et-cest-lune-des-meilleures-offres-du-debut-du-black-friday\/","url":"https:\/\/vieassociative.be\/actualites\/epicka-fabrique-mon-adaptateur-de-voyage-universel-prefere-et-cest-lune-des-meilleures-offres-du-debut-du-black-friday\/","name":"Epicka fabrique mon adaptateur de voyage universel pr\u00e9f\u00e9r\u00e9, et c'est l'une des meilleures offres du d\u00e9but du Black Friday | Vie Associative","isPartOf":{"@id":"https:\/\/vieassociative.be\/actualites\/#website"},"primaryImageOfPage":{"@id":"https:\/\/vieassociative.be\/actualites\/epicka-fabrique-mon-adaptateur-de-voyage-universel-prefere-et-cest-lune-des-meilleures-offres-du-debut-du-black-friday\/#primaryimage"},"image":{"@id":"https:\/\/vieassociative.be\/actualites\/epicka-fabrique-mon-adaptateur-de-voyage-universel-prefere-et-cest-lune-des-meilleures-offres-du-debut-du-black-friday\/#primaryimage"},"thumbnailUrl":"https:\/\/vieassociative.be\/actualites\/wp-content\/uploads\/2025\/11\/Epicka-fabrique-mon-adaptateur-de-voyage-universel-prefere-et-cest.png","datePublished":"2025-11-28T13:20:03+00:00","dateModified":"2025-11-28T13:20:03+00:00","breadcrumb":{"@id":"https:\/\/vieassociative.be\/actualites\/epicka-fabrique-mon-adaptateur-de-voyage-universel-prefere-et-cest-lune-des-meilleures-offres-du-debut-du-black-friday\/#breadcrumb"},"inLanguage":"fr-BE","potentialAction":[{"@type":"ReadAction","target":["https:\/\/vieassociative.be\/actualites\/epicka-fabrique-mon-adaptateur-de-voyage-universel-prefere-et-cest-lune-des-meilleures-offres-du-debut-du-black-friday\/"]}]},{"@type":"ImageObject","inLanguage":"fr-BE","@id":"https:\/\/vieassociative.be\/actualites\/epicka-fabrique-mon-adaptateur-de-voyage-universel-prefere-et-cest-lune-des-meilleures-offres-du-debut-du-black-friday\/#primaryimage","url":"https:\/\/vieassociative.be\/actualites\/wp-content\/uploads\/2025\/11\/Epicka-fabrique-mon-adaptateur-de-voyage-universel-prefere-et-cest.png","contentUrl":"https:\/\/vieassociative.be\/actualites\/wp-content\/uploads\/2025\/11\/Epicka-fabrique-mon-adaptateur-de-voyage-universel-prefere-et-cest.png","width":1200,"height":675,"caption":"Epicka fabrique mon adaptateur de voyage universel pr\u00e9f\u00e9r\u00e9, et c'est l'une des meilleures offres du d\u00e9but du Black Friday"},{"@type":"BreadcrumbList","@id":"https:\/\/vieassociative.be\/actualites\/epicka-fabrique-mon-adaptateur-de-voyage-universel-prefere-et-cest-lune-des-meilleures-offres-du-debut-du-black-friday\/#breadcrumb","itemListElement":[{"@type":"ListItem","position":1,"name":"Accueil","item":"https:\/\/vieassociative.be\/actualites\/"},{"@type":"ListItem","position":2,"name":"Epicka fabrique mon adaptateur de voyage universel pr\u00e9f\u00e9r\u00e9, et c&rsquo;est l&rsquo;une des meilleures offres du d\u00e9but du Black Friday"}]},{"@type":"WebSite","@id":"https:\/\/vieassociative.be\/actualites\/#website","url":"https:\/\/vieassociative.be\/actualites\/","name":"Vie Associative","description":"","publisher":{"@id":"https:\/\/vieassociative.be\/actualites\/#organization"},"potentialAction":[{"@type":"SearchAction","target":{"@type":"EntryPoint","urlTemplate":"https:\/\/vieassociative.be\/actualites\/?s={search_term_string}"},"query-input":{"@type":"PropertyValueSpecification","valueRequired":true,"valueName":"search_term_string"}}],"inLanguage":"fr-BE"},{"@type":"Organization","@id":"https:\/\/vieassociative.be\/actualites\/#organization","name":"Vie Associative","url":"https:\/\/vieassociative.be\/actualites\/","logo":{"@type":"ImageObject","inLanguage":"fr-BE","@id":"https:\/\/vieassociative.be\/actualites\/#\/schema\/logo\/image\/","url":"https:\/\/vieassociative.be\/actualites\/wp-content\/uploads\/2024\/09\/cropped-vieassociative_favicon.ico.png","contentUrl":"https:\/\/vieassociative.be\/actualites\/wp-content\/uploads\/2024\/09\/cropped-vieassociative_favicon.ico.png","width":512,"height":512,"caption":"Vie Associative"},"image":{"@id":"https:\/\/vieassociative.be\/actualites\/#\/schema\/logo\/image\/"}},{"@type":"Person","@id":"https:\/\/vieassociative.be\/actualites\/#\/schema\/person\/b87ac4f82f9d4e7b7cec7395b679edc4","name":"Julien","image":{"@type":"ImageObject","inLanguage":"fr-BE","@id":"https:\/\/vieassociative.be\/actualites\/#\/schema\/person\/image\/","url":"https:\/\/vieassociative.be\/actualites\/wp-content\/uploads\/2024\/09\/vie-associative-1-150x150.jpg","contentUrl":"https:\/\/vieassociative.be\/actualites\/wp-content\/uploads\/2024\/09\/vie-associative-1-150x150.jpg","caption":"Julien"},"description":"Je suis Julien, r\u00e9dacteur pour Vie Associative. Passionn\u00e9 par le monde associatif depuis plus de 10 ans, j'ai \u00e0 c\u0153ur de partager des histoires inspirantes et de mettre en lumi\u00e8re les initiatives locales. Mon objectif est de sensibiliser et d'encourager l'engagement communautaire \u00e0 travers mes articles.","sameAs":["https:\/\/vieassociative.be\/"]}]}},"_links":{"self":[{"href":"https:\/\/vieassociative.be\/actualites\/wp-json\/wp\/v2\/posts\/11590"}],"collection":[{"href":"https:\/\/vieassociative.be\/actualites\/wp-json\/wp\/v2\/posts"}],"about":[{"href":"https:\/\/vieassociative.be\/actualites\/wp-json\/wp\/v2\/types\/post"}],"author":[{"embeddable":true,"href":"https:\/\/vieassociative.be\/actualites\/wp-json\/wp\/v2\/users\/1"}],"replies":[{"embeddable":true,"href":"https:\/\/vieassociative.be\/actualites\/wp-json\/wp\/v2\/comments?post=11590"}],"version-history":[{"count":0,"href":"https:\/\/vieassociative.be\/actualites\/wp-json\/wp\/v2\/posts\/11590\/revisions"}],"wp:featuredmedia":[{"embeddable":true,"href":"https:\/\/vieassociative.be\/actualites\/wp-json\/wp\/v2\/media\/11591"}],"wp:attachment":[{"href":"https:\/\/vieassociative.be\/actualites\/wp-json\/wp\/v2\/media?parent=11590"}],"wp:term":[{"taxonomy":"category","embeddable":true,"href":"https:\/\/vieassociative.be\/actualites\/wp-json\/wp\/v2\/categories?post=11590"},{"taxonomy":"post_tag","embeddable":true,"href":"https:\/\/vieassociative.be\/actualites\/wp-json\/wp\/v2\/tags?post=11590"}],"curies":[{"name":"wp","href":"https:\/\/api.w.org\/{rel}","templated":true}]}}