{"id":11583,"date":"2025-11-28T02:17:01","date_gmt":"2025-11-28T01:17:01","guid":{"rendered":"https:\/\/vieassociative.be\/actualites\/le-oneplus-13-est-deja-a-150-de-reduction-pour-sa-premiere-vente-du-black-friday\/"},"modified":"2025-11-28T02:17:01","modified_gmt":"2025-11-28T01:17:01","slug":"le-oneplus-13-est-deja-a-150-de-reduction-pour-sa-premiere-vente-du-black-friday","status":"publish","type":"post","link":"https:\/\/vieassociative.be\/actualites\/le-oneplus-13-est-deja-a-150-de-reduction-pour-sa-premiere-vente-du-black-friday\/","title":{"rendered":"Le OnePlus 13 est d\u00e9j\u00e0 \u00e0 150 $ de r\u00e9duction pour sa premi\u00e8re vente du Black Friday"},"content":{"rendered":"<div class=\"mt-4 leading-6 md:mb-8\">Le OnePlus offre des performances phares, un design haut de gamme et une autonomie d\u2019une journ\u00e9e.<\/div>\n<p><\/p>\n<p><em>Les ventes du Black Friday commencent officiellement le vendredi 28 novembre et se poursuivent jusqu&rsquo;au Cyber \u200b\u200bMonday, le 1er d\u00e9cembre, et Vie Associative partage les meilleures ventes bas\u00e9es sur des critiques de produits, des comparaisons et des outils de suivi des prix avant leur fin. <\/em><\/p>\n<ul>\n<li>\n<p><em>Suivez notre blog en direct<\/em><em>  pour rester au courant des meilleures ventes que nous trouvons.<\/em><\/p>\n<\/li>\n<li>\n<p><em>Parcourez les choix de nos r\u00e9dacteurs<\/em><em>  pour une liste organis\u00e9e de nos ventes pr\u00e9f\u00e9r\u00e9es sur les ordinateurs portables, les technologies de fitness, les appareils \u00e9lectrom\u00e9nagers et plus encore.<\/em><\/p>\n<\/li>\n<li>\n<p><em>Abonnez-vous \u00e0 notre newsletter shopping<\/em><em>Ajoutez au panier, pour les meilleures ventes envoy\u00e9es dans votre bo\u00eete de r\u00e9ception.<\/em><\/p>\n<\/li>\n<li>\n<p><em>Les ventes sont exactes au moment de la publication, mais les prix et les stocks sont toujours sujets \u00e0 changement. <\/em><\/p>\n<\/li>\n<\/ul>\n<hr>\n<p>Le OnePlus 13 ne concurrence pas seulement les t\u00e9l\u00e9phones phares. Cela les sous-cote discr\u00e8tement. \u00c0 699 $ pour le mod\u00e8le Arctic Dawn d\u00e9bloqu\u00e9 de 512 Go, contre 849 $, il est actuellement \u00e0 son prix le plus bas selon les trackers de prix, ce qui constitue un argument solide si vous envisagez un t\u00e9l\u00e9phone Android avec des sp\u00e9cifications de haut niveau sans franchir le seuil de 1 000 $. <\/p>\n<div class=\"pogoClear mb-12 mt-10 rounded-md border-2 border-gray-100 py-7 shadow-xl md:py-6\">\n<div class=\"flex flex-wrap justify-between px-7 text-black no-underline md:flex-nowrap md:px-8\">\n<div class=\"order-1 mx-auto flex flex-col justify-center md:order-2 md:ml-4 md:w-full md:grow\">\n<div class=\"block cursor-pointer text-center font-akshar text-2xl font-medium leading-7 text-brand-green duration-200 ease-in-out hover:text-brand-green-700 md:text-left md:text-xl md:leading-6\">OnePlus 13,16 Go de RAM + 512 Go de stockage\n                <\/div>\n<div class=\"mt-4 hidden md:flex md:justify-between\">\n<div class=\"self-end\">\n<div class=\"mb-0 h-11 md:flex md:flex-col md:justify-center\">\n<div class=\" font-sans leading-4 text-black\">\n<div class=\"flex flex-wrap items-center justify-center gap-1 md:justify-start\">\n        <span class=\"font-bold\"><\/p>\n<p>            699,99\u00a0$<br \/>\n                            <span class=\"font-medium\">chez Amazon<\/span><br \/>\n                    <\/span>\n            <\/div>\n<div class=\"flex items-center justify-center gap-x-1 font-bold md:justify-start\">\n            <span class=\"text-sm line-through\">899,99\u00a0$<\/span><br \/>\n            <span class=\"text-sm text-brand-green\">\u00c9conomisez 200,00\u00a0$<\/span>\n        <\/div>\n<\/p><\/div>\n<\/p><\/div>\n<\/p><\/div>\n<div class=\"w-44 self-end\">\n                            <button class=\"flex justify-center items-center w-full bg-brand-green text-white text-base font-sans font-medium rounded-md hover:bg-brand-green-700 hover:cursor-pointer md:text-sm h-11\"><\/p>\n<p>    Obtenez une offre<br \/>\n<\/button>\n                        <\/div>\n<\/p><\/div>\n<\/p><\/div>\n<div class=\"order-2 mt-5 h-auto w-full md:order-1 md:mt-0 md:hidden\">\n<div class=\"flex aspect-video items-center justify-center\">\n                                            <img decoding=\"async\" class=\"m-0 max-h-full max-w-full rounded-md\" src=\"https:\/\/vieassociative.be\/actualites\/wp-content\/uploads\/2025\/11\/Le-OnePlus-13-est-deja-a-150-de-reduction.jpg\" alt=\"T\u00e9l\u00e9phone d\u00e9bloqu\u00e9 OnePlus 13 512 Go double SIM (Arctic Dawn)\" width=\"auto\" height=\"auto\" loading=\"lazy\">\n                                    <\/div>\n<\/p><\/div>\n<div class=\"order-2 ml-2 hidden w-32 shrink-0 items-center md:order-1 md:ml-0 md:flex\">\n<div class=\"flex aspect-video items-center justify-center\">\n                                            <img decoding=\"async\" class=\"m-0 max-h-full max-w-full rounded-md\" src=\"https:\/\/vieassociative.be\/actualites\/wp-content\/uploads\/2025\/11\/Le-OnePlus-13-est-deja-a-150-de-reduction.jpg\" alt=\"T\u00e9l\u00e9phone d\u00e9bloqu\u00e9 OnePlus 13 512 Go double SIM (Arctic Dawn)\" width=\"auto\" height=\"auto\" loading=\"lazy\">\n                                    <\/div>\n<\/p><\/div>\n<div class=\"order-3 flex grow flex-wrap md:hidden md:grow-0\">\n<div class=\"mt-4 w-full\">\n                        <button class=\"flex justify-center items-center w-full bg-brand-green text-white text-base font-sans font-medium rounded-md hover:bg-brand-green-700 hover:cursor-pointer md:text-sm h-11\"><\/p>\n<p>    Obtenez une offre<br \/>\n<\/button>\n                    <\/div>\n<div class=\"mx-2 mt-4 w-full\">\n<div class=\" font-sans leading-4 text-black\">\n<div class=\"flex flex-wrap items-center justify-center gap-1 md:justify-start\">\n        <span class=\"font-bold\"><\/p>\n<p>            699,99\u00a0$<br \/>\n                            <span class=\"font-medium\">chez Amazon<\/span><br \/>\n                    <\/span>\n            <\/div>\n<div class=\"flex items-center justify-center gap-x-1 font-bold md:justify-start\">\n            <span class=\"text-sm line-through\">899,99\u00a0$<\/span><br \/>\n            <span class=\"text-sm text-brand-green\">\u00c9conomisez 200,00\u00a0$<\/span>\n        <\/div>\n<\/p><\/div>\n<\/p><\/div>\n<\/p><\/div>\n<\/p><\/div>\n<\/div>\n<p>Il fonctionne sur la nouvelle puce Snapdragon 8 Elite avec 16 Go de RAM, comprend un \u00e9norme \u00e9cran OLED ProXDR de 6,82 pouces qui reste lisible m\u00eame en plein soleil et offre une autonomie d&rsquo;une journ\u00e9e. Ajoutez une charge filaire de 80 W (avec le chargeur dans la bo\u00eete) et une construction \u00e9tonnamment haut de gamme avec une protection IP68\/IP69, et vous commencez \u00e0 vous demander pourquoi ce t\u00e9l\u00e9phone ne suscite pas plus de buzz. Il prend \u00e9galement en charge le chargement sans fil, mais vous devrez acheter le chargeur AirVOOC de OnePlus s\u00e9par\u00e9ment, note cette revue PCMag.<\/p>\n<p>C\u00f4t\u00e9 performances, il tient le coup. Que vous jongliez avec des dizaines d&rsquo;applications ou que vous le poussiez avec des jeux exigeants, le OnePlus 13 transpire \u00e0 peine. De plus, son taux de rafra\u00eechissement de 120 Hz rend le d\u00e9filement quotidien encore plus fluide. C\u00f4t\u00e9 connectivit\u00e9, vous b\u00e9n\u00e9ficiez du wifi 7, du NFC, du Bluetooth 5.4 et de la prise en charge des codecs audio avanc\u00e9s comme LDAC et LHDC 5.0, ce qui est une excellente nouvelle pour les utilisateurs de casques sans fil. <\/p>\n<p>La collaboration continue de OnePlus avec Hasselblad ancre la configuration de l&rsquo;appareil photo du OnePlus 13, et cette ann\u00e9e, les trois objectifs arri\u00e8re sont de 50 MP : principal, t\u00e9l\u00e9objectif et ultra-large. La reproduction des couleurs est naturelle et non sursatur\u00e9e, ce qui est id\u00e9al si vous pr\u00e9f\u00e9rez des photos qui ne n\u00e9cessitent pas de retouches majeures. <\/p>\n<p>Les mises \u00e0 jour logicielles ne dureront pas aussi longtemps que les t\u00e9l\u00e9phones Pixel ou Galaxy, ce qui pourrait constituer un obstacle si vous envisagez de conserver votre t\u00e9l\u00e9phone pendant des ann\u00e9es. Et il n\u2019a pas d\u2019emplacement pour carte microSD, donc les 512 Go que vous obtenez sont tout ce que vous aurez. Mais si vous voulez des performances de premier ordre, un design \u00e9pur\u00e9 et une autonomie de batterie imbattable pour le prix, le OnePlus 13 est l\u2019une des meilleures valeurs du moment.<\/p>\n<hr>\n<h2 id=\"how-long-do-black-friday-deals-really-last\">Combien de temps durent r\u00e9ellement les offres du Black Friday ?<\/h2>\n<p>Les ventes du Black Friday commencent officiellement le vendredi 28 novembre 2025 et se d\u00e9roulent tout au long de la \u00ab Cyber \u200b\u200bWeek \u00bb, la p\u00e9riode de cinq jours qui s&rsquo;\u00e9tend de Thanksgiving au Cyber \u200b\u200bMonday, le 1er d\u00e9cembre 2025. Mais les dates du Black Friday et du Cyber \u200b\u200bMonday se sont \u00e9tendues \u00e0 mesure que les d\u00e9taillants se disputent les clients. Vous pouvez b\u00e9n\u00e9ficier des m\u00eames ventes du Black Friday plus t\u00f4t et nous pr\u00e9voyons que les ventes se termineront d\u2019ici le 3 d\u00e9cembre 2025.<\/p>\n<h2 id=\"what-stores-have-the-best-sales-on-black-friday\">Quels magasins proposent les meilleures ventes le Black Friday ?<\/h2>\n<p>De nos jours, les grands d\u00e9taillants et les petites entreprises se disputent les acheteurs du Black Friday, vous pouvez donc vous attendre \u00e0 ce que pratiquement tous les magasins r\u00e9alisent des soldes jusqu&rsquo;au lundi 1er d\u00e9cembre 2025. Les \u00ab meilleures \u00bb ventes d\u00e9pendent de vos besoins, mais en g\u00e9n\u00e9ral, les remises les plus importantes ont tendance \u00e0 provenir de grands d\u00e9taillants qui peuvent se permettre des prix plus bas : pensez \u00e0 des endroits comme Amazon, Walmart, Target, Best Buy et Home Depot. Vous pouvez retrouver toutes les meilleures ventes des grands d\u00e9taillants sur notre blog en direct. <\/p>\n<h2 id=\"are-black-friday-deals-worth-it\">Les offres du Black Friday en valent-elles la peine ?<\/h2>\n<p>Bref, oui, le Black Friday propose toujours des r\u00e9ductions qui peuvent \u00eatre rares sur le reste de l&rsquo;ann\u00e9e. Si vous souhaitez acheter quelque chose ou si vous achetez des cadeaux, c&rsquo;est le bon moment pour rechercher des r\u00e9ductions sur ce dont vous avez besoin, en particulier les ventes de technologies, de fournitures de r\u00e9novation domiciliaire et de technologies de fitness. Bien s\u00fbr, si vous avez besoin d\u2019\u00e9conomiser de l\u2019argent, la meilleure fa\u00e7on d\u2019\u00e9conomiser est de ne rien acheter. <\/p>\n","protected":false},"excerpt":{"rendered":"<p>Le OnePlus offre des performances phares, un design haut de gamme et une autonomie d\u2019une journ\u00e9e. Les ventes du Black Friday commencent officiellement le vendredi<\/p>\n","protected":false},"author":1,"featured_media":11584,"comment_status":"","ping_status":"","sticky":false,"template":"","format":"standard","meta":{"footnotes":""},"categories":[13],"tags":[73,1936,76,1255,9385,81,610,308,223],"class_list":["post-11583","post","type-post","status-publish","format-standard","has-post-thumbnail","hentry","category-technologie","tag-black","tag-deja","tag-est","tag-friday","tag-oneplus","tag-pour","tag-premiere","tag-reduction","tag-vente","generate-columns","tablet-grid-50","mobile-grid-100","grid-parent","grid-33"],"yoast_head":"<!-- This site is optimized with the Yoast SEO plugin v24.0 - https:\/\/yoast.com\/wordpress\/plugins\/seo\/ -->\n<title>Le OnePlus 13 est d\u00e9j\u00e0 \u00e0 150 $ de r\u00e9duction pour sa premi\u00e8re vente du Black Friday | Vie Associative<\/title>\n<meta name=\"robots\" content=\"index, follow, max-snippet:-1, max-image-preview:large, max-video-preview:-1\" \/>\n<link rel=\"canonical\" href=\"https:\/\/vieassociative.be\/actualites\/le-oneplus-13-est-deja-a-150-de-reduction-pour-sa-premiere-vente-du-black-friday\/\" \/>\n<meta property=\"og:locale\" content=\"fr_FR\" \/>\n<meta property=\"og:type\" content=\"article\" \/>\n<meta property=\"og:title\" content=\"Le OnePlus 13 est d\u00e9j\u00e0 \u00e0 150 $ de r\u00e9duction pour sa premi\u00e8re vente du Black Friday | Vie Associative\" \/>\n<meta property=\"og:description\" content=\"Le OnePlus offre des performances phares, un design haut de gamme et une autonomie d\u2019une journ\u00e9e. Les ventes du Black Friday commencent officiellement le vendredi\" \/>\n<meta property=\"og:url\" content=\"https:\/\/vieassociative.be\/actualites\/le-oneplus-13-est-deja-a-150-de-reduction-pour-sa-premiere-vente-du-black-friday\/\" \/>\n<meta property=\"og:site_name\" content=\"Vie Associative\" \/>\n<meta property=\"article:published_time\" content=\"2025-11-28T01:17:01+00:00\" \/>\n<meta property=\"og:image\" content=\"https:\/\/vieassociative.be\/actualites\/wp-content\/uploads\/2025\/11\/Le-OnePlus-13-est-deja-a-150-de-reduction.jpg\" \/>\n<meta name=\"author\" content=\"Julien\" \/>\n<meta name=\"twitter:card\" content=\"summary_large_image\" \/>\n<meta name=\"twitter:label1\" content=\"\u00c9crit par\" \/>\n\t<meta name=\"twitter:data1\" content=\"Julien\" \/>\n\t<meta name=\"twitter:label2\" content=\"Dur\u00e9e de lecture est.\" \/>\n\t<meta name=\"twitter:data2\" content=\"4 minutes\" \/>\n<script type=\"application\/ld+json\" class=\"yoast-schema-graph\">{\"@context\":\"https:\/\/schema.org\",\"@graph\":[{\"@type\":\"Article\",\"@id\":\"https:\/\/vieassociative.be\/actualites\/le-oneplus-13-est-deja-a-150-de-reduction-pour-sa-premiere-vente-du-black-friday\/#article\",\"isPartOf\":{\"@id\":\"https:\/\/vieassociative.be\/actualites\/le-oneplus-13-est-deja-a-150-de-reduction-pour-sa-premiere-vente-du-black-friday\/\"},\"author\":{\"name\":\"Julien\",\"@id\":\"https:\/\/vieassociative.be\/actualites\/#\/schema\/person\/b87ac4f82f9d4e7b7cec7395b679edc4\"},\"headline\":\"Le OnePlus 13 est d\u00e9j\u00e0 \u00e0 150 $ de r\u00e9duction pour sa premi\u00e8re vente du Black Friday\",\"datePublished\":\"2025-11-28T01:17:01+00:00\",\"dateModified\":\"2025-11-28T01:17:01+00:00\",\"mainEntityOfPage\":{\"@id\":\"https:\/\/vieassociative.be\/actualites\/le-oneplus-13-est-deja-a-150-de-reduction-pour-sa-premiere-vente-du-black-friday\/\"},\"wordCount\":903,\"publisher\":{\"@id\":\"https:\/\/vieassociative.be\/actualites\/#organization\"},\"image\":{\"@id\":\"https:\/\/vieassociative.be\/actualites\/le-oneplus-13-est-deja-a-150-de-reduction-pour-sa-premiere-vente-du-black-friday\/#primaryimage\"},\"thumbnailUrl\":\"https:\/\/vieassociative.be\/actualites\/wp-content\/uploads\/2025\/11\/Le-OnePlus-13-est-deja-a-150-de-reduction.png\",\"keywords\":[\"Black\",\"d\u00e9j\u00e0\",\"est\",\"Friday\",\"OnePlus\",\"pour\",\"premi\u00e8re\",\"r\u00e9duction\",\"vente\"],\"articleSection\":[\"Technologie\"],\"inLanguage\":\"fr-BE\"},{\"@type\":\"WebPage\",\"@id\":\"https:\/\/vieassociative.be\/actualites\/le-oneplus-13-est-deja-a-150-de-reduction-pour-sa-premiere-vente-du-black-friday\/\",\"url\":\"https:\/\/vieassociative.be\/actualites\/le-oneplus-13-est-deja-a-150-de-reduction-pour-sa-premiere-vente-du-black-friday\/\",\"name\":\"Le OnePlus 13 est d\u00e9j\u00e0 \u00e0 150 $ de r\u00e9duction pour sa premi\u00e8re vente du Black Friday | Vie Associative\",\"isPartOf\":{\"@id\":\"https:\/\/vieassociative.be\/actualites\/#website\"},\"primaryImageOfPage\":{\"@id\":\"https:\/\/vieassociative.be\/actualites\/le-oneplus-13-est-deja-a-150-de-reduction-pour-sa-premiere-vente-du-black-friday\/#primaryimage\"},\"image\":{\"@id\":\"https:\/\/vieassociative.be\/actualites\/le-oneplus-13-est-deja-a-150-de-reduction-pour-sa-premiere-vente-du-black-friday\/#primaryimage\"},\"thumbnailUrl\":\"https:\/\/vieassociative.be\/actualites\/wp-content\/uploads\/2025\/11\/Le-OnePlus-13-est-deja-a-150-de-reduction.png\",\"datePublished\":\"2025-11-28T01:17:01+00:00\",\"dateModified\":\"2025-11-28T01:17:01+00:00\",\"breadcrumb\":{\"@id\":\"https:\/\/vieassociative.be\/actualites\/le-oneplus-13-est-deja-a-150-de-reduction-pour-sa-premiere-vente-du-black-friday\/#breadcrumb\"},\"inLanguage\":\"fr-BE\",\"potentialAction\":[{\"@type\":\"ReadAction\",\"target\":[\"https:\/\/vieassociative.be\/actualites\/le-oneplus-13-est-deja-a-150-de-reduction-pour-sa-premiere-vente-du-black-friday\/\"]}]},{\"@type\":\"ImageObject\",\"inLanguage\":\"fr-BE\",\"@id\":\"https:\/\/vieassociative.be\/actualites\/le-oneplus-13-est-deja-a-150-de-reduction-pour-sa-premiere-vente-du-black-friday\/#primaryimage\",\"url\":\"https:\/\/vieassociative.be\/actualites\/wp-content\/uploads\/2025\/11\/Le-OnePlus-13-est-deja-a-150-de-reduction.png\",\"contentUrl\":\"https:\/\/vieassociative.be\/actualites\/wp-content\/uploads\/2025\/11\/Le-OnePlus-13-est-deja-a-150-de-reduction.png\",\"width\":1200,\"height\":675,\"caption\":\"Le OnePlus 13 est d\u00e9j\u00e0 \u00e0 150 $ de r\u00e9duction pour sa premi\u00e8re vente du Black Friday\"},{\"@type\":\"BreadcrumbList\",\"@id\":\"https:\/\/vieassociative.be\/actualites\/le-oneplus-13-est-deja-a-150-de-reduction-pour-sa-premiere-vente-du-black-friday\/#breadcrumb\",\"itemListElement\":[{\"@type\":\"ListItem\",\"position\":1,\"name\":\"Accueil\",\"item\":\"https:\/\/vieassociative.be\/actualites\/\"},{\"@type\":\"ListItem\",\"position\":2,\"name\":\"Le OnePlus 13 est d\u00e9j\u00e0 \u00e0 150 $ de r\u00e9duction pour sa premi\u00e8re vente du Black Friday\"}]},{\"@type\":\"WebSite\",\"@id\":\"https:\/\/vieassociative.be\/actualites\/#website\",\"url\":\"https:\/\/vieassociative.be\/actualites\/\",\"name\":\"Vie Associative\",\"description\":\"\",\"publisher\":{\"@id\":\"https:\/\/vieassociative.be\/actualites\/#organization\"},\"potentialAction\":[{\"@type\":\"SearchAction\",\"target\":{\"@type\":\"EntryPoint\",\"urlTemplate\":\"https:\/\/vieassociative.be\/actualites\/?s={search_term_string}\"},\"query-input\":{\"@type\":\"PropertyValueSpecification\",\"valueRequired\":true,\"valueName\":\"search_term_string\"}}],\"inLanguage\":\"fr-BE\"},{\"@type\":\"Organization\",\"@id\":\"https:\/\/vieassociative.be\/actualites\/#organization\",\"name\":\"Vie Associative\",\"url\":\"https:\/\/vieassociative.be\/actualites\/\",\"logo\":{\"@type\":\"ImageObject\",\"inLanguage\":\"fr-BE\",\"@id\":\"https:\/\/vieassociative.be\/actualites\/#\/schema\/logo\/image\/\",\"url\":\"https:\/\/vieassociative.be\/actualites\/wp-content\/uploads\/2024\/09\/cropped-vieassociative_favicon.ico.png\",\"contentUrl\":\"https:\/\/vieassociative.be\/actualites\/wp-content\/uploads\/2024\/09\/cropped-vieassociative_favicon.ico.png\",\"width\":512,\"height\":512,\"caption\":\"Vie Associative\"},\"image\":{\"@id\":\"https:\/\/vieassociative.be\/actualites\/#\/schema\/logo\/image\/\"}},{\"@type\":\"Person\",\"@id\":\"https:\/\/vieassociative.be\/actualites\/#\/schema\/person\/b87ac4f82f9d4e7b7cec7395b679edc4\",\"name\":\"Julien\",\"image\":{\"@type\":\"ImageObject\",\"inLanguage\":\"fr-BE\",\"@id\":\"https:\/\/vieassociative.be\/actualites\/#\/schema\/person\/image\/\",\"url\":\"https:\/\/vieassociative.be\/actualites\/wp-content\/uploads\/2024\/09\/vie-associative-1-150x150.jpg\",\"contentUrl\":\"https:\/\/vieassociative.be\/actualites\/wp-content\/uploads\/2024\/09\/vie-associative-1-150x150.jpg\",\"caption\":\"Julien\"},\"description\":\"Je suis Julien, r\u00e9dacteur pour Vie Associative. Passionn\u00e9 par le monde associatif depuis plus de 10 ans, j'ai \u00e0 c\u0153ur de partager des histoires inspirantes et de mettre en lumi\u00e8re les initiatives locales. Mon objectif est de sensibiliser et d'encourager l'engagement communautaire \u00e0 travers mes articles.\",\"sameAs\":[\"https:\/\/vieassociative.be\/\"]}]}<\/script>\n<!-- \/ Yoast SEO plugin. -->","yoast_head_json":{"title":"Le OnePlus 13 est d\u00e9j\u00e0 \u00e0 150 $ de r\u00e9duction pour sa premi\u00e8re vente du Black Friday | Vie Associative","robots":{"index":"index","follow":"follow","max-snippet":"max-snippet:-1","max-image-preview":"max-image-preview:large","max-video-preview":"max-video-preview:-1"},"canonical":"https:\/\/vieassociative.be\/actualites\/le-oneplus-13-est-deja-a-150-de-reduction-pour-sa-premiere-vente-du-black-friday\/","og_locale":"fr_FR","og_type":"article","og_title":"Le OnePlus 13 est d\u00e9j\u00e0 \u00e0 150 $ de r\u00e9duction pour sa premi\u00e8re vente du Black Friday | Vie Associative","og_description":"Le OnePlus offre des performances phares, un design haut de gamme et une autonomie d\u2019une journ\u00e9e. Les ventes du Black Friday commencent officiellement le vendredi","og_url":"https:\/\/vieassociative.be\/actualites\/le-oneplus-13-est-deja-a-150-de-reduction-pour-sa-premiere-vente-du-black-friday\/","og_site_name":"Vie Associative","article_published_time":"2025-11-28T01:17:01+00:00","og_image":[{"url":"https:\/\/vieassociative.be\/actualites\/wp-content\/uploads\/2025\/11\/Le-OnePlus-13-est-deja-a-150-de-reduction.jpg","type":"","width":"","height":""}],"author":"Julien","twitter_card":"summary_large_image","twitter_misc":{"\u00c9crit par":"Julien","Dur\u00e9e de lecture est.":"4 minutes"},"schema":{"@context":"https:\/\/schema.org","@graph":[{"@type":"Article","@id":"https:\/\/vieassociative.be\/actualites\/le-oneplus-13-est-deja-a-150-de-reduction-pour-sa-premiere-vente-du-black-friday\/#article","isPartOf":{"@id":"https:\/\/vieassociative.be\/actualites\/le-oneplus-13-est-deja-a-150-de-reduction-pour-sa-premiere-vente-du-black-friday\/"},"author":{"name":"Julien","@id":"https:\/\/vieassociative.be\/actualites\/#\/schema\/person\/b87ac4f82f9d4e7b7cec7395b679edc4"},"headline":"Le OnePlus 13 est d\u00e9j\u00e0 \u00e0 150 $ de r\u00e9duction pour sa premi\u00e8re vente du Black Friday","datePublished":"2025-11-28T01:17:01+00:00","dateModified":"2025-11-28T01:17:01+00:00","mainEntityOfPage":{"@id":"https:\/\/vieassociative.be\/actualites\/le-oneplus-13-est-deja-a-150-de-reduction-pour-sa-premiere-vente-du-black-friday\/"},"wordCount":903,"publisher":{"@id":"https:\/\/vieassociative.be\/actualites\/#organization"},"image":{"@id":"https:\/\/vieassociative.be\/actualites\/le-oneplus-13-est-deja-a-150-de-reduction-pour-sa-premiere-vente-du-black-friday\/#primaryimage"},"thumbnailUrl":"https:\/\/vieassociative.be\/actualites\/wp-content\/uploads\/2025\/11\/Le-OnePlus-13-est-deja-a-150-de-reduction.png","keywords":["Black","d\u00e9j\u00e0","est","Friday","OnePlus","pour","premi\u00e8re","r\u00e9duction","vente"],"articleSection":["Technologie"],"inLanguage":"fr-BE"},{"@type":"WebPage","@id":"https:\/\/vieassociative.be\/actualites\/le-oneplus-13-est-deja-a-150-de-reduction-pour-sa-premiere-vente-du-black-friday\/","url":"https:\/\/vieassociative.be\/actualites\/le-oneplus-13-est-deja-a-150-de-reduction-pour-sa-premiere-vente-du-black-friday\/","name":"Le OnePlus 13 est d\u00e9j\u00e0 \u00e0 150 $ de r\u00e9duction pour sa premi\u00e8re vente du Black Friday | Vie Associative","isPartOf":{"@id":"https:\/\/vieassociative.be\/actualites\/#website"},"primaryImageOfPage":{"@id":"https:\/\/vieassociative.be\/actualites\/le-oneplus-13-est-deja-a-150-de-reduction-pour-sa-premiere-vente-du-black-friday\/#primaryimage"},"image":{"@id":"https:\/\/vieassociative.be\/actualites\/le-oneplus-13-est-deja-a-150-de-reduction-pour-sa-premiere-vente-du-black-friday\/#primaryimage"},"thumbnailUrl":"https:\/\/vieassociative.be\/actualites\/wp-content\/uploads\/2025\/11\/Le-OnePlus-13-est-deja-a-150-de-reduction.png","datePublished":"2025-11-28T01:17:01+00:00","dateModified":"2025-11-28T01:17:01+00:00","breadcrumb":{"@id":"https:\/\/vieassociative.be\/actualites\/le-oneplus-13-est-deja-a-150-de-reduction-pour-sa-premiere-vente-du-black-friday\/#breadcrumb"},"inLanguage":"fr-BE","potentialAction":[{"@type":"ReadAction","target":["https:\/\/vieassociative.be\/actualites\/le-oneplus-13-est-deja-a-150-de-reduction-pour-sa-premiere-vente-du-black-friday\/"]}]},{"@type":"ImageObject","inLanguage":"fr-BE","@id":"https:\/\/vieassociative.be\/actualites\/le-oneplus-13-est-deja-a-150-de-reduction-pour-sa-premiere-vente-du-black-friday\/#primaryimage","url":"https:\/\/vieassociative.be\/actualites\/wp-content\/uploads\/2025\/11\/Le-OnePlus-13-est-deja-a-150-de-reduction.png","contentUrl":"https:\/\/vieassociative.be\/actualites\/wp-content\/uploads\/2025\/11\/Le-OnePlus-13-est-deja-a-150-de-reduction.png","width":1200,"height":675,"caption":"Le OnePlus 13 est d\u00e9j\u00e0 \u00e0 150 $ de r\u00e9duction pour sa premi\u00e8re vente du Black Friday"},{"@type":"BreadcrumbList","@id":"https:\/\/vieassociative.be\/actualites\/le-oneplus-13-est-deja-a-150-de-reduction-pour-sa-premiere-vente-du-black-friday\/#breadcrumb","itemListElement":[{"@type":"ListItem","position":1,"name":"Accueil","item":"https:\/\/vieassociative.be\/actualites\/"},{"@type":"ListItem","position":2,"name":"Le OnePlus 13 est d\u00e9j\u00e0 \u00e0 150 $ de r\u00e9duction pour sa premi\u00e8re vente du Black Friday"}]},{"@type":"WebSite","@id":"https:\/\/vieassociative.be\/actualites\/#website","url":"https:\/\/vieassociative.be\/actualites\/","name":"Vie Associative","description":"","publisher":{"@id":"https:\/\/vieassociative.be\/actualites\/#organization"},"potentialAction":[{"@type":"SearchAction","target":{"@type":"EntryPoint","urlTemplate":"https:\/\/vieassociative.be\/actualites\/?s={search_term_string}"},"query-input":{"@type":"PropertyValueSpecification","valueRequired":true,"valueName":"search_term_string"}}],"inLanguage":"fr-BE"},{"@type":"Organization","@id":"https:\/\/vieassociative.be\/actualites\/#organization","name":"Vie Associative","url":"https:\/\/vieassociative.be\/actualites\/","logo":{"@type":"ImageObject","inLanguage":"fr-BE","@id":"https:\/\/vieassociative.be\/actualites\/#\/schema\/logo\/image\/","url":"https:\/\/vieassociative.be\/actualites\/wp-content\/uploads\/2024\/09\/cropped-vieassociative_favicon.ico.png","contentUrl":"https:\/\/vieassociative.be\/actualites\/wp-content\/uploads\/2024\/09\/cropped-vieassociative_favicon.ico.png","width":512,"height":512,"caption":"Vie Associative"},"image":{"@id":"https:\/\/vieassociative.be\/actualites\/#\/schema\/logo\/image\/"}},{"@type":"Person","@id":"https:\/\/vieassociative.be\/actualites\/#\/schema\/person\/b87ac4f82f9d4e7b7cec7395b679edc4","name":"Julien","image":{"@type":"ImageObject","inLanguage":"fr-BE","@id":"https:\/\/vieassociative.be\/actualites\/#\/schema\/person\/image\/","url":"https:\/\/vieassociative.be\/actualites\/wp-content\/uploads\/2024\/09\/vie-associative-1-150x150.jpg","contentUrl":"https:\/\/vieassociative.be\/actualites\/wp-content\/uploads\/2024\/09\/vie-associative-1-150x150.jpg","caption":"Julien"},"description":"Je suis Julien, r\u00e9dacteur pour Vie Associative. Passionn\u00e9 par le monde associatif depuis plus de 10 ans, j'ai \u00e0 c\u0153ur de partager des histoires inspirantes et de mettre en lumi\u00e8re les initiatives locales. Mon objectif est de sensibiliser et d'encourager l'engagement communautaire \u00e0 travers mes articles.","sameAs":["https:\/\/vieassociative.be\/"]}]}},"_links":{"self":[{"href":"https:\/\/vieassociative.be\/actualites\/wp-json\/wp\/v2\/posts\/11583"}],"collection":[{"href":"https:\/\/vieassociative.be\/actualites\/wp-json\/wp\/v2\/posts"}],"about":[{"href":"https:\/\/vieassociative.be\/actualites\/wp-json\/wp\/v2\/types\/post"}],"author":[{"embeddable":true,"href":"https:\/\/vieassociative.be\/actualites\/wp-json\/wp\/v2\/users\/1"}],"replies":[{"embeddable":true,"href":"https:\/\/vieassociative.be\/actualites\/wp-json\/wp\/v2\/comments?post=11583"}],"version-history":[{"count":0,"href":"https:\/\/vieassociative.be\/actualites\/wp-json\/wp\/v2\/posts\/11583\/revisions"}],"wp:featuredmedia":[{"embeddable":true,"href":"https:\/\/vieassociative.be\/actualites\/wp-json\/wp\/v2\/media\/11584"}],"wp:attachment":[{"href":"https:\/\/vieassociative.be\/actualites\/wp-json\/wp\/v2\/media?parent=11583"}],"wp:term":[{"taxonomy":"category","embeddable":true,"href":"https:\/\/vieassociative.be\/actualites\/wp-json\/wp\/v2\/categories?post=11583"},{"taxonomy":"post_tag","embeddable":true,"href":"https:\/\/vieassociative.be\/actualites\/wp-json\/wp\/v2\/tags?post=11583"}],"curies":[{"name":"wp","href":"https:\/\/api.w.org\/{rel}","templated":true}]}}