{"id":11579,"date":"2025-11-27T21:17:50","date_gmt":"2025-11-27T20:17:50","guid":{"rendered":"https:\/\/vieassociative.be\/actualites\/n62-grande-rocade-a-namur-hors-de-table\/"},"modified":"2025-11-27T21:17:50","modified_gmt":"2025-11-27T20:17:50","slug":"n62-grande-rocade-a-namur-hors-de-table","status":"publish","type":"post","link":"https:\/\/vieassociative.be\/actualites\/n62-grande-rocade-a-namur-hors-de-table\/","title":{"rendered":"N62 : Grande rocade \u00e0 Namur hors de table ?"},"content":{"rendered":"<p><strong>La N62 \u00e9tait \u00e0 nouveau en discussion au Parlement wallon \u00e0 Namur. La raison \u00e9tait une question actuelle de la d\u00e9put\u00e9e de l&rsquo;Est de la Belgique Christine Mauel (MR-PFF) au ministre de tutelle Fran\u00e7ois Desquesnes (Les Engag\u00e9s).<\/strong><\/p>\n<p><span id=\"more-430542\"><\/span>Dans sa r\u00e9ponse, le ministre a clairement indiqu\u00e9 que la N62 est un axe de transport r\u00e9gional et europ\u00e9en important, tant pour le trafic quotidien que pour une partie du transport de marchandises. Desquesnes a annonc\u00e9 \u00e0 cette occasion que la N62 avait d\u00e9j\u00e0 fait l&rsquo;objet d&rsquo;une r\u00e9union gouvernementale conjointe entre la Wallonie et la DG le 3 juillet.<\/p>\n<div id=\"attachment_16419\" class=\"wp-caption alignleft\" style=\"max-width: 300px\"><img fetchpriority=\"high\" decoding=\"async\" class=\"wp-image-16419 size-medium\" src=\"https:\/\/vieassociative.be\/actualites\/wp-content\/uploads\/2025\/04\/Delegation-de-Belge-orientale-a-Namur-reprise-des-conferences-sur.jpg\" alt=\"\" width=\"300\" height=\"199\"  ><\/div>\n<p>Lors de cette r\u00e9union, selon Desquesnes, les deux gouvernements ont convenu qu&rsquo;un projet de contournement \u00e0 grande \u00e9chelle ne serait pas poursuivi. M\u00eame si un tel projet avait \u00e9t\u00e9 envisag\u00e9 dans le pass\u00e9, ce n&rsquo;\u00e9tait pas l&rsquo;option que la Wallonie et la DG soutiendraient conjointement \u00e0 l&rsquo;avenir.<\/p>\n<p>Au lieu de cela, selon le ministre Desquesnes, une voie r\u00e9aliste et pragmatique a \u00e9t\u00e9 convenue. La Wallonie et la DG se concentreraient sur des am\u00e9liorations concr\u00e8tes et rapidement mises en \u0153uvre, notamment dans les domaines de la s\u00e9curit\u00e9 et des flux de mobilit\u00e9. A cet effet, un groupe de travail conjoint a \u00e9t\u00e9 constitu\u00e9 pour examiner et proposer des mesures pratiques. Le groupe de travail impliquera \u00e9galement les communaut\u00e9s affect\u00e9es pour d\u00e9velopper des solutions imm\u00e9diatement efficaces et viables \u00e0 l&rsquo;\u00e9chelle r\u00e9gionale, a d\u00e9clar\u00e9 Desquesnes.<\/p>\n<p>Jeudi soir, le Premier ministre Oliver Paasch (ProDG) a r\u00e9pondu aux explications du ministre Desquesnes.<\/p>\n<h3>La DG du gouvernement maintient sa demande de solution<\/h3>\n<p>La DG gouvernement n&rsquo;est pas d&rsquo;accord avec les d\u00e9clarations faites mercredi par le ministre wallon Fran\u00e7ois Desquesnes au Parlement wallon sur la question du N62 (voir rapport ci-dessus). Au lieu de cela, les ministres de la DG s\u2019en tiennent \u00e0 leur demande de solution.<\/p>\n<div id=\"attachment_402647\" class=\"wp-caption alignleft\" style=\"max-width: 300px\"><img decoding=\"async\" class=\"wp-image-402647 size-medium\" src=\"https:\/\/vieassociative.be\/actualites\/wp-content\/uploads\/2024\/11\/Stop-a-la-spirale-de-la-dette.jpg\" alt=\"\" width=\"300\" height=\"200\"><\/div>\n<p>Lors de la r\u00e9union gouvernementale conjointe entre la DG et la Wallonie le 3 juillet dernier, il a \u00e9t\u00e9 entendu qu&rsquo;il n&rsquo;y aurait pas 60 millions d&rsquo;euros pour un grand projet sur la N62 et il a \u00e9galement \u00e9t\u00e9 reconnu qu&rsquo;il n&rsquo;y aurait pas d&rsquo;autoroute. Mais, ont d\u00e9clar\u00e9 les ministres DG, \u00ab\u00a0nous sommes express\u00e9ment d&rsquo;avis qu&rsquo;une solution doit \u00eatre trouv\u00e9e pour all\u00e9ger la pression sur la N62, accro\u00eetre consid\u00e9rablement la s\u00e9curit\u00e9 et am\u00e9liorer la qualit\u00e9 de vie dans les villes environnantes. La situation actuelle n&rsquo;est en aucun cas acceptable.\u00a0\u00bb<\/p>\n<p>En concertation avec la commune de Burg-Reuland, le groupe de travail d\u00e9cid\u00e9 par les deux gouvernements servira \u00e0 trouver des solutions concr\u00e8tes. M\u00eame si la d\u00e9cision concernant la N62 rel\u00e8ve de la comp\u00e9tence exclusive de la R\u00e9gion wallonne, celle-ci n&rsquo;est pas pr\u00eate \u00e0 accepter la situation actuelle. \u00ab\u00a0Le gouvernement souhaite que le groupe de travail soit convoqu\u00e9 rapidement et que la commune de Burg-Reuland y soit invit\u00e9e. Le maire a exprim\u00e9 sa volont\u00e9 d&rsquo;en discuter.\u00a0\u00bb<\/p>\n<p>Le gouvernement pr\u00e9sentera \u00e0 nouveau par \u00e9crit sa vision du dossier au ministre Desquesnes et l&rsquo;invitera \u00e0 Burg-Reuland pour en discuter sur place, selon le communiqu\u00e9 de la DG gouvernement. (cr\u00e9er)<\/p>\n","protected":false},"excerpt":{"rendered":"<p>La N62 \u00e9tait \u00e0 nouveau en discussion au Parlement wallon \u00e0 Namur. La raison \u00e9tait une question actuelle de la d\u00e9put\u00e9e de l&rsquo;Est de la<\/p>\n","protected":false},"author":1,"featured_media":11580,"comment_status":"","ping_status":"","sticky":false,"template":"","format":"standard","meta":{"footnotes":""},"categories":[298],"tags":[1787,2494,6420,6417,9383,5379],"class_list":["post-11579","post","type-post","status-publish","format-standard","has-post-thumbnail","hentry","category-belgique","tag-grande","tag-hors","tag-n62","tag-namur","tag-rocade","tag-table","generate-columns","tablet-grid-50","mobile-grid-100","grid-parent","grid-33"],"yoast_head":"<!-- This site is optimized with the Yoast SEO plugin v24.0 - https:\/\/yoast.com\/wordpress\/plugins\/seo\/ -->\n<title>N62 : Grande rocade \u00e0 Namur hors de table ? | Vie Associative<\/title>\n<meta name=\"robots\" content=\"index, follow, max-snippet:-1, max-image-preview:large, max-video-preview:-1\" \/>\n<link rel=\"canonical\" href=\"https:\/\/vieassociative.be\/actualites\/n62-grande-rocade-a-namur-hors-de-table\/\" \/>\n<meta property=\"og:locale\" content=\"fr_FR\" \/>\n<meta property=\"og:type\" content=\"article\" \/>\n<meta property=\"og:title\" content=\"N62 : Grande rocade \u00e0 Namur hors de table ? | Vie Associative\" \/>\n<meta property=\"og:description\" content=\"La N62 \u00e9tait \u00e0 nouveau en discussion au Parlement wallon \u00e0 Namur. La raison \u00e9tait une question actuelle de la d\u00e9put\u00e9e de l&rsquo;Est de la\" \/>\n<meta property=\"og:url\" content=\"https:\/\/vieassociative.be\/actualites\/n62-grande-rocade-a-namur-hors-de-table\/\" \/>\n<meta property=\"og:site_name\" content=\"Vie Associative\" \/>\n<meta property=\"article:published_time\" content=\"2025-11-27T20:17:50+00:00\" \/>\n<meta property=\"og:image\" content=\"https:\/\/vieassociative.be\/actualites\/wp-content\/uploads\/2024\/09\/header_backgroundk-01-e1726694325946.png\" \/>\n\t<meta property=\"og:image:width\" content=\"279\" \/>\n\t<meta property=\"og:image:height\" content=\"92\" \/>\n\t<meta property=\"og:image:type\" content=\"image\/png\" \/>\n<meta name=\"author\" content=\"Julien\" \/>\n<meta name=\"twitter:card\" content=\"summary_large_image\" \/>\n<meta name=\"twitter:label1\" content=\"\u00c9crit par\" \/>\n\t<meta name=\"twitter:data1\" content=\"Julien\" \/>\n\t<meta name=\"twitter:label2\" content=\"Dur\u00e9e de lecture est.\" \/>\n\t<meta name=\"twitter:data2\" content=\"3 minutes\" \/>\n<script type=\"application\/ld+json\" class=\"yoast-schema-graph\">{\"@context\":\"https:\/\/schema.org\",\"@graph\":[{\"@type\":\"Article\",\"@id\":\"https:\/\/vieassociative.be\/actualites\/n62-grande-rocade-a-namur-hors-de-table\/#article\",\"isPartOf\":{\"@id\":\"https:\/\/vieassociative.be\/actualites\/n62-grande-rocade-a-namur-hors-de-table\/\"},\"author\":{\"name\":\"Julien\",\"@id\":\"https:\/\/vieassociative.be\/actualites\/#\/schema\/person\/b87ac4f82f9d4e7b7cec7395b679edc4\"},\"headline\":\"N62 : Grande rocade \u00e0 Namur hors de table ?\",\"datePublished\":\"2025-11-27T20:17:50+00:00\",\"dateModified\":\"2025-11-27T20:17:50+00:00\",\"mainEntityOfPage\":{\"@id\":\"https:\/\/vieassociative.be\/actualites\/n62-grande-rocade-a-namur-hors-de-table\/\"},\"wordCount\":551,\"publisher\":{\"@id\":\"https:\/\/vieassociative.be\/actualites\/#organization\"},\"image\":{\"@id\":\"https:\/\/vieassociative.be\/actualites\/n62-grande-rocade-a-namur-hors-de-table\/#primaryimage\"},\"thumbnailUrl\":\"https:\/\/vieassociative.be\/actualites\/wp-content\/uploads\/2025\/11\/N62-Grande-rocade-a-Namur-hors-de-table.jpg\",\"keywords\":[\"grande\",\"hors\",\"N62\",\"Namur\",\"rocade\",\"table\"],\"articleSection\":[\"Belgique\"],\"inLanguage\":\"fr-BE\"},{\"@type\":\"WebPage\",\"@id\":\"https:\/\/vieassociative.be\/actualites\/n62-grande-rocade-a-namur-hors-de-table\/\",\"url\":\"https:\/\/vieassociative.be\/actualites\/n62-grande-rocade-a-namur-hors-de-table\/\",\"name\":\"N62 : Grande rocade \u00e0 Namur hors de table ? | Vie Associative\",\"isPartOf\":{\"@id\":\"https:\/\/vieassociative.be\/actualites\/#website\"},\"primaryImageOfPage\":{\"@id\":\"https:\/\/vieassociative.be\/actualites\/n62-grande-rocade-a-namur-hors-de-table\/#primaryimage\"},\"image\":{\"@id\":\"https:\/\/vieassociative.be\/actualites\/n62-grande-rocade-a-namur-hors-de-table\/#primaryimage\"},\"thumbnailUrl\":\"https:\/\/vieassociative.be\/actualites\/wp-content\/uploads\/2025\/11\/N62-Grande-rocade-a-Namur-hors-de-table.jpg\",\"datePublished\":\"2025-11-27T20:17:50+00:00\",\"dateModified\":\"2025-11-27T20:17:50+00:00\",\"breadcrumb\":{\"@id\":\"https:\/\/vieassociative.be\/actualites\/n62-grande-rocade-a-namur-hors-de-table\/#breadcrumb\"},\"inLanguage\":\"fr-BE\",\"potentialAction\":[{\"@type\":\"ReadAction\",\"target\":[\"https:\/\/vieassociative.be\/actualites\/n62-grande-rocade-a-namur-hors-de-table\/\"]}]},{\"@type\":\"ImageObject\",\"inLanguage\":\"fr-BE\",\"@id\":\"https:\/\/vieassociative.be\/actualites\/n62-grande-rocade-a-namur-hors-de-table\/#primaryimage\",\"url\":\"https:\/\/vieassociative.be\/actualites\/wp-content\/uploads\/2025\/11\/N62-Grande-rocade-a-Namur-hors-de-table.jpg\",\"contentUrl\":\"https:\/\/vieassociative.be\/actualites\/wp-content\/uploads\/2025\/11\/N62-Grande-rocade-a-Namur-hors-de-table.jpg\",\"width\":900,\"height\":600,\"caption\":\"N62 : Grande rocade \u00e0 Namur hors de table ?\"},{\"@type\":\"BreadcrumbList\",\"@id\":\"https:\/\/vieassociative.be\/actualites\/n62-grande-rocade-a-namur-hors-de-table\/#breadcrumb\",\"itemListElement\":[{\"@type\":\"ListItem\",\"position\":1,\"name\":\"Accueil\",\"item\":\"https:\/\/vieassociative.be\/actualites\/\"},{\"@type\":\"ListItem\",\"position\":2,\"name\":\"N62 : Grande rocade \u00e0 Namur hors de table ?\"}]},{\"@type\":\"WebSite\",\"@id\":\"https:\/\/vieassociative.be\/actualites\/#website\",\"url\":\"https:\/\/vieassociative.be\/actualites\/\",\"name\":\"Vie Associative\",\"description\":\"\",\"publisher\":{\"@id\":\"https:\/\/vieassociative.be\/actualites\/#organization\"},\"potentialAction\":[{\"@type\":\"SearchAction\",\"target\":{\"@type\":\"EntryPoint\",\"urlTemplate\":\"https:\/\/vieassociative.be\/actualites\/?s={search_term_string}\"},\"query-input\":{\"@type\":\"PropertyValueSpecification\",\"valueRequired\":true,\"valueName\":\"search_term_string\"}}],\"inLanguage\":\"fr-BE\"},{\"@type\":\"Organization\",\"@id\":\"https:\/\/vieassociative.be\/actualites\/#organization\",\"name\":\"Vie Associative\",\"url\":\"https:\/\/vieassociative.be\/actualites\/\",\"logo\":{\"@type\":\"ImageObject\",\"inLanguage\":\"fr-BE\",\"@id\":\"https:\/\/vieassociative.be\/actualites\/#\/schema\/logo\/image\/\",\"url\":\"https:\/\/vieassociative.be\/actualites\/wp-content\/uploads\/2024\/09\/cropped-vieassociative_favicon.ico.png\",\"contentUrl\":\"https:\/\/vieassociative.be\/actualites\/wp-content\/uploads\/2024\/09\/cropped-vieassociative_favicon.ico.png\",\"width\":512,\"height\":512,\"caption\":\"Vie Associative\"},\"image\":{\"@id\":\"https:\/\/vieassociative.be\/actualites\/#\/schema\/logo\/image\/\"}},{\"@type\":\"Person\",\"@id\":\"https:\/\/vieassociative.be\/actualites\/#\/schema\/person\/b87ac4f82f9d4e7b7cec7395b679edc4\",\"name\":\"Julien\",\"image\":{\"@type\":\"ImageObject\",\"inLanguage\":\"fr-BE\",\"@id\":\"https:\/\/vieassociative.be\/actualites\/#\/schema\/person\/image\/\",\"url\":\"https:\/\/vieassociative.be\/actualites\/wp-content\/uploads\/2024\/09\/vie-associative-1-150x150.jpg\",\"contentUrl\":\"https:\/\/vieassociative.be\/actualites\/wp-content\/uploads\/2024\/09\/vie-associative-1-150x150.jpg\",\"caption\":\"Julien\"},\"description\":\"Je suis Julien, r\u00e9dacteur pour Vie Associative. Passionn\u00e9 par le monde associatif depuis plus de 10 ans, j'ai \u00e0 c\u0153ur de partager des histoires inspirantes et de mettre en lumi\u00e8re les initiatives locales. Mon objectif est de sensibiliser et d'encourager l'engagement communautaire \u00e0 travers mes articles.\",\"sameAs\":[\"https:\/\/vieassociative.be\/\"]}]}<\/script>\n<!-- \/ Yoast SEO plugin. -->","yoast_head_json":{"title":"N62 : Grande rocade \u00e0 Namur hors de table ? | Vie Associative","robots":{"index":"index","follow":"follow","max-snippet":"max-snippet:-1","max-image-preview":"max-image-preview:large","max-video-preview":"max-video-preview:-1"},"canonical":"https:\/\/vieassociative.be\/actualites\/n62-grande-rocade-a-namur-hors-de-table\/","og_locale":"fr_FR","og_type":"article","og_title":"N62 : Grande rocade \u00e0 Namur hors de table ? | Vie Associative","og_description":"La N62 \u00e9tait \u00e0 nouveau en discussion au Parlement wallon \u00e0 Namur. La raison \u00e9tait une question actuelle de la d\u00e9put\u00e9e de l&rsquo;Est de la","og_url":"https:\/\/vieassociative.be\/actualites\/n62-grande-rocade-a-namur-hors-de-table\/","og_site_name":"Vie Associative","article_published_time":"2025-11-27T20:17:50+00:00","og_image":[{"width":279,"height":92,"url":"https:\/\/vieassociative.be\/actualites\/wp-content\/uploads\/2024\/09\/header_backgroundk-01-e1726694325946.png","type":"image\/png"}],"author":"Julien","twitter_card":"summary_large_image","twitter_misc":{"\u00c9crit par":"Julien","Dur\u00e9e de lecture est.":"3 minutes"},"schema":{"@context":"https:\/\/schema.org","@graph":[{"@type":"Article","@id":"https:\/\/vieassociative.be\/actualites\/n62-grande-rocade-a-namur-hors-de-table\/#article","isPartOf":{"@id":"https:\/\/vieassociative.be\/actualites\/n62-grande-rocade-a-namur-hors-de-table\/"},"author":{"name":"Julien","@id":"https:\/\/vieassociative.be\/actualites\/#\/schema\/person\/b87ac4f82f9d4e7b7cec7395b679edc4"},"headline":"N62 : Grande rocade \u00e0 Namur hors de table ?","datePublished":"2025-11-27T20:17:50+00:00","dateModified":"2025-11-27T20:17:50+00:00","mainEntityOfPage":{"@id":"https:\/\/vieassociative.be\/actualites\/n62-grande-rocade-a-namur-hors-de-table\/"},"wordCount":551,"publisher":{"@id":"https:\/\/vieassociative.be\/actualites\/#organization"},"image":{"@id":"https:\/\/vieassociative.be\/actualites\/n62-grande-rocade-a-namur-hors-de-table\/#primaryimage"},"thumbnailUrl":"https:\/\/vieassociative.be\/actualites\/wp-content\/uploads\/2025\/11\/N62-Grande-rocade-a-Namur-hors-de-table.jpg","keywords":["grande","hors","N62","Namur","rocade","table"],"articleSection":["Belgique"],"inLanguage":"fr-BE"},{"@type":"WebPage","@id":"https:\/\/vieassociative.be\/actualites\/n62-grande-rocade-a-namur-hors-de-table\/","url":"https:\/\/vieassociative.be\/actualites\/n62-grande-rocade-a-namur-hors-de-table\/","name":"N62 : Grande rocade \u00e0 Namur hors de table ? | Vie Associative","isPartOf":{"@id":"https:\/\/vieassociative.be\/actualites\/#website"},"primaryImageOfPage":{"@id":"https:\/\/vieassociative.be\/actualites\/n62-grande-rocade-a-namur-hors-de-table\/#primaryimage"},"image":{"@id":"https:\/\/vieassociative.be\/actualites\/n62-grande-rocade-a-namur-hors-de-table\/#primaryimage"},"thumbnailUrl":"https:\/\/vieassociative.be\/actualites\/wp-content\/uploads\/2025\/11\/N62-Grande-rocade-a-Namur-hors-de-table.jpg","datePublished":"2025-11-27T20:17:50+00:00","dateModified":"2025-11-27T20:17:50+00:00","breadcrumb":{"@id":"https:\/\/vieassociative.be\/actualites\/n62-grande-rocade-a-namur-hors-de-table\/#breadcrumb"},"inLanguage":"fr-BE","potentialAction":[{"@type":"ReadAction","target":["https:\/\/vieassociative.be\/actualites\/n62-grande-rocade-a-namur-hors-de-table\/"]}]},{"@type":"ImageObject","inLanguage":"fr-BE","@id":"https:\/\/vieassociative.be\/actualites\/n62-grande-rocade-a-namur-hors-de-table\/#primaryimage","url":"https:\/\/vieassociative.be\/actualites\/wp-content\/uploads\/2025\/11\/N62-Grande-rocade-a-Namur-hors-de-table.jpg","contentUrl":"https:\/\/vieassociative.be\/actualites\/wp-content\/uploads\/2025\/11\/N62-Grande-rocade-a-Namur-hors-de-table.jpg","width":900,"height":600,"caption":"N62 : Grande rocade \u00e0 Namur hors de table ?"},{"@type":"BreadcrumbList","@id":"https:\/\/vieassociative.be\/actualites\/n62-grande-rocade-a-namur-hors-de-table\/#breadcrumb","itemListElement":[{"@type":"ListItem","position":1,"name":"Accueil","item":"https:\/\/vieassociative.be\/actualites\/"},{"@type":"ListItem","position":2,"name":"N62 : Grande rocade \u00e0 Namur hors de table ?"}]},{"@type":"WebSite","@id":"https:\/\/vieassociative.be\/actualites\/#website","url":"https:\/\/vieassociative.be\/actualites\/","name":"Vie Associative","description":"","publisher":{"@id":"https:\/\/vieassociative.be\/actualites\/#organization"},"potentialAction":[{"@type":"SearchAction","target":{"@type":"EntryPoint","urlTemplate":"https:\/\/vieassociative.be\/actualites\/?s={search_term_string}"},"query-input":{"@type":"PropertyValueSpecification","valueRequired":true,"valueName":"search_term_string"}}],"inLanguage":"fr-BE"},{"@type":"Organization","@id":"https:\/\/vieassociative.be\/actualites\/#organization","name":"Vie Associative","url":"https:\/\/vieassociative.be\/actualites\/","logo":{"@type":"ImageObject","inLanguage":"fr-BE","@id":"https:\/\/vieassociative.be\/actualites\/#\/schema\/logo\/image\/","url":"https:\/\/vieassociative.be\/actualites\/wp-content\/uploads\/2024\/09\/cropped-vieassociative_favicon.ico.png","contentUrl":"https:\/\/vieassociative.be\/actualites\/wp-content\/uploads\/2024\/09\/cropped-vieassociative_favicon.ico.png","width":512,"height":512,"caption":"Vie Associative"},"image":{"@id":"https:\/\/vieassociative.be\/actualites\/#\/schema\/logo\/image\/"}},{"@type":"Person","@id":"https:\/\/vieassociative.be\/actualites\/#\/schema\/person\/b87ac4f82f9d4e7b7cec7395b679edc4","name":"Julien","image":{"@type":"ImageObject","inLanguage":"fr-BE","@id":"https:\/\/vieassociative.be\/actualites\/#\/schema\/person\/image\/","url":"https:\/\/vieassociative.be\/actualites\/wp-content\/uploads\/2024\/09\/vie-associative-1-150x150.jpg","contentUrl":"https:\/\/vieassociative.be\/actualites\/wp-content\/uploads\/2024\/09\/vie-associative-1-150x150.jpg","caption":"Julien"},"description":"Je suis Julien, r\u00e9dacteur pour Vie Associative. Passionn\u00e9 par le monde associatif depuis plus de 10 ans, j'ai \u00e0 c\u0153ur de partager des histoires inspirantes et de mettre en lumi\u00e8re les initiatives locales. Mon objectif est de sensibiliser et d'encourager l'engagement communautaire \u00e0 travers mes articles.","sameAs":["https:\/\/vieassociative.be\/"]}]}},"_links":{"self":[{"href":"https:\/\/vieassociative.be\/actualites\/wp-json\/wp\/v2\/posts\/11579"}],"collection":[{"href":"https:\/\/vieassociative.be\/actualites\/wp-json\/wp\/v2\/posts"}],"about":[{"href":"https:\/\/vieassociative.be\/actualites\/wp-json\/wp\/v2\/types\/post"}],"author":[{"embeddable":true,"href":"https:\/\/vieassociative.be\/actualites\/wp-json\/wp\/v2\/users\/1"}],"replies":[{"embeddable":true,"href":"https:\/\/vieassociative.be\/actualites\/wp-json\/wp\/v2\/comments?post=11579"}],"version-history":[{"count":0,"href":"https:\/\/vieassociative.be\/actualites\/wp-json\/wp\/v2\/posts\/11579\/revisions"}],"wp:featuredmedia":[{"embeddable":true,"href":"https:\/\/vieassociative.be\/actualites\/wp-json\/wp\/v2\/media\/11580"}],"wp:attachment":[{"href":"https:\/\/vieassociative.be\/actualites\/wp-json\/wp\/v2\/media?parent=11579"}],"wp:term":[{"taxonomy":"category","embeddable":true,"href":"https:\/\/vieassociative.be\/actualites\/wp-json\/wp\/v2\/categories?post=11579"},{"taxonomy":"post_tag","embeddable":true,"href":"https:\/\/vieassociative.be\/actualites\/wp-json\/wp\/v2\/tags?post=11579"}],"curies":[{"name":"wp","href":"https:\/\/api.w.org\/{rel}","templated":true}]}}