{"id":11577,"date":"2025-11-27T20:17:22","date_gmt":"2025-11-27T19:17:22","guid":{"rendered":"https:\/\/vieassociative.be\/actualites\/les-lunettes-intelligentes-rayneo-air-3s-pro-beneficient-dune-reduction-de-50-pour-cette-premiere-vente-du-black-friday\/"},"modified":"2025-11-27T20:17:22","modified_gmt":"2025-11-27T19:17:22","slug":"les-lunettes-intelligentes-rayneo-air-3s-pro-beneficient-dune-reduction-de-50-pour-cette-premiere-vente-du-black-friday","status":"publish","type":"post","link":"https:\/\/vieassociative.be\/actualites\/les-lunettes-intelligentes-rayneo-air-3s-pro-beneficient-dune-reduction-de-50-pour-cette-premiere-vente-du-black-friday\/","title":{"rendered":"Les lunettes intelligentes Rayneo Air 3s Pro b\u00e9n\u00e9ficient d&rsquo;une r\u00e9duction de 50 $ pour cette premi\u00e8re vente du Black Friday"},"content":{"rendered":"<div class=\"mt-4 leading-6 md:mb-8\">Ces lunettes pour \u00e9cran HD \u00e9taient d\u00e9j\u00e0 bon march\u00e9, et elles constituent d\u00e9sormais une offre encore meilleure.<\/div>\n<p><\/p>\n<p><em>Les ventes du Black Friday commencent officiellement le vendredi 28 novembre et se poursuivent jusqu&rsquo;au Cyber \u200b\u200bMonday, le 1er d\u00e9cembre, et Vie Associative partage les meilleures ventes bas\u00e9es sur des critiques de produits, des comparaisons et des outils de suivi des prix avant leur fin. <\/em><\/p>\n<ul>\n<li>\n<p><em>Suivez notre blog en direct<\/em><em>  pour rester au courant des meilleures ventes que nous trouvons.<\/em><\/p>\n<\/li>\n<li>\n<p><em>Parcourez les choix de nos r\u00e9dacteurs<\/em><em>  pour une liste organis\u00e9e de nos ventes pr\u00e9f\u00e9r\u00e9es sur les ordinateurs portables, les technologies de fitness, les appareils \u00e9lectrom\u00e9nagers et plus encore.<\/em><\/p>\n<\/li>\n<li>\n<p><em>Abonnez-vous \u00e0 notre newsletter shopping<\/em><em>Ajoutez au panier, pour les meilleures ventes envoy\u00e9es dans votre bo\u00eete de r\u00e9ception.<\/em><\/p>\n<\/li>\n<li>\n<p><em>Les ventes sont exactes au moment de la publication, mais les prix et les stocks sont toujours sujets \u00e0 changement. <\/em><\/p>\n<\/li>\n<\/ul>\n<hr>\n<p>J&rsquo;ai examin\u00e9 une tonne de lunettes intelligentes de haute technologie pour Vie Associative, et cette premi\u00e8re offre du Black Friday sur les lunettes d&rsquo;affichage RayNeo Air 3s Pro est excellente. Ils sont en vente au prix de 249 $ sur Amazon (initialement 299 $) jusqu&rsquo;au 1er d\u00e9cembre. <\/p>\n<div class=\"pogoClear mb-12 mt-10 rounded-md border-2 border-gray-100 py-7 shadow-xl md:py-6\">\n<div class=\"flex flex-wrap justify-between px-7 text-black no-underline md:flex-nowrap md:px-8\">\n<div class=\"order-1 mx-auto flex flex-col justify-center md:order-2 md:ml-4 md:w-full md:grow\">\n<div class=\"block cursor-pointer text-center font-akshar text-2xl font-medium leading-7 text-brand-green duration-200 ease-in-out hover:text-brand-green-700 md:text-left md:text-xl md:leading-6\">RayNeo Air 3s\n                <\/div>\n<div class=\"mt-4 hidden md:flex md:justify-between\">\n<div class=\"self-end\">\n<div class=\"mb-0 h-11 md:flex md:flex-col md:justify-center\">\n<div class=\" font-sans leading-4 text-black\">\n<div class=\"flex flex-wrap items-center justify-center gap-1 md:justify-start\">\n        <span class=\"font-bold\"><\/p>\n<p>            214,90\u00a0$<br \/>\n                            <span class=\"font-medium\">chez Amazon<\/span><br \/>\n                    <\/span>\n            <\/div>\n<div class=\"flex items-center justify-center gap-x-1 font-bold md:justify-start\">\n            <span class=\"text-sm line-through\">269,00\u00a0$<\/span><br \/>\n            <span class=\"text-sm text-brand-green\">\u00c9conomisez 54,10\u00a0$<\/span>\n        <\/div>\n<\/p><\/div>\n<\/p><\/div>\n<\/p><\/div>\n<div class=\"w-44 self-end\">\n                            <button class=\"flex justify-center items-center w-full bg-brand-green text-white text-base font-sans font-medium rounded-md hover:bg-brand-green-700 hover:cursor-pointer md:text-sm h-11\"><\/p>\n<p>    Obtenez une offre<br \/>\n<\/button>\n                        <\/div>\n<\/p><\/div>\n<\/p><\/div>\n<div class=\"order-2 mt-5 h-auto w-full md:order-1 md:mt-0 md:hidden\">\n<div class=\"flex aspect-video items-center justify-center\">\n                                            <img decoding=\"async\" class=\"m-0 max-h-full max-w-full rounded-md\" src=\"https:\/\/vieassociative.be\/actualites\/wp-content\/uploads\/2025\/11\/Les-lunettes-intelligentes-Rayneo-Air-3s-Pro-beneficient-dune-reduction.jpg\" alt=\"RayNeo Air 3s\" width=\"auto\" height=\"auto\" loading=\"lazy\">\n                                    <\/div>\n<\/p><\/div>\n<div class=\"order-2 ml-2 hidden w-32 shrink-0 items-center md:order-1 md:ml-0 md:flex\">\n<div class=\"flex aspect-video items-center justify-center\">\n                                            <img decoding=\"async\" class=\"m-0 max-h-full max-w-full rounded-md\" src=\"https:\/\/vieassociative.be\/actualites\/wp-content\/uploads\/2025\/11\/Les-lunettes-intelligentes-Rayneo-Air-3s-Pro-beneficient-dune-reduction.jpg\" alt=\"RayNeo Air 3s\" width=\"auto\" height=\"auto\" loading=\"lazy\">\n                                    <\/div>\n<\/p><\/div>\n<div class=\"order-3 flex grow flex-wrap md:hidden md:grow-0\">\n<div class=\"mt-4 w-full\">\n                        <button class=\"flex justify-center items-center w-full bg-brand-green text-white text-base font-sans font-medium rounded-md hover:bg-brand-green-700 hover:cursor-pointer md:text-sm h-11\"><\/p>\n<p>    Obtenez une offre<br \/>\n<\/button>\n                    <\/div>\n<div class=\"mx-2 mt-4 w-full\">\n<div class=\" font-sans leading-4 text-black\">\n<div class=\"flex flex-wrap items-center justify-center gap-1 md:justify-start\">\n        <span class=\"font-bold\"><\/p>\n<p>            214,90\u00a0$<br \/>\n                            <span class=\"font-medium\">chez Amazon<\/span><br \/>\n                    <\/span>\n            <\/div>\n<div class=\"flex items-center justify-center gap-x-1 font-bold md:justify-start\">\n            <span class=\"text-sm line-through\">269,00\u00a0$<\/span><br \/>\n            <span class=\"text-sm text-brand-green\">\u00c9conomisez 54,10\u00a0$<\/span>\n        <\/div>\n<\/p><\/div>\n<\/p><\/div>\n<\/p><\/div>\n<\/p><\/div>\n<\/div>\n<p>Si vous n&rsquo;\u00eates pas familier, ces lunettes intelligentes mettent essentiellement un \u00e9cran haute d\u00e9finition dans votre poche, projetant l&rsquo;\u00e9quivalent d&rsquo;un t\u00e9l\u00e9viseur de 201 pouces devant votre visage &#8211; donc si quelqu&rsquo;un sur votre liste est enclin \u00e0 la technologie et que vous voulez lui faire exploser un pur \u00ab\u00a0<em>oh<\/em>\u00a0\u00bb cadeau, voil\u00e0. Ils rentreront m\u00eame dans un bas.<\/p>\n<p>Il existe d&rsquo;autres lunettes qui font la m\u00eame chose, mais la Ray Neo Air 3 Pro atteint un juste \u00e9quilibre entre bon march\u00e9 et bonne qualit\u00e9. Consultez mon avis si vous souhaitez en savoir plus sur ces lunettes, mais l&rsquo;essentiel est le suivant : si vous voulez am\u00e9liorer chaque vol que vous prendrez ou diffuser des vid\u00e9os et des jeux en priv\u00e9, ces lunettes feront l&rsquo;affaire. <\/p>\n<hr>\n<h2 id=\"how-long-do-black-friday-deals-really-last\">Combien de temps durent r\u00e9ellement les offres du Black Friday ?<\/h2>\n<p>Les ventes du Black Friday commencent officiellement le vendredi 28 novembre 2025 et se d\u00e9roulent tout au long de la \u00ab Cyber \u200b\u200bWeek \u00bb, la p\u00e9riode de cinq jours qui s&rsquo;\u00e9tend de Thanksgiving au Cyber \u200b\u200bMonday, le 1er d\u00e9cembre 2025. Mais les dates du Black Friday et du Cyber \u200b\u200bMonday se sont \u00e9tendues \u00e0 mesure que les d\u00e9taillants se disputent les clients. Vous pouvez b\u00e9n\u00e9ficier des m\u00eames ventes du Black Friday plus t\u00f4t et nous pr\u00e9voyons que les ventes se termineront d\u2019ici le 3 d\u00e9cembre 2025. <\/p>\n<h2 id=\"what-stores-have-the-best-sales-on-black-friday\">Quels magasins proposent les meilleures ventes le Black Friday ?<\/h2>\n<p>De nos jours, les grands d\u00e9taillants et les petites entreprises se disputent les acheteurs du Black Friday, vous pouvez donc vous attendre \u00e0 ce que pratiquement tous les magasins r\u00e9alisent des soldes jusqu&rsquo;au lundi 1er d\u00e9cembre 2025. Les \u00ab meilleures \u00bb ventes d\u00e9pendent de vos besoins, mais en g\u00e9n\u00e9ral, les remises les plus importantes ont tendance \u00e0 provenir de grands d\u00e9taillants qui peuvent se permettre des prix plus bas : pensez \u00e0 des endroits comme Amazon, Walmart, Target, Best Buy et Home Depot. Vous pouvez retrouver toutes les meilleures ventes des grands d\u00e9taillants sur notre blog en direct. <\/p>\n<h2 id=\"are-black-friday-deals-worth-it\">Les offres du Black Friday en valent-elles la peine ?<\/h2>\n<p>Bref, oui, le Black Friday propose toujours des r\u00e9ductions qui peuvent \u00eatre rares sur le reste de l&rsquo;ann\u00e9e. Si vous souhaitez acheter quelque chose ou si vous achetez des cadeaux, c&rsquo;est le bon moment pour rechercher des r\u00e9ductions sur ce dont vous avez besoin, en particulier les ventes de technologies, de fournitures de r\u00e9novation domiciliaire et de technologies de fitness. Bien s\u00fbr, si vous avez besoin d\u2019\u00e9conomiser de l\u2019argent, la meilleure fa\u00e7on d\u2019\u00e9conomiser est de ne rien acheter. <\/p>\n","protected":false},"excerpt":{"rendered":"<p>Ces lunettes pour \u00e9cran HD \u00e9taient d\u00e9j\u00e0 bon march\u00e9, et elles constituent d\u00e9sormais une offre encore meilleure. Les ventes du Black Friday commencent officiellement le<\/p>\n","protected":false},"author":1,"featured_media":11578,"comment_status":"","ping_status":"","sticky":false,"template":"","format":"standard","meta":{"footnotes":""},"categories":[13],"tags":[1327,1268,73,206,698,1255,2170,14,3912,81,610,630,9382,308,223],"class_list":["post-11577","post","type-post","status-publish","format-standard","has-post-thumbnail","hentry","category-technologie","tag-air","tag-beneficient","tag-black","tag-cette","tag-dune","tag-friday","tag-intelligentes","tag-les","tag-lunettes","tag-pour","tag-premiere","tag-pro","tag-rayneo","tag-reduction","tag-vente","generate-columns","tablet-grid-50","mobile-grid-100","grid-parent","grid-33"],"yoast_head":"<!-- This site is optimized with the Yoast SEO plugin v24.0 - https:\/\/yoast.com\/wordpress\/plugins\/seo\/ -->\n<title>Les lunettes intelligentes Rayneo Air 3s Pro b\u00e9n\u00e9ficient d&#039;une r\u00e9duction de 50 $ pour cette premi\u00e8re vente du Black Friday | Vie Associative<\/title>\n<meta name=\"robots\" content=\"index, follow, max-snippet:-1, max-image-preview:large, max-video-preview:-1\" \/>\n<link rel=\"canonical\" href=\"https:\/\/vieassociative.be\/actualites\/les-lunettes-intelligentes-rayneo-air-3s-pro-beneficient-dune-reduction-de-50-pour-cette-premiere-vente-du-black-friday\/\" \/>\n<meta property=\"og:locale\" content=\"fr_FR\" \/>\n<meta property=\"og:type\" content=\"article\" \/>\n<meta property=\"og:title\" content=\"Les lunettes intelligentes Rayneo Air 3s Pro b\u00e9n\u00e9ficient d&#039;une r\u00e9duction de 50 $ pour cette premi\u00e8re vente du Black Friday | Vie Associative\" \/>\n<meta property=\"og:description\" content=\"Ces lunettes pour \u00e9cran HD \u00e9taient d\u00e9j\u00e0 bon march\u00e9, et elles constituent d\u00e9sormais une offre encore meilleure. Les ventes du Black Friday commencent officiellement le\" \/>\n<meta property=\"og:url\" content=\"https:\/\/vieassociative.be\/actualites\/les-lunettes-intelligentes-rayneo-air-3s-pro-beneficient-dune-reduction-de-50-pour-cette-premiere-vente-du-black-friday\/\" \/>\n<meta property=\"og:site_name\" content=\"Vie Associative\" \/>\n<meta property=\"article:published_time\" content=\"2025-11-27T19:17:22+00:00\" \/>\n<meta property=\"og:image\" content=\"https:\/\/vieassociative.be\/actualites\/wp-content\/uploads\/2025\/11\/Les-lunettes-intelligentes-Rayneo-Air-3s-Pro-beneficient-dune-reduction.jpg\" \/>\n<meta name=\"author\" content=\"Julien\" \/>\n<meta name=\"twitter:card\" content=\"summary_large_image\" \/>\n<meta name=\"twitter:label1\" content=\"\u00c9crit par\" \/>\n\t<meta name=\"twitter:data1\" content=\"Julien\" \/>\n\t<meta name=\"twitter:label2\" content=\"Dur\u00e9e de lecture est.\" \/>\n\t<meta name=\"twitter:data2\" content=\"3 minutes\" \/>\n<script type=\"application\/ld+json\" class=\"yoast-schema-graph\">{\"@context\":\"https:\/\/schema.org\",\"@graph\":[{\"@type\":\"Article\",\"@id\":\"https:\/\/vieassociative.be\/actualites\/les-lunettes-intelligentes-rayneo-air-3s-pro-beneficient-dune-reduction-de-50-pour-cette-premiere-vente-du-black-friday\/#article\",\"isPartOf\":{\"@id\":\"https:\/\/vieassociative.be\/actualites\/les-lunettes-intelligentes-rayneo-air-3s-pro-beneficient-dune-reduction-de-50-pour-cette-premiere-vente-du-black-friday\/\"},\"author\":{\"name\":\"Julien\",\"@id\":\"https:\/\/vieassociative.be\/actualites\/#\/schema\/person\/b87ac4f82f9d4e7b7cec7395b679edc4\"},\"headline\":\"Les lunettes intelligentes Rayneo Air 3s Pro b\u00e9n\u00e9ficient d&rsquo;une r\u00e9duction de 50 $ pour cette premi\u00e8re vente du Black Friday\",\"datePublished\":\"2025-11-27T19:17:22+00:00\",\"dateModified\":\"2025-11-27T19:17:22+00:00\",\"mainEntityOfPage\":{\"@id\":\"https:\/\/vieassociative.be\/actualites\/les-lunettes-intelligentes-rayneo-air-3s-pro-beneficient-dune-reduction-de-50-pour-cette-premiere-vente-du-black-friday\/\"},\"wordCount\":681,\"publisher\":{\"@id\":\"https:\/\/vieassociative.be\/actualites\/#organization\"},\"image\":{\"@id\":\"https:\/\/vieassociative.be\/actualites\/les-lunettes-intelligentes-rayneo-air-3s-pro-beneficient-dune-reduction-de-50-pour-cette-premiere-vente-du-black-friday\/#primaryimage\"},\"thumbnailUrl\":\"https:\/\/vieassociative.be\/actualites\/wp-content\/uploads\/2025\/11\/Les-lunettes-intelligentes-Rayneo-Air-3s-Pro-beneficient-dune-reduction.png\",\"keywords\":[\"air\",\"b\u00e9n\u00e9ficient\",\"Black\",\"cette\",\"dune\",\"Friday\",\"intelligentes\",\"Les\",\"lunettes\",\"pour\",\"premi\u00e8re\",\"Pro\",\"Rayneo\",\"r\u00e9duction\",\"vente\"],\"articleSection\":[\"Technologie\"],\"inLanguage\":\"fr-BE\"},{\"@type\":\"WebPage\",\"@id\":\"https:\/\/vieassociative.be\/actualites\/les-lunettes-intelligentes-rayneo-air-3s-pro-beneficient-dune-reduction-de-50-pour-cette-premiere-vente-du-black-friday\/\",\"url\":\"https:\/\/vieassociative.be\/actualites\/les-lunettes-intelligentes-rayneo-air-3s-pro-beneficient-dune-reduction-de-50-pour-cette-premiere-vente-du-black-friday\/\",\"name\":\"Les lunettes intelligentes Rayneo Air 3s Pro b\u00e9n\u00e9ficient d'une r\u00e9duction de 50 $ pour cette premi\u00e8re vente du Black Friday | Vie Associative\",\"isPartOf\":{\"@id\":\"https:\/\/vieassociative.be\/actualites\/#website\"},\"primaryImageOfPage\":{\"@id\":\"https:\/\/vieassociative.be\/actualites\/les-lunettes-intelligentes-rayneo-air-3s-pro-beneficient-dune-reduction-de-50-pour-cette-premiere-vente-du-black-friday\/#primaryimage\"},\"image\":{\"@id\":\"https:\/\/vieassociative.be\/actualites\/les-lunettes-intelligentes-rayneo-air-3s-pro-beneficient-dune-reduction-de-50-pour-cette-premiere-vente-du-black-friday\/#primaryimage\"},\"thumbnailUrl\":\"https:\/\/vieassociative.be\/actualites\/wp-content\/uploads\/2025\/11\/Les-lunettes-intelligentes-Rayneo-Air-3s-Pro-beneficient-dune-reduction.png\",\"datePublished\":\"2025-11-27T19:17:22+00:00\",\"dateModified\":\"2025-11-27T19:17:22+00:00\",\"breadcrumb\":{\"@id\":\"https:\/\/vieassociative.be\/actualites\/les-lunettes-intelligentes-rayneo-air-3s-pro-beneficient-dune-reduction-de-50-pour-cette-premiere-vente-du-black-friday\/#breadcrumb\"},\"inLanguage\":\"fr-BE\",\"potentialAction\":[{\"@type\":\"ReadAction\",\"target\":[\"https:\/\/vieassociative.be\/actualites\/les-lunettes-intelligentes-rayneo-air-3s-pro-beneficient-dune-reduction-de-50-pour-cette-premiere-vente-du-black-friday\/\"]}]},{\"@type\":\"ImageObject\",\"inLanguage\":\"fr-BE\",\"@id\":\"https:\/\/vieassociative.be\/actualites\/les-lunettes-intelligentes-rayneo-air-3s-pro-beneficient-dune-reduction-de-50-pour-cette-premiere-vente-du-black-friday\/#primaryimage\",\"url\":\"https:\/\/vieassociative.be\/actualites\/wp-content\/uploads\/2025\/11\/Les-lunettes-intelligentes-Rayneo-Air-3s-Pro-beneficient-dune-reduction.png\",\"contentUrl\":\"https:\/\/vieassociative.be\/actualites\/wp-content\/uploads\/2025\/11\/Les-lunettes-intelligentes-Rayneo-Air-3s-Pro-beneficient-dune-reduction.png\",\"width\":1200,\"height\":675,\"caption\":\"Les lunettes intelligentes Rayneo Air 3s Pro b\u00e9n\u00e9ficient d'une r\u00e9duction de 50 $ pour cette premi\u00e8re vente du Black Friday\"},{\"@type\":\"BreadcrumbList\",\"@id\":\"https:\/\/vieassociative.be\/actualites\/les-lunettes-intelligentes-rayneo-air-3s-pro-beneficient-dune-reduction-de-50-pour-cette-premiere-vente-du-black-friday\/#breadcrumb\",\"itemListElement\":[{\"@type\":\"ListItem\",\"position\":1,\"name\":\"Accueil\",\"item\":\"https:\/\/vieassociative.be\/actualites\/\"},{\"@type\":\"ListItem\",\"position\":2,\"name\":\"Les lunettes intelligentes Rayneo Air 3s Pro b\u00e9n\u00e9ficient d&rsquo;une r\u00e9duction de 50 $ pour cette premi\u00e8re vente du Black Friday\"}]},{\"@type\":\"WebSite\",\"@id\":\"https:\/\/vieassociative.be\/actualites\/#website\",\"url\":\"https:\/\/vieassociative.be\/actualites\/\",\"name\":\"Vie Associative\",\"description\":\"\",\"publisher\":{\"@id\":\"https:\/\/vieassociative.be\/actualites\/#organization\"},\"potentialAction\":[{\"@type\":\"SearchAction\",\"target\":{\"@type\":\"EntryPoint\",\"urlTemplate\":\"https:\/\/vieassociative.be\/actualites\/?s={search_term_string}\"},\"query-input\":{\"@type\":\"PropertyValueSpecification\",\"valueRequired\":true,\"valueName\":\"search_term_string\"}}],\"inLanguage\":\"fr-BE\"},{\"@type\":\"Organization\",\"@id\":\"https:\/\/vieassociative.be\/actualites\/#organization\",\"name\":\"Vie Associative\",\"url\":\"https:\/\/vieassociative.be\/actualites\/\",\"logo\":{\"@type\":\"ImageObject\",\"inLanguage\":\"fr-BE\",\"@id\":\"https:\/\/vieassociative.be\/actualites\/#\/schema\/logo\/image\/\",\"url\":\"https:\/\/vieassociative.be\/actualites\/wp-content\/uploads\/2024\/09\/cropped-vieassociative_favicon.ico.png\",\"contentUrl\":\"https:\/\/vieassociative.be\/actualites\/wp-content\/uploads\/2024\/09\/cropped-vieassociative_favicon.ico.png\",\"width\":512,\"height\":512,\"caption\":\"Vie Associative\"},\"image\":{\"@id\":\"https:\/\/vieassociative.be\/actualites\/#\/schema\/logo\/image\/\"}},{\"@type\":\"Person\",\"@id\":\"https:\/\/vieassociative.be\/actualites\/#\/schema\/person\/b87ac4f82f9d4e7b7cec7395b679edc4\",\"name\":\"Julien\",\"image\":{\"@type\":\"ImageObject\",\"inLanguage\":\"fr-BE\",\"@id\":\"https:\/\/vieassociative.be\/actualites\/#\/schema\/person\/image\/\",\"url\":\"https:\/\/vieassociative.be\/actualites\/wp-content\/uploads\/2024\/09\/vie-associative-1-150x150.jpg\",\"contentUrl\":\"https:\/\/vieassociative.be\/actualites\/wp-content\/uploads\/2024\/09\/vie-associative-1-150x150.jpg\",\"caption\":\"Julien\"},\"description\":\"Je suis Julien, r\u00e9dacteur pour Vie Associative. Passionn\u00e9 par le monde associatif depuis plus de 10 ans, j'ai \u00e0 c\u0153ur de partager des histoires inspirantes et de mettre en lumi\u00e8re les initiatives locales. Mon objectif est de sensibiliser et d'encourager l'engagement communautaire \u00e0 travers mes articles.\",\"sameAs\":[\"https:\/\/vieassociative.be\/\"]}]}<\/script>\n<!-- \/ Yoast SEO plugin. -->","yoast_head_json":{"title":"Les lunettes intelligentes Rayneo Air 3s Pro b\u00e9n\u00e9ficient d'une r\u00e9duction de 50 $ pour cette premi\u00e8re vente du Black Friday | Vie Associative","robots":{"index":"index","follow":"follow","max-snippet":"max-snippet:-1","max-image-preview":"max-image-preview:large","max-video-preview":"max-video-preview:-1"},"canonical":"https:\/\/vieassociative.be\/actualites\/les-lunettes-intelligentes-rayneo-air-3s-pro-beneficient-dune-reduction-de-50-pour-cette-premiere-vente-du-black-friday\/","og_locale":"fr_FR","og_type":"article","og_title":"Les lunettes intelligentes Rayneo Air 3s Pro b\u00e9n\u00e9ficient d'une r\u00e9duction de 50 $ pour cette premi\u00e8re vente du Black Friday | Vie Associative","og_description":"Ces lunettes pour \u00e9cran HD \u00e9taient d\u00e9j\u00e0 bon march\u00e9, et elles constituent d\u00e9sormais une offre encore meilleure. Les ventes du Black Friday commencent officiellement le","og_url":"https:\/\/vieassociative.be\/actualites\/les-lunettes-intelligentes-rayneo-air-3s-pro-beneficient-dune-reduction-de-50-pour-cette-premiere-vente-du-black-friday\/","og_site_name":"Vie Associative","article_published_time":"2025-11-27T19:17:22+00:00","og_image":[{"url":"https:\/\/vieassociative.be\/actualites\/wp-content\/uploads\/2025\/11\/Les-lunettes-intelligentes-Rayneo-Air-3s-Pro-beneficient-dune-reduction.jpg","type":"","width":"","height":""}],"author":"Julien","twitter_card":"summary_large_image","twitter_misc":{"\u00c9crit par":"Julien","Dur\u00e9e de lecture est.":"3 minutes"},"schema":{"@context":"https:\/\/schema.org","@graph":[{"@type":"Article","@id":"https:\/\/vieassociative.be\/actualites\/les-lunettes-intelligentes-rayneo-air-3s-pro-beneficient-dune-reduction-de-50-pour-cette-premiere-vente-du-black-friday\/#article","isPartOf":{"@id":"https:\/\/vieassociative.be\/actualites\/les-lunettes-intelligentes-rayneo-air-3s-pro-beneficient-dune-reduction-de-50-pour-cette-premiere-vente-du-black-friday\/"},"author":{"name":"Julien","@id":"https:\/\/vieassociative.be\/actualites\/#\/schema\/person\/b87ac4f82f9d4e7b7cec7395b679edc4"},"headline":"Les lunettes intelligentes Rayneo Air 3s Pro b\u00e9n\u00e9ficient d&rsquo;une r\u00e9duction de 50 $ pour cette premi\u00e8re vente du Black Friday","datePublished":"2025-11-27T19:17:22+00:00","dateModified":"2025-11-27T19:17:22+00:00","mainEntityOfPage":{"@id":"https:\/\/vieassociative.be\/actualites\/les-lunettes-intelligentes-rayneo-air-3s-pro-beneficient-dune-reduction-de-50-pour-cette-premiere-vente-du-black-friday\/"},"wordCount":681,"publisher":{"@id":"https:\/\/vieassociative.be\/actualites\/#organization"},"image":{"@id":"https:\/\/vieassociative.be\/actualites\/les-lunettes-intelligentes-rayneo-air-3s-pro-beneficient-dune-reduction-de-50-pour-cette-premiere-vente-du-black-friday\/#primaryimage"},"thumbnailUrl":"https:\/\/vieassociative.be\/actualites\/wp-content\/uploads\/2025\/11\/Les-lunettes-intelligentes-Rayneo-Air-3s-Pro-beneficient-dune-reduction.png","keywords":["air","b\u00e9n\u00e9ficient","Black","cette","dune","Friday","intelligentes","Les","lunettes","pour","premi\u00e8re","Pro","Rayneo","r\u00e9duction","vente"],"articleSection":["Technologie"],"inLanguage":"fr-BE"},{"@type":"WebPage","@id":"https:\/\/vieassociative.be\/actualites\/les-lunettes-intelligentes-rayneo-air-3s-pro-beneficient-dune-reduction-de-50-pour-cette-premiere-vente-du-black-friday\/","url":"https:\/\/vieassociative.be\/actualites\/les-lunettes-intelligentes-rayneo-air-3s-pro-beneficient-dune-reduction-de-50-pour-cette-premiere-vente-du-black-friday\/","name":"Les lunettes intelligentes Rayneo Air 3s Pro b\u00e9n\u00e9ficient d'une r\u00e9duction de 50 $ pour cette premi\u00e8re vente du Black Friday | Vie Associative","isPartOf":{"@id":"https:\/\/vieassociative.be\/actualites\/#website"},"primaryImageOfPage":{"@id":"https:\/\/vieassociative.be\/actualites\/les-lunettes-intelligentes-rayneo-air-3s-pro-beneficient-dune-reduction-de-50-pour-cette-premiere-vente-du-black-friday\/#primaryimage"},"image":{"@id":"https:\/\/vieassociative.be\/actualites\/les-lunettes-intelligentes-rayneo-air-3s-pro-beneficient-dune-reduction-de-50-pour-cette-premiere-vente-du-black-friday\/#primaryimage"},"thumbnailUrl":"https:\/\/vieassociative.be\/actualites\/wp-content\/uploads\/2025\/11\/Les-lunettes-intelligentes-Rayneo-Air-3s-Pro-beneficient-dune-reduction.png","datePublished":"2025-11-27T19:17:22+00:00","dateModified":"2025-11-27T19:17:22+00:00","breadcrumb":{"@id":"https:\/\/vieassociative.be\/actualites\/les-lunettes-intelligentes-rayneo-air-3s-pro-beneficient-dune-reduction-de-50-pour-cette-premiere-vente-du-black-friday\/#breadcrumb"},"inLanguage":"fr-BE","potentialAction":[{"@type":"ReadAction","target":["https:\/\/vieassociative.be\/actualites\/les-lunettes-intelligentes-rayneo-air-3s-pro-beneficient-dune-reduction-de-50-pour-cette-premiere-vente-du-black-friday\/"]}]},{"@type":"ImageObject","inLanguage":"fr-BE","@id":"https:\/\/vieassociative.be\/actualites\/les-lunettes-intelligentes-rayneo-air-3s-pro-beneficient-dune-reduction-de-50-pour-cette-premiere-vente-du-black-friday\/#primaryimage","url":"https:\/\/vieassociative.be\/actualites\/wp-content\/uploads\/2025\/11\/Les-lunettes-intelligentes-Rayneo-Air-3s-Pro-beneficient-dune-reduction.png","contentUrl":"https:\/\/vieassociative.be\/actualites\/wp-content\/uploads\/2025\/11\/Les-lunettes-intelligentes-Rayneo-Air-3s-Pro-beneficient-dune-reduction.png","width":1200,"height":675,"caption":"Les lunettes intelligentes Rayneo Air 3s Pro b\u00e9n\u00e9ficient d'une r\u00e9duction de 50 $ pour cette premi\u00e8re vente du Black Friday"},{"@type":"BreadcrumbList","@id":"https:\/\/vieassociative.be\/actualites\/les-lunettes-intelligentes-rayneo-air-3s-pro-beneficient-dune-reduction-de-50-pour-cette-premiere-vente-du-black-friday\/#breadcrumb","itemListElement":[{"@type":"ListItem","position":1,"name":"Accueil","item":"https:\/\/vieassociative.be\/actualites\/"},{"@type":"ListItem","position":2,"name":"Les lunettes intelligentes Rayneo Air 3s Pro b\u00e9n\u00e9ficient d&rsquo;une r\u00e9duction de 50 $ pour cette premi\u00e8re vente du Black Friday"}]},{"@type":"WebSite","@id":"https:\/\/vieassociative.be\/actualites\/#website","url":"https:\/\/vieassociative.be\/actualites\/","name":"Vie Associative","description":"","publisher":{"@id":"https:\/\/vieassociative.be\/actualites\/#organization"},"potentialAction":[{"@type":"SearchAction","target":{"@type":"EntryPoint","urlTemplate":"https:\/\/vieassociative.be\/actualites\/?s={search_term_string}"},"query-input":{"@type":"PropertyValueSpecification","valueRequired":true,"valueName":"search_term_string"}}],"inLanguage":"fr-BE"},{"@type":"Organization","@id":"https:\/\/vieassociative.be\/actualites\/#organization","name":"Vie Associative","url":"https:\/\/vieassociative.be\/actualites\/","logo":{"@type":"ImageObject","inLanguage":"fr-BE","@id":"https:\/\/vieassociative.be\/actualites\/#\/schema\/logo\/image\/","url":"https:\/\/vieassociative.be\/actualites\/wp-content\/uploads\/2024\/09\/cropped-vieassociative_favicon.ico.png","contentUrl":"https:\/\/vieassociative.be\/actualites\/wp-content\/uploads\/2024\/09\/cropped-vieassociative_favicon.ico.png","width":512,"height":512,"caption":"Vie Associative"},"image":{"@id":"https:\/\/vieassociative.be\/actualites\/#\/schema\/logo\/image\/"}},{"@type":"Person","@id":"https:\/\/vieassociative.be\/actualites\/#\/schema\/person\/b87ac4f82f9d4e7b7cec7395b679edc4","name":"Julien","image":{"@type":"ImageObject","inLanguage":"fr-BE","@id":"https:\/\/vieassociative.be\/actualites\/#\/schema\/person\/image\/","url":"https:\/\/vieassociative.be\/actualites\/wp-content\/uploads\/2024\/09\/vie-associative-1-150x150.jpg","contentUrl":"https:\/\/vieassociative.be\/actualites\/wp-content\/uploads\/2024\/09\/vie-associative-1-150x150.jpg","caption":"Julien"},"description":"Je suis Julien, r\u00e9dacteur pour Vie Associative. Passionn\u00e9 par le monde associatif depuis plus de 10 ans, j'ai \u00e0 c\u0153ur de partager des histoires inspirantes et de mettre en lumi\u00e8re les initiatives locales. Mon objectif est de sensibiliser et d'encourager l'engagement communautaire \u00e0 travers mes articles.","sameAs":["https:\/\/vieassociative.be\/"]}]}},"_links":{"self":[{"href":"https:\/\/vieassociative.be\/actualites\/wp-json\/wp\/v2\/posts\/11577"}],"collection":[{"href":"https:\/\/vieassociative.be\/actualites\/wp-json\/wp\/v2\/posts"}],"about":[{"href":"https:\/\/vieassociative.be\/actualites\/wp-json\/wp\/v2\/types\/post"}],"author":[{"embeddable":true,"href":"https:\/\/vieassociative.be\/actualites\/wp-json\/wp\/v2\/users\/1"}],"replies":[{"embeddable":true,"href":"https:\/\/vieassociative.be\/actualites\/wp-json\/wp\/v2\/comments?post=11577"}],"version-history":[{"count":0,"href":"https:\/\/vieassociative.be\/actualites\/wp-json\/wp\/v2\/posts\/11577\/revisions"}],"wp:featuredmedia":[{"embeddable":true,"href":"https:\/\/vieassociative.be\/actualites\/wp-json\/wp\/v2\/media\/11578"}],"wp:attachment":[{"href":"https:\/\/vieassociative.be\/actualites\/wp-json\/wp\/v2\/media?parent=11577"}],"wp:term":[{"taxonomy":"category","embeddable":true,"href":"https:\/\/vieassociative.be\/actualites\/wp-json\/wp\/v2\/categories?post=11577"},{"taxonomy":"post_tag","embeddable":true,"href":"https:\/\/vieassociative.be\/actualites\/wp-json\/wp\/v2\/tags?post=11577"}],"curies":[{"name":"wp","href":"https:\/\/api.w.org\/{rel}","templated":true}]}}