{"id":11574,"date":"2025-11-27T15:17:08","date_gmt":"2025-11-27T14:17:08","guid":{"rendered":"https:\/\/vieassociative.be\/actualites\/le-ministre-de-la-sante-vandenbroucke-veut-remettre-au-travail-100-000-malades-de-longue-duree-dici-2030\/"},"modified":"2025-11-27T15:17:08","modified_gmt":"2025-11-27T14:17:08","slug":"le-ministre-de-la-sante-vandenbroucke-veut-remettre-au-travail-100-000-malades-de-longue-duree-dici-2030","status":"publish","type":"post","link":"https:\/\/vieassociative.be\/actualites\/le-ministre-de-la-sante-vandenbroucke-veut-remettre-au-travail-100-000-malades-de-longue-duree-dici-2030\/","title":{"rendered":"Le ministre de la Sant\u00e9 Vandenbroucke veut remettre au travail 100 000 malades de longue dur\u00e9e d&rsquo;ici 2030"},"content":{"rendered":"<p><strong>Le ministre f\u00e9d\u00e9ral de la Sant\u00e9, Frank Vandenbroucke (Vooruit), souhaite remettre au travail environ 100 000 personnes malades de longue dur\u00e9e d&rsquo;ici 2030. Si rien n&rsquo;\u00e9tait fait, environ 150 000 personnes suppl\u00e9mentaires seraient incapables de travailler d&rsquo;ici 2030.<\/strong><\/p>\n<p><span id=\"more-430522\"><\/span>Il y a actuellement 526 000 malades de longue dur\u00e9e qui co\u00fbtent \u00e0 la s\u00e9curit\u00e9 sociale 11 milliards d&rsquo;euros par an. D\u2019ici 2030, le gouvernement f\u00e9d\u00e9ral souhaite r\u00e9duire de 100 000 le nombre de malades de longue dur\u00e9e par rapport aux pr\u00e9visions. L\u2019objectif est que pas plus de 588.000 Belges ne soient incapables de travailler pendant plus d\u2019un an. C&rsquo;est plus qu&rsquo;aujourd&rsquo;hui, mais moins que pr\u00e9vu. Cela correspond \u00e0 une \u00e9conomie de 1,9 milliard d&rsquo;euros.<\/p>\n<p><strong>\u2013 Ce qui va changer pour les malades de LONGUE DUR\u00c9E :<\/strong> Les ch\u00f4meurs de longue dur\u00e9e doivent travailler plus dur s\u2019ils veulent conserver leurs allocations. Il avait d\u00e9j\u00e0 \u00e9t\u00e9 d\u00e9cid\u00e9 qu&rsquo;un questionnaire devait \u00eatre rempli apr\u00e8s 10 semaines d&rsquo;arr\u00eat de travail et qu&rsquo;un m\u00e9decin devait \u00eatre consult\u00e9 au moins trois fois au cours de la premi\u00e8re ann\u00e9e d&rsquo;arr\u00eat de travail. Ne pas le faire peut entra\u00eener une sanction pouvant aller jusqu\u2019au retrait complet de l\u2019aide.<\/p>\n<div id=\"attachment_277713\" class=\"wp-caption alignleft\" style=\"max-width: 300px\"><img fetchpriority=\"high\" decoding=\"async\" class=\"wp-image-277713 size-medium\" src=\"https:\/\/vieassociative.be\/actualites\/wp-content\/uploads\/2025\/07\/Le-ministre-de-la-Sante-veut-rendre-le-systeme-de.jpeg\" alt=\"\" width=\"300\" height=\"199\"><\/div>\n<p>Il a d\u00e9sormais \u00e9t\u00e9 d\u00e9cid\u00e9 qu&rsquo;\u00e0 partir de 2026, un certificat d&rsquo;incapacit\u00e9 de travail ne sera valable qu&rsquo;un an. Toute personne incapable de travailler pendant une longue p\u00e9riode doit donc \u00eatre examin\u00e9e par un m\u00e9decin au moins une fois par an afin de d\u00e9terminer si elle reste trop malade pour travailler. Si tel est le cas, l&rsquo;incapacit\u00e9 de travail peut \u00eatre prolong\u00e9e d&rsquo;un an. Toutefois, si le m\u00e9decin estime que le patient est apte au travail ou si l&rsquo;examen n&rsquo;a pas lieu, les indemnit\u00e9s de maladie seront tout simplement supprim\u00e9es.<\/p>\n<p>Cette mesure devrait permettre de supprimer du travail 3 % des malades de longue dur\u00e9e, ce qui repr\u00e9sente une \u00e9conomie de 869 millions d&rsquo;euros.<\/p>\n<p>Les personnes atteintes d&rsquo;une maladie tr\u00e8s grave n&rsquo;ont pas besoin de faire renouveler ce certificat chaque ann\u00e9e. Il s\u2019agit par exemple des personnes atteintes d\u2019un cancer ou d\u2019une d\u00e9mence (pr\u00e9coce ou non).<\/p>\n<p><strong>\u2013 Ce qui va changer pour les M\u00c9DECINS :<\/strong> Le fait qu&rsquo;un m\u00e9decin doive v\u00e9rifier chaque ann\u00e9e si un patient reste inapte au travail n&rsquo;est pas la seule mesure introduite pour r\u00e9glementer la mani\u00e8re dont les m\u00e9decins d\u00e9livrent les certificats d&rsquo;incapacit\u00e9 de travail.<\/p>\n<p>Un m\u00e9decin n\u2019est autoris\u00e9 \u00e0 d\u00e9livrer un premier avis de maladie que pour une dur\u00e9e maximale de trois semaines. Cela signifie qu&rsquo;apr\u00e8s ce d\u00e9lai, vous devrez \u00e0 nouveau consulter un m\u00e9decin afin d&rsquo;obtenir un nouveau certificat.<\/p>\n<div id=\"attachment_132227\" class=\"wp-caption alignleft\" style=\"max-width: 300px\"><img decoding=\"async\" class=\"wp-image-132227 size-medium\" src=\"https:\/\/vieassociative.be\/actualites\/wp-content\/uploads\/2025\/11\/Le-ministre-de-la-Sante-Vandenbroucke-veut-remettre-au-travail.jpg\" alt=\"\" width=\"300\" height=\"186\"  ><\/div>\n<p>Pour les certificats suivants, le m\u00e9decin peut vous d\u00e9clarer malade pour une dur\u00e9e maximale de trois mois. Toutefois, \u00e0 partir d&rsquo;un an de maladie, l&rsquo;attestation peut couvrir une p\u00e9riode d&rsquo;un an : \u00e0 partir de ce moment, on parle officiellement de \u00ab maladie de longue dur\u00e9e \u00bb ou d&rsquo;\u00ab incapacit\u00e9 de travail \u00bb.<\/p>\n<p>Les d\u00e9tails restent encore \u00e0 d\u00e9terminer, mais cela concerne principalement les troubles psychologiques comme le burn-out. Une personne qui porte un pl\u00e2tre pendant six semaines et qui est incapable de faire son travail n&rsquo;aura probablement pas besoin de retourner chez le m\u00e9decin au bout de trois semaines.<\/p>\n<p>\u00c0 l&rsquo;avenir, les m\u00e9decins devront \u00e9galement indiquer sur le certificat d&rsquo;incapacit\u00e9 de travail la dur\u00e9e pr\u00e9vue de l&rsquo;incapacit\u00e9 de travail ainsi que les \u00e9ventuelles options d&rsquo;am\u00e9nagement comme le t\u00e9l\u00e9travail ou la r\u00e9duction du temps de travail.<\/p>\n<p>Les m\u00e9decins qui d\u00e9livrent des notes de maladie excessives ou trop longues seront \u00e9galement appel\u00e9s \u00e0 la t\u00e2che. Cela sera possible car tous les certificats seront d\u00e9sormais stock\u00e9s dans une base de donn\u00e9es afin que l&rsquo;INAMI puisse utiliser le data mining pour d\u00e9tecter les irr\u00e9gularit\u00e9s.<\/p>\n<p><strong>\u2013 Ce qui va changer pour les COMPAGNIES D\u2019ASSURANCE MALADIE :<\/strong> Pas moins de 218 000 personnes atteintes d&rsquo;une maladie de longue dur\u00e9e peuvent s&rsquo;attendre \u00e0 recevoir une convocation de leur caisse d&rsquo;assurance maladie d&rsquo;ici 2029. Un m\u00e9decin l\u00e9giste doit v\u00e9rifier si elles ne peuvent pas reprendre le travail. L&rsquo;accent est mis sur les jeunes, les personnes souffrant de troubles mentaux et de maux de dos, car ce sont eux qui sont malades le plus souvent et le plus longtemps.<\/p>\n<p>Les personnes incapables de travailler jusqu&rsquo;\u00e0 leur retraite sont \u00e9galement contr\u00f4l\u00e9es plus fr\u00e9quemment. Selon un \u00e9chantillon r\u00e9alis\u00e9 par l&rsquo;INAMI, un quart de ce groupe a perdu l&rsquo;aide.<\/p>\n<div id=\"attachment_424636\" class=\"wp-caption alignleft\" style=\"max-width: 300px\"><img decoding=\"async\" class=\"wp-image-424636 size-medium\" src=\"https:\/\/vieassociative.be\/actualites\/wp-content\/uploads\/2025\/11\/1764253028_953_Le-ministre-de-la-Sante-Vandenbroucke-veut-remettre-au-travail.jpg\" alt=\"\" width=\"300\" height=\"208\"><\/div>\n<p>Avec ces contr\u00f4les cibl\u00e9s, le gouvernement veut \u00e9conomiser 949 millions d&rsquo;euros et remettre 37.000 Belges au travail. Les caisses maladie qui ne coop\u00e8rent pas \u00ab le ressentiront dans leur financement \u00bb.<\/p>\n<p><strong>\u2013 Ce qui va changer pour les ENTREPRISES :<\/strong> Si un salari\u00e9 tombe malade, l&#8217;employeur continue de lui verser l&rsquo;int\u00e9gralit\u00e9 de son salaire pendant quatre semaines. Le salari\u00e9 malade per\u00e7oit alors une prestation de la caisse d&rsquo;assurance maladie. Apr\u00e8s un mois de maladie, l&#8217;employeur ne dispose que de peu d&rsquo;incitations financi\u00e8res pour encourager le retour au travail.<\/p>\n<p>Cela devrait changer, car les entreprises de plus de 50 salari\u00e9s doivent prendre en charge 30 pour cent des indemnit\u00e9s de maladie pendant quatre mois. Le gouvernement esp\u00e8re que cela encouragera les employeurs \u00e0 investir davantage dans la pr\u00e9vention des probl\u00e8mes de sant\u00e9 mentale et \u00e0 \u00eatre plus actifs dans la recherche d&#8217;emplois convenables.<\/p>\n<p>Les associations patronales ne sont pas du tout enthousiastes \u00e0 ce sujet. Ils estiment qu&rsquo;ils ne sont pas responsables si un employ\u00e9 est incapable de travailler \u00e0 cause, par exemple, d&rsquo;un accident de ski. Le ministre de la Sant\u00e9 Vandenbroucke promet cependant que cet argent sera r\u00e9investi dans les entreprises sous forme de r\u00e9ductions d&rsquo;imp\u00f4ts. La prime sera \u00e9galement augment\u00e9e pour les entreprises qui embauchent une personne malade de longue dur\u00e9e et l&#8217;emploient pendant au moins trois mois. (cr\u00e9er)<\/p>\n","protected":false},"excerpt":{"rendered":"<p>Le ministre f\u00e9d\u00e9ral de la Sant\u00e9, Frank Vandenbroucke (Vooruit), souhaite remettre au travail environ 100 000 personnes malades de longue dur\u00e9e d&rsquo;ici 2030. Si rien<\/p>\n","protected":false},"author":1,"featured_media":11575,"comment_status":"","ping_status":"","sticky":false,"template":"","format":"standard","meta":{"footnotes":""},"categories":[298],"tags":[7145,4932,1868,9381,1245,2508,916,504,9380,2635],"class_list":["post-11574","post","type-post","status-publish","format-standard","has-post-thumbnail","hentry","category-belgique","tag-dici","tag-duree","tag-longue","tag-malades","tag-ministre","tag-remettre","tag-sante","tag-travail","tag-vandenbroucke","tag-veut","generate-columns","tablet-grid-50","mobile-grid-100","grid-parent","grid-33"],"yoast_head":"<!-- This site is optimized with the Yoast SEO plugin v24.0 - https:\/\/yoast.com\/wordpress\/plugins\/seo\/ -->\n<title>Le ministre de la Sant\u00e9 Vandenbroucke veut remettre au travail 100 000 malades de longue dur\u00e9e d&#039;ici 2030 | Vie Associative<\/title>\n<meta name=\"robots\" content=\"index, follow, max-snippet:-1, max-image-preview:large, max-video-preview:-1\" \/>\n<link rel=\"canonical\" href=\"https:\/\/vieassociative.be\/actualites\/le-ministre-de-la-sante-vandenbroucke-veut-remettre-au-travail-100-000-malades-de-longue-duree-dici-2030\/\" \/>\n<meta property=\"og:locale\" content=\"fr_FR\" \/>\n<meta property=\"og:type\" content=\"article\" \/>\n<meta property=\"og:title\" content=\"Le ministre de la Sant\u00e9 Vandenbroucke veut remettre au travail 100 000 malades de longue dur\u00e9e d&#039;ici 2030 | Vie Associative\" \/>\n<meta property=\"og:description\" content=\"Le ministre f\u00e9d\u00e9ral de la Sant\u00e9, Frank Vandenbroucke (Vooruit), souhaite remettre au travail environ 100 000 personnes malades de longue dur\u00e9e d&rsquo;ici 2030. Si rien\" \/>\n<meta property=\"og:url\" content=\"https:\/\/vieassociative.be\/actualites\/le-ministre-de-la-sante-vandenbroucke-veut-remettre-au-travail-100-000-malades-de-longue-duree-dici-2030\/\" \/>\n<meta property=\"og:site_name\" content=\"Vie Associative\" \/>\n<meta property=\"article:published_time\" content=\"2025-11-27T14:17:08+00:00\" \/>\n<meta property=\"og:image\" content=\"https:\/\/vieassociative.be\/actualites\/wp-content\/uploads\/2024\/09\/header_backgroundk-01-e1726694325946.png\" \/>\n\t<meta property=\"og:image:width\" content=\"279\" \/>\n\t<meta property=\"og:image:height\" content=\"92\" \/>\n\t<meta property=\"og:image:type\" content=\"image\/png\" \/>\n<meta name=\"author\" content=\"Julien\" \/>\n<meta name=\"twitter:card\" content=\"summary_large_image\" \/>\n<meta name=\"twitter:label1\" content=\"\u00c9crit par\" \/>\n\t<meta name=\"twitter:data1\" content=\"Julien\" \/>\n\t<meta name=\"twitter:label2\" content=\"Dur\u00e9e de lecture est.\" \/>\n\t<meta name=\"twitter:data2\" content=\"5 minutes\" \/>\n<script type=\"application\/ld+json\" class=\"yoast-schema-graph\">{\"@context\":\"https:\/\/schema.org\",\"@graph\":[{\"@type\":\"Article\",\"@id\":\"https:\/\/vieassociative.be\/actualites\/le-ministre-de-la-sante-vandenbroucke-veut-remettre-au-travail-100-000-malades-de-longue-duree-dici-2030\/#article\",\"isPartOf\":{\"@id\":\"https:\/\/vieassociative.be\/actualites\/le-ministre-de-la-sante-vandenbroucke-veut-remettre-au-travail-100-000-malades-de-longue-duree-dici-2030\/\"},\"author\":{\"name\":\"Julien\",\"@id\":\"https:\/\/vieassociative.be\/actualites\/#\/schema\/person\/b87ac4f82f9d4e7b7cec7395b679edc4\"},\"headline\":\"Le ministre de la Sant\u00e9 Vandenbroucke veut remettre au travail 100 000 malades de longue dur\u00e9e d&rsquo;ici 2030\",\"datePublished\":\"2025-11-27T14:17:08+00:00\",\"dateModified\":\"2025-11-27T14:17:08+00:00\",\"mainEntityOfPage\":{\"@id\":\"https:\/\/vieassociative.be\/actualites\/le-ministre-de-la-sante-vandenbroucke-veut-remettre-au-travail-100-000-malades-de-longue-duree-dici-2030\/\"},\"wordCount\":1057,\"publisher\":{\"@id\":\"https:\/\/vieassociative.be\/actualites\/#organization\"},\"image\":{\"@id\":\"https:\/\/vieassociative.be\/actualites\/le-ministre-de-la-sante-vandenbroucke-veut-remettre-au-travail-100-000-malades-de-longue-duree-dici-2030\/#primaryimage\"},\"thumbnailUrl\":\"https:\/\/vieassociative.be\/actualites\/wp-content\/uploads\/2025\/11\/1764253028_Le-ministre-de-la-Sante-Vandenbroucke-veut-remettre-au-travail.jpg\",\"keywords\":[\"dici\",\"dur\u00e9e\",\"longue\",\"malades\",\"ministre\",\"remettre\",\"sant\u00e9\",\"travail\",\"Vandenbroucke\",\"veut\"],\"articleSection\":[\"Belgique\"],\"inLanguage\":\"fr-BE\"},{\"@type\":\"WebPage\",\"@id\":\"https:\/\/vieassociative.be\/actualites\/le-ministre-de-la-sante-vandenbroucke-veut-remettre-au-travail-100-000-malades-de-longue-duree-dici-2030\/\",\"url\":\"https:\/\/vieassociative.be\/actualites\/le-ministre-de-la-sante-vandenbroucke-veut-remettre-au-travail-100-000-malades-de-longue-duree-dici-2030\/\",\"name\":\"Le ministre de la Sant\u00e9 Vandenbroucke veut remettre au travail 100 000 malades de longue dur\u00e9e d'ici 2030 | Vie Associative\",\"isPartOf\":{\"@id\":\"https:\/\/vieassociative.be\/actualites\/#website\"},\"primaryImageOfPage\":{\"@id\":\"https:\/\/vieassociative.be\/actualites\/le-ministre-de-la-sante-vandenbroucke-veut-remettre-au-travail-100-000-malades-de-longue-duree-dici-2030\/#primaryimage\"},\"image\":{\"@id\":\"https:\/\/vieassociative.be\/actualites\/le-ministre-de-la-sante-vandenbroucke-veut-remettre-au-travail-100-000-malades-de-longue-duree-dici-2030\/#primaryimage\"},\"thumbnailUrl\":\"https:\/\/vieassociative.be\/actualites\/wp-content\/uploads\/2025\/11\/1764253028_Le-ministre-de-la-Sante-Vandenbroucke-veut-remettre-au-travail.jpg\",\"datePublished\":\"2025-11-27T14:17:08+00:00\",\"dateModified\":\"2025-11-27T14:17:08+00:00\",\"breadcrumb\":{\"@id\":\"https:\/\/vieassociative.be\/actualites\/le-ministre-de-la-sante-vandenbroucke-veut-remettre-au-travail-100-000-malades-de-longue-duree-dici-2030\/#breadcrumb\"},\"inLanguage\":\"fr-BE\",\"potentialAction\":[{\"@type\":\"ReadAction\",\"target\":[\"https:\/\/vieassociative.be\/actualites\/le-ministre-de-la-sante-vandenbroucke-veut-remettre-au-travail-100-000-malades-de-longue-duree-dici-2030\/\"]}]},{\"@type\":\"ImageObject\",\"inLanguage\":\"fr-BE\",\"@id\":\"https:\/\/vieassociative.be\/actualites\/le-ministre-de-la-sante-vandenbroucke-veut-remettre-au-travail-100-000-malades-de-longue-duree-dici-2030\/#primaryimage\",\"url\":\"https:\/\/vieassociative.be\/actualites\/wp-content\/uploads\/2025\/11\/1764253028_Le-ministre-de-la-Sante-Vandenbroucke-veut-remettre-au-travail.jpg\",\"contentUrl\":\"https:\/\/vieassociative.be\/actualites\/wp-content\/uploads\/2025\/11\/1764253028_Le-ministre-de-la-Sante-Vandenbroucke-veut-remettre-au-travail.jpg\",\"width\":1280,\"height\":913,\"caption\":\"Le ministre de la Sant\u00e9 Vandenbroucke veut remettre au travail 100 000 malades de longue dur\u00e9e d'ici 2030\"},{\"@type\":\"BreadcrumbList\",\"@id\":\"https:\/\/vieassociative.be\/actualites\/le-ministre-de-la-sante-vandenbroucke-veut-remettre-au-travail-100-000-malades-de-longue-duree-dici-2030\/#breadcrumb\",\"itemListElement\":[{\"@type\":\"ListItem\",\"position\":1,\"name\":\"Accueil\",\"item\":\"https:\/\/vieassociative.be\/actualites\/\"},{\"@type\":\"ListItem\",\"position\":2,\"name\":\"Le ministre de la Sant\u00e9 Vandenbroucke veut remettre au travail 100 000 malades de longue dur\u00e9e d&rsquo;ici 2030\"}]},{\"@type\":\"WebSite\",\"@id\":\"https:\/\/vieassociative.be\/actualites\/#website\",\"url\":\"https:\/\/vieassociative.be\/actualites\/\",\"name\":\"Vie Associative\",\"description\":\"\",\"publisher\":{\"@id\":\"https:\/\/vieassociative.be\/actualites\/#organization\"},\"potentialAction\":[{\"@type\":\"SearchAction\",\"target\":{\"@type\":\"EntryPoint\",\"urlTemplate\":\"https:\/\/vieassociative.be\/actualites\/?s={search_term_string}\"},\"query-input\":{\"@type\":\"PropertyValueSpecification\",\"valueRequired\":true,\"valueName\":\"search_term_string\"}}],\"inLanguage\":\"fr-BE\"},{\"@type\":\"Organization\",\"@id\":\"https:\/\/vieassociative.be\/actualites\/#organization\",\"name\":\"Vie Associative\",\"url\":\"https:\/\/vieassociative.be\/actualites\/\",\"logo\":{\"@type\":\"ImageObject\",\"inLanguage\":\"fr-BE\",\"@id\":\"https:\/\/vieassociative.be\/actualites\/#\/schema\/logo\/image\/\",\"url\":\"https:\/\/vieassociative.be\/actualites\/wp-content\/uploads\/2024\/09\/cropped-vieassociative_favicon.ico.png\",\"contentUrl\":\"https:\/\/vieassociative.be\/actualites\/wp-content\/uploads\/2024\/09\/cropped-vieassociative_favicon.ico.png\",\"width\":512,\"height\":512,\"caption\":\"Vie Associative\"},\"image\":{\"@id\":\"https:\/\/vieassociative.be\/actualites\/#\/schema\/logo\/image\/\"}},{\"@type\":\"Person\",\"@id\":\"https:\/\/vieassociative.be\/actualites\/#\/schema\/person\/b87ac4f82f9d4e7b7cec7395b679edc4\",\"name\":\"Julien\",\"image\":{\"@type\":\"ImageObject\",\"inLanguage\":\"fr-BE\",\"@id\":\"https:\/\/vieassociative.be\/actualites\/#\/schema\/person\/image\/\",\"url\":\"https:\/\/vieassociative.be\/actualites\/wp-content\/uploads\/2024\/09\/vie-associative-1-150x150.jpg\",\"contentUrl\":\"https:\/\/vieassociative.be\/actualites\/wp-content\/uploads\/2024\/09\/vie-associative-1-150x150.jpg\",\"caption\":\"Julien\"},\"description\":\"Je suis Julien, r\u00e9dacteur pour Vie Associative. Passionn\u00e9 par le monde associatif depuis plus de 10 ans, j'ai \u00e0 c\u0153ur de partager des histoires inspirantes et de mettre en lumi\u00e8re les initiatives locales. Mon objectif est de sensibiliser et d'encourager l'engagement communautaire \u00e0 travers mes articles.\",\"sameAs\":[\"https:\/\/vieassociative.be\/\"]}]}<\/script>\n<!-- \/ Yoast SEO plugin. -->","yoast_head_json":{"title":"Le ministre de la Sant\u00e9 Vandenbroucke veut remettre au travail 100 000 malades de longue dur\u00e9e d'ici 2030 | Vie Associative","robots":{"index":"index","follow":"follow","max-snippet":"max-snippet:-1","max-image-preview":"max-image-preview:large","max-video-preview":"max-video-preview:-1"},"canonical":"https:\/\/vieassociative.be\/actualites\/le-ministre-de-la-sante-vandenbroucke-veut-remettre-au-travail-100-000-malades-de-longue-duree-dici-2030\/","og_locale":"fr_FR","og_type":"article","og_title":"Le ministre de la Sant\u00e9 Vandenbroucke veut remettre au travail 100 000 malades de longue dur\u00e9e d'ici 2030 | Vie Associative","og_description":"Le ministre f\u00e9d\u00e9ral de la Sant\u00e9, Frank Vandenbroucke (Vooruit), souhaite remettre au travail environ 100 000 personnes malades de longue dur\u00e9e d&rsquo;ici 2030. Si rien","og_url":"https:\/\/vieassociative.be\/actualites\/le-ministre-de-la-sante-vandenbroucke-veut-remettre-au-travail-100-000-malades-de-longue-duree-dici-2030\/","og_site_name":"Vie Associative","article_published_time":"2025-11-27T14:17:08+00:00","og_image":[{"width":279,"height":92,"url":"https:\/\/vieassociative.be\/actualites\/wp-content\/uploads\/2024\/09\/header_backgroundk-01-e1726694325946.png","type":"image\/png"}],"author":"Julien","twitter_card":"summary_large_image","twitter_misc":{"\u00c9crit par":"Julien","Dur\u00e9e de lecture est.":"5 minutes"},"schema":{"@context":"https:\/\/schema.org","@graph":[{"@type":"Article","@id":"https:\/\/vieassociative.be\/actualites\/le-ministre-de-la-sante-vandenbroucke-veut-remettre-au-travail-100-000-malades-de-longue-duree-dici-2030\/#article","isPartOf":{"@id":"https:\/\/vieassociative.be\/actualites\/le-ministre-de-la-sante-vandenbroucke-veut-remettre-au-travail-100-000-malades-de-longue-duree-dici-2030\/"},"author":{"name":"Julien","@id":"https:\/\/vieassociative.be\/actualites\/#\/schema\/person\/b87ac4f82f9d4e7b7cec7395b679edc4"},"headline":"Le ministre de la Sant\u00e9 Vandenbroucke veut remettre au travail 100 000 malades de longue dur\u00e9e d&rsquo;ici 2030","datePublished":"2025-11-27T14:17:08+00:00","dateModified":"2025-11-27T14:17:08+00:00","mainEntityOfPage":{"@id":"https:\/\/vieassociative.be\/actualites\/le-ministre-de-la-sante-vandenbroucke-veut-remettre-au-travail-100-000-malades-de-longue-duree-dici-2030\/"},"wordCount":1057,"publisher":{"@id":"https:\/\/vieassociative.be\/actualites\/#organization"},"image":{"@id":"https:\/\/vieassociative.be\/actualites\/le-ministre-de-la-sante-vandenbroucke-veut-remettre-au-travail-100-000-malades-de-longue-duree-dici-2030\/#primaryimage"},"thumbnailUrl":"https:\/\/vieassociative.be\/actualites\/wp-content\/uploads\/2025\/11\/1764253028_Le-ministre-de-la-Sante-Vandenbroucke-veut-remettre-au-travail.jpg","keywords":["dici","dur\u00e9e","longue","malades","ministre","remettre","sant\u00e9","travail","Vandenbroucke","veut"],"articleSection":["Belgique"],"inLanguage":"fr-BE"},{"@type":"WebPage","@id":"https:\/\/vieassociative.be\/actualites\/le-ministre-de-la-sante-vandenbroucke-veut-remettre-au-travail-100-000-malades-de-longue-duree-dici-2030\/","url":"https:\/\/vieassociative.be\/actualites\/le-ministre-de-la-sante-vandenbroucke-veut-remettre-au-travail-100-000-malades-de-longue-duree-dici-2030\/","name":"Le ministre de la Sant\u00e9 Vandenbroucke veut remettre au travail 100 000 malades de longue dur\u00e9e d'ici 2030 | Vie Associative","isPartOf":{"@id":"https:\/\/vieassociative.be\/actualites\/#website"},"primaryImageOfPage":{"@id":"https:\/\/vieassociative.be\/actualites\/le-ministre-de-la-sante-vandenbroucke-veut-remettre-au-travail-100-000-malades-de-longue-duree-dici-2030\/#primaryimage"},"image":{"@id":"https:\/\/vieassociative.be\/actualites\/le-ministre-de-la-sante-vandenbroucke-veut-remettre-au-travail-100-000-malades-de-longue-duree-dici-2030\/#primaryimage"},"thumbnailUrl":"https:\/\/vieassociative.be\/actualites\/wp-content\/uploads\/2025\/11\/1764253028_Le-ministre-de-la-Sante-Vandenbroucke-veut-remettre-au-travail.jpg","datePublished":"2025-11-27T14:17:08+00:00","dateModified":"2025-11-27T14:17:08+00:00","breadcrumb":{"@id":"https:\/\/vieassociative.be\/actualites\/le-ministre-de-la-sante-vandenbroucke-veut-remettre-au-travail-100-000-malades-de-longue-duree-dici-2030\/#breadcrumb"},"inLanguage":"fr-BE","potentialAction":[{"@type":"ReadAction","target":["https:\/\/vieassociative.be\/actualites\/le-ministre-de-la-sante-vandenbroucke-veut-remettre-au-travail-100-000-malades-de-longue-duree-dici-2030\/"]}]},{"@type":"ImageObject","inLanguage":"fr-BE","@id":"https:\/\/vieassociative.be\/actualites\/le-ministre-de-la-sante-vandenbroucke-veut-remettre-au-travail-100-000-malades-de-longue-duree-dici-2030\/#primaryimage","url":"https:\/\/vieassociative.be\/actualites\/wp-content\/uploads\/2025\/11\/1764253028_Le-ministre-de-la-Sante-Vandenbroucke-veut-remettre-au-travail.jpg","contentUrl":"https:\/\/vieassociative.be\/actualites\/wp-content\/uploads\/2025\/11\/1764253028_Le-ministre-de-la-Sante-Vandenbroucke-veut-remettre-au-travail.jpg","width":1280,"height":913,"caption":"Le ministre de la Sant\u00e9 Vandenbroucke veut remettre au travail 100 000 malades de longue dur\u00e9e d'ici 2030"},{"@type":"BreadcrumbList","@id":"https:\/\/vieassociative.be\/actualites\/le-ministre-de-la-sante-vandenbroucke-veut-remettre-au-travail-100-000-malades-de-longue-duree-dici-2030\/#breadcrumb","itemListElement":[{"@type":"ListItem","position":1,"name":"Accueil","item":"https:\/\/vieassociative.be\/actualites\/"},{"@type":"ListItem","position":2,"name":"Le ministre de la Sant\u00e9 Vandenbroucke veut remettre au travail 100 000 malades de longue dur\u00e9e d&rsquo;ici 2030"}]},{"@type":"WebSite","@id":"https:\/\/vieassociative.be\/actualites\/#website","url":"https:\/\/vieassociative.be\/actualites\/","name":"Vie Associative","description":"","publisher":{"@id":"https:\/\/vieassociative.be\/actualites\/#organization"},"potentialAction":[{"@type":"SearchAction","target":{"@type":"EntryPoint","urlTemplate":"https:\/\/vieassociative.be\/actualites\/?s={search_term_string}"},"query-input":{"@type":"PropertyValueSpecification","valueRequired":true,"valueName":"search_term_string"}}],"inLanguage":"fr-BE"},{"@type":"Organization","@id":"https:\/\/vieassociative.be\/actualites\/#organization","name":"Vie Associative","url":"https:\/\/vieassociative.be\/actualites\/","logo":{"@type":"ImageObject","inLanguage":"fr-BE","@id":"https:\/\/vieassociative.be\/actualites\/#\/schema\/logo\/image\/","url":"https:\/\/vieassociative.be\/actualites\/wp-content\/uploads\/2024\/09\/cropped-vieassociative_favicon.ico.png","contentUrl":"https:\/\/vieassociative.be\/actualites\/wp-content\/uploads\/2024\/09\/cropped-vieassociative_favicon.ico.png","width":512,"height":512,"caption":"Vie Associative"},"image":{"@id":"https:\/\/vieassociative.be\/actualites\/#\/schema\/logo\/image\/"}},{"@type":"Person","@id":"https:\/\/vieassociative.be\/actualites\/#\/schema\/person\/b87ac4f82f9d4e7b7cec7395b679edc4","name":"Julien","image":{"@type":"ImageObject","inLanguage":"fr-BE","@id":"https:\/\/vieassociative.be\/actualites\/#\/schema\/person\/image\/","url":"https:\/\/vieassociative.be\/actualites\/wp-content\/uploads\/2024\/09\/vie-associative-1-150x150.jpg","contentUrl":"https:\/\/vieassociative.be\/actualites\/wp-content\/uploads\/2024\/09\/vie-associative-1-150x150.jpg","caption":"Julien"},"description":"Je suis Julien, r\u00e9dacteur pour Vie Associative. Passionn\u00e9 par le monde associatif depuis plus de 10 ans, j'ai \u00e0 c\u0153ur de partager des histoires inspirantes et de mettre en lumi\u00e8re les initiatives locales. Mon objectif est de sensibiliser et d'encourager l'engagement communautaire \u00e0 travers mes articles.","sameAs":["https:\/\/vieassociative.be\/"]}]}},"_links":{"self":[{"href":"https:\/\/vieassociative.be\/actualites\/wp-json\/wp\/v2\/posts\/11574"}],"collection":[{"href":"https:\/\/vieassociative.be\/actualites\/wp-json\/wp\/v2\/posts"}],"about":[{"href":"https:\/\/vieassociative.be\/actualites\/wp-json\/wp\/v2\/types\/post"}],"author":[{"embeddable":true,"href":"https:\/\/vieassociative.be\/actualites\/wp-json\/wp\/v2\/users\/1"}],"replies":[{"embeddable":true,"href":"https:\/\/vieassociative.be\/actualites\/wp-json\/wp\/v2\/comments?post=11574"}],"version-history":[{"count":0,"href":"https:\/\/vieassociative.be\/actualites\/wp-json\/wp\/v2\/posts\/11574\/revisions"}],"wp:featuredmedia":[{"embeddable":true,"href":"https:\/\/vieassociative.be\/actualites\/wp-json\/wp\/v2\/media\/11575"}],"wp:attachment":[{"href":"https:\/\/vieassociative.be\/actualites\/wp-json\/wp\/v2\/media?parent=11574"}],"wp:term":[{"taxonomy":"category","embeddable":true,"href":"https:\/\/vieassociative.be\/actualites\/wp-json\/wp\/v2\/categories?post=11574"},{"taxonomy":"post_tag","embeddable":true,"href":"https:\/\/vieassociative.be\/actualites\/wp-json\/wp\/v2\/tags?post=11574"}],"curies":[{"name":"wp","href":"https:\/\/api.w.org\/{rel}","templated":true}]}}