{"id":1157,"date":"2024-10-13T00:18:13","date_gmt":"2024-10-12T22:18:13","guid":{"rendered":"https:\/\/vieassociative.be\/actualites\/comment-savoir-quand-il-est-temps-darreter-darroser-pour-la-saison\/"},"modified":"2024-10-13T00:18:13","modified_gmt":"2024-10-12T22:18:13","slug":"comment-savoir-quand-il-est-temps-darreter-darroser-pour-la-saison","status":"publish","type":"post","link":"https:\/\/vieassociative.be\/actualites\/comment-savoir-quand-il-est-temps-darreter-darroser-pour-la-saison\/","title":{"rendered":"Comment savoir quand il est temps d&rsquo;arr\u00eater d&rsquo;arroser pour la saison"},"content":{"rendered":"<div class=\"mt-4 leading-6 md:mb-8\">Ne vous arr\u00eatez pas simplement parce qu&rsquo;il fait de plus en plus froid.<\/div>\n<p><\/p>\n<p>Hier, j&rsquo;\u00e9tais au t\u00e9l\u00e9phone avec un ami jardinier qui vit dans le sud des \u00c9tats-Unis et nous entrons dans un d\u00e9bat familier : quel est le bon moment pour arr\u00eater d&rsquo;arroser ? Nous souffrons tous les deux du m\u00eame probl\u00e8me\u00a0: il <em>se sent<\/em> comme le bon moment de l&rsquo;ann\u00e9e pour \u00e9teindre les tuyaux, mais nous ne voulons pas le faire trop t\u00f4t et endommager (ou tuer) nos plantes.<\/p>\n<p>\u00c0 la fin de la conversation, j&rsquo;ai r\u00e9alis\u00e9 que faire confiance \u00e0 mon intuition n&rsquo;allait pas m&rsquo;aider, j&rsquo;ai d\u00e9cid\u00e9 que je devais baser mes d\u00e9cisions d&rsquo;arrosage sur des mesures concr\u00e8tes &#8211; et vous devriez le faire aussi. Si vous souffrez de la m\u00eame fatigue d\u00e9cisionnelle, voici ce qu\u2019il faut consid\u00e9rer avant de d\u00e9cider qu\u2019il est temps d\u2019\u00e9teindre le robinet. <\/p>\n<h2 id=\"dont-worry-about-your-lawn\">Ne vous inqui\u00e9tez pas pour votre pelouse<\/h2>\n<p>Quand arr\u00eater d&rsquo;arroser votre pelouse est la d\u00e9cision la plus simple, car il n&rsquo;y a que deux questions que vous devez vous poser : Quelle est la temp\u00e9rature nocturne et y a-t-il un risque de gel ? Ce dernier l\u2019emporte sur tout, alors d\u00e8s que la temp\u00e9rature baisse autant, \u00e9teignez vos arroseurs et purgez l\u2019air de votre syst\u00e8me d\u2019arrosage pour la saison. <\/p>\n<p>S&rsquo;il n&rsquo;y a pas encore de risque de gel, c&rsquo;est une question de temp\u00e9ratures nocturnes. Les temp\u00e9ratures pendant la nuit sont toujours inf\u00e9rieures \u00e0 celles de la journ\u00e9e, bien s\u00fbr, et ce sont les temp\u00e9ratures qui comptent. Lorsque les temp\u00e9ratures nocturnes descendent en dessous de 40 degr\u00e9s, coupez l\u2019eau. <\/p>\n<p>Pour \u00eatre clair, cependant, vous devriez commencer \u00e0 r\u00e9duire l\u2019arrosage de votre pelouse bien avant que cela ne se produise. \u00c0 mesure que le temps se refroidit, il y a moins d&rsquo;\u00e9vaporation, ce qui signifie que votre pelouse a besoin de moins d&rsquo;eau. Un arrosage constant et profond \u00e0 la racine est pr\u00e9f\u00e9rable pour toutes vos plantes, y compris votre pelouse, mais le besoin en eau est naturellement plus faible lorsqu&rsquo;il ne fait pas si chaud dehors.<\/p>\n<h2 id=\"your-trees-may-need-winter-watering\">Vos arbres pourraient avoir besoin d\u2019un arrosage hivernal<\/h2>\n<p>Les gens ont tendance \u00e0 se diviser en deux camps lorsqu\u2019il s\u2019agit d\u2019arbres : ceux qui ont trop d\u2019eau et ceux qui n\u2019ont pas assez d\u2019eau. La plupart d\u2019entre nous appartiennent \u00e0 cette derni\u00e8re cat\u00e9gorie. Je suis moi-m\u00eame coupable d&rsquo;oublier que les arbres gigantesques de ma propri\u00e9t\u00e9 ne peuvent pas se suffire \u00e0 eux-m\u00eames et ont besoin d&rsquo;un arrosage profond au goutte-\u00e0-goutte de temps en temps, en particulier \u00e0 la fin de l&rsquo;\u00e9t\u00e9. Une fois l\u2019automne arriv\u00e9, il est temps de commencer \u00e0 tailler, car cela aidera les arbres \u00e0 adopter un comportement automnal, notamment en laissant tomber leurs feuilles. <\/p>\n<p>Il existe cependant quelques exceptions \u00e0 cette r\u00e8gle, et comme certaines r\u00e9gions des \u00c9tats-Unis sont confront\u00e9es \u00e0 des conditions de s\u00e9cheresse, il est important d&rsquo;y pr\u00eater attention. Si votre sol est tr\u00e8s sec tout l\u2019hiver, vous devez continuer \u00e0 arroser vos arbres. Faites-le uniquement lorsque la temp\u00e9rature d\u00e9passe 40 degr\u00e9s (l&rsquo;eau ne peut pas p\u00e9n\u00e9trer dans le sol gel\u00e9 et vous ne voulez pas endommager vos plantes), ne le faites que si le sol en a besoin. Pour le savoir, creusez un trou de six pouces pr\u00e8s de l&rsquo;arbre. Si le sol est sec \u00e0 ce point, il faut l\u2019arroser. S&rsquo;il fait humide, laissez l&rsquo;arbre tranquille. <\/p>\n<p>Si vous avez plant\u00e9 de nouveaux arbustes ou arbres cette ann\u00e9e, ou si vous avez des arbres aux racines peu profondes, un arrosage hivernal continu est particuli\u00e8rement important. La d\u00e9shydratation provoque un stress sur vos arbres, ce qui peut entra\u00eener des dommages aux arbres. <\/p>\n<h2 id=\"your-vegetables-still-need-water-to-germinate\">Vos l\u00e9gumes ont encore besoin d&rsquo;eau pour germer<\/h2>\n<p>Lorsque vous plantez des jardins d&rsquo;automne, r\u00e9cup\u00e9rez vos graines et commencez \u00e0 planter vos l\u00e9gumes-racines et autres plantes plus r\u00e9sistantes, ils auront besoin d&rsquo;eau, m\u00eame \u00e0 l&rsquo;automne. Les graines ont toujours besoin d\u2019eau pour germer, donc si vos graines de l\u00e9gumes ne re\u00e7oivent pas suffisamment d\u2019humidit\u00e9 de l\u2019environnement, vous devez en prendre soin \u00e0 leur place. Cependant, si vous faites germer des graines, il peut \u00eatre pr\u00e9f\u00e9rable de passer \u00e0 un arrosage manuel plut\u00f4t que d&rsquo;utiliser une conduite d&rsquo;\u00e9gouttement, pour garantir que vos graines soient compl\u00e8tement satur\u00e9es.<\/p>\n<p>Lorsqu&rsquo;il s&rsquo;agit de vos petits l\u00e9gumes, leurs racines ne sont pas encore suffisamment d\u00e9velopp\u00e9es pour acc\u00e9der \u00e0 l&rsquo;eau profond\u00e9ment sous la surface du sol, donc un arrosage de surface ou au goutte-\u00e0-goutte est toujours important.<\/p>\n<h2 id=\"stopping-watering-is-one-part-of-winterizing-your-yard\">Arr\u00eater l\u2019arrosage fait partie de l\u2019hivernage de votre cour<\/h2>\n<p>Surtout, ne risquez pas d\u2019endommager votre syst\u00e8me d\u2019irrigation en attendant trop longtemps avant d\u2019arr\u00eater l\u2019arrosage. Faites-le \u00e9goutter avant qu\u2019il n\u2019y ait un risque de gel. (Et pendant que vous \u00eates l\u00e0-bas, rappelez-vous le r\u00f4le important que joue le paillis dans le maintien de l&rsquo;humidit\u00e9 dans le sol, ce qui aidera vos plantes \u00e0<\/p>\n","protected":false},"excerpt":{"rendered":"<p>Ne vous arr\u00eatez pas simplement parce qu&rsquo;il fait de plus en plus froid. Hier, j&rsquo;\u00e9tais au t\u00e9l\u00e9phone avec un ami jardinier qui vit dans le<\/p>\n","protected":false},"author":1,"featured_media":1158,"comment_status":"","ping_status":"","sticky":false,"template":"","format":"standard","meta":{"footnotes":""},"categories":[40],"tags":[44,1724,1725,76,81,123,690,183,790],"class_list":["post-1157","post","type-post","status-publish","format-standard","has-post-thumbnail","hentry","category-maison","tag-comment","tag-darreter","tag-darroser","tag-est","tag-pour","tag-quand","tag-saison","tag-savoir","tag-temps","generate-columns","tablet-grid-50","mobile-grid-100","grid-parent","grid-33"],"yoast_head":"<!-- This site is optimized with the Yoast SEO plugin v24.0 - https:\/\/yoast.com\/wordpress\/plugins\/seo\/ -->\n<title>Comment savoir quand il est temps d&#039;arr\u00eater d&#039;arroser pour la saison | Vie Associative<\/title>\n<meta name=\"robots\" content=\"index, follow, max-snippet:-1, max-image-preview:large, max-video-preview:-1\" \/>\n<link rel=\"canonical\" href=\"https:\/\/vieassociative.be\/actualites\/comment-savoir-quand-il-est-temps-darreter-darroser-pour-la-saison\/\" \/>\n<meta property=\"og:locale\" content=\"fr_FR\" \/>\n<meta property=\"og:type\" content=\"article\" \/>\n<meta property=\"og:title\" content=\"Comment savoir quand il est temps d&#039;arr\u00eater d&#039;arroser pour la saison | Vie Associative\" \/>\n<meta property=\"og:description\" content=\"Ne vous arr\u00eatez pas simplement parce qu&rsquo;il fait de plus en plus froid. Hier, j&rsquo;\u00e9tais au t\u00e9l\u00e9phone avec un ami jardinier qui vit dans le\" \/>\n<meta property=\"og:url\" content=\"https:\/\/vieassociative.be\/actualites\/comment-savoir-quand-il-est-temps-darreter-darroser-pour-la-saison\/\" \/>\n<meta property=\"og:site_name\" content=\"Vie Associative\" \/>\n<meta property=\"article:published_time\" content=\"2024-10-12T22:18:13+00:00\" \/>\n<meta property=\"og:image\" content=\"https:\/\/vieassociative.be\/actualites\/wp-content\/uploads\/2024\/09\/header_backgroundk-01-e1726694325946.png\" \/>\n\t<meta property=\"og:image:width\" content=\"279\" \/>\n\t<meta property=\"og:image:height\" content=\"92\" \/>\n\t<meta property=\"og:image:type\" content=\"image\/png\" \/>\n<meta name=\"author\" content=\"Julien\" \/>\n<meta name=\"twitter:card\" content=\"summary_large_image\" \/>\n<meta name=\"twitter:label1\" content=\"\u00c9crit par\" \/>\n\t<meta name=\"twitter:data1\" content=\"Julien\" \/>\n\t<meta name=\"twitter:label2\" content=\"Dur\u00e9e de lecture est.\" \/>\n\t<meta name=\"twitter:data2\" content=\"4 minutes\" \/>\n<script type=\"application\/ld+json\" class=\"yoast-schema-graph\">{\"@context\":\"https:\/\/schema.org\",\"@graph\":[{\"@type\":\"Article\",\"@id\":\"https:\/\/vieassociative.be\/actualites\/comment-savoir-quand-il-est-temps-darreter-darroser-pour-la-saison\/#article\",\"isPartOf\":{\"@id\":\"https:\/\/vieassociative.be\/actualites\/comment-savoir-quand-il-est-temps-darreter-darroser-pour-la-saison\/\"},\"author\":{\"name\":\"Julien\",\"@id\":\"https:\/\/vieassociative.be\/actualites\/#\/schema\/person\/b87ac4f82f9d4e7b7cec7395b679edc4\"},\"headline\":\"Comment savoir quand il est temps d&rsquo;arr\u00eater d&rsquo;arroser pour la saison\",\"datePublished\":\"2024-10-12T22:18:13+00:00\",\"dateModified\":\"2024-10-12T22:18:13+00:00\",\"mainEntityOfPage\":{\"@id\":\"https:\/\/vieassociative.be\/actualites\/comment-savoir-quand-il-est-temps-darreter-darroser-pour-la-saison\/\"},\"wordCount\":916,\"publisher\":{\"@id\":\"https:\/\/vieassociative.be\/actualites\/#organization\"},\"image\":{\"@id\":\"https:\/\/vieassociative.be\/actualites\/comment-savoir-quand-il-est-temps-darreter-darroser-pour-la-saison\/#primaryimage\"},\"thumbnailUrl\":\"https:\/\/vieassociative.be\/actualites\/wp-content\/uploads\/2024\/10\/Comment-savoir-quand-il-est-temps-darreter-darroser-pour-la.jpg\",\"keywords\":[\"Comment\",\"darr\u00eater\",\"darroser\",\"est\",\"pour\",\"Quand\",\"Saison\",\"savoir\",\"temps\"],\"articleSection\":[\"Maison\"],\"inLanguage\":\"fr-BE\"},{\"@type\":\"WebPage\",\"@id\":\"https:\/\/vieassociative.be\/actualites\/comment-savoir-quand-il-est-temps-darreter-darroser-pour-la-saison\/\",\"url\":\"https:\/\/vieassociative.be\/actualites\/comment-savoir-quand-il-est-temps-darreter-darroser-pour-la-saison\/\",\"name\":\"Comment savoir quand il est temps d'arr\u00eater d'arroser pour la saison | Vie Associative\",\"isPartOf\":{\"@id\":\"https:\/\/vieassociative.be\/actualites\/#website\"},\"primaryImageOfPage\":{\"@id\":\"https:\/\/vieassociative.be\/actualites\/comment-savoir-quand-il-est-temps-darreter-darroser-pour-la-saison\/#primaryimage\"},\"image\":{\"@id\":\"https:\/\/vieassociative.be\/actualites\/comment-savoir-quand-il-est-temps-darreter-darroser-pour-la-saison\/#primaryimage\"},\"thumbnailUrl\":\"https:\/\/vieassociative.be\/actualites\/wp-content\/uploads\/2024\/10\/Comment-savoir-quand-il-est-temps-darreter-darroser-pour-la.jpg\",\"datePublished\":\"2024-10-12T22:18:13+00:00\",\"dateModified\":\"2024-10-12T22:18:13+00:00\",\"breadcrumb\":{\"@id\":\"https:\/\/vieassociative.be\/actualites\/comment-savoir-quand-il-est-temps-darreter-darroser-pour-la-saison\/#breadcrumb\"},\"inLanguage\":\"fr-BE\",\"potentialAction\":[{\"@type\":\"ReadAction\",\"target\":[\"https:\/\/vieassociative.be\/actualites\/comment-savoir-quand-il-est-temps-darreter-darroser-pour-la-saison\/\"]}]},{\"@type\":\"ImageObject\",\"inLanguage\":\"fr-BE\",\"@id\":\"https:\/\/vieassociative.be\/actualites\/comment-savoir-quand-il-est-temps-darreter-darroser-pour-la-saison\/#primaryimage\",\"url\":\"https:\/\/vieassociative.be\/actualites\/wp-content\/uploads\/2024\/10\/Comment-savoir-quand-il-est-temps-darreter-darroser-pour-la.jpg\",\"contentUrl\":\"https:\/\/vieassociative.be\/actualites\/wp-content\/uploads\/2024\/10\/Comment-savoir-quand-il-est-temps-darreter-darroser-pour-la.jpg\",\"width\":1200,\"height\":675,\"caption\":\"Comment savoir quand il est temps d'arr\u00eater d'arroser pour la saison\"},{\"@type\":\"BreadcrumbList\",\"@id\":\"https:\/\/vieassociative.be\/actualites\/comment-savoir-quand-il-est-temps-darreter-darroser-pour-la-saison\/#breadcrumb\",\"itemListElement\":[{\"@type\":\"ListItem\",\"position\":1,\"name\":\"Accueil\",\"item\":\"https:\/\/vieassociative.be\/actualites\/\"},{\"@type\":\"ListItem\",\"position\":2,\"name\":\"Comment savoir quand il est temps d&rsquo;arr\u00eater d&rsquo;arroser pour la saison\"}]},{\"@type\":\"WebSite\",\"@id\":\"https:\/\/vieassociative.be\/actualites\/#website\",\"url\":\"https:\/\/vieassociative.be\/actualites\/\",\"name\":\"Vie Associative\",\"description\":\"\",\"publisher\":{\"@id\":\"https:\/\/vieassociative.be\/actualites\/#organization\"},\"potentialAction\":[{\"@type\":\"SearchAction\",\"target\":{\"@type\":\"EntryPoint\",\"urlTemplate\":\"https:\/\/vieassociative.be\/actualites\/?s={search_term_string}\"},\"query-input\":{\"@type\":\"PropertyValueSpecification\",\"valueRequired\":true,\"valueName\":\"search_term_string\"}}],\"inLanguage\":\"fr-BE\"},{\"@type\":\"Organization\",\"@id\":\"https:\/\/vieassociative.be\/actualites\/#organization\",\"name\":\"Vie Associative\",\"url\":\"https:\/\/vieassociative.be\/actualites\/\",\"logo\":{\"@type\":\"ImageObject\",\"inLanguage\":\"fr-BE\",\"@id\":\"https:\/\/vieassociative.be\/actualites\/#\/schema\/logo\/image\/\",\"url\":\"https:\/\/vieassociative.be\/actualites\/wp-content\/uploads\/2024\/09\/cropped-vieassociative_favicon.ico.png\",\"contentUrl\":\"https:\/\/vieassociative.be\/actualites\/wp-content\/uploads\/2024\/09\/cropped-vieassociative_favicon.ico.png\",\"width\":512,\"height\":512,\"caption\":\"Vie Associative\"},\"image\":{\"@id\":\"https:\/\/vieassociative.be\/actualites\/#\/schema\/logo\/image\/\"}},{\"@type\":\"Person\",\"@id\":\"https:\/\/vieassociative.be\/actualites\/#\/schema\/person\/b87ac4f82f9d4e7b7cec7395b679edc4\",\"name\":\"Julien\",\"image\":{\"@type\":\"ImageObject\",\"inLanguage\":\"fr-BE\",\"@id\":\"https:\/\/vieassociative.be\/actualites\/#\/schema\/person\/image\/\",\"url\":\"https:\/\/vieassociative.be\/actualites\/wp-content\/uploads\/2024\/09\/vie-associative-1-150x150.jpg\",\"contentUrl\":\"https:\/\/vieassociative.be\/actualites\/wp-content\/uploads\/2024\/09\/vie-associative-1-150x150.jpg\",\"caption\":\"Julien\"},\"description\":\"Je suis Julien, r\u00e9dacteur pour Vie Associative. Passionn\u00e9 par le monde associatif depuis plus de 10 ans, j'ai \u00e0 c\u0153ur de partager des histoires inspirantes et de mettre en lumi\u00e8re les initiatives locales. Mon objectif est de sensibiliser et d'encourager l'engagement communautaire \u00e0 travers mes articles.\",\"sameAs\":[\"https:\/\/vieassociative.be\/\"]}]}<\/script>\n<!-- \/ Yoast SEO plugin. -->","yoast_head_json":{"title":"Comment savoir quand il est temps d'arr\u00eater d'arroser pour la saison | Vie Associative","robots":{"index":"index","follow":"follow","max-snippet":"max-snippet:-1","max-image-preview":"max-image-preview:large","max-video-preview":"max-video-preview:-1"},"canonical":"https:\/\/vieassociative.be\/actualites\/comment-savoir-quand-il-est-temps-darreter-darroser-pour-la-saison\/","og_locale":"fr_FR","og_type":"article","og_title":"Comment savoir quand il est temps d'arr\u00eater d'arroser pour la saison | Vie Associative","og_description":"Ne vous arr\u00eatez pas simplement parce qu&rsquo;il fait de plus en plus froid. Hier, j&rsquo;\u00e9tais au t\u00e9l\u00e9phone avec un ami jardinier qui vit dans le","og_url":"https:\/\/vieassociative.be\/actualites\/comment-savoir-quand-il-est-temps-darreter-darroser-pour-la-saison\/","og_site_name":"Vie Associative","article_published_time":"2024-10-12T22:18:13+00:00","og_image":[{"width":279,"height":92,"url":"https:\/\/vieassociative.be\/actualites\/wp-content\/uploads\/2024\/09\/header_backgroundk-01-e1726694325946.png","type":"image\/png"}],"author":"Julien","twitter_card":"summary_large_image","twitter_misc":{"\u00c9crit par":"Julien","Dur\u00e9e de lecture est.":"4 minutes"},"schema":{"@context":"https:\/\/schema.org","@graph":[{"@type":"Article","@id":"https:\/\/vieassociative.be\/actualites\/comment-savoir-quand-il-est-temps-darreter-darroser-pour-la-saison\/#article","isPartOf":{"@id":"https:\/\/vieassociative.be\/actualites\/comment-savoir-quand-il-est-temps-darreter-darroser-pour-la-saison\/"},"author":{"name":"Julien","@id":"https:\/\/vieassociative.be\/actualites\/#\/schema\/person\/b87ac4f82f9d4e7b7cec7395b679edc4"},"headline":"Comment savoir quand il est temps d&rsquo;arr\u00eater d&rsquo;arroser pour la saison","datePublished":"2024-10-12T22:18:13+00:00","dateModified":"2024-10-12T22:18:13+00:00","mainEntityOfPage":{"@id":"https:\/\/vieassociative.be\/actualites\/comment-savoir-quand-il-est-temps-darreter-darroser-pour-la-saison\/"},"wordCount":916,"publisher":{"@id":"https:\/\/vieassociative.be\/actualites\/#organization"},"image":{"@id":"https:\/\/vieassociative.be\/actualites\/comment-savoir-quand-il-est-temps-darreter-darroser-pour-la-saison\/#primaryimage"},"thumbnailUrl":"https:\/\/vieassociative.be\/actualites\/wp-content\/uploads\/2024\/10\/Comment-savoir-quand-il-est-temps-darreter-darroser-pour-la.jpg","keywords":["Comment","darr\u00eater","darroser","est","pour","Quand","Saison","savoir","temps"],"articleSection":["Maison"],"inLanguage":"fr-BE"},{"@type":"WebPage","@id":"https:\/\/vieassociative.be\/actualites\/comment-savoir-quand-il-est-temps-darreter-darroser-pour-la-saison\/","url":"https:\/\/vieassociative.be\/actualites\/comment-savoir-quand-il-est-temps-darreter-darroser-pour-la-saison\/","name":"Comment savoir quand il est temps d'arr\u00eater d'arroser pour la saison | Vie Associative","isPartOf":{"@id":"https:\/\/vieassociative.be\/actualites\/#website"},"primaryImageOfPage":{"@id":"https:\/\/vieassociative.be\/actualites\/comment-savoir-quand-il-est-temps-darreter-darroser-pour-la-saison\/#primaryimage"},"image":{"@id":"https:\/\/vieassociative.be\/actualites\/comment-savoir-quand-il-est-temps-darreter-darroser-pour-la-saison\/#primaryimage"},"thumbnailUrl":"https:\/\/vieassociative.be\/actualites\/wp-content\/uploads\/2024\/10\/Comment-savoir-quand-il-est-temps-darreter-darroser-pour-la.jpg","datePublished":"2024-10-12T22:18:13+00:00","dateModified":"2024-10-12T22:18:13+00:00","breadcrumb":{"@id":"https:\/\/vieassociative.be\/actualites\/comment-savoir-quand-il-est-temps-darreter-darroser-pour-la-saison\/#breadcrumb"},"inLanguage":"fr-BE","potentialAction":[{"@type":"ReadAction","target":["https:\/\/vieassociative.be\/actualites\/comment-savoir-quand-il-est-temps-darreter-darroser-pour-la-saison\/"]}]},{"@type":"ImageObject","inLanguage":"fr-BE","@id":"https:\/\/vieassociative.be\/actualites\/comment-savoir-quand-il-est-temps-darreter-darroser-pour-la-saison\/#primaryimage","url":"https:\/\/vieassociative.be\/actualites\/wp-content\/uploads\/2024\/10\/Comment-savoir-quand-il-est-temps-darreter-darroser-pour-la.jpg","contentUrl":"https:\/\/vieassociative.be\/actualites\/wp-content\/uploads\/2024\/10\/Comment-savoir-quand-il-est-temps-darreter-darroser-pour-la.jpg","width":1200,"height":675,"caption":"Comment savoir quand il est temps d'arr\u00eater d'arroser pour la saison"},{"@type":"BreadcrumbList","@id":"https:\/\/vieassociative.be\/actualites\/comment-savoir-quand-il-est-temps-darreter-darroser-pour-la-saison\/#breadcrumb","itemListElement":[{"@type":"ListItem","position":1,"name":"Accueil","item":"https:\/\/vieassociative.be\/actualites\/"},{"@type":"ListItem","position":2,"name":"Comment savoir quand il est temps d&rsquo;arr\u00eater d&rsquo;arroser pour la saison"}]},{"@type":"WebSite","@id":"https:\/\/vieassociative.be\/actualites\/#website","url":"https:\/\/vieassociative.be\/actualites\/","name":"Vie Associative","description":"","publisher":{"@id":"https:\/\/vieassociative.be\/actualites\/#organization"},"potentialAction":[{"@type":"SearchAction","target":{"@type":"EntryPoint","urlTemplate":"https:\/\/vieassociative.be\/actualites\/?s={search_term_string}"},"query-input":{"@type":"PropertyValueSpecification","valueRequired":true,"valueName":"search_term_string"}}],"inLanguage":"fr-BE"},{"@type":"Organization","@id":"https:\/\/vieassociative.be\/actualites\/#organization","name":"Vie Associative","url":"https:\/\/vieassociative.be\/actualites\/","logo":{"@type":"ImageObject","inLanguage":"fr-BE","@id":"https:\/\/vieassociative.be\/actualites\/#\/schema\/logo\/image\/","url":"https:\/\/vieassociative.be\/actualites\/wp-content\/uploads\/2024\/09\/cropped-vieassociative_favicon.ico.png","contentUrl":"https:\/\/vieassociative.be\/actualites\/wp-content\/uploads\/2024\/09\/cropped-vieassociative_favicon.ico.png","width":512,"height":512,"caption":"Vie Associative"},"image":{"@id":"https:\/\/vieassociative.be\/actualites\/#\/schema\/logo\/image\/"}},{"@type":"Person","@id":"https:\/\/vieassociative.be\/actualites\/#\/schema\/person\/b87ac4f82f9d4e7b7cec7395b679edc4","name":"Julien","image":{"@type":"ImageObject","inLanguage":"fr-BE","@id":"https:\/\/vieassociative.be\/actualites\/#\/schema\/person\/image\/","url":"https:\/\/vieassociative.be\/actualites\/wp-content\/uploads\/2024\/09\/vie-associative-1-150x150.jpg","contentUrl":"https:\/\/vieassociative.be\/actualites\/wp-content\/uploads\/2024\/09\/vie-associative-1-150x150.jpg","caption":"Julien"},"description":"Je suis Julien, r\u00e9dacteur pour Vie Associative. Passionn\u00e9 par le monde associatif depuis plus de 10 ans, j'ai \u00e0 c\u0153ur de partager des histoires inspirantes et de mettre en lumi\u00e8re les initiatives locales. Mon objectif est de sensibiliser et d'encourager l'engagement communautaire \u00e0 travers mes articles.","sameAs":["https:\/\/vieassociative.be\/"]}]}},"_links":{"self":[{"href":"https:\/\/vieassociative.be\/actualites\/wp-json\/wp\/v2\/posts\/1157"}],"collection":[{"href":"https:\/\/vieassociative.be\/actualites\/wp-json\/wp\/v2\/posts"}],"about":[{"href":"https:\/\/vieassociative.be\/actualites\/wp-json\/wp\/v2\/types\/post"}],"author":[{"embeddable":true,"href":"https:\/\/vieassociative.be\/actualites\/wp-json\/wp\/v2\/users\/1"}],"replies":[{"embeddable":true,"href":"https:\/\/vieassociative.be\/actualites\/wp-json\/wp\/v2\/comments?post=1157"}],"version-history":[{"count":0,"href":"https:\/\/vieassociative.be\/actualites\/wp-json\/wp\/v2\/posts\/1157\/revisions"}],"wp:featuredmedia":[{"embeddable":true,"href":"https:\/\/vieassociative.be\/actualites\/wp-json\/wp\/v2\/media\/1158"}],"wp:attachment":[{"href":"https:\/\/vieassociative.be\/actualites\/wp-json\/wp\/v2\/media?parent=1157"}],"wp:term":[{"taxonomy":"category","embeddable":true,"href":"https:\/\/vieassociative.be\/actualites\/wp-json\/wp\/v2\/categories?post=1157"},{"taxonomy":"post_tag","embeddable":true,"href":"https:\/\/vieassociative.be\/actualites\/wp-json\/wp\/v2\/tags?post=1157"}],"curies":[{"name":"wp","href":"https:\/\/api.w.org\/{rel}","templated":true}]}}