{"id":11569,"date":"2025-11-27T09:18:18","date_gmt":"2025-11-27T08:18:18","guid":{"rendered":"https:\/\/vieassociative.be\/actualites\/internet-uniquement-a-partir-de-16-ans-et-pas-de-publicite-ciblee-sur-les-mineurs-lue-appelle-a-davantage-de-protection-des-enfants-en-ligne\/"},"modified":"2025-11-27T09:18:18","modified_gmt":"2025-11-27T08:18:18","slug":"internet-uniquement-a-partir-de-16-ans-et-pas-de-publicite-ciblee-sur-les-mineurs-lue-appelle-a-davantage-de-protection-des-enfants-en-ligne","status":"publish","type":"post","link":"https:\/\/vieassociative.be\/actualites\/internet-uniquement-a-partir-de-16-ans-et-pas-de-publicite-ciblee-sur-les-mineurs-lue-appelle-a-davantage-de-protection-des-enfants-en-ligne\/","title":{"rendered":"Internet uniquement \u00e0 partir de 16 ans et pas de publicit\u00e9 cibl\u00e9e sur les mineurs : l&rsquo;UE appelle \u00e0 davantage de protection des enfants en ligne"},"content":{"rendered":"<p><strong>Le Parlement europ\u00e9en a adopt\u00e9 mercredi \u00e0 une large majorit\u00e9 un rapport sur la protection des enfants sur les r\u00e9seaux sociaux (483 voix pour, 92 contre et 86 abstentions). Dans le texte, le Parlement appelle \u00e0 de nouvelles r\u00e8gles strictes \u00e0 l&rsquo;\u00e9chelle europ\u00e9enne pour les plateformes telles que Facebook, Instagram, TikTok &#038; Co.<\/strong><\/p>\n<p><span id=\"more-430458\"><\/span>Les d\u00e9put\u00e9s europ\u00e9ens Pascal Arimont (CSP) et Yvan Verougstraete (Les Engag\u00e9s) avaient d\u00e9j\u00e0 contribu\u00e9 au rapport cet \u00e9t\u00e9 et avaient appel\u00e9 la Commission \u00e0 prendre des mesures concr\u00e8tes. Aujourd\u2019hui, c\u2019est le Parlement tout entier qui augmente la pression.<\/p>\n<p>\u00ab\u00a0Nos enfants passent plus de temps en ligne. C&rsquo;est pourquoi ils ont besoin de la m\u00eame protection que dans la cour d&rsquo;\u00e9cole ou dans la rue. Les plateformes doivent enfin assumer leurs responsabilit\u00e9s &#8211; les droits des enfants doivent primer sur les int\u00e9r\u00eats commerciaux des entreprises num\u00e9riques\u00a0\u00bb, expliquent Arimont et Verougstraete.<\/p>\n<div id=\"attachment_430465\" class=\"wp-caption alignleft\" style=\"max-width: 300px\"><img fetchpriority=\"high\" decoding=\"async\" class=\"wp-image-430465 size-medium\" src=\"https:\/\/vieassociative.be\/actualites\/wp-content\/uploads\/2025\/11\/Internet-uniquement-a-partir-de-16-ans-et-pas-de.jpg\" alt=\"\" width=\"300\" height=\"200\"  ><\/div>\n<p>Le texte r\u00e9clame, entre autres, des restrictions d&rsquo;\u00e2ge, une interdiction de la publicit\u00e9, des m\u00e9canismes d&rsquo;addiction, des contr\u00f4les d&rsquo;\u00e2ge et une meilleure protection contre la manipulation.<\/p>\n<p><strong>\u2013 Restriction d\u2019\u00e2ge :<\/strong> Le texte appelle \u00e0 l&rsquo;\u00e9tablissement d&rsquo;une limite d&rsquo;\u00e2ge num\u00e9rique europ\u00e9enne uniforme de 16 ans, en dessous de laquelle l&rsquo;acc\u00e8s aux plateformes de m\u00e9dias sociaux en ligne ne devrait pas \u00eatre autoris\u00e9 sans le consentement des parents. Des exigences particuli\u00e8rement strictes devraient s&rsquo;appliquer aux enfants de moins de 13 ans.<\/p>\n<p><strong>\u2013 Interdiction de publicit\u00e9 :<\/strong> La publicit\u00e9 cibl\u00e9e sur les mineurs devrait \u00eatre interdite \u2013 y compris sur les r\u00e9seaux sociaux.<\/p>\n<p><strong>\u2013 M\u00e9canismes de d\u00e9pendance :<\/strong> Les fonctionnalit\u00e9s les plus addictives \u2013 comme certains syst\u00e8mes de recommandation et le d\u00e9filement automatique sans fin \u2013 devraient \u00eatre d\u00e9sactiv\u00e9es par d\u00e9faut.<\/p>\n<p><strong>\u2013 Contr\u00f4les d\u2019\u00e2ge :<\/strong> Les plateformes devraient introduire des syst\u00e8mes de v\u00e9rification de l\u2019\u00e2ge fiables et respectueux de la vie priv\u00e9e.<\/p>\n<div id=\"attachment_4414\" class=\"wp-caption alignleft\" style=\"max-width: 300px\"><img decoding=\"async\" class=\"wp-image-4414 size-medium\" src=\"https:\/\/vieassociative.be\/actualites\/wp-content\/uploads\/2025\/11\/1764231498_773_Internet-uniquement-a-partir-de-16-ans-et-pas-de.jpg\" alt=\"enfant internet\" width=\"300\" height=\"200\"><\/div>\n<p><strong>\u2013 Protection contre les manipulations :<\/strong> Les astuces de conception manipulatrices (\u00ab motifs sombres \u00bb) devraient dispara\u00eetre et les contenus dangereux devraient \u00eatre supprim\u00e9s plus rapidement.<\/p>\n<p>Les deux d\u00e9put\u00e9s europ\u00e9ens avaient pr\u00e9c\u00e9demment plaid\u00e9 en faveur de r\u00e8gles strictes en proposant des amendements : \u00ab Une interdiction d&rsquo;\u00e2ge jusqu&rsquo;\u00e0 un certain \u00e2ge n&rsquo;a de sens que s&rsquo;il existe une v\u00e9rification de l&rsquo;\u00e2ge qui fonctionne. Les plateformes comme Meta ou TikTok h\u00e9sitent \u00e0 prendre de telles mesures car les enfants et les jeunes sont des clients importants. un pas important dans la bonne direction.<\/p>\n<p>\u00ab\u00a0La protection des enfants sur Internet ne doit plus d\u00e9pendre de la bonne volont\u00e9 des plateformes. Avec ce rapport, nous augmentons la pression &#8211; \u00e9galement dans l&rsquo;int\u00e9r\u00eat des familles\u00a0\u00bb, r\u00e9sument Arimont et Verougstraete. (cr\u00e9er)<\/p>\n","protected":false},"excerpt":{"rendered":"<p>Le Parlement europ\u00e9en a adopt\u00e9 mercredi \u00e0 une large majorit\u00e9 un rapport sur la protection des enfants sur les r\u00e9seaux sociaux (483 voix pour, 92<\/p>\n","protected":false},"author":1,"featured_media":5951,"comment_status":"","ping_status":"","sticky":false,"template":"","format":"standard","meta":{"footnotes":""},"categories":[298],"tags":[584,5218,9378,3457,29,324,4066,14,11,3578,6543,1591,126,3054,4989,33,6475],"class_list":["post-11569","post","type-post","status-publish","format-standard","has-post-thumbnail","hentry","category-belgique","tag-ans","tag-appelle","tag-ciblee","tag-davantage","tag-des","tag-enfants","tag-internet","tag-les","tag-ligne","tag-lue","tag-mineurs","tag-partir","tag-pas","tag-protection","tag-publicite","tag-sur","tag-uniquement","generate-columns","tablet-grid-50","mobile-grid-100","grid-parent","grid-33"],"yoast_head":"<!-- This site is optimized with the Yoast SEO plugin v24.0 - https:\/\/yoast.com\/wordpress\/plugins\/seo\/ -->\n<title>Internet uniquement \u00e0 partir de 16 ans et pas de publicit\u00e9 cibl\u00e9e sur les mineurs : l&#039;UE appelle \u00e0 davantage de protection des enfants en ligne | Vie Associative<\/title>\n<meta name=\"robots\" content=\"index, follow, max-snippet:-1, max-image-preview:large, max-video-preview:-1\" \/>\n<link rel=\"canonical\" href=\"https:\/\/vieassociative.be\/actualites\/internet-uniquement-a-partir-de-16-ans-et-pas-de-publicite-ciblee-sur-les-mineurs-lue-appelle-a-davantage-de-protection-des-enfants-en-ligne\/\" \/>\n<meta property=\"og:locale\" content=\"fr_FR\" \/>\n<meta property=\"og:type\" content=\"article\" \/>\n<meta property=\"og:title\" content=\"Internet uniquement \u00e0 partir de 16 ans et pas de publicit\u00e9 cibl\u00e9e sur les mineurs : l&#039;UE appelle \u00e0 davantage de protection des enfants en ligne | Vie Associative\" \/>\n<meta property=\"og:description\" content=\"Le Parlement europ\u00e9en a adopt\u00e9 mercredi \u00e0 une large majorit\u00e9 un rapport sur la protection des enfants sur les r\u00e9seaux sociaux (483 voix pour, 92\" \/>\n<meta property=\"og:url\" content=\"https:\/\/vieassociative.be\/actualites\/internet-uniquement-a-partir-de-16-ans-et-pas-de-publicite-ciblee-sur-les-mineurs-lue-appelle-a-davantage-de-protection-des-enfants-en-ligne\/\" \/>\n<meta property=\"og:site_name\" content=\"Vie Associative\" \/>\n<meta property=\"article:published_time\" content=\"2025-11-27T08:18:18+00:00\" \/>\n<meta property=\"og:image\" content=\"https:\/\/vieassociative.be\/actualites\/wp-content\/uploads\/2024\/09\/header_backgroundk-01-e1726694325946.png\" \/>\n\t<meta property=\"og:image:width\" content=\"279\" \/>\n\t<meta property=\"og:image:height\" content=\"92\" \/>\n\t<meta property=\"og:image:type\" content=\"image\/png\" \/>\n<meta name=\"author\" content=\"Julien\" \/>\n<meta name=\"twitter:card\" content=\"summary_large_image\" \/>\n<meta name=\"twitter:label1\" content=\"\u00c9crit par\" \/>\n\t<meta name=\"twitter:data1\" content=\"Julien\" \/>\n\t<meta name=\"twitter:label2\" content=\"Dur\u00e9e de lecture est.\" \/>\n\t<meta name=\"twitter:data2\" content=\"2 minutes\" \/>\n<script type=\"application\/ld+json\" class=\"yoast-schema-graph\">{\"@context\":\"https:\/\/schema.org\",\"@graph\":[{\"@type\":\"Article\",\"@id\":\"https:\/\/vieassociative.be\/actualites\/internet-uniquement-a-partir-de-16-ans-et-pas-de-publicite-ciblee-sur-les-mineurs-lue-appelle-a-davantage-de-protection-des-enfants-en-ligne\/#article\",\"isPartOf\":{\"@id\":\"https:\/\/vieassociative.be\/actualites\/internet-uniquement-a-partir-de-16-ans-et-pas-de-publicite-ciblee-sur-les-mineurs-lue-appelle-a-davantage-de-protection-des-enfants-en-ligne\/\"},\"author\":{\"name\":\"Julien\",\"@id\":\"https:\/\/vieassociative.be\/actualites\/#\/schema\/person\/b87ac4f82f9d4e7b7cec7395b679edc4\"},\"headline\":\"Internet uniquement \u00e0 partir de 16 ans et pas de publicit\u00e9 cibl\u00e9e sur les mineurs : l&rsquo;UE appelle \u00e0 davantage de protection des enfants en ligne\",\"datePublished\":\"2025-11-27T08:18:18+00:00\",\"dateModified\":\"2025-11-27T08:18:18+00:00\",\"mainEntityOfPage\":{\"@id\":\"https:\/\/vieassociative.be\/actualites\/internet-uniquement-a-partir-de-16-ans-et-pas-de-publicite-ciblee-sur-les-mineurs-lue-appelle-a-davantage-de-protection-des-enfants-en-ligne\/\"},\"wordCount\":485,\"publisher\":{\"@id\":\"https:\/\/vieassociative.be\/actualites\/#organization\"},\"image\":{\"@id\":\"https:\/\/vieassociative.be\/actualites\/internet-uniquement-a-partir-de-16-ans-et-pas-de-publicite-ciblee-sur-les-mineurs-lue-appelle-a-davantage-de-protection-des-enfants-en-ligne\/#primaryimage\"},\"thumbnailUrl\":\"https:\/\/vieassociative.be\/actualites\/wp-content\/uploads\/2025\/03\/Faction-vivante-dans-le-PDG-pour-lage-legal-minimum-de.jpeg\",\"keywords\":[\"ans\",\"appelle\",\"cibl\u00e9e\",\"davantage\",\"Des\",\"enfants\",\"Internet\",\"Les\",\"ligne\",\"LUE\",\"mineurs\",\"partir\",\"pas\",\"protection\",\"publicit\u00e9\",\"sur\",\"uniquement\"],\"articleSection\":[\"Belgique\"],\"inLanguage\":\"fr-BE\"},{\"@type\":\"WebPage\",\"@id\":\"https:\/\/vieassociative.be\/actualites\/internet-uniquement-a-partir-de-16-ans-et-pas-de-publicite-ciblee-sur-les-mineurs-lue-appelle-a-davantage-de-protection-des-enfants-en-ligne\/\",\"url\":\"https:\/\/vieassociative.be\/actualites\/internet-uniquement-a-partir-de-16-ans-et-pas-de-publicite-ciblee-sur-les-mineurs-lue-appelle-a-davantage-de-protection-des-enfants-en-ligne\/\",\"name\":\"Internet uniquement \u00e0 partir de 16 ans et pas de publicit\u00e9 cibl\u00e9e sur les mineurs : l'UE appelle \u00e0 davantage de protection des enfants en ligne | Vie Associative\",\"isPartOf\":{\"@id\":\"https:\/\/vieassociative.be\/actualites\/#website\"},\"primaryImageOfPage\":{\"@id\":\"https:\/\/vieassociative.be\/actualites\/internet-uniquement-a-partir-de-16-ans-et-pas-de-publicite-ciblee-sur-les-mineurs-lue-appelle-a-davantage-de-protection-des-enfants-en-ligne\/#primaryimage\"},\"image\":{\"@id\":\"https:\/\/vieassociative.be\/actualites\/internet-uniquement-a-partir-de-16-ans-et-pas-de-publicite-ciblee-sur-les-mineurs-lue-appelle-a-davantage-de-protection-des-enfants-en-ligne\/#primaryimage\"},\"thumbnailUrl\":\"https:\/\/vieassociative.be\/actualites\/wp-content\/uploads\/2025\/03\/Faction-vivante-dans-le-PDG-pour-lage-legal-minimum-de.jpeg\",\"datePublished\":\"2025-11-27T08:18:18+00:00\",\"dateModified\":\"2025-11-27T08:18:18+00:00\",\"breadcrumb\":{\"@id\":\"https:\/\/vieassociative.be\/actualites\/internet-uniquement-a-partir-de-16-ans-et-pas-de-publicite-ciblee-sur-les-mineurs-lue-appelle-a-davantage-de-protection-des-enfants-en-ligne\/#breadcrumb\"},\"inLanguage\":\"fr-BE\",\"potentialAction\":[{\"@type\":\"ReadAction\",\"target\":[\"https:\/\/vieassociative.be\/actualites\/internet-uniquement-a-partir-de-16-ans-et-pas-de-publicite-ciblee-sur-les-mineurs-lue-appelle-a-davantage-de-protection-des-enfants-en-ligne\/\"]}]},{\"@type\":\"ImageObject\",\"inLanguage\":\"fr-BE\",\"@id\":\"https:\/\/vieassociative.be\/actualites\/internet-uniquement-a-partir-de-16-ans-et-pas-de-publicite-ciblee-sur-les-mineurs-lue-appelle-a-davantage-de-protection-des-enfants-en-ligne\/#primaryimage\",\"url\":\"https:\/\/vieassociative.be\/actualites\/wp-content\/uploads\/2025\/03\/Faction-vivante-dans-le-PDG-pour-lage-legal-minimum-de.jpeg\",\"contentUrl\":\"https:\/\/vieassociative.be\/actualites\/wp-content\/uploads\/2025\/03\/Faction-vivante-dans-le-PDG-pour-lage-legal-minimum-de.jpeg\",\"width\":1000,\"height\":667,\"caption\":\"Faction vivante dans le PDG pour l'\u00e2ge l\u00e9gal minimum de 16 ans pour l'utilisation des m\u00e9dias sociaux\"},{\"@type\":\"BreadcrumbList\",\"@id\":\"https:\/\/vieassociative.be\/actualites\/internet-uniquement-a-partir-de-16-ans-et-pas-de-publicite-ciblee-sur-les-mineurs-lue-appelle-a-davantage-de-protection-des-enfants-en-ligne\/#breadcrumb\",\"itemListElement\":[{\"@type\":\"ListItem\",\"position\":1,\"name\":\"Accueil\",\"item\":\"https:\/\/vieassociative.be\/actualites\/\"},{\"@type\":\"ListItem\",\"position\":2,\"name\":\"Internet uniquement \u00e0 partir de 16 ans et pas de publicit\u00e9 cibl\u00e9e sur les mineurs : l&rsquo;UE appelle \u00e0 davantage de protection des enfants en ligne\"}]},{\"@type\":\"WebSite\",\"@id\":\"https:\/\/vieassociative.be\/actualites\/#website\",\"url\":\"https:\/\/vieassociative.be\/actualites\/\",\"name\":\"Vie Associative\",\"description\":\"\",\"publisher\":{\"@id\":\"https:\/\/vieassociative.be\/actualites\/#organization\"},\"potentialAction\":[{\"@type\":\"SearchAction\",\"target\":{\"@type\":\"EntryPoint\",\"urlTemplate\":\"https:\/\/vieassociative.be\/actualites\/?s={search_term_string}\"},\"query-input\":{\"@type\":\"PropertyValueSpecification\",\"valueRequired\":true,\"valueName\":\"search_term_string\"}}],\"inLanguage\":\"fr-BE\"},{\"@type\":\"Organization\",\"@id\":\"https:\/\/vieassociative.be\/actualites\/#organization\",\"name\":\"Vie Associative\",\"url\":\"https:\/\/vieassociative.be\/actualites\/\",\"logo\":{\"@type\":\"ImageObject\",\"inLanguage\":\"fr-BE\",\"@id\":\"https:\/\/vieassociative.be\/actualites\/#\/schema\/logo\/image\/\",\"url\":\"https:\/\/vieassociative.be\/actualites\/wp-content\/uploads\/2024\/09\/cropped-vieassociative_favicon.ico.png\",\"contentUrl\":\"https:\/\/vieassociative.be\/actualites\/wp-content\/uploads\/2024\/09\/cropped-vieassociative_favicon.ico.png\",\"width\":512,\"height\":512,\"caption\":\"Vie Associative\"},\"image\":{\"@id\":\"https:\/\/vieassociative.be\/actualites\/#\/schema\/logo\/image\/\"}},{\"@type\":\"Person\",\"@id\":\"https:\/\/vieassociative.be\/actualites\/#\/schema\/person\/b87ac4f82f9d4e7b7cec7395b679edc4\",\"name\":\"Julien\",\"image\":{\"@type\":\"ImageObject\",\"inLanguage\":\"fr-BE\",\"@id\":\"https:\/\/vieassociative.be\/actualites\/#\/schema\/person\/image\/\",\"url\":\"https:\/\/vieassociative.be\/actualites\/wp-content\/uploads\/2024\/09\/vie-associative-1-150x150.jpg\",\"contentUrl\":\"https:\/\/vieassociative.be\/actualites\/wp-content\/uploads\/2024\/09\/vie-associative-1-150x150.jpg\",\"caption\":\"Julien\"},\"description\":\"Je suis Julien, r\u00e9dacteur pour Vie Associative. Passionn\u00e9 par le monde associatif depuis plus de 10 ans, j'ai \u00e0 c\u0153ur de partager des histoires inspirantes et de mettre en lumi\u00e8re les initiatives locales. Mon objectif est de sensibiliser et d'encourager l'engagement communautaire \u00e0 travers mes articles.\",\"sameAs\":[\"https:\/\/vieassociative.be\/\"]}]}<\/script>\n<!-- \/ Yoast SEO plugin. -->","yoast_head_json":{"title":"Internet uniquement \u00e0 partir de 16 ans et pas de publicit\u00e9 cibl\u00e9e sur les mineurs : l'UE appelle \u00e0 davantage de protection des enfants en ligne | Vie Associative","robots":{"index":"index","follow":"follow","max-snippet":"max-snippet:-1","max-image-preview":"max-image-preview:large","max-video-preview":"max-video-preview:-1"},"canonical":"https:\/\/vieassociative.be\/actualites\/internet-uniquement-a-partir-de-16-ans-et-pas-de-publicite-ciblee-sur-les-mineurs-lue-appelle-a-davantage-de-protection-des-enfants-en-ligne\/","og_locale":"fr_FR","og_type":"article","og_title":"Internet uniquement \u00e0 partir de 16 ans et pas de publicit\u00e9 cibl\u00e9e sur les mineurs : l'UE appelle \u00e0 davantage de protection des enfants en ligne | Vie Associative","og_description":"Le Parlement europ\u00e9en a adopt\u00e9 mercredi \u00e0 une large majorit\u00e9 un rapport sur la protection des enfants sur les r\u00e9seaux sociaux (483 voix pour, 92","og_url":"https:\/\/vieassociative.be\/actualites\/internet-uniquement-a-partir-de-16-ans-et-pas-de-publicite-ciblee-sur-les-mineurs-lue-appelle-a-davantage-de-protection-des-enfants-en-ligne\/","og_site_name":"Vie Associative","article_published_time":"2025-11-27T08:18:18+00:00","og_image":[{"width":279,"height":92,"url":"https:\/\/vieassociative.be\/actualites\/wp-content\/uploads\/2024\/09\/header_backgroundk-01-e1726694325946.png","type":"image\/png"}],"author":"Julien","twitter_card":"summary_large_image","twitter_misc":{"\u00c9crit par":"Julien","Dur\u00e9e de lecture est.":"2 minutes"},"schema":{"@context":"https:\/\/schema.org","@graph":[{"@type":"Article","@id":"https:\/\/vieassociative.be\/actualites\/internet-uniquement-a-partir-de-16-ans-et-pas-de-publicite-ciblee-sur-les-mineurs-lue-appelle-a-davantage-de-protection-des-enfants-en-ligne\/#article","isPartOf":{"@id":"https:\/\/vieassociative.be\/actualites\/internet-uniquement-a-partir-de-16-ans-et-pas-de-publicite-ciblee-sur-les-mineurs-lue-appelle-a-davantage-de-protection-des-enfants-en-ligne\/"},"author":{"name":"Julien","@id":"https:\/\/vieassociative.be\/actualites\/#\/schema\/person\/b87ac4f82f9d4e7b7cec7395b679edc4"},"headline":"Internet uniquement \u00e0 partir de 16 ans et pas de publicit\u00e9 cibl\u00e9e sur les mineurs : l&rsquo;UE appelle \u00e0 davantage de protection des enfants en ligne","datePublished":"2025-11-27T08:18:18+00:00","dateModified":"2025-11-27T08:18:18+00:00","mainEntityOfPage":{"@id":"https:\/\/vieassociative.be\/actualites\/internet-uniquement-a-partir-de-16-ans-et-pas-de-publicite-ciblee-sur-les-mineurs-lue-appelle-a-davantage-de-protection-des-enfants-en-ligne\/"},"wordCount":485,"publisher":{"@id":"https:\/\/vieassociative.be\/actualites\/#organization"},"image":{"@id":"https:\/\/vieassociative.be\/actualites\/internet-uniquement-a-partir-de-16-ans-et-pas-de-publicite-ciblee-sur-les-mineurs-lue-appelle-a-davantage-de-protection-des-enfants-en-ligne\/#primaryimage"},"thumbnailUrl":"https:\/\/vieassociative.be\/actualites\/wp-content\/uploads\/2025\/03\/Faction-vivante-dans-le-PDG-pour-lage-legal-minimum-de.jpeg","keywords":["ans","appelle","cibl\u00e9e","davantage","Des","enfants","Internet","Les","ligne","LUE","mineurs","partir","pas","protection","publicit\u00e9","sur","uniquement"],"articleSection":["Belgique"],"inLanguage":"fr-BE"},{"@type":"WebPage","@id":"https:\/\/vieassociative.be\/actualites\/internet-uniquement-a-partir-de-16-ans-et-pas-de-publicite-ciblee-sur-les-mineurs-lue-appelle-a-davantage-de-protection-des-enfants-en-ligne\/","url":"https:\/\/vieassociative.be\/actualites\/internet-uniquement-a-partir-de-16-ans-et-pas-de-publicite-ciblee-sur-les-mineurs-lue-appelle-a-davantage-de-protection-des-enfants-en-ligne\/","name":"Internet uniquement \u00e0 partir de 16 ans et pas de publicit\u00e9 cibl\u00e9e sur les mineurs : l'UE appelle \u00e0 davantage de protection des enfants en ligne | Vie Associative","isPartOf":{"@id":"https:\/\/vieassociative.be\/actualites\/#website"},"primaryImageOfPage":{"@id":"https:\/\/vieassociative.be\/actualites\/internet-uniquement-a-partir-de-16-ans-et-pas-de-publicite-ciblee-sur-les-mineurs-lue-appelle-a-davantage-de-protection-des-enfants-en-ligne\/#primaryimage"},"image":{"@id":"https:\/\/vieassociative.be\/actualites\/internet-uniquement-a-partir-de-16-ans-et-pas-de-publicite-ciblee-sur-les-mineurs-lue-appelle-a-davantage-de-protection-des-enfants-en-ligne\/#primaryimage"},"thumbnailUrl":"https:\/\/vieassociative.be\/actualites\/wp-content\/uploads\/2025\/03\/Faction-vivante-dans-le-PDG-pour-lage-legal-minimum-de.jpeg","datePublished":"2025-11-27T08:18:18+00:00","dateModified":"2025-11-27T08:18:18+00:00","breadcrumb":{"@id":"https:\/\/vieassociative.be\/actualites\/internet-uniquement-a-partir-de-16-ans-et-pas-de-publicite-ciblee-sur-les-mineurs-lue-appelle-a-davantage-de-protection-des-enfants-en-ligne\/#breadcrumb"},"inLanguage":"fr-BE","potentialAction":[{"@type":"ReadAction","target":["https:\/\/vieassociative.be\/actualites\/internet-uniquement-a-partir-de-16-ans-et-pas-de-publicite-ciblee-sur-les-mineurs-lue-appelle-a-davantage-de-protection-des-enfants-en-ligne\/"]}]},{"@type":"ImageObject","inLanguage":"fr-BE","@id":"https:\/\/vieassociative.be\/actualites\/internet-uniquement-a-partir-de-16-ans-et-pas-de-publicite-ciblee-sur-les-mineurs-lue-appelle-a-davantage-de-protection-des-enfants-en-ligne\/#primaryimage","url":"https:\/\/vieassociative.be\/actualites\/wp-content\/uploads\/2025\/03\/Faction-vivante-dans-le-PDG-pour-lage-legal-minimum-de.jpeg","contentUrl":"https:\/\/vieassociative.be\/actualites\/wp-content\/uploads\/2025\/03\/Faction-vivante-dans-le-PDG-pour-lage-legal-minimum-de.jpeg","width":1000,"height":667,"caption":"Faction vivante dans le PDG pour l'\u00e2ge l\u00e9gal minimum de 16 ans pour l'utilisation des m\u00e9dias sociaux"},{"@type":"BreadcrumbList","@id":"https:\/\/vieassociative.be\/actualites\/internet-uniquement-a-partir-de-16-ans-et-pas-de-publicite-ciblee-sur-les-mineurs-lue-appelle-a-davantage-de-protection-des-enfants-en-ligne\/#breadcrumb","itemListElement":[{"@type":"ListItem","position":1,"name":"Accueil","item":"https:\/\/vieassociative.be\/actualites\/"},{"@type":"ListItem","position":2,"name":"Internet uniquement \u00e0 partir de 16 ans et pas de publicit\u00e9 cibl\u00e9e sur les mineurs : l&rsquo;UE appelle \u00e0 davantage de protection des enfants en ligne"}]},{"@type":"WebSite","@id":"https:\/\/vieassociative.be\/actualites\/#website","url":"https:\/\/vieassociative.be\/actualites\/","name":"Vie Associative","description":"","publisher":{"@id":"https:\/\/vieassociative.be\/actualites\/#organization"},"potentialAction":[{"@type":"SearchAction","target":{"@type":"EntryPoint","urlTemplate":"https:\/\/vieassociative.be\/actualites\/?s={search_term_string}"},"query-input":{"@type":"PropertyValueSpecification","valueRequired":true,"valueName":"search_term_string"}}],"inLanguage":"fr-BE"},{"@type":"Organization","@id":"https:\/\/vieassociative.be\/actualites\/#organization","name":"Vie Associative","url":"https:\/\/vieassociative.be\/actualites\/","logo":{"@type":"ImageObject","inLanguage":"fr-BE","@id":"https:\/\/vieassociative.be\/actualites\/#\/schema\/logo\/image\/","url":"https:\/\/vieassociative.be\/actualites\/wp-content\/uploads\/2024\/09\/cropped-vieassociative_favicon.ico.png","contentUrl":"https:\/\/vieassociative.be\/actualites\/wp-content\/uploads\/2024\/09\/cropped-vieassociative_favicon.ico.png","width":512,"height":512,"caption":"Vie Associative"},"image":{"@id":"https:\/\/vieassociative.be\/actualites\/#\/schema\/logo\/image\/"}},{"@type":"Person","@id":"https:\/\/vieassociative.be\/actualites\/#\/schema\/person\/b87ac4f82f9d4e7b7cec7395b679edc4","name":"Julien","image":{"@type":"ImageObject","inLanguage":"fr-BE","@id":"https:\/\/vieassociative.be\/actualites\/#\/schema\/person\/image\/","url":"https:\/\/vieassociative.be\/actualites\/wp-content\/uploads\/2024\/09\/vie-associative-1-150x150.jpg","contentUrl":"https:\/\/vieassociative.be\/actualites\/wp-content\/uploads\/2024\/09\/vie-associative-1-150x150.jpg","caption":"Julien"},"description":"Je suis Julien, r\u00e9dacteur pour Vie Associative. Passionn\u00e9 par le monde associatif depuis plus de 10 ans, j'ai \u00e0 c\u0153ur de partager des histoires inspirantes et de mettre en lumi\u00e8re les initiatives locales. Mon objectif est de sensibiliser et d'encourager l'engagement communautaire \u00e0 travers mes articles.","sameAs":["https:\/\/vieassociative.be\/"]}]}},"_links":{"self":[{"href":"https:\/\/vieassociative.be\/actualites\/wp-json\/wp\/v2\/posts\/11569"}],"collection":[{"href":"https:\/\/vieassociative.be\/actualites\/wp-json\/wp\/v2\/posts"}],"about":[{"href":"https:\/\/vieassociative.be\/actualites\/wp-json\/wp\/v2\/types\/post"}],"author":[{"embeddable":true,"href":"https:\/\/vieassociative.be\/actualites\/wp-json\/wp\/v2\/users\/1"}],"replies":[{"embeddable":true,"href":"https:\/\/vieassociative.be\/actualites\/wp-json\/wp\/v2\/comments?post=11569"}],"version-history":[{"count":0,"href":"https:\/\/vieassociative.be\/actualites\/wp-json\/wp\/v2\/posts\/11569\/revisions"}],"wp:featuredmedia":[{"embeddable":true,"href":"https:\/\/vieassociative.be\/actualites\/wp-json\/wp\/v2\/media\/5951"}],"wp:attachment":[{"href":"https:\/\/vieassociative.be\/actualites\/wp-json\/wp\/v2\/media?parent=11569"}],"wp:term":[{"taxonomy":"category","embeddable":true,"href":"https:\/\/vieassociative.be\/actualites\/wp-json\/wp\/v2\/categories?post=11569"},{"taxonomy":"post_tag","embeddable":true,"href":"https:\/\/vieassociative.be\/actualites\/wp-json\/wp\/v2\/tags?post=11569"}],"curies":[{"name":"wp","href":"https:\/\/api.w.org\/{rel}","templated":true}]}}