{"id":11565,"date":"2025-11-27T03:17:43","date_gmt":"2025-11-27T02:17:43","guid":{"rendered":"https:\/\/vieassociative.be\/actualites\/bruges-decoit-a-lisbonne-le-fc-bayern-subit-sa-premiere-defaite-a-arsenal-londres\/"},"modified":"2025-11-27T03:17:43","modified_gmt":"2025-11-27T02:17:43","slug":"bruges-decoit-a-lisbonne-le-fc-bayern-subit-sa-premiere-defaite-a-arsenal-londres","status":"publish","type":"post","link":"https:\/\/vieassociative.be\/actualites\/bruges-decoit-a-lisbonne-le-fc-bayern-subit-sa-premiere-defaite-a-arsenal-londres\/","title":{"rendered":"Bruges d\u00e9\u00e7oit \u00e0 Lisbonne \u2013 Le FC Bayern subit sa premi\u00e8re d\u00e9faite \u00e0 Arsenal Londres"},"content":{"rendered":"<p><strong>Contrairement \u00e0 l&rsquo;Union Saint-Gilloise, championne, qui s&rsquo;est impos\u00e9e mardi \u00e0 Galatasaray Istanbul, le FC Bruges a d\u00e9\u00e7u mercredi. Le vice-champion belge s&rsquo;est inclin\u00e9 3-0 au Sporting Lisbonne. Dans le grand match de cette cinqui\u00e8me journ\u00e9e, Arsenal Londres a battu le FC Bayern 3-1.<\/strong><\/p>\n<p><span id=\"more-430491\"><\/span>Apr\u00e8s la victoire de l&rsquo;Union contre Galatasaray, le Club de Bruges esp\u00e9rait obtenir le m\u00eame r\u00e9sultat \u00e0 Lisbonne, mais a \u00e9t\u00e9 lourdement battu 3-0 par le Sporting Lisbonne. L&rsquo;\u00e9quipe de Bruges a r\u00e9alis\u00e9 un bon d\u00e9but de match, mais a ensuite \u00e9t\u00e9 surprise par une contre-attaque. Jackers bloquait une frappe de Catamo, mais Quenda \u00e9tait l\u00e0 et tirait le ballon au fond des filets (1-0, 24e).<\/p>\n<\/p>\n<div id=\"attachment_430497\" class=\"wp-caption alignleft\" style=\"max-width: 300px\"><img fetchpriority=\"high\" decoding=\"async\" class=\"wp-image-430497 size-medium\" src=\"https:\/\/vieassociative.be\/actualites\/wp-content\/uploads\/2025\/11\/Bruges-decoit-a-Lisbonne-\u2013-Le-FC-Bayern-subit-sa.jpg\" alt=\"\" width=\"300\" height=\"200\"><\/div>\n<p>Quelques minutes plus tard, l&rsquo;\u00e9quipe de Lisbonne accroissait son avance. Apr\u00e8s une mauvaise t\u00eate de Seys, Catamo a adress\u00e9 une passe en profondeur \u00e0 Suarez, qui a facilement battu les Jackers en face-\u00e0-face (2-0, 31e). Peu de temps apr\u00e8s, Trincao aurait pu marquer le troisi\u00e8me but des Portugais, mais son tir est pass\u00e9 juste au-dessus du but brugeois.<\/p>\n<p>En seconde p\u00e9riode, Bruges tentait de r\u00e9duire l&rsquo;\u00e9cart, mais c&rsquo;\u00e9tait le Sporting qui se montrait le plus dangereux. Quatre minutes apr\u00e8s la reprise, Suarez a touch\u00e9 le poteau des Jackers.<br \/>\nMais ce n&rsquo;\u00e9tait qu&rsquo;une interruption passag\u00e8re pour les Portugais, qui \u00e9galisaient vingt minutes avant la fin gr\u00e2ce \u00e0 Trincao (3-0, 70e).<\/p>\n<p>Au classement, l&rsquo;Union Saint-Gilloise et Bruges ne figurent pas dans le top 24. Cependant, les deux clubs ont encore de r\u00e9elles chances d&rsquo;atteindre les barrages pour les huiti\u00e8mes de finale : l&rsquo;Union Saint-Gilloise est \u00e0 la 25\u00e8me place, le FC Bruges est \u00e0 la 26\u00e8me place. (cr\u00e9er)<\/p>\n<h3>Arsenal remporte le meilleur match contre le Bayern<\/h3>\n<p>Le match phare de la soir\u00e9e entre Arsenal et le Bayern Munich s&rsquo;est termin\u00e9 en faveur de l&rsquo;\u00e9quipe anglaise. Les Gunners prenaient l&rsquo;avantage gr\u00e2ce \u00e0 Timber sur corner, mais la jeune star bavaroise Karl \u00e9galisait dix minutes plus tard.<\/p>\n<p>En seconde p\u00e9riode, Arsenal a pris une avance m\u00e9rit\u00e9e gr\u00e2ce \u00e0 Madueke, tandis que Martinelli a port\u00e9 le score final 3-1 \u00e0 un quart d&rsquo;heure de la fin. Arsenal reste invaincu \u00e0 ce stade de la Ligue des champions, tandis que le Bayern subit sa premi\u00e8re d\u00e9faite.<\/p>\n<h3>Liverpool d\u00e9marre : d\u00e9faite \u00e0 domicile contre le PSV<\/h3>\n<p>Le PSV Eindhoven a plong\u00e9 le Liverpool FC encore plus profond\u00e9ment dans la crise avec une victoire prestigieuse \u00e0 Anfield (1:4). Les N\u00e9erlandais prenaient l&rsquo;avantage apr\u00e8s seulement 6 minutes gr\u00e2ce \u00e0 un penalty de Perisic. Szoboszlai \u00e9galisait pour les Reds dix minutes plus tard, mais Til remettait le PSV en t\u00eate apr\u00e8s la pause. En fin de match, Driouech inscrit un doubl\u00e9 pour assurer la victoire des N\u00e9erlandais.<\/p>\n<p><em><strong>Sur le sujet, voir aussi l&rsquo;article suivant sur l&rsquo;OD :<\/strong><\/em><\/p>\n<div class=\"responsive-embed widescreen\">\n<blockquote class=\"wp-embedded-content\" data-secret=\"bcXNZKj3cR\">\n<p>Performance mature de l&rsquo;Union Saint-Gilloise \u2013 les champions nationaux s&rsquo;imposent 1-0 dans le chaudron d&rsquo;Istanbul<\/p>\n<\/blockquote>\n<p><iframe loading=\"lazy\" class=\"wp-embedded-content\" sandbox=\"allow-scripts\" security=\"restricted\" style=\"position: absolute; visibility: hidden;\" title=\"\u201eReife Leistung von Union Saint-Gilloise \u2013 Landesmeister gewinnt 1:0 im Hexenkessel von Istanbul\u201c \u2013 Ostbelgien Direkt\" src=\"https:\/\/ostbelgiendirekt.be\/about:blank\" data-secret=\"bcXNZKj3cR\" width=\"500\" height=\"282\" frameborder=\"0\" marginwidth=\"0\" marginheight=\"0\" scrolling=\"no\" data-rocket-lazyload=\"fitvidscompatible\" data-lazy-src=\"https:\/\/ostbelgiendirekt.be\/union-in-istanbul-430427\/embed#?secret=vS3MDrb43C#?secret=bcXNZKj3cR\"><\/iframe><noscript><iframe class=\"wp-embedded-content\" sandbox=\"allow-scripts\" security=\"restricted\" style=\"position: absolute; visibility: hidden;\" title=\"\u201eReife Leistung von Union Saint-Gilloise \u2013 Landesmeister gewinnt 1:0 im Hexenkessel von Istanbul\u201c \u2013 Ostbelgien Direkt\" src=\"https:\/\/ostbelgiendirekt.be\/union-in-istanbul-430427\/embed#?secret=vS3MDrb43C#?secret=bcXNZKj3cR\" data-secret=\"bcXNZKj3cR\" width=\"500\" height=\"282\" frameborder=\"0\" marginwidth=\"0\" marginheight=\"0\" scrolling=\"no\"><\/iframe><\/noscript><\/p>\n<\/div>\n","protected":false},"excerpt":{"rendered":"<p>Contrairement \u00e0 l&rsquo;Union Saint-Gilloise, championne, qui s&rsquo;est impos\u00e9e mardi \u00e0 Galatasaray Istanbul, le FC Bruges a d\u00e9\u00e7u mercredi. Le vice-champion belge s&rsquo;est inclin\u00e9 3-0 au<\/p>\n","protected":false},"author":1,"featured_media":11566,"comment_status":"","ping_status":"","sticky":false,"template":"","format":"standard","meta":{"footnotes":""},"categories":[298],"tags":[6268,2298,2851,2684,2350,3933,9377,610,4025],"class_list":["post-11565","post","type-post","status-publish","format-standard","has-post-thumbnail","hentry","category-belgique","tag-arsenal","tag-bayern","tag-bruges","tag-decoit","tag-defaite","tag-lisbonne","tag-londres","tag-premiere","tag-subit","generate-columns","tablet-grid-50","mobile-grid-100","grid-parent","grid-33"],"yoast_head":"<!-- This site is optimized with the Yoast SEO plugin v24.0 - https:\/\/yoast.com\/wordpress\/plugins\/seo\/ -->\n<title>Bruges d\u00e9\u00e7oit \u00e0 Lisbonne \u2013 Le FC Bayern subit sa premi\u00e8re d\u00e9faite \u00e0 Arsenal Londres | Vie Associative<\/title>\n<meta name=\"robots\" content=\"index, follow, max-snippet:-1, max-image-preview:large, max-video-preview:-1\" \/>\n<link rel=\"canonical\" href=\"https:\/\/vieassociative.be\/actualites\/bruges-decoit-a-lisbonne-le-fc-bayern-subit-sa-premiere-defaite-a-arsenal-londres\/\" \/>\n<meta property=\"og:locale\" content=\"fr_FR\" \/>\n<meta property=\"og:type\" content=\"article\" \/>\n<meta property=\"og:title\" content=\"Bruges d\u00e9\u00e7oit \u00e0 Lisbonne \u2013 Le FC Bayern subit sa premi\u00e8re d\u00e9faite \u00e0 Arsenal Londres | Vie Associative\" \/>\n<meta property=\"og:description\" content=\"Contrairement \u00e0 l&rsquo;Union Saint-Gilloise, championne, qui s&rsquo;est impos\u00e9e mardi \u00e0 Galatasaray Istanbul, le FC Bruges a d\u00e9\u00e7u mercredi. Le vice-champion belge s&rsquo;est inclin\u00e9 3-0 au\" \/>\n<meta property=\"og:url\" content=\"https:\/\/vieassociative.be\/actualites\/bruges-decoit-a-lisbonne-le-fc-bayern-subit-sa-premiere-defaite-a-arsenal-londres\/\" \/>\n<meta property=\"og:site_name\" content=\"Vie Associative\" \/>\n<meta property=\"article:published_time\" content=\"2025-11-27T02:17:43+00:00\" \/>\n<meta property=\"og:image\" content=\"https:\/\/vieassociative.be\/actualites\/wp-content\/uploads\/2024\/09\/header_backgroundk-01-e1726694325946.png\" \/>\n\t<meta property=\"og:image:width\" content=\"279\" \/>\n\t<meta property=\"og:image:height\" content=\"92\" \/>\n\t<meta property=\"og:image:type\" content=\"image\/png\" \/>\n<meta name=\"author\" content=\"Julien\" \/>\n<meta name=\"twitter:card\" content=\"summary_large_image\" \/>\n<meta name=\"twitter:label1\" content=\"\u00c9crit par\" \/>\n\t<meta name=\"twitter:data1\" content=\"Julien\" \/>\n\t<meta name=\"twitter:label2\" content=\"Dur\u00e9e de lecture est.\" \/>\n\t<meta name=\"twitter:data2\" content=\"2 minutes\" \/>\n<script type=\"application\/ld+json\" class=\"yoast-schema-graph\">{\"@context\":\"https:\/\/schema.org\",\"@graph\":[{\"@type\":\"Article\",\"@id\":\"https:\/\/vieassociative.be\/actualites\/bruges-decoit-a-lisbonne-le-fc-bayern-subit-sa-premiere-defaite-a-arsenal-londres\/#article\",\"isPartOf\":{\"@id\":\"https:\/\/vieassociative.be\/actualites\/bruges-decoit-a-lisbonne-le-fc-bayern-subit-sa-premiere-defaite-a-arsenal-londres\/\"},\"author\":{\"name\":\"Julien\",\"@id\":\"https:\/\/vieassociative.be\/actualites\/#\/schema\/person\/b87ac4f82f9d4e7b7cec7395b679edc4\"},\"headline\":\"Bruges d\u00e9\u00e7oit \u00e0 Lisbonne \u2013 Le FC Bayern subit sa premi\u00e8re d\u00e9faite \u00e0 Arsenal Londres\",\"datePublished\":\"2025-11-27T02:17:43+00:00\",\"dateModified\":\"2025-11-27T02:17:43+00:00\",\"mainEntityOfPage\":{\"@id\":\"https:\/\/vieassociative.be\/actualites\/bruges-decoit-a-lisbonne-le-fc-bayern-subit-sa-premiere-defaite-a-arsenal-londres\/\"},\"wordCount\":518,\"publisher\":{\"@id\":\"https:\/\/vieassociative.be\/actualites\/#organization\"},\"image\":{\"@id\":\"https:\/\/vieassociative.be\/actualites\/bruges-decoit-a-lisbonne-le-fc-bayern-subit-sa-premiere-defaite-a-arsenal-londres\/#primaryimage\"},\"thumbnailUrl\":\"https:\/\/vieassociative.be\/actualites\/wp-content\/uploads\/2025\/11\/1764209864_Bruges-decoit-a-Lisbonne-\u2013-Le-FC-Bayern-subit-sa.jpg\",\"keywords\":[\"Arsenal\",\"Bayern\",\"Bruges\",\"d\u00e9\u00e7oit\",\"D\u00e9faite\",\"Lisbonne\",\"Londres\",\"premi\u00e8re\",\"subit\"],\"articleSection\":[\"Belgique\"],\"inLanguage\":\"fr-BE\"},{\"@type\":\"WebPage\",\"@id\":\"https:\/\/vieassociative.be\/actualites\/bruges-decoit-a-lisbonne-le-fc-bayern-subit-sa-premiere-defaite-a-arsenal-londres\/\",\"url\":\"https:\/\/vieassociative.be\/actualites\/bruges-decoit-a-lisbonne-le-fc-bayern-subit-sa-premiere-defaite-a-arsenal-londres\/\",\"name\":\"Bruges d\u00e9\u00e7oit \u00e0 Lisbonne \u2013 Le FC Bayern subit sa premi\u00e8re d\u00e9faite \u00e0 Arsenal Londres | Vie Associative\",\"isPartOf\":{\"@id\":\"https:\/\/vieassociative.be\/actualites\/#website\"},\"primaryImageOfPage\":{\"@id\":\"https:\/\/vieassociative.be\/actualites\/bruges-decoit-a-lisbonne-le-fc-bayern-subit-sa-premiere-defaite-a-arsenal-londres\/#primaryimage\"},\"image\":{\"@id\":\"https:\/\/vieassociative.be\/actualites\/bruges-decoit-a-lisbonne-le-fc-bayern-subit-sa-premiere-defaite-a-arsenal-londres\/#primaryimage\"},\"thumbnailUrl\":\"https:\/\/vieassociative.be\/actualites\/wp-content\/uploads\/2025\/11\/1764209864_Bruges-decoit-a-Lisbonne-\u2013-Le-FC-Bayern-subit-sa.jpg\",\"datePublished\":\"2025-11-27T02:17:43+00:00\",\"dateModified\":\"2025-11-27T02:17:43+00:00\",\"breadcrumb\":{\"@id\":\"https:\/\/vieassociative.be\/actualites\/bruges-decoit-a-lisbonne-le-fc-bayern-subit-sa-premiere-defaite-a-arsenal-londres\/#breadcrumb\"},\"inLanguage\":\"fr-BE\",\"potentialAction\":[{\"@type\":\"ReadAction\",\"target\":[\"https:\/\/vieassociative.be\/actualites\/bruges-decoit-a-lisbonne-le-fc-bayern-subit-sa-premiere-defaite-a-arsenal-londres\/\"]}]},{\"@type\":\"ImageObject\",\"inLanguage\":\"fr-BE\",\"@id\":\"https:\/\/vieassociative.be\/actualites\/bruges-decoit-a-lisbonne-le-fc-bayern-subit-sa-premiere-defaite-a-arsenal-londres\/#primaryimage\",\"url\":\"https:\/\/vieassociative.be\/actualites\/wp-content\/uploads\/2025\/11\/1764209864_Bruges-decoit-a-Lisbonne-\u2013-Le-FC-Bayern-subit-sa.jpg\",\"contentUrl\":\"https:\/\/vieassociative.be\/actualites\/wp-content\/uploads\/2025\/11\/1764209864_Bruges-decoit-a-Lisbonne-\u2013-Le-FC-Bayern-subit-sa.jpg\",\"width\":1200,\"height\":800,\"caption\":\"Bruges d\u00e9\u00e7oit \u00e0 Lisbonne \u2013 Le FC Bayern subit sa premi\u00e8re d\u00e9faite \u00e0 Arsenal Londres\"},{\"@type\":\"BreadcrumbList\",\"@id\":\"https:\/\/vieassociative.be\/actualites\/bruges-decoit-a-lisbonne-le-fc-bayern-subit-sa-premiere-defaite-a-arsenal-londres\/#breadcrumb\",\"itemListElement\":[{\"@type\":\"ListItem\",\"position\":1,\"name\":\"Accueil\",\"item\":\"https:\/\/vieassociative.be\/actualites\/\"},{\"@type\":\"ListItem\",\"position\":2,\"name\":\"Bruges d\u00e9\u00e7oit \u00e0 Lisbonne \u2013 Le FC Bayern subit sa premi\u00e8re d\u00e9faite \u00e0 Arsenal Londres\"}]},{\"@type\":\"WebSite\",\"@id\":\"https:\/\/vieassociative.be\/actualites\/#website\",\"url\":\"https:\/\/vieassociative.be\/actualites\/\",\"name\":\"Vie Associative\",\"description\":\"\",\"publisher\":{\"@id\":\"https:\/\/vieassociative.be\/actualites\/#organization\"},\"potentialAction\":[{\"@type\":\"SearchAction\",\"target\":{\"@type\":\"EntryPoint\",\"urlTemplate\":\"https:\/\/vieassociative.be\/actualites\/?s={search_term_string}\"},\"query-input\":{\"@type\":\"PropertyValueSpecification\",\"valueRequired\":true,\"valueName\":\"search_term_string\"}}],\"inLanguage\":\"fr-BE\"},{\"@type\":\"Organization\",\"@id\":\"https:\/\/vieassociative.be\/actualites\/#organization\",\"name\":\"Vie Associative\",\"url\":\"https:\/\/vieassociative.be\/actualites\/\",\"logo\":{\"@type\":\"ImageObject\",\"inLanguage\":\"fr-BE\",\"@id\":\"https:\/\/vieassociative.be\/actualites\/#\/schema\/logo\/image\/\",\"url\":\"https:\/\/vieassociative.be\/actualites\/wp-content\/uploads\/2024\/09\/cropped-vieassociative_favicon.ico.png\",\"contentUrl\":\"https:\/\/vieassociative.be\/actualites\/wp-content\/uploads\/2024\/09\/cropped-vieassociative_favicon.ico.png\",\"width\":512,\"height\":512,\"caption\":\"Vie Associative\"},\"image\":{\"@id\":\"https:\/\/vieassociative.be\/actualites\/#\/schema\/logo\/image\/\"}},{\"@type\":\"Person\",\"@id\":\"https:\/\/vieassociative.be\/actualites\/#\/schema\/person\/b87ac4f82f9d4e7b7cec7395b679edc4\",\"name\":\"Julien\",\"image\":{\"@type\":\"ImageObject\",\"inLanguage\":\"fr-BE\",\"@id\":\"https:\/\/vieassociative.be\/actualites\/#\/schema\/person\/image\/\",\"url\":\"https:\/\/vieassociative.be\/actualites\/wp-content\/uploads\/2024\/09\/vie-associative-1-150x150.jpg\",\"contentUrl\":\"https:\/\/vieassociative.be\/actualites\/wp-content\/uploads\/2024\/09\/vie-associative-1-150x150.jpg\",\"caption\":\"Julien\"},\"description\":\"Je suis Julien, r\u00e9dacteur pour Vie Associative. Passionn\u00e9 par le monde associatif depuis plus de 10 ans, j'ai \u00e0 c\u0153ur de partager des histoires inspirantes et de mettre en lumi\u00e8re les initiatives locales. Mon objectif est de sensibiliser et d'encourager l'engagement communautaire \u00e0 travers mes articles.\",\"sameAs\":[\"https:\/\/vieassociative.be\/\"]}]}<\/script>\n<!-- \/ Yoast SEO plugin. -->","yoast_head_json":{"title":"Bruges d\u00e9\u00e7oit \u00e0 Lisbonne \u2013 Le FC Bayern subit sa premi\u00e8re d\u00e9faite \u00e0 Arsenal Londres | Vie Associative","robots":{"index":"index","follow":"follow","max-snippet":"max-snippet:-1","max-image-preview":"max-image-preview:large","max-video-preview":"max-video-preview:-1"},"canonical":"https:\/\/vieassociative.be\/actualites\/bruges-decoit-a-lisbonne-le-fc-bayern-subit-sa-premiere-defaite-a-arsenal-londres\/","og_locale":"fr_FR","og_type":"article","og_title":"Bruges d\u00e9\u00e7oit \u00e0 Lisbonne \u2013 Le FC Bayern subit sa premi\u00e8re d\u00e9faite \u00e0 Arsenal Londres | Vie Associative","og_description":"Contrairement \u00e0 l&rsquo;Union Saint-Gilloise, championne, qui s&rsquo;est impos\u00e9e mardi \u00e0 Galatasaray Istanbul, le FC Bruges a d\u00e9\u00e7u mercredi. Le vice-champion belge s&rsquo;est inclin\u00e9 3-0 au","og_url":"https:\/\/vieassociative.be\/actualites\/bruges-decoit-a-lisbonne-le-fc-bayern-subit-sa-premiere-defaite-a-arsenal-londres\/","og_site_name":"Vie Associative","article_published_time":"2025-11-27T02:17:43+00:00","og_image":[{"width":279,"height":92,"url":"https:\/\/vieassociative.be\/actualites\/wp-content\/uploads\/2024\/09\/header_backgroundk-01-e1726694325946.png","type":"image\/png"}],"author":"Julien","twitter_card":"summary_large_image","twitter_misc":{"\u00c9crit par":"Julien","Dur\u00e9e de lecture est.":"2 minutes"},"schema":{"@context":"https:\/\/schema.org","@graph":[{"@type":"Article","@id":"https:\/\/vieassociative.be\/actualites\/bruges-decoit-a-lisbonne-le-fc-bayern-subit-sa-premiere-defaite-a-arsenal-londres\/#article","isPartOf":{"@id":"https:\/\/vieassociative.be\/actualites\/bruges-decoit-a-lisbonne-le-fc-bayern-subit-sa-premiere-defaite-a-arsenal-londres\/"},"author":{"name":"Julien","@id":"https:\/\/vieassociative.be\/actualites\/#\/schema\/person\/b87ac4f82f9d4e7b7cec7395b679edc4"},"headline":"Bruges d\u00e9\u00e7oit \u00e0 Lisbonne \u2013 Le FC Bayern subit sa premi\u00e8re d\u00e9faite \u00e0 Arsenal Londres","datePublished":"2025-11-27T02:17:43+00:00","dateModified":"2025-11-27T02:17:43+00:00","mainEntityOfPage":{"@id":"https:\/\/vieassociative.be\/actualites\/bruges-decoit-a-lisbonne-le-fc-bayern-subit-sa-premiere-defaite-a-arsenal-londres\/"},"wordCount":518,"publisher":{"@id":"https:\/\/vieassociative.be\/actualites\/#organization"},"image":{"@id":"https:\/\/vieassociative.be\/actualites\/bruges-decoit-a-lisbonne-le-fc-bayern-subit-sa-premiere-defaite-a-arsenal-londres\/#primaryimage"},"thumbnailUrl":"https:\/\/vieassociative.be\/actualites\/wp-content\/uploads\/2025\/11\/1764209864_Bruges-decoit-a-Lisbonne-\u2013-Le-FC-Bayern-subit-sa.jpg","keywords":["Arsenal","Bayern","Bruges","d\u00e9\u00e7oit","D\u00e9faite","Lisbonne","Londres","premi\u00e8re","subit"],"articleSection":["Belgique"],"inLanguage":"fr-BE"},{"@type":"WebPage","@id":"https:\/\/vieassociative.be\/actualites\/bruges-decoit-a-lisbonne-le-fc-bayern-subit-sa-premiere-defaite-a-arsenal-londres\/","url":"https:\/\/vieassociative.be\/actualites\/bruges-decoit-a-lisbonne-le-fc-bayern-subit-sa-premiere-defaite-a-arsenal-londres\/","name":"Bruges d\u00e9\u00e7oit \u00e0 Lisbonne \u2013 Le FC Bayern subit sa premi\u00e8re d\u00e9faite \u00e0 Arsenal Londres | Vie Associative","isPartOf":{"@id":"https:\/\/vieassociative.be\/actualites\/#website"},"primaryImageOfPage":{"@id":"https:\/\/vieassociative.be\/actualites\/bruges-decoit-a-lisbonne-le-fc-bayern-subit-sa-premiere-defaite-a-arsenal-londres\/#primaryimage"},"image":{"@id":"https:\/\/vieassociative.be\/actualites\/bruges-decoit-a-lisbonne-le-fc-bayern-subit-sa-premiere-defaite-a-arsenal-londres\/#primaryimage"},"thumbnailUrl":"https:\/\/vieassociative.be\/actualites\/wp-content\/uploads\/2025\/11\/1764209864_Bruges-decoit-a-Lisbonne-\u2013-Le-FC-Bayern-subit-sa.jpg","datePublished":"2025-11-27T02:17:43+00:00","dateModified":"2025-11-27T02:17:43+00:00","breadcrumb":{"@id":"https:\/\/vieassociative.be\/actualites\/bruges-decoit-a-lisbonne-le-fc-bayern-subit-sa-premiere-defaite-a-arsenal-londres\/#breadcrumb"},"inLanguage":"fr-BE","potentialAction":[{"@type":"ReadAction","target":["https:\/\/vieassociative.be\/actualites\/bruges-decoit-a-lisbonne-le-fc-bayern-subit-sa-premiere-defaite-a-arsenal-londres\/"]}]},{"@type":"ImageObject","inLanguage":"fr-BE","@id":"https:\/\/vieassociative.be\/actualites\/bruges-decoit-a-lisbonne-le-fc-bayern-subit-sa-premiere-defaite-a-arsenal-londres\/#primaryimage","url":"https:\/\/vieassociative.be\/actualites\/wp-content\/uploads\/2025\/11\/1764209864_Bruges-decoit-a-Lisbonne-\u2013-Le-FC-Bayern-subit-sa.jpg","contentUrl":"https:\/\/vieassociative.be\/actualites\/wp-content\/uploads\/2025\/11\/1764209864_Bruges-decoit-a-Lisbonne-\u2013-Le-FC-Bayern-subit-sa.jpg","width":1200,"height":800,"caption":"Bruges d\u00e9\u00e7oit \u00e0 Lisbonne \u2013 Le FC Bayern subit sa premi\u00e8re d\u00e9faite \u00e0 Arsenal Londres"},{"@type":"BreadcrumbList","@id":"https:\/\/vieassociative.be\/actualites\/bruges-decoit-a-lisbonne-le-fc-bayern-subit-sa-premiere-defaite-a-arsenal-londres\/#breadcrumb","itemListElement":[{"@type":"ListItem","position":1,"name":"Accueil","item":"https:\/\/vieassociative.be\/actualites\/"},{"@type":"ListItem","position":2,"name":"Bruges d\u00e9\u00e7oit \u00e0 Lisbonne \u2013 Le FC Bayern subit sa premi\u00e8re d\u00e9faite \u00e0 Arsenal Londres"}]},{"@type":"WebSite","@id":"https:\/\/vieassociative.be\/actualites\/#website","url":"https:\/\/vieassociative.be\/actualites\/","name":"Vie Associative","description":"","publisher":{"@id":"https:\/\/vieassociative.be\/actualites\/#organization"},"potentialAction":[{"@type":"SearchAction","target":{"@type":"EntryPoint","urlTemplate":"https:\/\/vieassociative.be\/actualites\/?s={search_term_string}"},"query-input":{"@type":"PropertyValueSpecification","valueRequired":true,"valueName":"search_term_string"}}],"inLanguage":"fr-BE"},{"@type":"Organization","@id":"https:\/\/vieassociative.be\/actualites\/#organization","name":"Vie Associative","url":"https:\/\/vieassociative.be\/actualites\/","logo":{"@type":"ImageObject","inLanguage":"fr-BE","@id":"https:\/\/vieassociative.be\/actualites\/#\/schema\/logo\/image\/","url":"https:\/\/vieassociative.be\/actualites\/wp-content\/uploads\/2024\/09\/cropped-vieassociative_favicon.ico.png","contentUrl":"https:\/\/vieassociative.be\/actualites\/wp-content\/uploads\/2024\/09\/cropped-vieassociative_favicon.ico.png","width":512,"height":512,"caption":"Vie Associative"},"image":{"@id":"https:\/\/vieassociative.be\/actualites\/#\/schema\/logo\/image\/"}},{"@type":"Person","@id":"https:\/\/vieassociative.be\/actualites\/#\/schema\/person\/b87ac4f82f9d4e7b7cec7395b679edc4","name":"Julien","image":{"@type":"ImageObject","inLanguage":"fr-BE","@id":"https:\/\/vieassociative.be\/actualites\/#\/schema\/person\/image\/","url":"https:\/\/vieassociative.be\/actualites\/wp-content\/uploads\/2024\/09\/vie-associative-1-150x150.jpg","contentUrl":"https:\/\/vieassociative.be\/actualites\/wp-content\/uploads\/2024\/09\/vie-associative-1-150x150.jpg","caption":"Julien"},"description":"Je suis Julien, r\u00e9dacteur pour Vie Associative. Passionn\u00e9 par le monde associatif depuis plus de 10 ans, j'ai \u00e0 c\u0153ur de partager des histoires inspirantes et de mettre en lumi\u00e8re les initiatives locales. Mon objectif est de sensibiliser et d'encourager l'engagement communautaire \u00e0 travers mes articles.","sameAs":["https:\/\/vieassociative.be\/"]}]}},"_links":{"self":[{"href":"https:\/\/vieassociative.be\/actualites\/wp-json\/wp\/v2\/posts\/11565"}],"collection":[{"href":"https:\/\/vieassociative.be\/actualites\/wp-json\/wp\/v2\/posts"}],"about":[{"href":"https:\/\/vieassociative.be\/actualites\/wp-json\/wp\/v2\/types\/post"}],"author":[{"embeddable":true,"href":"https:\/\/vieassociative.be\/actualites\/wp-json\/wp\/v2\/users\/1"}],"replies":[{"embeddable":true,"href":"https:\/\/vieassociative.be\/actualites\/wp-json\/wp\/v2\/comments?post=11565"}],"version-history":[{"count":0,"href":"https:\/\/vieassociative.be\/actualites\/wp-json\/wp\/v2\/posts\/11565\/revisions"}],"wp:featuredmedia":[{"embeddable":true,"href":"https:\/\/vieassociative.be\/actualites\/wp-json\/wp\/v2\/media\/11566"}],"wp:attachment":[{"href":"https:\/\/vieassociative.be\/actualites\/wp-json\/wp\/v2\/media?parent=11565"}],"wp:term":[{"taxonomy":"category","embeddable":true,"href":"https:\/\/vieassociative.be\/actualites\/wp-json\/wp\/v2\/categories?post=11565"},{"taxonomy":"post_tag","embeddable":true,"href":"https:\/\/vieassociative.be\/actualites\/wp-json\/wp\/v2\/tags?post=11565"}],"curies":[{"name":"wp","href":"https:\/\/api.w.org\/{rel}","templated":true}]}}