{"id":11554,"date":"2025-11-26T19:17:31","date_gmt":"2025-11-26T18:17:31","guid":{"rendered":"https:\/\/vieassociative.be\/actualites\/voici-ce-que-je-recommanderais-lors-de-la-vente-du-black-friday-de-home-depot-sur-les-outils-sans-fil\/"},"modified":"2025-11-26T19:17:31","modified_gmt":"2025-11-26T18:17:31","slug":"voici-ce-que-je-recommanderais-lors-de-la-vente-du-black-friday-de-home-depot-sur-les-outils-sans-fil","status":"publish","type":"post","link":"https:\/\/vieassociative.be\/actualites\/voici-ce-que-je-recommanderais-lors-de-la-vente-du-black-friday-de-home-depot-sur-les-outils-sans-fil\/","title":{"rendered":"Voici ce que je recommanderais lors de la vente du Black Friday de Home Depot sur les outils sans fil"},"content":{"rendered":"<div class=\"mt-4 leading-6 md:mb-8\">Offrez des outils \u00e9lectriques (ou achetez-en pour vous-m\u00eame) pendant la p\u00e9riode des f\u00eates.<\/div>\n<p><\/p>\n<p><em>Les ventes du Black Friday commencent officiellement le vendredi 28 novembre et se poursuivent jusqu&rsquo;au Cyber \u200b\u200bMonday, le 1er d\u00e9cembre, et Vie Associative partage les meilleures ventes bas\u00e9es sur des critiques de produits, des comparaisons et des outils de suivi des prix avant leur fin. <\/em><\/p>\n<ul>\n<li>\n<p><em>Suivez notre blog en direct<\/em><em>  pour rester au courant des meilleures ventes que nous trouvons.<\/em><\/p>\n<\/li>\n<li>\n<p><em>Parcourez les choix de nos r\u00e9dacteurs<\/em><em>  pour une liste organis\u00e9e de nos ventes pr\u00e9f\u00e9r\u00e9es sur les ordinateurs portables, les technologies de fitness, les appareils \u00e9lectrom\u00e9nagers et plus encore.<\/em><\/p>\n<\/li>\n<li>\n<p><em>Abonnez-vous \u00e0 notre newsletter shopping<\/em><em>Ajoutez au panier, pour les meilleures ventes envoy\u00e9es dans votre bo\u00eete de r\u00e9ception.<\/em><\/p>\n<\/li>\n<li>\n<p><em>Les ventes sont exactes au moment de la publication, mais les prix et les stocks sont toujours sujets \u00e0 changement. <\/em><\/p>\n<\/li>\n<\/ul>\n<hr>\n<p>Si vous recherchez des cadeaux pour votre bricoleur pr\u00e9f\u00e9r\u00e9 ou si vous souhaitez simplement profiter d&rsquo;offres pour votre propre ensemble d&rsquo;outils, c&rsquo;est le bon moment pour commencer \u00e0 chercher. J&rsquo;en profite g\u00e9n\u00e9ralement pour \u00e9largir ma collection de batteries d&rsquo;outils s&rsquo;il n&rsquo;y a pas de nouvel outil sans fil passionnant que je n&rsquo;ai pas encore essay\u00e9 \u00e0 cette p\u00e9riode de l&rsquo;ann\u00e9e, et c&rsquo;est ainsi que j&rsquo;ai conserv\u00e9 une collection tournante de batteries pour alimenter toutes mes aventures de menuiserie et de bricolage.<\/p>\n<h2 id=\"best-deals-on-cordless-drills-and-drivers\">Meilleures offres sur les perceuses et visseuses sans fil<\/h2>\n<p>Une perceuse et un tournevis de bonne qualit\u00e9 constituent la base de tout ensemble d&rsquo;outils de bricolage, car ils vous permettent d&rsquo;enfoncer des vis, des \u00e9crous et des boulons ainsi que de percer des trous. J&rsquo;utilise ma perceuse et ma visseuse tous les jours au travail, et fr\u00e9quemment sur mes projets personnels \u00e0 la maison, et en avoir une qui soit fiable, confortable \u00e0 utiliser et dot\u00e9e d&rsquo;une bonne autonomie de batterie est la cl\u00e9 pour faire avancer les choses efficacement. <\/p>\n<p>La perceuse sans fil Milwaukee 18 volts est en vente au prix de 99 $, soit 50 % de r\u00e9duction sur son prix r\u00e9gulier. Il est livr\u00e9 avec une batterie de 2 amp\u00e8res-heure, un chargeur et un sac \u00e0 outils, et c&rsquo;est un bon outil pour construire un nouveau kit sans fil ou pour remplacer une perceuse Milwaukee existante. \u00c9tant donn\u00e9 que les batteries sont souvent l\u2019\u00e9l\u00e9ment le plus cher d\u2019un ensemble d\u2019outils sans fil, un ensemble de qualit\u00e9 comprenant une batterie et un chargeur pour moins de 100 $ est une bonne affaire.<\/p>\n<p>L&rsquo;ensemble de tournevis \u00e0 percussion sans fil Milwaukee 18 volts d&rsquo;un quart de pouce est \u00e9galement en vente au prix de 99 $, soit 50 % de r\u00e9duction sur son prix habituel. Cet ensemble est livr\u00e9 avec une batterie de 2 amp\u00e8res-heure, un chargeur et un sac \u00e0 outils. C&rsquo;est un bon compagnon d&rsquo;une perceuse Milwaukee et un bon ajout \u00e0 un ensemble d&rsquo;outils qui utilise des batteries Milwaukee de 18 volts : il peut enfoncer les fixations avec plus de force qu&rsquo;une perceuse ordinaire et peut vous aider \u00e0 traverser plus facilement des mat\u00e9riaux plus r\u00e9sistants comme les 2&#215;4.<\/p>\n<p>La cl\u00e9 \u00e0 chocs sans fil Milwaukee 20 volts et le jeu de cliquets \u00e9lectriques sont en vente au prix de 269 $. 46% de rabais sur son prix r\u00e9gulier. Cet ensemble comprend une cl\u00e9 \u00e0 chocs \u00e0 mandrin de 1\/2 pouce, un cliquet aliment\u00e9 par mandrin de 3\/8 de pouce, une batterie de 5 amp\u00e8res-heure, un chargeur et un sac \u00e0 outils. Cet ensemble est id\u00e9al pour le bricolage automobile, car une cl\u00e9 \u00e0 chocs a un peu plus de puissance que votre cl\u00e9 \u00e0 chocs standard et le cliquet motoris\u00e9 vous donne un avantage par rapport \u00e0 la version outil manuel pour enfoncer les \u00e9crous et les boulons.<\/p>\n<div class=\"pogoClear mb-12 mt-10 rounded-md border-2 border-gray-100 py-7 shadow-xl md:py-6\">\n<div class=\"flex flex-wrap justify-between px-7 text-black no-underline md:flex-nowrap md:px-8\">\n<div class=\"order-1 mx-auto flex flex-col justify-center md:order-2 md:ml-4 md:w-full md:grow\">\n<div class=\"block cursor-pointer text-center font-akshar text-2xl font-medium leading-7 text-brand-green duration-200 ease-in-out hover:text-brand-green-700 md:text-left md:text-xl md:leading-6\">Kit combin\u00e9 de 2 outils sans fil au lithium-ion 20 V avec batterie et chargeur de 5,0 Ah\n                <\/div>\n<div class=\"mt-4 hidden md:flex md:justify-between\">\n<div class=\"self-end\">\n<div class=\"mb-0 h-11 md:flex md:flex-col md:justify-center\">\n<div class=\" font-sans leading-4 text-black\">\n<div class=\"flex flex-wrap items-center justify-center gap-1 md:justify-start\">\n        <span class=\"font-bold\"><\/p>\n<p>            269,00\u00a0$<br \/>\n                            <span class=\"font-medium\">chez Home D\u00e9p\u00f4t <\/span><br \/>\n                    <\/span>\n            <\/div>\n<div class=\"flex items-center justify-center gap-x-1 font-bold md:justify-start\">\n            <span class=\"text-sm line-through\">499,00\u00a0$<\/span><br \/>\n            <span class=\"text-sm text-brand-green\">\u00c9conomisez 230,00\u00a0$<\/span>\n        <\/div>\n<\/p><\/div>\n<\/p><\/div>\n<\/p><\/div>\n<div class=\"w-44 self-end\">\n                            <button class=\"flex justify-center items-center w-full bg-brand-green text-white text-base font-sans font-medium rounded-md hover:bg-brand-green-700 hover:cursor-pointer md:text-sm h-11\"><\/p>\n<p>    Obtenez une offre<br \/>\n<\/button>\n                        <\/div>\n<\/p><\/div>\n<\/p><\/div>\n<div class=\"order-2 mt-5 h-auto w-full md:order-1 md:mt-0 md:hidden\">\n<div class=\"flex aspect-video items-center justify-center\">\n                                            <img decoding=\"async\" class=\"m-0 max-h-full max-w-full rounded-md\" src=\"https:\/\/vieassociative.be\/actualites\/wp-content\/uploads\/2025\/11\/Voici-ce-que-je-recommanderais-lors-de-la-vente-du.png\" alt=\"Kit combin\u00e9 de 2 outils sans fil au lithium-ion 20 V avec batterie et chargeur de 5,0 Ah\" width=\"auto\" height=\"auto\" loading=\"lazy\">\n                                    <\/div>\n<\/p><\/div>\n<div class=\"order-2 ml-2 hidden w-32 shrink-0 items-center md:order-1 md:ml-0 md:flex\">\n<div class=\"flex aspect-video items-center justify-center\">\n                                            <img decoding=\"async\" class=\"m-0 max-h-full max-w-full rounded-md\" src=\"https:\/\/vieassociative.be\/actualites\/wp-content\/uploads\/2025\/11\/Voici-ce-que-je-recommanderais-lors-de-la-vente-du.png\" alt=\"Kit combin\u00e9 de 2 outils sans fil au lithium-ion 20 V avec batterie et chargeur de 5,0 Ah\" width=\"auto\" height=\"auto\" loading=\"lazy\">\n                                    <\/div>\n<\/p><\/div>\n<div class=\"order-3 flex grow flex-wrap md:hidden md:grow-0\">\n<div class=\"mt-4 w-full\">\n                        <button class=\"flex justify-center items-center w-full bg-brand-green text-white text-base font-sans font-medium rounded-md hover:bg-brand-green-700 hover:cursor-pointer md:text-sm h-11\"><\/p>\n<p>    Obtenez une offre<br \/>\n<\/button>\n                    <\/div>\n<div class=\"mx-2 mt-4 w-full\">\n<div class=\" font-sans leading-4 text-black\">\n<div class=\"flex flex-wrap items-center justify-center gap-1 md:justify-start\">\n        <span class=\"font-bold\"><\/p>\n<p>            269,00\u00a0$<br \/>\n                            <span class=\"font-medium\">chez Home D\u00e9p\u00f4t <\/span><br \/>\n                    <\/span>\n            <\/div>\n<div class=\"flex items-center justify-center gap-x-1 font-bold md:justify-start\">\n            <span class=\"text-sm line-through\">499,00\u00a0$<\/span><br \/>\n            <span class=\"text-sm text-brand-green\">\u00c9conomisez 230,00\u00a0$<\/span>\n        <\/div>\n<\/p><\/div>\n<\/p><\/div>\n<\/p><\/div>\n<\/p><\/div>\n<\/div>\n<p>Une perceuse sans fil Ryobi de 18 volts avec trois batteries est en vente au prix de 148,97 $, soit 44 % de r\u00e9duction sur son prix habituel. Cet ensemble est un excellent ensemble de d\u00e9marrage car il est livr\u00e9 avec une batterie de 1,5 amp\u00e8res-heure, 1 batterie de 2 amp\u00e8res-heure et une batterie de 4 amp\u00e8res-heure ainsi qu&rsquo;un chargeur. Il est utile de d\u00e9marrer un ensemble d&rsquo;outils sans fil avec des piles suppl\u00e9mentaires afin que vous puissiez \u00e9largir votre trousse d&rsquo;outils \u00e0 mesure que vous d\u00e9veloppez vos comp\u00e9tences et votre int\u00e9r\u00eat sans avoir besoin d&rsquo;acheter de nouvelles piles au fur et \u00e0 mesure.<\/p>\n<h2 id=\"best-deals-on-cordless-saws-and-cutting-tools\">Meilleures offres sur les scies et outils de coupe sans fil<\/h2>\n<p>Les scies sont mon \u00e9l\u00e9ment pr\u00e9f\u00e9r\u00e9 de ma collection d\u2019outils, et avoir la bonne peut rendre n\u2019importe quel projet de bricolage beaucoup plus simple et plus amusant \u00e0 r\u00e9aliser. Les scies sans fil se sont am\u00e9lior\u00e9es \u00e0 mesure que les batteries sont devenues plus petites et plus l\u00e9g\u00e8res et ont d\u00e9velopp\u00e9 une dur\u00e9e de vie plus longue, elles constituent donc un ajout pratique \u00e0 une trousse \u00e0 outils de bricolage, en plus d&rsquo;\u00eatre amusantes \u00e0 utiliser.<\/p>\n<p>L&rsquo;ensemble de scies alternatives sans fil Ryobi de 18 volts est en vente au prix de 99 $, soit 65 % de r\u00e9duction sur son prix r\u00e9gulier. Une scie alternative peut \u00eatre utilis\u00e9e pour effectuer des coupes grossi\u00e8res et tailler des arbres et des arbustes. Cet ensemble est livr\u00e9 avec une scie alternative, une batterie de deux amp\u00e8res-heure, une batterie de 4 amp\u00e8res-heure et un chargeur. C&rsquo;est un bon outil pour quelqu&rsquo;un qui utilise d\u00e9j\u00e0 des outils Ryobi 18 volts, ou pour quelqu&rsquo;un qui aime r\u00e9aliser des projets ext\u00e9rieurs comme tailler des haies.<\/p>\n<div class=\"pogoClear mb-12 mt-10 rounded-md border-2 border-gray-100 py-7 shadow-xl md:py-6\">\n<div class=\"flex flex-wrap justify-between px-7 text-black no-underline md:flex-nowrap md:px-8\">\n<div class=\"order-1 mx-auto flex flex-col justify-center md:order-2 md:ml-4 md:w-full md:grow\">\n<div class=\"block cursor-pointer text-center font-akshar text-2xl font-medium leading-7 text-brand-green duration-200 ease-in-out hover:text-brand-green-700 md:text-left md:text-xl md:leading-6\">Ensemble de scie alternative sans fil Ryobi de 18 volts\n                <\/div>\n<div class=\"mt-4 hidden md:flex md:justify-between\">\n<div class=\"self-end\">\n<div class=\"mb-0 h-11 md:flex md:flex-col md:justify-center\">\n<div class=\" font-sans leading-4 text-black\">\n<div class=\"flex flex-wrap items-center justify-center gap-1 md:justify-start\">\n        <span class=\"font-bold\"><\/p>\n<p>            99,00\u00a0$<br \/>\n                            <span class=\"font-medium\">chez Home D\u00e9p\u00f4t<\/span><br \/>\n                    <\/span>\n            <\/div>\n<div class=\"flex items-center justify-center gap-x-1 font-bold md:justify-start\">\n            <span class=\"text-sm line-through\">282,94\u00a0$<\/span><br \/>\n            <span class=\"text-sm text-brand-green\">\u00c9conomisez 183,94\u00a0$<\/span>\n        <\/div>\n<\/p><\/div>\n<\/p><\/div>\n<\/p><\/div>\n<div class=\"w-44 self-end\">\n                            <button class=\"flex justify-center items-center w-full bg-brand-green text-white text-base font-sans font-medium rounded-md hover:bg-brand-green-700 hover:cursor-pointer md:text-sm h-11\"><\/p>\n<p>    Obtenez une offre<br \/>\n<\/button>\n                        <\/div>\n<\/p><\/div>\n<\/p><\/div>\n<div class=\"order-2 mt-5 h-auto w-full md:order-1 md:mt-0 md:hidden\">\n<div class=\"flex aspect-video items-center justify-center\">\n                                            <img decoding=\"async\" class=\"m-0 max-h-full max-w-full rounded-md\" src=\"https:\/\/vieassociative.be\/actualites\/wp-content\/uploads\/2025\/11\/1764181051_92_Voici-ce-que-je-recommanderais-lors-de-la-vente-du.png\" alt=\"Ensemble de scie alternative sans fil Ryobi de 18 volts\" width=\"auto\" height=\"auto\" loading=\"lazy\">\n                                    <\/div>\n<\/p><\/div>\n<div class=\"order-2 ml-2 hidden w-32 shrink-0 items-center md:order-1 md:ml-0 md:flex\">\n<div class=\"flex aspect-video items-center justify-center\">\n                                            <img decoding=\"async\" class=\"m-0 max-h-full max-w-full rounded-md\" src=\"https:\/\/vieassociative.be\/actualites\/wp-content\/uploads\/2025\/11\/1764181051_92_Voici-ce-que-je-recommanderais-lors-de-la-vente-du.png\" alt=\"Ensemble de scie alternative sans fil Ryobi de 18 volts\" width=\"auto\" height=\"auto\" loading=\"lazy\">\n                                    <\/div>\n<\/p><\/div>\n<div class=\"order-3 flex grow flex-wrap md:hidden md:grow-0\">\n<div class=\"mt-4 w-full\">\n                        <button class=\"flex justify-center items-center w-full bg-brand-green text-white text-base font-sans font-medium rounded-md hover:bg-brand-green-700 hover:cursor-pointer md:text-sm h-11\"><\/p>\n<p>    Obtenez une offre<br \/>\n<\/button>\n                    <\/div>\n<div class=\"mx-2 mt-4 w-full\">\n<div class=\" font-sans leading-4 text-black\">\n<div class=\"flex flex-wrap items-center justify-center gap-1 md:justify-start\">\n        <span class=\"font-bold\"><\/p>\n<p>            99,00\u00a0$<br \/>\n                            <span class=\"font-medium\">chez Home D\u00e9p\u00f4t<\/span><br \/>\n                    <\/span>\n            <\/div>\n<div class=\"flex items-center justify-center gap-x-1 font-bold md:justify-start\">\n            <span class=\"text-sm line-through\">282,94\u00a0$<\/span><br \/>\n            <span class=\"text-sm text-brand-green\">\u00c9conomisez 183,94\u00a0$<\/span>\n        <\/div>\n<\/p><\/div>\n<\/p><\/div>\n<\/p><\/div>\n<\/p><\/div>\n<\/div>\n<p>La scie alternative Milwaukee 18 volts est en vente au prix de 199 $, soit 68 % de r\u00e9duction sur son prix habituel. C&rsquo;est un bon outil \u00e0 ajouter \u00e0 un ensemble Milwaukee de 18 volts ou pour commencer un ensemble d&rsquo;entretien et d&rsquo;am\u00e9nagement paysager. Il est livr\u00e9 avec la scie, deux batteries de 5 amp\u00e8res-heure et un chargeur.<\/p>\n<p>La scie circulaire sans fil Milwaukee 18 volts de 6 \u00bd pouces est en vente au prix de 199 $, soit 62 % de r\u00e9duction sur son prix r\u00e9gulier. Cette scie est livr\u00e9e avec deux batteries de 5 amp\u00e8res-heure et un chargeur. Les batteries de plus grande capacit\u00e9 vous permettent d&rsquo;utiliser votre scie pendant des heures tout en ayant toujours une batterie neuve sur le chargeur.<\/p>\n<p>La scie \u00e0 onglets compos\u00e9e sans fil Ryobi de 18 volts de 7 \u00bc pouces est en vente au prix de 159 $, soit 52 % de r\u00e9duction sur son prix r\u00e9gulier. Cette scie peut couper des angles compos\u00e9s pour les projets de menuiserie et de menuiserie sans avoir besoin d&rsquo;\u00eatre branch\u00e9e sur une prise. Il est livr\u00e9 avec une batterie et un chargeur de 4 amp\u00e8res-heure, ce qui en fait un bon compl\u00e9ment \u00e0 un ensemble d&rsquo;outils sans fil Ryobi, car il peut effectuer jusqu&rsquo;\u00e0 900 coupes par charge sur la batterie. Bien que cette scie indique qu&rsquo;elle peut couper jusqu&rsquo;\u00e0 900 fois par charge, si vous travaillez avec un mat\u00e9riau plus \u00e9pais qu&rsquo;environ un quart de pouce, vous souhaiterez vous procurer une deuxi\u00e8me batterie afin de pouvoir les \u00e9changer. D&rsquo;apr\u00e8s mon exp\u00e9rience, elle peut consommer plus de puissance pour couper du bois plus dense ou plus \u00e9pais.<\/p>\n<p>L&rsquo;ensemble d&rsquo;outils multifonctions oscillants Milwaukee 18 volts est en vente au prix de 99 $, soit 50 % de r\u00e9duction sur son prix r\u00e9gulier. Il est livr\u00e9 avec une batterie de 1,5 amp\u00e8re-heure et un chargeur. C&rsquo;est l&rsquo;outil qui m&rsquo;a sauv\u00e9 la raison lorsque je rempla\u00e7ais le siphon de l&rsquo;\u00e9vier de ma maison d&rsquo;artisan vieille de 115 ans. Je l&rsquo;ai utilis\u00e9 pour couper l&rsquo;ancien tuyau, fa\u00e7onner le tuyau sortant du mur, couper le nouveau PVC \u00e0 la bonne longueur, couper le pl\u00e2tre endommag\u00e9 autour du drain qui fuit, couper la latte pour laisser passer le nouveau siphon, puis je l&rsquo;ai m\u00eame utilis\u00e9 pour poncer les joints lors de la r\u00e9paration du pl\u00e2tre que j&rsquo;ai effectu\u00e9e. C&rsquo;est l&rsquo;outil le plus efficace de mon kit de bricolage domestique, et 99 $ est un excellent prix.<\/p>\n<p>La scie \u00e0 ruban portative Milwaukee 18 volts est en vente au prix de 399 $, soit 36 \u200b\u200b% de r\u00e9duction sur son prix r\u00e9gulier. Cet outil est livr\u00e9 avec une batterie de 8 amp\u00e8res-heure, ce qui le rend plus pratique pour plusieurs coupes. C&rsquo;est un bon outil pour les projets de bricolage qui incluent le travail des m\u00e9taux pour la plomberie ou des coupes d\u00e9coratives. Il n&rsquo;est pas livr\u00e9 avec un chargeur, vous aurez donc besoin d&rsquo;un chargeur de batterie Milwaukee 18 volts pour l&rsquo;utiliser.<\/p>\n<h2 id=\"best-deals-on-cordless-tool-combo-sets\">Meilleures offres sur les ensembles combin\u00e9s d\u2019outils sans fil<\/h2>\n<p>Les ensembles d\u2019outils sans fil peuvent \u00eatre un bon moyen de d\u00e9marrer un nouvel ensemble d\u2019outils, car ils contiennent g\u00e9n\u00e9ralement toutes les bases ainsi que quelques extras int\u00e9ressants. J&rsquo;ai commenc\u00e9 ma trousse \u00e0 outils personnelle avec un ensemble Milwaukee 18 volts il y a plus de dix ans et j&rsquo;utilise \u00e9galement quotidiennement les outils d&rsquo;un ensemble DeWalt au travail. <\/p>\n<p>L&rsquo;ensemble combin\u00e9 de sept outils Milwaukee 18 volts est en vente au prix de 499 $, soit 50 % de r\u00e9duction sur son prix r\u00e9gulier. Il est livr\u00e9 avec une perceuse, une visseuse \u00e0 percussion, une scie circulaire, une scie alternative compacte \u00e0 une main, un outil multifonction oscillant, une meuleuse d&rsquo;angle, une lampe de travail, deux batteries de 3 amp\u00e8res-heure, un chargeur et un sac \u00e0 outils. Il s\u2019agit d\u2019un ensemble complet qui vous permettra de r\u00e9aliser la plupart des projets de bricolage domestique et m\u00eame certains projets de niveau professionnel.<\/p>\n<p>L&rsquo;ensemble combin\u00e9 de trois outils DeWalt est en vente au prix de 399 $, soit 33 % de r\u00e9duction sur son prix r\u00e9gulier. Cet ensemble comprend une perceuse, une visseuse, un outil multifonction oscillant, deux batteries de 6 amp\u00e8res-heure, un chargeur et un sac \u00e0 outils. Il s&rsquo;agit d&rsquo;un ensemble solide pour la plupart des projets d&rsquo;entretien domestique et les piles dureront longtemps et r\u00e9sisteront aux abus. J&rsquo;utilise cet ensemble au travail et ces outils fonctionnent bien apr\u00e8s des ann\u00e9es d&rsquo;utilisation.<\/p>\n<div class=\"pogoClear mb-12 mt-10 rounded-md border-2 border-gray-100 py-7 shadow-xl md:py-6\">\n<div class=\"flex flex-wrap justify-between px-7 text-black no-underline md:flex-nowrap md:px-8\">\n<div class=\"order-1 mx-auto flex flex-col justify-center md:order-2 md:ml-4 md:w-full md:grow\">\n<div class=\"block cursor-pointer text-center font-akshar text-2xl font-medium leading-7 text-brand-green duration-200 ease-in-out hover:text-brand-green-700 md:text-left md:text-xl md:leading-6\">Ensemble combin\u00e9 de trois outils DeWalt\n                <\/div>\n<div class=\"mt-4 hidden md:flex md:justify-between\">\n<div class=\"self-end\">\n<div class=\"mb-0 h-11 md:flex md:flex-col md:justify-center\">\n<div class=\" font-sans leading-4 text-black\">\n<div class=\"flex flex-wrap items-center justify-center gap-1 md:justify-start\">\n        <span class=\"font-bold\"><\/p>\n<p>            399,00\u00a0$<br \/>\n                            <span class=\"font-medium\">chez Home D\u00e9p\u00f4t <\/span><br \/>\n                    <\/span>\n            <\/div>\n<div class=\"flex items-center justify-center gap-x-1 font-bold md:justify-start\">\n            <span class=\"text-sm line-through\">599,00\u00a0$<\/span><br \/>\n            <span class=\"text-sm text-brand-green\">\u00c9conomisez 200,00\u00a0$<\/span>\n        <\/div>\n<\/p><\/div>\n<\/p><\/div>\n<\/p><\/div>\n<div class=\"w-44 self-end\">\n                            <button class=\"flex justify-center items-center w-full bg-brand-green text-white text-base font-sans font-medium rounded-md hover:bg-brand-green-700 hover:cursor-pointer md:text-sm h-11\"><\/p>\n<p>    Obtenez une offre<br \/>\n<\/button>\n                        <\/div>\n<\/p><\/div>\n<\/p><\/div>\n<div class=\"order-2 mt-5 h-auto w-full md:order-1 md:mt-0 md:hidden\">\n<div class=\"flex aspect-video items-center justify-center\">\n                                            <img decoding=\"async\" class=\"m-0 max-h-full max-w-full rounded-md\" src=\"https:\/\/vieassociative.be\/actualites\/wp-content\/uploads\/2025\/11\/1764181051_676_Voici-ce-que-je-recommanderais-lors-de-la-vente-du.png\" alt=\"Ensemble combin\u00e9 de trois outils DeWalt\" width=\"auto\" height=\"auto\" loading=\"lazy\">\n                                    <\/div>\n<\/p><\/div>\n<div class=\"order-2 ml-2 hidden w-32 shrink-0 items-center md:order-1 md:ml-0 md:flex\">\n<div class=\"flex aspect-video items-center justify-center\">\n                                            <img decoding=\"async\" class=\"m-0 max-h-full max-w-full rounded-md\" src=\"https:\/\/vieassociative.be\/actualites\/wp-content\/uploads\/2025\/11\/1764181051_676_Voici-ce-que-je-recommanderais-lors-de-la-vente-du.png\" alt=\"Ensemble combin\u00e9 de trois outils DeWalt\" width=\"auto\" height=\"auto\" loading=\"lazy\">\n                                    <\/div>\n<\/p><\/div>\n<div class=\"order-3 flex grow flex-wrap md:hidden md:grow-0\">\n<div class=\"mt-4 w-full\">\n                        <button class=\"flex justify-center items-center w-full bg-brand-green text-white text-base font-sans font-medium rounded-md hover:bg-brand-green-700 hover:cursor-pointer md:text-sm h-11\"><\/p>\n<p>    Obtenez une offre<br \/>\n<\/button>\n                    <\/div>\n<div class=\"mx-2 mt-4 w-full\">\n<div class=\" font-sans leading-4 text-black\">\n<div class=\"flex flex-wrap items-center justify-center gap-1 md:justify-start\">\n        <span class=\"font-bold\"><\/p>\n<p>            399,00\u00a0$<br \/>\n                            <span class=\"font-medium\">chez Home D\u00e9p\u00f4t <\/span><br \/>\n                    <\/span>\n            <\/div>\n<div class=\"flex items-center justify-center gap-x-1 font-bold md:justify-start\">\n            <span class=\"text-sm line-through\">599,00\u00a0$<\/span><br \/>\n            <span class=\"text-sm text-brand-green\">\u00c9conomisez 200,00\u00a0$<\/span>\n        <\/div>\n<\/p><\/div>\n<\/p><\/div>\n<\/p><\/div>\n<\/p><\/div>\n<\/div>\n<p>L&rsquo;ensemble combin\u00e9 sans fil Ridgid de 8 outils est en vente au prix de 299 $, soit 63 % de r\u00e9duction sur son prix r\u00e9gulier. Cet ensemble comprend une perceuse et une visseuse \u00e0 percussion, une ponceuse orbitale al\u00e9atoire, une scie circulaire, une lampe de travail, un mini souffleur, un mini aspirateur, une batterie de 2 amp\u00e8res-heure, une batterie de 4 amp\u00e8res-heure, un chargeur et un sac \u00e0 outils. Il s&rsquo;agit d&rsquo;un bon kit de d\u00e9marrage pour quelqu&rsquo;un qui poss\u00e8de un atelier int\u00e9rieur et qui a besoin de garder son espace de travail propre.<\/p>\n<h2 id=\"best-deals-on-bits-and-accessories\">Meilleures offres sur les embouts et accessoires<\/h2>\n<p>Les embouts et accessoires peuvent rendre vos projets de bricolage beaucoup plus faciles, mais ils sont \u00e9galement faciles \u00e0 n\u00e9gliger et ils peuvent \u00eatre plus chers que pr\u00e9vu. \u00c9conomiser de l&rsquo;argent sur tous les embouts, lames et accessoires dont vous avez besoin r\u00e9duira votre budget global et limitera les d\u00e9placements frustrants \u00e0 la quincaillerie.<\/p>\n<p>Le jeu d&#8217;embouts de tournevis Milwaukee de 74 pi\u00e8ces est en vente au prix de 19,99 $, soit 50 % de r\u00e9duction sur son prix r\u00e9gulier. Cet ensemble comprend une vari\u00e9t\u00e9 d&#8217;embouts de tournevis, une rallonge et un \u00e9tui de transport. Il s\u2019agit d\u2019un ensemble fantastique pour quiconque d\u00e9marre un ensemble d\u2019outils sans fil de bricolage, car il comprend de nombreuses tailles et types d\u2019embouts de tournevis susceptibles de fonctionner pour la plupart des projets.<\/p>\n<p>L&rsquo;ensemble de forets \u00e0 percussion Milwaukee de 15 pi\u00e8ces est en vente au prix de 19,97 $, soit 32 % de r\u00e9duction sur son prix r\u00e9gulier. Il est livr\u00e9 avec des embouts qui peuvent \u00eatre utilis\u00e9s avec une visseuse \u00e0 percussion ou une perceuse de diff\u00e9rentes tailles. Il s&rsquo;agit d&rsquo;un bon ensemble pour toute personne poss\u00e9dant une perceuse et un tournevis dans sa trousse \u00e0 outils, car les embouts ont tendance \u00e0 s&rsquo;user avec le temps et doivent \u00eatre remplac\u00e9s.<\/p>\n<p>L&rsquo;ensemble de 13 forets \u00e0 bois Milwaukee est en vente au prix de 19,97 $, soit 71 % de r\u00e9duction sur son prix habituel. L&rsquo;ensemble comprend des forets d&rsquo;une taille allant de 1\/4 de pouce \u00e0 un pouce pour percer des trous dans le bois. Les forets \u00e0 palette sont un incontournable du travail du bois qui vous permet de percer rapidement des mat\u00e9riaux plus \u00e9pais pour les boulons.<\/p>\n<hr>\n<h2 id=\"what-stores-have-the-best-sales-on-black-friday\">Quels magasins proposent les meilleures ventes le Black Friday ?<\/h2>\n<p>De nos jours, les grands d\u00e9taillants et les petites entreprises se disputent les acheteurs du Black Friday, vous pouvez donc vous attendre \u00e0 ce que pratiquement tous les magasins r\u00e9alisent des soldes jusqu&rsquo;au lundi 1er d\u00e9cembre 2025. Les \u00ab meilleures \u00bb ventes d\u00e9pendent de vos besoins, mais en g\u00e9n\u00e9ral, les remises les plus importantes ont tendance \u00e0 provenir de grands d\u00e9taillants qui peuvent se permettre des prix plus bas : pensez \u00e0 des endroits comme Amazon, Walmart, Target, Best Buy et Home Depot. Vous pouvez retrouver toutes les meilleures ventes des grands d\u00e9taillants sur notre blog en direct.<\/p>\n<h2 id=\"are-black-friday-deals-worth-it\">Les offres du Black Friday en valent-elles la peine ?<\/h2>\n<p>Bref, oui, le Black Friday propose toujours des r\u00e9ductions qui peuvent \u00eatre rares sur le reste de l&rsquo;ann\u00e9e. Si vous souhaitez acheter quelque chose ou si vous achetez des cadeaux, c&rsquo;est le bon moment pour rechercher des r\u00e9ductions sur ce dont vous avez besoin, en particulier les ventes de technologies, de fournitures de r\u00e9novation domiciliaire et de technologies de fitness. Bien s\u00fbr, si vous avez besoin d\u2019\u00e9conomiser de l\u2019argent, la meilleure fa\u00e7on d\u2019\u00e9conomiser est de ne rien acheter. <\/p>\n<h2 id=\"are-cyber-monday-deals-better-than-black-friday\">Les offres du Cyber \u200b\u200bMonday sont-elles meilleures que le Black Friday ?<\/h2>\n<p>Le Black Friday \u00e9tait autrefois r\u00e9serv\u00e9 aux grands d\u00e9taillants et aux technologies et appareils \u00e9lectrom\u00e9nagers plus chers, tandis que le Cyber \u200b\u200b\u200b\u200bMonday \u00e9tait destin\u00e9 aux technologies moins ch\u00e8res et donnait aux petites entreprises une chance de rivaliser en ligne. Mais aujourd\u2019hui, cette distinction n\u2019a presque plus de sens. Tous les grands d\u00e9taillants proposeront des soldes les deux jours, et la meilleure chose \u00e0 faire est de savoir ce que vous voulez, d&rsquo;utiliser des outils de suivi des prix ou de vous r\u00e9f\u00e9rer \u00e0 des guides comme notre blog en direct qui utilisent des outils de suivi des prix pour vous, et de ne pas vous soucier de trouver le moment id\u00e9al.<\/p>\n","protected":false},"excerpt":{"rendered":"<p>Offrez des outils \u00e9lectriques (ou achetez-en pour vous-m\u00eame) pendant la p\u00e9riode des f\u00eates. Les ventes du Black Friday commencent officiellement le vendredi 28 novembre et<\/p>\n","protected":false},"author":1,"featured_media":11555,"comment_status":"","ping_status":"","sticky":false,"template":"","format":"standard","meta":{"footnotes":""},"categories":[40],"tags":[73,1314,1488,1255,453,14,353,825,3518,130,33,223,529],"class_list":["post-11554","post","type-post","status-publish","format-standard","has-post-thumbnail","hentry","category-maison","tag-black","tag-depot","tag-fil","tag-friday","tag-home","tag-les","tag-lors","tag-outils","tag-recommanderais","tag-sans","tag-sur","tag-vente","tag-voici","generate-columns","tablet-grid-50","mobile-grid-100","grid-parent","grid-33"],"yoast_head":"<!-- This site is optimized with the Yoast SEO plugin v24.0 - https:\/\/yoast.com\/wordpress\/plugins\/seo\/ -->\n<title>Voici ce que je recommanderais lors de la vente du Black Friday de Home Depot sur les outils sans fil | Vie Associative<\/title>\n<meta name=\"robots\" content=\"index, follow, max-snippet:-1, max-image-preview:large, max-video-preview:-1\" \/>\n<link rel=\"canonical\" href=\"https:\/\/vieassociative.be\/actualites\/voici-ce-que-je-recommanderais-lors-de-la-vente-du-black-friday-de-home-depot-sur-les-outils-sans-fil\/\" \/>\n<meta property=\"og:locale\" content=\"fr_FR\" \/>\n<meta property=\"og:type\" content=\"article\" \/>\n<meta property=\"og:title\" content=\"Voici ce que je recommanderais lors de la vente du Black Friday de Home Depot sur les outils sans fil | Vie Associative\" \/>\n<meta property=\"og:description\" content=\"Offrez des outils \u00e9lectriques (ou achetez-en pour vous-m\u00eame) pendant la p\u00e9riode des f\u00eates. Les ventes du Black Friday commencent officiellement le vendredi 28 novembre et\" \/>\n<meta property=\"og:url\" content=\"https:\/\/vieassociative.be\/actualites\/voici-ce-que-je-recommanderais-lors-de-la-vente-du-black-friday-de-home-depot-sur-les-outils-sans-fil\/\" \/>\n<meta property=\"og:site_name\" content=\"Vie Associative\" \/>\n<meta property=\"article:published_time\" content=\"2025-11-26T18:17:31+00:00\" \/>\n<meta property=\"og:image\" content=\"https:\/\/vieassociative.be\/actualites\/wp-content\/uploads\/2025\/11\/Voici-ce-que-je-recommanderais-lors-de-la-vente-du.png\" \/>\n<meta name=\"author\" content=\"Julien\" \/>\n<meta name=\"twitter:card\" content=\"summary_large_image\" \/>\n<meta name=\"twitter:label1\" content=\"\u00c9crit par\" \/>\n\t<meta name=\"twitter:data1\" content=\"Julien\" \/>\n\t<meta name=\"twitter:label2\" content=\"Dur\u00e9e de lecture est.\" \/>\n\t<meta name=\"twitter:data2\" content=\"12 minutes\" \/>\n<script type=\"application\/ld+json\" class=\"yoast-schema-graph\">{\"@context\":\"https:\/\/schema.org\",\"@graph\":[{\"@type\":\"Article\",\"@id\":\"https:\/\/vieassociative.be\/actualites\/voici-ce-que-je-recommanderais-lors-de-la-vente-du-black-friday-de-home-depot-sur-les-outils-sans-fil\/#article\",\"isPartOf\":{\"@id\":\"https:\/\/vieassociative.be\/actualites\/voici-ce-que-je-recommanderais-lors-de-la-vente-du-black-friday-de-home-depot-sur-les-outils-sans-fil\/\"},\"author\":{\"name\":\"Julien\",\"@id\":\"https:\/\/vieassociative.be\/actualites\/#\/schema\/person\/b87ac4f82f9d4e7b7cec7395b679edc4\"},\"headline\":\"Voici ce que je recommanderais lors de la vente du Black Friday de Home Depot sur les outils sans fil\",\"datePublished\":\"2025-11-26T18:17:31+00:00\",\"dateModified\":\"2025-11-26T18:17:31+00:00\",\"mainEntityOfPage\":{\"@id\":\"https:\/\/vieassociative.be\/actualites\/voici-ce-que-je-recommanderais-lors-de-la-vente-du-black-friday-de-home-depot-sur-les-outils-sans-fil\/\"},\"wordCount\":2525,\"publisher\":{\"@id\":\"https:\/\/vieassociative.be\/actualites\/#organization\"},\"image\":{\"@id\":\"https:\/\/vieassociative.be\/actualites\/voici-ce-que-je-recommanderais-lors-de-la-vente-du-black-friday-de-home-depot-sur-les-outils-sans-fil\/#primaryimage\"},\"thumbnailUrl\":\"https:\/\/vieassociative.be\/actualites\/wp-content\/uploads\/2025\/11\/1764181052_Voici-ce-que-je-recommanderais-lors-de-la-vente-du.png\",\"keywords\":[\"Black\",\"Depot\",\"fil\",\"Friday\",\"Home\",\"Les\",\"lors\",\"outils\",\"recommanderais\",\"sans\",\"sur\",\"vente\",\"Voici\"],\"articleSection\":[\"Maison\"],\"inLanguage\":\"fr-BE\"},{\"@type\":\"WebPage\",\"@id\":\"https:\/\/vieassociative.be\/actualites\/voici-ce-que-je-recommanderais-lors-de-la-vente-du-black-friday-de-home-depot-sur-les-outils-sans-fil\/\",\"url\":\"https:\/\/vieassociative.be\/actualites\/voici-ce-que-je-recommanderais-lors-de-la-vente-du-black-friday-de-home-depot-sur-les-outils-sans-fil\/\",\"name\":\"Voici ce que je recommanderais lors de la vente du Black Friday de Home Depot sur les outils sans fil | Vie Associative\",\"isPartOf\":{\"@id\":\"https:\/\/vieassociative.be\/actualites\/#website\"},\"primaryImageOfPage\":{\"@id\":\"https:\/\/vieassociative.be\/actualites\/voici-ce-que-je-recommanderais-lors-de-la-vente-du-black-friday-de-home-depot-sur-les-outils-sans-fil\/#primaryimage\"},\"image\":{\"@id\":\"https:\/\/vieassociative.be\/actualites\/voici-ce-que-je-recommanderais-lors-de-la-vente-du-black-friday-de-home-depot-sur-les-outils-sans-fil\/#primaryimage\"},\"thumbnailUrl\":\"https:\/\/vieassociative.be\/actualites\/wp-content\/uploads\/2025\/11\/1764181052_Voici-ce-que-je-recommanderais-lors-de-la-vente-du.png\",\"datePublished\":\"2025-11-26T18:17:31+00:00\",\"dateModified\":\"2025-11-26T18:17:31+00:00\",\"breadcrumb\":{\"@id\":\"https:\/\/vieassociative.be\/actualites\/voici-ce-que-je-recommanderais-lors-de-la-vente-du-black-friday-de-home-depot-sur-les-outils-sans-fil\/#breadcrumb\"},\"inLanguage\":\"fr-BE\",\"potentialAction\":[{\"@type\":\"ReadAction\",\"target\":[\"https:\/\/vieassociative.be\/actualites\/voici-ce-que-je-recommanderais-lors-de-la-vente-du-black-friday-de-home-depot-sur-les-outils-sans-fil\/\"]}]},{\"@type\":\"ImageObject\",\"inLanguage\":\"fr-BE\",\"@id\":\"https:\/\/vieassociative.be\/actualites\/voici-ce-que-je-recommanderais-lors-de-la-vente-du-black-friday-de-home-depot-sur-les-outils-sans-fil\/#primaryimage\",\"url\":\"https:\/\/vieassociative.be\/actualites\/wp-content\/uploads\/2025\/11\/1764181052_Voici-ce-que-je-recommanderais-lors-de-la-vente-du.png\",\"contentUrl\":\"https:\/\/vieassociative.be\/actualites\/wp-content\/uploads\/2025\/11\/1764181052_Voici-ce-que-je-recommanderais-lors-de-la-vente-du.png\",\"width\":1200,\"height\":675,\"caption\":\"Voici ce que je recommanderais lors de la vente du Black Friday de Home Depot sur les outils sans fil\"},{\"@type\":\"BreadcrumbList\",\"@id\":\"https:\/\/vieassociative.be\/actualites\/voici-ce-que-je-recommanderais-lors-de-la-vente-du-black-friday-de-home-depot-sur-les-outils-sans-fil\/#breadcrumb\",\"itemListElement\":[{\"@type\":\"ListItem\",\"position\":1,\"name\":\"Accueil\",\"item\":\"https:\/\/vieassociative.be\/actualites\/\"},{\"@type\":\"ListItem\",\"position\":2,\"name\":\"Voici ce que je recommanderais lors de la vente du Black Friday de Home Depot sur les outils sans fil\"}]},{\"@type\":\"WebSite\",\"@id\":\"https:\/\/vieassociative.be\/actualites\/#website\",\"url\":\"https:\/\/vieassociative.be\/actualites\/\",\"name\":\"Vie Associative\",\"description\":\"\",\"publisher\":{\"@id\":\"https:\/\/vieassociative.be\/actualites\/#organization\"},\"potentialAction\":[{\"@type\":\"SearchAction\",\"target\":{\"@type\":\"EntryPoint\",\"urlTemplate\":\"https:\/\/vieassociative.be\/actualites\/?s={search_term_string}\"},\"query-input\":{\"@type\":\"PropertyValueSpecification\",\"valueRequired\":true,\"valueName\":\"search_term_string\"}}],\"inLanguage\":\"fr-BE\"},{\"@type\":\"Organization\",\"@id\":\"https:\/\/vieassociative.be\/actualites\/#organization\",\"name\":\"Vie Associative\",\"url\":\"https:\/\/vieassociative.be\/actualites\/\",\"logo\":{\"@type\":\"ImageObject\",\"inLanguage\":\"fr-BE\",\"@id\":\"https:\/\/vieassociative.be\/actualites\/#\/schema\/logo\/image\/\",\"url\":\"https:\/\/vieassociative.be\/actualites\/wp-content\/uploads\/2024\/09\/cropped-vieassociative_favicon.ico.png\",\"contentUrl\":\"https:\/\/vieassociative.be\/actualites\/wp-content\/uploads\/2024\/09\/cropped-vieassociative_favicon.ico.png\",\"width\":512,\"height\":512,\"caption\":\"Vie Associative\"},\"image\":{\"@id\":\"https:\/\/vieassociative.be\/actualites\/#\/schema\/logo\/image\/\"}},{\"@type\":\"Person\",\"@id\":\"https:\/\/vieassociative.be\/actualites\/#\/schema\/person\/b87ac4f82f9d4e7b7cec7395b679edc4\",\"name\":\"Julien\",\"image\":{\"@type\":\"ImageObject\",\"inLanguage\":\"fr-BE\",\"@id\":\"https:\/\/vieassociative.be\/actualites\/#\/schema\/person\/image\/\",\"url\":\"https:\/\/vieassociative.be\/actualites\/wp-content\/uploads\/2024\/09\/vie-associative-1-150x150.jpg\",\"contentUrl\":\"https:\/\/vieassociative.be\/actualites\/wp-content\/uploads\/2024\/09\/vie-associative-1-150x150.jpg\",\"caption\":\"Julien\"},\"description\":\"Je suis Julien, r\u00e9dacteur pour Vie Associative. Passionn\u00e9 par le monde associatif depuis plus de 10 ans, j'ai \u00e0 c\u0153ur de partager des histoires inspirantes et de mettre en lumi\u00e8re les initiatives locales. Mon objectif est de sensibiliser et d'encourager l'engagement communautaire \u00e0 travers mes articles.\",\"sameAs\":[\"https:\/\/vieassociative.be\/\"]}]}<\/script>\n<!-- \/ Yoast SEO plugin. -->","yoast_head_json":{"title":"Voici ce que je recommanderais lors de la vente du Black Friday de Home Depot sur les outils sans fil | Vie Associative","robots":{"index":"index","follow":"follow","max-snippet":"max-snippet:-1","max-image-preview":"max-image-preview:large","max-video-preview":"max-video-preview:-1"},"canonical":"https:\/\/vieassociative.be\/actualites\/voici-ce-que-je-recommanderais-lors-de-la-vente-du-black-friday-de-home-depot-sur-les-outils-sans-fil\/","og_locale":"fr_FR","og_type":"article","og_title":"Voici ce que je recommanderais lors de la vente du Black Friday de Home Depot sur les outils sans fil | Vie Associative","og_description":"Offrez des outils \u00e9lectriques (ou achetez-en pour vous-m\u00eame) pendant la p\u00e9riode des f\u00eates. Les ventes du Black Friday commencent officiellement le vendredi 28 novembre et","og_url":"https:\/\/vieassociative.be\/actualites\/voici-ce-que-je-recommanderais-lors-de-la-vente-du-black-friday-de-home-depot-sur-les-outils-sans-fil\/","og_site_name":"Vie Associative","article_published_time":"2025-11-26T18:17:31+00:00","og_image":[{"url":"https:\/\/vieassociative.be\/actualites\/wp-content\/uploads\/2025\/11\/Voici-ce-que-je-recommanderais-lors-de-la-vente-du.png","type":"","width":"","height":""}],"author":"Julien","twitter_card":"summary_large_image","twitter_misc":{"\u00c9crit par":"Julien","Dur\u00e9e de lecture est.":"12 minutes"},"schema":{"@context":"https:\/\/schema.org","@graph":[{"@type":"Article","@id":"https:\/\/vieassociative.be\/actualites\/voici-ce-que-je-recommanderais-lors-de-la-vente-du-black-friday-de-home-depot-sur-les-outils-sans-fil\/#article","isPartOf":{"@id":"https:\/\/vieassociative.be\/actualites\/voici-ce-que-je-recommanderais-lors-de-la-vente-du-black-friday-de-home-depot-sur-les-outils-sans-fil\/"},"author":{"name":"Julien","@id":"https:\/\/vieassociative.be\/actualites\/#\/schema\/person\/b87ac4f82f9d4e7b7cec7395b679edc4"},"headline":"Voici ce que je recommanderais lors de la vente du Black Friday de Home Depot sur les outils sans fil","datePublished":"2025-11-26T18:17:31+00:00","dateModified":"2025-11-26T18:17:31+00:00","mainEntityOfPage":{"@id":"https:\/\/vieassociative.be\/actualites\/voici-ce-que-je-recommanderais-lors-de-la-vente-du-black-friday-de-home-depot-sur-les-outils-sans-fil\/"},"wordCount":2525,"publisher":{"@id":"https:\/\/vieassociative.be\/actualites\/#organization"},"image":{"@id":"https:\/\/vieassociative.be\/actualites\/voici-ce-que-je-recommanderais-lors-de-la-vente-du-black-friday-de-home-depot-sur-les-outils-sans-fil\/#primaryimage"},"thumbnailUrl":"https:\/\/vieassociative.be\/actualites\/wp-content\/uploads\/2025\/11\/1764181052_Voici-ce-que-je-recommanderais-lors-de-la-vente-du.png","keywords":["Black","Depot","fil","Friday","Home","Les","lors","outils","recommanderais","sans","sur","vente","Voici"],"articleSection":["Maison"],"inLanguage":"fr-BE"},{"@type":"WebPage","@id":"https:\/\/vieassociative.be\/actualites\/voici-ce-que-je-recommanderais-lors-de-la-vente-du-black-friday-de-home-depot-sur-les-outils-sans-fil\/","url":"https:\/\/vieassociative.be\/actualites\/voici-ce-que-je-recommanderais-lors-de-la-vente-du-black-friday-de-home-depot-sur-les-outils-sans-fil\/","name":"Voici ce que je recommanderais lors de la vente du Black Friday de Home Depot sur les outils sans fil | Vie Associative","isPartOf":{"@id":"https:\/\/vieassociative.be\/actualites\/#website"},"primaryImageOfPage":{"@id":"https:\/\/vieassociative.be\/actualites\/voici-ce-que-je-recommanderais-lors-de-la-vente-du-black-friday-de-home-depot-sur-les-outils-sans-fil\/#primaryimage"},"image":{"@id":"https:\/\/vieassociative.be\/actualites\/voici-ce-que-je-recommanderais-lors-de-la-vente-du-black-friday-de-home-depot-sur-les-outils-sans-fil\/#primaryimage"},"thumbnailUrl":"https:\/\/vieassociative.be\/actualites\/wp-content\/uploads\/2025\/11\/1764181052_Voici-ce-que-je-recommanderais-lors-de-la-vente-du.png","datePublished":"2025-11-26T18:17:31+00:00","dateModified":"2025-11-26T18:17:31+00:00","breadcrumb":{"@id":"https:\/\/vieassociative.be\/actualites\/voici-ce-que-je-recommanderais-lors-de-la-vente-du-black-friday-de-home-depot-sur-les-outils-sans-fil\/#breadcrumb"},"inLanguage":"fr-BE","potentialAction":[{"@type":"ReadAction","target":["https:\/\/vieassociative.be\/actualites\/voici-ce-que-je-recommanderais-lors-de-la-vente-du-black-friday-de-home-depot-sur-les-outils-sans-fil\/"]}]},{"@type":"ImageObject","inLanguage":"fr-BE","@id":"https:\/\/vieassociative.be\/actualites\/voici-ce-que-je-recommanderais-lors-de-la-vente-du-black-friday-de-home-depot-sur-les-outils-sans-fil\/#primaryimage","url":"https:\/\/vieassociative.be\/actualites\/wp-content\/uploads\/2025\/11\/1764181052_Voici-ce-que-je-recommanderais-lors-de-la-vente-du.png","contentUrl":"https:\/\/vieassociative.be\/actualites\/wp-content\/uploads\/2025\/11\/1764181052_Voici-ce-que-je-recommanderais-lors-de-la-vente-du.png","width":1200,"height":675,"caption":"Voici ce que je recommanderais lors de la vente du Black Friday de Home Depot sur les outils sans fil"},{"@type":"BreadcrumbList","@id":"https:\/\/vieassociative.be\/actualites\/voici-ce-que-je-recommanderais-lors-de-la-vente-du-black-friday-de-home-depot-sur-les-outils-sans-fil\/#breadcrumb","itemListElement":[{"@type":"ListItem","position":1,"name":"Accueil","item":"https:\/\/vieassociative.be\/actualites\/"},{"@type":"ListItem","position":2,"name":"Voici ce que je recommanderais lors de la vente du Black Friday de Home Depot sur les outils sans fil"}]},{"@type":"WebSite","@id":"https:\/\/vieassociative.be\/actualites\/#website","url":"https:\/\/vieassociative.be\/actualites\/","name":"Vie Associative","description":"","publisher":{"@id":"https:\/\/vieassociative.be\/actualites\/#organization"},"potentialAction":[{"@type":"SearchAction","target":{"@type":"EntryPoint","urlTemplate":"https:\/\/vieassociative.be\/actualites\/?s={search_term_string}"},"query-input":{"@type":"PropertyValueSpecification","valueRequired":true,"valueName":"search_term_string"}}],"inLanguage":"fr-BE"},{"@type":"Organization","@id":"https:\/\/vieassociative.be\/actualites\/#organization","name":"Vie Associative","url":"https:\/\/vieassociative.be\/actualites\/","logo":{"@type":"ImageObject","inLanguage":"fr-BE","@id":"https:\/\/vieassociative.be\/actualites\/#\/schema\/logo\/image\/","url":"https:\/\/vieassociative.be\/actualites\/wp-content\/uploads\/2024\/09\/cropped-vieassociative_favicon.ico.png","contentUrl":"https:\/\/vieassociative.be\/actualites\/wp-content\/uploads\/2024\/09\/cropped-vieassociative_favicon.ico.png","width":512,"height":512,"caption":"Vie Associative"},"image":{"@id":"https:\/\/vieassociative.be\/actualites\/#\/schema\/logo\/image\/"}},{"@type":"Person","@id":"https:\/\/vieassociative.be\/actualites\/#\/schema\/person\/b87ac4f82f9d4e7b7cec7395b679edc4","name":"Julien","image":{"@type":"ImageObject","inLanguage":"fr-BE","@id":"https:\/\/vieassociative.be\/actualites\/#\/schema\/person\/image\/","url":"https:\/\/vieassociative.be\/actualites\/wp-content\/uploads\/2024\/09\/vie-associative-1-150x150.jpg","contentUrl":"https:\/\/vieassociative.be\/actualites\/wp-content\/uploads\/2024\/09\/vie-associative-1-150x150.jpg","caption":"Julien"},"description":"Je suis Julien, r\u00e9dacteur pour Vie Associative. Passionn\u00e9 par le monde associatif depuis plus de 10 ans, j'ai \u00e0 c\u0153ur de partager des histoires inspirantes et de mettre en lumi\u00e8re les initiatives locales. Mon objectif est de sensibiliser et d'encourager l'engagement communautaire \u00e0 travers mes articles.","sameAs":["https:\/\/vieassociative.be\/"]}]}},"_links":{"self":[{"href":"https:\/\/vieassociative.be\/actualites\/wp-json\/wp\/v2\/posts\/11554"}],"collection":[{"href":"https:\/\/vieassociative.be\/actualites\/wp-json\/wp\/v2\/posts"}],"about":[{"href":"https:\/\/vieassociative.be\/actualites\/wp-json\/wp\/v2\/types\/post"}],"author":[{"embeddable":true,"href":"https:\/\/vieassociative.be\/actualites\/wp-json\/wp\/v2\/users\/1"}],"replies":[{"embeddable":true,"href":"https:\/\/vieassociative.be\/actualites\/wp-json\/wp\/v2\/comments?post=11554"}],"version-history":[{"count":0,"href":"https:\/\/vieassociative.be\/actualites\/wp-json\/wp\/v2\/posts\/11554\/revisions"}],"wp:featuredmedia":[{"embeddable":true,"href":"https:\/\/vieassociative.be\/actualites\/wp-json\/wp\/v2\/media\/11555"}],"wp:attachment":[{"href":"https:\/\/vieassociative.be\/actualites\/wp-json\/wp\/v2\/media?parent=11554"}],"wp:term":[{"taxonomy":"category","embeddable":true,"href":"https:\/\/vieassociative.be\/actualites\/wp-json\/wp\/v2\/categories?post=11554"},{"taxonomy":"post_tag","embeddable":true,"href":"https:\/\/vieassociative.be\/actualites\/wp-json\/wp\/v2\/tags?post=11554"}],"curies":[{"name":"wp","href":"https:\/\/api.w.org\/{rel}","templated":true}]}}