{"id":11552,"date":"2025-11-26T14:17:12","date_gmt":"2025-11-26T13:17:12","guid":{"rendered":"https:\/\/vieassociative.be\/actualites\/nachetez-rien-dans-le-cadre-de-loffre-du-black-friday-dapple-2\/"},"modified":"2025-11-26T14:17:12","modified_gmt":"2025-11-26T13:17:12","slug":"nachetez-rien-dans-le-cadre-de-loffre-du-black-friday-dapple-2","status":"publish","type":"post","link":"https:\/\/vieassociative.be\/actualites\/nachetez-rien-dans-le-cadre-de-loffre-du-black-friday-dapple-2\/","title":{"rendered":"N&rsquo;achetez rien dans le cadre de l&rsquo;offre du Black Friday d&rsquo;Apple"},"content":{"rendered":"<div class=\"mt-4 leading-6 md:mb-8\">Il existe de meilleures fa\u00e7ons d\u2019\u00e9conomiser sur les produits Apple pendant la p\u00e9riode des f\u00eates.<\/div>\n<p><\/p>\n<p><em>Les ventes du Black Friday commencent officiellement le vendredi 28 novembre et se poursuivent jusqu&rsquo;au Cyber \u200b\u200bMonday, le 1er d\u00e9cembre, et Vie Associative partage les meilleures ventes bas\u00e9es sur des critiques de produits, des comparaisons et des outils de suivi des prix avant leur fin. <\/em><\/p>\n<ul>\n<li>\n<p><em>Suivez notre blog en direct<\/em><em>  pour rester au courant des meilleures ventes que nous trouvons.<\/em><\/p>\n<\/li>\n<li>\n<p><em>Parcourez les choix de nos r\u00e9dacteurs<\/em><em>  pour une liste organis\u00e9e de nos ventes pr\u00e9f\u00e9r\u00e9es sur les ordinateurs portables, les technologies de fitness, les appareils \u00e9lectrom\u00e9nagers et plus encore.<\/em><\/p>\n<\/li>\n<li>\n<p><em>Abonnez-vous \u00e0 notre newsletter shopping<\/em><em>Ajoutez au panier, pour les meilleures ventes envoy\u00e9es dans votre bo\u00eete de r\u00e9ception.<\/em><\/p>\n<\/li>\n<li>\n<p><em>Les ventes sont exactes au moment de la publication, mais les prix et les stocks sont toujours sujets \u00e0 changement. <\/em><\/p>\n<\/li>\n<\/ul>\n<hr>\n<p>Les produits Apple sont notoirement chers. En tant que tel, vous attendiez peut-\u00eatre d&rsquo;acheter un nouveau MacBook ou iPad jusqu&rsquo;\u00e0 maintenant, alors qu&rsquo;il y a une chance que les ventes du Black Friday et du Cyber \u200b\u200b\u200b\u200bMonday r\u00e9duisent ces co\u00fbts. Et en effet, Apple organise cette ann\u00e9e une promotion Black Friday, valable \u00e0 l\u2019achat d\u2019un appareil Apple \u00e9ligible. Mais voici le probl\u00e8me : si vous voulez le meilleur prix, vous ne devriez probablement pas acheter de produits Apple directement aupr\u00e8s d&rsquo;Apple pendant le Black Friday ou le Cyber \u200b\u200bMonday. <\/p>\n<h2 id=\"what-is-apples-black-friday-deal\">Qu&rsquo;est-ce que l&rsquo;offre Black Friday d&rsquo;Apple ?<\/h2>\n<p>Selon le site officiel de l&rsquo;Apple Store Shopping Event, la promotion de l&rsquo;entreprise commence le Black Friday (28 novembre) et se termine le 1er d\u00e9cembre (Cyber \u200b\u200bMonday). Pendant cette p\u00e9riode, aucun produit Apple ne sera r\u00e9ellement en vente : les MacBook Air commenceront toujours \u00e0 999 $, tandis que les AirPods Max vous co\u00fbteront toujours la somme \u00e9norme de 549 $. Vous voyez, plut\u00f4t que de r\u00e9duire les prix, Apple propose \u00e0 ses clients une carte-cadeau Apple \u00e0 l\u2019achat d\u2019un appareil Apple. <\/p>\n<p>La valeur de cette carte-cadeau d\u00e9pend du produit que vous achetez\u00a0:<\/p>\n<ul>\n<li>\n<p>Apple annonce que vous pouvez recevoir une carte-cadeau allant jusqu&rsquo;\u00e0 250 $, mais celle-ci n&rsquo;est disponible que pour les clients qui ach\u00e8tent un nouveau MacBook. <\/p>\n<\/li>\n<li>\n<p>Si vous achetez un iPad Air, un iPad A16 ou un iPad mini, vous obtenez 100 $. (Les iPad Pro sont exclus de l\u2019accord.) <\/p>\n<\/li>\n<li>\n<p>Si vous achetez un iPhone 16 ou un iPhone 16e, vous obtenez 75 $. (Il n\u2019y a pas non plus de cartes-cadeaux lors de l\u2019achat d\u2019un appareil iPhone 17.) <\/p>\n<\/li>\n<li>\n<p>Vous pouvez \u00e9galement obtenir une carte-cadeau de 75 $ lorsque vous achetez des AirPods Max, des AirPods Pro 3 ou des AirPods 4. <\/p>\n<\/li>\n<li>\n<p>Les clients Apple Watch Series 11 ou SE 3 re\u00e7oivent 50 $, tout comme ceux qui ach\u00e8tent un HomePod, une Apple TV 4K ou l&rsquo;un des produits Beats suivants : Beats Studio Pro, Powerbeats Pro 2, Beats Solo 4, Beats Studio Buds + ou Beats Pill. <\/p>\n<\/li>\n<li>\n<p>Vous pouvez \u00e9galement obtenir une carte-cadeau de 25 $ \u00e0 l\u2019achat d\u2019un Magic Keyboard pour iPad Air, d\u2019un Magic Keyboard Folio pour iPad A16 ou d\u2019un Apple Pencil Pro. <\/p>\n<\/li>\n<\/ul>\n<p>Une carte-cadeau Apple n&rsquo;est pas n\u00e9cessairement un mauvais accompagnement pour l&rsquo;un de ces achats. Si vous aviez le choix entre acheter un MacBook \u00e0 1 000 $ avec une carte-cadeau de 250 $ ou acheter un MacBook \u00e0 1 000 $ sans carte-cadeau de 250 $, je sais quel choix vous feriez. Mais le probl\u00e8me n&rsquo;est pas la carte-cadeau elle-m\u00eame, mais le fait que d&rsquo;autres magasins proposent des offres d&rsquo;une valeur similaire dans <em>r\u00e9ductions<\/em>.  <\/p>\n<h2 id=\"there-are-better-ways-to-save-money-on-apple-products\">Il existe de meilleures fa\u00e7ons d&rsquo;\u00e9conomiser de l&rsquo;argent sur les produits Apple<\/h2>\n<p>Consid\u00e9rons ce MacBook Air. Pour 999 $, vous pouvez vous procurer le MacBook Air M4 de base aupr\u00e8s d&rsquo;Apple et obtenir une carte-cadeau de 250 $ pendant que vous y \u00eates. Mais jetez un \u0153il \u00e0 ce m\u00eame MacBook Air sur Amazon et vous constaterez que la machine co\u00fbte actuellement 250 $. <em>moins cher<\/em> que chez Apple. Pour 749 $, vous pouvez avoir un ordinateur portable pour lequel Apple vous facture 999 $. Et m\u00eame si l&rsquo;acheter aupr\u00e8s d&rsquo;Apple du 28 novembre au 1er d\u00e9cembre vous rapporte une carte-cadeau de 250 $, vous ne pouvez pas l&rsquo;utiliser r\u00e9troactivement sur votre MacBook Air. Au lieu de cela, vous devrez l&rsquo;utiliser lors d&rsquo;un autre achat via Apple. Amazon vous offre ce montant d\u00e8s le d\u00e9part\u00a0:<em>et <\/em>vous paierez moins de taxe de vente.<\/p>\n<div class=\"pogoClear mb-12 mt-10 rounded-md border-2 border-gray-100 py-7 shadow-xl md:py-6\">\n<div class=\"flex flex-wrap justify-between px-7 text-black no-underline md:flex-nowrap md:px-8\">\n<div class=\"order-1 mx-auto flex flex-col justify-center md:order-2 md:ml-4 md:w-full md:grow\">\n<div class=\"block cursor-pointer text-center font-akshar text-2xl font-medium leading-7 text-brand-green duration-200 ease-in-out hover:text-brand-green-700 md:text-left md:text-xl md:leading-6\">MacBook Air M4\n                <\/div>\n<div class=\"mt-4 hidden md:flex md:justify-between\">\n<div class=\"self-end\">\n<div class=\"mb-0 h-11 md:flex md:flex-col md:justify-center\">\n<div class=\" font-sans leading-4 text-black\">\n<div class=\"flex flex-wrap items-center justify-center gap-1 md:justify-start\">\n        <span class=\"font-bold\"><\/p>\n<p>            749,00\u00a0$<br \/>\n                            <span class=\"font-medium\">chez Best Buy<\/span><br \/>\n                    <\/span>\n            <\/div>\n<div class=\"flex items-center justify-center gap-x-1 font-bold md:justify-start\">\n            <span class=\"text-sm line-through\">999,00\u00a0$<\/span><br \/>\n            <span class=\"text-sm text-brand-green\">\u00c9conomisez 250,00\u00a0$<\/span>\n        <\/div>\n<\/p><\/div>\n<\/p><\/div>\n<\/p><\/div>\n<div class=\"w-44 self-end\">\n                            <button class=\"flex justify-center items-center w-full bg-brand-green text-white text-base font-sans font-medium rounded-md hover:bg-brand-green-700 hover:cursor-pointer md:text-sm h-11\"><\/p>\n<p>    Obtenez une offre<br \/>\n<\/button>\n                        <\/div>\n<\/p><\/div>\n<\/p><\/div>\n<div class=\"order-2 mt-5 h-auto w-full md:order-1 md:mt-0 md:hidden\">\n<div class=\"flex aspect-video items-center justify-center\">\n                                            <img decoding=\"async\" class=\"m-0 max-h-full max-w-full rounded-md\" src=\"https:\/\/vieassociative.be\/actualites\/wp-content\/uploads\/2025\/11\/Ce-premier-accord-du-Black-Friday-rend-le-MacBook-Air.jpg\" alt=\"Apple MacBook M4 Puce 256 Go SSD 16 Go RAM 13,6\" laptop width=\"auto\" height=\"auto\" loading=\"lazy\">\n                                    <\/div>\n<\/p><\/div>\n<div class=\"order-2 ml-2 hidden w-32 shrink-0 items-center md:order-1 md:ml-0 md:flex\">\n<div class=\"flex aspect-video items-center justify-center\">\n                                            <img decoding=\"async\" class=\"m-0 max-h-full max-w-full rounded-md\" src=\"https:\/\/vieassociative.be\/actualites\/wp-content\/uploads\/2025\/11\/Ce-premier-accord-du-Black-Friday-rend-le-MacBook-Air.jpg\" alt=\"Apple MacBook M4 Puce 256 Go SSD 16 Go RAM 13,6\" laptop width=\"auto\" height=\"auto\" loading=\"lazy\">\n                                    <\/div>\n<\/p><\/div>\n<div class=\"order-3 flex grow flex-wrap md:hidden md:grow-0\">\n<div class=\"mt-4 w-full\">\n                        <button class=\"flex justify-center items-center w-full bg-brand-green text-white text-base font-sans font-medium rounded-md hover:bg-brand-green-700 hover:cursor-pointer md:text-sm h-11\"><\/p>\n<p>    Obtenez une offre<br \/>\n<\/button>\n                    <\/div>\n<div class=\"mx-2 mt-4 w-full\">\n<div class=\" font-sans leading-4 text-black\">\n<div class=\"flex flex-wrap items-center justify-center gap-1 md:justify-start\">\n        <span class=\"font-bold\"><\/p>\n<p>            749,00\u00a0$<br \/>\n                            <span class=\"font-medium\">chez Best Buy<\/span><br \/>\n                    <\/span>\n            <\/div>\n<div class=\"flex items-center justify-center gap-x-1 font-bold md:justify-start\">\n            <span class=\"text-sm line-through\">999,00\u00a0$<\/span><br \/>\n            <span class=\"text-sm text-brand-green\">\u00c9conomisez 250,00\u00a0$<\/span>\n        <\/div>\n<\/p><\/div>\n<\/p><\/div>\n<\/p><\/div>\n<\/p><\/div>\n<\/div>\n<p>De m\u00eame, vous pouvez acheter les AirPods 4 d&rsquo;Apple avec suppression active du bruit sur Amazon pour 99,99 $. Cette m\u00eame paire vous co\u00fbtera 179 $ chez Apple, ce qui signifie que vous \u00e9conomisez plus que la carte-cadeau Apple de 75 $ que vous recevriez pour votre achat direct \u00e0 Cupertino. Il en va de m\u00eame pour les AirPods Max, qui b\u00e9n\u00e9ficient actuellement d&rsquo;une r\u00e9duction de 120 $ sur Amazon, battant \u00e9galement la carte-cadeau de 75 $.  <\/p>\n<p>Pour \u00eatre honn\u00eate, tous les appareils Apple ne b\u00e9n\u00e9ficient pas du m\u00eame niveau de remises chez d\u2019autres d\u00e9taillants. Les AirPods Pro 3, par exemple, co\u00fbtent actuellement 219,99 $ dans la plupart des magasins. C&rsquo;est une r\u00e9duction de 30 $, ce qui n&rsquo;est pas rien, mais vous obtiendrez une carte-cadeau de 75 $ chez Apple pour le m\u00eame produit. Vous pr\u00e9f\u00e9rerez peut-\u00eatre ce dernier sc\u00e9nario dans ce sc\u00e9nario, \u00e0 condition que vous envisagez de d\u00e9penser plus d&rsquo;argent chez Apple. <\/p>\n<p>Voici un autre exemple de cette r\u00e9partition\u00a0: l&rsquo;iPad Air est actuellement \u00e0 150\u00a0$ de r\u00e9duction sur Amazon, soit 50\u00a0$ de plus que la carte-cadeau de 100\u00a0$ qu&rsquo;Apple vous offrirait. Mais l\u2019iPad A16 ne co\u00fbte que 75 $ de r\u00e9duction, soit 25 $ de moins que la m\u00eame carte-cadeau de 100 $. L&rsquo;Apple Watch SE 3 est exactement aussi r\u00e9duite que le prix de sa carte-cadeau (50 $), tandis que la s\u00e9rie 11 de 46 mm est \u00e0 60 $ de r\u00e9duction, soit un avantage de 10 $ pour Amazon.  <\/p>\n<p>Maintenant, peut-\u00eatre que l&rsquo;offre de carte-cadeau vous convient : peut-\u00eatre avez-vous plusieurs produits Apple sur votre liste de souhaits, ou achetez-vous un certain nombre d&rsquo;appareils pour des personnes en cadeau, ou souhaitez-vous offrir la carte-cadeau elle-m\u00eame en cadeau. Si tel est le cas, bien s\u00fbr, ces cartes-cadeaux vous seront certainement utiles. Mais mon conseil est le suivant : examinez attentivement le prix du produit que vous souhaitez acheter dans les diff\u00e9rents magasins et voyez lequel le vend le moins cher. Je suppose que pour la grande majorit\u00e9 des appareils Apple b\u00e9n\u00e9ficiant de cette promotion, vous feriez mieux de profiter de la r\u00e9duction sur la carte-cadeau, surtout s&rsquo;il s&rsquo;agit du seul achat Apple que vous effectuez dans un avenir proche.  <\/p>\n<hr>\n<h2 id=\"does-amazon-have-black-friday-deals\">Amazon propose-t-il des offres Black Friday ?<\/h2>\n<p>Oui, Amazon propose des ventes Black Friday, mais les prix ne sont pas toujours ce qu&rsquo;ils semblent \u00eatre. Utilisez un outil de suivi des prix pour vous assurer d&rsquo;obtenir la meilleure offre, ou reportez-vous \u00e0 des guides comme notre blog en direct qui utilisent des outils de suivi des prix pour vous. Et si vous disposez d\u2019un abonnement Amazon Prime, profitez-en.<\/p>\n<h2 id=\"what-stores-have-the-best-sales-on-black-friday\">Quels magasins proposent les meilleures ventes le Black Friday ?<\/h2>\n<p>De nos jours, les grands d\u00e9taillants et les petites entreprises se disputent les acheteurs du Black Friday, vous pouvez donc vous attendre \u00e0 ce que pratiquement tous les magasins r\u00e9alisent des soldes jusqu&rsquo;au lundi 1er d\u00e9cembre 2025. Les \u00ab meilleures \u00bb ventes d\u00e9pendent de vos besoins, mais en g\u00e9n\u00e9ral, les remises les plus importantes ont tendance \u00e0 provenir de grands d\u00e9taillants qui peuvent se permettre des prix plus bas : pensez \u00e0 des endroits comme Amazon, Walmart, Target, Best Buy et Home Depot. Vous pouvez retrouver toutes les meilleures ventes des grands d\u00e9taillants sur notre blog en direct. <\/p>\n<h2 id=\"are-black-friday-deals-worth-it\">Les offres du Black Friday en valent-elles la peine ?<\/h2>\n<p>Bref, oui, le Black Friday propose toujours des r\u00e9ductions qui peuvent \u00eatre rares sur le reste de l&rsquo;ann\u00e9e. Si vous souhaitez acheter quelque chose ou si vous achetez des cadeaux, c&rsquo;est le bon moment pour rechercher des r\u00e9ductions sur ce dont vous avez besoin, en particulier les ventes de technologies, de fournitures de r\u00e9novation domiciliaire et de technologies de fitness. Bien s\u00fbr, si vous avez besoin d\u2019\u00e9conomiser de l\u2019argent, la meilleure fa\u00e7on d\u2019\u00e9conomiser est de ne rien acheter.<\/p>\n","protected":false},"excerpt":{"rendered":"<p>Il existe de meilleures fa\u00e7ons d\u2019\u00e9conomiser sur les produits Apple pendant la p\u00e9riode des f\u00eates. Les ventes du Black Friday commencent officiellement le vendredi 28<\/p>\n","protected":false},"author":1,"featured_media":11553,"comment_status":"","ping_status":"","sticky":false,"template":"","format":"standard","meta":{"footnotes":""},"categories":[13],"tags":[73,1333,166,590,1255,9368,2169,892],"class_list":["post-11552","post","type-post","status-publish","format-standard","has-post-thumbnail","hentry","category-technologie","tag-black","tag-cadre","tag-dans","tag-dapple","tag-friday","tag-loffre","tag-nachetez","tag-rien","generate-columns","tablet-grid-50","mobile-grid-100","grid-parent","grid-33"],"yoast_head":"<!-- This site is optimized with the Yoast SEO plugin v24.0 - https:\/\/yoast.com\/wordpress\/plugins\/seo\/ -->\n<title>N&#039;achetez rien dans le cadre de l&#039;offre du Black Friday d&#039;Apple | Vie Associative<\/title>\n<meta name=\"robots\" content=\"index, follow, max-snippet:-1, max-image-preview:large, max-video-preview:-1\" \/>\n<link rel=\"canonical\" href=\"https:\/\/vieassociative.be\/actualites\/nachetez-rien-dans-le-cadre-de-loffre-du-black-friday-dapple-2\/\" \/>\n<meta property=\"og:locale\" content=\"fr_FR\" \/>\n<meta property=\"og:type\" content=\"article\" \/>\n<meta property=\"og:title\" content=\"N&#039;achetez rien dans le cadre de l&#039;offre du Black Friday d&#039;Apple | Vie Associative\" \/>\n<meta property=\"og:description\" content=\"Il existe de meilleures fa\u00e7ons d\u2019\u00e9conomiser sur les produits Apple pendant la p\u00e9riode des f\u00eates. Les ventes du Black Friday commencent officiellement le vendredi 28\" \/>\n<meta property=\"og:url\" content=\"https:\/\/vieassociative.be\/actualites\/nachetez-rien-dans-le-cadre-de-loffre-du-black-friday-dapple-2\/\" \/>\n<meta property=\"og:site_name\" content=\"Vie Associative\" \/>\n<meta property=\"article:published_time\" content=\"2025-11-26T13:17:12+00:00\" \/>\n<meta property=\"og:image\" content=\"https:\/\/vieassociative.be\/actualites\/wp-content\/uploads\/2025\/11\/Ce-premier-accord-du-Black-Friday-rend-le-MacBook-Air.jpg\" \/>\n<meta name=\"author\" content=\"Julien\" \/>\n<meta name=\"twitter:card\" content=\"summary_large_image\" \/>\n<meta name=\"twitter:label1\" content=\"\u00c9crit par\" \/>\n\t<meta name=\"twitter:data1\" content=\"Julien\" \/>\n\t<meta name=\"twitter:label2\" content=\"Dur\u00e9e de lecture est.\" \/>\n\t<meta name=\"twitter:data2\" content=\"7 minutes\" \/>\n<script type=\"application\/ld+json\" class=\"yoast-schema-graph\">{\"@context\":\"https:\/\/schema.org\",\"@graph\":[{\"@type\":\"Article\",\"@id\":\"https:\/\/vieassociative.be\/actualites\/nachetez-rien-dans-le-cadre-de-loffre-du-black-friday-dapple-2\/#article\",\"isPartOf\":{\"@id\":\"https:\/\/vieassociative.be\/actualites\/nachetez-rien-dans-le-cadre-de-loffre-du-black-friday-dapple-2\/\"},\"author\":{\"name\":\"Julien\",\"@id\":\"https:\/\/vieassociative.be\/actualites\/#\/schema\/person\/b87ac4f82f9d4e7b7cec7395b679edc4\"},\"headline\":\"N&rsquo;achetez rien dans le cadre de l&rsquo;offre du Black Friday d&rsquo;Apple\",\"datePublished\":\"2025-11-26T13:17:12+00:00\",\"dateModified\":\"2025-11-26T13:17:12+00:00\",\"mainEntityOfPage\":{\"@id\":\"https:\/\/vieassociative.be\/actualites\/nachetez-rien-dans-le-cadre-de-loffre-du-black-friday-dapple-2\/\"},\"wordCount\":1420,\"publisher\":{\"@id\":\"https:\/\/vieassociative.be\/actualites\/#organization\"},\"image\":{\"@id\":\"https:\/\/vieassociative.be\/actualites\/nachetez-rien-dans-le-cadre-de-loffre-du-black-friday-dapple-2\/#primaryimage\"},\"thumbnailUrl\":\"https:\/\/vieassociative.be\/actualites\/wp-content\/uploads\/2025\/11\/1764163033_Nachetez-rien-dans-le-cadre-de-loffre-du-Black-Friday.jpg\",\"keywords\":[\"Black\",\"cadre\",\"dans\",\"dApple\",\"Friday\",\"loffre\",\"Nachetez\",\"rien\"],\"articleSection\":[\"Technologie\"],\"inLanguage\":\"fr-BE\"},{\"@type\":\"WebPage\",\"@id\":\"https:\/\/vieassociative.be\/actualites\/nachetez-rien-dans-le-cadre-de-loffre-du-black-friday-dapple-2\/\",\"url\":\"https:\/\/vieassociative.be\/actualites\/nachetez-rien-dans-le-cadre-de-loffre-du-black-friday-dapple-2\/\",\"name\":\"N'achetez rien dans le cadre de l'offre du Black Friday d'Apple | Vie Associative\",\"isPartOf\":{\"@id\":\"https:\/\/vieassociative.be\/actualites\/#website\"},\"primaryImageOfPage\":{\"@id\":\"https:\/\/vieassociative.be\/actualites\/nachetez-rien-dans-le-cadre-de-loffre-du-black-friday-dapple-2\/#primaryimage\"},\"image\":{\"@id\":\"https:\/\/vieassociative.be\/actualites\/nachetez-rien-dans-le-cadre-de-loffre-du-black-friday-dapple-2\/#primaryimage\"},\"thumbnailUrl\":\"https:\/\/vieassociative.be\/actualites\/wp-content\/uploads\/2025\/11\/1764163033_Nachetez-rien-dans-le-cadre-de-loffre-du-Black-Friday.jpg\",\"datePublished\":\"2025-11-26T13:17:12+00:00\",\"dateModified\":\"2025-11-26T13:17:12+00:00\",\"breadcrumb\":{\"@id\":\"https:\/\/vieassociative.be\/actualites\/nachetez-rien-dans-le-cadre-de-loffre-du-black-friday-dapple-2\/#breadcrumb\"},\"inLanguage\":\"fr-BE\",\"potentialAction\":[{\"@type\":\"ReadAction\",\"target\":[\"https:\/\/vieassociative.be\/actualites\/nachetez-rien-dans-le-cadre-de-loffre-du-black-friday-dapple-2\/\"]}]},{\"@type\":\"ImageObject\",\"inLanguage\":\"fr-BE\",\"@id\":\"https:\/\/vieassociative.be\/actualites\/nachetez-rien-dans-le-cadre-de-loffre-du-black-friday-dapple-2\/#primaryimage\",\"url\":\"https:\/\/vieassociative.be\/actualites\/wp-content\/uploads\/2025\/11\/1764163033_Nachetez-rien-dans-le-cadre-de-loffre-du-Black-Friday.jpg\",\"contentUrl\":\"https:\/\/vieassociative.be\/actualites\/wp-content\/uploads\/2025\/11\/1764163033_Nachetez-rien-dans-le-cadre-de-loffre-du-Black-Friday.jpg\",\"width\":1200,\"height\":675,\"caption\":\"N'achetez rien dans le cadre de l'offre du Black Friday d'Apple\"},{\"@type\":\"BreadcrumbList\",\"@id\":\"https:\/\/vieassociative.be\/actualites\/nachetez-rien-dans-le-cadre-de-loffre-du-black-friday-dapple-2\/#breadcrumb\",\"itemListElement\":[{\"@type\":\"ListItem\",\"position\":1,\"name\":\"Accueil\",\"item\":\"https:\/\/vieassociative.be\/actualites\/\"},{\"@type\":\"ListItem\",\"position\":2,\"name\":\"N&rsquo;achetez rien dans le cadre de l&rsquo;offre du Black Friday d&rsquo;Apple\"}]},{\"@type\":\"WebSite\",\"@id\":\"https:\/\/vieassociative.be\/actualites\/#website\",\"url\":\"https:\/\/vieassociative.be\/actualites\/\",\"name\":\"Vie Associative\",\"description\":\"\",\"publisher\":{\"@id\":\"https:\/\/vieassociative.be\/actualites\/#organization\"},\"potentialAction\":[{\"@type\":\"SearchAction\",\"target\":{\"@type\":\"EntryPoint\",\"urlTemplate\":\"https:\/\/vieassociative.be\/actualites\/?s={search_term_string}\"},\"query-input\":{\"@type\":\"PropertyValueSpecification\",\"valueRequired\":true,\"valueName\":\"search_term_string\"}}],\"inLanguage\":\"fr-BE\"},{\"@type\":\"Organization\",\"@id\":\"https:\/\/vieassociative.be\/actualites\/#organization\",\"name\":\"Vie Associative\",\"url\":\"https:\/\/vieassociative.be\/actualites\/\",\"logo\":{\"@type\":\"ImageObject\",\"inLanguage\":\"fr-BE\",\"@id\":\"https:\/\/vieassociative.be\/actualites\/#\/schema\/logo\/image\/\",\"url\":\"https:\/\/vieassociative.be\/actualites\/wp-content\/uploads\/2024\/09\/cropped-vieassociative_favicon.ico.png\",\"contentUrl\":\"https:\/\/vieassociative.be\/actualites\/wp-content\/uploads\/2024\/09\/cropped-vieassociative_favicon.ico.png\",\"width\":512,\"height\":512,\"caption\":\"Vie Associative\"},\"image\":{\"@id\":\"https:\/\/vieassociative.be\/actualites\/#\/schema\/logo\/image\/\"}},{\"@type\":\"Person\",\"@id\":\"https:\/\/vieassociative.be\/actualites\/#\/schema\/person\/b87ac4f82f9d4e7b7cec7395b679edc4\",\"name\":\"Julien\",\"image\":{\"@type\":\"ImageObject\",\"inLanguage\":\"fr-BE\",\"@id\":\"https:\/\/vieassociative.be\/actualites\/#\/schema\/person\/image\/\",\"url\":\"https:\/\/vieassociative.be\/actualites\/wp-content\/uploads\/2024\/09\/vie-associative-1-150x150.jpg\",\"contentUrl\":\"https:\/\/vieassociative.be\/actualites\/wp-content\/uploads\/2024\/09\/vie-associative-1-150x150.jpg\",\"caption\":\"Julien\"},\"description\":\"Je suis Julien, r\u00e9dacteur pour Vie Associative. Passionn\u00e9 par le monde associatif depuis plus de 10 ans, j'ai \u00e0 c\u0153ur de partager des histoires inspirantes et de mettre en lumi\u00e8re les initiatives locales. Mon objectif est de sensibiliser et d'encourager l'engagement communautaire \u00e0 travers mes articles.\",\"sameAs\":[\"https:\/\/vieassociative.be\/\"]}]}<\/script>\n<!-- \/ Yoast SEO plugin. -->","yoast_head_json":{"title":"N'achetez rien dans le cadre de l'offre du Black Friday d'Apple | Vie Associative","robots":{"index":"index","follow":"follow","max-snippet":"max-snippet:-1","max-image-preview":"max-image-preview:large","max-video-preview":"max-video-preview:-1"},"canonical":"https:\/\/vieassociative.be\/actualites\/nachetez-rien-dans-le-cadre-de-loffre-du-black-friday-dapple-2\/","og_locale":"fr_FR","og_type":"article","og_title":"N'achetez rien dans le cadre de l'offre du Black Friday d'Apple | Vie Associative","og_description":"Il existe de meilleures fa\u00e7ons d\u2019\u00e9conomiser sur les produits Apple pendant la p\u00e9riode des f\u00eates. Les ventes du Black Friday commencent officiellement le vendredi 28","og_url":"https:\/\/vieassociative.be\/actualites\/nachetez-rien-dans-le-cadre-de-loffre-du-black-friday-dapple-2\/","og_site_name":"Vie Associative","article_published_time":"2025-11-26T13:17:12+00:00","og_image":[{"url":"https:\/\/vieassociative.be\/actualites\/wp-content\/uploads\/2025\/11\/Ce-premier-accord-du-Black-Friday-rend-le-MacBook-Air.jpg","type":"","width":"","height":""}],"author":"Julien","twitter_card":"summary_large_image","twitter_misc":{"\u00c9crit par":"Julien","Dur\u00e9e de lecture est.":"7 minutes"},"schema":{"@context":"https:\/\/schema.org","@graph":[{"@type":"Article","@id":"https:\/\/vieassociative.be\/actualites\/nachetez-rien-dans-le-cadre-de-loffre-du-black-friday-dapple-2\/#article","isPartOf":{"@id":"https:\/\/vieassociative.be\/actualites\/nachetez-rien-dans-le-cadre-de-loffre-du-black-friday-dapple-2\/"},"author":{"name":"Julien","@id":"https:\/\/vieassociative.be\/actualites\/#\/schema\/person\/b87ac4f82f9d4e7b7cec7395b679edc4"},"headline":"N&rsquo;achetez rien dans le cadre de l&rsquo;offre du Black Friday d&rsquo;Apple","datePublished":"2025-11-26T13:17:12+00:00","dateModified":"2025-11-26T13:17:12+00:00","mainEntityOfPage":{"@id":"https:\/\/vieassociative.be\/actualites\/nachetez-rien-dans-le-cadre-de-loffre-du-black-friday-dapple-2\/"},"wordCount":1420,"publisher":{"@id":"https:\/\/vieassociative.be\/actualites\/#organization"},"image":{"@id":"https:\/\/vieassociative.be\/actualites\/nachetez-rien-dans-le-cadre-de-loffre-du-black-friday-dapple-2\/#primaryimage"},"thumbnailUrl":"https:\/\/vieassociative.be\/actualites\/wp-content\/uploads\/2025\/11\/1764163033_Nachetez-rien-dans-le-cadre-de-loffre-du-Black-Friday.jpg","keywords":["Black","cadre","dans","dApple","Friday","loffre","Nachetez","rien"],"articleSection":["Technologie"],"inLanguage":"fr-BE"},{"@type":"WebPage","@id":"https:\/\/vieassociative.be\/actualites\/nachetez-rien-dans-le-cadre-de-loffre-du-black-friday-dapple-2\/","url":"https:\/\/vieassociative.be\/actualites\/nachetez-rien-dans-le-cadre-de-loffre-du-black-friday-dapple-2\/","name":"N'achetez rien dans le cadre de l'offre du Black Friday d'Apple | Vie Associative","isPartOf":{"@id":"https:\/\/vieassociative.be\/actualites\/#website"},"primaryImageOfPage":{"@id":"https:\/\/vieassociative.be\/actualites\/nachetez-rien-dans-le-cadre-de-loffre-du-black-friday-dapple-2\/#primaryimage"},"image":{"@id":"https:\/\/vieassociative.be\/actualites\/nachetez-rien-dans-le-cadre-de-loffre-du-black-friday-dapple-2\/#primaryimage"},"thumbnailUrl":"https:\/\/vieassociative.be\/actualites\/wp-content\/uploads\/2025\/11\/1764163033_Nachetez-rien-dans-le-cadre-de-loffre-du-Black-Friday.jpg","datePublished":"2025-11-26T13:17:12+00:00","dateModified":"2025-11-26T13:17:12+00:00","breadcrumb":{"@id":"https:\/\/vieassociative.be\/actualites\/nachetez-rien-dans-le-cadre-de-loffre-du-black-friday-dapple-2\/#breadcrumb"},"inLanguage":"fr-BE","potentialAction":[{"@type":"ReadAction","target":["https:\/\/vieassociative.be\/actualites\/nachetez-rien-dans-le-cadre-de-loffre-du-black-friday-dapple-2\/"]}]},{"@type":"ImageObject","inLanguage":"fr-BE","@id":"https:\/\/vieassociative.be\/actualites\/nachetez-rien-dans-le-cadre-de-loffre-du-black-friday-dapple-2\/#primaryimage","url":"https:\/\/vieassociative.be\/actualites\/wp-content\/uploads\/2025\/11\/1764163033_Nachetez-rien-dans-le-cadre-de-loffre-du-Black-Friday.jpg","contentUrl":"https:\/\/vieassociative.be\/actualites\/wp-content\/uploads\/2025\/11\/1764163033_Nachetez-rien-dans-le-cadre-de-loffre-du-Black-Friday.jpg","width":1200,"height":675,"caption":"N'achetez rien dans le cadre de l'offre du Black Friday d'Apple"},{"@type":"BreadcrumbList","@id":"https:\/\/vieassociative.be\/actualites\/nachetez-rien-dans-le-cadre-de-loffre-du-black-friday-dapple-2\/#breadcrumb","itemListElement":[{"@type":"ListItem","position":1,"name":"Accueil","item":"https:\/\/vieassociative.be\/actualites\/"},{"@type":"ListItem","position":2,"name":"N&rsquo;achetez rien dans le cadre de l&rsquo;offre du Black Friday d&rsquo;Apple"}]},{"@type":"WebSite","@id":"https:\/\/vieassociative.be\/actualites\/#website","url":"https:\/\/vieassociative.be\/actualites\/","name":"Vie Associative","description":"","publisher":{"@id":"https:\/\/vieassociative.be\/actualites\/#organization"},"potentialAction":[{"@type":"SearchAction","target":{"@type":"EntryPoint","urlTemplate":"https:\/\/vieassociative.be\/actualites\/?s={search_term_string}"},"query-input":{"@type":"PropertyValueSpecification","valueRequired":true,"valueName":"search_term_string"}}],"inLanguage":"fr-BE"},{"@type":"Organization","@id":"https:\/\/vieassociative.be\/actualites\/#organization","name":"Vie Associative","url":"https:\/\/vieassociative.be\/actualites\/","logo":{"@type":"ImageObject","inLanguage":"fr-BE","@id":"https:\/\/vieassociative.be\/actualites\/#\/schema\/logo\/image\/","url":"https:\/\/vieassociative.be\/actualites\/wp-content\/uploads\/2024\/09\/cropped-vieassociative_favicon.ico.png","contentUrl":"https:\/\/vieassociative.be\/actualites\/wp-content\/uploads\/2024\/09\/cropped-vieassociative_favicon.ico.png","width":512,"height":512,"caption":"Vie Associative"},"image":{"@id":"https:\/\/vieassociative.be\/actualites\/#\/schema\/logo\/image\/"}},{"@type":"Person","@id":"https:\/\/vieassociative.be\/actualites\/#\/schema\/person\/b87ac4f82f9d4e7b7cec7395b679edc4","name":"Julien","image":{"@type":"ImageObject","inLanguage":"fr-BE","@id":"https:\/\/vieassociative.be\/actualites\/#\/schema\/person\/image\/","url":"https:\/\/vieassociative.be\/actualites\/wp-content\/uploads\/2024\/09\/vie-associative-1-150x150.jpg","contentUrl":"https:\/\/vieassociative.be\/actualites\/wp-content\/uploads\/2024\/09\/vie-associative-1-150x150.jpg","caption":"Julien"},"description":"Je suis Julien, r\u00e9dacteur pour Vie Associative. Passionn\u00e9 par le monde associatif depuis plus de 10 ans, j'ai \u00e0 c\u0153ur de partager des histoires inspirantes et de mettre en lumi\u00e8re les initiatives locales. Mon objectif est de sensibiliser et d'encourager l'engagement communautaire \u00e0 travers mes articles.","sameAs":["https:\/\/vieassociative.be\/"]}]}},"_links":{"self":[{"href":"https:\/\/vieassociative.be\/actualites\/wp-json\/wp\/v2\/posts\/11552"}],"collection":[{"href":"https:\/\/vieassociative.be\/actualites\/wp-json\/wp\/v2\/posts"}],"about":[{"href":"https:\/\/vieassociative.be\/actualites\/wp-json\/wp\/v2\/types\/post"}],"author":[{"embeddable":true,"href":"https:\/\/vieassociative.be\/actualites\/wp-json\/wp\/v2\/users\/1"}],"replies":[{"embeddable":true,"href":"https:\/\/vieassociative.be\/actualites\/wp-json\/wp\/v2\/comments?post=11552"}],"version-history":[{"count":0,"href":"https:\/\/vieassociative.be\/actualites\/wp-json\/wp\/v2\/posts\/11552\/revisions"}],"wp:featuredmedia":[{"embeddable":true,"href":"https:\/\/vieassociative.be\/actualites\/wp-json\/wp\/v2\/media\/11553"}],"wp:attachment":[{"href":"https:\/\/vieassociative.be\/actualites\/wp-json\/wp\/v2\/media?parent=11552"}],"wp:term":[{"taxonomy":"category","embeddable":true,"href":"https:\/\/vieassociative.be\/actualites\/wp-json\/wp\/v2\/categories?post=11552"},{"taxonomy":"post_tag","embeddable":true,"href":"https:\/\/vieassociative.be\/actualites\/wp-json\/wp\/v2\/tags?post=11552"}],"curies":[{"name":"wp","href":"https:\/\/api.w.org\/{rel}","templated":true}]}}