{"id":11549,"date":"2025-11-26T08:17:23","date_gmt":"2025-11-26T07:17:23","guid":{"rendered":"https:\/\/vieassociative.be\/actualites\/toutes-ces-montres-de-fitness-coutent-moins-de-250-pour-le-black-friday\/"},"modified":"2025-11-26T08:17:23","modified_gmt":"2025-11-26T07:17:23","slug":"toutes-ces-montres-de-fitness-coutent-moins-de-250-pour-le-black-friday","status":"publish","type":"post","link":"https:\/\/vieassociative.be\/actualites\/toutes-ces-montres-de-fitness-coutent-moins-de-250-pour-le-black-friday\/","title":{"rendered":"Toutes ces montres de fitness co\u00fbtent moins de 250 $ pour le Black Friday"},"content":{"rendered":"<div class=\"mt-4 leading-6 md:mb-8\">Les appareils portables de Garmin, Coros, Suunto et bien d\u2019autres sont en vente.<\/div>\n<p><\/p>\n<p><em>Les ventes du Black Friday commencent officiellement le vendredi 28 novembre et se poursuivent jusqu&rsquo;au Cyber \u200b\u200bMonday, le 1er d\u00e9cembre, et Vie Associative partage les meilleures ventes bas\u00e9es sur des critiques de produits, des comparaisons et des outils de suivi des prix avant leur fin. <\/em><\/p>\n<ul>\n<li>\n<p><em>Suivez notre blog en direct<\/em><em>  pour rester au courant des meilleures ventes que nous trouvons.<\/em><\/p>\n<\/li>\n<li>\n<p><em>Parcourez les choix de nos r\u00e9dacteurs<\/em><em>  pour une liste organis\u00e9e de nos ventes pr\u00e9f\u00e9r\u00e9es sur les ordinateurs portables, les technologies de fitness, les appareils \u00e9lectrom\u00e9nagers et plus encore.<\/em><\/p>\n<\/li>\n<li>\n<p><em>Abonnez-vous \u00e0 notre newsletter shopping<\/em><em>Ajoutez au panier, pour les meilleures ventes envoy\u00e9es dans votre bo\u00eete de r\u00e9ception.<\/em><\/p>\n<\/li>\n<li>\n<p><em>Les ventes sont exactes au moment de la publication, mais les prix et les stocks sont toujours sujets \u00e0 changement. <\/em><\/p>\n<\/li>\n<\/ul>\n<hr>\n<p>Je teste de nombreux appareils portables pour Vie Associative, et pour toutes les montres de fitness et montres intelligentes sophistiqu\u00e9es, je pense g\u00e9n\u00e9ralement que les mod\u00e8les d&rsquo;entr\u00e9e de gamme sont l&rsquo;option la plus utile pour le coureur moyen ou la personne ordinaire qui souhaite uniquement suivre un peu d&rsquo;exercice. <\/p>\n<p>Il existe de nombreuses superbes montres \u00e0 moins de 250 $, et avec les offres du Black Friday de cette semaine, certaines ont chut\u00e9 encore plus bas. Voici les meilleures offres sur de bonnes montres de fitness et de course que vous pouvez trouver actuellement dans cette gamme de prix.<\/p>\n<h2 id=\"the-best-black-friday-deals-on-garmin-forerunners\">Les meilleures offres du Black Friday sur les Garmin Forerunners<\/h2>\n<p>Je pense que le Forerunner 255 est probablement le Garmin le plus \u00e9conomique du march\u00e9, mais \u00e0 ce stade, il s&rsquo;agit d&rsquo;un mod\u00e8le plus ancien. Il fait toujours tr\u00e8s bien son travail, mais les prix peuvent \u00eatre impr\u00e9visibles et la plupart des annonces que vous trouverez concernent des unit\u00e9s r\u00e9nov\u00e9es. Il n&rsquo;y a rien de mal \u00e0 cela, assurez-vous simplement de bien comprendre ce que vous obtenez. Il existe deux tailles, 41 et 46 millim\u00e8tres, et chacune peut \u00eatre livr\u00e9e avec ou sans stockage de musique. A noter que le 255 dispose d&rsquo;un \u00e9cran MIP, une technologie plus ancienne qui a ses avantages et ses inconv\u00e9nients.<\/p>\n<ul>\n<li>\n<p>Garmin Forerunner 255 Music (46 mm), 229,99 $ remis \u00e0 neuf <\/p>\n<\/li>\n<li>\n<p>Garmin Forerunner 255S (41 mm, pas de stockage de musique) 249,99 $ remis \u00e0 neuf<\/p>\n<\/li>\n<\/ul>\n<p>Le Forerunner 165 est un autre bon choix d\u2019entr\u00e9e de gamme, et notre marathonien r\u00e9sident a ador\u00e9 le 165 Music. Comme le 255, il est disponible en version musicale et non musicale, mais il n\u2019existe qu\u2019une seule taille. Les deux sont en vente pour le Black Friday : <\/p>\n<ul>\n<li>\n<p>Garmin Forerunner 165, 199,99 $ (normalement 249,99 $)<\/p>\n<\/li>\n<li>\n<p>Garmin Forerunner 165 Music, 249,99 $ (normalement 299,99 $)<\/p>\n<\/li>\n<\/ul>\n<p>La prochaine \u00e9tape \u00e0 partir de l\u00e0 serait le Forerunner 265, qui fait l&rsquo;objet d&rsquo;une excellente vente, mais malheureusement, il ne rentre pas tout \u00e0 fait dans notre fourchette de prix cible : il est de 299,99 $. Le Forerunner 55, cependant, est en baisse \u00e0 149,99 $. Il s\u2019agit d\u2019une montre plus ancienne et simple, mais ce n\u2019est pas un mauvais choix si vous recherchez quelque chose de basique.<\/p>\n<h2 id=\"the-best-black-friday-deals-on-the-coros-pace-3-and-4\">Les meilleures offres du Black Friday sur les Coros Pace 3 et 4<\/h2>\n<p>Coros vient de lancer l&rsquo;AMOLED Pace 4 et a baiss\u00e9 le prix du MIP Pace 3. Mis \u00e0 part cette diff\u00e9rence de type d&rsquo;affichage, ils ont des fonctions similaires et sont tous deux d&rsquo;excellentes montres d&rsquo;entr\u00e9e de gamme. J&rsquo;ai test\u00e9 le Pace 4, qui poss\u00e8de une excellente autonomie et de nouvelles fonctionnalit\u00e9s vocales. Le Pace 3 est \u00e9galement un choix solide. Vous pouvez lire ma comparaison des deux ici. Ces prix ne sont pas n\u00e9cessairement des offres du Black Friday, mais si vous recherchez une bonne affaire, ils devraient certainement figurer sur votre liste. <\/p>\n<ul>\n<li>\n<p>Coros Pace 3\u00a0: 199,99\u00a0$ (auparavant 229,99\u00a0$)<\/p>\n<\/li>\n<li>\n<p>Coros Pace 4\u00a0: 249,99\u00a0$ (prix r\u00e9gulier)<\/p>\n<\/li>\n<\/ul>\n<h2 id=\"the-best-black-friday-deals-on-the-suunto-run\">Les meilleures offres du Black Friday sur le Suunto Run<\/h2>\n<p>Suunto fabrique d&rsquo;excellentes montres de fitness sous-estim\u00e9es. J&rsquo;ai ador\u00e9 la Suunto Run lorsque je l&rsquo;ai test\u00e9e. Il est en vente au prix de 199,99 $, normalement 249,99 $.<\/p>\n<h2 id=\"the-best-black-friday-deals-on-the-garmin-vivoactive-5-and-6\">Les meilleures offres du Black Friday sur les Garmin Vivoactive 5 et 6<\/h2>\n<p>J&rsquo;ai mentionn\u00e9 les Forerunners de Garmin ci-dessus, mais Garmin fabrique \u00e9galement des montres lifestyle. Ceux-ci ne sont pas sp\u00e9cifiquement ax\u00e9s sur la course \u00e0 pied, mais ils ont d&rsquo;excellentes fonctionnalit\u00e9s de fitness et seraient parfaits pour tout coureur occasionnel. Le Vivoactive 6 est le plus r\u00e9cent de cette gamme, ce qui rend le Vivoactive 5 encore plus abordable. J&rsquo;ai test\u00e9 les deux et je les ai appr\u00e9ci\u00e9s\u00a0; consultez mon avis sur le Vivoactive 6 pour en savoir plus sur les diff\u00e9rences entre les deux.<\/p>\n<ul>\n<li>\n<p>Garmin Vivoactive 5\u00a0:\u00a0184,99\u00a0$ (\u00e0 l&rsquo;origine 299,99\u00a0$, mais c&rsquo;est 229,99\u00a0$ depuis le lancement du Vivoactive 6)<\/p>\n<\/li>\n<li>\n<p>Garmin Vivoactive 6\u00a0: 249,99\u00a0$ (normalement 299,99\u00a0$)<\/p>\n<\/li>\n<\/ul>\n<hr>\n<h2 id=\"what-stores-have-the-best-sales-on-black-friday\">Quels magasins proposent les meilleures ventes le Black Friday ?<\/h2>\n<p>De nos jours, les grands d\u00e9taillants et les petites entreprises se disputent les acheteurs du Black Friday, vous pouvez donc vous attendre \u00e0 ce que pratiquement tous les magasins r\u00e9alisent des soldes jusqu&rsquo;au lundi 1er d\u00e9cembre 2025. Les \u00ab meilleures \u00bb ventes d\u00e9pendent de vos besoins, mais en g\u00e9n\u00e9ral, les remises les plus importantes ont tendance \u00e0 provenir de grands d\u00e9taillants qui peuvent se permettre des prix plus bas : pensez \u00e0 des endroits comme Amazon, Walmart, Target, Best Buy et Home Depot. Vous pouvez retrouver toutes les meilleures ventes des grands d\u00e9taillants sur notre blog en direct.<\/p>\n<h2 id=\"are-black-friday-deals-worth-it\">Les offres du Black Friday en valent-elles la peine ?<\/h2>\n<p>Bref, oui, le Black Friday propose toujours des r\u00e9ductions qui peuvent \u00eatre rares sur le reste de l&rsquo;ann\u00e9e. Si vous souhaitez acheter quelque chose ou si vous achetez des cadeaux, c&rsquo;est le bon moment pour rechercher des r\u00e9ductions sur ce dont vous avez besoin, en particulier les ventes de technologies, de fournitures de r\u00e9novation domiciliaire et de technologies de fitness. Bien s\u00fbr, si vous avez besoin d\u2019\u00e9conomiser de l\u2019argent, la meilleure fa\u00e7on d\u2019\u00e9conomiser est de ne rien acheter. <\/p>\n<h2 id=\"are-cyber-monday-deals-better-than-black-friday\">Les offres du Cyber \u200b\u200bMonday sont-elles meilleures que le Black Friday ?<\/h2>\n<p>Le Black Friday \u00e9tait autrefois r\u00e9serv\u00e9 aux grands d\u00e9taillants et aux technologies et appareils \u00e9lectrom\u00e9nagers plus chers, tandis que le Cyber \u200b\u200b\u200b\u200bMonday \u00e9tait destin\u00e9 aux technologies moins ch\u00e8res et donnait aux petites entreprises une chance de rivaliser en ligne. Mais aujourd\u2019hui, la distinction n\u2019a presque plus de sens. Tous les grands d\u00e9taillants proposeront des soldes les deux jours, et la meilleure solution est de savoir ce que vous voulez, d&rsquo;utiliser des outils de suivi des prix ou de vous r\u00e9f\u00e9rer \u00e0 des guides comme notre blog en direct qui utilisent des outils de suivi des prix pour vous, et de ne pas vous soucier de trouver le moment id\u00e9al.<\/p>\n","protected":false},"excerpt":{"rendered":"<p>Les appareils portables de Garmin, Coros, Suunto et bien d\u2019autres sont en vente. Les ventes du Black Friday commencent officiellement le vendredi 28 novembre et<\/p>\n","protected":false},"author":1,"featured_media":11550,"comment_status":"","ping_status":"","sticky":false,"template":"","format":"standard","meta":{"footnotes":""},"categories":[38],"tags":[73,248,2244,2703,1255,469,3684,81,62],"class_list":["post-11549","post","type-post","status-publish","format-standard","has-post-thumbnail","hentry","category-sante","tag-black","tag-ces","tag-coutent","tag-fitness","tag-friday","tag-moins","tag-montres","tag-pour","tag-toutes","generate-columns","tablet-grid-50","mobile-grid-100","grid-parent","grid-33"],"yoast_head":"<!-- This site is optimized with the Yoast SEO plugin v24.0 - https:\/\/yoast.com\/wordpress\/plugins\/seo\/ -->\n<title>Toutes ces montres de fitness co\u00fbtent moins de 250 $ pour le Black Friday | Vie Associative<\/title>\n<meta name=\"robots\" content=\"index, follow, max-snippet:-1, max-image-preview:large, max-video-preview:-1\" \/>\n<link rel=\"canonical\" href=\"https:\/\/vieassociative.be\/actualites\/toutes-ces-montres-de-fitness-coutent-moins-de-250-pour-le-black-friday\/\" \/>\n<meta property=\"og:locale\" content=\"fr_FR\" \/>\n<meta property=\"og:type\" content=\"article\" \/>\n<meta property=\"og:title\" content=\"Toutes ces montres de fitness co\u00fbtent moins de 250 $ pour le Black Friday | Vie Associative\" \/>\n<meta property=\"og:description\" content=\"Les appareils portables de Garmin, Coros, Suunto et bien d\u2019autres sont en vente. Les ventes du Black Friday commencent officiellement le vendredi 28 novembre et\" \/>\n<meta property=\"og:url\" content=\"https:\/\/vieassociative.be\/actualites\/toutes-ces-montres-de-fitness-coutent-moins-de-250-pour-le-black-friday\/\" \/>\n<meta property=\"og:site_name\" content=\"Vie Associative\" \/>\n<meta property=\"article:published_time\" content=\"2025-11-26T07:17:23+00:00\" \/>\n<meta property=\"og:image\" content=\"https:\/\/vieassociative.be\/actualites\/wp-content\/uploads\/2024\/09\/header_backgroundk-01-e1726694325946.png\" \/>\n\t<meta property=\"og:image:width\" content=\"279\" \/>\n\t<meta property=\"og:image:height\" content=\"92\" \/>\n\t<meta property=\"og:image:type\" content=\"image\/png\" \/>\n<meta name=\"author\" content=\"Julien\" \/>\n<meta name=\"twitter:card\" content=\"summary_large_image\" \/>\n<meta name=\"twitter:label1\" content=\"\u00c9crit par\" \/>\n\t<meta name=\"twitter:data1\" content=\"Julien\" \/>\n\t<meta name=\"twitter:label2\" content=\"Dur\u00e9e de lecture est.\" \/>\n\t<meta name=\"twitter:data2\" content=\"5 minutes\" \/>\n<script type=\"application\/ld+json\" class=\"yoast-schema-graph\">{\"@context\":\"https:\/\/schema.org\",\"@graph\":[{\"@type\":\"Article\",\"@id\":\"https:\/\/vieassociative.be\/actualites\/toutes-ces-montres-de-fitness-coutent-moins-de-250-pour-le-black-friday\/#article\",\"isPartOf\":{\"@id\":\"https:\/\/vieassociative.be\/actualites\/toutes-ces-montres-de-fitness-coutent-moins-de-250-pour-le-black-friday\/\"},\"author\":{\"name\":\"Julien\",\"@id\":\"https:\/\/vieassociative.be\/actualites\/#\/schema\/person\/b87ac4f82f9d4e7b7cec7395b679edc4\"},\"headline\":\"Toutes ces montres de fitness co\u00fbtent moins de 250 $ pour le Black Friday\",\"datePublished\":\"2025-11-26T07:17:23+00:00\",\"dateModified\":\"2025-11-26T07:17:23+00:00\",\"mainEntityOfPage\":{\"@id\":\"https:\/\/vieassociative.be\/actualites\/toutes-ces-montres-de-fitness-coutent-moins-de-250-pour-le-black-friday\/\"},\"wordCount\":1137,\"publisher\":{\"@id\":\"https:\/\/vieassociative.be\/actualites\/#organization\"},\"image\":{\"@id\":\"https:\/\/vieassociative.be\/actualites\/toutes-ces-montres-de-fitness-coutent-moins-de-250-pour-le-black-friday\/#primaryimage\"},\"thumbnailUrl\":\"https:\/\/vieassociative.be\/actualites\/wp-content\/uploads\/2025\/11\/Toutes-ces-montres-de-fitness-coutent-moins-de-250.jpg\",\"keywords\":[\"Black\",\"ces\",\"co\u00fbtent\",\"fitness\",\"Friday\",\"moins\",\"montres\",\"pour\",\"toutes\"],\"articleSection\":[\"Sant\u00e9\"],\"inLanguage\":\"fr-BE\"},{\"@type\":\"WebPage\",\"@id\":\"https:\/\/vieassociative.be\/actualites\/toutes-ces-montres-de-fitness-coutent-moins-de-250-pour-le-black-friday\/\",\"url\":\"https:\/\/vieassociative.be\/actualites\/toutes-ces-montres-de-fitness-coutent-moins-de-250-pour-le-black-friday\/\",\"name\":\"Toutes ces montres de fitness co\u00fbtent moins de 250 $ pour le Black Friday | Vie Associative\",\"isPartOf\":{\"@id\":\"https:\/\/vieassociative.be\/actualites\/#website\"},\"primaryImageOfPage\":{\"@id\":\"https:\/\/vieassociative.be\/actualites\/toutes-ces-montres-de-fitness-coutent-moins-de-250-pour-le-black-friday\/#primaryimage\"},\"image\":{\"@id\":\"https:\/\/vieassociative.be\/actualites\/toutes-ces-montres-de-fitness-coutent-moins-de-250-pour-le-black-friday\/#primaryimage\"},\"thumbnailUrl\":\"https:\/\/vieassociative.be\/actualites\/wp-content\/uploads\/2025\/11\/Toutes-ces-montres-de-fitness-coutent-moins-de-250.jpg\",\"datePublished\":\"2025-11-26T07:17:23+00:00\",\"dateModified\":\"2025-11-26T07:17:23+00:00\",\"breadcrumb\":{\"@id\":\"https:\/\/vieassociative.be\/actualites\/toutes-ces-montres-de-fitness-coutent-moins-de-250-pour-le-black-friday\/#breadcrumb\"},\"inLanguage\":\"fr-BE\",\"potentialAction\":[{\"@type\":\"ReadAction\",\"target\":[\"https:\/\/vieassociative.be\/actualites\/toutes-ces-montres-de-fitness-coutent-moins-de-250-pour-le-black-friday\/\"]}]},{\"@type\":\"ImageObject\",\"inLanguage\":\"fr-BE\",\"@id\":\"https:\/\/vieassociative.be\/actualites\/toutes-ces-montres-de-fitness-coutent-moins-de-250-pour-le-black-friday\/#primaryimage\",\"url\":\"https:\/\/vieassociative.be\/actualites\/wp-content\/uploads\/2025\/11\/Toutes-ces-montres-de-fitness-coutent-moins-de-250.jpg\",\"contentUrl\":\"https:\/\/vieassociative.be\/actualites\/wp-content\/uploads\/2025\/11\/Toutes-ces-montres-de-fitness-coutent-moins-de-250.jpg\",\"width\":1200,\"height\":675,\"caption\":\"Toutes ces montres de fitness co\u00fbtent moins de 250 $ pour le Black Friday\"},{\"@type\":\"BreadcrumbList\",\"@id\":\"https:\/\/vieassociative.be\/actualites\/toutes-ces-montres-de-fitness-coutent-moins-de-250-pour-le-black-friday\/#breadcrumb\",\"itemListElement\":[{\"@type\":\"ListItem\",\"position\":1,\"name\":\"Accueil\",\"item\":\"https:\/\/vieassociative.be\/actualites\/\"},{\"@type\":\"ListItem\",\"position\":2,\"name\":\"Toutes ces montres de fitness co\u00fbtent moins de 250 $ pour le Black Friday\"}]},{\"@type\":\"WebSite\",\"@id\":\"https:\/\/vieassociative.be\/actualites\/#website\",\"url\":\"https:\/\/vieassociative.be\/actualites\/\",\"name\":\"Vie Associative\",\"description\":\"\",\"publisher\":{\"@id\":\"https:\/\/vieassociative.be\/actualites\/#organization\"},\"potentialAction\":[{\"@type\":\"SearchAction\",\"target\":{\"@type\":\"EntryPoint\",\"urlTemplate\":\"https:\/\/vieassociative.be\/actualites\/?s={search_term_string}\"},\"query-input\":{\"@type\":\"PropertyValueSpecification\",\"valueRequired\":true,\"valueName\":\"search_term_string\"}}],\"inLanguage\":\"fr-BE\"},{\"@type\":\"Organization\",\"@id\":\"https:\/\/vieassociative.be\/actualites\/#organization\",\"name\":\"Vie Associative\",\"url\":\"https:\/\/vieassociative.be\/actualites\/\",\"logo\":{\"@type\":\"ImageObject\",\"inLanguage\":\"fr-BE\",\"@id\":\"https:\/\/vieassociative.be\/actualites\/#\/schema\/logo\/image\/\",\"url\":\"https:\/\/vieassociative.be\/actualites\/wp-content\/uploads\/2024\/09\/cropped-vieassociative_favicon.ico.png\",\"contentUrl\":\"https:\/\/vieassociative.be\/actualites\/wp-content\/uploads\/2024\/09\/cropped-vieassociative_favicon.ico.png\",\"width\":512,\"height\":512,\"caption\":\"Vie Associative\"},\"image\":{\"@id\":\"https:\/\/vieassociative.be\/actualites\/#\/schema\/logo\/image\/\"}},{\"@type\":\"Person\",\"@id\":\"https:\/\/vieassociative.be\/actualites\/#\/schema\/person\/b87ac4f82f9d4e7b7cec7395b679edc4\",\"name\":\"Julien\",\"image\":{\"@type\":\"ImageObject\",\"inLanguage\":\"fr-BE\",\"@id\":\"https:\/\/vieassociative.be\/actualites\/#\/schema\/person\/image\/\",\"url\":\"https:\/\/vieassociative.be\/actualites\/wp-content\/uploads\/2024\/09\/vie-associative-1-150x150.jpg\",\"contentUrl\":\"https:\/\/vieassociative.be\/actualites\/wp-content\/uploads\/2024\/09\/vie-associative-1-150x150.jpg\",\"caption\":\"Julien\"},\"description\":\"Je suis Julien, r\u00e9dacteur pour Vie Associative. Passionn\u00e9 par le monde associatif depuis plus de 10 ans, j'ai \u00e0 c\u0153ur de partager des histoires inspirantes et de mettre en lumi\u00e8re les initiatives locales. Mon objectif est de sensibiliser et d'encourager l'engagement communautaire \u00e0 travers mes articles.\",\"sameAs\":[\"https:\/\/vieassociative.be\/\"]}]}<\/script>\n<!-- \/ Yoast SEO plugin. -->","yoast_head_json":{"title":"Toutes ces montres de fitness co\u00fbtent moins de 250 $ pour le Black Friday | Vie Associative","robots":{"index":"index","follow":"follow","max-snippet":"max-snippet:-1","max-image-preview":"max-image-preview:large","max-video-preview":"max-video-preview:-1"},"canonical":"https:\/\/vieassociative.be\/actualites\/toutes-ces-montres-de-fitness-coutent-moins-de-250-pour-le-black-friday\/","og_locale":"fr_FR","og_type":"article","og_title":"Toutes ces montres de fitness co\u00fbtent moins de 250 $ pour le Black Friday | Vie Associative","og_description":"Les appareils portables de Garmin, Coros, Suunto et bien d\u2019autres sont en vente. Les ventes du Black Friday commencent officiellement le vendredi 28 novembre et","og_url":"https:\/\/vieassociative.be\/actualites\/toutes-ces-montres-de-fitness-coutent-moins-de-250-pour-le-black-friday\/","og_site_name":"Vie Associative","article_published_time":"2025-11-26T07:17:23+00:00","og_image":[{"width":279,"height":92,"url":"https:\/\/vieassociative.be\/actualites\/wp-content\/uploads\/2024\/09\/header_backgroundk-01-e1726694325946.png","type":"image\/png"}],"author":"Julien","twitter_card":"summary_large_image","twitter_misc":{"\u00c9crit par":"Julien","Dur\u00e9e de lecture est.":"5 minutes"},"schema":{"@context":"https:\/\/schema.org","@graph":[{"@type":"Article","@id":"https:\/\/vieassociative.be\/actualites\/toutes-ces-montres-de-fitness-coutent-moins-de-250-pour-le-black-friday\/#article","isPartOf":{"@id":"https:\/\/vieassociative.be\/actualites\/toutes-ces-montres-de-fitness-coutent-moins-de-250-pour-le-black-friday\/"},"author":{"name":"Julien","@id":"https:\/\/vieassociative.be\/actualites\/#\/schema\/person\/b87ac4f82f9d4e7b7cec7395b679edc4"},"headline":"Toutes ces montres de fitness co\u00fbtent moins de 250 $ pour le Black Friday","datePublished":"2025-11-26T07:17:23+00:00","dateModified":"2025-11-26T07:17:23+00:00","mainEntityOfPage":{"@id":"https:\/\/vieassociative.be\/actualites\/toutes-ces-montres-de-fitness-coutent-moins-de-250-pour-le-black-friday\/"},"wordCount":1137,"publisher":{"@id":"https:\/\/vieassociative.be\/actualites\/#organization"},"image":{"@id":"https:\/\/vieassociative.be\/actualites\/toutes-ces-montres-de-fitness-coutent-moins-de-250-pour-le-black-friday\/#primaryimage"},"thumbnailUrl":"https:\/\/vieassociative.be\/actualites\/wp-content\/uploads\/2025\/11\/Toutes-ces-montres-de-fitness-coutent-moins-de-250.jpg","keywords":["Black","ces","co\u00fbtent","fitness","Friday","moins","montres","pour","toutes"],"articleSection":["Sant\u00e9"],"inLanguage":"fr-BE"},{"@type":"WebPage","@id":"https:\/\/vieassociative.be\/actualites\/toutes-ces-montres-de-fitness-coutent-moins-de-250-pour-le-black-friday\/","url":"https:\/\/vieassociative.be\/actualites\/toutes-ces-montres-de-fitness-coutent-moins-de-250-pour-le-black-friday\/","name":"Toutes ces montres de fitness co\u00fbtent moins de 250 $ pour le Black Friday | Vie Associative","isPartOf":{"@id":"https:\/\/vieassociative.be\/actualites\/#website"},"primaryImageOfPage":{"@id":"https:\/\/vieassociative.be\/actualites\/toutes-ces-montres-de-fitness-coutent-moins-de-250-pour-le-black-friday\/#primaryimage"},"image":{"@id":"https:\/\/vieassociative.be\/actualites\/toutes-ces-montres-de-fitness-coutent-moins-de-250-pour-le-black-friday\/#primaryimage"},"thumbnailUrl":"https:\/\/vieassociative.be\/actualites\/wp-content\/uploads\/2025\/11\/Toutes-ces-montres-de-fitness-coutent-moins-de-250.jpg","datePublished":"2025-11-26T07:17:23+00:00","dateModified":"2025-11-26T07:17:23+00:00","breadcrumb":{"@id":"https:\/\/vieassociative.be\/actualites\/toutes-ces-montres-de-fitness-coutent-moins-de-250-pour-le-black-friday\/#breadcrumb"},"inLanguage":"fr-BE","potentialAction":[{"@type":"ReadAction","target":["https:\/\/vieassociative.be\/actualites\/toutes-ces-montres-de-fitness-coutent-moins-de-250-pour-le-black-friday\/"]}]},{"@type":"ImageObject","inLanguage":"fr-BE","@id":"https:\/\/vieassociative.be\/actualites\/toutes-ces-montres-de-fitness-coutent-moins-de-250-pour-le-black-friday\/#primaryimage","url":"https:\/\/vieassociative.be\/actualites\/wp-content\/uploads\/2025\/11\/Toutes-ces-montres-de-fitness-coutent-moins-de-250.jpg","contentUrl":"https:\/\/vieassociative.be\/actualites\/wp-content\/uploads\/2025\/11\/Toutes-ces-montres-de-fitness-coutent-moins-de-250.jpg","width":1200,"height":675,"caption":"Toutes ces montres de fitness co\u00fbtent moins de 250 $ pour le Black Friday"},{"@type":"BreadcrumbList","@id":"https:\/\/vieassociative.be\/actualites\/toutes-ces-montres-de-fitness-coutent-moins-de-250-pour-le-black-friday\/#breadcrumb","itemListElement":[{"@type":"ListItem","position":1,"name":"Accueil","item":"https:\/\/vieassociative.be\/actualites\/"},{"@type":"ListItem","position":2,"name":"Toutes ces montres de fitness co\u00fbtent moins de 250 $ pour le Black Friday"}]},{"@type":"WebSite","@id":"https:\/\/vieassociative.be\/actualites\/#website","url":"https:\/\/vieassociative.be\/actualites\/","name":"Vie Associative","description":"","publisher":{"@id":"https:\/\/vieassociative.be\/actualites\/#organization"},"potentialAction":[{"@type":"SearchAction","target":{"@type":"EntryPoint","urlTemplate":"https:\/\/vieassociative.be\/actualites\/?s={search_term_string}"},"query-input":{"@type":"PropertyValueSpecification","valueRequired":true,"valueName":"search_term_string"}}],"inLanguage":"fr-BE"},{"@type":"Organization","@id":"https:\/\/vieassociative.be\/actualites\/#organization","name":"Vie Associative","url":"https:\/\/vieassociative.be\/actualites\/","logo":{"@type":"ImageObject","inLanguage":"fr-BE","@id":"https:\/\/vieassociative.be\/actualites\/#\/schema\/logo\/image\/","url":"https:\/\/vieassociative.be\/actualites\/wp-content\/uploads\/2024\/09\/cropped-vieassociative_favicon.ico.png","contentUrl":"https:\/\/vieassociative.be\/actualites\/wp-content\/uploads\/2024\/09\/cropped-vieassociative_favicon.ico.png","width":512,"height":512,"caption":"Vie Associative"},"image":{"@id":"https:\/\/vieassociative.be\/actualites\/#\/schema\/logo\/image\/"}},{"@type":"Person","@id":"https:\/\/vieassociative.be\/actualites\/#\/schema\/person\/b87ac4f82f9d4e7b7cec7395b679edc4","name":"Julien","image":{"@type":"ImageObject","inLanguage":"fr-BE","@id":"https:\/\/vieassociative.be\/actualites\/#\/schema\/person\/image\/","url":"https:\/\/vieassociative.be\/actualites\/wp-content\/uploads\/2024\/09\/vie-associative-1-150x150.jpg","contentUrl":"https:\/\/vieassociative.be\/actualites\/wp-content\/uploads\/2024\/09\/vie-associative-1-150x150.jpg","caption":"Julien"},"description":"Je suis Julien, r\u00e9dacteur pour Vie Associative. Passionn\u00e9 par le monde associatif depuis plus de 10 ans, j'ai \u00e0 c\u0153ur de partager des histoires inspirantes et de mettre en lumi\u00e8re les initiatives locales. Mon objectif est de sensibiliser et d'encourager l'engagement communautaire \u00e0 travers mes articles.","sameAs":["https:\/\/vieassociative.be\/"]}]}},"_links":{"self":[{"href":"https:\/\/vieassociative.be\/actualites\/wp-json\/wp\/v2\/posts\/11549"}],"collection":[{"href":"https:\/\/vieassociative.be\/actualites\/wp-json\/wp\/v2\/posts"}],"about":[{"href":"https:\/\/vieassociative.be\/actualites\/wp-json\/wp\/v2\/types\/post"}],"author":[{"embeddable":true,"href":"https:\/\/vieassociative.be\/actualites\/wp-json\/wp\/v2\/users\/1"}],"replies":[{"embeddable":true,"href":"https:\/\/vieassociative.be\/actualites\/wp-json\/wp\/v2\/comments?post=11549"}],"version-history":[{"count":0,"href":"https:\/\/vieassociative.be\/actualites\/wp-json\/wp\/v2\/posts\/11549\/revisions"}],"wp:featuredmedia":[{"embeddable":true,"href":"https:\/\/vieassociative.be\/actualites\/wp-json\/wp\/v2\/media\/11550"}],"wp:attachment":[{"href":"https:\/\/vieassociative.be\/actualites\/wp-json\/wp\/v2\/media?parent=11549"}],"wp:term":[{"taxonomy":"category","embeddable":true,"href":"https:\/\/vieassociative.be\/actualites\/wp-json\/wp\/v2\/categories?post=11549"},{"taxonomy":"post_tag","embeddable":true,"href":"https:\/\/vieassociative.be\/actualites\/wp-json\/wp\/v2\/tags?post=11549"}],"curies":[{"name":"wp","href":"https:\/\/api.w.org\/{rel}","templated":true}]}}