{"id":11545,"date":"2025-11-26T03:17:29","date_gmt":"2025-11-26T02:17:29","guid":{"rendered":"https:\/\/vieassociative.be\/actualites\/football-professionnel-belge-sans-television-et-var-dazn-met-fin-a-laccord-de-droits-avec-la-pro-league\/"},"modified":"2025-11-26T03:17:29","modified_gmt":"2025-11-26T02:17:29","slug":"football-professionnel-belge-sans-television-et-var-dazn-met-fin-a-laccord-de-droits-avec-la-pro-league","status":"publish","type":"post","link":"https:\/\/vieassociative.be\/actualites\/football-professionnel-belge-sans-television-et-var-dazn-met-fin-a-laccord-de-droits-avec-la-pro-league\/","title":{"rendered":"Football professionnel belge sans t\u00e9l\u00e9vision et VAR : DAZN met fin \u00e0 l&rsquo;accord de droits avec la Pro League"},"content":{"rendered":"<p><strong>Il y a un petit tremblement de terre dans le football belge : DAZN, d\u00e9tenteur initial des droits pour les matchs de football de la Jupiler Pro League, de la Challenger Pro League, de la Super League (football f\u00e9minin) et de la coupe nationale (Croky Cup), a r\u00e9sili\u00e9 le contrat de droits avec la Pro League. Apr\u00e8s des mois de discussions, les diff\u00e9rentes parties n&rsquo;ont pas r\u00e9ussi \u00e0 parvenir \u00e0 un accord.<\/strong><\/p>\n<p><span id=\"more-430418\"><\/span>Pour rappel, les conditions de l&rsquo;appel d&rsquo;offres pr\u00e9voyaient que le titulaire des droits, \u00e0 savoir DAZN, devait assurer la transmission par au moins deux op\u00e9rateurs \u00ab classiques \u00bb (par exemple Proximus et VOO\/Orange).<\/p>\n<p>Cependant, apr\u00e8s de longues n\u00e9gociations, aucun accord n&rsquo;a pu \u00eatre trouv\u00e9 avec Proximus, Telenet ou VOO\/Orange. La r\u00e9siliation \u00e9tait donc in\u00e9vitable pour DAZN, qui devait payer environ 84,2 millions d&rsquo;euros pour acqu\u00e9rir les droits de la Pro League.<\/p>\n<div id=\"attachment_387944\" class=\"wp-caption alignleft\" style=\"max-width: 300px\"><img fetchpriority=\"high\" decoding=\"async\" class=\"wp-image-387944 size-medium\" src=\"https:\/\/vieassociative.be\/actualites\/wp-content\/uploads\/2025\/11\/Football-professionnel-belge-sans-television-et-VAR-DAZN-met.jpg\" alt=\"\" width=\"300\" height=\"212\"><\/div>\n<p>Dans un communiqu\u00e9, le directeur g\u00e9n\u00e9ral de DAZN Belgique, Massimo D&rsquo;Amario, a regrett\u00e9 la situation : \u00ab Nous sommes d\u00e9\u00e7us que, malgr\u00e9 diverses tentatives pour r\u00e9soudre la situation, nous soyons arriv\u00e9s \u00e0 un point o\u00f9 DAZN n&rsquo;a d&rsquo;autre choix que de r\u00e9silier le contrat conform\u00e9ment \u00e0 la loi belge. Aucune entreprise ne peut \u00eatre contrainte de fonctionner \u00e0 perte. supporters avec professionnalisme et respect. Nous restons attach\u00e9s au football belge, \u00e0 sa passion, \u00e0 ses supporters et \u00e0 l\u2019\u00e9quit\u00e9 qu\u2019il m\u00e9rite.<\/p>\n<p>Aujourd\u2019hui, bien entendu, l\u2019incertitude est totale. Quelle est la suite de la saison en Pro League ? Sans diffuseur officiel, la 16e journ\u00e9e ne pourrait tout simplement pas \u00eatre retransmise \u00e0 la t\u00e9l\u00e9vision. Il n\u2019y aurait pas non plus d\u2019assistant vid\u00e9o (VAR).<\/p>\n<p>La d\u00e9cision appartient d\u00e9sormais \u00e0 la Pro League. Ils ont trois jours pour trouver une solution (permanente), car vendredi soir, le KV Mechelen jouera contre le Standard de Li\u00e8ge en Jupiler Pro League et l&rsquo;AS Eupen contre le SK Lommel et le Beerschot contre le FC Li\u00e8ge en Challenger Pro League. (cr\u00e9er)<\/p>\n","protected":false},"excerpt":{"rendered":"<p>Il y a un petit tremblement de terre dans le football belge : DAZN, d\u00e9tenteur initial des droits pour les matchs de football de la<\/p>\n","protected":false},"author":1,"featured_media":11546,"comment_status":"","ping_status":"","sticky":false,"template":"","format":"standard","meta":{"footnotes":""},"categories":[298],"tags":[61,410,7631,779,1908,1104,3058,3950,3593,630,1441,130,1316,9160],"class_list":["post-11545","post","type-post","status-publish","format-standard","has-post-thumbnail","hentry","category-belgique","tag-avec","tag-belge","tag-dazn","tag-droits","tag-fin","tag-football","tag-laccord","tag-league","tag-met","tag-pro","tag-professionnel","tag-sans","tag-television","tag-var","generate-columns","tablet-grid-50","mobile-grid-100","grid-parent","grid-33"],"yoast_head":"<!-- This site is optimized with the Yoast SEO plugin v24.0 - https:\/\/yoast.com\/wordpress\/plugins\/seo\/ -->\n<title>Football professionnel belge sans t\u00e9l\u00e9vision et VAR : DAZN met fin \u00e0 l&#039;accord de droits avec la Pro League | Vie Associative<\/title>\n<meta name=\"robots\" content=\"index, follow, max-snippet:-1, max-image-preview:large, max-video-preview:-1\" \/>\n<link rel=\"canonical\" href=\"https:\/\/vieassociative.be\/actualites\/football-professionnel-belge-sans-television-et-var-dazn-met-fin-a-laccord-de-droits-avec-la-pro-league\/\" \/>\n<meta property=\"og:locale\" content=\"fr_FR\" \/>\n<meta property=\"og:type\" content=\"article\" \/>\n<meta property=\"og:title\" content=\"Football professionnel belge sans t\u00e9l\u00e9vision et VAR : DAZN met fin \u00e0 l&#039;accord de droits avec la Pro League | Vie Associative\" \/>\n<meta property=\"og:description\" content=\"Il y a un petit tremblement de terre dans le football belge : DAZN, d\u00e9tenteur initial des droits pour les matchs de football de la\" \/>\n<meta property=\"og:url\" content=\"https:\/\/vieassociative.be\/actualites\/football-professionnel-belge-sans-television-et-var-dazn-met-fin-a-laccord-de-droits-avec-la-pro-league\/\" \/>\n<meta property=\"og:site_name\" content=\"Vie Associative\" \/>\n<meta property=\"article:published_time\" content=\"2025-11-26T02:17:29+00:00\" \/>\n<meta property=\"og:image\" content=\"https:\/\/vieassociative.be\/actualites\/wp-content\/uploads\/2024\/09\/header_backgroundk-01-e1726694325946.png\" \/>\n\t<meta property=\"og:image:width\" content=\"279\" \/>\n\t<meta property=\"og:image:height\" content=\"92\" \/>\n\t<meta property=\"og:image:type\" content=\"image\/png\" \/>\n<meta name=\"author\" content=\"Julien\" \/>\n<meta name=\"twitter:card\" content=\"summary_large_image\" \/>\n<meta name=\"twitter:label1\" content=\"\u00c9crit par\" \/>\n\t<meta name=\"twitter:data1\" content=\"Julien\" \/>\n\t<meta name=\"twitter:label2\" content=\"Dur\u00e9e de lecture est.\" \/>\n\t<meta name=\"twitter:data2\" content=\"2 minutes\" \/>\n<script type=\"application\/ld+json\" class=\"yoast-schema-graph\">{\"@context\":\"https:\/\/schema.org\",\"@graph\":[{\"@type\":\"Article\",\"@id\":\"https:\/\/vieassociative.be\/actualites\/football-professionnel-belge-sans-television-et-var-dazn-met-fin-a-laccord-de-droits-avec-la-pro-league\/#article\",\"isPartOf\":{\"@id\":\"https:\/\/vieassociative.be\/actualites\/football-professionnel-belge-sans-television-et-var-dazn-met-fin-a-laccord-de-droits-avec-la-pro-league\/\"},\"author\":{\"name\":\"Julien\",\"@id\":\"https:\/\/vieassociative.be\/actualites\/#\/schema\/person\/b87ac4f82f9d4e7b7cec7395b679edc4\"},\"headline\":\"Football professionnel belge sans t\u00e9l\u00e9vision et VAR : DAZN met fin \u00e0 l&rsquo;accord de droits avec la Pro League\",\"datePublished\":\"2025-11-26T02:17:29+00:00\",\"dateModified\":\"2025-11-26T02:17:29+00:00\",\"mainEntityOfPage\":{\"@id\":\"https:\/\/vieassociative.be\/actualites\/football-professionnel-belge-sans-television-et-var-dazn-met-fin-a-laccord-de-droits-avec-la-pro-league\/\"},\"wordCount\":368,\"publisher\":{\"@id\":\"https:\/\/vieassociative.be\/actualites\/#organization\"},\"image\":{\"@id\":\"https:\/\/vieassociative.be\/actualites\/football-professionnel-belge-sans-television-et-var-dazn-met-fin-a-laccord-de-droits-avec-la-pro-league\/#primaryimage\"},\"thumbnailUrl\":\"https:\/\/vieassociative.be\/actualites\/wp-content\/uploads\/2025\/11\/1764123450_Football-professionnel-belge-sans-television-et-VAR-DAZN-met.jpg\",\"keywords\":[\"avec\",\"belge\",\"DAZN\",\"droits\",\"fin\",\"football\",\"Laccord\",\"League\",\"met\",\"Pro\",\"professionnel\",\"sans\",\"t\u00e9l\u00e9vision\",\"VAR\"],\"articleSection\":[\"Belgique\"],\"inLanguage\":\"fr-BE\"},{\"@type\":\"WebPage\",\"@id\":\"https:\/\/vieassociative.be\/actualites\/football-professionnel-belge-sans-television-et-var-dazn-met-fin-a-laccord-de-droits-avec-la-pro-league\/\",\"url\":\"https:\/\/vieassociative.be\/actualites\/football-professionnel-belge-sans-television-et-var-dazn-met-fin-a-laccord-de-droits-avec-la-pro-league\/\",\"name\":\"Football professionnel belge sans t\u00e9l\u00e9vision et VAR : DAZN met fin \u00e0 l'accord de droits avec la Pro League | Vie Associative\",\"isPartOf\":{\"@id\":\"https:\/\/vieassociative.be\/actualites\/#website\"},\"primaryImageOfPage\":{\"@id\":\"https:\/\/vieassociative.be\/actualites\/football-professionnel-belge-sans-television-et-var-dazn-met-fin-a-laccord-de-droits-avec-la-pro-league\/#primaryimage\"},\"image\":{\"@id\":\"https:\/\/vieassociative.be\/actualites\/football-professionnel-belge-sans-television-et-var-dazn-met-fin-a-laccord-de-droits-avec-la-pro-league\/#primaryimage\"},\"thumbnailUrl\":\"https:\/\/vieassociative.be\/actualites\/wp-content\/uploads\/2025\/11\/1764123450_Football-professionnel-belge-sans-television-et-VAR-DAZN-met.jpg\",\"datePublished\":\"2025-11-26T02:17:29+00:00\",\"dateModified\":\"2025-11-26T02:17:29+00:00\",\"breadcrumb\":{\"@id\":\"https:\/\/vieassociative.be\/actualites\/football-professionnel-belge-sans-television-et-var-dazn-met-fin-a-laccord-de-droits-avec-la-pro-league\/#breadcrumb\"},\"inLanguage\":\"fr-BE\",\"potentialAction\":[{\"@type\":\"ReadAction\",\"target\":[\"https:\/\/vieassociative.be\/actualites\/football-professionnel-belge-sans-television-et-var-dazn-met-fin-a-laccord-de-droits-avec-la-pro-league\/\"]}]},{\"@type\":\"ImageObject\",\"inLanguage\":\"fr-BE\",\"@id\":\"https:\/\/vieassociative.be\/actualites\/football-professionnel-belge-sans-television-et-var-dazn-met-fin-a-laccord-de-droits-avec-la-pro-league\/#primaryimage\",\"url\":\"https:\/\/vieassociative.be\/actualites\/wp-content\/uploads\/2025\/11\/1764123450_Football-professionnel-belge-sans-television-et-VAR-DAZN-met.jpg\",\"contentUrl\":\"https:\/\/vieassociative.be\/actualites\/wp-content\/uploads\/2025\/11\/1764123450_Football-professionnel-belge-sans-television-et-VAR-DAZN-met.jpg\",\"width\":1200,\"height\":800,\"caption\":\"Football professionnel belge sans t\u00e9l\u00e9vision et VAR : DAZN met fin \u00e0 l'accord de droits avec la Pro League\"},{\"@type\":\"BreadcrumbList\",\"@id\":\"https:\/\/vieassociative.be\/actualites\/football-professionnel-belge-sans-television-et-var-dazn-met-fin-a-laccord-de-droits-avec-la-pro-league\/#breadcrumb\",\"itemListElement\":[{\"@type\":\"ListItem\",\"position\":1,\"name\":\"Accueil\",\"item\":\"https:\/\/vieassociative.be\/actualites\/\"},{\"@type\":\"ListItem\",\"position\":2,\"name\":\"Football professionnel belge sans t\u00e9l\u00e9vision et VAR : DAZN met fin \u00e0 l&rsquo;accord de droits avec la Pro League\"}]},{\"@type\":\"WebSite\",\"@id\":\"https:\/\/vieassociative.be\/actualites\/#website\",\"url\":\"https:\/\/vieassociative.be\/actualites\/\",\"name\":\"Vie Associative\",\"description\":\"\",\"publisher\":{\"@id\":\"https:\/\/vieassociative.be\/actualites\/#organization\"},\"potentialAction\":[{\"@type\":\"SearchAction\",\"target\":{\"@type\":\"EntryPoint\",\"urlTemplate\":\"https:\/\/vieassociative.be\/actualites\/?s={search_term_string}\"},\"query-input\":{\"@type\":\"PropertyValueSpecification\",\"valueRequired\":true,\"valueName\":\"search_term_string\"}}],\"inLanguage\":\"fr-BE\"},{\"@type\":\"Organization\",\"@id\":\"https:\/\/vieassociative.be\/actualites\/#organization\",\"name\":\"Vie Associative\",\"url\":\"https:\/\/vieassociative.be\/actualites\/\",\"logo\":{\"@type\":\"ImageObject\",\"inLanguage\":\"fr-BE\",\"@id\":\"https:\/\/vieassociative.be\/actualites\/#\/schema\/logo\/image\/\",\"url\":\"https:\/\/vieassociative.be\/actualites\/wp-content\/uploads\/2024\/09\/cropped-vieassociative_favicon.ico.png\",\"contentUrl\":\"https:\/\/vieassociative.be\/actualites\/wp-content\/uploads\/2024\/09\/cropped-vieassociative_favicon.ico.png\",\"width\":512,\"height\":512,\"caption\":\"Vie Associative\"},\"image\":{\"@id\":\"https:\/\/vieassociative.be\/actualites\/#\/schema\/logo\/image\/\"}},{\"@type\":\"Person\",\"@id\":\"https:\/\/vieassociative.be\/actualites\/#\/schema\/person\/b87ac4f82f9d4e7b7cec7395b679edc4\",\"name\":\"Julien\",\"image\":{\"@type\":\"ImageObject\",\"inLanguage\":\"fr-BE\",\"@id\":\"https:\/\/vieassociative.be\/actualites\/#\/schema\/person\/image\/\",\"url\":\"https:\/\/vieassociative.be\/actualites\/wp-content\/uploads\/2024\/09\/vie-associative-1-150x150.jpg\",\"contentUrl\":\"https:\/\/vieassociative.be\/actualites\/wp-content\/uploads\/2024\/09\/vie-associative-1-150x150.jpg\",\"caption\":\"Julien\"},\"description\":\"Je suis Julien, r\u00e9dacteur pour Vie Associative. Passionn\u00e9 par le monde associatif depuis plus de 10 ans, j'ai \u00e0 c\u0153ur de partager des histoires inspirantes et de mettre en lumi\u00e8re les initiatives locales. Mon objectif est de sensibiliser et d'encourager l'engagement communautaire \u00e0 travers mes articles.\",\"sameAs\":[\"https:\/\/vieassociative.be\/\"]}]}<\/script>\n<!-- \/ Yoast SEO plugin. -->","yoast_head_json":{"title":"Football professionnel belge sans t\u00e9l\u00e9vision et VAR : DAZN met fin \u00e0 l'accord de droits avec la Pro League | Vie Associative","robots":{"index":"index","follow":"follow","max-snippet":"max-snippet:-1","max-image-preview":"max-image-preview:large","max-video-preview":"max-video-preview:-1"},"canonical":"https:\/\/vieassociative.be\/actualites\/football-professionnel-belge-sans-television-et-var-dazn-met-fin-a-laccord-de-droits-avec-la-pro-league\/","og_locale":"fr_FR","og_type":"article","og_title":"Football professionnel belge sans t\u00e9l\u00e9vision et VAR : DAZN met fin \u00e0 l'accord de droits avec la Pro League | Vie Associative","og_description":"Il y a un petit tremblement de terre dans le football belge : DAZN, d\u00e9tenteur initial des droits pour les matchs de football de la","og_url":"https:\/\/vieassociative.be\/actualites\/football-professionnel-belge-sans-television-et-var-dazn-met-fin-a-laccord-de-droits-avec-la-pro-league\/","og_site_name":"Vie Associative","article_published_time":"2025-11-26T02:17:29+00:00","og_image":[{"width":279,"height":92,"url":"https:\/\/vieassociative.be\/actualites\/wp-content\/uploads\/2024\/09\/header_backgroundk-01-e1726694325946.png","type":"image\/png"}],"author":"Julien","twitter_card":"summary_large_image","twitter_misc":{"\u00c9crit par":"Julien","Dur\u00e9e de lecture est.":"2 minutes"},"schema":{"@context":"https:\/\/schema.org","@graph":[{"@type":"Article","@id":"https:\/\/vieassociative.be\/actualites\/football-professionnel-belge-sans-television-et-var-dazn-met-fin-a-laccord-de-droits-avec-la-pro-league\/#article","isPartOf":{"@id":"https:\/\/vieassociative.be\/actualites\/football-professionnel-belge-sans-television-et-var-dazn-met-fin-a-laccord-de-droits-avec-la-pro-league\/"},"author":{"name":"Julien","@id":"https:\/\/vieassociative.be\/actualites\/#\/schema\/person\/b87ac4f82f9d4e7b7cec7395b679edc4"},"headline":"Football professionnel belge sans t\u00e9l\u00e9vision et VAR : DAZN met fin \u00e0 l&rsquo;accord de droits avec la Pro League","datePublished":"2025-11-26T02:17:29+00:00","dateModified":"2025-11-26T02:17:29+00:00","mainEntityOfPage":{"@id":"https:\/\/vieassociative.be\/actualites\/football-professionnel-belge-sans-television-et-var-dazn-met-fin-a-laccord-de-droits-avec-la-pro-league\/"},"wordCount":368,"publisher":{"@id":"https:\/\/vieassociative.be\/actualites\/#organization"},"image":{"@id":"https:\/\/vieassociative.be\/actualites\/football-professionnel-belge-sans-television-et-var-dazn-met-fin-a-laccord-de-droits-avec-la-pro-league\/#primaryimage"},"thumbnailUrl":"https:\/\/vieassociative.be\/actualites\/wp-content\/uploads\/2025\/11\/1764123450_Football-professionnel-belge-sans-television-et-VAR-DAZN-met.jpg","keywords":["avec","belge","DAZN","droits","fin","football","Laccord","League","met","Pro","professionnel","sans","t\u00e9l\u00e9vision","VAR"],"articleSection":["Belgique"],"inLanguage":"fr-BE"},{"@type":"WebPage","@id":"https:\/\/vieassociative.be\/actualites\/football-professionnel-belge-sans-television-et-var-dazn-met-fin-a-laccord-de-droits-avec-la-pro-league\/","url":"https:\/\/vieassociative.be\/actualites\/football-professionnel-belge-sans-television-et-var-dazn-met-fin-a-laccord-de-droits-avec-la-pro-league\/","name":"Football professionnel belge sans t\u00e9l\u00e9vision et VAR : DAZN met fin \u00e0 l'accord de droits avec la Pro League | Vie Associative","isPartOf":{"@id":"https:\/\/vieassociative.be\/actualites\/#website"},"primaryImageOfPage":{"@id":"https:\/\/vieassociative.be\/actualites\/football-professionnel-belge-sans-television-et-var-dazn-met-fin-a-laccord-de-droits-avec-la-pro-league\/#primaryimage"},"image":{"@id":"https:\/\/vieassociative.be\/actualites\/football-professionnel-belge-sans-television-et-var-dazn-met-fin-a-laccord-de-droits-avec-la-pro-league\/#primaryimage"},"thumbnailUrl":"https:\/\/vieassociative.be\/actualites\/wp-content\/uploads\/2025\/11\/1764123450_Football-professionnel-belge-sans-television-et-VAR-DAZN-met.jpg","datePublished":"2025-11-26T02:17:29+00:00","dateModified":"2025-11-26T02:17:29+00:00","breadcrumb":{"@id":"https:\/\/vieassociative.be\/actualites\/football-professionnel-belge-sans-television-et-var-dazn-met-fin-a-laccord-de-droits-avec-la-pro-league\/#breadcrumb"},"inLanguage":"fr-BE","potentialAction":[{"@type":"ReadAction","target":["https:\/\/vieassociative.be\/actualites\/football-professionnel-belge-sans-television-et-var-dazn-met-fin-a-laccord-de-droits-avec-la-pro-league\/"]}]},{"@type":"ImageObject","inLanguage":"fr-BE","@id":"https:\/\/vieassociative.be\/actualites\/football-professionnel-belge-sans-television-et-var-dazn-met-fin-a-laccord-de-droits-avec-la-pro-league\/#primaryimage","url":"https:\/\/vieassociative.be\/actualites\/wp-content\/uploads\/2025\/11\/1764123450_Football-professionnel-belge-sans-television-et-VAR-DAZN-met.jpg","contentUrl":"https:\/\/vieassociative.be\/actualites\/wp-content\/uploads\/2025\/11\/1764123450_Football-professionnel-belge-sans-television-et-VAR-DAZN-met.jpg","width":1200,"height":800,"caption":"Football professionnel belge sans t\u00e9l\u00e9vision et VAR : DAZN met fin \u00e0 l'accord de droits avec la Pro League"},{"@type":"BreadcrumbList","@id":"https:\/\/vieassociative.be\/actualites\/football-professionnel-belge-sans-television-et-var-dazn-met-fin-a-laccord-de-droits-avec-la-pro-league\/#breadcrumb","itemListElement":[{"@type":"ListItem","position":1,"name":"Accueil","item":"https:\/\/vieassociative.be\/actualites\/"},{"@type":"ListItem","position":2,"name":"Football professionnel belge sans t\u00e9l\u00e9vision et VAR : DAZN met fin \u00e0 l&rsquo;accord de droits avec la Pro League"}]},{"@type":"WebSite","@id":"https:\/\/vieassociative.be\/actualites\/#website","url":"https:\/\/vieassociative.be\/actualites\/","name":"Vie Associative","description":"","publisher":{"@id":"https:\/\/vieassociative.be\/actualites\/#organization"},"potentialAction":[{"@type":"SearchAction","target":{"@type":"EntryPoint","urlTemplate":"https:\/\/vieassociative.be\/actualites\/?s={search_term_string}"},"query-input":{"@type":"PropertyValueSpecification","valueRequired":true,"valueName":"search_term_string"}}],"inLanguage":"fr-BE"},{"@type":"Organization","@id":"https:\/\/vieassociative.be\/actualites\/#organization","name":"Vie Associative","url":"https:\/\/vieassociative.be\/actualites\/","logo":{"@type":"ImageObject","inLanguage":"fr-BE","@id":"https:\/\/vieassociative.be\/actualites\/#\/schema\/logo\/image\/","url":"https:\/\/vieassociative.be\/actualites\/wp-content\/uploads\/2024\/09\/cropped-vieassociative_favicon.ico.png","contentUrl":"https:\/\/vieassociative.be\/actualites\/wp-content\/uploads\/2024\/09\/cropped-vieassociative_favicon.ico.png","width":512,"height":512,"caption":"Vie Associative"},"image":{"@id":"https:\/\/vieassociative.be\/actualites\/#\/schema\/logo\/image\/"}},{"@type":"Person","@id":"https:\/\/vieassociative.be\/actualites\/#\/schema\/person\/b87ac4f82f9d4e7b7cec7395b679edc4","name":"Julien","image":{"@type":"ImageObject","inLanguage":"fr-BE","@id":"https:\/\/vieassociative.be\/actualites\/#\/schema\/person\/image\/","url":"https:\/\/vieassociative.be\/actualites\/wp-content\/uploads\/2024\/09\/vie-associative-1-150x150.jpg","contentUrl":"https:\/\/vieassociative.be\/actualites\/wp-content\/uploads\/2024\/09\/vie-associative-1-150x150.jpg","caption":"Julien"},"description":"Je suis Julien, r\u00e9dacteur pour Vie Associative. Passionn\u00e9 par le monde associatif depuis plus de 10 ans, j'ai \u00e0 c\u0153ur de partager des histoires inspirantes et de mettre en lumi\u00e8re les initiatives locales. Mon objectif est de sensibiliser et d'encourager l'engagement communautaire \u00e0 travers mes articles.","sameAs":["https:\/\/vieassociative.be\/"]}]}},"_links":{"self":[{"href":"https:\/\/vieassociative.be\/actualites\/wp-json\/wp\/v2\/posts\/11545"}],"collection":[{"href":"https:\/\/vieassociative.be\/actualites\/wp-json\/wp\/v2\/posts"}],"about":[{"href":"https:\/\/vieassociative.be\/actualites\/wp-json\/wp\/v2\/types\/post"}],"author":[{"embeddable":true,"href":"https:\/\/vieassociative.be\/actualites\/wp-json\/wp\/v2\/users\/1"}],"replies":[{"embeddable":true,"href":"https:\/\/vieassociative.be\/actualites\/wp-json\/wp\/v2\/comments?post=11545"}],"version-history":[{"count":0,"href":"https:\/\/vieassociative.be\/actualites\/wp-json\/wp\/v2\/posts\/11545\/revisions"}],"wp:featuredmedia":[{"embeddable":true,"href":"https:\/\/vieassociative.be\/actualites\/wp-json\/wp\/v2\/media\/11546"}],"wp:attachment":[{"href":"https:\/\/vieassociative.be\/actualites\/wp-json\/wp\/v2\/media?parent=11545"}],"wp:term":[{"taxonomy":"category","embeddable":true,"href":"https:\/\/vieassociative.be\/actualites\/wp-json\/wp\/v2\/categories?post=11545"},{"taxonomy":"post_tag","embeddable":true,"href":"https:\/\/vieassociative.be\/actualites\/wp-json\/wp\/v2\/tags?post=11545"}],"curies":[{"name":"wp","href":"https:\/\/api.w.org\/{rel}","templated":true}]}}