{"id":11535,"date":"2025-11-25T20:17:36","date_gmt":"2025-11-25T19:17:36","guid":{"rendered":"https:\/\/vieassociative.be\/actualites\/la-liseuse-palma-2-de-la-taille-dun-telephone-est-moins-chere-que-jamais-pendant-le-black-friday\/"},"modified":"2025-11-25T20:17:36","modified_gmt":"2025-11-25T19:17:36","slug":"la-liseuse-palma-2-de-la-taille-dun-telephone-est-moins-chere-que-jamais-pendant-le-black-friday","status":"publish","type":"post","link":"https:\/\/vieassociative.be\/actualites\/la-liseuse-palma-2-de-la-taille-dun-telephone-est-moins-chere-que-jamais-pendant-le-black-friday\/","title":{"rendered":"La liseuse Palma 2 de la taille d&rsquo;un t\u00e9l\u00e9phone est moins ch\u00e8re que jamais pendant le Black Friday"},"content":{"rendered":"<div class=\"mt-4 leading-6 md:mb-8\">Le Boox Palma 2 est cher mais vaut chaque centime, surtout si vous l&rsquo;achetez en solde.<\/div>\n<p><\/p>\n<p><em>Les ventes du Black Friday commencent officiellement le vendredi 28 novembre et se poursuivent jusqu&rsquo;au Cyber \u200b\u200bMonday, le 1er d\u00e9cembre, et Vie Associative partage les meilleures ventes bas\u00e9es sur des critiques de produits, des comparaisons et des outils de suivi des prix avant leur fin. <\/em><\/p>\n<ul>\n<li>\n<p><em>Suivez notre blog en direct<\/em><em>  pour rester au courant des meilleures ventes que nous trouvons.<\/em><\/p>\n<\/li>\n<li>\n<p><em>Parcourez les choix de nos r\u00e9dacteurs<\/em><em>  pour une liste organis\u00e9e de nos ventes pr\u00e9f\u00e9r\u00e9es sur les ordinateurs portables, les technologies de fitness, les appareils \u00e9lectrom\u00e9nagers et plus encore.<\/em><\/p>\n<\/li>\n<li>\n<p><em>Abonnez-vous \u00e0 notre newsletter shopping<\/em><em>Ajoutez au panier, pour les meilleures ventes envoy\u00e9es dans votre bo\u00eete de r\u00e9ception.<\/em><\/p>\n<\/li>\n<li>\n<p><em>Les ventes sont exactes au moment de la publication, mais les prix et les stocks sont toujours sujets \u00e0 changement. <\/em><\/p>\n<\/li>\n<\/ul>\n<hr>\n<p>J&rsquo;ai achet\u00e9 ma premi\u00e8re liseuse il y a environ 15 ans \u2013 une Kindle \u2013 et depuis, j&rsquo;ai utilis\u00e9 des appareils et des applications d&rsquo;Amazon, Barnes &#038; Noble et Kobo, tout en constituant une biblioth\u00e8que de livres \u00e9lectroniques fragment\u00e9e en cours de route. Ces derni\u00e8res ann\u00e9es, j&rsquo;ai \u00e9galement examin\u00e9 toute une pile d&rsquo;appareils \u00e0 encre \u00e9lectronique pour Vie Associative. <\/p>\n<p>Tout cela pour dire que j&rsquo;\u00e9cris avec une certaine autorit\u00e9 lorsque je dis que le Boox Palma 2 est ma liseuse pr\u00e9f\u00e9r\u00e9e de tous les temps. Je pense que c&rsquo;est un achat encore meilleur que le Boox Palma 2 Pro, plus r\u00e9cent mais beaucoup plus cher. Le seul inconv\u00e9nient : en ce qui concerne les liseuses \u00e9lectroniques, c&rsquo;est un peu cher, mais avant le Black Friday, c&rsquo;est moins cher qu&rsquo;avant. Avec le lancement du mod\u00e8le Pro, le Palma 2 original est tomb\u00e9 \u00e0 un prix record de 270 $ (contre 300 $).<\/p>\n<div class=\"pogoClear mb-12 mt-10 rounded-md border-2 border-gray-100 py-7 shadow-xl md:py-6\">\n<div class=\"flex flex-wrap justify-between px-7 text-black no-underline md:flex-nowrap md:px-8\">\n<div class=\"order-1 mx-auto flex flex-col justify-center md:order-2 md:ml-4 md:w-full md:grow\">\n<div class=\"block cursor-pointer text-center font-akshar text-2xl font-medium leading-7 text-brand-green duration-200 ease-in-out hover:text-brand-green-700 md:text-left md:text-xl md:leading-6\">Liseuse \u00e9lectronique Boox Palma 2 6,13 pouces\n                <\/div>\n<div class=\"mt-4 hidden md:flex md:justify-between\">\n<div class=\"self-end\">\n<div class=\"mb-0 h-11 md:flex md:flex-col md:justify-center\">\n<div class=\" font-sans leading-4 text-black\">\n<div class=\"flex flex-wrap items-center justify-center gap-1 md:justify-start\">\n        <span class=\"font-bold\"><\/p>\n<p>            269,99\u00a0$<br \/>\n                            <span class=\"font-medium\">chez Amazon<\/span><br \/>\n                    <\/span>\n            <\/div>\n<div class=\"flex items-center justify-center gap-x-1 font-bold md:justify-start\">\n            <span class=\"text-sm line-through\">299,99\u00a0$<\/span><br \/>\n            <span class=\"text-sm text-brand-green\">\u00c9conomisez 30,00\u00a0$<\/span>\n        <\/div>\n<\/p><\/div>\n<\/p><\/div>\n<\/p><\/div>\n<div class=\"w-44 self-end\">\n                            <button class=\"flex justify-center items-center w-full bg-brand-green text-white text-base font-sans font-medium rounded-md hover:bg-brand-green-700 hover:cursor-pointer md:text-sm h-11\"><\/p>\n<p>    Obtenez une offre<br \/>\n<\/button>\n                        <\/div>\n<\/p><\/div>\n<\/p><\/div>\n<div class=\"order-2 mt-5 h-auto w-full md:order-1 md:mt-0 md:hidden\">\n<div class=\"flex aspect-video items-center justify-center\">\n                                            <img decoding=\"async\" class=\"m-0 max-h-full max-w-full rounded-md\" src=\"https:\/\/vieassociative.be\/actualites\/wp-content\/uploads\/2025\/11\/La-liseuse-Palma-2-de-la-taille-dun-telephone-est.jpg\" alt=\"BOOX Palma 2 Mobile ePaper eBook Reader Reconnaissance d'empreintes digitales Bouton intelligent Double microphones (Noir)\" width=\"auto\" height=\"auto\" loading=\"lazy\">\n                                    <\/div>\n<\/p><\/div>\n<div class=\"order-2 ml-2 hidden w-32 shrink-0 items-center md:order-1 md:ml-0 md:flex\">\n<div class=\"flex aspect-video items-center justify-center\">\n                                            <img decoding=\"async\" class=\"m-0 max-h-full max-w-full rounded-md\" src=\"https:\/\/vieassociative.be\/actualites\/wp-content\/uploads\/2025\/11\/La-liseuse-Palma-2-de-la-taille-dun-telephone-est.jpg\" alt=\"BOOX Palma 2 Mobile ePaper eBook Reader Reconnaissance d'empreintes digitales Bouton intelligent Double microphones (Noir)\" width=\"auto\" height=\"auto\" loading=\"lazy\">\n                                    <\/div>\n<\/p><\/div>\n<div class=\"order-3 flex grow flex-wrap md:hidden md:grow-0\">\n<div class=\"mt-4 w-full\">\n                        <button class=\"flex justify-center items-center w-full bg-brand-green text-white text-base font-sans font-medium rounded-md hover:bg-brand-green-700 hover:cursor-pointer md:text-sm h-11\"><\/p>\n<p>    Obtenez une offre<br \/>\n<\/button>\n                    <\/div>\n<div class=\"mx-2 mt-4 w-full\">\n<div class=\" font-sans leading-4 text-black\">\n<div class=\"flex flex-wrap items-center justify-center gap-1 md:justify-start\">\n        <span class=\"font-bold\"><\/p>\n<p>            269,99\u00a0$<br \/>\n                            <span class=\"font-medium\">chez Amazon<\/span><br \/>\n                    <\/span>\n            <\/div>\n<div class=\"flex items-center justify-center gap-x-1 font-bold md:justify-start\">\n            <span class=\"text-sm line-through\">299,99\u00a0$<\/span><br \/>\n            <span class=\"text-sm text-brand-green\">\u00c9conomisez 30,00\u00a0$<\/span>\n        <\/div>\n<\/p><\/div>\n<\/p><\/div>\n<\/p><\/div>\n<\/p><\/div>\n<\/div>\n<h2 id=\"a-truly-portable-full-featured-e-reader\">Une liseuse \u00e9lectronique v\u00e9ritablement portable et compl\u00e8te<\/h2>\n<p>Cette liseuse en forme de t\u00e9l\u00e9phone, de la soci\u00e9t\u00e9 technologique chinoise Onyx International, se glisse facilement dans la poche d&rsquo;un jean \u00e0 c\u00f4t\u00e9 de mon iPhone. Je le porte avec moi chaque fois que je quitte la maison, et cela m&rsquo;a aid\u00e9 \u00e0 moins faire d\u00e9filer la page et \u00e0 lire davantage au cours de la derni\u00e8re ann\u00e9e. Il dispose d&rsquo;un \u00e9cran \u00e0 encre \u00e9lectronique net avec un \u00e9clairage frontal presque aussi performant que celui que vous trouverez sur le Kindle Paperwhite, mais il se distingue par son syst\u00e8me d&rsquo;exploitation Android ouvert, qui vous permet de t\u00e9l\u00e9charger n&rsquo;importe quelle application sur le Google Play Store, ce qui signifie que vous pouvez acc\u00e9der \u00e0 des livres d&rsquo;Amazon, Barnes &#038; Noble, Audible, Audiobooks.com, ou m\u00eame \u00e0 des services d&rsquo;abonnement \u00e0 des romans graphiques et \u00e0 des mangas comme Shonen Jump, le tout sur le m\u00eame appareil. <\/p>\n<p>La r\u00e9solution de 300 ppp de l&rsquo;\u00e9cran et le taux de rafra\u00eechissement rapide signifient \u00e9galement que vous pouvez utiliser des applications de productivit\u00e9 telles que Slack, Gmail et Google Docs (ajoutez un clavier Bluetooth et vous obtenez une configuration d&rsquo;\u00e9criture super portable et sans distraction) ; naviguer sur Internet sans trop de d\u00e9calage d&rsquo;\u00e9cran\u00a0; ou m\u00eame jouer \u00e0 des jeux et regarder des vid\u00e9os. Certes, aucun \u00e9cran \u00e0 encre \u00e9lectronique n&rsquo;aura l&rsquo;air aussi net ou ne bougera aussi facilement qu&rsquo;un \u00e9cran LED, mais c&rsquo;est un peu le probl\u00e8me : l&rsquo;affichage en niveaux de gris provoque moins de fatigue oculaire et rend l&rsquo;appareil moins addictif, vous l&rsquo;utilisez donc avec intention plut\u00f4t que de faire d\u00e9filer sans r\u00e9fl\u00e9chir.  <\/p>\n<h2 id=\"the-palma-2-is-now-cheaper-than-ever\">Le Palma 2 est d\u00e9sormais moins cher que jamais<\/h2>\n<p>Il est ind\u00e9niable que le Palma 2 est nettement plus cher qu&rsquo;un Kindle Paperwhite. Mais pour le moment, vous pouvez en acheter un sur Amazon pour 270 $, soit une r\u00e9duction totale de 10 %. Ce n&rsquo;est pas une \u00e9norme \u00e9conomie, mais je surveille le prix de cet appareil sur Amazon depuis sa sortie, et il n&rsquo;a jamais \u00e9t\u00e9 disponible \u00e0 un prix inf\u00e9rieur. Et bien que le nouveau Palma 2 Pro soit un excellent appareil, il est nettement plus cher \u00e0 400 $, et si vous ne vous souciez pas d&rsquo;un \u00e9cran couleur, de donn\u00e9es mobiles ou de la prise en charge d&rsquo;un stylet, le Palma 2 offre de toute fa\u00e7on un bien meilleur rapport qualit\u00e9-prix.<\/p>\n<h2 id=\"the-original-palma-is-also-back-in-stock-on-amazon\">Le Palma original est \u00e9galement de nouveau en stock sur Amazon<\/h2>\n<div class=\"pogoClear mb-12 mt-10 rounded-md border-2 border-gray-100 py-7 shadow-xl md:py-6\">\n<div class=\"flex flex-wrap justify-between px-7 text-black no-underline md:flex-nowrap md:px-8\">\n<div class=\"order-1 mx-auto flex flex-col justify-center md:order-2 md:ml-4 md:w-full md:grow\">\n<div class=\"block cursor-pointer text-center font-akshar text-2xl font-medium leading-7 text-brand-green duration-200 ease-in-out hover:text-brand-green-700 md:text-left md:text-xl md:leading-6\">Le Boox Palma original\n                <\/div>\n<div class=\"mt-4 hidden md:flex md:justify-between\">\n<div class=\"self-end\">\n<div class=\"mb-0 h-11 md:flex md:flex-col md:justify-center\">\n<div class=\" font-sans leading-4 text-black\">\n<div class=\"flex flex-wrap items-center justify-center gap-1 md:justify-start\">\n        <span class=\"font-bold\"><\/p>\n<p>            269,99\u00a0$<br \/>\n                            <span class=\"font-medium\">chez Amazon<\/span><br \/>\n                    <\/span>\n            <\/div>\n<div class=\"flex items-center justify-center gap-x-1 font-bold md:justify-start\">\n            <span class=\"text-sm line-through\">299,99\u00a0$<\/span><br \/>\n            <span class=\"text-sm text-brand-green\">\u00c9conomisez 30,00\u00a0$<\/span>\n        <\/div>\n<\/p><\/div>\n<\/p><\/div>\n<\/p><\/div>\n<div class=\"w-44 self-end\">\n                            <button class=\"flex justify-center items-center w-full bg-brand-green text-white text-base font-sans font-medium rounded-md hover:bg-brand-green-700 hover:cursor-pointer md:text-sm h-11\"><\/p>\n<p>    Obtenez une offre<br \/>\n<\/button>\n                        <\/div>\n<\/p><\/div>\n<\/p><\/div>\n<div class=\"order-2 mt-5 h-auto w-full md:order-1 md:mt-0 md:hidden\">\n<div class=\"flex aspect-video items-center justify-center\">\n                                            <img decoding=\"async\" class=\"m-0 max-h-full max-w-full rounded-md\" src=\"https:\/\/vieassociative.be\/actualites\/wp-content\/uploads\/2025\/11\/La-liseuse-Palma-2-de-la-taille-dun-telephone-est.jpg\" alt=\"BOOX Palma 2 Mobile ePaper eBook Reader Reconnaissance d'empreintes digitales Bouton intelligent Double microphones (Noir)\" width=\"auto\" height=\"auto\" loading=\"lazy\">\n                                    <\/div>\n<\/p><\/div>\n<div class=\"order-2 ml-2 hidden w-32 shrink-0 items-center md:order-1 md:ml-0 md:flex\">\n<div class=\"flex aspect-video items-center justify-center\">\n                                            <img decoding=\"async\" class=\"m-0 max-h-full max-w-full rounded-md\" src=\"https:\/\/vieassociative.be\/actualites\/wp-content\/uploads\/2025\/11\/La-liseuse-Palma-2-de-la-taille-dun-telephone-est.jpg\" alt=\"BOOX Palma 2 Mobile ePaper eBook Reader Reconnaissance d'empreintes digitales Bouton intelligent Double microphones (Noir)\" width=\"auto\" height=\"auto\" loading=\"lazy\">\n                                    <\/div>\n<\/p><\/div>\n<div class=\"order-3 flex grow flex-wrap md:hidden md:grow-0\">\n<div class=\"mt-4 w-full\">\n                        <button class=\"flex justify-center items-center w-full bg-brand-green text-white text-base font-sans font-medium rounded-md hover:bg-brand-green-700 hover:cursor-pointer md:text-sm h-11\"><\/p>\n<p>    Obtenez une offre<br \/>\n<\/button>\n                    <\/div>\n<div class=\"mx-2 mt-4 w-full\">\n<div class=\" font-sans leading-4 text-black\">\n<div class=\"flex flex-wrap items-center justify-center gap-1 md:justify-start\">\n        <span class=\"font-bold\"><\/p>\n<p>            269,99\u00a0$<br \/>\n                            <span class=\"font-medium\">chez Amazon<\/span><br \/>\n                    <\/span>\n            <\/div>\n<div class=\"flex items-center justify-center gap-x-1 font-bold md:justify-start\">\n            <span class=\"text-sm line-through\">299,99\u00a0$<\/span><br \/>\n            <span class=\"text-sm text-brand-green\">\u00c9conomisez 30,00\u00a0$<\/span>\n        <\/div>\n<\/p><\/div>\n<\/p><\/div>\n<\/p><\/div>\n<\/p><\/div>\n<\/div>\n<p>Si vous voulez un Palma mais que vous ne pouvez m\u00eame pas justifier 270 $ pour un Palma 2 \u00e0 prix r\u00e9duit, le Palma original de 2023 est \u00e9galement de retour en stock sur Amazon, et c&rsquo;est 229 $ plus savoureux. Bien que l&rsquo;OG Palma ait un processeur l\u00e9g\u00e8rement plus lent, fonctionne sur une ancienne version d&rsquo;Android et ne dispose pas d&rsquo;un scanner d&#8217;empreintes digitales, il reste un excellent rapport qualit\u00e9-prix pour la plupart des gens, \u00e0 condition que vous puissiez en trouver un en stock aux \u00c9tats-Unis (j&rsquo;ai pr\u00e9par\u00e9 une comparaison compl\u00e8te entre le Palma et le Palma 2 si vous \u00eates ind\u00e9cis.)<\/p>\n<p>Au moment d&rsquo;\u00e9crire ces lignes, Amazon a actuellement le Palma original en stock en quantit\u00e9s tr\u00e8s limit\u00e9es, alors agissez vite si vous en voulez un.<\/p>\n<h2 id=\"consider-a-cheaper-alternative-from-viwoods\">Envisagez une alternative moins ch\u00e8re de Viwoods<\/h2>\n<p>Si vous \u00eates d&rsquo;accord avec le concept d&rsquo;un appareil en forme de t\u00e9l\u00e9phone, que vous aimez l&rsquo;IA et que vous souhaitez d\u00e9penser un peu moins, le nouveau Viwoods AiPaper Reader co\u00fbte moins de 240 $ pour le Black Friday. Il poss\u00e8de la plupart des m\u00eames fonctionnalit\u00e9s que le Palma 2, plus des donn\u00e9es mobiles via une carte SIM et fonctionne m\u00eame comme un t\u00e9l\u00e9phone secret. (Consultez ma critique.)<\/p>\n<hr>\n<h2 id=\"what-stores-have-the-best-sales-on-black-friday\">Quels magasins proposent les meilleures ventes le Black Friday ?<\/h2>\n<p>De nos jours, les grands d\u00e9taillants et les petites entreprises se disputent les acheteurs du Black Friday, vous pouvez donc vous attendre \u00e0 ce que pratiquement tous les magasins r\u00e9alisent des soldes jusqu&rsquo;au lundi 1er d\u00e9cembre 2025. Les \u00ab meilleures \u00bb ventes d\u00e9pendent de vos besoins, mais en g\u00e9n\u00e9ral, les remises les plus importantes ont tendance \u00e0 provenir de grands d\u00e9taillants qui peuvent se permettre des prix plus bas : pensez \u00e0 des endroits comme Amazon, Walmart, Target, Best Buy et Home Depot. Vous pouvez retrouver toutes les meilleures ventes des grands d\u00e9taillants sur notre blog en direct. <\/p>\n<h2 id=\"are-black-friday-deals-worth-it\">Les offres du Black Friday en valent-elles la peine ?<\/h2>\n<p>Bref, oui, le Black Friday propose toujours des r\u00e9ductions qui peuvent \u00eatre rares sur le reste de l&rsquo;ann\u00e9e. Si vous souhaitez acheter quelque chose ou si vous achetez des cadeaux, c&rsquo;est le bon moment pour rechercher des r\u00e9ductions sur ce dont vous avez besoin, en particulier les ventes de technologies, de fournitures de r\u00e9novation domiciliaire et de technologies de fitness. Bien s\u00fbr, si vous avez besoin d\u2019\u00e9conomiser de l\u2019argent, la meilleure fa\u00e7on d\u2019\u00e9conomiser est de ne rien acheter. <\/p>\n<h2 id=\"are-cyber-monday-deals-better-than-black-friday\">Les offres du Cyber \u200b\u200bMonday sont-elles meilleures que le Black Friday ?<\/h2>\n<p>Le Black Friday \u00e9tait autrefois r\u00e9serv\u00e9 aux grands d\u00e9taillants et aux technologies et appareils \u00e9lectrom\u00e9nagers plus chers, tandis que le Cyber \u200b\u200b\u200b\u200bMonday \u00e9tait destin\u00e9 aux technologies moins ch\u00e8res et donnait aux petites entreprises une chance de rivaliser en ligne. Mais aujourd\u2019hui, la distinction n\u2019a presque plus de sens. Tous les grands d\u00e9taillants proposeront des soldes les deux jours, et la meilleure chose \u00e0 faire est de savoir ce que vous voulez, d&rsquo;utiliser des outils de suivi des prix ou de vous r\u00e9f\u00e9rer \u00e0 des guides comme notre blog en direct qui utilisent des outils de suivi des prix pour vous, et de ne pas vous soucier de trouver le moment id\u00e9al.<\/p>\n","protected":false},"excerpt":{"rendered":"<p>Le Boox Palma 2 est cher mais vaut chaque centime, surtout si vous l&rsquo;achetez en solde. Les ventes du Black Friday commencent officiellement le vendredi<\/p>\n","protected":false},"author":1,"featured_media":11536,"comment_status":"","ping_status":"","sticky":false,"template":"","format":"standard","meta":{"footnotes":""},"categories":[13],"tags":[73,3792,354,76,1255,851,9364,469,7829,198,4343,542],"class_list":["post-11535","post","type-post","status-publish","format-standard","has-post-thumbnail","hentry","category-technologie","tag-black","tag-chere","tag-dun","tag-est","tag-friday","tag-jamais","tag-liseuse","tag-moins","tag-palma","tag-pendant","tag-taille","tag-telephone","generate-columns","tablet-grid-50","mobile-grid-100","grid-parent","grid-33"],"yoast_head":"<!-- This site is optimized with the Yoast SEO plugin v24.0 - https:\/\/yoast.com\/wordpress\/plugins\/seo\/ -->\n<title>La liseuse Palma 2 de la taille d&#039;un t\u00e9l\u00e9phone est moins ch\u00e8re que jamais pendant le Black Friday | Vie Associative<\/title>\n<meta name=\"robots\" content=\"index, follow, max-snippet:-1, max-image-preview:large, max-video-preview:-1\" \/>\n<link rel=\"canonical\" href=\"https:\/\/vieassociative.be\/actualites\/la-liseuse-palma-2-de-la-taille-dun-telephone-est-moins-chere-que-jamais-pendant-le-black-friday\/\" \/>\n<meta property=\"og:locale\" content=\"fr_FR\" \/>\n<meta property=\"og:type\" content=\"article\" \/>\n<meta property=\"og:title\" content=\"La liseuse Palma 2 de la taille d&#039;un t\u00e9l\u00e9phone est moins ch\u00e8re que jamais pendant le Black Friday | Vie Associative\" \/>\n<meta property=\"og:description\" content=\"Le Boox Palma 2 est cher mais vaut chaque centime, surtout si vous l&rsquo;achetez en solde. Les ventes du Black Friday commencent officiellement le vendredi\" \/>\n<meta property=\"og:url\" content=\"https:\/\/vieassociative.be\/actualites\/la-liseuse-palma-2-de-la-taille-dun-telephone-est-moins-chere-que-jamais-pendant-le-black-friday\/\" \/>\n<meta property=\"og:site_name\" content=\"Vie Associative\" \/>\n<meta property=\"article:published_time\" content=\"2025-11-25T19:17:36+00:00\" \/>\n<meta property=\"og:image\" content=\"https:\/\/vieassociative.be\/actualites\/wp-content\/uploads\/2025\/11\/La-liseuse-Palma-2-de-la-taille-dun-telephone-est.jpg\" \/>\n<meta name=\"author\" content=\"Julien\" \/>\n<meta name=\"twitter:card\" content=\"summary_large_image\" \/>\n<meta name=\"twitter:label1\" content=\"\u00c9crit par\" \/>\n\t<meta name=\"twitter:data1\" content=\"Julien\" \/>\n\t<meta name=\"twitter:label2\" content=\"Dur\u00e9e de lecture est.\" \/>\n\t<meta name=\"twitter:data2\" content=\"6 minutes\" \/>\n<script type=\"application\/ld+json\" class=\"yoast-schema-graph\">{\"@context\":\"https:\/\/schema.org\",\"@graph\":[{\"@type\":\"Article\",\"@id\":\"https:\/\/vieassociative.be\/actualites\/la-liseuse-palma-2-de-la-taille-dun-telephone-est-moins-chere-que-jamais-pendant-le-black-friday\/#article\",\"isPartOf\":{\"@id\":\"https:\/\/vieassociative.be\/actualites\/la-liseuse-palma-2-de-la-taille-dun-telephone-est-moins-chere-que-jamais-pendant-le-black-friday\/\"},\"author\":{\"name\":\"Julien\",\"@id\":\"https:\/\/vieassociative.be\/actualites\/#\/schema\/person\/b87ac4f82f9d4e7b7cec7395b679edc4\"},\"headline\":\"La liseuse Palma 2 de la taille d&rsquo;un t\u00e9l\u00e9phone est moins ch\u00e8re que jamais pendant le Black Friday\",\"datePublished\":\"2025-11-25T19:17:36+00:00\",\"dateModified\":\"2025-11-25T19:17:36+00:00\",\"mainEntityOfPage\":{\"@id\":\"https:\/\/vieassociative.be\/actualites\/la-liseuse-palma-2-de-la-taille-dun-telephone-est-moins-chere-que-jamais-pendant-le-black-friday\/\"},\"wordCount\":1359,\"publisher\":{\"@id\":\"https:\/\/vieassociative.be\/actualites\/#organization\"},\"image\":{\"@id\":\"https:\/\/vieassociative.be\/actualites\/la-liseuse-palma-2-de-la-taille-dun-telephone-est-moins-chere-que-jamais-pendant-le-black-friday\/#primaryimage\"},\"thumbnailUrl\":\"https:\/\/vieassociative.be\/actualites\/wp-content\/uploads\/2025\/11\/1764098256_La-liseuse-Palma-2-de-la-taille-dun-telephone-est.jpg\",\"keywords\":[\"Black\",\"ch\u00e8re\",\"dun\",\"est\",\"Friday\",\"jamais\",\"liseuse\",\"moins\",\"Palma\",\"pendant\",\"taille\",\"t\u00e9l\u00e9phone\"],\"articleSection\":[\"Technologie\"],\"inLanguage\":\"fr-BE\"},{\"@type\":\"WebPage\",\"@id\":\"https:\/\/vieassociative.be\/actualites\/la-liseuse-palma-2-de-la-taille-dun-telephone-est-moins-chere-que-jamais-pendant-le-black-friday\/\",\"url\":\"https:\/\/vieassociative.be\/actualites\/la-liseuse-palma-2-de-la-taille-dun-telephone-est-moins-chere-que-jamais-pendant-le-black-friday\/\",\"name\":\"La liseuse Palma 2 de la taille d'un t\u00e9l\u00e9phone est moins ch\u00e8re que jamais pendant le Black Friday | Vie Associative\",\"isPartOf\":{\"@id\":\"https:\/\/vieassociative.be\/actualites\/#website\"},\"primaryImageOfPage\":{\"@id\":\"https:\/\/vieassociative.be\/actualites\/la-liseuse-palma-2-de-la-taille-dun-telephone-est-moins-chere-que-jamais-pendant-le-black-friday\/#primaryimage\"},\"image\":{\"@id\":\"https:\/\/vieassociative.be\/actualites\/la-liseuse-palma-2-de-la-taille-dun-telephone-est-moins-chere-que-jamais-pendant-le-black-friday\/#primaryimage\"},\"thumbnailUrl\":\"https:\/\/vieassociative.be\/actualites\/wp-content\/uploads\/2025\/11\/1764098256_La-liseuse-Palma-2-de-la-taille-dun-telephone-est.jpg\",\"datePublished\":\"2025-11-25T19:17:36+00:00\",\"dateModified\":\"2025-11-25T19:17:36+00:00\",\"breadcrumb\":{\"@id\":\"https:\/\/vieassociative.be\/actualites\/la-liseuse-palma-2-de-la-taille-dun-telephone-est-moins-chere-que-jamais-pendant-le-black-friday\/#breadcrumb\"},\"inLanguage\":\"fr-BE\",\"potentialAction\":[{\"@type\":\"ReadAction\",\"target\":[\"https:\/\/vieassociative.be\/actualites\/la-liseuse-palma-2-de-la-taille-dun-telephone-est-moins-chere-que-jamais-pendant-le-black-friday\/\"]}]},{\"@type\":\"ImageObject\",\"inLanguage\":\"fr-BE\",\"@id\":\"https:\/\/vieassociative.be\/actualites\/la-liseuse-palma-2-de-la-taille-dun-telephone-est-moins-chere-que-jamais-pendant-le-black-friday\/#primaryimage\",\"url\":\"https:\/\/vieassociative.be\/actualites\/wp-content\/uploads\/2025\/11\/1764098256_La-liseuse-Palma-2-de-la-taille-dun-telephone-est.jpg\",\"contentUrl\":\"https:\/\/vieassociative.be\/actualites\/wp-content\/uploads\/2025\/11\/1764098256_La-liseuse-Palma-2-de-la-taille-dun-telephone-est.jpg\",\"width\":1200,\"height\":675,\"caption\":\"La liseuse Palma 2 de la taille d'un t\u00e9l\u00e9phone est moins ch\u00e8re que jamais pendant le Black Friday\"},{\"@type\":\"BreadcrumbList\",\"@id\":\"https:\/\/vieassociative.be\/actualites\/la-liseuse-palma-2-de-la-taille-dun-telephone-est-moins-chere-que-jamais-pendant-le-black-friday\/#breadcrumb\",\"itemListElement\":[{\"@type\":\"ListItem\",\"position\":1,\"name\":\"Accueil\",\"item\":\"https:\/\/vieassociative.be\/actualites\/\"},{\"@type\":\"ListItem\",\"position\":2,\"name\":\"La liseuse Palma 2 de la taille d&rsquo;un t\u00e9l\u00e9phone est moins ch\u00e8re que jamais pendant le Black Friday\"}]},{\"@type\":\"WebSite\",\"@id\":\"https:\/\/vieassociative.be\/actualites\/#website\",\"url\":\"https:\/\/vieassociative.be\/actualites\/\",\"name\":\"Vie Associative\",\"description\":\"\",\"publisher\":{\"@id\":\"https:\/\/vieassociative.be\/actualites\/#organization\"},\"potentialAction\":[{\"@type\":\"SearchAction\",\"target\":{\"@type\":\"EntryPoint\",\"urlTemplate\":\"https:\/\/vieassociative.be\/actualites\/?s={search_term_string}\"},\"query-input\":{\"@type\":\"PropertyValueSpecification\",\"valueRequired\":true,\"valueName\":\"search_term_string\"}}],\"inLanguage\":\"fr-BE\"},{\"@type\":\"Organization\",\"@id\":\"https:\/\/vieassociative.be\/actualites\/#organization\",\"name\":\"Vie Associative\",\"url\":\"https:\/\/vieassociative.be\/actualites\/\",\"logo\":{\"@type\":\"ImageObject\",\"inLanguage\":\"fr-BE\",\"@id\":\"https:\/\/vieassociative.be\/actualites\/#\/schema\/logo\/image\/\",\"url\":\"https:\/\/vieassociative.be\/actualites\/wp-content\/uploads\/2024\/09\/cropped-vieassociative_favicon.ico.png\",\"contentUrl\":\"https:\/\/vieassociative.be\/actualites\/wp-content\/uploads\/2024\/09\/cropped-vieassociative_favicon.ico.png\",\"width\":512,\"height\":512,\"caption\":\"Vie Associative\"},\"image\":{\"@id\":\"https:\/\/vieassociative.be\/actualites\/#\/schema\/logo\/image\/\"}},{\"@type\":\"Person\",\"@id\":\"https:\/\/vieassociative.be\/actualites\/#\/schema\/person\/b87ac4f82f9d4e7b7cec7395b679edc4\",\"name\":\"Julien\",\"image\":{\"@type\":\"ImageObject\",\"inLanguage\":\"fr-BE\",\"@id\":\"https:\/\/vieassociative.be\/actualites\/#\/schema\/person\/image\/\",\"url\":\"https:\/\/vieassociative.be\/actualites\/wp-content\/uploads\/2024\/09\/vie-associative-1-150x150.jpg\",\"contentUrl\":\"https:\/\/vieassociative.be\/actualites\/wp-content\/uploads\/2024\/09\/vie-associative-1-150x150.jpg\",\"caption\":\"Julien\"},\"description\":\"Je suis Julien, r\u00e9dacteur pour Vie Associative. Passionn\u00e9 par le monde associatif depuis plus de 10 ans, j'ai \u00e0 c\u0153ur de partager des histoires inspirantes et de mettre en lumi\u00e8re les initiatives locales. Mon objectif est de sensibiliser et d'encourager l'engagement communautaire \u00e0 travers mes articles.\",\"sameAs\":[\"https:\/\/vieassociative.be\/\"]}]}<\/script>\n<!-- \/ Yoast SEO plugin. -->","yoast_head_json":{"title":"La liseuse Palma 2 de la taille d'un t\u00e9l\u00e9phone est moins ch\u00e8re que jamais pendant le Black Friday | Vie Associative","robots":{"index":"index","follow":"follow","max-snippet":"max-snippet:-1","max-image-preview":"max-image-preview:large","max-video-preview":"max-video-preview:-1"},"canonical":"https:\/\/vieassociative.be\/actualites\/la-liseuse-palma-2-de-la-taille-dun-telephone-est-moins-chere-que-jamais-pendant-le-black-friday\/","og_locale":"fr_FR","og_type":"article","og_title":"La liseuse Palma 2 de la taille d'un t\u00e9l\u00e9phone est moins ch\u00e8re que jamais pendant le Black Friday | Vie Associative","og_description":"Le Boox Palma 2 est cher mais vaut chaque centime, surtout si vous l&rsquo;achetez en solde. Les ventes du Black Friday commencent officiellement le vendredi","og_url":"https:\/\/vieassociative.be\/actualites\/la-liseuse-palma-2-de-la-taille-dun-telephone-est-moins-chere-que-jamais-pendant-le-black-friday\/","og_site_name":"Vie Associative","article_published_time":"2025-11-25T19:17:36+00:00","og_image":[{"url":"https:\/\/vieassociative.be\/actualites\/wp-content\/uploads\/2025\/11\/La-liseuse-Palma-2-de-la-taille-dun-telephone-est.jpg","type":"","width":"","height":""}],"author":"Julien","twitter_card":"summary_large_image","twitter_misc":{"\u00c9crit par":"Julien","Dur\u00e9e de lecture est.":"6 minutes"},"schema":{"@context":"https:\/\/schema.org","@graph":[{"@type":"Article","@id":"https:\/\/vieassociative.be\/actualites\/la-liseuse-palma-2-de-la-taille-dun-telephone-est-moins-chere-que-jamais-pendant-le-black-friday\/#article","isPartOf":{"@id":"https:\/\/vieassociative.be\/actualites\/la-liseuse-palma-2-de-la-taille-dun-telephone-est-moins-chere-que-jamais-pendant-le-black-friday\/"},"author":{"name":"Julien","@id":"https:\/\/vieassociative.be\/actualites\/#\/schema\/person\/b87ac4f82f9d4e7b7cec7395b679edc4"},"headline":"La liseuse Palma 2 de la taille d&rsquo;un t\u00e9l\u00e9phone est moins ch\u00e8re que jamais pendant le Black Friday","datePublished":"2025-11-25T19:17:36+00:00","dateModified":"2025-11-25T19:17:36+00:00","mainEntityOfPage":{"@id":"https:\/\/vieassociative.be\/actualites\/la-liseuse-palma-2-de-la-taille-dun-telephone-est-moins-chere-que-jamais-pendant-le-black-friday\/"},"wordCount":1359,"publisher":{"@id":"https:\/\/vieassociative.be\/actualites\/#organization"},"image":{"@id":"https:\/\/vieassociative.be\/actualites\/la-liseuse-palma-2-de-la-taille-dun-telephone-est-moins-chere-que-jamais-pendant-le-black-friday\/#primaryimage"},"thumbnailUrl":"https:\/\/vieassociative.be\/actualites\/wp-content\/uploads\/2025\/11\/1764098256_La-liseuse-Palma-2-de-la-taille-dun-telephone-est.jpg","keywords":["Black","ch\u00e8re","dun","est","Friday","jamais","liseuse","moins","Palma","pendant","taille","t\u00e9l\u00e9phone"],"articleSection":["Technologie"],"inLanguage":"fr-BE"},{"@type":"WebPage","@id":"https:\/\/vieassociative.be\/actualites\/la-liseuse-palma-2-de-la-taille-dun-telephone-est-moins-chere-que-jamais-pendant-le-black-friday\/","url":"https:\/\/vieassociative.be\/actualites\/la-liseuse-palma-2-de-la-taille-dun-telephone-est-moins-chere-que-jamais-pendant-le-black-friday\/","name":"La liseuse Palma 2 de la taille d'un t\u00e9l\u00e9phone est moins ch\u00e8re que jamais pendant le Black Friday | Vie Associative","isPartOf":{"@id":"https:\/\/vieassociative.be\/actualites\/#website"},"primaryImageOfPage":{"@id":"https:\/\/vieassociative.be\/actualites\/la-liseuse-palma-2-de-la-taille-dun-telephone-est-moins-chere-que-jamais-pendant-le-black-friday\/#primaryimage"},"image":{"@id":"https:\/\/vieassociative.be\/actualites\/la-liseuse-palma-2-de-la-taille-dun-telephone-est-moins-chere-que-jamais-pendant-le-black-friday\/#primaryimage"},"thumbnailUrl":"https:\/\/vieassociative.be\/actualites\/wp-content\/uploads\/2025\/11\/1764098256_La-liseuse-Palma-2-de-la-taille-dun-telephone-est.jpg","datePublished":"2025-11-25T19:17:36+00:00","dateModified":"2025-11-25T19:17:36+00:00","breadcrumb":{"@id":"https:\/\/vieassociative.be\/actualites\/la-liseuse-palma-2-de-la-taille-dun-telephone-est-moins-chere-que-jamais-pendant-le-black-friday\/#breadcrumb"},"inLanguage":"fr-BE","potentialAction":[{"@type":"ReadAction","target":["https:\/\/vieassociative.be\/actualites\/la-liseuse-palma-2-de-la-taille-dun-telephone-est-moins-chere-que-jamais-pendant-le-black-friday\/"]}]},{"@type":"ImageObject","inLanguage":"fr-BE","@id":"https:\/\/vieassociative.be\/actualites\/la-liseuse-palma-2-de-la-taille-dun-telephone-est-moins-chere-que-jamais-pendant-le-black-friday\/#primaryimage","url":"https:\/\/vieassociative.be\/actualites\/wp-content\/uploads\/2025\/11\/1764098256_La-liseuse-Palma-2-de-la-taille-dun-telephone-est.jpg","contentUrl":"https:\/\/vieassociative.be\/actualites\/wp-content\/uploads\/2025\/11\/1764098256_La-liseuse-Palma-2-de-la-taille-dun-telephone-est.jpg","width":1200,"height":675,"caption":"La liseuse Palma 2 de la taille d'un t\u00e9l\u00e9phone est moins ch\u00e8re que jamais pendant le Black Friday"},{"@type":"BreadcrumbList","@id":"https:\/\/vieassociative.be\/actualites\/la-liseuse-palma-2-de-la-taille-dun-telephone-est-moins-chere-que-jamais-pendant-le-black-friday\/#breadcrumb","itemListElement":[{"@type":"ListItem","position":1,"name":"Accueil","item":"https:\/\/vieassociative.be\/actualites\/"},{"@type":"ListItem","position":2,"name":"La liseuse Palma 2 de la taille d&rsquo;un t\u00e9l\u00e9phone est moins ch\u00e8re que jamais pendant le Black Friday"}]},{"@type":"WebSite","@id":"https:\/\/vieassociative.be\/actualites\/#website","url":"https:\/\/vieassociative.be\/actualites\/","name":"Vie Associative","description":"","publisher":{"@id":"https:\/\/vieassociative.be\/actualites\/#organization"},"potentialAction":[{"@type":"SearchAction","target":{"@type":"EntryPoint","urlTemplate":"https:\/\/vieassociative.be\/actualites\/?s={search_term_string}"},"query-input":{"@type":"PropertyValueSpecification","valueRequired":true,"valueName":"search_term_string"}}],"inLanguage":"fr-BE"},{"@type":"Organization","@id":"https:\/\/vieassociative.be\/actualites\/#organization","name":"Vie Associative","url":"https:\/\/vieassociative.be\/actualites\/","logo":{"@type":"ImageObject","inLanguage":"fr-BE","@id":"https:\/\/vieassociative.be\/actualites\/#\/schema\/logo\/image\/","url":"https:\/\/vieassociative.be\/actualites\/wp-content\/uploads\/2024\/09\/cropped-vieassociative_favicon.ico.png","contentUrl":"https:\/\/vieassociative.be\/actualites\/wp-content\/uploads\/2024\/09\/cropped-vieassociative_favicon.ico.png","width":512,"height":512,"caption":"Vie Associative"},"image":{"@id":"https:\/\/vieassociative.be\/actualites\/#\/schema\/logo\/image\/"}},{"@type":"Person","@id":"https:\/\/vieassociative.be\/actualites\/#\/schema\/person\/b87ac4f82f9d4e7b7cec7395b679edc4","name":"Julien","image":{"@type":"ImageObject","inLanguage":"fr-BE","@id":"https:\/\/vieassociative.be\/actualites\/#\/schema\/person\/image\/","url":"https:\/\/vieassociative.be\/actualites\/wp-content\/uploads\/2024\/09\/vie-associative-1-150x150.jpg","contentUrl":"https:\/\/vieassociative.be\/actualites\/wp-content\/uploads\/2024\/09\/vie-associative-1-150x150.jpg","caption":"Julien"},"description":"Je suis Julien, r\u00e9dacteur pour Vie Associative. Passionn\u00e9 par le monde associatif depuis plus de 10 ans, j'ai \u00e0 c\u0153ur de partager des histoires inspirantes et de mettre en lumi\u00e8re les initiatives locales. Mon objectif est de sensibiliser et d'encourager l'engagement communautaire \u00e0 travers mes articles.","sameAs":["https:\/\/vieassociative.be\/"]}]}},"_links":{"self":[{"href":"https:\/\/vieassociative.be\/actualites\/wp-json\/wp\/v2\/posts\/11535"}],"collection":[{"href":"https:\/\/vieassociative.be\/actualites\/wp-json\/wp\/v2\/posts"}],"about":[{"href":"https:\/\/vieassociative.be\/actualites\/wp-json\/wp\/v2\/types\/post"}],"author":[{"embeddable":true,"href":"https:\/\/vieassociative.be\/actualites\/wp-json\/wp\/v2\/users\/1"}],"replies":[{"embeddable":true,"href":"https:\/\/vieassociative.be\/actualites\/wp-json\/wp\/v2\/comments?post=11535"}],"version-history":[{"count":0,"href":"https:\/\/vieassociative.be\/actualites\/wp-json\/wp\/v2\/posts\/11535\/revisions"}],"wp:featuredmedia":[{"embeddable":true,"href":"https:\/\/vieassociative.be\/actualites\/wp-json\/wp\/v2\/media\/11536"}],"wp:attachment":[{"href":"https:\/\/vieassociative.be\/actualites\/wp-json\/wp\/v2\/media?parent=11535"}],"wp:term":[{"taxonomy":"category","embeddable":true,"href":"https:\/\/vieassociative.be\/actualites\/wp-json\/wp\/v2\/categories?post=11535"},{"taxonomy":"post_tag","embeddable":true,"href":"https:\/\/vieassociative.be\/actualites\/wp-json\/wp\/v2\/tags?post=11535"}],"curies":[{"name":"wp","href":"https:\/\/api.w.org\/{rel}","templated":true}]}}