{"id":11532,"date":"2025-11-25T16:17:29","date_gmt":"2025-11-25T15:17:29","guid":{"rendered":"https:\/\/vieassociative.be\/actualites\/des-archeologues-decouvrent-des-preuves-de-cannibalisme-chez-les-neandertaliens\/"},"modified":"2025-11-25T16:17:32","modified_gmt":"2025-11-25T15:17:32","slug":"des-archeologues-decouvrent-des-preuves-de-cannibalisme-chez-les-neandertaliens","status":"publish","type":"post","link":"https:\/\/vieassociative.be\/actualites\/des-archeologues-decouvrent-des-preuves-de-cannibalisme-chez-les-neandertaliens\/","title":{"rendered":"Des arch\u00e9ologues d\u00e9couvrent des preuves de cannibalisme chez les N\u00e9andertaliens"},"content":{"rendered":"<p><\/p>\n<style>\n<p>      .article-body > p > a:not((href^=\"https:\/\/www.Vie associative\/\")):not((href^=\"https:\/\/www.Vie associative\")) ::after { display: inline-block; largeur : 0,8em ; hauteur : 0,8em ; couleur d'arri\u00e8re-plan\u00a0: couleur actuelle\u00a0; alignement vertical\u00a0: milieu\u00a0; contenu: ''; marge gauche\u00a0: 4\u00a0px\u00a0; masque-image: url(\"data:image\/svg+xml,%3Csvg xmlns=\"http:\/\/www.w3.org\/2000\/svg\" viewBox='0 0 20 20'%3E%3Cpath d='M4.05375 17L3 15.9462L14.4462 4.5H7.5V3H17V12.5H15.5V5.55375L4.05375 17Z' \/%3E%3C\/svg%3E\"); taille du masque\u00a0: couverture\u00a0; masque-r\u00e9p\u00e9tition\u00a0: pas de r\u00e9p\u00e9tition\u00a0; position du masque\u00a0: centre\u00a0; }\n    <\/style>\n<aside class=\"h-ad-280+text lg:h-0 lg:hidden mb-12 md:mb-16\" data-slot-id=\"pos1_sm\" data-breakpoint=\"sm\" data-hide-ad-text=\"false\" data-module-id=\"SparkAdSlotModule\"><\/aside>\n<p class=\"expressive-copy-lg-body\">Les scientifiques ont examin\u00e9 les d\u00e9couvertes d&rsquo;os provenant d&rsquo;un syst\u00e8me de grottes pr\u00e8s de Goyet, dans la r\u00e9gion wallonne du sud de la Belgique, et ont fait une d\u00e9couverte inqui\u00e9tante : cela sugg\u00e8re qu&rsquo;il y avait des rituels cannibales parmi les N\u00e9andertaliens il y a 45 000 ans. L&rsquo;\u00e9quipe de recherche travaille d\u00e9sormais \u00e0 reconstituer les circonstances exactes de ces \u00e9v\u00e9nements.<\/p>\n<h3 class=\"expressive-heading-xl mb-5 mt-10\">D\u00e9couvertes inqui\u00e9tantes : les grottes de Goyet comme site arch\u00e9ologique<\/h3>\n<p class=\"expressive-copy-lg-body\">Le syst\u00e8me de grottes de la commune de Gesves, dans la province de Namur en Belgique, a attir\u00e9 l&rsquo;attention internationale gr\u00e2ce \u00e0 d&rsquo;importantes d\u00e9couvertes arch\u00e9ologiques. Parmi les d\u00e9couvertes remarquables figurent 101 fragments d&rsquo;os provenant de ce qu&rsquo;on appelle la troisi\u00e8me caverne, la troisi\u00e8me grotte de Goyet, dat\u00e9s d&rsquo;environ 45 000 ans et attribu\u00e9s \u00e0 l&rsquo;homme de N\u00e9andertal.<\/p>\n<div id=\"piano-banner-kampagne\" data-module-id=\"PianoElementModule, PianoRecoWidgetLegacyModule\" class=\"mb-4 block\"><\/div>\n<p class=\"expressive-copy-lg-body\">Cette plus grande collection de restes n\u00e9andertaliens d&rsquo;Europe du Nord \u00e0 ce jour n&rsquo;a pas pu \u00eatre \u00e9tudi\u00e9e scientifiquement de mani\u00e8re approfondie avant longtemps en raison de son \u00e9tat tr\u00e8s fragment\u00e9, comme le soulignent les auteurs d&rsquo;une \u00e9tude r\u00e9cente. Jusqu&rsquo;\u00e0 pr\u00e9sent, il a seulement \u00e9t\u00e9 possible de d\u00e9terminer que les os portaient des traces de dissection et de coupures, qui surviennent g\u00e9n\u00e9ralement lors du traitement des animaux.<\/p>\n<p><!-- opinary --><\/p>\n<div class=\"my-10 w-full bg-stable-white\">\n<div id=\"opinary-automation-placeholder\" class=\"w-full\"><\/div>\n<\/p><\/div>\n<section class=\"my-10 flex flex-col gap-2 md:gap-5\" aria-label=\"Auch interessant\">\n<div data-group=\"headline\" class=\"mx-4 (section_&amp;):mx-0 border-t border-stroke-800\">\n<div class=\"flex pt-3.5 md:pt-4 pb-3 justify-between\">\n<div class=\"shrink-0 \"><\/div>\n<\/p><\/div>\n<\/p><\/div>\n<\/section>\n<aside class=\"h-ad-600+text lg:h-0 lg:hidden mb-12 md:mb-16\" data-slot-id=\"pos2_sm\" data-breakpoint=\"sm\" data-hide-ad-text=\"false\" data-module-id=\"SparkAdSlotModule\"><\/aside>\n<h3 class=\"expressive-heading-xl mb-5 mt-10\">D\u00e9couverte cruelle : les N\u00e9andertaliens mangeaient des femmes et des enfants<\/h3>\n<p class=\"expressive-copy-lg-body\">L\u2019\u00e9tude montre que les scientifiques ont r\u00e9ussi \u00e0 reconstruire les os tr\u00e8s fragment\u00e9s et \u00e0 les analyser en d\u00e9tail. Il s&rsquo;est av\u00e9r\u00e9 que les restes appartenaient \u00e0 quatre femmes et deux enfants, dont la taille et la stature \u00e9taient nettement plus petites et plus gracieuses que celles des autres N\u00e9andertaliens connus \u00e0 ce jour.<\/p>\n<p class=\"expressive-copy-lg-body\">Quentin Cosnefroy, anthropologue biologiste \u00e0 l&rsquo;universit\u00e9 de Bordeaux et auteur principal de l&rsquo;\u00e9tude, a soulign\u00e9 aupr\u00e8s de Live Science que la composition de ce groupe \u00e9tait trop sp\u00e9cifique pour \u00eatre due au hasard. Les d\u00e9couvertes g\u00e9n\u00e9tiques \u00e9taient \u00e9galement li\u00e9es aux r\u00e9sultats d\u2019une \u00e9tude isotopique ant\u00e9rieure, qui sugg\u00e9rait que les individus affect\u00e9s provenaient d\u2019une r\u00e9gion compl\u00e8tement diff\u00e9rente de celle dans laquelle ils ont \u00e9t\u00e9 d\u00e9couverts maintenant. Les auteurs de l\u2019\u00e9tude \u00e9mettent l\u2019hypoth\u00e8se qu\u2019il s\u2019agit d\u2019une forme dite d\u2019exocannibalisme, dans laquelle les membres d\u2019une tribu \u00e9trang\u00e8re sont tu\u00e9s et mang\u00e9s.<\/p>\n<p><!-- Taboola Container --><\/p>\n<aside class=\" w-full\" data-module-id=\"TaboolaContainerModule\" data-container-id=\"taboola-article-mid-article\" data-target-type=\"mix\" data-is-mid-article=\"true\" data-variant=\"mid-article\" data-gallery-number=\"undefined\" data-taboola-darkmode-flag=\"true\">\n<div id=\"taboola-article-mid-article\" style=\"\"><\/div>\n<\/aside>\n<p class=\"expressive-copy-lg-body\">Les chercheurs soup\u00e7onnent que les individus physiquement plus faibles de la tribu concurrente ont \u00e9t\u00e9 principalement cibl\u00e9s, peut-\u00eatre afin de r\u00e9duire sp\u00e9cifiquement leur potentiel reproductif. Cependant, il reste \u00e0 d\u00e9terminer si les ossements d\u00e9couverts remontent \u00e0 un seul \u00e9v\u00e9nement ou si les restes proviennent de diff\u00e9rents groupes de population victimes d&rsquo;actes cannibales \u00e0 diff\u00e9rentes \u00e9poques.<\/p>\n<p class=\"expressive-copy-lg-body\">On ne sait pas non plus comment les os sont entr\u00e9s dans la grotte. Puisqu&rsquo;il s&rsquo;agit principalement d&rsquo;os de pattes, Cosnefroy suppose que les individus ont \u00e9t\u00e9 introduits vivants dans le syst\u00e8me de grottes et y ont \u00e9t\u00e9 tu\u00e9s. Un tel processus aurait donc \u00e9t\u00e9 plus simple sur le plan logistique que le transport de cadavres ou de parties de corps.<\/p>\n<h3 class=\"expressive-heading-xl mb-5 mt-10\">L\u2019\u00e9nigme des scientifiques : qui \u00e9taient les cannibales ?<\/h3>\n<p class=\"expressive-copy-lg-body\">Dans ce contexte, les scientifiques n&rsquo;ont pas pu d\u00e9terminer de mani\u00e8re concluante si les groupes responsables des meurtres \u00e9taient des N\u00e9andertaliens ou des premiers repr\u00e9sentants de l&rsquo;Homo sapiens, qui se sont probablement rencontr\u00e9s dans cette r\u00e9gion \u00e0 la m\u00eame \u00e9poque. Cependant, les fragments osseux analys\u00e9s proviennent de certains des derniers N\u00e9andertaliens d&rsquo;Europe, \u00e0 une \u00e9poque o\u00f9 Homo sapiens s&rsquo;implantait progressivement sur le continent.<\/p>\n<aside class=\"h-ad-280+text lg:h-0 lg:hidden mb-12 md:mb-16\" data-slot-id=\"pos3_sm\" data-breakpoint=\"sm\" data-hide-ad-text=\"false\" data-module-id=\"SparkAdSlotModule\"><\/aside>\n<p class=\"expressive-copy-lg-body\">Alors que chez Homo sapiens, les actes cannibales se produisaient principalement dans le cadre de pratiques fun\u00e9raires rituelles, le cannibalisme chez les N\u00e9andertaliens, selon l&rsquo;\u00e9valuation des auteurs, servait en partie \u00e0 assurer directement leur propre survie. Des preuves correspondantes sont fournies par des d\u00e9couvertes effectu\u00e9es en France et en Croatie, qui fournissent des preuves convaincantes de telles pratiques. Dans ce contexte, les restes de Goyet repr\u00e9sentent, selon les chercheurs, \u00ab la preuve la plus convaincante \u00e0 ce jour de relations comp\u00e9titives entre diff\u00e9rents groupes de populations n\u00e9andertaliennes \u00e0 la fin du Pl\u00e9istoc\u00e8ne \u00bb.<\/p>\n","protected":false},"excerpt":{"rendered":"<p>Les scientifiques ont examin\u00e9 les d\u00e9couvertes d&rsquo;os provenant d&rsquo;un syst\u00e8me de grottes pr\u00e8s de Goyet, dans la r\u00e9gion wallonne du sud de la Belgique, et<\/p>\n","protected":false},"author":1,"featured_media":11533,"comment_status":"closed","ping_status":"","sticky":false,"template":"","format":"standard","meta":{"footnotes":""},"categories":[298],"tags":[9359,9362,1287,9360,29,14,9363,9361],"class_list":["post-11532","post","type-post","status-publish","format-standard","has-post-thumbnail","hentry","category-belgique","tag-archeologues","tag-cannibalisme","tag-chez","tag-decouvrent","tag-des","tag-les","tag-neandertaliens","tag-preuves","generate-columns","tablet-grid-50","mobile-grid-100","grid-parent","grid-33"],"yoast_head":"<!-- This site is optimized with the Yoast SEO plugin v24.0 - https:\/\/yoast.com\/wordpress\/plugins\/seo\/ -->\n<title>Des arch\u00e9ologues d\u00e9couvrent des preuves de cannibalisme chez les N\u00e9andertaliens | Vie Associative<\/title>\n<meta name=\"robots\" content=\"index, follow, max-snippet:-1, max-image-preview:large, max-video-preview:-1\" \/>\n<link rel=\"canonical\" href=\"https:\/\/vieassociative.be\/actualites\/des-archeologues-decouvrent-des-preuves-de-cannibalisme-chez-les-neandertaliens\/\" \/>\n<meta property=\"og:locale\" content=\"fr_FR\" \/>\n<meta property=\"og:type\" content=\"article\" \/>\n<meta property=\"og:title\" content=\"Des arch\u00e9ologues d\u00e9couvrent des preuves de cannibalisme chez les N\u00e9andertaliens | Vie Associative\" \/>\n<meta property=\"og:description\" content=\"Les scientifiques ont examin\u00e9 les d\u00e9couvertes d&rsquo;os provenant d&rsquo;un syst\u00e8me de grottes pr\u00e8s de Goyet, dans la r\u00e9gion wallonne du sud de la Belgique, et\" \/>\n<meta property=\"og:url\" content=\"https:\/\/vieassociative.be\/actualites\/des-archeologues-decouvrent-des-preuves-de-cannibalisme-chez-les-neandertaliens\/\" \/>\n<meta property=\"og:site_name\" content=\"Vie Associative\" \/>\n<meta property=\"article:published_time\" content=\"2025-11-25T15:17:29+00:00\" \/>\n<meta property=\"article:modified_time\" content=\"2025-11-25T15:17:32+00:00\" \/>\n<meta property=\"og:image\" content=\"https:\/\/vieassociative.be\/actualites\/wp-content\/uploads\/2025\/11\/1764083850_Des-archeologues-decouvrent-des-preuves-de-cannibalisme-chez-les-Neandertaliens.jpeg\" \/>\n\t<meta property=\"og:image:width\" content=\"1600\" \/>\n\t<meta property=\"og:image:height\" content=\"900\" \/>\n\t<meta property=\"og:image:type\" content=\"image\/jpeg\" \/>\n<meta name=\"author\" content=\"Julien\" \/>\n<meta name=\"twitter:card\" content=\"summary_large_image\" \/>\n<meta name=\"twitter:label1\" content=\"\u00c9crit par\" \/>\n\t<meta name=\"twitter:data1\" content=\"Julien\" \/>\n\t<meta name=\"twitter:label2\" content=\"Dur\u00e9e de lecture est.\" \/>\n\t<meta name=\"twitter:data2\" content=\"4 minutes\" \/>\n<script type=\"application\/ld+json\" class=\"yoast-schema-graph\">{\"@context\":\"https:\/\/schema.org\",\"@graph\":[{\"@type\":\"Article\",\"@id\":\"https:\/\/vieassociative.be\/actualites\/des-archeologues-decouvrent-des-preuves-de-cannibalisme-chez-les-neandertaliens\/#article\",\"isPartOf\":{\"@id\":\"https:\/\/vieassociative.be\/actualites\/des-archeologues-decouvrent-des-preuves-de-cannibalisme-chez-les-neandertaliens\/\"},\"author\":{\"name\":\"Julien\",\"@id\":\"https:\/\/vieassociative.be\/actualites\/#\/schema\/person\/b87ac4f82f9d4e7b7cec7395b679edc4\"},\"headline\":\"Des arch\u00e9ologues d\u00e9couvrent des preuves de cannibalisme chez les N\u00e9andertaliens\",\"datePublished\":\"2025-11-25T15:17:29+00:00\",\"dateModified\":\"2025-11-25T15:17:32+00:00\",\"mainEntityOfPage\":{\"@id\":\"https:\/\/vieassociative.be\/actualites\/des-archeologues-decouvrent-des-preuves-de-cannibalisme-chez-les-neandertaliens\/\"},\"wordCount\":739,\"publisher\":{\"@id\":\"https:\/\/vieassociative.be\/actualites\/#organization\"},\"image\":{\"@id\":\"https:\/\/vieassociative.be\/actualites\/des-archeologues-decouvrent-des-preuves-de-cannibalisme-chez-les-neandertaliens\/#primaryimage\"},\"thumbnailUrl\":\"https:\/\/vieassociative.be\/actualites\/wp-content\/uploads\/2025\/11\/1764083850_Des-archeologues-decouvrent-des-preuves-de-cannibalisme-chez-les-Neandertaliens.jpeg\",\"keywords\":[\"arch\u00e9ologues\",\"cannibalisme\",\"chez\",\"d\u00e9couvrent\",\"Des\",\"Les\",\"N\u00e9andertaliens\",\"preuves\"],\"articleSection\":[\"Belgique\"],\"inLanguage\":\"fr-BE\"},{\"@type\":\"WebPage\",\"@id\":\"https:\/\/vieassociative.be\/actualites\/des-archeologues-decouvrent-des-preuves-de-cannibalisme-chez-les-neandertaliens\/\",\"url\":\"https:\/\/vieassociative.be\/actualites\/des-archeologues-decouvrent-des-preuves-de-cannibalisme-chez-les-neandertaliens\/\",\"name\":\"Des arch\u00e9ologues d\u00e9couvrent des preuves de cannibalisme chez les N\u00e9andertaliens | Vie Associative\",\"isPartOf\":{\"@id\":\"https:\/\/vieassociative.be\/actualites\/#website\"},\"primaryImageOfPage\":{\"@id\":\"https:\/\/vieassociative.be\/actualites\/des-archeologues-decouvrent-des-preuves-de-cannibalisme-chez-les-neandertaliens\/#primaryimage\"},\"image\":{\"@id\":\"https:\/\/vieassociative.be\/actualites\/des-archeologues-decouvrent-des-preuves-de-cannibalisme-chez-les-neandertaliens\/#primaryimage\"},\"thumbnailUrl\":\"https:\/\/vieassociative.be\/actualites\/wp-content\/uploads\/2025\/11\/1764083850_Des-archeologues-decouvrent-des-preuves-de-cannibalisme-chez-les-Neandertaliens.jpeg\",\"datePublished\":\"2025-11-25T15:17:29+00:00\",\"dateModified\":\"2025-11-25T15:17:32+00:00\",\"breadcrumb\":{\"@id\":\"https:\/\/vieassociative.be\/actualites\/des-archeologues-decouvrent-des-preuves-de-cannibalisme-chez-les-neandertaliens\/#breadcrumb\"},\"inLanguage\":\"fr-BE\",\"potentialAction\":[{\"@type\":\"ReadAction\",\"target\":[\"https:\/\/vieassociative.be\/actualites\/des-archeologues-decouvrent-des-preuves-de-cannibalisme-chez-les-neandertaliens\/\"]}]},{\"@type\":\"ImageObject\",\"inLanguage\":\"fr-BE\",\"@id\":\"https:\/\/vieassociative.be\/actualites\/des-archeologues-decouvrent-des-preuves-de-cannibalisme-chez-les-neandertaliens\/#primaryimage\",\"url\":\"https:\/\/vieassociative.be\/actualites\/wp-content\/uploads\/2025\/11\/1764083850_Des-archeologues-decouvrent-des-preuves-de-cannibalisme-chez-les-Neandertaliens.jpeg\",\"contentUrl\":\"https:\/\/vieassociative.be\/actualites\/wp-content\/uploads\/2025\/11\/1764083850_Des-archeologues-decouvrent-des-preuves-de-cannibalisme-chez-les-Neandertaliens.jpeg\",\"width\":1600,\"height\":900,\"caption\":\"Des arch\u00e9ologues d\u00e9couvrent des preuves de cannibalisme chez les N\u00e9andertaliens\"},{\"@type\":\"BreadcrumbList\",\"@id\":\"https:\/\/vieassociative.be\/actualites\/des-archeologues-decouvrent-des-preuves-de-cannibalisme-chez-les-neandertaliens\/#breadcrumb\",\"itemListElement\":[{\"@type\":\"ListItem\",\"position\":1,\"name\":\"Accueil\",\"item\":\"https:\/\/vieassociative.be\/actualites\/\"},{\"@type\":\"ListItem\",\"position\":2,\"name\":\"Des arch\u00e9ologues d\u00e9couvrent des preuves de cannibalisme chez les N\u00e9andertaliens\"}]},{\"@type\":\"WebSite\",\"@id\":\"https:\/\/vieassociative.be\/actualites\/#website\",\"url\":\"https:\/\/vieassociative.be\/actualites\/\",\"name\":\"Vie Associative\",\"description\":\"\",\"publisher\":{\"@id\":\"https:\/\/vieassociative.be\/actualites\/#organization\"},\"potentialAction\":[{\"@type\":\"SearchAction\",\"target\":{\"@type\":\"EntryPoint\",\"urlTemplate\":\"https:\/\/vieassociative.be\/actualites\/?s={search_term_string}\"},\"query-input\":{\"@type\":\"PropertyValueSpecification\",\"valueRequired\":true,\"valueName\":\"search_term_string\"}}],\"inLanguage\":\"fr-BE\"},{\"@type\":\"Organization\",\"@id\":\"https:\/\/vieassociative.be\/actualites\/#organization\",\"name\":\"Vie Associative\",\"url\":\"https:\/\/vieassociative.be\/actualites\/\",\"logo\":{\"@type\":\"ImageObject\",\"inLanguage\":\"fr-BE\",\"@id\":\"https:\/\/vieassociative.be\/actualites\/#\/schema\/logo\/image\/\",\"url\":\"https:\/\/vieassociative.be\/actualites\/wp-content\/uploads\/2024\/09\/cropped-vieassociative_favicon.ico.png\",\"contentUrl\":\"https:\/\/vieassociative.be\/actualites\/wp-content\/uploads\/2024\/09\/cropped-vieassociative_favicon.ico.png\",\"width\":512,\"height\":512,\"caption\":\"Vie Associative\"},\"image\":{\"@id\":\"https:\/\/vieassociative.be\/actualites\/#\/schema\/logo\/image\/\"}},{\"@type\":\"Person\",\"@id\":\"https:\/\/vieassociative.be\/actualites\/#\/schema\/person\/b87ac4f82f9d4e7b7cec7395b679edc4\",\"name\":\"Julien\",\"image\":{\"@type\":\"ImageObject\",\"inLanguage\":\"fr-BE\",\"@id\":\"https:\/\/vieassociative.be\/actualites\/#\/schema\/person\/image\/\",\"url\":\"https:\/\/vieassociative.be\/actualites\/wp-content\/uploads\/2024\/09\/vie-associative-1-150x150.jpg\",\"contentUrl\":\"https:\/\/vieassociative.be\/actualites\/wp-content\/uploads\/2024\/09\/vie-associative-1-150x150.jpg\",\"caption\":\"Julien\"},\"description\":\"Je suis Julien, r\u00e9dacteur pour Vie Associative. Passionn\u00e9 par le monde associatif depuis plus de 10 ans, j'ai \u00e0 c\u0153ur de partager des histoires inspirantes et de mettre en lumi\u00e8re les initiatives locales. Mon objectif est de sensibiliser et d'encourager l'engagement communautaire \u00e0 travers mes articles.\",\"sameAs\":[\"https:\/\/vieassociative.be\/\"]}]}<\/script>\n<!-- \/ Yoast SEO plugin. -->","yoast_head_json":{"title":"Des arch\u00e9ologues d\u00e9couvrent des preuves de cannibalisme chez les N\u00e9andertaliens | Vie Associative","robots":{"index":"index","follow":"follow","max-snippet":"max-snippet:-1","max-image-preview":"max-image-preview:large","max-video-preview":"max-video-preview:-1"},"canonical":"https:\/\/vieassociative.be\/actualites\/des-archeologues-decouvrent-des-preuves-de-cannibalisme-chez-les-neandertaliens\/","og_locale":"fr_FR","og_type":"article","og_title":"Des arch\u00e9ologues d\u00e9couvrent des preuves de cannibalisme chez les N\u00e9andertaliens | Vie Associative","og_description":"Les scientifiques ont examin\u00e9 les d\u00e9couvertes d&rsquo;os provenant d&rsquo;un syst\u00e8me de grottes pr\u00e8s de Goyet, dans la r\u00e9gion wallonne du sud de la Belgique, et","og_url":"https:\/\/vieassociative.be\/actualites\/des-archeologues-decouvrent-des-preuves-de-cannibalisme-chez-les-neandertaliens\/","og_site_name":"Vie Associative","article_published_time":"2025-11-25T15:17:29+00:00","article_modified_time":"2025-11-25T15:17:32+00:00","og_image":[{"width":1600,"height":900,"url":"https:\/\/vieassociative.be\/actualites\/wp-content\/uploads\/2025\/11\/1764083850_Des-archeologues-decouvrent-des-preuves-de-cannibalisme-chez-les-Neandertaliens.jpeg","type":"image\/jpeg"}],"author":"Julien","twitter_card":"summary_large_image","twitter_misc":{"\u00c9crit par":"Julien","Dur\u00e9e de lecture est.":"4 minutes"},"schema":{"@context":"https:\/\/schema.org","@graph":[{"@type":"Article","@id":"https:\/\/vieassociative.be\/actualites\/des-archeologues-decouvrent-des-preuves-de-cannibalisme-chez-les-neandertaliens\/#article","isPartOf":{"@id":"https:\/\/vieassociative.be\/actualites\/des-archeologues-decouvrent-des-preuves-de-cannibalisme-chez-les-neandertaliens\/"},"author":{"name":"Julien","@id":"https:\/\/vieassociative.be\/actualites\/#\/schema\/person\/b87ac4f82f9d4e7b7cec7395b679edc4"},"headline":"Des arch\u00e9ologues d\u00e9couvrent des preuves de cannibalisme chez les N\u00e9andertaliens","datePublished":"2025-11-25T15:17:29+00:00","dateModified":"2025-11-25T15:17:32+00:00","mainEntityOfPage":{"@id":"https:\/\/vieassociative.be\/actualites\/des-archeologues-decouvrent-des-preuves-de-cannibalisme-chez-les-neandertaliens\/"},"wordCount":739,"publisher":{"@id":"https:\/\/vieassociative.be\/actualites\/#organization"},"image":{"@id":"https:\/\/vieassociative.be\/actualites\/des-archeologues-decouvrent-des-preuves-de-cannibalisme-chez-les-neandertaliens\/#primaryimage"},"thumbnailUrl":"https:\/\/vieassociative.be\/actualites\/wp-content\/uploads\/2025\/11\/1764083850_Des-archeologues-decouvrent-des-preuves-de-cannibalisme-chez-les-Neandertaliens.jpeg","keywords":["arch\u00e9ologues","cannibalisme","chez","d\u00e9couvrent","Des","Les","N\u00e9andertaliens","preuves"],"articleSection":["Belgique"],"inLanguage":"fr-BE"},{"@type":"WebPage","@id":"https:\/\/vieassociative.be\/actualites\/des-archeologues-decouvrent-des-preuves-de-cannibalisme-chez-les-neandertaliens\/","url":"https:\/\/vieassociative.be\/actualites\/des-archeologues-decouvrent-des-preuves-de-cannibalisme-chez-les-neandertaliens\/","name":"Des arch\u00e9ologues d\u00e9couvrent des preuves de cannibalisme chez les N\u00e9andertaliens | Vie Associative","isPartOf":{"@id":"https:\/\/vieassociative.be\/actualites\/#website"},"primaryImageOfPage":{"@id":"https:\/\/vieassociative.be\/actualites\/des-archeologues-decouvrent-des-preuves-de-cannibalisme-chez-les-neandertaliens\/#primaryimage"},"image":{"@id":"https:\/\/vieassociative.be\/actualites\/des-archeologues-decouvrent-des-preuves-de-cannibalisme-chez-les-neandertaliens\/#primaryimage"},"thumbnailUrl":"https:\/\/vieassociative.be\/actualites\/wp-content\/uploads\/2025\/11\/1764083850_Des-archeologues-decouvrent-des-preuves-de-cannibalisme-chez-les-Neandertaliens.jpeg","datePublished":"2025-11-25T15:17:29+00:00","dateModified":"2025-11-25T15:17:32+00:00","breadcrumb":{"@id":"https:\/\/vieassociative.be\/actualites\/des-archeologues-decouvrent-des-preuves-de-cannibalisme-chez-les-neandertaliens\/#breadcrumb"},"inLanguage":"fr-BE","potentialAction":[{"@type":"ReadAction","target":["https:\/\/vieassociative.be\/actualites\/des-archeologues-decouvrent-des-preuves-de-cannibalisme-chez-les-neandertaliens\/"]}]},{"@type":"ImageObject","inLanguage":"fr-BE","@id":"https:\/\/vieassociative.be\/actualites\/des-archeologues-decouvrent-des-preuves-de-cannibalisme-chez-les-neandertaliens\/#primaryimage","url":"https:\/\/vieassociative.be\/actualites\/wp-content\/uploads\/2025\/11\/1764083850_Des-archeologues-decouvrent-des-preuves-de-cannibalisme-chez-les-Neandertaliens.jpeg","contentUrl":"https:\/\/vieassociative.be\/actualites\/wp-content\/uploads\/2025\/11\/1764083850_Des-archeologues-decouvrent-des-preuves-de-cannibalisme-chez-les-Neandertaliens.jpeg","width":1600,"height":900,"caption":"Des arch\u00e9ologues d\u00e9couvrent des preuves de cannibalisme chez les N\u00e9andertaliens"},{"@type":"BreadcrumbList","@id":"https:\/\/vieassociative.be\/actualites\/des-archeologues-decouvrent-des-preuves-de-cannibalisme-chez-les-neandertaliens\/#breadcrumb","itemListElement":[{"@type":"ListItem","position":1,"name":"Accueil","item":"https:\/\/vieassociative.be\/actualites\/"},{"@type":"ListItem","position":2,"name":"Des arch\u00e9ologues d\u00e9couvrent des preuves de cannibalisme chez les N\u00e9andertaliens"}]},{"@type":"WebSite","@id":"https:\/\/vieassociative.be\/actualites\/#website","url":"https:\/\/vieassociative.be\/actualites\/","name":"Vie Associative","description":"","publisher":{"@id":"https:\/\/vieassociative.be\/actualites\/#organization"},"potentialAction":[{"@type":"SearchAction","target":{"@type":"EntryPoint","urlTemplate":"https:\/\/vieassociative.be\/actualites\/?s={search_term_string}"},"query-input":{"@type":"PropertyValueSpecification","valueRequired":true,"valueName":"search_term_string"}}],"inLanguage":"fr-BE"},{"@type":"Organization","@id":"https:\/\/vieassociative.be\/actualites\/#organization","name":"Vie Associative","url":"https:\/\/vieassociative.be\/actualites\/","logo":{"@type":"ImageObject","inLanguage":"fr-BE","@id":"https:\/\/vieassociative.be\/actualites\/#\/schema\/logo\/image\/","url":"https:\/\/vieassociative.be\/actualites\/wp-content\/uploads\/2024\/09\/cropped-vieassociative_favicon.ico.png","contentUrl":"https:\/\/vieassociative.be\/actualites\/wp-content\/uploads\/2024\/09\/cropped-vieassociative_favicon.ico.png","width":512,"height":512,"caption":"Vie Associative"},"image":{"@id":"https:\/\/vieassociative.be\/actualites\/#\/schema\/logo\/image\/"}},{"@type":"Person","@id":"https:\/\/vieassociative.be\/actualites\/#\/schema\/person\/b87ac4f82f9d4e7b7cec7395b679edc4","name":"Julien","image":{"@type":"ImageObject","inLanguage":"fr-BE","@id":"https:\/\/vieassociative.be\/actualites\/#\/schema\/person\/image\/","url":"https:\/\/vieassociative.be\/actualites\/wp-content\/uploads\/2024\/09\/vie-associative-1-150x150.jpg","contentUrl":"https:\/\/vieassociative.be\/actualites\/wp-content\/uploads\/2024\/09\/vie-associative-1-150x150.jpg","caption":"Julien"},"description":"Je suis Julien, r\u00e9dacteur pour Vie Associative. Passionn\u00e9 par le monde associatif depuis plus de 10 ans, j'ai \u00e0 c\u0153ur de partager des histoires inspirantes et de mettre en lumi\u00e8re les initiatives locales. Mon objectif est de sensibiliser et d'encourager l'engagement communautaire \u00e0 travers mes articles.","sameAs":["https:\/\/vieassociative.be\/"]}]}},"_links":{"self":[{"href":"https:\/\/vieassociative.be\/actualites\/wp-json\/wp\/v2\/posts\/11532"}],"collection":[{"href":"https:\/\/vieassociative.be\/actualites\/wp-json\/wp\/v2\/posts"}],"about":[{"href":"https:\/\/vieassociative.be\/actualites\/wp-json\/wp\/v2\/types\/post"}],"author":[{"embeddable":true,"href":"https:\/\/vieassociative.be\/actualites\/wp-json\/wp\/v2\/users\/1"}],"replies":[{"embeddable":true,"href":"https:\/\/vieassociative.be\/actualites\/wp-json\/wp\/v2\/comments?post=11532"}],"version-history":[{"count":1,"href":"https:\/\/vieassociative.be\/actualites\/wp-json\/wp\/v2\/posts\/11532\/revisions"}],"predecessor-version":[{"id":11534,"href":"https:\/\/vieassociative.be\/actualites\/wp-json\/wp\/v2\/posts\/11532\/revisions\/11534"}],"wp:featuredmedia":[{"embeddable":true,"href":"https:\/\/vieassociative.be\/actualites\/wp-json\/wp\/v2\/media\/11533"}],"wp:attachment":[{"href":"https:\/\/vieassociative.be\/actualites\/wp-json\/wp\/v2\/media?parent=11532"}],"wp:term":[{"taxonomy":"category","embeddable":true,"href":"https:\/\/vieassociative.be\/actualites\/wp-json\/wp\/v2\/categories?post=11532"},{"taxonomy":"post_tag","embeddable":true,"href":"https:\/\/vieassociative.be\/actualites\/wp-json\/wp\/v2\/tags?post=11532"}],"curies":[{"name":"wp","href":"https:\/\/api.w.org\/{rel}","templated":true}]}}