{"id":11531,"date":"2025-11-25T15:17:16","date_gmt":"2025-11-25T14:17:16","guid":{"rendered":"https:\/\/vieassociative.be\/actualites\/le-president-du-sp-zwartbol-accuse-la-dg-gouvernement-de-manque-de-transparence-et-dhonnetete-en-matiere-dallocations-familiales\/"},"modified":"2025-11-25T15:17:16","modified_gmt":"2025-11-25T14:17:16","slug":"le-president-du-sp-zwartbol-accuse-la-dg-gouvernement-de-manque-de-transparence-et-dhonnetete-en-matiere-dallocations-familiales","status":"publish","type":"post","link":"https:\/\/vieassociative.be\/actualites\/le-president-du-sp-zwartbol-accuse-la-dg-gouvernement-de-manque-de-transparence-et-dhonnetete-en-matiere-dallocations-familiales\/","title":{"rendered":"Le pr\u00e9sident du SP Zwartbol accuse la DG gouvernement de manque de transparence et d&rsquo;honn\u00eatet\u00e9 en mati\u00e8re d&rsquo;allocations familiales"},"content":{"rendered":"<p><strong>Le SP Ostbelgien accuse la DG gouvernement de donner de faux espoirs \u00e0 la population en ce qui concerne la suppression de l&rsquo;indexation des allocations familiales.<\/strong><\/p>\n<p><span id=\"more-430394\"><\/span>Vendredi dernier, le CSC a organis\u00e9 une action devant le b\u00e2timent gouvernemental \u00e0 la Kl\u00f6tzerbahn \u00e0 Eupen pour attirer l&rsquo;attention sur l&rsquo;indexation imminente des allocations familiales et sur la charge financi\u00e8re qui en r\u00e9sulte pour des milliers de familles.<\/p>\n<p>Outre les repr\u00e9sentants syndicaux, la pr\u00e9sidente r\u00e9gionale du SP Linda Zwartbol \u00e9tait \u00e9galement sur place, accompagn\u00e9e du mandataire du PDG Bj\u00f6rn Klinkenberg. Lors du rassemblement syndical, la ministre Lydia Klinkenberg (ProDG) a d\u00e9clar\u00e9 : \u00ab\u00a0Si la situation budg\u00e9taire le permet, nous rendrons l&rsquo;argent\u00a0\u00bb.<\/p>\n<div id=\"attachment_396614\" class=\"wp-caption alignleft\" style=\"max-width: 300px\"><img fetchpriority=\"high\" decoding=\"async\" class=\"wp-image-396614 size-medium\" src=\"https:\/\/vieassociative.be\/actualites\/wp-content\/uploads\/2025\/11\/Le-president-du-SP-Zwartbol-accuse-la-DG-gouvernement-de.jpg\" alt=\"\" width=\"300\" height=\"200\"  ><\/div>\n<p>Le pr\u00e9sident du SP Zwartbol s&rsquo;\u00e9tonne de cette d\u00e9claration : \u00ab\u00a0Si tel est le cas, c&rsquo;est bien s\u00fbr extr\u00eamement bienvenu. Cependant, je doute que cela soit vrai. En ce qui concerne les mesures d&rsquo;aust\u00e9rit\u00e9 de la DG, les cartes ne sont pas jou\u00e9es avec cartes ouvertes. Dans le manuel du gouvernement de la DG, il est \u00e9crit noir sur blanc que la DG pr\u00e9voit 8 millions d&rsquo;euros suppl\u00e9mentaires de mesures d&rsquo;aust\u00e9rit\u00e9 \u00e0 partir de 2027.\u00a0\u00bb<\/p>\n<p>Selon Zwartbol, \u200b\u200bil est tout simplement erron\u00e9 de faire croire \u00e0 la population qu\u2019il sera possible de r\u00e9cup\u00e9rer l\u2019argent dans un avenir proche. Si vous connaissez d\u00e9j\u00e0 l&rsquo;ampleur des \u00e9conomies r\u00e9elles, vous savez que la promesse de Mme Klinkenberg ne sera jamais tenue. De telles d\u00e9clarations cr\u00e9ent de faux espoirs. Il y a un manque de transparence et d\u2019honn\u00eatet\u00e9\u00bb, d\u00e9clare Zwartbol.<\/p>\n<p>Pour le SP Ostbelgien, il est crucial que les familles de la DG n&rsquo;aient pas \u00e0 supporter en permanence les cons\u00e9quences des d\u00e9cisions budg\u00e9taires. Les gens ont le droit d\u2019attendre que le soutien du gouvernement soit fiable. Dans le m\u00eame temps, Zwartbol rappelle que l&rsquo;absence de hausse de l&rsquo;indice constitue un fardeau particulier pour ceux qui traversent d\u00e9j\u00e0 des moments plus difficiles : \u00ab\u00a0De nombreuses familles traversent d\u00e9j\u00e0 des moments difficiles en raison de la perte croissante de pouvoir d&rsquo;achat. Un all\u00e8gement serait ici particuli\u00e8rement n\u00e9cessaire.\u00a0\u00bb<\/p>\n","protected":false},"excerpt":{"rendered":"<p>Le SP Ostbelgien accuse la DG gouvernement de donner de faux espoirs \u00e0 la population en ce qui concerne la suppression de l&rsquo;indexation des allocations<\/p>\n","protected":false},"author":1,"featured_media":9396,"comment_status":"","ping_status":"","sticky":false,"template":"","format":"standard","meta":{"footnotes":""},"categories":[298],"tags":[2370,9357,9356,9358,615,2574,832,3075,9218,9355],"class_list":["post-11531","post","type-post","status-publish","format-standard","has-post-thumbnail","hentry","category-belgique","tag-accuse","tag-dallocations","tag-dhonnetete","tag-familiales","tag-gouvernement","tag-manque","tag-matiere","tag-president","tag-transparence","tag-zwartbol","generate-columns","tablet-grid-50","mobile-grid-100","grid-parent","grid-33"],"yoast_head":"<!-- This site is optimized with the Yoast SEO plugin v24.0 - https:\/\/yoast.com\/wordpress\/plugins\/seo\/ -->\n<title>Le pr\u00e9sident du SP Zwartbol accuse la DG gouvernement de manque de transparence et d&#039;honn\u00eatet\u00e9 en mati\u00e8re d&#039;allocations familiales | Vie Associative<\/title>\n<meta name=\"robots\" content=\"index, follow, max-snippet:-1, max-image-preview:large, max-video-preview:-1\" \/>\n<link rel=\"canonical\" href=\"https:\/\/vieassociative.be\/actualites\/le-president-du-sp-zwartbol-accuse-la-dg-gouvernement-de-manque-de-transparence-et-dhonnetete-en-matiere-dallocations-familiales\/\" \/>\n<meta property=\"og:locale\" content=\"fr_FR\" \/>\n<meta property=\"og:type\" content=\"article\" \/>\n<meta property=\"og:title\" content=\"Le pr\u00e9sident du SP Zwartbol accuse la DG gouvernement de manque de transparence et d&#039;honn\u00eatet\u00e9 en mati\u00e8re d&#039;allocations familiales | Vie Associative\" \/>\n<meta property=\"og:description\" content=\"Le SP Ostbelgien accuse la DG gouvernement de donner de faux espoirs \u00e0 la population en ce qui concerne la suppression de l&rsquo;indexation des allocations\" \/>\n<meta property=\"og:url\" content=\"https:\/\/vieassociative.be\/actualites\/le-president-du-sp-zwartbol-accuse-la-dg-gouvernement-de-manque-de-transparence-et-dhonnetete-en-matiere-dallocations-familiales\/\" \/>\n<meta property=\"og:site_name\" content=\"Vie Associative\" \/>\n<meta property=\"article:published_time\" content=\"2025-11-25T14:17:16+00:00\" \/>\n<meta property=\"og:image\" content=\"https:\/\/vieassociative.be\/actualites\/wp-content\/uploads\/2024\/09\/header_backgroundk-01-e1726694325946.png\" \/>\n\t<meta property=\"og:image:width\" content=\"279\" \/>\n\t<meta property=\"og:image:height\" content=\"92\" \/>\n\t<meta property=\"og:image:type\" content=\"image\/png\" \/>\n<meta name=\"author\" content=\"Julien\" \/>\n<meta name=\"twitter:card\" content=\"summary_large_image\" \/>\n<meta name=\"twitter:label1\" content=\"\u00c9crit par\" \/>\n\t<meta name=\"twitter:data1\" content=\"Julien\" \/>\n\t<meta name=\"twitter:label2\" content=\"Dur\u00e9e de lecture est.\" \/>\n\t<meta name=\"twitter:data2\" content=\"2 minutes\" \/>\n<script type=\"application\/ld+json\" class=\"yoast-schema-graph\">{\"@context\":\"https:\/\/schema.org\",\"@graph\":[{\"@type\":\"Article\",\"@id\":\"https:\/\/vieassociative.be\/actualites\/le-president-du-sp-zwartbol-accuse-la-dg-gouvernement-de-manque-de-transparence-et-dhonnetete-en-matiere-dallocations-familiales\/#article\",\"isPartOf\":{\"@id\":\"https:\/\/vieassociative.be\/actualites\/le-president-du-sp-zwartbol-accuse-la-dg-gouvernement-de-manque-de-transparence-et-dhonnetete-en-matiere-dallocations-familiales\/\"},\"author\":{\"name\":\"Julien\",\"@id\":\"https:\/\/vieassociative.be\/actualites\/#\/schema\/person\/b87ac4f82f9d4e7b7cec7395b679edc4\"},\"headline\":\"Le pr\u00e9sident du SP Zwartbol accuse la DG gouvernement de manque de transparence et d&rsquo;honn\u00eatet\u00e9 en mati\u00e8re d&rsquo;allocations familiales\",\"datePublished\":\"2025-11-25T14:17:16+00:00\",\"dateModified\":\"2025-11-25T14:17:16+00:00\",\"mainEntityOfPage\":{\"@id\":\"https:\/\/vieassociative.be\/actualites\/le-president-du-sp-zwartbol-accuse-la-dg-gouvernement-de-manque-de-transparence-et-dhonnetete-en-matiere-dallocations-familiales\/\"},\"wordCount\":398,\"publisher\":{\"@id\":\"https:\/\/vieassociative.be\/actualites\/#organization\"},\"image\":{\"@id\":\"https:\/\/vieassociative.be\/actualites\/le-president-du-sp-zwartbol-accuse-la-dg-gouvernement-de-manque-de-transparence-et-dhonnetete-en-matiere-dallocations-familiales\/#primaryimage\"},\"thumbnailUrl\":\"https:\/\/vieassociative.be\/actualites\/wp-content\/uploads\/2025\/08\/1755159563_Le-gouvernement-de-Paasch-a-perdu-la-gravite-SP-pour.jpg\",\"keywords\":[\"accuse\",\"dallocations\",\"dhonn\u00eatet\u00e9\",\"familiales\",\"gouvernement\",\"manque\",\"mati\u00e8re\",\"pr\u00e9sident\",\"transparence\",\"Zwartbol\"],\"articleSection\":[\"Belgique\"],\"inLanguage\":\"fr-BE\"},{\"@type\":\"WebPage\",\"@id\":\"https:\/\/vieassociative.be\/actualites\/le-president-du-sp-zwartbol-accuse-la-dg-gouvernement-de-manque-de-transparence-et-dhonnetete-en-matiere-dallocations-familiales\/\",\"url\":\"https:\/\/vieassociative.be\/actualites\/le-president-du-sp-zwartbol-accuse-la-dg-gouvernement-de-manque-de-transparence-et-dhonnetete-en-matiere-dallocations-familiales\/\",\"name\":\"Le pr\u00e9sident du SP Zwartbol accuse la DG gouvernement de manque de transparence et d'honn\u00eatet\u00e9 en mati\u00e8re d'allocations familiales | Vie Associative\",\"isPartOf\":{\"@id\":\"https:\/\/vieassociative.be\/actualites\/#website\"},\"primaryImageOfPage\":{\"@id\":\"https:\/\/vieassociative.be\/actualites\/le-president-du-sp-zwartbol-accuse-la-dg-gouvernement-de-manque-de-transparence-et-dhonnetete-en-matiere-dallocations-familiales\/#primaryimage\"},\"image\":{\"@id\":\"https:\/\/vieassociative.be\/actualites\/le-president-du-sp-zwartbol-accuse-la-dg-gouvernement-de-manque-de-transparence-et-dhonnetete-en-matiere-dallocations-familiales\/#primaryimage\"},\"thumbnailUrl\":\"https:\/\/vieassociative.be\/actualites\/wp-content\/uploads\/2025\/08\/1755159563_Le-gouvernement-de-Paasch-a-perdu-la-gravite-SP-pour.jpg\",\"datePublished\":\"2025-11-25T14:17:16+00:00\",\"dateModified\":\"2025-11-25T14:17:16+00:00\",\"breadcrumb\":{\"@id\":\"https:\/\/vieassociative.be\/actualites\/le-president-du-sp-zwartbol-accuse-la-dg-gouvernement-de-manque-de-transparence-et-dhonnetete-en-matiere-dallocations-familiales\/#breadcrumb\"},\"inLanguage\":\"fr-BE\",\"potentialAction\":[{\"@type\":\"ReadAction\",\"target\":[\"https:\/\/vieassociative.be\/actualites\/le-president-du-sp-zwartbol-accuse-la-dg-gouvernement-de-manque-de-transparence-et-dhonnetete-en-matiere-dallocations-familiales\/\"]}]},{\"@type\":\"ImageObject\",\"inLanguage\":\"fr-BE\",\"@id\":\"https:\/\/vieassociative.be\/actualites\/le-president-du-sp-zwartbol-accuse-la-dg-gouvernement-de-manque-de-transparence-et-dhonnetete-en-matiere-dallocations-familiales\/#primaryimage\",\"url\":\"https:\/\/vieassociative.be\/actualites\/wp-content\/uploads\/2025\/08\/1755159563_Le-gouvernement-de-Paasch-a-perdu-la-gravite-SP-pour.jpg\",\"contentUrl\":\"https:\/\/vieassociative.be\/actualites\/wp-content\/uploads\/2025\/08\/1755159563_Le-gouvernement-de-Paasch-a-perdu-la-gravite-SP-pour.jpg\",\"width\":1200,\"height\":800,\"caption\":\"\\\"Le gouvernement de Paasch a perdu la gravit\u00e9\\\": SP pour annuler la prime scolaire en prestation pour enfants\"},{\"@type\":\"BreadcrumbList\",\"@id\":\"https:\/\/vieassociative.be\/actualites\/le-president-du-sp-zwartbol-accuse-la-dg-gouvernement-de-manque-de-transparence-et-dhonnetete-en-matiere-dallocations-familiales\/#breadcrumb\",\"itemListElement\":[{\"@type\":\"ListItem\",\"position\":1,\"name\":\"Accueil\",\"item\":\"https:\/\/vieassociative.be\/actualites\/\"},{\"@type\":\"ListItem\",\"position\":2,\"name\":\"Le pr\u00e9sident du SP Zwartbol accuse la DG gouvernement de manque de transparence et d&rsquo;honn\u00eatet\u00e9 en mati\u00e8re d&rsquo;allocations familiales\"}]},{\"@type\":\"WebSite\",\"@id\":\"https:\/\/vieassociative.be\/actualites\/#website\",\"url\":\"https:\/\/vieassociative.be\/actualites\/\",\"name\":\"Vie Associative\",\"description\":\"\",\"publisher\":{\"@id\":\"https:\/\/vieassociative.be\/actualites\/#organization\"},\"potentialAction\":[{\"@type\":\"SearchAction\",\"target\":{\"@type\":\"EntryPoint\",\"urlTemplate\":\"https:\/\/vieassociative.be\/actualites\/?s={search_term_string}\"},\"query-input\":{\"@type\":\"PropertyValueSpecification\",\"valueRequired\":true,\"valueName\":\"search_term_string\"}}],\"inLanguage\":\"fr-BE\"},{\"@type\":\"Organization\",\"@id\":\"https:\/\/vieassociative.be\/actualites\/#organization\",\"name\":\"Vie Associative\",\"url\":\"https:\/\/vieassociative.be\/actualites\/\",\"logo\":{\"@type\":\"ImageObject\",\"inLanguage\":\"fr-BE\",\"@id\":\"https:\/\/vieassociative.be\/actualites\/#\/schema\/logo\/image\/\",\"url\":\"https:\/\/vieassociative.be\/actualites\/wp-content\/uploads\/2024\/09\/cropped-vieassociative_favicon.ico.png\",\"contentUrl\":\"https:\/\/vieassociative.be\/actualites\/wp-content\/uploads\/2024\/09\/cropped-vieassociative_favicon.ico.png\",\"width\":512,\"height\":512,\"caption\":\"Vie Associative\"},\"image\":{\"@id\":\"https:\/\/vieassociative.be\/actualites\/#\/schema\/logo\/image\/\"}},{\"@type\":\"Person\",\"@id\":\"https:\/\/vieassociative.be\/actualites\/#\/schema\/person\/b87ac4f82f9d4e7b7cec7395b679edc4\",\"name\":\"Julien\",\"image\":{\"@type\":\"ImageObject\",\"inLanguage\":\"fr-BE\",\"@id\":\"https:\/\/vieassociative.be\/actualites\/#\/schema\/person\/image\/\",\"url\":\"https:\/\/vieassociative.be\/actualites\/wp-content\/uploads\/2024\/09\/vie-associative-1-150x150.jpg\",\"contentUrl\":\"https:\/\/vieassociative.be\/actualites\/wp-content\/uploads\/2024\/09\/vie-associative-1-150x150.jpg\",\"caption\":\"Julien\"},\"description\":\"Je suis Julien, r\u00e9dacteur pour Vie Associative. Passionn\u00e9 par le monde associatif depuis plus de 10 ans, j'ai \u00e0 c\u0153ur de partager des histoires inspirantes et de mettre en lumi\u00e8re les initiatives locales. Mon objectif est de sensibiliser et d'encourager l'engagement communautaire \u00e0 travers mes articles.\",\"sameAs\":[\"https:\/\/vieassociative.be\/\"]}]}<\/script>\n<!-- \/ Yoast SEO plugin. -->","yoast_head_json":{"title":"Le pr\u00e9sident du SP Zwartbol accuse la DG gouvernement de manque de transparence et d'honn\u00eatet\u00e9 en mati\u00e8re d'allocations familiales | Vie Associative","robots":{"index":"index","follow":"follow","max-snippet":"max-snippet:-1","max-image-preview":"max-image-preview:large","max-video-preview":"max-video-preview:-1"},"canonical":"https:\/\/vieassociative.be\/actualites\/le-president-du-sp-zwartbol-accuse-la-dg-gouvernement-de-manque-de-transparence-et-dhonnetete-en-matiere-dallocations-familiales\/","og_locale":"fr_FR","og_type":"article","og_title":"Le pr\u00e9sident du SP Zwartbol accuse la DG gouvernement de manque de transparence et d'honn\u00eatet\u00e9 en mati\u00e8re d'allocations familiales | Vie Associative","og_description":"Le SP Ostbelgien accuse la DG gouvernement de donner de faux espoirs \u00e0 la population en ce qui concerne la suppression de l&rsquo;indexation des allocations","og_url":"https:\/\/vieassociative.be\/actualites\/le-president-du-sp-zwartbol-accuse-la-dg-gouvernement-de-manque-de-transparence-et-dhonnetete-en-matiere-dallocations-familiales\/","og_site_name":"Vie Associative","article_published_time":"2025-11-25T14:17:16+00:00","og_image":[{"width":279,"height":92,"url":"https:\/\/vieassociative.be\/actualites\/wp-content\/uploads\/2024\/09\/header_backgroundk-01-e1726694325946.png","type":"image\/png"}],"author":"Julien","twitter_card":"summary_large_image","twitter_misc":{"\u00c9crit par":"Julien","Dur\u00e9e de lecture est.":"2 minutes"},"schema":{"@context":"https:\/\/schema.org","@graph":[{"@type":"Article","@id":"https:\/\/vieassociative.be\/actualites\/le-president-du-sp-zwartbol-accuse-la-dg-gouvernement-de-manque-de-transparence-et-dhonnetete-en-matiere-dallocations-familiales\/#article","isPartOf":{"@id":"https:\/\/vieassociative.be\/actualites\/le-president-du-sp-zwartbol-accuse-la-dg-gouvernement-de-manque-de-transparence-et-dhonnetete-en-matiere-dallocations-familiales\/"},"author":{"name":"Julien","@id":"https:\/\/vieassociative.be\/actualites\/#\/schema\/person\/b87ac4f82f9d4e7b7cec7395b679edc4"},"headline":"Le pr\u00e9sident du SP Zwartbol accuse la DG gouvernement de manque de transparence et d&rsquo;honn\u00eatet\u00e9 en mati\u00e8re d&rsquo;allocations familiales","datePublished":"2025-11-25T14:17:16+00:00","dateModified":"2025-11-25T14:17:16+00:00","mainEntityOfPage":{"@id":"https:\/\/vieassociative.be\/actualites\/le-president-du-sp-zwartbol-accuse-la-dg-gouvernement-de-manque-de-transparence-et-dhonnetete-en-matiere-dallocations-familiales\/"},"wordCount":398,"publisher":{"@id":"https:\/\/vieassociative.be\/actualites\/#organization"},"image":{"@id":"https:\/\/vieassociative.be\/actualites\/le-president-du-sp-zwartbol-accuse-la-dg-gouvernement-de-manque-de-transparence-et-dhonnetete-en-matiere-dallocations-familiales\/#primaryimage"},"thumbnailUrl":"https:\/\/vieassociative.be\/actualites\/wp-content\/uploads\/2025\/08\/1755159563_Le-gouvernement-de-Paasch-a-perdu-la-gravite-SP-pour.jpg","keywords":["accuse","dallocations","dhonn\u00eatet\u00e9","familiales","gouvernement","manque","mati\u00e8re","pr\u00e9sident","transparence","Zwartbol"],"articleSection":["Belgique"],"inLanguage":"fr-BE"},{"@type":"WebPage","@id":"https:\/\/vieassociative.be\/actualites\/le-president-du-sp-zwartbol-accuse-la-dg-gouvernement-de-manque-de-transparence-et-dhonnetete-en-matiere-dallocations-familiales\/","url":"https:\/\/vieassociative.be\/actualites\/le-president-du-sp-zwartbol-accuse-la-dg-gouvernement-de-manque-de-transparence-et-dhonnetete-en-matiere-dallocations-familiales\/","name":"Le pr\u00e9sident du SP Zwartbol accuse la DG gouvernement de manque de transparence et d'honn\u00eatet\u00e9 en mati\u00e8re d'allocations familiales | Vie Associative","isPartOf":{"@id":"https:\/\/vieassociative.be\/actualites\/#website"},"primaryImageOfPage":{"@id":"https:\/\/vieassociative.be\/actualites\/le-president-du-sp-zwartbol-accuse-la-dg-gouvernement-de-manque-de-transparence-et-dhonnetete-en-matiere-dallocations-familiales\/#primaryimage"},"image":{"@id":"https:\/\/vieassociative.be\/actualites\/le-president-du-sp-zwartbol-accuse-la-dg-gouvernement-de-manque-de-transparence-et-dhonnetete-en-matiere-dallocations-familiales\/#primaryimage"},"thumbnailUrl":"https:\/\/vieassociative.be\/actualites\/wp-content\/uploads\/2025\/08\/1755159563_Le-gouvernement-de-Paasch-a-perdu-la-gravite-SP-pour.jpg","datePublished":"2025-11-25T14:17:16+00:00","dateModified":"2025-11-25T14:17:16+00:00","breadcrumb":{"@id":"https:\/\/vieassociative.be\/actualites\/le-president-du-sp-zwartbol-accuse-la-dg-gouvernement-de-manque-de-transparence-et-dhonnetete-en-matiere-dallocations-familiales\/#breadcrumb"},"inLanguage":"fr-BE","potentialAction":[{"@type":"ReadAction","target":["https:\/\/vieassociative.be\/actualites\/le-president-du-sp-zwartbol-accuse-la-dg-gouvernement-de-manque-de-transparence-et-dhonnetete-en-matiere-dallocations-familiales\/"]}]},{"@type":"ImageObject","inLanguage":"fr-BE","@id":"https:\/\/vieassociative.be\/actualites\/le-president-du-sp-zwartbol-accuse-la-dg-gouvernement-de-manque-de-transparence-et-dhonnetete-en-matiere-dallocations-familiales\/#primaryimage","url":"https:\/\/vieassociative.be\/actualites\/wp-content\/uploads\/2025\/08\/1755159563_Le-gouvernement-de-Paasch-a-perdu-la-gravite-SP-pour.jpg","contentUrl":"https:\/\/vieassociative.be\/actualites\/wp-content\/uploads\/2025\/08\/1755159563_Le-gouvernement-de-Paasch-a-perdu-la-gravite-SP-pour.jpg","width":1200,"height":800,"caption":"\"Le gouvernement de Paasch a perdu la gravit\u00e9\": SP pour annuler la prime scolaire en prestation pour enfants"},{"@type":"BreadcrumbList","@id":"https:\/\/vieassociative.be\/actualites\/le-president-du-sp-zwartbol-accuse-la-dg-gouvernement-de-manque-de-transparence-et-dhonnetete-en-matiere-dallocations-familiales\/#breadcrumb","itemListElement":[{"@type":"ListItem","position":1,"name":"Accueil","item":"https:\/\/vieassociative.be\/actualites\/"},{"@type":"ListItem","position":2,"name":"Le pr\u00e9sident du SP Zwartbol accuse la DG gouvernement de manque de transparence et d&rsquo;honn\u00eatet\u00e9 en mati\u00e8re d&rsquo;allocations familiales"}]},{"@type":"WebSite","@id":"https:\/\/vieassociative.be\/actualites\/#website","url":"https:\/\/vieassociative.be\/actualites\/","name":"Vie Associative","description":"","publisher":{"@id":"https:\/\/vieassociative.be\/actualites\/#organization"},"potentialAction":[{"@type":"SearchAction","target":{"@type":"EntryPoint","urlTemplate":"https:\/\/vieassociative.be\/actualites\/?s={search_term_string}"},"query-input":{"@type":"PropertyValueSpecification","valueRequired":true,"valueName":"search_term_string"}}],"inLanguage":"fr-BE"},{"@type":"Organization","@id":"https:\/\/vieassociative.be\/actualites\/#organization","name":"Vie Associative","url":"https:\/\/vieassociative.be\/actualites\/","logo":{"@type":"ImageObject","inLanguage":"fr-BE","@id":"https:\/\/vieassociative.be\/actualites\/#\/schema\/logo\/image\/","url":"https:\/\/vieassociative.be\/actualites\/wp-content\/uploads\/2024\/09\/cropped-vieassociative_favicon.ico.png","contentUrl":"https:\/\/vieassociative.be\/actualites\/wp-content\/uploads\/2024\/09\/cropped-vieassociative_favicon.ico.png","width":512,"height":512,"caption":"Vie Associative"},"image":{"@id":"https:\/\/vieassociative.be\/actualites\/#\/schema\/logo\/image\/"}},{"@type":"Person","@id":"https:\/\/vieassociative.be\/actualites\/#\/schema\/person\/b87ac4f82f9d4e7b7cec7395b679edc4","name":"Julien","image":{"@type":"ImageObject","inLanguage":"fr-BE","@id":"https:\/\/vieassociative.be\/actualites\/#\/schema\/person\/image\/","url":"https:\/\/vieassociative.be\/actualites\/wp-content\/uploads\/2024\/09\/vie-associative-1-150x150.jpg","contentUrl":"https:\/\/vieassociative.be\/actualites\/wp-content\/uploads\/2024\/09\/vie-associative-1-150x150.jpg","caption":"Julien"},"description":"Je suis Julien, r\u00e9dacteur pour Vie Associative. Passionn\u00e9 par le monde associatif depuis plus de 10 ans, j'ai \u00e0 c\u0153ur de partager des histoires inspirantes et de mettre en lumi\u00e8re les initiatives locales. Mon objectif est de sensibiliser et d'encourager l'engagement communautaire \u00e0 travers mes articles.","sameAs":["https:\/\/vieassociative.be\/"]}]}},"_links":{"self":[{"href":"https:\/\/vieassociative.be\/actualites\/wp-json\/wp\/v2\/posts\/11531"}],"collection":[{"href":"https:\/\/vieassociative.be\/actualites\/wp-json\/wp\/v2\/posts"}],"about":[{"href":"https:\/\/vieassociative.be\/actualites\/wp-json\/wp\/v2\/types\/post"}],"author":[{"embeddable":true,"href":"https:\/\/vieassociative.be\/actualites\/wp-json\/wp\/v2\/users\/1"}],"replies":[{"embeddable":true,"href":"https:\/\/vieassociative.be\/actualites\/wp-json\/wp\/v2\/comments?post=11531"}],"version-history":[{"count":0,"href":"https:\/\/vieassociative.be\/actualites\/wp-json\/wp\/v2\/posts\/11531\/revisions"}],"wp:featuredmedia":[{"embeddable":true,"href":"https:\/\/vieassociative.be\/actualites\/wp-json\/wp\/v2\/media\/9396"}],"wp:attachment":[{"href":"https:\/\/vieassociative.be\/actualites\/wp-json\/wp\/v2\/media?parent=11531"}],"wp:term":[{"taxonomy":"category","embeddable":true,"href":"https:\/\/vieassociative.be\/actualites\/wp-json\/wp\/v2\/categories?post=11531"},{"taxonomy":"post_tag","embeddable":true,"href":"https:\/\/vieassociative.be\/actualites\/wp-json\/wp\/v2\/tags?post=11531"}],"curies":[{"name":"wp","href":"https:\/\/api.w.org\/{rel}","templated":true}]}}