{"id":1153,"date":"2024-10-12T22:20:52","date_gmt":"2024-10-12T20:20:52","guid":{"rendered":"https:\/\/vieassociative.be\/actualites\/comment-aider-vos-enfants-a-developper-leur-conscience-de-soi\/"},"modified":"2024-10-12T22:20:52","modified_gmt":"2024-10-12T20:20:52","slug":"comment-aider-vos-enfants-a-developper-leur-conscience-de-soi","status":"publish","type":"post","link":"https:\/\/vieassociative.be\/actualites\/comment-aider-vos-enfants-a-developper-leur-conscience-de-soi\/","title":{"rendered":"Comment aider vos enfants \u00e0 d\u00e9velopper leur conscience de soi"},"content":{"rendered":"<div class=\"mt-4 leading-6 md:mb-8\">Parler de ses forces et de ses faiblesses peut aider \u00e0 d\u00e9velopper la conscience de soi d&rsquo;un enfant d\u00e8s son plus jeune \u00e2ge.<\/div>\n<p><\/p>\n<p>Lorsque les enfants sont plus jeunes, nous leur disons qu&rsquo;ils sont bons dans tout, qu&rsquo;il s&rsquo;agisse d&rsquo;une \u0153uvre d&rsquo;art qu&rsquo;ils ont dessin\u00e9e ou du \u00ab saut p\u00e9rilleux \u00bb qu&rsquo;ils ont tent\u00e9 au parc. Mais \u00e0 mesure qu\u2019ils vieillissent, les enfants sont de plus en plus confront\u00e9s \u00e0 des d\u00e9fis et peuvent devenir anxieux de ne pas r\u00e9pondre aux attentes. Pire encore, ils peuvent laisser les \u00e9loges sans fin leur monter \u00e0 la t\u00eate s&rsquo;ils n&rsquo;ont pas d\u00e9velopp\u00e9 leur conscience d&rsquo;eux-m\u00eames. Si vous avez vu un film de Will Ferrell des ann\u00e9es 2000 (<em>Pr\u00e9sentateur<\/em> et <em>Nuits de Talladega<\/em> qui me viennent \u00e0 l&rsquo;esprit), vous savez que cela n&rsquo;aidera pas votre enfant \u00e0 devenir un adulte en bonne sant\u00e9.<\/p>\n<p>\u00abTout le monde n&rsquo;est pas bon dans tout, et ce n&rsquo;est pas grave\u00bb, d\u00e9clare la Dre Caroline Leaf, pathologiste de la communication, neuroscientifique clinique et auteur de <em>Comment aider votre enfant \u00e0 nettoyer son d\u00e9sordre mental.<\/em> \u00ab\u00a0Nous ne voulons pas engendrer le narcissisme.\u00a0\u00bb<\/p>\n<p>Alors, comment les parents peuvent-ils encourager leurs enfants \u00e0 d\u00e9couvrir leurs forces et leurs faiblesses et \u00e0 d\u00e9velopper leur conscience de soi ? Nous partagerons des conseils pour vous garder honn\u00eate et \u00e9viter de nuire \u00e0 l&rsquo;estime de soi de votre enfant.<\/p>\n<h2 id=\"set-the-example\">Donner l&rsquo;exemple<\/h2>\n<p>Leaf recommande d&rsquo;\u00e9tablir une connexion en montrant comment <em>toi<\/em> g\u00e9rez les situations difficiles et partagez vos sentiments avec eux au lieu de les cacher. Peu importe combien nous essayons de prot\u00e9ger nos enfants des aspects laids de notre vie, ils sont tr\u00e8s sensibles \u00e0 ce qui se passe. R\u00e9primer ses \u00e9motions pourrait les amener \u00e0 interpr\u00e9ter cela <em>ils<\/em> sont le probl\u00e8me. <\/p>\n<p>\u00ab Vous pouvez vous connecter, \u00e9laborer un plan et le mettre en \u0153uvre \u00bb, explique-t-elle. \u00ab Cela emp\u00eache les enfants de penser qu&rsquo;il y a quelque chose qui ne va pas chez eux et d\u00e9veloppe une relation de collaboration profonde, significative. Cela permet \u00e9galement \u00e0 l\u2019enfant d\u2019\u00eatre beaucoup plus d\u00e9tendu et ouvert sur qui il est et d\u2019explorer ses pens\u00e9es et ses croyances.<\/p>\n<h2 id=\"talk-about-weaknesses\">Parler de faiblesses<\/h2>\n<p>Malgr\u00e9 tous les discours selon lesquels on f\u00e9licite trop ou pas assez nos enfants, il est devenu tabou pour les adultes et les enfants de parler de leurs faiblesses. Reconna\u00eetre et discuter de ce pour quoi nous ne sommes pas bons peut \u00eatre tout aussi important que de ce dans quoi nous excellons. L&rsquo;association \u00e0 but non lucratif Understood affirme que reconna\u00eetre que nous devons nous am\u00e9liorer montre aux enfants \u00e0 quel point nous sommes diff\u00e9rents et les aide \u00e0 prendre conscience de leurs forces. Essayez d&rsquo;utiliser les membres de votre famille comme exemple\u00a0: \u00ab\u00a0Papa est dou\u00e9 pour r\u00e9parer les choses qui cassent, mais il n&rsquo;est pas tr\u00e8s dou\u00e9 pour pr\u00e9parer le d\u00eener.\u00a0\u00bb <\/p>\n<h2 id=\"practice-balancing-the-compliment\">Entra\u00eenez-vous \u00e0 \u00e9quilibrer le compliment <\/h2>\n<p>Dans un \u00e9pisode de la saison trois de <em>Bleu<\/em>la talonneuse titulaire demande \u00e0 sa m\u00e8re pourquoi elle est une si grande dessinatrice et son p\u00e8re ne l&rsquo;est pas. Il s&rsquo;av\u00e8re que son p\u00e8re s&rsquo;est d\u00e9courag\u00e9 quand il \u00e9tait jeune parce qu&rsquo;un camarade de classe lui avait dit que ses dessins \u00e9taient horribles. La m\u00e8re de Bluey, en revanche, a \u00e9t\u00e9 encourag\u00e9e par sa propre m\u00e8re, qui a ajout\u00e9 cette distinction essentielle : \u00ab pour un enfant de sept ans \u00bb.<\/p>\n<p>Bien que nous d\u00e9conseillons g\u00e9n\u00e9ralement de suivre les conseils d&rsquo;un chien de dessin anim\u00e9, Leaf convient qu&rsquo;il est bon de reconna\u00eetre quand quelque chose est bien fait tout en d\u00e9clarant gentiment qu&rsquo;il y a toujours place \u00e0 l&rsquo;am\u00e9lioration. <\/p>\n<p>\u00abC&rsquo;est un bon \u00e9quilibre\u00bb, dit-elle. \u00ab\u00a0Si vous stimulez ce niveau de curiosit\u00e9 chez un enfant, il va courir avec et sera mis au d\u00e9fi d&rsquo;une mani\u00e8re tr\u00e8s agr\u00e9able.\u00a0\u00bb<\/p>\n<h2 id=\"dont-force-a-talent\">Ne forcez pas un talent<\/h2>\n<p>Votre enfant est peut-\u00eatre naturellement dou\u00e9 pour le baseball, mais plut\u00f4t que de devenir le prochain Derek Jeter, il pr\u00e9f\u00e9rerait de loin balancer une batte virtuelle sur sa PlayStation. Au lieu de les encourager (ou de les forcer) \u00e0 poursuivre une carri\u00e8re dans les grandes ligues, recherchez pourquoi ils n\u2019aiment pas cela. <\/p>\n<p>\u00ab\u00a0Cela pourrait \u00eatre li\u00e9 au fait d&rsquo;avoir \u00e9t\u00e9 taquin\u00e9 par un membre de l&rsquo;\u00e9quipe\u00a0\u00bb, explique Leaf. \u00ab Cela pourrait \u00eatre li\u00e9 \u00e0 l&rsquo;entra\u00eeneur. Cela pourrait \u00eatre li\u00e9 \u00e0 quelque chose qui s&rsquo;est produit et qui pourrait voler la joie de votre enfant \u2013 peut-\u00eatre qu&rsquo;il n&rsquo;aime pas concourir.<\/p>\n<p>En d\u2019autres termes, soyez curieux plut\u00f4t qu\u2019arrivant.<\/p>\n<h2 id=\"manage-their-expectations\">G\u00e9rer leurs attentes<\/h2>\n<p>Il y a toujours une graine de doute chaque fois que nous commen\u00e7ons \u00e0 apprendre quelque chose de nouveau ou \u00e0 d\u00e9velopper une comp\u00e9tence, mais la critique peut faire prendre racine \u00e0 la n\u00e9gativit\u00e9. Ce sentiment peut provenir d\u2019attentes importantes, laissant les enfants penser qu\u2019ils ont fait quelque chose de mal plut\u00f4t que de tirer des le\u00e7ons de cette exp\u00e9rience. <\/p>\n<p>Jerry Bubrick, psychologue clinicien au Child Mind Institute, recommande aux parents d&rsquo;aider en fixant des objectifs g\u00e9rables pour renforcer leur confiance : \u00ab Il ne s&rsquo;agit pas d&rsquo;abaisser nos normes, mais de rendre nos attentes plus r\u00e9alisables. \u00bb<\/p>\n<h2 id=\"get-them-thinking-about-their-thinking\">Faites-les r\u00e9fl\u00e9chir \u00e0 leur fa\u00e7on de penser<\/h2>\n<p>Les enfants r\u00e9fl\u00e9chissent souvent sur leurs forces et leurs faiblesses de deux mani\u00e8res : Nous pouvons ou ne pouvons pas faire quelque chose. Ils se donnent rarement peu de marge pour changer d\u2019avis \u00e0 ce sujet. Leur apprendre \u00e0 prendre un moment pour r\u00e9fl\u00e9chir \u00e0 la mani\u00e8re dont ils s\u2019adaptent aux d\u00e9fis et aux critiques les aide \u00e0 devenir plus ind\u00e9pendants et r\u00e9silients et \u00e0 \u00e9viter la n\u00e9gativit\u00e9. Ce concept est connu sous le nom de m\u00e9tacognition.<\/p>\n<p>\u00abLa pens\u00e9e m\u00e9tacognitive nous apprend \u00e0 nous conna\u00eetre\u00bb, a d\u00e9clar\u00e9 Tamara Rosier, coach d&rsquo;apprentissage, au Child Mind Institute. \u00ab\u00a0R\u00e9fl\u00e9chir \u00e0 notre fa\u00e7on de penser cr\u00e9e une perspective, une perspective qui laisse place au changement.\u00a0\u00bb<\/p>\n<p>Lorsque les enfants sont d\u00e9courag\u00e9s, essayez de leur poser des questions ouvertes et ax\u00e9es sur une solution, telles que \u00ab\u00a0Comment saurez-vous quand ce dessin sera termin\u00e9\u00a0?\u00a0\u00bb ou \u00ab\u00a0Comment pourriez-vous g\u00e9rer les choses diff\u00e9remment?\u00a0\u00bb Cela changera lentement la fa\u00e7on dont ils per\u00e7oivent leurs faiblesses.<\/p>\n","protected":false},"excerpt":{"rendered":"<p>Parler de ses forces et de ses faiblesses peut aider \u00e0 d\u00e9velopper la conscience de soi d&rsquo;un enfant d\u00e8s son plus jeune \u00e2ge. Lorsque les<\/p>\n","protected":false},"author":1,"featured_media":1154,"comment_status":"","ping_status":"","sticky":false,"template":"","format":"standard","meta":{"footnotes":""},"categories":[37],"tags":[294,44,1720,265,324,958,1721,27],"class_list":["post-1153","post","type-post","status-publish","format-standard","has-post-thumbnail","hentry","category-famille","tag-aider","tag-comment","tag-conscience","tag-developper","tag-enfants","tag-leur","tag-soi","tag-vos","generate-columns","tablet-grid-50","mobile-grid-100","grid-parent","grid-33"],"yoast_head":"<!-- This site is optimized with the Yoast SEO plugin v24.0 - https:\/\/yoast.com\/wordpress\/plugins\/seo\/ -->\n<title>Comment aider vos enfants \u00e0 d\u00e9velopper leur conscience de soi | Vie Associative<\/title>\n<meta name=\"robots\" content=\"index, follow, max-snippet:-1, max-image-preview:large, max-video-preview:-1\" \/>\n<link rel=\"canonical\" href=\"https:\/\/vieassociative.be\/actualites\/comment-aider-vos-enfants-a-developper-leur-conscience-de-soi\/\" \/>\n<meta property=\"og:locale\" content=\"fr_FR\" \/>\n<meta property=\"og:type\" content=\"article\" \/>\n<meta property=\"og:title\" content=\"Comment aider vos enfants \u00e0 d\u00e9velopper leur conscience de soi | Vie Associative\" \/>\n<meta property=\"og:description\" content=\"Parler de ses forces et de ses faiblesses peut aider \u00e0 d\u00e9velopper la conscience de soi d&rsquo;un enfant d\u00e8s son plus jeune \u00e2ge. Lorsque les\" \/>\n<meta property=\"og:url\" content=\"https:\/\/vieassociative.be\/actualites\/comment-aider-vos-enfants-a-developper-leur-conscience-de-soi\/\" \/>\n<meta property=\"og:site_name\" content=\"Vie Associative\" \/>\n<meta property=\"article:published_time\" content=\"2024-10-12T20:20:52+00:00\" \/>\n<meta property=\"og:image\" content=\"https:\/\/vieassociative.be\/actualites\/wp-content\/uploads\/2024\/09\/header_backgroundk-01-e1726694325946.png\" \/>\n\t<meta property=\"og:image:width\" content=\"279\" \/>\n\t<meta property=\"og:image:height\" content=\"92\" \/>\n\t<meta property=\"og:image:type\" content=\"image\/png\" \/>\n<meta name=\"author\" content=\"Julien\" \/>\n<meta name=\"twitter:card\" content=\"summary_large_image\" \/>\n<meta name=\"twitter:label1\" content=\"\u00c9crit par\" \/>\n\t<meta name=\"twitter:data1\" content=\"Julien\" \/>\n\t<meta name=\"twitter:label2\" content=\"Dur\u00e9e de lecture est.\" \/>\n\t<meta name=\"twitter:data2\" content=\"5 minutes\" \/>\n<script type=\"application\/ld+json\" class=\"yoast-schema-graph\">{\"@context\":\"https:\/\/schema.org\",\"@graph\":[{\"@type\":\"Article\",\"@id\":\"https:\/\/vieassociative.be\/actualites\/comment-aider-vos-enfants-a-developper-leur-conscience-de-soi\/#article\",\"isPartOf\":{\"@id\":\"https:\/\/vieassociative.be\/actualites\/comment-aider-vos-enfants-a-developper-leur-conscience-de-soi\/\"},\"author\":{\"name\":\"Julien\",\"@id\":\"https:\/\/vieassociative.be\/actualites\/#\/schema\/person\/b87ac4f82f9d4e7b7cec7395b679edc4\"},\"headline\":\"Comment aider vos enfants \u00e0 d\u00e9velopper leur conscience de soi\",\"datePublished\":\"2024-10-12T20:20:52+00:00\",\"dateModified\":\"2024-10-12T20:20:52+00:00\",\"mainEntityOfPage\":{\"@id\":\"https:\/\/vieassociative.be\/actualites\/comment-aider-vos-enfants-a-developper-leur-conscience-de-soi\/\"},\"wordCount\":1108,\"publisher\":{\"@id\":\"https:\/\/vieassociative.be\/actualites\/#organization\"},\"image\":{\"@id\":\"https:\/\/vieassociative.be\/actualites\/comment-aider-vos-enfants-a-developper-leur-conscience-de-soi\/#primaryimage\"},\"thumbnailUrl\":\"https:\/\/vieassociative.be\/actualites\/wp-content\/uploads\/2024\/10\/Comment-aider-vos-enfants-a-developper-leur-conscience-de-soi.jpg\",\"keywords\":[\"aider\",\"Comment\",\"conscience\",\"d\u00e9velopper\",\"enfants\",\"leur\",\"soi\",\"vos\"],\"articleSection\":[\"Famille\"],\"inLanguage\":\"fr-BE\"},{\"@type\":\"WebPage\",\"@id\":\"https:\/\/vieassociative.be\/actualites\/comment-aider-vos-enfants-a-developper-leur-conscience-de-soi\/\",\"url\":\"https:\/\/vieassociative.be\/actualites\/comment-aider-vos-enfants-a-developper-leur-conscience-de-soi\/\",\"name\":\"Comment aider vos enfants \u00e0 d\u00e9velopper leur conscience de soi | Vie Associative\",\"isPartOf\":{\"@id\":\"https:\/\/vieassociative.be\/actualites\/#website\"},\"primaryImageOfPage\":{\"@id\":\"https:\/\/vieassociative.be\/actualites\/comment-aider-vos-enfants-a-developper-leur-conscience-de-soi\/#primaryimage\"},\"image\":{\"@id\":\"https:\/\/vieassociative.be\/actualites\/comment-aider-vos-enfants-a-developper-leur-conscience-de-soi\/#primaryimage\"},\"thumbnailUrl\":\"https:\/\/vieassociative.be\/actualites\/wp-content\/uploads\/2024\/10\/Comment-aider-vos-enfants-a-developper-leur-conscience-de-soi.jpg\",\"datePublished\":\"2024-10-12T20:20:52+00:00\",\"dateModified\":\"2024-10-12T20:20:52+00:00\",\"breadcrumb\":{\"@id\":\"https:\/\/vieassociative.be\/actualites\/comment-aider-vos-enfants-a-developper-leur-conscience-de-soi\/#breadcrumb\"},\"inLanguage\":\"fr-BE\",\"potentialAction\":[{\"@type\":\"ReadAction\",\"target\":[\"https:\/\/vieassociative.be\/actualites\/comment-aider-vos-enfants-a-developper-leur-conscience-de-soi\/\"]}]},{\"@type\":\"ImageObject\",\"inLanguage\":\"fr-BE\",\"@id\":\"https:\/\/vieassociative.be\/actualites\/comment-aider-vos-enfants-a-developper-leur-conscience-de-soi\/#primaryimage\",\"url\":\"https:\/\/vieassociative.be\/actualites\/wp-content\/uploads\/2024\/10\/Comment-aider-vos-enfants-a-developper-leur-conscience-de-soi.jpg\",\"contentUrl\":\"https:\/\/vieassociative.be\/actualites\/wp-content\/uploads\/2024\/10\/Comment-aider-vos-enfants-a-developper-leur-conscience-de-soi.jpg\",\"width\":1200,\"height\":675,\"caption\":\"Comment aider vos enfants \u00e0 d\u00e9velopper leur conscience de soi\"},{\"@type\":\"BreadcrumbList\",\"@id\":\"https:\/\/vieassociative.be\/actualites\/comment-aider-vos-enfants-a-developper-leur-conscience-de-soi\/#breadcrumb\",\"itemListElement\":[{\"@type\":\"ListItem\",\"position\":1,\"name\":\"Accueil\",\"item\":\"https:\/\/vieassociative.be\/actualites\/\"},{\"@type\":\"ListItem\",\"position\":2,\"name\":\"Comment aider vos enfants \u00e0 d\u00e9velopper leur conscience de soi\"}]},{\"@type\":\"WebSite\",\"@id\":\"https:\/\/vieassociative.be\/actualites\/#website\",\"url\":\"https:\/\/vieassociative.be\/actualites\/\",\"name\":\"Vie Associative\",\"description\":\"\",\"publisher\":{\"@id\":\"https:\/\/vieassociative.be\/actualites\/#organization\"},\"potentialAction\":[{\"@type\":\"SearchAction\",\"target\":{\"@type\":\"EntryPoint\",\"urlTemplate\":\"https:\/\/vieassociative.be\/actualites\/?s={search_term_string}\"},\"query-input\":{\"@type\":\"PropertyValueSpecification\",\"valueRequired\":true,\"valueName\":\"search_term_string\"}}],\"inLanguage\":\"fr-BE\"},{\"@type\":\"Organization\",\"@id\":\"https:\/\/vieassociative.be\/actualites\/#organization\",\"name\":\"Vie Associative\",\"url\":\"https:\/\/vieassociative.be\/actualites\/\",\"logo\":{\"@type\":\"ImageObject\",\"inLanguage\":\"fr-BE\",\"@id\":\"https:\/\/vieassociative.be\/actualites\/#\/schema\/logo\/image\/\",\"url\":\"https:\/\/vieassociative.be\/actualites\/wp-content\/uploads\/2024\/09\/cropped-vieassociative_favicon.ico.png\",\"contentUrl\":\"https:\/\/vieassociative.be\/actualites\/wp-content\/uploads\/2024\/09\/cropped-vieassociative_favicon.ico.png\",\"width\":512,\"height\":512,\"caption\":\"Vie Associative\"},\"image\":{\"@id\":\"https:\/\/vieassociative.be\/actualites\/#\/schema\/logo\/image\/\"}},{\"@type\":\"Person\",\"@id\":\"https:\/\/vieassociative.be\/actualites\/#\/schema\/person\/b87ac4f82f9d4e7b7cec7395b679edc4\",\"name\":\"Julien\",\"image\":{\"@type\":\"ImageObject\",\"inLanguage\":\"fr-BE\",\"@id\":\"https:\/\/vieassociative.be\/actualites\/#\/schema\/person\/image\/\",\"url\":\"https:\/\/vieassociative.be\/actualites\/wp-content\/uploads\/2024\/09\/vie-associative-1-150x150.jpg\",\"contentUrl\":\"https:\/\/vieassociative.be\/actualites\/wp-content\/uploads\/2024\/09\/vie-associative-1-150x150.jpg\",\"caption\":\"Julien\"},\"description\":\"Je suis Julien, r\u00e9dacteur pour Vie Associative. Passionn\u00e9 par le monde associatif depuis plus de 10 ans, j'ai \u00e0 c\u0153ur de partager des histoires inspirantes et de mettre en lumi\u00e8re les initiatives locales. Mon objectif est de sensibiliser et d'encourager l'engagement communautaire \u00e0 travers mes articles.\",\"sameAs\":[\"https:\/\/vieassociative.be\/\"]}]}<\/script>\n<!-- \/ Yoast SEO plugin. -->","yoast_head_json":{"title":"Comment aider vos enfants \u00e0 d\u00e9velopper leur conscience de soi | Vie Associative","robots":{"index":"index","follow":"follow","max-snippet":"max-snippet:-1","max-image-preview":"max-image-preview:large","max-video-preview":"max-video-preview:-1"},"canonical":"https:\/\/vieassociative.be\/actualites\/comment-aider-vos-enfants-a-developper-leur-conscience-de-soi\/","og_locale":"fr_FR","og_type":"article","og_title":"Comment aider vos enfants \u00e0 d\u00e9velopper leur conscience de soi | Vie Associative","og_description":"Parler de ses forces et de ses faiblesses peut aider \u00e0 d\u00e9velopper la conscience de soi d&rsquo;un enfant d\u00e8s son plus jeune \u00e2ge. Lorsque les","og_url":"https:\/\/vieassociative.be\/actualites\/comment-aider-vos-enfants-a-developper-leur-conscience-de-soi\/","og_site_name":"Vie Associative","article_published_time":"2024-10-12T20:20:52+00:00","og_image":[{"width":279,"height":92,"url":"https:\/\/vieassociative.be\/actualites\/wp-content\/uploads\/2024\/09\/header_backgroundk-01-e1726694325946.png","type":"image\/png"}],"author":"Julien","twitter_card":"summary_large_image","twitter_misc":{"\u00c9crit par":"Julien","Dur\u00e9e de lecture est.":"5 minutes"},"schema":{"@context":"https:\/\/schema.org","@graph":[{"@type":"Article","@id":"https:\/\/vieassociative.be\/actualites\/comment-aider-vos-enfants-a-developper-leur-conscience-de-soi\/#article","isPartOf":{"@id":"https:\/\/vieassociative.be\/actualites\/comment-aider-vos-enfants-a-developper-leur-conscience-de-soi\/"},"author":{"name":"Julien","@id":"https:\/\/vieassociative.be\/actualites\/#\/schema\/person\/b87ac4f82f9d4e7b7cec7395b679edc4"},"headline":"Comment aider vos enfants \u00e0 d\u00e9velopper leur conscience de soi","datePublished":"2024-10-12T20:20:52+00:00","dateModified":"2024-10-12T20:20:52+00:00","mainEntityOfPage":{"@id":"https:\/\/vieassociative.be\/actualites\/comment-aider-vos-enfants-a-developper-leur-conscience-de-soi\/"},"wordCount":1108,"publisher":{"@id":"https:\/\/vieassociative.be\/actualites\/#organization"},"image":{"@id":"https:\/\/vieassociative.be\/actualites\/comment-aider-vos-enfants-a-developper-leur-conscience-de-soi\/#primaryimage"},"thumbnailUrl":"https:\/\/vieassociative.be\/actualites\/wp-content\/uploads\/2024\/10\/Comment-aider-vos-enfants-a-developper-leur-conscience-de-soi.jpg","keywords":["aider","Comment","conscience","d\u00e9velopper","enfants","leur","soi","vos"],"articleSection":["Famille"],"inLanguage":"fr-BE"},{"@type":"WebPage","@id":"https:\/\/vieassociative.be\/actualites\/comment-aider-vos-enfants-a-developper-leur-conscience-de-soi\/","url":"https:\/\/vieassociative.be\/actualites\/comment-aider-vos-enfants-a-developper-leur-conscience-de-soi\/","name":"Comment aider vos enfants \u00e0 d\u00e9velopper leur conscience de soi | Vie Associative","isPartOf":{"@id":"https:\/\/vieassociative.be\/actualites\/#website"},"primaryImageOfPage":{"@id":"https:\/\/vieassociative.be\/actualites\/comment-aider-vos-enfants-a-developper-leur-conscience-de-soi\/#primaryimage"},"image":{"@id":"https:\/\/vieassociative.be\/actualites\/comment-aider-vos-enfants-a-developper-leur-conscience-de-soi\/#primaryimage"},"thumbnailUrl":"https:\/\/vieassociative.be\/actualites\/wp-content\/uploads\/2024\/10\/Comment-aider-vos-enfants-a-developper-leur-conscience-de-soi.jpg","datePublished":"2024-10-12T20:20:52+00:00","dateModified":"2024-10-12T20:20:52+00:00","breadcrumb":{"@id":"https:\/\/vieassociative.be\/actualites\/comment-aider-vos-enfants-a-developper-leur-conscience-de-soi\/#breadcrumb"},"inLanguage":"fr-BE","potentialAction":[{"@type":"ReadAction","target":["https:\/\/vieassociative.be\/actualites\/comment-aider-vos-enfants-a-developper-leur-conscience-de-soi\/"]}]},{"@type":"ImageObject","inLanguage":"fr-BE","@id":"https:\/\/vieassociative.be\/actualites\/comment-aider-vos-enfants-a-developper-leur-conscience-de-soi\/#primaryimage","url":"https:\/\/vieassociative.be\/actualites\/wp-content\/uploads\/2024\/10\/Comment-aider-vos-enfants-a-developper-leur-conscience-de-soi.jpg","contentUrl":"https:\/\/vieassociative.be\/actualites\/wp-content\/uploads\/2024\/10\/Comment-aider-vos-enfants-a-developper-leur-conscience-de-soi.jpg","width":1200,"height":675,"caption":"Comment aider vos enfants \u00e0 d\u00e9velopper leur conscience de soi"},{"@type":"BreadcrumbList","@id":"https:\/\/vieassociative.be\/actualites\/comment-aider-vos-enfants-a-developper-leur-conscience-de-soi\/#breadcrumb","itemListElement":[{"@type":"ListItem","position":1,"name":"Accueil","item":"https:\/\/vieassociative.be\/actualites\/"},{"@type":"ListItem","position":2,"name":"Comment aider vos enfants \u00e0 d\u00e9velopper leur conscience de soi"}]},{"@type":"WebSite","@id":"https:\/\/vieassociative.be\/actualites\/#website","url":"https:\/\/vieassociative.be\/actualites\/","name":"Vie Associative","description":"","publisher":{"@id":"https:\/\/vieassociative.be\/actualites\/#organization"},"potentialAction":[{"@type":"SearchAction","target":{"@type":"EntryPoint","urlTemplate":"https:\/\/vieassociative.be\/actualites\/?s={search_term_string}"},"query-input":{"@type":"PropertyValueSpecification","valueRequired":true,"valueName":"search_term_string"}}],"inLanguage":"fr-BE"},{"@type":"Organization","@id":"https:\/\/vieassociative.be\/actualites\/#organization","name":"Vie Associative","url":"https:\/\/vieassociative.be\/actualites\/","logo":{"@type":"ImageObject","inLanguage":"fr-BE","@id":"https:\/\/vieassociative.be\/actualites\/#\/schema\/logo\/image\/","url":"https:\/\/vieassociative.be\/actualites\/wp-content\/uploads\/2024\/09\/cropped-vieassociative_favicon.ico.png","contentUrl":"https:\/\/vieassociative.be\/actualites\/wp-content\/uploads\/2024\/09\/cropped-vieassociative_favicon.ico.png","width":512,"height":512,"caption":"Vie Associative"},"image":{"@id":"https:\/\/vieassociative.be\/actualites\/#\/schema\/logo\/image\/"}},{"@type":"Person","@id":"https:\/\/vieassociative.be\/actualites\/#\/schema\/person\/b87ac4f82f9d4e7b7cec7395b679edc4","name":"Julien","image":{"@type":"ImageObject","inLanguage":"fr-BE","@id":"https:\/\/vieassociative.be\/actualites\/#\/schema\/person\/image\/","url":"https:\/\/vieassociative.be\/actualites\/wp-content\/uploads\/2024\/09\/vie-associative-1-150x150.jpg","contentUrl":"https:\/\/vieassociative.be\/actualites\/wp-content\/uploads\/2024\/09\/vie-associative-1-150x150.jpg","caption":"Julien"},"description":"Je suis Julien, r\u00e9dacteur pour Vie Associative. Passionn\u00e9 par le monde associatif depuis plus de 10 ans, j'ai \u00e0 c\u0153ur de partager des histoires inspirantes et de mettre en lumi\u00e8re les initiatives locales. Mon objectif est de sensibiliser et d'encourager l'engagement communautaire \u00e0 travers mes articles.","sameAs":["https:\/\/vieassociative.be\/"]}]}},"_links":{"self":[{"href":"https:\/\/vieassociative.be\/actualites\/wp-json\/wp\/v2\/posts\/1153"}],"collection":[{"href":"https:\/\/vieassociative.be\/actualites\/wp-json\/wp\/v2\/posts"}],"about":[{"href":"https:\/\/vieassociative.be\/actualites\/wp-json\/wp\/v2\/types\/post"}],"author":[{"embeddable":true,"href":"https:\/\/vieassociative.be\/actualites\/wp-json\/wp\/v2\/users\/1"}],"replies":[{"embeddable":true,"href":"https:\/\/vieassociative.be\/actualites\/wp-json\/wp\/v2\/comments?post=1153"}],"version-history":[{"count":0,"href":"https:\/\/vieassociative.be\/actualites\/wp-json\/wp\/v2\/posts\/1153\/revisions"}],"wp:featuredmedia":[{"embeddable":true,"href":"https:\/\/vieassociative.be\/actualites\/wp-json\/wp\/v2\/media\/1154"}],"wp:attachment":[{"href":"https:\/\/vieassociative.be\/actualites\/wp-json\/wp\/v2\/media?parent=1153"}],"wp:term":[{"taxonomy":"category","embeddable":true,"href":"https:\/\/vieassociative.be\/actualites\/wp-json\/wp\/v2\/categories?post=1153"},{"taxonomy":"post_tag","embeddable":true,"href":"https:\/\/vieassociative.be\/actualites\/wp-json\/wp\/v2\/tags?post=1153"}],"curies":[{"name":"wp","href":"https:\/\/api.w.org\/{rel}","templated":true}]}}