{"id":11529,"date":"2025-11-25T14:18:32","date_gmt":"2025-11-25T13:18:32","guid":{"rendered":"https:\/\/vieassociative.be\/actualites\/loura-ring-4-est-a-30-de-reduction-pour-le-black-friday\/"},"modified":"2025-11-25T14:18:32","modified_gmt":"2025-11-25T13:18:32","slug":"loura-ring-4-est-a-30-de-reduction-pour-le-black-friday","status":"publish","type":"post","link":"https:\/\/vieassociative.be\/actualites\/loura-ring-4-est-a-30-de-reduction-pour-le-black-friday\/","title":{"rendered":"L&rsquo;Oura Ring 4 est \u00e0 30 % de r\u00e9duction pour le Black Friday"},"content":{"rendered":"<div class=\"mt-4 leading-6 md:mb-8\">Il s&rsquo;agit d&rsquo;un suivi de sant\u00e9 haut de gamme dans une bague confortable et discr\u00e8te qui passe pour un bijou ordinaire.<\/div>\n<p><\/p>\n<p><em>Les ventes du Black Friday commencent officiellement le vendredi 28 novembre et se poursuivent jusqu&rsquo;au Cyber \u200b\u200bMonday, le 1er d\u00e9cembre, et Vie Associative partage les meilleures ventes bas\u00e9es sur des critiques de produits, des comparaisons et des outils de suivi des prix avant leur fin. <\/em><\/p>\n<ul>\n<li>\n<p><em>Suivez notre blog en direct<\/em><em>  pour rester au courant des meilleures ventes que nous trouvons.<\/em><\/p>\n<\/li>\n<li>\n<p><em>Parcourez les choix de nos r\u00e9dacteurs<\/em><em>  pour une liste organis\u00e9e de nos ventes pr\u00e9f\u00e9r\u00e9es sur les ordinateurs portables, les technologies de fitness, les appareils \u00e9lectrom\u00e9nagers et plus encore.<\/em><\/p>\n<\/li>\n<li>\n<p><em>Abonnez-vous \u00e0 notre newsletter shopping<\/em><em>Ajoutez au panier, pour les meilleures ventes envoy\u00e9es dans votre bo\u00eete de r\u00e9ception.<\/em><\/p>\n<\/li>\n<li>\n<p><em>Les ventes sont exactes au moment de la publication, mais les prix et les stocks sont toujours sujets \u00e0 changement. <\/em><\/p>\n<\/li>\n<\/ul>\n<hr>\n<p>Alors que les bagues intelligentes continuent d\u2019inonder le march\u00e9, il peut \u00eatre difficile de trouver une option fiable qui r\u00e9ponde r\u00e9ellement \u00e0 tous vos besoins. L&rsquo;Oura Ring 4 reste l&rsquo;un des meilleurs trackers de sant\u00e9 holistiques du march\u00e9, et il est actuellement jusqu&rsquo;\u00e0 30 % de r\u00e9duction sur Amazon (29 % de r\u00e9duction pour certaines couleurs) pour le Black Friday, marquant son prix le plus bas jamais vu. <\/p>\n<div class=\"pogoClear mb-12 mt-10 rounded-md border-2 border-gray-100 py-7 shadow-xl md:py-6\">\n<div class=\"flex flex-wrap justify-between px-7 text-black no-underline md:flex-nowrap md:px-8\">\n<div class=\"order-1 mx-auto flex flex-col justify-center md:order-2 md:ml-4 md:w-full md:grow\">\n<div class=\"block cursor-pointer text-center font-akshar text-2xl font-medium leading-7 text-brand-green duration-200 ease-in-out hover:text-brand-green-700 md:text-left md:text-xl md:leading-6\">Oura Anneau 4\n                <\/div>\n<div class=\"mt-4 hidden md:flex md:justify-between\">\n<div class=\"self-end\">\n<div class=\"mb-0 h-11 md:flex md:flex-col md:justify-center\">\n<div class=\" font-sans leading-4 text-black\">\n<div class=\"flex flex-wrap items-center justify-center gap-1 md:justify-start\">\n        <span class=\"font-bold\"><\/p>\n<p>            249,00\u00a0$<br \/>\n                            <span class=\"font-medium\">chez Amazon<\/span><br \/>\n                    <\/span>\n            <\/div>\n<div class=\"flex items-center justify-center gap-x-1 font-bold md:justify-start\">\n            <span class=\"text-sm line-through\">349,00\u00a0$<\/span><br \/>\n            <span class=\"text-sm text-brand-green\">\u00c9conomisez 100,00\u00a0$<\/span>\n        <\/div>\n<\/p><\/div>\n<\/p><\/div>\n<\/p><\/div>\n<div class=\"w-44 self-end\">\n                            <button class=\"flex justify-center items-center w-full bg-brand-green text-white text-base font-sans font-medium rounded-md hover:bg-brand-green-700 hover:cursor-pointer md:text-sm h-11\"><\/p>\n<p>    Obtenez une offre<br \/>\n<\/button>\n                        <\/div>\n<\/p><\/div>\n<\/p><\/div>\n<div class=\"order-2 mt-5 h-auto w-full md:order-1 md:mt-0 md:hidden\">\n<div class=\"flex aspect-video items-center justify-center\">\n                                            <img decoding=\"async\" class=\"m-0 max-h-full max-w-full rounded-md\" src=\"https:\/\/vieassociative.be\/actualites\/wp-content\/uploads\/2025\/11\/LOura-Ring-4-est-a-30-de-reduction-pour.jpg\" alt=\"Oura Anneau 4\" width=\"auto\" height=\"auto\" loading=\"lazy\">\n                                    <\/div>\n<\/p><\/div>\n<div class=\"order-2 ml-2 hidden w-32 shrink-0 items-center md:order-1 md:ml-0 md:flex\">\n<div class=\"flex aspect-video items-center justify-center\">\n                                            <img decoding=\"async\" class=\"m-0 max-h-full max-w-full rounded-md\" src=\"https:\/\/vieassociative.be\/actualites\/wp-content\/uploads\/2025\/11\/LOura-Ring-4-est-a-30-de-reduction-pour.jpg\" alt=\"Oura Anneau 4\" width=\"auto\" height=\"auto\" loading=\"lazy\">\n                                    <\/div>\n<\/p><\/div>\n<div class=\"order-3 flex grow flex-wrap md:hidden md:grow-0\">\n<div class=\"mt-4 w-full\">\n                        <button class=\"flex justify-center items-center w-full bg-brand-green text-white text-base font-sans font-medium rounded-md hover:bg-brand-green-700 hover:cursor-pointer md:text-sm h-11\"><\/p>\n<p>    Obtenez une offre<br \/>\n<\/button>\n                    <\/div>\n<div class=\"mx-2 mt-4 w-full\">\n<div class=\" font-sans leading-4 text-black\">\n<div class=\"flex flex-wrap items-center justify-center gap-1 md:justify-start\">\n        <span class=\"font-bold\"><\/p>\n<p>            249,00\u00a0$<br \/>\n                            <span class=\"font-medium\">chez Amazon<\/span><br \/>\n                    <\/span>\n            <\/div>\n<div class=\"flex items-center justify-center gap-x-1 font-bold md:justify-start\">\n            <span class=\"text-sm line-through\">349,00\u00a0$<\/span><br \/>\n            <span class=\"text-sm text-brand-green\">\u00c9conomisez 100,00\u00a0$<\/span>\n        <\/div>\n<\/p><\/div>\n<\/p><\/div>\n<\/p><\/div>\n<\/p><\/div>\n<\/div>\n<p>Contrairement aux bagues au design souvent carr\u00e9 ou volumineux (et m\u00eame aux mod\u00e8les pr\u00e9c\u00e9dents de l&rsquo;Oura), cette bague intelligente fine et arrondie ressemble \u00e0 un bijou ordinaire et est confortable \u00e0 porter (m\u00eame pendant que vous dormez). Il dure environ une semaine avec une seule charge (une journ\u00e9e compl\u00e8te de plus que le Samsung Galaxy Ring) et prend environ 80 minutes pour se recharger compl\u00e8tement.<\/p>\n<p>L&rsquo;anneau fournit des donn\u00e9es pr\u00e9cises sur l&rsquo;activit\u00e9 et le sommeil (bien qu&rsquo;elles ne soient pas aussi pr\u00e9cises que les appareils portables comme l&rsquo;Apple Watch Ultra 2) ainsi que des conseils de sant\u00e9 personnalis\u00e9s. Pour les amateurs de fitness, il permet \u00e9galement de suivre plusieurs entra\u00eenements. Les mesures d\u00e9taill\u00e9es qu&rsquo;il fournit aident les utilisateurs \u00e0 mieux comprendre leur sant\u00e9 holistique, c&rsquo;est pourquoi il a remport\u00e9 le prix Editors&rsquo; Choice d\u00e9cern\u00e9 par PCMag pour les anneaux intelligents.<\/p>\n<p>Il vous permet de suivre 40 types d&rsquo;entra\u00eenement diff\u00e9rents, les mouvements quotidiens, les mesures de sommeil et les niveaux de stress, ainsi que les statistiques de sant\u00e9 telles que la fr\u00e9quence cardiaque et respiratoire, l&rsquo;oxyg\u00e8ne dans le sang et la temp\u00e9rature de la peau \u00e0 l&rsquo;aide de LED infrarouges rouges et vertes. L&rsquo;application fournit ensuite des recommandations personnalis\u00e9es bas\u00e9es sur les r\u00e9sultats. Cela dit, vous aurez toujours besoin d&rsquo;un abonnement pour acc\u00e9der \u00e0 certaines informations et fonctionnalit\u00e9s plus approfondies de l&rsquo;application, contrairement \u00e0 des concurrents comme le Samsung Galaxy Ring, qui co\u00fbte plus cher au d\u00e9part mais n&rsquo;a pas de frais mensuels. <\/p>\n<p>Si les frais d&rsquo;abonnement pour d\u00e9bloquer certaines fonctionnalit\u00e9s ne vous d\u00e9rangent pas et que vous recherchez une alternative portable et confortable \u00e0 une montre intelligente qui fournit une vari\u00e9t\u00e9 de mesures 24 heures sur 24 (et des conseils d&rsquo;optimisation via l&rsquo;application), l&rsquo;Oura Ring 4 dispose d&rsquo;un large \u00e9ventail de fonctionnalit\u00e9s et constitue une option \u00e9l\u00e9gante et discr\u00e8te, en particulier jusqu&rsquo;\u00e0 150 $ de r\u00e9duction. <\/p>\n<hr>\n<h2 id=\"does-amazon-have-black-friday-deals\">Amazon propose-t-il des offres Black Friday ?<\/h2>\n<p>Oui, Amazon propose des ventes Black Friday, mais les prix ne sont pas toujours ce qu&rsquo;ils semblent \u00eatre. Utilisez un outil de suivi des prix pour vous assurer d&rsquo;obtenir la meilleure offre, ou reportez-vous \u00e0 des guides comme notre blog en direct qui utilisent des outils de suivi des prix pour vous. Et si vous disposez d\u2019un abonnement Amazon Prime, profitez-en.<\/p>\n<h2 id=\"what-stores-have-the-best-sales-on-black-friday\">Quels magasins proposent les meilleures ventes le Black Friday ?<\/h2>\n<p>De nos jours, les grands d\u00e9taillants et les petites entreprises se disputent les acheteurs du Black Friday, vous pouvez donc vous attendre \u00e0 ce que pratiquement tous les magasins r\u00e9alisent des soldes jusqu&rsquo;au lundi 1er d\u00e9cembre 2025. Les \u00ab meilleures \u00bb ventes d\u00e9pendent de vos besoins, mais en g\u00e9n\u00e9ral, les remises les plus importantes ont tendance \u00e0 provenir de grands d\u00e9taillants qui peuvent se permettre des prix plus bas : pensez \u00e0 des endroits comme Amazon, Walmart, Target, Best Buy et Home Depot. Vous pouvez retrouver toutes les meilleures ventes des grands d\u00e9taillants sur notre blog en direct.<\/p>\n<h2 id=\"are-black-friday-deals-worth-it\">Les offres du Black Friday en valent-elles la peine ?<\/h2>\n<p>Bref, oui, le Black Friday propose toujours des r\u00e9ductions qui peuvent \u00eatre rares sur le reste de l&rsquo;ann\u00e9e. Si vous souhaitez acheter quelque chose ou si vous achetez des cadeaux, c&rsquo;est le bon moment pour rechercher des r\u00e9ductions sur ce dont vous avez besoin, en particulier les ventes de technologies, de fournitures de r\u00e9novation domiciliaire et de technologies de fitness. Bien s\u00fbr, si vous avez besoin d\u2019\u00e9conomiser de l\u2019argent, la meilleure fa\u00e7on d\u2019\u00e9conomiser est de ne rien acheter. <\/p>\n","protected":false},"excerpt":{"rendered":"<p>Il s&rsquo;agit d&rsquo;un suivi de sant\u00e9 haut de gamme dans une bague confortable et discr\u00e8te qui passe pour un bijou ordinaire. Les ventes du Black<\/p>\n","protected":false},"author":1,"featured_media":11530,"comment_status":"","ping_status":"","sticky":false,"template":"","format":"standard","meta":{"footnotes":""},"categories":[13],"tags":[73,76,1255,9354,81,308,2311],"class_list":["post-11529","post","type-post","status-publish","format-standard","has-post-thumbnail","hentry","category-technologie","tag-black","tag-est","tag-friday","tag-loura","tag-pour","tag-reduction","tag-ring","generate-columns","tablet-grid-50","mobile-grid-100","grid-parent","grid-33"],"yoast_head":"<!-- This site is optimized with the Yoast SEO plugin v24.0 - https:\/\/yoast.com\/wordpress\/plugins\/seo\/ -->\n<title>L&#039;Oura Ring 4 est \u00e0 30 % de r\u00e9duction pour le Black Friday | Vie Associative<\/title>\n<meta name=\"robots\" content=\"index, follow, max-snippet:-1, max-image-preview:large, max-video-preview:-1\" \/>\n<link rel=\"canonical\" href=\"https:\/\/vieassociative.be\/actualites\/loura-ring-4-est-a-30-de-reduction-pour-le-black-friday\/\" \/>\n<meta property=\"og:locale\" content=\"fr_FR\" \/>\n<meta property=\"og:type\" content=\"article\" \/>\n<meta property=\"og:title\" content=\"L&#039;Oura Ring 4 est \u00e0 30 % de r\u00e9duction pour le Black Friday | Vie Associative\" \/>\n<meta property=\"og:description\" content=\"Il s&rsquo;agit d&rsquo;un suivi de sant\u00e9 haut de gamme dans une bague confortable et discr\u00e8te qui passe pour un bijou ordinaire. Les ventes du Black\" \/>\n<meta property=\"og:url\" content=\"https:\/\/vieassociative.be\/actualites\/loura-ring-4-est-a-30-de-reduction-pour-le-black-friday\/\" \/>\n<meta property=\"og:site_name\" content=\"Vie Associative\" \/>\n<meta property=\"article:published_time\" content=\"2025-11-25T13:18:32+00:00\" \/>\n<meta property=\"og:image\" content=\"https:\/\/vieassociative.be\/actualites\/wp-content\/uploads\/2025\/11\/LOura-Ring-4-est-a-30-de-reduction-pour.jpg\" \/>\n<meta name=\"author\" content=\"Julien\" \/>\n<meta name=\"twitter:card\" content=\"summary_large_image\" \/>\n<meta name=\"twitter:label1\" content=\"\u00c9crit par\" \/>\n\t<meta name=\"twitter:data1\" content=\"Julien\" \/>\n\t<meta name=\"twitter:label2\" content=\"Dur\u00e9e de lecture est.\" \/>\n\t<meta name=\"twitter:data2\" content=\"4 minutes\" \/>\n<script type=\"application\/ld+json\" class=\"yoast-schema-graph\">{\"@context\":\"https:\/\/schema.org\",\"@graph\":[{\"@type\":\"Article\",\"@id\":\"https:\/\/vieassociative.be\/actualites\/loura-ring-4-est-a-30-de-reduction-pour-le-black-friday\/#article\",\"isPartOf\":{\"@id\":\"https:\/\/vieassociative.be\/actualites\/loura-ring-4-est-a-30-de-reduction-pour-le-black-friday\/\"},\"author\":{\"name\":\"Julien\",\"@id\":\"https:\/\/vieassociative.be\/actualites\/#\/schema\/person\/b87ac4f82f9d4e7b7cec7395b679edc4\"},\"headline\":\"L&rsquo;Oura Ring 4 est \u00e0 30 % de r\u00e9duction pour le Black Friday\",\"datePublished\":\"2025-11-25T13:18:32+00:00\",\"dateModified\":\"2025-11-25T13:18:32+00:00\",\"mainEntityOfPage\":{\"@id\":\"https:\/\/vieassociative.be\/actualites\/loura-ring-4-est-a-30-de-reduction-pour-le-black-friday\/\"},\"wordCount\":875,\"publisher\":{\"@id\":\"https:\/\/vieassociative.be\/actualites\/#organization\"},\"image\":{\"@id\":\"https:\/\/vieassociative.be\/actualites\/loura-ring-4-est-a-30-de-reduction-pour-le-black-friday\/#primaryimage\"},\"thumbnailUrl\":\"https:\/\/vieassociative.be\/actualites\/wp-content\/uploads\/2025\/11\/LOura-Ring-4-est-a-30-de-reduction-pour.png\",\"keywords\":[\"Black\",\"est\",\"Friday\",\"LOura\",\"pour\",\"r\u00e9duction\",\"Ring\"],\"articleSection\":[\"Technologie\"],\"inLanguage\":\"fr-BE\"},{\"@type\":\"WebPage\",\"@id\":\"https:\/\/vieassociative.be\/actualites\/loura-ring-4-est-a-30-de-reduction-pour-le-black-friday\/\",\"url\":\"https:\/\/vieassociative.be\/actualites\/loura-ring-4-est-a-30-de-reduction-pour-le-black-friday\/\",\"name\":\"L'Oura Ring 4 est \u00e0 30 % de r\u00e9duction pour le Black Friday | Vie Associative\",\"isPartOf\":{\"@id\":\"https:\/\/vieassociative.be\/actualites\/#website\"},\"primaryImageOfPage\":{\"@id\":\"https:\/\/vieassociative.be\/actualites\/loura-ring-4-est-a-30-de-reduction-pour-le-black-friday\/#primaryimage\"},\"image\":{\"@id\":\"https:\/\/vieassociative.be\/actualites\/loura-ring-4-est-a-30-de-reduction-pour-le-black-friday\/#primaryimage\"},\"thumbnailUrl\":\"https:\/\/vieassociative.be\/actualites\/wp-content\/uploads\/2025\/11\/LOura-Ring-4-est-a-30-de-reduction-pour.png\",\"datePublished\":\"2025-11-25T13:18:32+00:00\",\"dateModified\":\"2025-11-25T13:18:32+00:00\",\"breadcrumb\":{\"@id\":\"https:\/\/vieassociative.be\/actualites\/loura-ring-4-est-a-30-de-reduction-pour-le-black-friday\/#breadcrumb\"},\"inLanguage\":\"fr-BE\",\"potentialAction\":[{\"@type\":\"ReadAction\",\"target\":[\"https:\/\/vieassociative.be\/actualites\/loura-ring-4-est-a-30-de-reduction-pour-le-black-friday\/\"]}]},{\"@type\":\"ImageObject\",\"inLanguage\":\"fr-BE\",\"@id\":\"https:\/\/vieassociative.be\/actualites\/loura-ring-4-est-a-30-de-reduction-pour-le-black-friday\/#primaryimage\",\"url\":\"https:\/\/vieassociative.be\/actualites\/wp-content\/uploads\/2025\/11\/LOura-Ring-4-est-a-30-de-reduction-pour.png\",\"contentUrl\":\"https:\/\/vieassociative.be\/actualites\/wp-content\/uploads\/2025\/11\/LOura-Ring-4-est-a-30-de-reduction-pour.png\",\"width\":1200,\"height\":675,\"caption\":\"L'Oura Ring 4 est \u00e0 30 % de r\u00e9duction pour le Black Friday\"},{\"@type\":\"BreadcrumbList\",\"@id\":\"https:\/\/vieassociative.be\/actualites\/loura-ring-4-est-a-30-de-reduction-pour-le-black-friday\/#breadcrumb\",\"itemListElement\":[{\"@type\":\"ListItem\",\"position\":1,\"name\":\"Accueil\",\"item\":\"https:\/\/vieassociative.be\/actualites\/\"},{\"@type\":\"ListItem\",\"position\":2,\"name\":\"L&rsquo;Oura Ring 4 est \u00e0 30 % de r\u00e9duction pour le Black Friday\"}]},{\"@type\":\"WebSite\",\"@id\":\"https:\/\/vieassociative.be\/actualites\/#website\",\"url\":\"https:\/\/vieassociative.be\/actualites\/\",\"name\":\"Vie Associative\",\"description\":\"\",\"publisher\":{\"@id\":\"https:\/\/vieassociative.be\/actualites\/#organization\"},\"potentialAction\":[{\"@type\":\"SearchAction\",\"target\":{\"@type\":\"EntryPoint\",\"urlTemplate\":\"https:\/\/vieassociative.be\/actualites\/?s={search_term_string}\"},\"query-input\":{\"@type\":\"PropertyValueSpecification\",\"valueRequired\":true,\"valueName\":\"search_term_string\"}}],\"inLanguage\":\"fr-BE\"},{\"@type\":\"Organization\",\"@id\":\"https:\/\/vieassociative.be\/actualites\/#organization\",\"name\":\"Vie Associative\",\"url\":\"https:\/\/vieassociative.be\/actualites\/\",\"logo\":{\"@type\":\"ImageObject\",\"inLanguage\":\"fr-BE\",\"@id\":\"https:\/\/vieassociative.be\/actualites\/#\/schema\/logo\/image\/\",\"url\":\"https:\/\/vieassociative.be\/actualites\/wp-content\/uploads\/2024\/09\/cropped-vieassociative_favicon.ico.png\",\"contentUrl\":\"https:\/\/vieassociative.be\/actualites\/wp-content\/uploads\/2024\/09\/cropped-vieassociative_favicon.ico.png\",\"width\":512,\"height\":512,\"caption\":\"Vie Associative\"},\"image\":{\"@id\":\"https:\/\/vieassociative.be\/actualites\/#\/schema\/logo\/image\/\"}},{\"@type\":\"Person\",\"@id\":\"https:\/\/vieassociative.be\/actualites\/#\/schema\/person\/b87ac4f82f9d4e7b7cec7395b679edc4\",\"name\":\"Julien\",\"image\":{\"@type\":\"ImageObject\",\"inLanguage\":\"fr-BE\",\"@id\":\"https:\/\/vieassociative.be\/actualites\/#\/schema\/person\/image\/\",\"url\":\"https:\/\/vieassociative.be\/actualites\/wp-content\/uploads\/2024\/09\/vie-associative-1-150x150.jpg\",\"contentUrl\":\"https:\/\/vieassociative.be\/actualites\/wp-content\/uploads\/2024\/09\/vie-associative-1-150x150.jpg\",\"caption\":\"Julien\"},\"description\":\"Je suis Julien, r\u00e9dacteur pour Vie Associative. Passionn\u00e9 par le monde associatif depuis plus de 10 ans, j'ai \u00e0 c\u0153ur de partager des histoires inspirantes et de mettre en lumi\u00e8re les initiatives locales. Mon objectif est de sensibiliser et d'encourager l'engagement communautaire \u00e0 travers mes articles.\",\"sameAs\":[\"https:\/\/vieassociative.be\/\"]}]}<\/script>\n<!-- \/ Yoast SEO plugin. -->","yoast_head_json":{"title":"L'Oura Ring 4 est \u00e0 30 % de r\u00e9duction pour le Black Friday | Vie Associative","robots":{"index":"index","follow":"follow","max-snippet":"max-snippet:-1","max-image-preview":"max-image-preview:large","max-video-preview":"max-video-preview:-1"},"canonical":"https:\/\/vieassociative.be\/actualites\/loura-ring-4-est-a-30-de-reduction-pour-le-black-friday\/","og_locale":"fr_FR","og_type":"article","og_title":"L'Oura Ring 4 est \u00e0 30 % de r\u00e9duction pour le Black Friday | Vie Associative","og_description":"Il s&rsquo;agit d&rsquo;un suivi de sant\u00e9 haut de gamme dans une bague confortable et discr\u00e8te qui passe pour un bijou ordinaire. Les ventes du Black","og_url":"https:\/\/vieassociative.be\/actualites\/loura-ring-4-est-a-30-de-reduction-pour-le-black-friday\/","og_site_name":"Vie Associative","article_published_time":"2025-11-25T13:18:32+00:00","og_image":[{"url":"https:\/\/vieassociative.be\/actualites\/wp-content\/uploads\/2025\/11\/LOura-Ring-4-est-a-30-de-reduction-pour.jpg","type":"","width":"","height":""}],"author":"Julien","twitter_card":"summary_large_image","twitter_misc":{"\u00c9crit par":"Julien","Dur\u00e9e de lecture est.":"4 minutes"},"schema":{"@context":"https:\/\/schema.org","@graph":[{"@type":"Article","@id":"https:\/\/vieassociative.be\/actualites\/loura-ring-4-est-a-30-de-reduction-pour-le-black-friday\/#article","isPartOf":{"@id":"https:\/\/vieassociative.be\/actualites\/loura-ring-4-est-a-30-de-reduction-pour-le-black-friday\/"},"author":{"name":"Julien","@id":"https:\/\/vieassociative.be\/actualites\/#\/schema\/person\/b87ac4f82f9d4e7b7cec7395b679edc4"},"headline":"L&rsquo;Oura Ring 4 est \u00e0 30 % de r\u00e9duction pour le Black Friday","datePublished":"2025-11-25T13:18:32+00:00","dateModified":"2025-11-25T13:18:32+00:00","mainEntityOfPage":{"@id":"https:\/\/vieassociative.be\/actualites\/loura-ring-4-est-a-30-de-reduction-pour-le-black-friday\/"},"wordCount":875,"publisher":{"@id":"https:\/\/vieassociative.be\/actualites\/#organization"},"image":{"@id":"https:\/\/vieassociative.be\/actualites\/loura-ring-4-est-a-30-de-reduction-pour-le-black-friday\/#primaryimage"},"thumbnailUrl":"https:\/\/vieassociative.be\/actualites\/wp-content\/uploads\/2025\/11\/LOura-Ring-4-est-a-30-de-reduction-pour.png","keywords":["Black","est","Friday","LOura","pour","r\u00e9duction","Ring"],"articleSection":["Technologie"],"inLanguage":"fr-BE"},{"@type":"WebPage","@id":"https:\/\/vieassociative.be\/actualites\/loura-ring-4-est-a-30-de-reduction-pour-le-black-friday\/","url":"https:\/\/vieassociative.be\/actualites\/loura-ring-4-est-a-30-de-reduction-pour-le-black-friday\/","name":"L'Oura Ring 4 est \u00e0 30 % de r\u00e9duction pour le Black Friday | Vie Associative","isPartOf":{"@id":"https:\/\/vieassociative.be\/actualites\/#website"},"primaryImageOfPage":{"@id":"https:\/\/vieassociative.be\/actualites\/loura-ring-4-est-a-30-de-reduction-pour-le-black-friday\/#primaryimage"},"image":{"@id":"https:\/\/vieassociative.be\/actualites\/loura-ring-4-est-a-30-de-reduction-pour-le-black-friday\/#primaryimage"},"thumbnailUrl":"https:\/\/vieassociative.be\/actualites\/wp-content\/uploads\/2025\/11\/LOura-Ring-4-est-a-30-de-reduction-pour.png","datePublished":"2025-11-25T13:18:32+00:00","dateModified":"2025-11-25T13:18:32+00:00","breadcrumb":{"@id":"https:\/\/vieassociative.be\/actualites\/loura-ring-4-est-a-30-de-reduction-pour-le-black-friday\/#breadcrumb"},"inLanguage":"fr-BE","potentialAction":[{"@type":"ReadAction","target":["https:\/\/vieassociative.be\/actualites\/loura-ring-4-est-a-30-de-reduction-pour-le-black-friday\/"]}]},{"@type":"ImageObject","inLanguage":"fr-BE","@id":"https:\/\/vieassociative.be\/actualites\/loura-ring-4-est-a-30-de-reduction-pour-le-black-friday\/#primaryimage","url":"https:\/\/vieassociative.be\/actualites\/wp-content\/uploads\/2025\/11\/LOura-Ring-4-est-a-30-de-reduction-pour.png","contentUrl":"https:\/\/vieassociative.be\/actualites\/wp-content\/uploads\/2025\/11\/LOura-Ring-4-est-a-30-de-reduction-pour.png","width":1200,"height":675,"caption":"L'Oura Ring 4 est \u00e0 30 % de r\u00e9duction pour le Black Friday"},{"@type":"BreadcrumbList","@id":"https:\/\/vieassociative.be\/actualites\/loura-ring-4-est-a-30-de-reduction-pour-le-black-friday\/#breadcrumb","itemListElement":[{"@type":"ListItem","position":1,"name":"Accueil","item":"https:\/\/vieassociative.be\/actualites\/"},{"@type":"ListItem","position":2,"name":"L&rsquo;Oura Ring 4 est \u00e0 30 % de r\u00e9duction pour le Black Friday"}]},{"@type":"WebSite","@id":"https:\/\/vieassociative.be\/actualites\/#website","url":"https:\/\/vieassociative.be\/actualites\/","name":"Vie Associative","description":"","publisher":{"@id":"https:\/\/vieassociative.be\/actualites\/#organization"},"potentialAction":[{"@type":"SearchAction","target":{"@type":"EntryPoint","urlTemplate":"https:\/\/vieassociative.be\/actualites\/?s={search_term_string}"},"query-input":{"@type":"PropertyValueSpecification","valueRequired":true,"valueName":"search_term_string"}}],"inLanguage":"fr-BE"},{"@type":"Organization","@id":"https:\/\/vieassociative.be\/actualites\/#organization","name":"Vie Associative","url":"https:\/\/vieassociative.be\/actualites\/","logo":{"@type":"ImageObject","inLanguage":"fr-BE","@id":"https:\/\/vieassociative.be\/actualites\/#\/schema\/logo\/image\/","url":"https:\/\/vieassociative.be\/actualites\/wp-content\/uploads\/2024\/09\/cropped-vieassociative_favicon.ico.png","contentUrl":"https:\/\/vieassociative.be\/actualites\/wp-content\/uploads\/2024\/09\/cropped-vieassociative_favicon.ico.png","width":512,"height":512,"caption":"Vie Associative"},"image":{"@id":"https:\/\/vieassociative.be\/actualites\/#\/schema\/logo\/image\/"}},{"@type":"Person","@id":"https:\/\/vieassociative.be\/actualites\/#\/schema\/person\/b87ac4f82f9d4e7b7cec7395b679edc4","name":"Julien","image":{"@type":"ImageObject","inLanguage":"fr-BE","@id":"https:\/\/vieassociative.be\/actualites\/#\/schema\/person\/image\/","url":"https:\/\/vieassociative.be\/actualites\/wp-content\/uploads\/2024\/09\/vie-associative-1-150x150.jpg","contentUrl":"https:\/\/vieassociative.be\/actualites\/wp-content\/uploads\/2024\/09\/vie-associative-1-150x150.jpg","caption":"Julien"},"description":"Je suis Julien, r\u00e9dacteur pour Vie Associative. Passionn\u00e9 par le monde associatif depuis plus de 10 ans, j'ai \u00e0 c\u0153ur de partager des histoires inspirantes et de mettre en lumi\u00e8re les initiatives locales. Mon objectif est de sensibiliser et d'encourager l'engagement communautaire \u00e0 travers mes articles.","sameAs":["https:\/\/vieassociative.be\/"]}]}},"_links":{"self":[{"href":"https:\/\/vieassociative.be\/actualites\/wp-json\/wp\/v2\/posts\/11529"}],"collection":[{"href":"https:\/\/vieassociative.be\/actualites\/wp-json\/wp\/v2\/posts"}],"about":[{"href":"https:\/\/vieassociative.be\/actualites\/wp-json\/wp\/v2\/types\/post"}],"author":[{"embeddable":true,"href":"https:\/\/vieassociative.be\/actualites\/wp-json\/wp\/v2\/users\/1"}],"replies":[{"embeddable":true,"href":"https:\/\/vieassociative.be\/actualites\/wp-json\/wp\/v2\/comments?post=11529"}],"version-history":[{"count":0,"href":"https:\/\/vieassociative.be\/actualites\/wp-json\/wp\/v2\/posts\/11529\/revisions"}],"wp:featuredmedia":[{"embeddable":true,"href":"https:\/\/vieassociative.be\/actualites\/wp-json\/wp\/v2\/media\/11530"}],"wp:attachment":[{"href":"https:\/\/vieassociative.be\/actualites\/wp-json\/wp\/v2\/media?parent=11529"}],"wp:term":[{"taxonomy":"category","embeddable":true,"href":"https:\/\/vieassociative.be\/actualites\/wp-json\/wp\/v2\/categories?post=11529"},{"taxonomy":"post_tag","embeddable":true,"href":"https:\/\/vieassociative.be\/actualites\/wp-json\/wp\/v2\/tags?post=11529"}],"curies":[{"name":"wp","href":"https:\/\/api.w.org\/{rel}","templated":true}]}}