{"id":11527,"date":"2025-11-25T12:19:53","date_gmt":"2025-11-25T11:19:53","guid":{"rendered":"https:\/\/vieassociative.be\/actualites\/ce-macbook-air-m2-15-pouces-est-en-vente-a-40-de-reduction-pour-le-black-friday\/"},"modified":"2025-11-25T12:19:53","modified_gmt":"2025-11-25T11:19:53","slug":"ce-macbook-air-m2-15-pouces-est-en-vente-a-40-de-reduction-pour-le-black-friday","status":"publish","type":"post","link":"https:\/\/vieassociative.be\/actualites\/ce-macbook-air-m2-15-pouces-est-en-vente-a-40-de-reduction-pour-le-black-friday\/","title":{"rendered":"Ce MacBook Air M2 15 pouces est en vente \u00e0 40 % de r\u00e9duction pour le Black Friday"},"content":{"rendered":"<div class=\"mt-4 leading-6 md:mb-8\">C&rsquo;est la puissance Mac sans le prix du MacBook Pro.<\/div>\n<p><\/p>\n<p><em>Les ventes du Black Friday commencent officiellement le vendredi 28 novembre et se poursuivent jusqu&rsquo;au Cyber \u200b\u200bMonday, le 1er d\u00e9cembre, et Vie Associative partage les meilleures ventes bas\u00e9es sur des critiques de produits, des comparaisons et des outils de suivi des prix avant leur fin. <\/em><\/p>\n<ul>\n<li>\n<p><em>Suivez notre blog en direct<\/em><em>  pour rester au courant des meilleures ventes que nous trouvons.<\/em><\/p>\n<\/li>\n<li>\n<p><em>Parcourez les choix de nos r\u00e9dacteurs<\/em><em>  pour une liste organis\u00e9e de nos ventes pr\u00e9f\u00e9r\u00e9es sur les ordinateurs portables, les technologies de fitness, les appareils \u00e9lectrom\u00e9nagers et plus encore.<\/em><\/p>\n<\/li>\n<li>\n<p><em>Abonnez-vous \u00e0 notre newsletter shopping<\/em><em>Ajoutez au panier, pour les meilleures ventes envoy\u00e9es dans votre bo\u00eete de r\u00e9ception.<\/em><\/p>\n<\/li>\n<li>\n<p><em>Les ventes sont exactes au moment de la publication, mais les prix et les stocks sont toujours sujets \u00e0 changement. <\/em><\/p>\n<\/li>\n<\/ul>\n<hr>\n<p>Le MacBook Air M2 15 pouces 2023 est actuellement en vente au prix de 769,99 $ chez StackSocial pour le mod\u00e8le SSD de 256 Go. Il s\u2019agit d\u2019une forte baisse par rapport \u00e0 son prix d\u2019origine pour ce qui est encore une machine actuelle et performante. Avec un processeur \u00e0 8 c\u0153urs, un GPU \u00e0 10 c\u0153urs et la puce M2 d&rsquo;Apple \u00e0 l&rsquo;int\u00e9rieur, ce MacBook g\u00e8re facilement la plupart des t\u00e2ches quotidiennes. La navigation sur le Web, la retouche photo, le changement d&rsquo;application et le travail vid\u00e9o l\u00e9ger sont tous fluides et rapides, et l&rsquo;\u00e9cran Liquid Retina de 15,3 pouces est lumineux \u00e0 500 nits, prend en charge une large gamme de couleurs P3 et offre une r\u00e9solution nette de 2880 x 1864. Si vous utilisez un \u00e9cran plus petit ou un ordinateur portable plus ancien, la diff\u00e9rence est perceptible.<\/p>\n<p>Le MacBook Air M2 offre jusqu&rsquo;\u00e0 18 heures d&rsquo;autonomie pour la lecture vid\u00e9o ou 15 heures pour une utilisation Web. Il est donc con\u00e7u pour de longues p\u00e9riodes sans avoir besoin d&rsquo;un chargeur, bien que votre kilom\u00e9trage puisse varier en fonction de l&rsquo;utilisation. La s\u00e9lection de ports comprend MagSafe 3 pour le chargement et deux ports Thunderbolt\/USB 4, qui couvrent la plupart des cas d&rsquo;utilisation, mais signifient que vous aurez probablement besoin d&rsquo;adaptateurs pour des configurations plus complexes. Le syst\u00e8me \u00e0 six haut-parleurs est \u00e9tonnamment complet pour un ordinateur portable de cette taille et prend en charge Spatial Audio, qui se marie bien avec la cam\u00e9ra FaceTime 1080p et la matrice de trois micros pour les appels vid\u00e9o. Bluetooth 5.3 et wifi 6 compl\u00e8tent la connectivit\u00e9, gardant tout moderne. Et bien que les 8 Go de RAM et le SSD de 256 Go conviennent \u00e0 un usage g\u00e9n\u00e9ral, les cr\u00e9atifs ou les utilisateurs plus lourds pr\u00e9f\u00e9reront peut-\u00eatre passer aux configurations de 512 Go, 1 To ou m\u00eame 2 To, qui b\u00e9n\u00e9ficient \u00e9galement d&rsquo;une r\u00e9duction sur StackSocial pour le moment.<\/p>\n<p>Puisqu&rsquo;il s&rsquo;agit d&rsquo;un appareil d&rsquo;occasion, cet appareil est dot\u00e9 d&rsquo;une note de remise \u00e0 neuf de cat\u00e9gorie A, ce qui signifie que vous obtenez quelque chose qui peut (ou non) pr\u00e9senter quelques petites \u00e9raflures, mais rien qui affecte les performances. Il comprend \u00e9galement une garantie de 30 jours pi\u00e8ces et main d\u2019\u0153uvre, juste au cas o\u00f9. Vous n&rsquo;aurez pas macOS pr\u00e9install\u00e9 dans tous les cas, mais l&rsquo;appareil peut \u00eatre mis \u00e0 jour avec le dernier macOS Tahoe 26. Si vous voulez un MacBook plus grand avec une puissance moderne mais que vous ne voulez pas d\u00e9penser plus de 1 000 $, c&rsquo;est l&rsquo;une des offres les plus \u00e9quilibr\u00e9es que vous trouverez, d&rsquo;autant plus qu&rsquo;il co\u00fbte moins de la moiti\u00e9 du prix d&rsquo;un nouveau MacBook Pro 15 pouces.<\/p>\n<hr>\n<h2 id=\"how-long-do-black-friday-deals-really-last\"><strong>Combien de temps durent r\u00e9ellement les offres du Black Friday ?<\/strong><\/h2>\n<p>Les ventes du Black Friday commencent officiellement le vendredi 28 novembre 2025 et se d\u00e9roulent tout au long de la \u00ab Cyber \u200b\u200bWeek \u00bb, la p\u00e9riode de cinq jours qui s&rsquo;\u00e9tend de Thanksgiving au Cyber \u200b\u200bMonday, le 1er d\u00e9cembre 2025. Mais les dates du Black Friday et du Cyber \u200b\u200bMonday se sont \u00e9tendues \u00e0 mesure que les d\u00e9taillants se disputent les clients. Vous pouvez b\u00e9n\u00e9ficier des m\u00eames ventes du Black Friday plus t\u00f4t et nous pr\u00e9voyons que les ventes se termineront d\u2019ici le 3 d\u00e9cembre 2025.<\/p>\n<h2 id=\"what-stores-have-the-best-sales-on-black-friday\"><strong>Quels magasins proposent les meilleures ventes le Black Friday ?<\/strong><\/h2>\n<p>De nos jours, les grands d\u00e9taillants et les petites entreprises se disputent les acheteurs du Black Friday, vous pouvez donc vous attendre \u00e0 ce que pratiquement tous les magasins r\u00e9alisent des soldes jusqu&rsquo;au lundi 1er d\u00e9cembre 2025. Les \u00ab meilleures \u00bb ventes d\u00e9pendent de vos besoins, mais en g\u00e9n\u00e9ral, les remises les plus importantes ont tendance \u00e0 provenir de grands d\u00e9taillants qui peuvent se permettre des prix plus bas : pensez \u00e0 des endroits comme Amazon, Walmart, Target, Best Buy et Home Depot. Vous pouvez retrouver toutes les meilleures ventes des grands d\u00e9taillants sur notre blog en direct. <\/p>\n<h2 id=\"are-black-friday-deals-worth-it\"><strong>Les offres du Black Friday en valent-elles la peine ?<\/strong><\/h2>\n<p>Bref, oui, le Black Friday propose toujours des r\u00e9ductions qui peuvent \u00eatre rares sur le reste de l&rsquo;ann\u00e9e. Si vous souhaitez acheter quelque chose ou si vous achetez des cadeaux, c&rsquo;est le bon moment pour rechercher des r\u00e9ductions sur ce dont vous avez besoin, en particulier les ventes de technologies, de fournitures de r\u00e9novation domiciliaire et de technologies de fitness. Bien s\u00fbr, si vous avez besoin d\u2019\u00e9conomiser de l\u2019argent, la meilleure fa\u00e7on d\u2019\u00e9conomiser est de ne rien acheter. <\/p>\n<h2 id=\"are-cyber-monday-deals-better-than-black-friday\"><strong>Les offres du Cyber \u200b\u200bMonday sont-elles meilleures que le Black Friday ?<\/strong><\/h2>\n<p>Le Black Friday \u00e9tait autrefois r\u00e9serv\u00e9 aux grands d\u00e9taillants et aux technologies et appareils \u00e9lectrom\u00e9nagers plus chers, tandis que le Cyber \u200b\u200b\u200b\u200bMonday \u00e9tait destin\u00e9 aux technologies moins ch\u00e8res et donnait aux petites entreprises une chance de rivaliser en ligne. Mais aujourd\u2019hui, la distinction n\u2019a presque plus de sens. Tous les grands d\u00e9taillants proposeront des soldes les deux jours, et la meilleure chose \u00e0 faire est de savoir ce que vous voulez, d&rsquo;utiliser des outils de suivi des prix ou de vous r\u00e9f\u00e9rer \u00e0 des guides comme notre blog en direct qui utilisent des outils de suivi des prix pour vous, et de ne pas vous soucier de trouver le moment id\u00e9al.<\/p>\n","protected":false},"excerpt":{"rendered":"<p>C&rsquo;est la puissance Mac sans le prix du MacBook Pro. Les ventes du Black Friday commencent officiellement le vendredi 28 novembre et se poursuivent jusqu&rsquo;au<\/p>\n","protected":false},"author":1,"featured_media":11528,"comment_status":"","ping_status":"","sticky":false,"template":"","format":"standard","meta":{"footnotes":""},"categories":[13],"tags":[1327,73,76,1255,686,1980,81,308,223],"class_list":["post-11527","post","type-post","status-publish","format-standard","has-post-thumbnail","hentry","category-technologie","tag-air","tag-black","tag-est","tag-friday","tag-macbook","tag-pouces","tag-pour","tag-reduction","tag-vente","generate-columns","tablet-grid-50","mobile-grid-100","grid-parent","grid-33"],"yoast_head":"<!-- This site is optimized with the Yoast SEO plugin v24.0 - https:\/\/yoast.com\/wordpress\/plugins\/seo\/ -->\n<title>Ce MacBook Air M2 15 pouces est en vente \u00e0 40 % de r\u00e9duction pour le Black Friday | Vie Associative<\/title>\n<meta name=\"robots\" content=\"index, follow, max-snippet:-1, max-image-preview:large, max-video-preview:-1\" \/>\n<link rel=\"canonical\" href=\"https:\/\/vieassociative.be\/actualites\/ce-macbook-air-m2-15-pouces-est-en-vente-a-40-de-reduction-pour-le-black-friday\/\" \/>\n<meta property=\"og:locale\" content=\"fr_FR\" \/>\n<meta property=\"og:type\" content=\"article\" \/>\n<meta property=\"og:title\" content=\"Ce MacBook Air M2 15 pouces est en vente \u00e0 40 % de r\u00e9duction pour le Black Friday | Vie Associative\" \/>\n<meta property=\"og:description\" content=\"C&rsquo;est la puissance Mac sans le prix du MacBook Pro. Les ventes du Black Friday commencent officiellement le vendredi 28 novembre et se poursuivent jusqu&rsquo;au\" \/>\n<meta property=\"og:url\" content=\"https:\/\/vieassociative.be\/actualites\/ce-macbook-air-m2-15-pouces-est-en-vente-a-40-de-reduction-pour-le-black-friday\/\" \/>\n<meta property=\"og:site_name\" content=\"Vie Associative\" \/>\n<meta property=\"article:published_time\" content=\"2025-11-25T11:19:53+00:00\" \/>\n<meta property=\"og:image\" content=\"https:\/\/vieassociative.be\/actualites\/wp-content\/uploads\/2024\/09\/header_backgroundk-01-e1726694325946.png\" \/>\n\t<meta property=\"og:image:width\" content=\"279\" \/>\n\t<meta property=\"og:image:height\" content=\"92\" \/>\n\t<meta property=\"og:image:type\" content=\"image\/png\" \/>\n<meta name=\"author\" content=\"Julien\" \/>\n<meta name=\"twitter:card\" content=\"summary_large_image\" \/>\n<meta name=\"twitter:label1\" content=\"\u00c9crit par\" \/>\n\t<meta name=\"twitter:data1\" content=\"Julien\" \/>\n\t<meta name=\"twitter:label2\" content=\"Dur\u00e9e de lecture est.\" \/>\n\t<meta name=\"twitter:data2\" content=\"5 minutes\" \/>\n<script type=\"application\/ld+json\" class=\"yoast-schema-graph\">{\"@context\":\"https:\/\/schema.org\",\"@graph\":[{\"@type\":\"Article\",\"@id\":\"https:\/\/vieassociative.be\/actualites\/ce-macbook-air-m2-15-pouces-est-en-vente-a-40-de-reduction-pour-le-black-friday\/#article\",\"isPartOf\":{\"@id\":\"https:\/\/vieassociative.be\/actualites\/ce-macbook-air-m2-15-pouces-est-en-vente-a-40-de-reduction-pour-le-black-friday\/\"},\"author\":{\"name\":\"Julien\",\"@id\":\"https:\/\/vieassociative.be\/actualites\/#\/schema\/person\/b87ac4f82f9d4e7b7cec7395b679edc4\"},\"headline\":\"Ce MacBook Air M2 15 pouces est en vente \u00e0 40 % de r\u00e9duction pour le Black Friday\",\"datePublished\":\"2025-11-25T11:19:53+00:00\",\"dateModified\":\"2025-11-25T11:19:53+00:00\",\"mainEntityOfPage\":{\"@id\":\"https:\/\/vieassociative.be\/actualites\/ce-macbook-air-m2-15-pouces-est-en-vente-a-40-de-reduction-pour-le-black-friday\/\"},\"wordCount\":1073,\"publisher\":{\"@id\":\"https:\/\/vieassociative.be\/actualites\/#organization\"},\"image\":{\"@id\":\"https:\/\/vieassociative.be\/actualites\/ce-macbook-air-m2-15-pouces-est-en-vente-a-40-de-reduction-pour-le-black-friday\/#primaryimage\"},\"thumbnailUrl\":\"https:\/\/vieassociative.be\/actualites\/wp-content\/uploads\/2025\/11\/Ce-MacBook-Air-M2-15-pouces-est-en-vente-a.png\",\"keywords\":[\"air\",\"Black\",\"est\",\"Friday\",\"MacBook\",\"pouces\",\"pour\",\"r\u00e9duction\",\"vente\"],\"articleSection\":[\"Technologie\"],\"inLanguage\":\"fr-BE\"},{\"@type\":\"WebPage\",\"@id\":\"https:\/\/vieassociative.be\/actualites\/ce-macbook-air-m2-15-pouces-est-en-vente-a-40-de-reduction-pour-le-black-friday\/\",\"url\":\"https:\/\/vieassociative.be\/actualites\/ce-macbook-air-m2-15-pouces-est-en-vente-a-40-de-reduction-pour-le-black-friday\/\",\"name\":\"Ce MacBook Air M2 15 pouces est en vente \u00e0 40 % de r\u00e9duction pour le Black Friday | Vie Associative\",\"isPartOf\":{\"@id\":\"https:\/\/vieassociative.be\/actualites\/#website\"},\"primaryImageOfPage\":{\"@id\":\"https:\/\/vieassociative.be\/actualites\/ce-macbook-air-m2-15-pouces-est-en-vente-a-40-de-reduction-pour-le-black-friday\/#primaryimage\"},\"image\":{\"@id\":\"https:\/\/vieassociative.be\/actualites\/ce-macbook-air-m2-15-pouces-est-en-vente-a-40-de-reduction-pour-le-black-friday\/#primaryimage\"},\"thumbnailUrl\":\"https:\/\/vieassociative.be\/actualites\/wp-content\/uploads\/2025\/11\/Ce-MacBook-Air-M2-15-pouces-est-en-vente-a.png\",\"datePublished\":\"2025-11-25T11:19:53+00:00\",\"dateModified\":\"2025-11-25T11:19:53+00:00\",\"breadcrumb\":{\"@id\":\"https:\/\/vieassociative.be\/actualites\/ce-macbook-air-m2-15-pouces-est-en-vente-a-40-de-reduction-pour-le-black-friday\/#breadcrumb\"},\"inLanguage\":\"fr-BE\",\"potentialAction\":[{\"@type\":\"ReadAction\",\"target\":[\"https:\/\/vieassociative.be\/actualites\/ce-macbook-air-m2-15-pouces-est-en-vente-a-40-de-reduction-pour-le-black-friday\/\"]}]},{\"@type\":\"ImageObject\",\"inLanguage\":\"fr-BE\",\"@id\":\"https:\/\/vieassociative.be\/actualites\/ce-macbook-air-m2-15-pouces-est-en-vente-a-40-de-reduction-pour-le-black-friday\/#primaryimage\",\"url\":\"https:\/\/vieassociative.be\/actualites\/wp-content\/uploads\/2025\/11\/Ce-MacBook-Air-M2-15-pouces-est-en-vente-a.png\",\"contentUrl\":\"https:\/\/vieassociative.be\/actualites\/wp-content\/uploads\/2025\/11\/Ce-MacBook-Air-M2-15-pouces-est-en-vente-a.png\",\"width\":1200,\"height\":675,\"caption\":\"Ce MacBook Air M2 15 pouces est en vente \u00e0 40 % de r\u00e9duction pour le Black Friday\"},{\"@type\":\"BreadcrumbList\",\"@id\":\"https:\/\/vieassociative.be\/actualites\/ce-macbook-air-m2-15-pouces-est-en-vente-a-40-de-reduction-pour-le-black-friday\/#breadcrumb\",\"itemListElement\":[{\"@type\":\"ListItem\",\"position\":1,\"name\":\"Accueil\",\"item\":\"https:\/\/vieassociative.be\/actualites\/\"},{\"@type\":\"ListItem\",\"position\":2,\"name\":\"Ce MacBook Air M2 15 pouces est en vente \u00e0 40 % de r\u00e9duction pour le Black Friday\"}]},{\"@type\":\"WebSite\",\"@id\":\"https:\/\/vieassociative.be\/actualites\/#website\",\"url\":\"https:\/\/vieassociative.be\/actualites\/\",\"name\":\"Vie Associative\",\"description\":\"\",\"publisher\":{\"@id\":\"https:\/\/vieassociative.be\/actualites\/#organization\"},\"potentialAction\":[{\"@type\":\"SearchAction\",\"target\":{\"@type\":\"EntryPoint\",\"urlTemplate\":\"https:\/\/vieassociative.be\/actualites\/?s={search_term_string}\"},\"query-input\":{\"@type\":\"PropertyValueSpecification\",\"valueRequired\":true,\"valueName\":\"search_term_string\"}}],\"inLanguage\":\"fr-BE\"},{\"@type\":\"Organization\",\"@id\":\"https:\/\/vieassociative.be\/actualites\/#organization\",\"name\":\"Vie Associative\",\"url\":\"https:\/\/vieassociative.be\/actualites\/\",\"logo\":{\"@type\":\"ImageObject\",\"inLanguage\":\"fr-BE\",\"@id\":\"https:\/\/vieassociative.be\/actualites\/#\/schema\/logo\/image\/\",\"url\":\"https:\/\/vieassociative.be\/actualites\/wp-content\/uploads\/2024\/09\/cropped-vieassociative_favicon.ico.png\",\"contentUrl\":\"https:\/\/vieassociative.be\/actualites\/wp-content\/uploads\/2024\/09\/cropped-vieassociative_favicon.ico.png\",\"width\":512,\"height\":512,\"caption\":\"Vie Associative\"},\"image\":{\"@id\":\"https:\/\/vieassociative.be\/actualites\/#\/schema\/logo\/image\/\"}},{\"@type\":\"Person\",\"@id\":\"https:\/\/vieassociative.be\/actualites\/#\/schema\/person\/b87ac4f82f9d4e7b7cec7395b679edc4\",\"name\":\"Julien\",\"image\":{\"@type\":\"ImageObject\",\"inLanguage\":\"fr-BE\",\"@id\":\"https:\/\/vieassociative.be\/actualites\/#\/schema\/person\/image\/\",\"url\":\"https:\/\/vieassociative.be\/actualites\/wp-content\/uploads\/2024\/09\/vie-associative-1-150x150.jpg\",\"contentUrl\":\"https:\/\/vieassociative.be\/actualites\/wp-content\/uploads\/2024\/09\/vie-associative-1-150x150.jpg\",\"caption\":\"Julien\"},\"description\":\"Je suis Julien, r\u00e9dacteur pour Vie Associative. Passionn\u00e9 par le monde associatif depuis plus de 10 ans, j'ai \u00e0 c\u0153ur de partager des histoires inspirantes et de mettre en lumi\u00e8re les initiatives locales. Mon objectif est de sensibiliser et d'encourager l'engagement communautaire \u00e0 travers mes articles.\",\"sameAs\":[\"https:\/\/vieassociative.be\/\"]}]}<\/script>\n<!-- \/ Yoast SEO plugin. -->","yoast_head_json":{"title":"Ce MacBook Air M2 15 pouces est en vente \u00e0 40 % de r\u00e9duction pour le Black Friday | Vie Associative","robots":{"index":"index","follow":"follow","max-snippet":"max-snippet:-1","max-image-preview":"max-image-preview:large","max-video-preview":"max-video-preview:-1"},"canonical":"https:\/\/vieassociative.be\/actualites\/ce-macbook-air-m2-15-pouces-est-en-vente-a-40-de-reduction-pour-le-black-friday\/","og_locale":"fr_FR","og_type":"article","og_title":"Ce MacBook Air M2 15 pouces est en vente \u00e0 40 % de r\u00e9duction pour le Black Friday | Vie Associative","og_description":"C&rsquo;est la puissance Mac sans le prix du MacBook Pro. Les ventes du Black Friday commencent officiellement le vendredi 28 novembre et se poursuivent jusqu&rsquo;au","og_url":"https:\/\/vieassociative.be\/actualites\/ce-macbook-air-m2-15-pouces-est-en-vente-a-40-de-reduction-pour-le-black-friday\/","og_site_name":"Vie Associative","article_published_time":"2025-11-25T11:19:53+00:00","og_image":[{"width":279,"height":92,"url":"https:\/\/vieassociative.be\/actualites\/wp-content\/uploads\/2024\/09\/header_backgroundk-01-e1726694325946.png","type":"image\/png"}],"author":"Julien","twitter_card":"summary_large_image","twitter_misc":{"\u00c9crit par":"Julien","Dur\u00e9e de lecture est.":"5 minutes"},"schema":{"@context":"https:\/\/schema.org","@graph":[{"@type":"Article","@id":"https:\/\/vieassociative.be\/actualites\/ce-macbook-air-m2-15-pouces-est-en-vente-a-40-de-reduction-pour-le-black-friday\/#article","isPartOf":{"@id":"https:\/\/vieassociative.be\/actualites\/ce-macbook-air-m2-15-pouces-est-en-vente-a-40-de-reduction-pour-le-black-friday\/"},"author":{"name":"Julien","@id":"https:\/\/vieassociative.be\/actualites\/#\/schema\/person\/b87ac4f82f9d4e7b7cec7395b679edc4"},"headline":"Ce MacBook Air M2 15 pouces est en vente \u00e0 40 % de r\u00e9duction pour le Black Friday","datePublished":"2025-11-25T11:19:53+00:00","dateModified":"2025-11-25T11:19:53+00:00","mainEntityOfPage":{"@id":"https:\/\/vieassociative.be\/actualites\/ce-macbook-air-m2-15-pouces-est-en-vente-a-40-de-reduction-pour-le-black-friday\/"},"wordCount":1073,"publisher":{"@id":"https:\/\/vieassociative.be\/actualites\/#organization"},"image":{"@id":"https:\/\/vieassociative.be\/actualites\/ce-macbook-air-m2-15-pouces-est-en-vente-a-40-de-reduction-pour-le-black-friday\/#primaryimage"},"thumbnailUrl":"https:\/\/vieassociative.be\/actualites\/wp-content\/uploads\/2025\/11\/Ce-MacBook-Air-M2-15-pouces-est-en-vente-a.png","keywords":["air","Black","est","Friday","MacBook","pouces","pour","r\u00e9duction","vente"],"articleSection":["Technologie"],"inLanguage":"fr-BE"},{"@type":"WebPage","@id":"https:\/\/vieassociative.be\/actualites\/ce-macbook-air-m2-15-pouces-est-en-vente-a-40-de-reduction-pour-le-black-friday\/","url":"https:\/\/vieassociative.be\/actualites\/ce-macbook-air-m2-15-pouces-est-en-vente-a-40-de-reduction-pour-le-black-friday\/","name":"Ce MacBook Air M2 15 pouces est en vente \u00e0 40 % de r\u00e9duction pour le Black Friday | Vie Associative","isPartOf":{"@id":"https:\/\/vieassociative.be\/actualites\/#website"},"primaryImageOfPage":{"@id":"https:\/\/vieassociative.be\/actualites\/ce-macbook-air-m2-15-pouces-est-en-vente-a-40-de-reduction-pour-le-black-friday\/#primaryimage"},"image":{"@id":"https:\/\/vieassociative.be\/actualites\/ce-macbook-air-m2-15-pouces-est-en-vente-a-40-de-reduction-pour-le-black-friday\/#primaryimage"},"thumbnailUrl":"https:\/\/vieassociative.be\/actualites\/wp-content\/uploads\/2025\/11\/Ce-MacBook-Air-M2-15-pouces-est-en-vente-a.png","datePublished":"2025-11-25T11:19:53+00:00","dateModified":"2025-11-25T11:19:53+00:00","breadcrumb":{"@id":"https:\/\/vieassociative.be\/actualites\/ce-macbook-air-m2-15-pouces-est-en-vente-a-40-de-reduction-pour-le-black-friday\/#breadcrumb"},"inLanguage":"fr-BE","potentialAction":[{"@type":"ReadAction","target":["https:\/\/vieassociative.be\/actualites\/ce-macbook-air-m2-15-pouces-est-en-vente-a-40-de-reduction-pour-le-black-friday\/"]}]},{"@type":"ImageObject","inLanguage":"fr-BE","@id":"https:\/\/vieassociative.be\/actualites\/ce-macbook-air-m2-15-pouces-est-en-vente-a-40-de-reduction-pour-le-black-friday\/#primaryimage","url":"https:\/\/vieassociative.be\/actualites\/wp-content\/uploads\/2025\/11\/Ce-MacBook-Air-M2-15-pouces-est-en-vente-a.png","contentUrl":"https:\/\/vieassociative.be\/actualites\/wp-content\/uploads\/2025\/11\/Ce-MacBook-Air-M2-15-pouces-est-en-vente-a.png","width":1200,"height":675,"caption":"Ce MacBook Air M2 15 pouces est en vente \u00e0 40 % de r\u00e9duction pour le Black Friday"},{"@type":"BreadcrumbList","@id":"https:\/\/vieassociative.be\/actualites\/ce-macbook-air-m2-15-pouces-est-en-vente-a-40-de-reduction-pour-le-black-friday\/#breadcrumb","itemListElement":[{"@type":"ListItem","position":1,"name":"Accueil","item":"https:\/\/vieassociative.be\/actualites\/"},{"@type":"ListItem","position":2,"name":"Ce MacBook Air M2 15 pouces est en vente \u00e0 40 % de r\u00e9duction pour le Black Friday"}]},{"@type":"WebSite","@id":"https:\/\/vieassociative.be\/actualites\/#website","url":"https:\/\/vieassociative.be\/actualites\/","name":"Vie Associative","description":"","publisher":{"@id":"https:\/\/vieassociative.be\/actualites\/#organization"},"potentialAction":[{"@type":"SearchAction","target":{"@type":"EntryPoint","urlTemplate":"https:\/\/vieassociative.be\/actualites\/?s={search_term_string}"},"query-input":{"@type":"PropertyValueSpecification","valueRequired":true,"valueName":"search_term_string"}}],"inLanguage":"fr-BE"},{"@type":"Organization","@id":"https:\/\/vieassociative.be\/actualites\/#organization","name":"Vie Associative","url":"https:\/\/vieassociative.be\/actualites\/","logo":{"@type":"ImageObject","inLanguage":"fr-BE","@id":"https:\/\/vieassociative.be\/actualites\/#\/schema\/logo\/image\/","url":"https:\/\/vieassociative.be\/actualites\/wp-content\/uploads\/2024\/09\/cropped-vieassociative_favicon.ico.png","contentUrl":"https:\/\/vieassociative.be\/actualites\/wp-content\/uploads\/2024\/09\/cropped-vieassociative_favicon.ico.png","width":512,"height":512,"caption":"Vie Associative"},"image":{"@id":"https:\/\/vieassociative.be\/actualites\/#\/schema\/logo\/image\/"}},{"@type":"Person","@id":"https:\/\/vieassociative.be\/actualites\/#\/schema\/person\/b87ac4f82f9d4e7b7cec7395b679edc4","name":"Julien","image":{"@type":"ImageObject","inLanguage":"fr-BE","@id":"https:\/\/vieassociative.be\/actualites\/#\/schema\/person\/image\/","url":"https:\/\/vieassociative.be\/actualites\/wp-content\/uploads\/2024\/09\/vie-associative-1-150x150.jpg","contentUrl":"https:\/\/vieassociative.be\/actualites\/wp-content\/uploads\/2024\/09\/vie-associative-1-150x150.jpg","caption":"Julien"},"description":"Je suis Julien, r\u00e9dacteur pour Vie Associative. Passionn\u00e9 par le monde associatif depuis plus de 10 ans, j'ai \u00e0 c\u0153ur de partager des histoires inspirantes et de mettre en lumi\u00e8re les initiatives locales. Mon objectif est de sensibiliser et d'encourager l'engagement communautaire \u00e0 travers mes articles.","sameAs":["https:\/\/vieassociative.be\/"]}]}},"_links":{"self":[{"href":"https:\/\/vieassociative.be\/actualites\/wp-json\/wp\/v2\/posts\/11527"}],"collection":[{"href":"https:\/\/vieassociative.be\/actualites\/wp-json\/wp\/v2\/posts"}],"about":[{"href":"https:\/\/vieassociative.be\/actualites\/wp-json\/wp\/v2\/types\/post"}],"author":[{"embeddable":true,"href":"https:\/\/vieassociative.be\/actualites\/wp-json\/wp\/v2\/users\/1"}],"replies":[{"embeddable":true,"href":"https:\/\/vieassociative.be\/actualites\/wp-json\/wp\/v2\/comments?post=11527"}],"version-history":[{"count":0,"href":"https:\/\/vieassociative.be\/actualites\/wp-json\/wp\/v2\/posts\/11527\/revisions"}],"wp:featuredmedia":[{"embeddable":true,"href":"https:\/\/vieassociative.be\/actualites\/wp-json\/wp\/v2\/media\/11528"}],"wp:attachment":[{"href":"https:\/\/vieassociative.be\/actualites\/wp-json\/wp\/v2\/media?parent=11527"}],"wp:term":[{"taxonomy":"category","embeddable":true,"href":"https:\/\/vieassociative.be\/actualites\/wp-json\/wp\/v2\/categories?post=11527"},{"taxonomy":"post_tag","embeddable":true,"href":"https:\/\/vieassociative.be\/actualites\/wp-json\/wp\/v2\/tags?post=11527"}],"curies":[{"name":"wp","href":"https:\/\/api.w.org\/{rel}","templated":true}]}}