{"id":11525,"date":"2025-11-25T08:19:03","date_gmt":"2025-11-25T07:19:03","guid":{"rendered":"https:\/\/vieassociative.be\/actualites\/vous-pouvez-obtenir-cet-ordinateur-portable-dell-latitude-economique-avec-microsoft-office-en-vente-pour-275-pour-le-black-friday\/"},"modified":"2025-11-25T08:19:03","modified_gmt":"2025-11-25T07:19:03","slug":"vous-pouvez-obtenir-cet-ordinateur-portable-dell-latitude-economique-avec-microsoft-office-en-vente-pour-275-pour-le-black-friday","status":"publish","type":"post","link":"https:\/\/vieassociative.be\/actualites\/vous-pouvez-obtenir-cet-ordinateur-portable-dell-latitude-economique-avec-microsoft-office-en-vente-pour-275-pour-le-black-friday\/","title":{"rendered":"Vous pouvez obtenir cet ordinateur portable Dell Latitude \u00e9conomique avec Microsoft Office en vente pour 275 $ pour le Black Friday"},"content":{"rendered":"<div class=\"mt-4 leading-6 md:mb-8\">L\u2019offre group\u00e9e offre une valeur pratique sans pr\u00e9tendre \u00eatre quelque chose de plus ambitieux.<\/div>\n<p><\/p>\n<p><em>Les ventes du Black Friday commencent officiellement le vendredi 28 novembre et se poursuivent jusqu&rsquo;au Cyber \u200b\u200bMonday, le 1er d\u00e9cembre, et Vie Associative partage les meilleures ventes bas\u00e9es sur des critiques de produits, des comparaisons et des outils de suivi des prix avant leur fin. <\/em><\/p>\n<ul>\n<li>\n<p><em>Suivez notre blog en direct<\/em><em>  pour rester au courant des meilleures ventes que nous trouvons.<\/em><\/p>\n<\/li>\n<li>\n<p><em>Parcourez les choix de nos r\u00e9dacteurs<\/em><em>  pour une liste organis\u00e9e de nos ventes pr\u00e9f\u00e9r\u00e9es sur les ordinateurs portables, les technologies de fitness, les appareils \u00e9lectrom\u00e9nagers et plus encore.<\/em><\/p>\n<\/li>\n<li>\n<p><em>Abonnez-vous \u00e0 notre newsletter shopping<\/em><em>Ajoutez au panier, pour les meilleures ventes envoy\u00e9es dans votre bo\u00eete de r\u00e9ception.<\/em><\/p>\n<\/li>\n<li>\n<p><em>Les ventes sont exactes au moment de la publication, mais les prix et les stocks sont toujours sujets \u00e0 changement. <\/em><\/p>\n<\/li>\n<\/ul>\n<hr>\n<p>Vous obtenez un ordinateur portable Dell Latitude 7410 de 2020 et une licence \u00e0 vie pour Microsoft Office Professionnel 2021 actuellement en vente ensemble au prix de 274,99 $ sur StackSocial. \u00c9tant donn\u00e9 qu&rsquo;Office seul se vend g\u00e9n\u00e9ralement 219,99 $ et que l&rsquo;ordinateur portable co\u00fbte 799,99 $, l&rsquo;offre group\u00e9e est logique si vous consid\u00e9rez l&rsquo;ordinateur portable comme un moyen abordable de g\u00e9rer un travail simple \u00e0 la maison ou comme machine de sauvegarde. Cette version d&rsquo;Office s&rsquo;installe directement sur un ordinateur Windows et reste li\u00e9e \u00e0 cet appareil. Il comprend la suite de productivit\u00e9 habituelle que vous attendez de Microsoft Office, toutes fonctionnant localement sans frais mensuels. Et comme la suite ne n\u00e9cessite pas de puissance de traitement importante, elle fonctionne toujours bien sur du mat\u00e9riel plus ancien, ce qui rend le couplage r\u00e9aliste pour les t\u00e2ches quotidiennes.<\/p>\n<p>Le Latitude 7410 inclus ici est une unit\u00e9 remise \u00e0 neuf de cat\u00e9gorie A. Concr\u00e8tement, cela signifie que l&rsquo;ordinateur portable a \u00e9t\u00e9 inspect\u00e9, test\u00e9, nettoy\u00e9 et arrive dans un \u00e9tat proche du neuf, avec souvent seulement de l\u00e9g\u00e8res ou aucune marque visible sur le bo\u00eetier. M\u00eame s&rsquo;il montre son \u00e2ge sur le papier, le mat\u00e9riel peut encore g\u00e9rer les travaux de routine. Le processeur Intel i5-10310U associ\u00e9 \u00e0 16 Go de RAM et \u00e0 un SSD de 512 Go maintient Windows 11 Pro r\u00e9actif pour la navigation, l&rsquo;\u00e9criture, le multit\u00e2che l\u00e9ger et les t\u00e2ches de bureau g\u00e9n\u00e9rales. L&rsquo;\u00e9cran 1080p de 14 pouces fonctionne bien pour la lecture et l&rsquo;\u00e9dition, et le poids de 3,2 livres est suffisamment confortable pour se d\u00e9placer entre les pi\u00e8ces ou les espaces de travail. Vous b\u00e9n\u00e9ficiez \u00e9galement d&rsquo;un m\u00e9lange de ports, dont deux USB-C, deux USB-A et HDMI, ainsi qu&rsquo;un lecteur d&#8217;empreintes digitales, des haut-parleurs st\u00e9r\u00e9o et une webcam de base 1MP.<\/p>\n<p>La connectivit\u00e9 est le signe le plus \u00e9vident de son \u00e2ge, car elle utilise le wifi 802.11ac, \u00e9galement connu sous le nom de wifi 5, qui convient aux vitesses typiques de la maison et du bureau, mais ne peut pas profiter des r\u00e9seaux wifi 6 ou 6E plus rapides qui sont courants en 2025. Bluetooth 5.0 fonctionne toujours pour les \u00e9couteurs, les claviers et les souris, mais il n&rsquo;\u00e9gale pas la stabilit\u00e9 et la latence plus faible des versions 5.3 et 5.4 plus r\u00e9centes. Ces limitations sont particuli\u00e8rement importantes si vous comptez sur des transferts sans fil rapides ou sur de nombreux accessoires Bluetooth. Combin\u00e9e \u00e0 l\u2019absence de garantie et \u00e0 une batterie qui dure environ six heures, cette machine fonctionne mieux pour quelqu\u2019un qui a besoin d\u2019un ordinateur simple et stable plut\u00f4t que d\u2019un ordinateur \u00e9volutif.<\/p>\n<hr>\n<h2 id=\"how-long-do-black-friday-deals-really-last\"><strong>Combien de temps durent r\u00e9ellement les offres du Black Friday ?<\/strong><\/h2>\n<p>Les ventes du Black Friday commencent officiellement le vendredi 28 novembre 2025 et se d\u00e9roulent tout au long de la \u00ab Cyber \u200b\u200bWeek \u00bb, la p\u00e9riode de cinq jours qui s&rsquo;\u00e9tend de Thanksgiving au Cyber \u200b\u200bMonday, le 1er d\u00e9cembre 2025. Mais les dates du Black Friday et du Cyber \u200b\u200bMonday se sont \u00e9tendues \u00e0 mesure que les d\u00e9taillants se disputent les clients. Vous pouvez b\u00e9n\u00e9ficier des m\u00eames ventes du Black Friday plus t\u00f4t et nous pr\u00e9voyons que les ventes se termineront d\u2019ici le 3 d\u00e9cembre 2025.<\/p>\n<h2 id=\"what-stores-have-the-best-sales-on-black-friday\"><strong>Quels magasins proposent les meilleures ventes le Black Friday ?<\/strong><\/h2>\n<p>De nos jours, les grands d\u00e9taillants et les petites entreprises se disputent les acheteurs du Black Friday, vous pouvez donc vous attendre \u00e0 ce que pratiquement tous les magasins r\u00e9alisent des soldes jusqu&rsquo;au lundi 1er d\u00e9cembre 2025. Les \u00ab meilleures \u00bb ventes d\u00e9pendent de vos besoins, mais en g\u00e9n\u00e9ral, les remises les plus importantes ont tendance \u00e0 provenir de grands d\u00e9taillants qui peuvent se permettre des prix plus bas : pensez \u00e0 des endroits comme Amazon, Walmart, Target, Best Buy et Home Depot. Vous pouvez retrouver toutes les meilleures ventes des grands d\u00e9taillants sur notre blog en direct. <\/p>\n<h2 id=\"are-black-friday-deals-worth-it\"><strong>Les offres du Black Friday en valent-elles la peine ?<\/strong><\/h2>\n<p>Bref, oui, le Black Friday propose toujours des r\u00e9ductions qui peuvent \u00eatre rares sur le reste de l&rsquo;ann\u00e9e. Si vous souhaitez acheter quelque chose ou si vous achetez des cadeaux, c&rsquo;est le bon moment pour rechercher des r\u00e9ductions sur ce dont vous avez besoin, en particulier les ventes de technologies, de fournitures de r\u00e9novation domiciliaire et de technologies de fitness. Bien s\u00fbr, si vous avez besoin d\u2019\u00e9conomiser de l\u2019argent, la meilleure fa\u00e7on d\u2019\u00e9conomiser est de ne rien acheter. <\/p>\n<h2 id=\"are-cyber-monday-deals-better-than-black-friday\"><strong>Les offres du Cyber \u200b\u200bMonday sont-elles meilleures que le Black Friday ?<\/strong><\/h2>\n<p>Le Black Friday \u00e9tait autrefois r\u00e9serv\u00e9 aux grands d\u00e9taillants et aux technologies et appareils \u00e9lectrom\u00e9nagers plus chers, tandis que le Cyber \u200b\u200b\u200b\u200bMonday \u00e9tait destin\u00e9 aux technologies moins ch\u00e8res et donnait aux petites entreprises une chance de rivaliser en ligne. Mais aujourd\u2019hui, la distinction n\u2019a presque plus de sens. Tous les grands d\u00e9taillants proposeront des soldes les deux jours, et la meilleure chose \u00e0 faire est de savoir ce que vous voulez, d&rsquo;utiliser des outils de suivi des prix ou de vous r\u00e9f\u00e9rer \u00e0 des guides comme notre blog en direct qui utilisent des outils de suivi des prix pour vous, et de ne pas vous soucier de trouver le moment id\u00e9al.<\/p>\n","protected":false},"excerpt":{"rendered":"<p>L\u2019offre group\u00e9e offre une valeur pratique sans pr\u00e9tendre \u00eatre quelque chose de plus ambitieux. Les ventes du Black Friday commencent officiellement le vendredi 28 novembre<\/p>\n","protected":false},"author":1,"featured_media":11526,"comment_status":"","ping_status":"","sticky":false,"template":"","format":"standard","meta":{"footnotes":""},"categories":[13],"tags":[61,73,216,9352,2708,1255,9353,1190,227,1604,169,170,81,5,223,4],"class_list":["post-11525","post","type-post","status-publish","format-standard","has-post-thumbnail","hentry","category-technologie","tag-avec","tag-black","tag-cet","tag-dell","tag-economique","tag-friday","tag-latitude","tag-microsoft","tag-obtenir","tag-office","tag-ordinateur","tag-portable","tag-pour","tag-pouvez","tag-vente","tag-vous","generate-columns","tablet-grid-50","mobile-grid-100","grid-parent","grid-33"],"yoast_head":"<!-- This site is optimized with the Yoast SEO plugin v24.0 - https:\/\/yoast.com\/wordpress\/plugins\/seo\/ -->\n<title>Vous pouvez obtenir cet ordinateur portable Dell Latitude \u00e9conomique avec Microsoft Office en vente pour 275 $ pour le Black Friday | Vie Associative<\/title>\n<meta name=\"robots\" content=\"index, follow, max-snippet:-1, max-image-preview:large, max-video-preview:-1\" \/>\n<link rel=\"canonical\" href=\"https:\/\/vieassociative.be\/actualites\/vous-pouvez-obtenir-cet-ordinateur-portable-dell-latitude-economique-avec-microsoft-office-en-vente-pour-275-pour-le-black-friday\/\" \/>\n<meta property=\"og:locale\" content=\"fr_FR\" \/>\n<meta property=\"og:type\" content=\"article\" \/>\n<meta property=\"og:title\" content=\"Vous pouvez obtenir cet ordinateur portable Dell Latitude \u00e9conomique avec Microsoft Office en vente pour 275 $ pour le Black Friday | Vie Associative\" \/>\n<meta property=\"og:description\" content=\"L\u2019offre group\u00e9e offre une valeur pratique sans pr\u00e9tendre \u00eatre quelque chose de plus ambitieux. Les ventes du Black Friday commencent officiellement le vendredi 28 novembre\" \/>\n<meta property=\"og:url\" content=\"https:\/\/vieassociative.be\/actualites\/vous-pouvez-obtenir-cet-ordinateur-portable-dell-latitude-economique-avec-microsoft-office-en-vente-pour-275-pour-le-black-friday\/\" \/>\n<meta property=\"og:site_name\" content=\"Vie Associative\" \/>\n<meta property=\"article:published_time\" content=\"2025-11-25T07:19:03+00:00\" \/>\n<meta property=\"og:image\" content=\"https:\/\/vieassociative.be\/actualites\/wp-content\/uploads\/2024\/09\/header_backgroundk-01-e1726694325946.png\" \/>\n\t<meta property=\"og:image:width\" content=\"279\" \/>\n\t<meta property=\"og:image:height\" content=\"92\" \/>\n\t<meta property=\"og:image:type\" content=\"image\/png\" \/>\n<meta name=\"author\" content=\"Julien\" \/>\n<meta name=\"twitter:card\" content=\"summary_large_image\" \/>\n<meta name=\"twitter:label1\" content=\"\u00c9crit par\" \/>\n\t<meta name=\"twitter:data1\" content=\"Julien\" \/>\n\t<meta name=\"twitter:label2\" content=\"Dur\u00e9e de lecture est.\" \/>\n\t<meta name=\"twitter:data2\" content=\"5 minutes\" \/>\n<script type=\"application\/ld+json\" class=\"yoast-schema-graph\">{\"@context\":\"https:\/\/schema.org\",\"@graph\":[{\"@type\":\"Article\",\"@id\":\"https:\/\/vieassociative.be\/actualites\/vous-pouvez-obtenir-cet-ordinateur-portable-dell-latitude-economique-avec-microsoft-office-en-vente-pour-275-pour-le-black-friday\/#article\",\"isPartOf\":{\"@id\":\"https:\/\/vieassociative.be\/actualites\/vous-pouvez-obtenir-cet-ordinateur-portable-dell-latitude-economique-avec-microsoft-office-en-vente-pour-275-pour-le-black-friday\/\"},\"author\":{\"name\":\"Julien\",\"@id\":\"https:\/\/vieassociative.be\/actualites\/#\/schema\/person\/b87ac4f82f9d4e7b7cec7395b679edc4\"},\"headline\":\"Vous pouvez obtenir cet ordinateur portable Dell Latitude \u00e9conomique avec Microsoft Office en vente pour 275 $ pour le Black Friday\",\"datePublished\":\"2025-11-25T07:19:03+00:00\",\"dateModified\":\"2025-11-25T07:19:03+00:00\",\"mainEntityOfPage\":{\"@id\":\"https:\/\/vieassociative.be\/actualites\/vous-pouvez-obtenir-cet-ordinateur-portable-dell-latitude-economique-avec-microsoft-office-en-vente-pour-275-pour-le-black-friday\/\"},\"wordCount\":1071,\"publisher\":{\"@id\":\"https:\/\/vieassociative.be\/actualites\/#organization\"},\"image\":{\"@id\":\"https:\/\/vieassociative.be\/actualites\/vous-pouvez-obtenir-cet-ordinateur-portable-dell-latitude-economique-avec-microsoft-office-en-vente-pour-275-pour-le-black-friday\/#primaryimage\"},\"thumbnailUrl\":\"https:\/\/vieassociative.be\/actualites\/wp-content\/uploads\/2025\/11\/Vous-pouvez-obtenir-cet-ordinateur-portable-Dell-Latitude-economique-avec.png\",\"keywords\":[\"avec\",\"Black\",\"cet\",\"Dell\",\"\u00e9conomique\",\"Friday\",\"Latitude\",\"Microsoft\",\"obtenir\",\"Office\",\"ordinateur\",\"portable\",\"pour\",\"pouvez\",\"vente\",\"Vous\"],\"articleSection\":[\"Technologie\"],\"inLanguage\":\"fr-BE\"},{\"@type\":\"WebPage\",\"@id\":\"https:\/\/vieassociative.be\/actualites\/vous-pouvez-obtenir-cet-ordinateur-portable-dell-latitude-economique-avec-microsoft-office-en-vente-pour-275-pour-le-black-friday\/\",\"url\":\"https:\/\/vieassociative.be\/actualites\/vous-pouvez-obtenir-cet-ordinateur-portable-dell-latitude-economique-avec-microsoft-office-en-vente-pour-275-pour-le-black-friday\/\",\"name\":\"Vous pouvez obtenir cet ordinateur portable Dell Latitude \u00e9conomique avec Microsoft Office en vente pour 275 $ pour le Black Friday | Vie Associative\",\"isPartOf\":{\"@id\":\"https:\/\/vieassociative.be\/actualites\/#website\"},\"primaryImageOfPage\":{\"@id\":\"https:\/\/vieassociative.be\/actualites\/vous-pouvez-obtenir-cet-ordinateur-portable-dell-latitude-economique-avec-microsoft-office-en-vente-pour-275-pour-le-black-friday\/#primaryimage\"},\"image\":{\"@id\":\"https:\/\/vieassociative.be\/actualites\/vous-pouvez-obtenir-cet-ordinateur-portable-dell-latitude-economique-avec-microsoft-office-en-vente-pour-275-pour-le-black-friday\/#primaryimage\"},\"thumbnailUrl\":\"https:\/\/vieassociative.be\/actualites\/wp-content\/uploads\/2025\/11\/Vous-pouvez-obtenir-cet-ordinateur-portable-Dell-Latitude-economique-avec.png\",\"datePublished\":\"2025-11-25T07:19:03+00:00\",\"dateModified\":\"2025-11-25T07:19:03+00:00\",\"breadcrumb\":{\"@id\":\"https:\/\/vieassociative.be\/actualites\/vous-pouvez-obtenir-cet-ordinateur-portable-dell-latitude-economique-avec-microsoft-office-en-vente-pour-275-pour-le-black-friday\/#breadcrumb\"},\"inLanguage\":\"fr-BE\",\"potentialAction\":[{\"@type\":\"ReadAction\",\"target\":[\"https:\/\/vieassociative.be\/actualites\/vous-pouvez-obtenir-cet-ordinateur-portable-dell-latitude-economique-avec-microsoft-office-en-vente-pour-275-pour-le-black-friday\/\"]}]},{\"@type\":\"ImageObject\",\"inLanguage\":\"fr-BE\",\"@id\":\"https:\/\/vieassociative.be\/actualites\/vous-pouvez-obtenir-cet-ordinateur-portable-dell-latitude-economique-avec-microsoft-office-en-vente-pour-275-pour-le-black-friday\/#primaryimage\",\"url\":\"https:\/\/vieassociative.be\/actualites\/wp-content\/uploads\/2025\/11\/Vous-pouvez-obtenir-cet-ordinateur-portable-Dell-Latitude-economique-avec.png\",\"contentUrl\":\"https:\/\/vieassociative.be\/actualites\/wp-content\/uploads\/2025\/11\/Vous-pouvez-obtenir-cet-ordinateur-portable-Dell-Latitude-economique-avec.png\",\"width\":1200,\"height\":675,\"caption\":\"Vous pouvez obtenir cet ordinateur portable Dell Latitude \u00e9conomique avec Microsoft Office en vente pour 275 $ pour le Black Friday\"},{\"@type\":\"BreadcrumbList\",\"@id\":\"https:\/\/vieassociative.be\/actualites\/vous-pouvez-obtenir-cet-ordinateur-portable-dell-latitude-economique-avec-microsoft-office-en-vente-pour-275-pour-le-black-friday\/#breadcrumb\",\"itemListElement\":[{\"@type\":\"ListItem\",\"position\":1,\"name\":\"Accueil\",\"item\":\"https:\/\/vieassociative.be\/actualites\/\"},{\"@type\":\"ListItem\",\"position\":2,\"name\":\"Vous pouvez obtenir cet ordinateur portable Dell Latitude \u00e9conomique avec Microsoft Office en vente pour 275 $ pour le Black Friday\"}]},{\"@type\":\"WebSite\",\"@id\":\"https:\/\/vieassociative.be\/actualites\/#website\",\"url\":\"https:\/\/vieassociative.be\/actualites\/\",\"name\":\"Vie Associative\",\"description\":\"\",\"publisher\":{\"@id\":\"https:\/\/vieassociative.be\/actualites\/#organization\"},\"potentialAction\":[{\"@type\":\"SearchAction\",\"target\":{\"@type\":\"EntryPoint\",\"urlTemplate\":\"https:\/\/vieassociative.be\/actualites\/?s={search_term_string}\"},\"query-input\":{\"@type\":\"PropertyValueSpecification\",\"valueRequired\":true,\"valueName\":\"search_term_string\"}}],\"inLanguage\":\"fr-BE\"},{\"@type\":\"Organization\",\"@id\":\"https:\/\/vieassociative.be\/actualites\/#organization\",\"name\":\"Vie Associative\",\"url\":\"https:\/\/vieassociative.be\/actualites\/\",\"logo\":{\"@type\":\"ImageObject\",\"inLanguage\":\"fr-BE\",\"@id\":\"https:\/\/vieassociative.be\/actualites\/#\/schema\/logo\/image\/\",\"url\":\"https:\/\/vieassociative.be\/actualites\/wp-content\/uploads\/2024\/09\/cropped-vieassociative_favicon.ico.png\",\"contentUrl\":\"https:\/\/vieassociative.be\/actualites\/wp-content\/uploads\/2024\/09\/cropped-vieassociative_favicon.ico.png\",\"width\":512,\"height\":512,\"caption\":\"Vie Associative\"},\"image\":{\"@id\":\"https:\/\/vieassociative.be\/actualites\/#\/schema\/logo\/image\/\"}},{\"@type\":\"Person\",\"@id\":\"https:\/\/vieassociative.be\/actualites\/#\/schema\/person\/b87ac4f82f9d4e7b7cec7395b679edc4\",\"name\":\"Julien\",\"image\":{\"@type\":\"ImageObject\",\"inLanguage\":\"fr-BE\",\"@id\":\"https:\/\/vieassociative.be\/actualites\/#\/schema\/person\/image\/\",\"url\":\"https:\/\/vieassociative.be\/actualites\/wp-content\/uploads\/2024\/09\/vie-associative-1-150x150.jpg\",\"contentUrl\":\"https:\/\/vieassociative.be\/actualites\/wp-content\/uploads\/2024\/09\/vie-associative-1-150x150.jpg\",\"caption\":\"Julien\"},\"description\":\"Je suis Julien, r\u00e9dacteur pour Vie Associative. Passionn\u00e9 par le monde associatif depuis plus de 10 ans, j'ai \u00e0 c\u0153ur de partager des histoires inspirantes et de mettre en lumi\u00e8re les initiatives locales. Mon objectif est de sensibiliser et d'encourager l'engagement communautaire \u00e0 travers mes articles.\",\"sameAs\":[\"https:\/\/vieassociative.be\/\"]}]}<\/script>\n<!-- \/ Yoast SEO plugin. -->","yoast_head_json":{"title":"Vous pouvez obtenir cet ordinateur portable Dell Latitude \u00e9conomique avec Microsoft Office en vente pour 275 $ pour le Black Friday | Vie Associative","robots":{"index":"index","follow":"follow","max-snippet":"max-snippet:-1","max-image-preview":"max-image-preview:large","max-video-preview":"max-video-preview:-1"},"canonical":"https:\/\/vieassociative.be\/actualites\/vous-pouvez-obtenir-cet-ordinateur-portable-dell-latitude-economique-avec-microsoft-office-en-vente-pour-275-pour-le-black-friday\/","og_locale":"fr_FR","og_type":"article","og_title":"Vous pouvez obtenir cet ordinateur portable Dell Latitude \u00e9conomique avec Microsoft Office en vente pour 275 $ pour le Black Friday | Vie Associative","og_description":"L\u2019offre group\u00e9e offre une valeur pratique sans pr\u00e9tendre \u00eatre quelque chose de plus ambitieux. Les ventes du Black Friday commencent officiellement le vendredi 28 novembre","og_url":"https:\/\/vieassociative.be\/actualites\/vous-pouvez-obtenir-cet-ordinateur-portable-dell-latitude-economique-avec-microsoft-office-en-vente-pour-275-pour-le-black-friday\/","og_site_name":"Vie Associative","article_published_time":"2025-11-25T07:19:03+00:00","og_image":[{"width":279,"height":92,"url":"https:\/\/vieassociative.be\/actualites\/wp-content\/uploads\/2024\/09\/header_backgroundk-01-e1726694325946.png","type":"image\/png"}],"author":"Julien","twitter_card":"summary_large_image","twitter_misc":{"\u00c9crit par":"Julien","Dur\u00e9e de lecture est.":"5 minutes"},"schema":{"@context":"https:\/\/schema.org","@graph":[{"@type":"Article","@id":"https:\/\/vieassociative.be\/actualites\/vous-pouvez-obtenir-cet-ordinateur-portable-dell-latitude-economique-avec-microsoft-office-en-vente-pour-275-pour-le-black-friday\/#article","isPartOf":{"@id":"https:\/\/vieassociative.be\/actualites\/vous-pouvez-obtenir-cet-ordinateur-portable-dell-latitude-economique-avec-microsoft-office-en-vente-pour-275-pour-le-black-friday\/"},"author":{"name":"Julien","@id":"https:\/\/vieassociative.be\/actualites\/#\/schema\/person\/b87ac4f82f9d4e7b7cec7395b679edc4"},"headline":"Vous pouvez obtenir cet ordinateur portable Dell Latitude \u00e9conomique avec Microsoft Office en vente pour 275 $ pour le Black Friday","datePublished":"2025-11-25T07:19:03+00:00","dateModified":"2025-11-25T07:19:03+00:00","mainEntityOfPage":{"@id":"https:\/\/vieassociative.be\/actualites\/vous-pouvez-obtenir-cet-ordinateur-portable-dell-latitude-economique-avec-microsoft-office-en-vente-pour-275-pour-le-black-friday\/"},"wordCount":1071,"publisher":{"@id":"https:\/\/vieassociative.be\/actualites\/#organization"},"image":{"@id":"https:\/\/vieassociative.be\/actualites\/vous-pouvez-obtenir-cet-ordinateur-portable-dell-latitude-economique-avec-microsoft-office-en-vente-pour-275-pour-le-black-friday\/#primaryimage"},"thumbnailUrl":"https:\/\/vieassociative.be\/actualites\/wp-content\/uploads\/2025\/11\/Vous-pouvez-obtenir-cet-ordinateur-portable-Dell-Latitude-economique-avec.png","keywords":["avec","Black","cet","Dell","\u00e9conomique","Friday","Latitude","Microsoft","obtenir","Office","ordinateur","portable","pour","pouvez","vente","Vous"],"articleSection":["Technologie"],"inLanguage":"fr-BE"},{"@type":"WebPage","@id":"https:\/\/vieassociative.be\/actualites\/vous-pouvez-obtenir-cet-ordinateur-portable-dell-latitude-economique-avec-microsoft-office-en-vente-pour-275-pour-le-black-friday\/","url":"https:\/\/vieassociative.be\/actualites\/vous-pouvez-obtenir-cet-ordinateur-portable-dell-latitude-economique-avec-microsoft-office-en-vente-pour-275-pour-le-black-friday\/","name":"Vous pouvez obtenir cet ordinateur portable Dell Latitude \u00e9conomique avec Microsoft Office en vente pour 275 $ pour le Black Friday | Vie Associative","isPartOf":{"@id":"https:\/\/vieassociative.be\/actualites\/#website"},"primaryImageOfPage":{"@id":"https:\/\/vieassociative.be\/actualites\/vous-pouvez-obtenir-cet-ordinateur-portable-dell-latitude-economique-avec-microsoft-office-en-vente-pour-275-pour-le-black-friday\/#primaryimage"},"image":{"@id":"https:\/\/vieassociative.be\/actualites\/vous-pouvez-obtenir-cet-ordinateur-portable-dell-latitude-economique-avec-microsoft-office-en-vente-pour-275-pour-le-black-friday\/#primaryimage"},"thumbnailUrl":"https:\/\/vieassociative.be\/actualites\/wp-content\/uploads\/2025\/11\/Vous-pouvez-obtenir-cet-ordinateur-portable-Dell-Latitude-economique-avec.png","datePublished":"2025-11-25T07:19:03+00:00","dateModified":"2025-11-25T07:19:03+00:00","breadcrumb":{"@id":"https:\/\/vieassociative.be\/actualites\/vous-pouvez-obtenir-cet-ordinateur-portable-dell-latitude-economique-avec-microsoft-office-en-vente-pour-275-pour-le-black-friday\/#breadcrumb"},"inLanguage":"fr-BE","potentialAction":[{"@type":"ReadAction","target":["https:\/\/vieassociative.be\/actualites\/vous-pouvez-obtenir-cet-ordinateur-portable-dell-latitude-economique-avec-microsoft-office-en-vente-pour-275-pour-le-black-friday\/"]}]},{"@type":"ImageObject","inLanguage":"fr-BE","@id":"https:\/\/vieassociative.be\/actualites\/vous-pouvez-obtenir-cet-ordinateur-portable-dell-latitude-economique-avec-microsoft-office-en-vente-pour-275-pour-le-black-friday\/#primaryimage","url":"https:\/\/vieassociative.be\/actualites\/wp-content\/uploads\/2025\/11\/Vous-pouvez-obtenir-cet-ordinateur-portable-Dell-Latitude-economique-avec.png","contentUrl":"https:\/\/vieassociative.be\/actualites\/wp-content\/uploads\/2025\/11\/Vous-pouvez-obtenir-cet-ordinateur-portable-Dell-Latitude-economique-avec.png","width":1200,"height":675,"caption":"Vous pouvez obtenir cet ordinateur portable Dell Latitude \u00e9conomique avec Microsoft Office en vente pour 275 $ pour le Black Friday"},{"@type":"BreadcrumbList","@id":"https:\/\/vieassociative.be\/actualites\/vous-pouvez-obtenir-cet-ordinateur-portable-dell-latitude-economique-avec-microsoft-office-en-vente-pour-275-pour-le-black-friday\/#breadcrumb","itemListElement":[{"@type":"ListItem","position":1,"name":"Accueil","item":"https:\/\/vieassociative.be\/actualites\/"},{"@type":"ListItem","position":2,"name":"Vous pouvez obtenir cet ordinateur portable Dell Latitude \u00e9conomique avec Microsoft Office en vente pour 275 $ pour le Black Friday"}]},{"@type":"WebSite","@id":"https:\/\/vieassociative.be\/actualites\/#website","url":"https:\/\/vieassociative.be\/actualites\/","name":"Vie Associative","description":"","publisher":{"@id":"https:\/\/vieassociative.be\/actualites\/#organization"},"potentialAction":[{"@type":"SearchAction","target":{"@type":"EntryPoint","urlTemplate":"https:\/\/vieassociative.be\/actualites\/?s={search_term_string}"},"query-input":{"@type":"PropertyValueSpecification","valueRequired":true,"valueName":"search_term_string"}}],"inLanguage":"fr-BE"},{"@type":"Organization","@id":"https:\/\/vieassociative.be\/actualites\/#organization","name":"Vie Associative","url":"https:\/\/vieassociative.be\/actualites\/","logo":{"@type":"ImageObject","inLanguage":"fr-BE","@id":"https:\/\/vieassociative.be\/actualites\/#\/schema\/logo\/image\/","url":"https:\/\/vieassociative.be\/actualites\/wp-content\/uploads\/2024\/09\/cropped-vieassociative_favicon.ico.png","contentUrl":"https:\/\/vieassociative.be\/actualites\/wp-content\/uploads\/2024\/09\/cropped-vieassociative_favicon.ico.png","width":512,"height":512,"caption":"Vie Associative"},"image":{"@id":"https:\/\/vieassociative.be\/actualites\/#\/schema\/logo\/image\/"}},{"@type":"Person","@id":"https:\/\/vieassociative.be\/actualites\/#\/schema\/person\/b87ac4f82f9d4e7b7cec7395b679edc4","name":"Julien","image":{"@type":"ImageObject","inLanguage":"fr-BE","@id":"https:\/\/vieassociative.be\/actualites\/#\/schema\/person\/image\/","url":"https:\/\/vieassociative.be\/actualites\/wp-content\/uploads\/2024\/09\/vie-associative-1-150x150.jpg","contentUrl":"https:\/\/vieassociative.be\/actualites\/wp-content\/uploads\/2024\/09\/vie-associative-1-150x150.jpg","caption":"Julien"},"description":"Je suis Julien, r\u00e9dacteur pour Vie Associative. Passionn\u00e9 par le monde associatif depuis plus de 10 ans, j'ai \u00e0 c\u0153ur de partager des histoires inspirantes et de mettre en lumi\u00e8re les initiatives locales. Mon objectif est de sensibiliser et d'encourager l'engagement communautaire \u00e0 travers mes articles.","sameAs":["https:\/\/vieassociative.be\/"]}]}},"_links":{"self":[{"href":"https:\/\/vieassociative.be\/actualites\/wp-json\/wp\/v2\/posts\/11525"}],"collection":[{"href":"https:\/\/vieassociative.be\/actualites\/wp-json\/wp\/v2\/posts"}],"about":[{"href":"https:\/\/vieassociative.be\/actualites\/wp-json\/wp\/v2\/types\/post"}],"author":[{"embeddable":true,"href":"https:\/\/vieassociative.be\/actualites\/wp-json\/wp\/v2\/users\/1"}],"replies":[{"embeddable":true,"href":"https:\/\/vieassociative.be\/actualites\/wp-json\/wp\/v2\/comments?post=11525"}],"version-history":[{"count":0,"href":"https:\/\/vieassociative.be\/actualites\/wp-json\/wp\/v2\/posts\/11525\/revisions"}],"wp:featuredmedia":[{"embeddable":true,"href":"https:\/\/vieassociative.be\/actualites\/wp-json\/wp\/v2\/media\/11526"}],"wp:attachment":[{"href":"https:\/\/vieassociative.be\/actualites\/wp-json\/wp\/v2\/media?parent=11525"}],"wp:term":[{"taxonomy":"category","embeddable":true,"href":"https:\/\/vieassociative.be\/actualites\/wp-json\/wp\/v2\/categories?post=11525"},{"taxonomy":"post_tag","embeddable":true,"href":"https:\/\/vieassociative.be\/actualites\/wp-json\/wp\/v2\/tags?post=11525"}],"curies":[{"name":"wp","href":"https:\/\/api.w.org\/{rel}","templated":true}]}}